{"id":55749,"date":"2016-11-16T10:13:41","date_gmt":"2016-11-16T09:13:41","guid":{"rendered":"https:\/\/www.iemj.org\/cheikh-raymond-1912-1961\/"},"modified":"2021-07-15T16:55:55","modified_gmt":"2021-07-15T14:55:55","slug":"cheikh-raymond-1912-1961","status":"publish","type":"post","link":"https:\/\/www.iemj.org\/es\/cheikh-raymond-1912-1961\/","title":{"rendered":"Cheikh Raymond (1912-1961)"},"content":{"rendered":"<p>Maestro de la m\u00fasica \u00e1rabo-andaluza, Cheikh Raymond es un s\u00edmbolo de la fraternidad judeo-\u00e1rabe, que se exprimi\u00f3 en m\u00fasica entre los a\u00f1os 1930 y 1950. Su asesinato por el FNL en 1961 marc\u00f3 la salida masiva de la comunidad jud\u00eda de Constantina, y m\u00e1s globalmente argelina.<!--more--><\/p>\n<p>Raymond Leyris naci\u00f3 en 1912, de un padre jud\u00edo originario de Batna, situada en la regi\u00f3n del Aur\u00e9s, y de una madre francesa. Fue abandonado por su madre, tras la muerte de su padre en el frente de Somme, durante la Primera Guerra Mundial, y fue adoptado por una familia jud\u00eda practicante muy pobre.<\/p>\n<p>Atra\u00eddo por la m\u00fasica, se form\u00f3 al maluf con los Cheikhs Omar Chaklab y Abdelkrim Bestandji. El maluf es la forma de Constantina de la m\u00fasica erudita proviniendo de la tradici\u00f3n m\u00fasica \u00e1rabe-andaluza. Patrimonio com\u00fan a los musulmanes y a los jud\u00edos, el maluf celebra el amor cort\u00e9s y el impulso hacia Dios. En \u00c1frica del Norte y tambi\u00e9n en toda el aire \u00e1rabo-musulmana, esta m\u00fasica qued\u00f3 viva, pero sus estilos eruditos, del hecho de una transmisi\u00f3n esencialmente oral, han llevado a numerosas p\u00e9rdidas. Sus instrumentos son el la\u00fad, la c\u00edtara y el la\u00fad \u00e1rabe, la pandereta, la viola, y la flauta beduina, especifica de Constantina.<\/p>\n<p>Volviendo progresivamente el equivalente de sus maestros, Cheikh Raymond esta respectado tan por los jud\u00edos como por los musulmanes de Argelia, que le llaman en cuanto a la mitad de los a\u00f1os 1930 \u00abCheikh Raymond\u00bb en gesto de respecto.<\/p>\n<p>Int\u00e9rprete virtuoso de la\u00fad \u00e1rabe, se produjo durante fiestas familiares, jud\u00edas, o musulmanes, y durante conciertos; beneficio de una emisi\u00f3n semanal en la radio, y de una emisi\u00f3n regular en la televisi\u00f3n y grab\u00f3 una treintena de 33 rpm entre 1956 y 1961, ademas de numerosos 78 rpm. Entonces su orquesta cuenta con Nathan Bentari, Ha\u00efm Benbala, Larbi Belamri, Abdelhak, pero tambi\u00e9n la violoncelista Sylvain Ghrenassia y el hijo de este ultimo, Gaston, guitarrista, que se casara despu\u00e9s su hijo Suzy y se vuelve famoso bajo el nombre de <a href=\"https:\/\/www.iemj.org\/en\/macias-enrico-1938\/\">Enrico Macias<\/a>.<\/p>\n<p>Cheikh Raymond fue asesinado por una bala en la nuca, el 22 de junio de 1961, por el FLN, mientras que estaba haciendo la compra en el zoco de Constantina. Su muerta fue percibida por los 40.000 jud\u00edos de Constantina (casi la mitad de la poblaci\u00f3n de la ciudad) como una ruptura definitiva que firma la imposibilidad de quedar en Argelia.<\/p>\n<p>La m\u00fasica de Cheikh Raymond fue preservada gracias a la acci\u00f3n de su hijo Jacques Leyris, de Enrico Macias y del profesor Rapha\u00ebl Dra\u00ef (zal) qui\u00e9n, en los a\u00f1os 1970, es el primer a hacer revivir su memoria. El m\u00fasico y music\u00f3logo, Taoufik Bestandji, el nieto de Cheikh Abdelkrim Bestandji, ademas ha estudiado sus grabaciones conservadas por su padre.<\/p>\n<p>En 1999, Enrico Macias le rend\u00ed homenaje en escena, al Centro cultura argelina de Par\u00eds y la Primavera de Bourges, con un orquesta dirigido por Bestandji.<\/p>\n<p>En 2011, Bertrand Dicale publica una <a href=\"https:\/\/www.iemj.org\/cheikh-raymond-une-histoire-algerienne\/\">biograf\u00eda de Cheikh Raymond<\/a>, completada por una <a href=\"https:\/\/www.iemj.org\/en\/cheikh-raymond-anthology-original-records-1937-1961\/\">antolog\u00eda de sus piezas publicada por Universa<\/a>, la grabaci\u00f3n principal disponible hasta ahora siendo el concierto presentado en 1954 en la Universidad popular de Constantina, salido en 1994 en el Sello Al Sur.<\/p>\n<p>Fuentes:<br \/>\n<a href=\"http:\/\/www.constantine-hier-aujourdhui.fr\/LaCulture\/malouf.htm\" target=\"_blank\" rel=\"noopener\">www.constantine.free.fr\/LaCulture\/malouf.htm<\/a><br \/>\n<a href=\"https:\/\/fr.wikipedia.org\/wiki\/Cheikh_Raymond\">https:\/\/fr.wikipedia.org\/wiki\/Cheikh_Raymond<\/a><\/p>\n<p><a href=\"https:\/\/www.iemj.org\/en\/cheikh-raymond-the-art-of-constantine-malouf\/\">Escuchar la emisi\u00f3n radio: L&#8217;art du malouf constantinois (El arte de Maluf de Constantina), presentada por Herv\u00e9 Roten<\/a><\/p>\n<p><a href=\"https:\/\/www.iemj.org\/en\/la-musique-de-cheikh-raymond\/\">Escuchar la lista de reproducci\u00f3n: la musique de Cheikh Raymond &#8216;la m\u00fasica de Cheikh Raymond)<\/a><\/p>\n<p><a href=\"http:\/\/www.rachelnet.net\/F\/?func=find-c&amp;ccl_term=WRD+%3D+Cheikh+Raymond&amp;local_base=iemcg\">Consultar nuestros archivos sobre Cheikh Raymond<\/a><\/p>\n","protected":false},"excerpt":{"rendered":"<p>Maestro de la m\u00fasica \u00e1rabo-andaluza, Cheikh Raymond es un s\u00edmbolo de la fraternidad judeo-\u00e1rabe, que se exprimi\u00f3 en m\u00fasica entre los a\u00f1os 1930 y 1950. Su asesinato por el FNL<\/p>\n","protected":false},"author":1045,"featured_media":55750,"comment_status":"closed","ping_status":"open","sticky":false,"template":"","format":"standard","meta":{"_acf_changed":false,"footnotes":""},"categories":[1417],"tags":[],"technique":[],"squelettes":[],"sujet":[],"formation":[],"genre":[1915],"fonds":[],"tradition":[],"type-de-contenu":[],"interprete-compositeur":[3116],"frise":[],"type-devenement":[],"tableaux-liens-externes":[],"class_list":["post-55749","post","type-post","status-publish","format-standard","has-post-thumbnail","hentry","category-biografias-es","genre-oriental-es","interprete-compositeur-cheikh-raymond-es"],"acf":[],"yoast_head":"<!-- This site is optimized with the Yoast SEO plugin v27.3 - https:\/\/yoast.com\/product\/yoast-seo-wordpress\/ -->\n<title>Cheikh Raymond (1912-1961) - Institut Europ\u00e9en des Musiques Juives<\/title>\n<meta name=\"robots\" content=\"index, follow, max-snippet:-1, max-image-preview:large, max-video-preview:-1\" \/>\n<link rel=\"canonical\" href=\"https:\/\/www.iemj.org\/es\/cheikh-raymond-1912-1961\/\" \/>\n<meta property=\"og:locale\" content=\"es_ES\" \/>\n<meta property=\"og:type\" content=\"article\" \/>\n<meta property=\"og:title\" content=\"Cheikh Raymond (1912-1961) - Institut Europ\u00e9en des Musiques Juives\" \/>\n<meta property=\"og:description\" content=\"Maestro de la m\u00fasica \u00e1rabo-andaluza, Cheikh Raymond es un s\u00edmbolo de la fraternidad judeo-\u00e1rabe, que se exprimi\u00f3 en m\u00fasica entre los a\u00f1os 1930 y 1950. Su asesinato por el FNL\" \/>\n<meta property=\"og:url\" content=\"https:\/\/www.iemj.org\/es\/cheikh-raymond-1912-1961\/\" \/>\n<meta property=\"og:site_name\" content=\"Institut Europ\u00e9en des Musiques Juives\" \/>\n<meta property=\"article:publisher\" content=\"https:\/\/www.facebook.com\/MusiquesJuives\/\" \/>\n<meta property=\"article:published_time\" content=\"2016-11-16T09:13:41+00:00\" \/>\n<meta property=\"article:modified_time\" content=\"2021-07-15T14:55:55+00:00\" \/>\n<meta property=\"og:image\" content=\"https:\/\/www.iemj.org\/wp-content\/uploads\/2016\/11\/arton1936-e1617025179257.jpg\" \/>\n\t<meta property=\"og:image:width\" content=\"168\" \/>\n\t<meta property=\"og:image:height\" content=\"218\" \/>\n\t<meta property=\"og:image:type\" content=\"image\/jpeg\" \/>\n<meta name=\"author\" content=\"Herv\u00e9 Roten\" \/>\n<meta name=\"twitter:card\" content=\"summary_large_image\" \/>\n<meta name=\"twitter:label1\" content=\"Escrito por\" \/>\n\t<meta name=\"twitter:data1\" content=\"Herv\u00e9 Roten\" \/>\n\t<meta name=\"twitter:label2\" content=\"Tiempo de lectura\" \/>\n\t<meta name=\"twitter:data2\" content=\"3 minutos\" \/>\n<script type=\"application\/ld+json\" class=\"yoast-schema-graph\">{\"@context\":\"https:\\\/\\\/schema.org\",\"@graph\":[{\"@type\":\"Article\",\"@id\":\"https:\\\/\\\/www.iemj.org\\\/es\\\/cheikh-raymond-1912-1961\\\/#article\",\"isPartOf\":{\"@id\":\"https:\\\/\\\/www.iemj.org\\\/es\\\/cheikh-raymond-1912-1961\\\/\"},\"author\":{\"name\":\"Herv\u00e9 Roten\",\"@id\":\"https:\\\/\\\/www.iemj.org\\\/es\\\/#\\\/schema\\\/person\\\/906134402c29d5c76e7b726261dd4bbd\"},\"headline\":\"Cheikh Raymond (1912-1961)\",\"datePublished\":\"2016-11-16T09:13:41+00:00\",\"dateModified\":\"2021-07-15T14:55:55+00:00\",\"mainEntityOfPage\":{\"@id\":\"https:\\\/\\\/www.iemj.org\\\/es\\\/cheikh-raymond-1912-1961\\\/\"},\"wordCount\":622,\"publisher\":{\"@id\":\"https:\\\/\\\/www.iemj.org\\\/es\\\/#organization\"},\"image\":{\"@id\":\"https:\\\/\\\/www.iemj.org\\\/es\\\/cheikh-raymond-1912-1961\\\/#primaryimage\"},\"thumbnailUrl\":\"https:\\\/\\\/www.iemj.org\\\/wp-content\\\/uploads\\\/2016\\\/11\\\/arton1936-e1617025179257.jpg\",\"articleSection\":[\"Biograf\u00edas\"],\"inLanguage\":\"es\"},{\"@type\":\"WebPage\",\"@id\":\"https:\\\/\\\/www.iemj.org\\\/es\\\/cheikh-raymond-1912-1961\\\/\",\"url\":\"https:\\\/\\\/www.iemj.org\\\/es\\\/cheikh-raymond-1912-1961\\\/\",\"name\":\"Cheikh Raymond (1912-1961) - Institut Europ\u00e9en des Musiques Juives\",\"isPartOf\":{\"@id\":\"https:\\\/\\\/www.iemj.org\\\/es\\\/#website\"},\"primaryImageOfPage\":{\"@id\":\"https:\\\/\\\/www.iemj.org\\\/es\\\/cheikh-raymond-1912-1961\\\/#primaryimage\"},\"image\":{\"@id\":\"https:\\\/\\\/www.iemj.org\\\/es\\\/cheikh-raymond-1912-1961\\\/#primaryimage\"},\"thumbnailUrl\":\"https:\\\/\\\/www.iemj.org\\\/wp-content\\\/uploads\\\/2016\\\/11\\\/arton1936-e1617025179257.jpg\",\"datePublished\":\"2016-11-16T09:13:41+00:00\",\"dateModified\":\"2021-07-15T14:55:55+00:00\",\"breadcrumb\":{\"@id\":\"https:\\\/\\\/www.iemj.org\\\/es\\\/cheikh-raymond-1912-1961\\\/#breadcrumb\"},\"inLanguage\":\"es\",\"potentialAction\":[{\"@type\":\"ReadAction\",\"target\":[\"https:\\\/\\\/www.iemj.org\\\/es\\\/cheikh-raymond-1912-1961\\\/\"]}]},{\"@type\":\"ImageObject\",\"inLanguage\":\"es\",\"@id\":\"https:\\\/\\\/www.iemj.org\\\/es\\\/cheikh-raymond-1912-1961\\\/#primaryimage\",\"url\":\"https:\\\/\\\/www.iemj.org\\\/wp-content\\\/uploads\\\/2016\\\/11\\\/arton1936-e1617025179257.jpg\",\"contentUrl\":\"https:\\\/\\\/www.iemj.org\\\/wp-content\\\/uploads\\\/2016\\\/11\\\/arton1936-e1617025179257.jpg\",\"width\":168,\"height\":218},{\"@type\":\"BreadcrumbList\",\"@id\":\"https:\\\/\\\/www.iemj.org\\\/es\\\/cheikh-raymond-1912-1961\\\/#breadcrumb\",\"itemListElement\":[{\"@type\":\"ListItem\",\"position\":1,\"name\":\"Accueil\",\"item\":\"https:\\\/\\\/www.iemj.org\\\/es\\\/\"},{\"@type\":\"ListItem\",\"position\":2,\"name\":\"Cheikh Raymond (1912-1961)\"}]},{\"@type\":\"WebSite\",\"@id\":\"https:\\\/\\\/www.iemj.org\\\/es\\\/#website\",\"url\":\"https:\\\/\\\/www.iemj.org\\\/es\\\/\",\"name\":\"Institut Europ\u00e9en des Musiques Juives\",\"description\":\"Des traditions musicales \u00e0 la port\u00e9e de tous\",\"publisher\":{\"@id\":\"https:\\\/\\\/www.iemj.org\\\/es\\\/#organization\"},\"potentialAction\":[{\"@type\":\"SearchAction\",\"target\":{\"@type\":\"EntryPoint\",\"urlTemplate\":\"https:\\\/\\\/www.iemj.org\\\/es\\\/?s={search_term_string}\"},\"query-input\":{\"@type\":\"PropertyValueSpecification\",\"valueRequired\":true,\"valueName\":\"search_term_string\"}}],\"inLanguage\":\"es\"},{\"@type\":\"Organization\",\"@id\":\"https:\\\/\\\/www.iemj.org\\\/es\\\/#organization\",\"name\":\"Institut Europ\u00e9en des Musiques Juives\",\"url\":\"https:\\\/\\\/www.iemj.org\\\/es\\\/\",\"logo\":{\"@type\":\"ImageObject\",\"inLanguage\":\"es\",\"@id\":\"https:\\\/\\\/www.iemj.org\\\/es\\\/#\\\/schema\\\/logo\\\/image\\\/\",\"url\":\"https:\\\/\\\/www.iemj.org\\\/wp-content\\\/uploads\\\/2021\\\/09\\\/Logo-IEMJ-Paypal.jpg\",\"contentUrl\":\"https:\\\/\\\/www.iemj.org\\\/wp-content\\\/uploads\\\/2021\\\/09\\\/Logo-IEMJ-Paypal.jpg\",\"width\":150,\"height\":50,\"caption\":\"Institut Europ\u00e9en des Musiques Juives\"},\"image\":{\"@id\":\"https:\\\/\\\/www.iemj.org\\\/es\\\/#\\\/schema\\\/logo\\\/image\\\/\"},\"sameAs\":[\"https:\\\/\\\/www.facebook.com\\\/MusiquesJuives\\\/\",\"https:\\\/\\\/www.instagram.com\\\/musiquesjuives\\\/\",\"https:\\\/\\\/www.youtube.com\\\/user\\\/musiquesjuives\"]},{\"@type\":\"Person\",\"@id\":\"https:\\\/\\\/www.iemj.org\\\/es\\\/#\\\/schema\\\/person\\\/906134402c29d5c76e7b726261dd4bbd\",\"name\":\"Herv\u00e9 Roten\",\"image\":{\"@type\":\"ImageObject\",\"inLanguage\":\"es\",\"@id\":\"https:\\\/\\\/secure.gravatar.com\\\/avatar\\\/f96ad2db538a26481f18384936b5cd0610c92d390c4dc382209216d455f685ff?s=96&d=mm&r=g\",\"url\":\"https:\\\/\\\/secure.gravatar.com\\\/avatar\\\/f96ad2db538a26481f18384936b5cd0610c92d390c4dc382209216d455f685ff?s=96&d=mm&r=g\",\"contentUrl\":\"https:\\\/\\\/secure.gravatar.com\\\/avatar\\\/f96ad2db538a26481f18384936b5cd0610c92d390c4dc382209216d455f685ff?s=96&d=mm&r=g\",\"caption\":\"Herv\u00e9 Roten\"}}]}<\/script>\n<!-- \/ Yoast SEO plugin. -->","yoast_head_json":{"title":"Cheikh Raymond (1912-1961) - Institut Europ\u00e9en des Musiques Juives","robots":{"index":"index","follow":"follow","max-snippet":"max-snippet:-1","max-image-preview":"max-image-preview:large","max-video-preview":"max-video-preview:-1"},"canonical":"https:\/\/www.iemj.org\/es\/cheikh-raymond-1912-1961\/","og_locale":"es_ES","og_type":"article","og_title":"Cheikh Raymond (1912-1961) - Institut Europ\u00e9en des Musiques Juives","og_description":"Maestro de la m\u00fasica \u00e1rabo-andaluza, Cheikh Raymond es un s\u00edmbolo de la fraternidad judeo-\u00e1rabe, que se exprimi\u00f3 en m\u00fasica entre los a\u00f1os 1930 y 1950. Su asesinato por el FNL","og_url":"https:\/\/www.iemj.org\/es\/cheikh-raymond-1912-1961\/","og_site_name":"Institut Europ\u00e9en des Musiques Juives","article_publisher":"https:\/\/www.facebook.com\/MusiquesJuives\/","article_published_time":"2016-11-16T09:13:41+00:00","article_modified_time":"2021-07-15T14:55:55+00:00","og_image":[{"width":168,"height":218,"url":"https:\/\/www.iemj.org\/wp-content\/uploads\/2016\/11\/arton1936-e1617025179257.jpg","type":"image\/jpeg"}],"author":"Herv\u00e9 Roten","twitter_card":"summary_large_image","twitter_misc":{"Escrito por":"Herv\u00e9 Roten","Tiempo de lectura":"3 minutos"},"schema":{"@context":"https:\/\/schema.org","@graph":[{"@type":"Article","@id":"https:\/\/www.iemj.org\/es\/cheikh-raymond-1912-1961\/#article","isPartOf":{"@id":"https:\/\/www.iemj.org\/es\/cheikh-raymond-1912-1961\/"},"author":{"name":"Herv\u00e9 Roten","@id":"https:\/\/www.iemj.org\/es\/#\/schema\/person\/906134402c29d5c76e7b726261dd4bbd"},"headline":"Cheikh Raymond (1912-1961)","datePublished":"2016-11-16T09:13:41+00:00","dateModified":"2021-07-15T14:55:55+00:00","mainEntityOfPage":{"@id":"https:\/\/www.iemj.org\/es\/cheikh-raymond-1912-1961\/"},"wordCount":622,"publisher":{"@id":"https:\/\/www.iemj.org\/es\/#organization"},"image":{"@id":"https:\/\/www.iemj.org\/es\/cheikh-raymond-1912-1961\/#primaryimage"},"thumbnailUrl":"https:\/\/www.iemj.org\/wp-content\/uploads\/2016\/11\/arton1936-e1617025179257.jpg","articleSection":["Biograf\u00edas"],"inLanguage":"es"},{"@type":"WebPage","@id":"https:\/\/www.iemj.org\/es\/cheikh-raymond-1912-1961\/","url":"https:\/\/www.iemj.org\/es\/cheikh-raymond-1912-1961\/","name":"Cheikh Raymond (1912-1961) - Institut Europ\u00e9en des Musiques Juives","isPartOf":{"@id":"https:\/\/www.iemj.org\/es\/#website"},"primaryImageOfPage":{"@id":"https:\/\/www.iemj.org\/es\/cheikh-raymond-1912-1961\/#primaryimage"},"image":{"@id":"https:\/\/www.iemj.org\/es\/cheikh-raymond-1912-1961\/#primaryimage"},"thumbnailUrl":"https:\/\/www.iemj.org\/wp-content\/uploads\/2016\/11\/arton1936-e1617025179257.jpg","datePublished":"2016-11-16T09:13:41+00:00","dateModified":"2021-07-15T14:55:55+00:00","breadcrumb":{"@id":"https:\/\/www.iemj.org\/es\/cheikh-raymond-1912-1961\/#breadcrumb"},"inLanguage":"es","potentialAction":[{"@type":"ReadAction","target":["https:\/\/www.iemj.org\/es\/cheikh-raymond-1912-1961\/"]}]},{"@type":"ImageObject","inLanguage":"es","@id":"https:\/\/www.iemj.org\/es\/cheikh-raymond-1912-1961\/#primaryimage","url":"https:\/\/www.iemj.org\/wp-content\/uploads\/2016\/11\/arton1936-e1617025179257.jpg","contentUrl":"https:\/\/www.iemj.org\/wp-content\/uploads\/2016\/11\/arton1936-e1617025179257.jpg","width":168,"height":218},{"@type":"BreadcrumbList","@id":"https:\/\/www.iemj.org\/es\/cheikh-raymond-1912-1961\/#breadcrumb","itemListElement":[{"@type":"ListItem","position":1,"name":"Accueil","item":"https:\/\/www.iemj.org\/es\/"},{"@type":"ListItem","position":2,"name":"Cheikh Raymond (1912-1961)"}]},{"@type":"WebSite","@id":"https:\/\/www.iemj.org\/es\/#website","url":"https:\/\/www.iemj.org\/es\/","name":"Institut Europ\u00e9en des Musiques Juives","description":"Des traditions musicales \u00e0 la port\u00e9e de tous","publisher":{"@id":"https:\/\/www.iemj.org\/es\/#organization"},"potentialAction":[{"@type":"SearchAction","target":{"@type":"EntryPoint","urlTemplate":"https:\/\/www.iemj.org\/es\/?s={search_term_string}"},"query-input":{"@type":"PropertyValueSpecification","valueRequired":true,"valueName":"search_term_string"}}],"inLanguage":"es"},{"@type":"Organization","@id":"https:\/\/www.iemj.org\/es\/#organization","name":"Institut Europ\u00e9en des Musiques Juives","url":"https:\/\/www.iemj.org\/es\/","logo":{"@type":"ImageObject","inLanguage":"es","@id":"https:\/\/www.iemj.org\/es\/#\/schema\/logo\/image\/","url":"https:\/\/www.iemj.org\/wp-content\/uploads\/2021\/09\/Logo-IEMJ-Paypal.jpg","contentUrl":"https:\/\/www.iemj.org\/wp-content\/uploads\/2021\/09\/Logo-IEMJ-Paypal.jpg","width":150,"height":50,"caption":"Institut Europ\u00e9en des Musiques Juives"},"image":{"@id":"https:\/\/www.iemj.org\/es\/#\/schema\/logo\/image\/"},"sameAs":["https:\/\/www.facebook.com\/MusiquesJuives\/","https:\/\/www.instagram.com\/musiquesjuives\/","https:\/\/www.youtube.com\/user\/musiquesjuives"]},{"@type":"Person","@id":"https:\/\/www.iemj.org\/es\/#\/schema\/person\/906134402c29d5c76e7b726261dd4bbd","name":"Herv\u00e9 Roten","image":{"@type":"ImageObject","inLanguage":"es","@id":"https:\/\/secure.gravatar.com\/avatar\/f96ad2db538a26481f18384936b5cd0610c92d390c4dc382209216d455f685ff?s=96&d=mm&r=g","url":"https:\/\/secure.gravatar.com\/avatar\/f96ad2db538a26481f18384936b5cd0610c92d390c4dc382209216d455f685ff?s=96&d=mm&r=g","contentUrl":"https:\/\/secure.gravatar.com\/avatar\/f96ad2db538a26481f18384936b5cd0610c92d390c4dc382209216d455f685ff?s=96&d=mm&r=g","caption":"Herv\u00e9 Roten"}}]}},"_links":{"self":[{"href":"https:\/\/www.iemj.org\/es\/wp-json\/wp\/v2\/posts\/55749","targetHints":{"allow":["GET"]}}],"collection":[{"href":"https:\/\/www.iemj.org\/es\/wp-json\/wp\/v2\/posts"}],"about":[{"href":"https:\/\/www.iemj.org\/es\/wp-json\/wp\/v2\/types\/post"}],"author":[{"embeddable":true,"href":"https:\/\/www.iemj.org\/es\/wp-json\/wp\/v2\/users\/1045"}],"replies":[{"embeddable":true,"href":"https:\/\/www.iemj.org\/es\/wp-json\/wp\/v2\/comments?post=55749"}],"version-history":[{"count":0,"href":"https:\/\/www.iemj.org\/es\/wp-json\/wp\/v2\/posts\/55749\/revisions"}],"wp:featuredmedia":[{"embeddable":true,"href":"https:\/\/www.iemj.org\/es\/wp-json\/wp\/v2\/media\/55750"}],"wp:attachment":[{"href":"https:\/\/www.iemj.org\/es\/wp-json\/wp\/v2\/media?parent=55749"}],"wp:term":[{"taxonomy":"category","embeddable":true,"href":"https:\/\/www.iemj.org\/es\/wp-json\/wp\/v2\/categories?post=55749"},{"taxonomy":"post_tag","embeddable":true,"href":"https:\/\/www.iemj.org\/es\/wp-json\/wp\/v2\/tags?post=55749"},{"taxonomy":"technique","embeddable":true,"href":"https:\/\/www.iemj.org\/es\/wp-json\/wp\/v2\/technique?post=55749"},{"taxonomy":"squelettes","embeddable":true,"href":"https:\/\/www.iemj.org\/es\/wp-json\/wp\/v2\/squelettes?post=55749"},{"taxonomy":"sujet","embeddable":true,"href":"https:\/\/www.iemj.org\/es\/wp-json\/wp\/v2\/sujet?post=55749"},{"taxonomy":"formation","embeddable":true,"href":"https:\/\/www.iemj.org\/es\/wp-json\/wp\/v2\/formation?post=55749"},{"taxonomy":"genre","embeddable":true,"href":"https:\/\/www.iemj.org\/es\/wp-json\/wp\/v2\/genre?post=55749"},{"taxonomy":"fonds","embeddable":true,"href":"https:\/\/www.iemj.org\/es\/wp-json\/wp\/v2\/fonds?post=55749"},{"taxonomy":"tradition","embeddable":true,"href":"https:\/\/www.iemj.org\/es\/wp-json\/wp\/v2\/tradition?post=55749"},{"taxonomy":"type-de-contenu","embeddable":true,"href":"https:\/\/www.iemj.org\/es\/wp-json\/wp\/v2\/type-de-contenu?post=55749"},{"taxonomy":"interprete-compositeur","embeddable":true,"href":"https:\/\/www.iemj.org\/es\/wp-json\/wp\/v2\/interprete-compositeur?post=55749"},{"taxonomy":"frise","embeddable":true,"href":"https:\/\/www.iemj.org\/es\/wp-json\/wp\/v2\/frise?post=55749"},{"taxonomy":"type-devenement","embeddable":true,"href":"https:\/\/www.iemj.org\/es\/wp-json\/wp\/v2\/type-devenement?post=55749"},{"taxonomy":"tableaux-liens-externes","embeddable":true,"href":"https:\/\/www.iemj.org\/es\/wp-json\/wp\/v2\/tableaux-liens-externes?post=55749"}],"curies":[{"name":"wp","href":"https:\/\/api.w.org\/{rel}","templated":true}]}}