{"id":55866,"date":"2015-11-05T11:29:39","date_gmt":"2015-11-05T10:29:39","guid":{"rendered":"https:\/\/www.iemj.org\/hemsi-alberto-1898-1975\/"},"modified":"2025-02-25T15:53:38","modified_gmt":"2025-02-25T14:53:38","slug":"hemsi-alberto-1898-1975","status":"publish","type":"post","link":"https:\/\/www.iemj.org\/es\/hemsi-alberto-1898-1975\/","title":{"rendered":"Hemsi, Alberto (1896-1975)"},"content":{"rendered":"<p>Nacido el 23 de diciembre de 1896<span class=\"footnote_referrer\"><a role=\"button\" tabindex=\"0\" onclick=\"footnote_moveToReference_55866_1('footnote_plugin_reference_55866_1_1');\" onkeypress=\"footnote_moveToReference_55866_1('footnote_plugin_reference_55866_1_1');\" ><sup id=\"footnote_plugin_tooltip_55866_1_1\" class=\"footnote_plugin_tooltip_text\">[1]<\/sup><\/a><span id=\"footnote_plugin_tooltip_text_55866_1_1\" class=\"footnote_tooltip\">Existe cierta incertidumbre sobre la fecha exacta de su nacimiento. Seg\u00fan Ketty Menasce, una de sus hijas, la fecha que figura en su \u00faltimo pasaporte es la del 23 de diciembre de 1896.<\/span><\/span><script type=\"text\/javascript\"> jQuery('#footnote_plugin_tooltip_55866_1_1').tooltip({ tip: '#footnote_plugin_tooltip_text_55866_1_1', tipClass: 'footnote_tooltip', effect: 'fade', predelay: 0, fadeInSpeed: 200, delay: 400, fadeOutSpeed: 200, position: 'top center', relative: true, offset: [-7, 0], });<\/script> en Cassaba &#8211; localidad turca al este de Esmirna (Izmir) &#8211; de padres de nacionalidad italiana, Alberto Hemsi inici\u00f3 sus estudios en la escuela de la Alliance Isra\u00e9lite Universelle. En 1913, beneficiario de una beca, la Sociedad de M\u00fasica Israelita de Esmirna lo envi\u00f3 a Mil\u00e1n. Recibido en 1914 en el Real Conservatorio Superior de M\u00fasica de Mil\u00e1n, estudi\u00f3 s\u00f3lidamente con los grandes maestros de la \u00e9poca: piano con Andr\u00e9oli, armon\u00eda, contrapunto y composici\u00f3n con Bossi y Perinello, etc.<\/p>\n<p>Llamado a filas hacia el final de la Primera Guerra Mundial, ingres\u00f3 en la escuela militar y se convirti\u00f3 en oficial de infanter\u00eda. Gravemente herido en el brazo derecho, obtiene varias condecoraciones civiles y militares. Se convirti\u00f3 en capit\u00e1n al final de las hostilidades, dej\u00f3 el ej\u00e9rcito para dedicarse \u00fanicamente al piano y la composici\u00f3n.<\/p>\n<p><img fetchpriority=\"high\" decoding=\"async\" class=\" alignright size-full wp-image-8344\" src=\"https:\/\/www.iemj.org\/wp-content\/uploads\/2015\/11\/i_251__20_.jpg\" alt=\"i_251__20_.jpg\" width=\"195\" height=\"301\" align=\"right\" \/>En 1919, tras graduarse en instrumentaci\u00f3n, Hemsi decide regresar a su tierra natal. Su regreso es celebrado por su familia, al son de las melod\u00edas ancestrales cantadas por su abuela materna. Marcado por la belleza de las canciones que escucha, Hemsi se da cuenta de la necesidad de salvaguardar este patrimonio que se conserva \u00fanicamente por tradici\u00f3n oral.<\/p>\n<p>Entre 1920 y 1923, Alberto Hemsi ense\u00f1\u00f3 teor\u00eda, piano y canto coral en Esmirna. De 1924 a 1927 permaneci\u00f3 en Rodas y all\u00ed, al mismo tiempo que daba clases, realiz\u00f3 investigaciones etnogr\u00e1ficas y folkl\u00f3ricas, en particular con ancianas y <em>cantaderas<\/em>, esas cantantes semiprofesionales reconocidas por su hermosa voz, que las familias invitaban a cantar durante eventos especiales (bodas y otras celebraciones). Tambi\u00e9n fue en Rodas donde conoci\u00f3 a su esposa Miriam con quien se cas\u00f3 a finales de agosto de 1930 y que le dio tres hijas: Allegra, Juliette y Ketty.<\/p>\n<p><img decoding=\"async\" class=\" alignleft  wp-image-8346\" src=\"https:\/\/www.iemj.org\/wp-content\/uploads\/2015\/11\/i_43-33_.jpg\" alt=\"i_43-33_.jpg\" width=\"289\" height=\"210\" align=\"left\" \/>En 1928, la Comunidad Israelita de Alejandr\u00eda (Egipto) le ofreci\u00f3 el puesto de director musical del Templo Eliahu Hanav\u00ed. Profesor de m\u00fasica en las escuelas de la Comunidad, fund\u00f3 y dirigi\u00f3 una orquesta de instrumentos de viento. Tambi\u00e9n dio lecciones de armon\u00eda y composici\u00f3n en el Conservatorio G. Verdi de Alejandr\u00eda hasta 1940, y luego en el Conservatorio de M\u00fasica de Alejandr\u00eda de 1952 a 1957. Despu\u00e9s de la Guerra del Sina\u00ed, se traslad\u00f3 a Par\u00eds con su familia en 1957.<\/p>\n<p>Durante su carrera parisina, Hemsi fue director musical de dos sinagogas sefard\u00edes, Brith Shalom y Don Isaac Abravanel, y dio cursos de liturgia musical en el Seminario Jud\u00edo de Francia. Music\u00f3logo y gran trabajador de la causa del judeoespa\u00f1ol, present\u00f3 una serie de programas en espa\u00f1ol en la radio francesa para crear conciencia sobre el folklore judeoespa\u00f1ol. Poco antes de su muerte, en 1975, fue elegido corresponsal de la Real Academia de Bellas Artes de San Fernando de Madrid en reconocimiento a su labor en la m\u00fasica sefard\u00ed.<\/p>\n<p><span style=\"font-size: inherit;\"><img decoding=\"async\" class=\"size-full wp-image-55893 alignright\" src=\"https:\/\/www.iemj.org\/wp-content\/uploads\/2015\/11\/six-danses-turques-zeibek-pour-piano-alberto-hemsi_50_-1.jpg\" alt=\"\" width=\"199\" height=\"279\" \/>Poseedor de numerosos premios internacionales, reconocido m\u00fasico, Alberto Hemsi deja una importante obra musical\u00a0(54 obras), muchas de ellas in\u00e9ditas y de excepcional calidad: numerosas piezas para canto y piano (<\/span><em style=\"font-size: inherit;\">Kal nidre, Yom guila, Biblical Visions<\/em><span style=\"font-size: inherit;\">, etc.) , para coro (<\/span><em style=\"font-size: inherit;\">Seis coros en ladino, Cuatro piezas hebreas<\/em><span style=\"font-size: inherit;\">, etc.), para uno o dos pianos (<\/span><em style=\"font-size: inherit;\">Tres danzas egipcias, Tres danzas b\u00edblicas<\/em><span style=\"font-size: inherit;\">, etc.), para viol\u00edn, viola o violonchelo y piano (varias suites sefard\u00edes), adem\u00e1s de para diferentes conjuntos y orquesta sinf\u00f3nica (<\/span><em style=\"font-size: inherit;\">Bailes b\u00edblicos, Escena sinf\u00f3nica<\/em><span style=\"font-size: inherit;\">, etc.).<\/span><\/p>\n<p>Gran parte de su obra existe \u00fanicamente en forma de calcos o manuscritos, actualmente en poder del Instituto Europeo de M\u00fasica Jud\u00eda tras la donaci\u00f3n de sus archivos por parte de su viuda, la se\u00f1ora Myriam Capelutto Hemsi, el 5 de julio de 2004.<\/p>\n<ul>\n<li><a href=\"https:\/\/www.iemj.org\/en\/products-categories\/sheet-music-en\/composers-en\/hemsi-alberto-en-2\/\" target=\"_blank\" rel=\"noopener\">Encargar partituras de Alberto Hemsi en la tienda IEMJ<\/a><\/li>\n<li><a href=\"https:\/\/www.iemj.org\/en\/product\/alberto-hemsi-coplas-sefardies\/\" target=\"_blank\" rel=\"noopener\">Pida el CD Alberto Hemsi, <em>Coplas sefardies<\/em>, coll. Patrimonio musical de los jud\u00edos de Francia, Edici\u00f3n del IEMJ, 2004<\/a><\/li>\n<li><a href=\"https:\/\/www.iemj.org\/es\/alberto-hemsi-coplas-sefardies\/\" target=\"_blank\" rel=\"noopener\">Escuche extractos del CD Alberto Hemsi, Coplas sefard\u00edes<\/a><\/li>\n<li><a href=\"https:\/\/www.iemj.org\/es\/video-alberto-hemsi-un-compositeur-au-service-de-la-culture-sefarade\/\" target=\"_blank\" rel=\"noopener\">Ver la pel\u00edcula sobre Alberto Hemsi<\/a><\/li>\n<li><a href=\"https:\/\/www.youtube.com\/playlist?list=PLx_IKco0CteD3pmz8kaz9Jcz7Ge0kVHuw\" target=\"_blank\" rel=\"noopener\">Escuche la m\u00fasica de Alberto Hemsi en nuestro canal de YouTube<\/a><\/li>\n<li><a href=\"http:\/\/www.rachelnet.net\/F\/?func=find-c&amp;ccl_term=WRD+%3D+Hemsi+Alberto&amp;local_base=iemcg\" target=\"_blank\" rel=\"noopener\">Consulte nuestros archivos sobre Alberto Hemsi<\/a><\/li>\n<\/ul>\n\n\n<p><\/p>\n<div class=\"speaker-mute footnotes_reference_container\"> <div class=\"footnote_container_prepare\"><p><span role=\"button\" tabindex=\"0\" class=\"footnote_reference_container_label pointer\" onclick=\"footnote_expand_collapse_reference_container_55866_1();\">&#x202F;<\/span><span role=\"button\" tabindex=\"0\" class=\"footnote_reference_container_collapse_button\" style=\"display: none;\" onclick=\"footnote_expand_collapse_reference_container_55866_1();\">[<a id=\"footnote_reference_container_collapse_button_55866_1\">+<\/a>]<\/span><\/p><\/div> <div id=\"footnote_references_container_55866_1\" style=\"\"><table class=\"footnotes_table footnote-reference-container\"><caption class=\"accessibility\">References<\/caption> <tbody> \r\n\r\n<tr class=\"footnotes_plugin_reference_row\"> <th scope=\"row\" class=\"footnote_plugin_index_combi pointer\"  onclick=\"footnote_moveToAnchor_55866_1('footnote_plugin_tooltip_55866_1_1');\"><a id=\"footnote_plugin_reference_55866_1_1\" class=\"footnote_backlink\">1<\/a><\/th> <td class=\"footnote_plugin_text\">Existe cierta incertidumbre sobre la fecha exacta de su nacimiento. Seg\u00fan Ketty Menasce, una de sus hijas, la fecha que figura en su \u00faltimo pasaporte es la del 23 de diciembre de 1896.<\/td><\/tr>\r\n\r\n <\/tbody> <\/table> <\/div><\/div><script type=\"text\/javascript\"> function footnote_expand_reference_container_55866_1() { jQuery('#footnote_references_container_55866_1').show(); jQuery('#footnote_reference_container_collapse_button_55866_1').text('\u2212'); } function footnote_collapse_reference_container_55866_1() { jQuery('#footnote_references_container_55866_1').hide(); jQuery('#footnote_reference_container_collapse_button_55866_1').text('+'); } function footnote_expand_collapse_reference_container_55866_1() { if (jQuery('#footnote_references_container_55866_1').is(':hidden')) { footnote_expand_reference_container_55866_1(); } else { footnote_collapse_reference_container_55866_1(); } } function footnote_moveToReference_55866_1(p_str_TargetID) { footnote_expand_reference_container_55866_1(); var l_obj_Target = jQuery('#' + p_str_TargetID); if (l_obj_Target.length) { jQuery( 'html, body' ).delay( 0 ); jQuery('html, body').animate({ scrollTop: l_obj_Target.offset().top - window.innerHeight * 0.2 }, 380); } } function footnote_moveToAnchor_55866_1(p_str_TargetID) { footnote_expand_reference_container_55866_1(); var l_obj_Target = jQuery('#' + p_str_TargetID); if (l_obj_Target.length) { jQuery( 'html, body' ).delay( 0 ); jQuery('html, body').animate({ scrollTop: l_obj_Target.offset().top - window.innerHeight * 0.2 }, 380); } }<\/script>","protected":false},"excerpt":{"rendered":"<p>Nacido el 23 de diciembre de 1896[1]Existe cierta incertidumbre sobre la fecha exacta de su nacimiento. Seg\u00fan Ketty Menasce, una de sus hijas, la fecha que figura en su \u00faltimo<\/p>\n","protected":false},"author":1045,"featured_media":55867,"comment_status":"closed","ping_status":"open","sticky":false,"template":"","format":"standard","meta":{"_acf_changed":false,"footnotes":""},"categories":[1417],"tags":[],"technique":[],"squelettes":[],"sujet":[],"formation":[],"genre":[1889],"fonds":[],"tradition":[],"type-de-contenu":[],"interprete-compositeur":[3080],"frise":[],"type-devenement":[],"tableaux-liens-externes":[],"class_list":["post-55866","post","type-post","status-publish","format-standard","has-post-thumbnail","hentry","category-biografias-es","genre-judeo-espanol-es","interprete-compositeur-alberto-hemsi-es"],"acf":[],"yoast_head":"<!-- This site is optimized with the Yoast SEO plugin v27.3 - https:\/\/yoast.com\/product\/yoast-seo-wordpress\/ -->\n<title>Hemsi, Alberto (1896-1975) - Institut Europ\u00e9en des Musiques Juives<\/title>\n<meta name=\"robots\" content=\"index, follow, max-snippet:-1, max-image-preview:large, max-video-preview:-1\" \/>\n<link rel=\"canonical\" href=\"https:\/\/www.iemj.org\/es\/hemsi-alberto-1898-1975\/\" \/>\n<meta property=\"og:locale\" content=\"es_ES\" \/>\n<meta property=\"og:type\" content=\"article\" \/>\n<meta property=\"og:title\" content=\"Hemsi, Alberto (1896-1975) - Institut Europ\u00e9en des Musiques Juives\" \/>\n<meta property=\"og:description\" content=\"Nacido el 23 de diciembre de 1896[1]Existe cierta incertidumbre sobre la fecha exacta de su nacimiento. Seg\u00fan Ketty Menasce, una de sus hijas, la fecha que figura en su \u00faltimo\" \/>\n<meta property=\"og:url\" content=\"https:\/\/www.iemj.org\/es\/hemsi-alberto-1898-1975\/\" \/>\n<meta property=\"og:site_name\" content=\"Institut Europ\u00e9en des Musiques Juives\" \/>\n<meta property=\"article:publisher\" content=\"https:\/\/www.facebook.com\/MusiquesJuives\/\" \/>\n<meta property=\"article:published_time\" content=\"2015-11-05T10:29:39+00:00\" \/>\n<meta property=\"article:modified_time\" content=\"2025-02-25T14:53:38+00:00\" \/>\n<meta property=\"og:image\" content=\"https:\/\/www.iemj.org\/wp-content\/uploads\/2015\/11\/arton1245-e1617025893696.jpg\" \/>\n\t<meta property=\"og:image:width\" content=\"163\" \/>\n\t<meta property=\"og:image:height\" content=\"218\" \/>\n\t<meta property=\"og:image:type\" content=\"image\/jpeg\" \/>\n<meta name=\"author\" content=\"Herv\u00e9 Roten\" \/>\n<meta name=\"twitter:card\" content=\"summary_large_image\" \/>\n<meta name=\"twitter:label1\" content=\"Escrito por\" \/>\n\t<meta name=\"twitter:data1\" content=\"Herv\u00e9 Roten\" \/>\n\t<meta name=\"twitter:label2\" content=\"Tiempo de lectura\" \/>\n\t<meta name=\"twitter:data2\" content=\"5 minutos\" \/>\n<script type=\"application\/ld+json\" class=\"yoast-schema-graph\">{\"@context\":\"https:\\\/\\\/schema.org\",\"@graph\":[{\"@type\":\"Article\",\"@id\":\"https:\\\/\\\/www.iemj.org\\\/es\\\/hemsi-alberto-1898-1975\\\/#article\",\"isPartOf\":{\"@id\":\"https:\\\/\\\/www.iemj.org\\\/es\\\/hemsi-alberto-1898-1975\\\/\"},\"author\":{\"name\":\"Herv\u00e9 Roten\",\"@id\":\"https:\\\/\\\/www.iemj.org\\\/es\\\/#\\\/schema\\\/person\\\/906134402c29d5c76e7b726261dd4bbd\"},\"headline\":\"Hemsi, Alberto (1896-1975)\",\"datePublished\":\"2015-11-05T10:29:39+00:00\",\"dateModified\":\"2025-02-25T14:53:38+00:00\",\"mainEntityOfPage\":{\"@id\":\"https:\\\/\\\/www.iemj.org\\\/es\\\/hemsi-alberto-1898-1975\\\/\"},\"wordCount\":714,\"publisher\":{\"@id\":\"https:\\\/\\\/www.iemj.org\\\/es\\\/#organization\"},\"image\":{\"@id\":\"https:\\\/\\\/www.iemj.org\\\/es\\\/hemsi-alberto-1898-1975\\\/#primaryimage\"},\"thumbnailUrl\":\"https:\\\/\\\/www.iemj.org\\\/wp-content\\\/uploads\\\/2015\\\/11\\\/arton1245-e1617025893696.jpg\",\"articleSection\":[\"Biograf\u00edas\"],\"inLanguage\":\"es\"},{\"@type\":\"WebPage\",\"@id\":\"https:\\\/\\\/www.iemj.org\\\/es\\\/hemsi-alberto-1898-1975\\\/\",\"url\":\"https:\\\/\\\/www.iemj.org\\\/es\\\/hemsi-alberto-1898-1975\\\/\",\"name\":\"Hemsi, Alberto (1896-1975) - Institut Europ\u00e9en des Musiques Juives\",\"isPartOf\":{\"@id\":\"https:\\\/\\\/www.iemj.org\\\/es\\\/#website\"},\"primaryImageOfPage\":{\"@id\":\"https:\\\/\\\/www.iemj.org\\\/es\\\/hemsi-alberto-1898-1975\\\/#primaryimage\"},\"image\":{\"@id\":\"https:\\\/\\\/www.iemj.org\\\/es\\\/hemsi-alberto-1898-1975\\\/#primaryimage\"},\"thumbnailUrl\":\"https:\\\/\\\/www.iemj.org\\\/wp-content\\\/uploads\\\/2015\\\/11\\\/arton1245-e1617025893696.jpg\",\"datePublished\":\"2015-11-05T10:29:39+00:00\",\"dateModified\":\"2025-02-25T14:53:38+00:00\",\"breadcrumb\":{\"@id\":\"https:\\\/\\\/www.iemj.org\\\/es\\\/hemsi-alberto-1898-1975\\\/#breadcrumb\"},\"inLanguage\":\"es\",\"potentialAction\":[{\"@type\":\"ReadAction\",\"target\":[\"https:\\\/\\\/www.iemj.org\\\/es\\\/hemsi-alberto-1898-1975\\\/\"]}]},{\"@type\":\"ImageObject\",\"inLanguage\":\"es\",\"@id\":\"https:\\\/\\\/www.iemj.org\\\/es\\\/hemsi-alberto-1898-1975\\\/#primaryimage\",\"url\":\"https:\\\/\\\/www.iemj.org\\\/wp-content\\\/uploads\\\/2015\\\/11\\\/arton1245-e1617025893696.jpg\",\"contentUrl\":\"https:\\\/\\\/www.iemj.org\\\/wp-content\\\/uploads\\\/2015\\\/11\\\/arton1245-e1617025893696.jpg\",\"width\":163,\"height\":218},{\"@type\":\"BreadcrumbList\",\"@id\":\"https:\\\/\\\/www.iemj.org\\\/es\\\/hemsi-alberto-1898-1975\\\/#breadcrumb\",\"itemListElement\":[{\"@type\":\"ListItem\",\"position\":1,\"name\":\"Accueil\",\"item\":\"https:\\\/\\\/www.iemj.org\\\/es\\\/\"},{\"@type\":\"ListItem\",\"position\":2,\"name\":\"Hemsi, Alberto (1896-1975)\"}]},{\"@type\":\"WebSite\",\"@id\":\"https:\\\/\\\/www.iemj.org\\\/es\\\/#website\",\"url\":\"https:\\\/\\\/www.iemj.org\\\/es\\\/\",\"name\":\"Institut Europ\u00e9en des Musiques Juives\",\"description\":\"Des traditions musicales \u00e0 la port\u00e9e de tous\",\"publisher\":{\"@id\":\"https:\\\/\\\/www.iemj.org\\\/es\\\/#organization\"},\"potentialAction\":[{\"@type\":\"SearchAction\",\"target\":{\"@type\":\"EntryPoint\",\"urlTemplate\":\"https:\\\/\\\/www.iemj.org\\\/es\\\/?s={search_term_string}\"},\"query-input\":{\"@type\":\"PropertyValueSpecification\",\"valueRequired\":true,\"valueName\":\"search_term_string\"}}],\"inLanguage\":\"es\"},{\"@type\":\"Organization\",\"@id\":\"https:\\\/\\\/www.iemj.org\\\/es\\\/#organization\",\"name\":\"Institut Europ\u00e9en des Musiques Juives\",\"url\":\"https:\\\/\\\/www.iemj.org\\\/es\\\/\",\"logo\":{\"@type\":\"ImageObject\",\"inLanguage\":\"es\",\"@id\":\"https:\\\/\\\/www.iemj.org\\\/es\\\/#\\\/schema\\\/logo\\\/image\\\/\",\"url\":\"https:\\\/\\\/www.iemj.org\\\/wp-content\\\/uploads\\\/2021\\\/09\\\/Logo-IEMJ-Paypal.jpg\",\"contentUrl\":\"https:\\\/\\\/www.iemj.org\\\/wp-content\\\/uploads\\\/2021\\\/09\\\/Logo-IEMJ-Paypal.jpg\",\"width\":150,\"height\":50,\"caption\":\"Institut Europ\u00e9en des Musiques Juives\"},\"image\":{\"@id\":\"https:\\\/\\\/www.iemj.org\\\/es\\\/#\\\/schema\\\/logo\\\/image\\\/\"},\"sameAs\":[\"https:\\\/\\\/www.facebook.com\\\/MusiquesJuives\\\/\",\"https:\\\/\\\/www.instagram.com\\\/musiquesjuives\\\/\",\"https:\\\/\\\/www.youtube.com\\\/user\\\/musiquesjuives\"]},{\"@type\":\"Person\",\"@id\":\"https:\\\/\\\/www.iemj.org\\\/es\\\/#\\\/schema\\\/person\\\/906134402c29d5c76e7b726261dd4bbd\",\"name\":\"Herv\u00e9 Roten\",\"image\":{\"@type\":\"ImageObject\",\"inLanguage\":\"es\",\"@id\":\"https:\\\/\\\/secure.gravatar.com\\\/avatar\\\/f96ad2db538a26481f18384936b5cd0610c92d390c4dc382209216d455f685ff?s=96&d=mm&r=g\",\"url\":\"https:\\\/\\\/secure.gravatar.com\\\/avatar\\\/f96ad2db538a26481f18384936b5cd0610c92d390c4dc382209216d455f685ff?s=96&d=mm&r=g\",\"contentUrl\":\"https:\\\/\\\/secure.gravatar.com\\\/avatar\\\/f96ad2db538a26481f18384936b5cd0610c92d390c4dc382209216d455f685ff?s=96&d=mm&r=g\",\"caption\":\"Herv\u00e9 Roten\"}}]}<\/script>\n<!-- \/ Yoast SEO plugin. -->","yoast_head_json":{"title":"Hemsi, Alberto (1896-1975) - Institut Europ\u00e9en des Musiques Juives","robots":{"index":"index","follow":"follow","max-snippet":"max-snippet:-1","max-image-preview":"max-image-preview:large","max-video-preview":"max-video-preview:-1"},"canonical":"https:\/\/www.iemj.org\/es\/hemsi-alberto-1898-1975\/","og_locale":"es_ES","og_type":"article","og_title":"Hemsi, Alberto (1896-1975) - Institut Europ\u00e9en des Musiques Juives","og_description":"Nacido el 23 de diciembre de 1896[1]Existe cierta incertidumbre sobre la fecha exacta de su nacimiento. Seg\u00fan Ketty Menasce, una de sus hijas, la fecha que figura en su \u00faltimo","og_url":"https:\/\/www.iemj.org\/es\/hemsi-alberto-1898-1975\/","og_site_name":"Institut Europ\u00e9en des Musiques Juives","article_publisher":"https:\/\/www.facebook.com\/MusiquesJuives\/","article_published_time":"2015-11-05T10:29:39+00:00","article_modified_time":"2025-02-25T14:53:38+00:00","og_image":[{"width":163,"height":218,"url":"https:\/\/www.iemj.org\/wp-content\/uploads\/2015\/11\/arton1245-e1617025893696.jpg","type":"image\/jpeg"}],"author":"Herv\u00e9 Roten","twitter_card":"summary_large_image","twitter_misc":{"Escrito por":"Herv\u00e9 Roten","Tiempo de lectura":"5 minutos"},"schema":{"@context":"https:\/\/schema.org","@graph":[{"@type":"Article","@id":"https:\/\/www.iemj.org\/es\/hemsi-alberto-1898-1975\/#article","isPartOf":{"@id":"https:\/\/www.iemj.org\/es\/hemsi-alberto-1898-1975\/"},"author":{"name":"Herv\u00e9 Roten","@id":"https:\/\/www.iemj.org\/es\/#\/schema\/person\/906134402c29d5c76e7b726261dd4bbd"},"headline":"Hemsi, Alberto (1896-1975)","datePublished":"2015-11-05T10:29:39+00:00","dateModified":"2025-02-25T14:53:38+00:00","mainEntityOfPage":{"@id":"https:\/\/www.iemj.org\/es\/hemsi-alberto-1898-1975\/"},"wordCount":714,"publisher":{"@id":"https:\/\/www.iemj.org\/es\/#organization"},"image":{"@id":"https:\/\/www.iemj.org\/es\/hemsi-alberto-1898-1975\/#primaryimage"},"thumbnailUrl":"https:\/\/www.iemj.org\/wp-content\/uploads\/2015\/11\/arton1245-e1617025893696.jpg","articleSection":["Biograf\u00edas"],"inLanguage":"es"},{"@type":"WebPage","@id":"https:\/\/www.iemj.org\/es\/hemsi-alberto-1898-1975\/","url":"https:\/\/www.iemj.org\/es\/hemsi-alberto-1898-1975\/","name":"Hemsi, Alberto (1896-1975) - Institut Europ\u00e9en des Musiques Juives","isPartOf":{"@id":"https:\/\/www.iemj.org\/es\/#website"},"primaryImageOfPage":{"@id":"https:\/\/www.iemj.org\/es\/hemsi-alberto-1898-1975\/#primaryimage"},"image":{"@id":"https:\/\/www.iemj.org\/es\/hemsi-alberto-1898-1975\/#primaryimage"},"thumbnailUrl":"https:\/\/www.iemj.org\/wp-content\/uploads\/2015\/11\/arton1245-e1617025893696.jpg","datePublished":"2015-11-05T10:29:39+00:00","dateModified":"2025-02-25T14:53:38+00:00","breadcrumb":{"@id":"https:\/\/www.iemj.org\/es\/hemsi-alberto-1898-1975\/#breadcrumb"},"inLanguage":"es","potentialAction":[{"@type":"ReadAction","target":["https:\/\/www.iemj.org\/es\/hemsi-alberto-1898-1975\/"]}]},{"@type":"ImageObject","inLanguage":"es","@id":"https:\/\/www.iemj.org\/es\/hemsi-alberto-1898-1975\/#primaryimage","url":"https:\/\/www.iemj.org\/wp-content\/uploads\/2015\/11\/arton1245-e1617025893696.jpg","contentUrl":"https:\/\/www.iemj.org\/wp-content\/uploads\/2015\/11\/arton1245-e1617025893696.jpg","width":163,"height":218},{"@type":"BreadcrumbList","@id":"https:\/\/www.iemj.org\/es\/hemsi-alberto-1898-1975\/#breadcrumb","itemListElement":[{"@type":"ListItem","position":1,"name":"Accueil","item":"https:\/\/www.iemj.org\/es\/"},{"@type":"ListItem","position":2,"name":"Hemsi, Alberto (1896-1975)"}]},{"@type":"WebSite","@id":"https:\/\/www.iemj.org\/es\/#website","url":"https:\/\/www.iemj.org\/es\/","name":"Institut Europ\u00e9en des Musiques Juives","description":"Des traditions musicales \u00e0 la port\u00e9e de tous","publisher":{"@id":"https:\/\/www.iemj.org\/es\/#organization"},"potentialAction":[{"@type":"SearchAction","target":{"@type":"EntryPoint","urlTemplate":"https:\/\/www.iemj.org\/es\/?s={search_term_string}"},"query-input":{"@type":"PropertyValueSpecification","valueRequired":true,"valueName":"search_term_string"}}],"inLanguage":"es"},{"@type":"Organization","@id":"https:\/\/www.iemj.org\/es\/#organization","name":"Institut Europ\u00e9en des Musiques Juives","url":"https:\/\/www.iemj.org\/es\/","logo":{"@type":"ImageObject","inLanguage":"es","@id":"https:\/\/www.iemj.org\/es\/#\/schema\/logo\/image\/","url":"https:\/\/www.iemj.org\/wp-content\/uploads\/2021\/09\/Logo-IEMJ-Paypal.jpg","contentUrl":"https:\/\/www.iemj.org\/wp-content\/uploads\/2021\/09\/Logo-IEMJ-Paypal.jpg","width":150,"height":50,"caption":"Institut Europ\u00e9en des Musiques Juives"},"image":{"@id":"https:\/\/www.iemj.org\/es\/#\/schema\/logo\/image\/"},"sameAs":["https:\/\/www.facebook.com\/MusiquesJuives\/","https:\/\/www.instagram.com\/musiquesjuives\/","https:\/\/www.youtube.com\/user\/musiquesjuives"]},{"@type":"Person","@id":"https:\/\/www.iemj.org\/es\/#\/schema\/person\/906134402c29d5c76e7b726261dd4bbd","name":"Herv\u00e9 Roten","image":{"@type":"ImageObject","inLanguage":"es","@id":"https:\/\/secure.gravatar.com\/avatar\/f96ad2db538a26481f18384936b5cd0610c92d390c4dc382209216d455f685ff?s=96&d=mm&r=g","url":"https:\/\/secure.gravatar.com\/avatar\/f96ad2db538a26481f18384936b5cd0610c92d390c4dc382209216d455f685ff?s=96&d=mm&r=g","contentUrl":"https:\/\/secure.gravatar.com\/avatar\/f96ad2db538a26481f18384936b5cd0610c92d390c4dc382209216d455f685ff?s=96&d=mm&r=g","caption":"Herv\u00e9 Roten"}}]}},"_links":{"self":[{"href":"https:\/\/www.iemj.org\/es\/wp-json\/wp\/v2\/posts\/55866","targetHints":{"allow":["GET"]}}],"collection":[{"href":"https:\/\/www.iemj.org\/es\/wp-json\/wp\/v2\/posts"}],"about":[{"href":"https:\/\/www.iemj.org\/es\/wp-json\/wp\/v2\/types\/post"}],"author":[{"embeddable":true,"href":"https:\/\/www.iemj.org\/es\/wp-json\/wp\/v2\/users\/1045"}],"replies":[{"embeddable":true,"href":"https:\/\/www.iemj.org\/es\/wp-json\/wp\/v2\/comments?post=55866"}],"version-history":[{"count":0,"href":"https:\/\/www.iemj.org\/es\/wp-json\/wp\/v2\/posts\/55866\/revisions"}],"wp:featuredmedia":[{"embeddable":true,"href":"https:\/\/www.iemj.org\/es\/wp-json\/wp\/v2\/media\/55867"}],"wp:attachment":[{"href":"https:\/\/www.iemj.org\/es\/wp-json\/wp\/v2\/media?parent=55866"}],"wp:term":[{"taxonomy":"category","embeddable":true,"href":"https:\/\/www.iemj.org\/es\/wp-json\/wp\/v2\/categories?post=55866"},{"taxonomy":"post_tag","embeddable":true,"href":"https:\/\/www.iemj.org\/es\/wp-json\/wp\/v2\/tags?post=55866"},{"taxonomy":"technique","embeddable":true,"href":"https:\/\/www.iemj.org\/es\/wp-json\/wp\/v2\/technique?post=55866"},{"taxonomy":"squelettes","embeddable":true,"href":"https:\/\/www.iemj.org\/es\/wp-json\/wp\/v2\/squelettes?post=55866"},{"taxonomy":"sujet","embeddable":true,"href":"https:\/\/www.iemj.org\/es\/wp-json\/wp\/v2\/sujet?post=55866"},{"taxonomy":"formation","embeddable":true,"href":"https:\/\/www.iemj.org\/es\/wp-json\/wp\/v2\/formation?post=55866"},{"taxonomy":"genre","embeddable":true,"href":"https:\/\/www.iemj.org\/es\/wp-json\/wp\/v2\/genre?post=55866"},{"taxonomy":"fonds","embeddable":true,"href":"https:\/\/www.iemj.org\/es\/wp-json\/wp\/v2\/fonds?post=55866"},{"taxonomy":"tradition","embeddable":true,"href":"https:\/\/www.iemj.org\/es\/wp-json\/wp\/v2\/tradition?post=55866"},{"taxonomy":"type-de-contenu","embeddable":true,"href":"https:\/\/www.iemj.org\/es\/wp-json\/wp\/v2\/type-de-contenu?post=55866"},{"taxonomy":"interprete-compositeur","embeddable":true,"href":"https:\/\/www.iemj.org\/es\/wp-json\/wp\/v2\/interprete-compositeur?post=55866"},{"taxonomy":"frise","embeddable":true,"href":"https:\/\/www.iemj.org\/es\/wp-json\/wp\/v2\/frise?post=55866"},{"taxonomy":"type-devenement","embeddable":true,"href":"https:\/\/www.iemj.org\/es\/wp-json\/wp\/v2\/type-devenement?post=55866"},{"taxonomy":"tableaux-liens-externes","embeddable":true,"href":"https:\/\/www.iemj.org\/es\/wp-json\/wp\/v2\/tableaux-liens-externes?post=55866"}],"curies":[{"name":"wp","href":"https:\/\/api.w.org\/{rel}","templated":true}]}}