{"id":56453,"date":"2017-06-26T17:16:29","date_gmt":"2017-06-26T15:16:29","guid":{"rendered":"https:\/\/www.iemj.org\/tresors-du-cinema-yiddish\/"},"modified":"2021-07-20T16:21:38","modified_gmt":"2021-07-20T14:21:38","slug":"tresors-du-cinema-yiddish","status":"publish","type":"post","link":"https:\/\/www.iemj.org\/es\/tresors-du-cinema-yiddish\/","title":{"rendered":"Tr\u00e9sors du cin\u00e9ma yiddish [Tesoros del cine yiddish]"},"content":{"rendered":"<p>El \u00eddish es un idioma, una m\u00fasica, una melod\u00eda, una canci\u00f3n que ya casi no se escucha. El cine \u00eddish abarca como mucho un centenar de pel\u00edculas destinadas a un p\u00fablico jud\u00edo que viv\u00eda o era originario de Europa del Este, filmadas principalmente en Polonia, Rusia y Estados Unidos entre 1930 y 1950. Un mundo desaparecido y evaporado con sus espectadores hace m\u00e1s de medio siglo. Entre estas pel\u00edculas, hay cuatro t\u00edtulos emblem\u00e1ticos: <em>Mir Kumen On<\/em> [Llegamos] (1936), \u00a0<em>Dibuk <\/em>[El Dibuk] (1937), <em>Tevya the Milkman<\/em> [Tevya el lechero] (1939) y <em>Lang iz der weg<\/em> [Largo es el camino] (1949).<\/p>\n<p>Estas pel\u00edculas han sido restauradas para dar vida a las im\u00e1genes y volver a escuchar las palabras, los sonidos y los ambientes de un mundo que ha perdido su voz. En estos preciosos testimonios algunos reconocer\u00e1n im\u00e1genes de la infancia, v\u00ednculos con recuerdos que le han contado, estallidos de vida en los que sonr\u00eden quienes nunca los conocieron. Estas pel\u00edculas son un viaje en el tiempo, a menudo producidas con medios modestos y en condiciones terribles\u2026 pero ah\u00ed est\u00e1n. Sencillas. Sinceras. Cuatro grandes pel\u00edculas, algunos cortometrajes y risas infantiles. Simplemente, un peque\u00f1o momento de eternidad.<\/p>\n<hr \/>\n<p>\u2022 DVD 01 &#8211; MIR KUMEN ON<\/p>\n<p>Mientras miles de jud\u00edos est\u00e1n bajo el yugo de leyes antisemitas, el sanatorio Medem, ubicado a pocos kil\u00f3metros de Varsovia, ofrece a unos j\u00f3venes ni\u00f1os jud\u00edos amenazados por la pobreza y la enfermedad, un remanso de paz, ayuda mutua y educaci\u00f3n. Para prepararse para el futuro, para que los ni\u00f1os est\u00e9n listos para el ma\u00f1ana, <em>Mir Kumen On<\/em> es una canci\u00f3n de esperanza mucho m\u00e1s grande que los gritos de odio.<\/p>\n<p>\u2022 DVD 02 &amp; 03 DIBUK (versi\u00f3n larga y versi\u00f3n corta)<\/p>\n<p>El Dibuk, el esp\u00edritu de un hombre muerto que viene a habitar el cuerpo de un ser vivo, est\u00e1 en el coraz\u00f3n de la imposible historia de amor entre Lea y Jan\u00e1n. Sander y Nissan, sus padres, prometieron en su juventud que casar\u00edan entre s\u00ed a sus hijos cuando los tuvieran. Habi\u00e9ndose hecho rico, Sander ha olvidado su juramento y prefiere entregar a su hija a un buen partido antes que al hijo de Nissan del que est\u00e1 enamorada. Al enterarse de que Lea est\u00e1 prometida a otro, Jan\u00e9n muere y su esp\u00edritu viene a vivir en el cuerpo de su amada.<\/p>\n<p>\u2022 DVD 04 &#8211; TEVYA<\/p>\n<p>Estamos en Ucrania a principios del siglo XX. Tevye, un piadoso jud\u00edo amante de la tradici\u00f3n, tiene siete hijas, incluida Jave, cortejada por Feyda, hijo de un dignatario local de alto rango. \u00c9sta toma la decisi\u00f3n de distanciarse de la religi\u00f3n y casarse con quien ama, que no es jud\u00edo. M\u00e1s all\u00e1 de las advertencias innecesarias y los recordatorios del deber de casarse en la comunidad, es el mundo de Tevye el que desaparece y, a trav\u00e9s de \u00e9l, una identidad, hitos y el significado mismo de su existencia. Pero el antisemitismo va en aumento, y pronto la situaci\u00f3n de todos los jud\u00edos rusos se ve cuestionada&#8230;<\/p>\n<p>\u2022 DVD 05 &#8211; LANG IZ DER WEG<\/p>\n<p>A finales de la d\u00e9cada de 1930, el destino de una familia jud\u00eda polaca se ve arrasada por la tragedia hist\u00f3rica y el horror del Holocausto. Esta pel\u00edcula semi-documental nos sumerge en el coraz\u00f3n del desastre y sus secuelas, y nos hace revivir el dolor y la pesadilla donde solo una reconstrucci\u00f3n ficticia podr\u00eda restaurar tanta verdad.<\/p>\n<p><a href=\"https:\/\/shop.lobsterfilms.com\/en\/\" target=\"_blank\" rel=\"noopener\">Solicite la caja en el sitio web del editor<\/a><\/p>\n<p><a href=\"http:\/\/www.rachelnet.net\/F\/?func=find-c&amp;ccl_term=WTI+%3D+Tr%C3%A9sors+du+cin%C3%A9ma+yiddish&amp;local_base=iemcg\" target=\"_blank\" rel=\"noopener\">Consulte el archivo que incluye un resumen del folleto de 32 p\u00e1ginas del cat\u00e1logo en l\u00ednea de RACHEL<\/a><\/p>\n","protected":false},"excerpt":{"rendered":"<p>El \u00eddish es un idioma, una m\u00fasica, una melod\u00eda, una canci\u00f3n que ya casi no se escucha. El cine \u00eddish abarca como mucho un centenar de pel\u00edculas destinadas a un<\/p>\n","protected":false},"author":1048,"featured_media":56454,"comment_status":"closed","ping_status":"open","sticky":false,"template":"","format":"standard","meta":{"_acf_changed":false,"footnotes":""},"categories":[1575,1565],"tags":[],"technique":[],"squelettes":[],"sujet":[],"formation":[],"genre":[1863],"fonds":[],"tradition":[],"type-de-contenu":[],"interprete-compositeur":[],"frise":[],"type-devenement":[],"tableaux-liens-externes":[],"class_list":["post-56453","post","type-post","status-publish","format-standard","has-post-thumbnail","hentry","category-dvd-es","category-ultimas-adquisiciones-es","genre-yiddish-es"],"acf":[],"yoast_head":"<!-- This site is optimized with the Yoast SEO plugin v27.3 - https:\/\/yoast.com\/product\/yoast-seo-wordpress\/ -->\n<title>Tr\u00e9sors du cin\u00e9ma yiddish [Tesoros del cine yiddish] - Institut Europ\u00e9en des Musiques Juives<\/title>\n<meta name=\"robots\" content=\"index, follow, max-snippet:-1, max-image-preview:large, max-video-preview:-1\" \/>\n<link rel=\"canonical\" href=\"https:\/\/www.iemj.org\/es\/tresors-du-cinema-yiddish\/\" \/>\n<meta property=\"og:locale\" content=\"es_ES\" \/>\n<meta property=\"og:type\" content=\"article\" \/>\n<meta property=\"og:title\" content=\"Tr\u00e9sors du cin\u00e9ma yiddish [Tesoros del cine yiddish] - Institut Europ\u00e9en des Musiques Juives\" \/>\n<meta property=\"og:description\" content=\"El \u00eddish es un idioma, una m\u00fasica, una melod\u00eda, una canci\u00f3n que ya casi no se escucha. El cine \u00eddish abarca como mucho un centenar de pel\u00edculas destinadas a un\" \/>\n<meta property=\"og:url\" content=\"https:\/\/www.iemj.org\/es\/tresors-du-cinema-yiddish\/\" \/>\n<meta property=\"og:site_name\" content=\"Institut Europ\u00e9en des Musiques Juives\" \/>\n<meta property=\"article:publisher\" content=\"https:\/\/www.facebook.com\/MusiquesJuives\/\" \/>\n<meta property=\"article:published_time\" content=\"2017-06-26T15:16:29+00:00\" \/>\n<meta property=\"article:modified_time\" content=\"2021-07-20T14:21:38+00:00\" \/>\n<meta property=\"og:image\" content=\"https:\/\/www.iemj.org\/wp-content\/uploads\/2017\/06\/arton2364.jpg\" \/>\n\t<meta property=\"og:image:width\" content=\"293\" \/>\n\t<meta property=\"og:image:height\" content=\"400\" \/>\n\t<meta property=\"og:image:type\" content=\"image\/jpeg\" \/>\n<meta name=\"author\" content=\"Jean-Gabriel Davis\" \/>\n<meta name=\"twitter:card\" content=\"summary_large_image\" \/>\n<meta name=\"twitter:label1\" content=\"Escrito por\" \/>\n\t<meta name=\"twitter:data1\" content=\"Jean-Gabriel Davis\" \/>\n\t<meta name=\"twitter:label2\" content=\"Tiempo de lectura\" \/>\n\t<meta name=\"twitter:data2\" content=\"3 minutos\" \/>\n<script type=\"application\/ld+json\" class=\"yoast-schema-graph\">{\"@context\":\"https:\\\/\\\/schema.org\",\"@graph\":[{\"@type\":\"Article\",\"@id\":\"https:\\\/\\\/www.iemj.org\\\/es\\\/tresors-du-cinema-yiddish\\\/#article\",\"isPartOf\":{\"@id\":\"https:\\\/\\\/www.iemj.org\\\/es\\\/tresors-du-cinema-yiddish\\\/\"},\"author\":{\"name\":\"Jean-Gabriel Davis\",\"@id\":\"https:\\\/\\\/www.iemj.org\\\/es\\\/#\\\/schema\\\/person\\\/c9bc1c386a3749579a2d675e72a18666\"},\"headline\":\"Tr\u00e9sors du cin\u00e9ma yiddish [Tesoros del cine yiddish]\",\"datePublished\":\"2017-06-26T15:16:29+00:00\",\"dateModified\":\"2021-07-20T14:21:38+00:00\",\"mainEntityOfPage\":{\"@id\":\"https:\\\/\\\/www.iemj.org\\\/es\\\/tresors-du-cinema-yiddish\\\/\"},\"wordCount\":643,\"publisher\":{\"@id\":\"https:\\\/\\\/www.iemj.org\\\/es\\\/#organization\"},\"image\":{\"@id\":\"https:\\\/\\\/www.iemj.org\\\/es\\\/tresors-du-cinema-yiddish\\\/#primaryimage\"},\"thumbnailUrl\":\"https:\\\/\\\/www.iemj.org\\\/wp-content\\\/uploads\\\/2017\\\/06\\\/arton2364.jpg\",\"articleSection\":[\"DVD\",\"\u00daltimas adquisiciones\"],\"inLanguage\":\"es\"},{\"@type\":\"WebPage\",\"@id\":\"https:\\\/\\\/www.iemj.org\\\/es\\\/tresors-du-cinema-yiddish\\\/\",\"url\":\"https:\\\/\\\/www.iemj.org\\\/es\\\/tresors-du-cinema-yiddish\\\/\",\"name\":\"Tr\u00e9sors du cin\u00e9ma yiddish [Tesoros del cine yiddish] - Institut Europ\u00e9en des Musiques Juives\",\"isPartOf\":{\"@id\":\"https:\\\/\\\/www.iemj.org\\\/es\\\/#website\"},\"primaryImageOfPage\":{\"@id\":\"https:\\\/\\\/www.iemj.org\\\/es\\\/tresors-du-cinema-yiddish\\\/#primaryimage\"},\"image\":{\"@id\":\"https:\\\/\\\/www.iemj.org\\\/es\\\/tresors-du-cinema-yiddish\\\/#primaryimage\"},\"thumbnailUrl\":\"https:\\\/\\\/www.iemj.org\\\/wp-content\\\/uploads\\\/2017\\\/06\\\/arton2364.jpg\",\"datePublished\":\"2017-06-26T15:16:29+00:00\",\"dateModified\":\"2021-07-20T14:21:38+00:00\",\"breadcrumb\":{\"@id\":\"https:\\\/\\\/www.iemj.org\\\/es\\\/tresors-du-cinema-yiddish\\\/#breadcrumb\"},\"inLanguage\":\"es\",\"potentialAction\":[{\"@type\":\"ReadAction\",\"target\":[\"https:\\\/\\\/www.iemj.org\\\/es\\\/tresors-du-cinema-yiddish\\\/\"]}]},{\"@type\":\"ImageObject\",\"inLanguage\":\"es\",\"@id\":\"https:\\\/\\\/www.iemj.org\\\/es\\\/tresors-du-cinema-yiddish\\\/#primaryimage\",\"url\":\"https:\\\/\\\/www.iemj.org\\\/wp-content\\\/uploads\\\/2017\\\/06\\\/arton2364.jpg\",\"contentUrl\":\"https:\\\/\\\/www.iemj.org\\\/wp-content\\\/uploads\\\/2017\\\/06\\\/arton2364.jpg\",\"width\":293,\"height\":400},{\"@type\":\"BreadcrumbList\",\"@id\":\"https:\\\/\\\/www.iemj.org\\\/es\\\/tresors-du-cinema-yiddish\\\/#breadcrumb\",\"itemListElement\":[{\"@type\":\"ListItem\",\"position\":1,\"name\":\"Accueil\",\"item\":\"https:\\\/\\\/www.iemj.org\\\/es\\\/\"},{\"@type\":\"ListItem\",\"position\":2,\"name\":\"Tr\u00e9sors du cin\u00e9ma yiddish [Tesoros del cine yiddish]\"}]},{\"@type\":\"WebSite\",\"@id\":\"https:\\\/\\\/www.iemj.org\\\/es\\\/#website\",\"url\":\"https:\\\/\\\/www.iemj.org\\\/es\\\/\",\"name\":\"Institut Europ\u00e9en des Musiques Juives\",\"description\":\"Des traditions musicales \u00e0 la port\u00e9e de tous\",\"publisher\":{\"@id\":\"https:\\\/\\\/www.iemj.org\\\/es\\\/#organization\"},\"potentialAction\":[{\"@type\":\"SearchAction\",\"target\":{\"@type\":\"EntryPoint\",\"urlTemplate\":\"https:\\\/\\\/www.iemj.org\\\/es\\\/?s={search_term_string}\"},\"query-input\":{\"@type\":\"PropertyValueSpecification\",\"valueRequired\":true,\"valueName\":\"search_term_string\"}}],\"inLanguage\":\"es\"},{\"@type\":\"Organization\",\"@id\":\"https:\\\/\\\/www.iemj.org\\\/es\\\/#organization\",\"name\":\"Institut Europ\u00e9en des Musiques Juives\",\"url\":\"https:\\\/\\\/www.iemj.org\\\/es\\\/\",\"logo\":{\"@type\":\"ImageObject\",\"inLanguage\":\"es\",\"@id\":\"https:\\\/\\\/www.iemj.org\\\/es\\\/#\\\/schema\\\/logo\\\/image\\\/\",\"url\":\"https:\\\/\\\/www.iemj.org\\\/wp-content\\\/uploads\\\/2021\\\/09\\\/Logo-IEMJ-Paypal.jpg\",\"contentUrl\":\"https:\\\/\\\/www.iemj.org\\\/wp-content\\\/uploads\\\/2021\\\/09\\\/Logo-IEMJ-Paypal.jpg\",\"width\":150,\"height\":50,\"caption\":\"Institut Europ\u00e9en des Musiques Juives\"},\"image\":{\"@id\":\"https:\\\/\\\/www.iemj.org\\\/es\\\/#\\\/schema\\\/logo\\\/image\\\/\"},\"sameAs\":[\"https:\\\/\\\/www.facebook.com\\\/MusiquesJuives\\\/\",\"https:\\\/\\\/www.instagram.com\\\/musiquesjuives\\\/\",\"https:\\\/\\\/www.youtube.com\\\/user\\\/musiquesjuives\"]},{\"@type\":\"Person\",\"@id\":\"https:\\\/\\\/www.iemj.org\\\/es\\\/#\\\/schema\\\/person\\\/c9bc1c386a3749579a2d675e72a18666\",\"name\":\"Jean-Gabriel Davis\",\"image\":{\"@type\":\"ImageObject\",\"inLanguage\":\"es\",\"@id\":\"https:\\\/\\\/secure.gravatar.com\\\/avatar\\\/2b90d67bdf392c9b3a21fab87c0fa7edaf1fb3a058172a1ffd61033fcec7aec1?s=96&d=mm&r=g\",\"url\":\"https:\\\/\\\/secure.gravatar.com\\\/avatar\\\/2b90d67bdf392c9b3a21fab87c0fa7edaf1fb3a058172a1ffd61033fcec7aec1?s=96&d=mm&r=g\",\"contentUrl\":\"https:\\\/\\\/secure.gravatar.com\\\/avatar\\\/2b90d67bdf392c9b3a21fab87c0fa7edaf1fb3a058172a1ffd61033fcec7aec1?s=96&d=mm&r=g\",\"caption\":\"Jean-Gabriel Davis\"}}]}<\/script>\n<!-- \/ Yoast SEO plugin. -->","yoast_head_json":{"title":"Tr\u00e9sors du cin\u00e9ma yiddish [Tesoros del cine yiddish] - Institut Europ\u00e9en des Musiques Juives","robots":{"index":"index","follow":"follow","max-snippet":"max-snippet:-1","max-image-preview":"max-image-preview:large","max-video-preview":"max-video-preview:-1"},"canonical":"https:\/\/www.iemj.org\/es\/tresors-du-cinema-yiddish\/","og_locale":"es_ES","og_type":"article","og_title":"Tr\u00e9sors du cin\u00e9ma yiddish [Tesoros del cine yiddish] - Institut Europ\u00e9en des Musiques Juives","og_description":"El \u00eddish es un idioma, una m\u00fasica, una melod\u00eda, una canci\u00f3n que ya casi no se escucha. El cine \u00eddish abarca como mucho un centenar de pel\u00edculas destinadas a un","og_url":"https:\/\/www.iemj.org\/es\/tresors-du-cinema-yiddish\/","og_site_name":"Institut Europ\u00e9en des Musiques Juives","article_publisher":"https:\/\/www.facebook.com\/MusiquesJuives\/","article_published_time":"2017-06-26T15:16:29+00:00","article_modified_time":"2021-07-20T14:21:38+00:00","og_image":[{"width":293,"height":400,"url":"https:\/\/www.iemj.org\/wp-content\/uploads\/2017\/06\/arton2364.jpg","type":"image\/jpeg"}],"author":"Jean-Gabriel Davis","twitter_card":"summary_large_image","twitter_misc":{"Escrito por":"Jean-Gabriel Davis","Tiempo de lectura":"3 minutos"},"schema":{"@context":"https:\/\/schema.org","@graph":[{"@type":"Article","@id":"https:\/\/www.iemj.org\/es\/tresors-du-cinema-yiddish\/#article","isPartOf":{"@id":"https:\/\/www.iemj.org\/es\/tresors-du-cinema-yiddish\/"},"author":{"name":"Jean-Gabriel Davis","@id":"https:\/\/www.iemj.org\/es\/#\/schema\/person\/c9bc1c386a3749579a2d675e72a18666"},"headline":"Tr\u00e9sors du cin\u00e9ma yiddish [Tesoros del cine yiddish]","datePublished":"2017-06-26T15:16:29+00:00","dateModified":"2021-07-20T14:21:38+00:00","mainEntityOfPage":{"@id":"https:\/\/www.iemj.org\/es\/tresors-du-cinema-yiddish\/"},"wordCount":643,"publisher":{"@id":"https:\/\/www.iemj.org\/es\/#organization"},"image":{"@id":"https:\/\/www.iemj.org\/es\/tresors-du-cinema-yiddish\/#primaryimage"},"thumbnailUrl":"https:\/\/www.iemj.org\/wp-content\/uploads\/2017\/06\/arton2364.jpg","articleSection":["DVD","\u00daltimas adquisiciones"],"inLanguage":"es"},{"@type":"WebPage","@id":"https:\/\/www.iemj.org\/es\/tresors-du-cinema-yiddish\/","url":"https:\/\/www.iemj.org\/es\/tresors-du-cinema-yiddish\/","name":"Tr\u00e9sors du cin\u00e9ma yiddish [Tesoros del cine yiddish] - Institut Europ\u00e9en des Musiques Juives","isPartOf":{"@id":"https:\/\/www.iemj.org\/es\/#website"},"primaryImageOfPage":{"@id":"https:\/\/www.iemj.org\/es\/tresors-du-cinema-yiddish\/#primaryimage"},"image":{"@id":"https:\/\/www.iemj.org\/es\/tresors-du-cinema-yiddish\/#primaryimage"},"thumbnailUrl":"https:\/\/www.iemj.org\/wp-content\/uploads\/2017\/06\/arton2364.jpg","datePublished":"2017-06-26T15:16:29+00:00","dateModified":"2021-07-20T14:21:38+00:00","breadcrumb":{"@id":"https:\/\/www.iemj.org\/es\/tresors-du-cinema-yiddish\/#breadcrumb"},"inLanguage":"es","potentialAction":[{"@type":"ReadAction","target":["https:\/\/www.iemj.org\/es\/tresors-du-cinema-yiddish\/"]}]},{"@type":"ImageObject","inLanguage":"es","@id":"https:\/\/www.iemj.org\/es\/tresors-du-cinema-yiddish\/#primaryimage","url":"https:\/\/www.iemj.org\/wp-content\/uploads\/2017\/06\/arton2364.jpg","contentUrl":"https:\/\/www.iemj.org\/wp-content\/uploads\/2017\/06\/arton2364.jpg","width":293,"height":400},{"@type":"BreadcrumbList","@id":"https:\/\/www.iemj.org\/es\/tresors-du-cinema-yiddish\/#breadcrumb","itemListElement":[{"@type":"ListItem","position":1,"name":"Accueil","item":"https:\/\/www.iemj.org\/es\/"},{"@type":"ListItem","position":2,"name":"Tr\u00e9sors du cin\u00e9ma yiddish [Tesoros del cine yiddish]"}]},{"@type":"WebSite","@id":"https:\/\/www.iemj.org\/es\/#website","url":"https:\/\/www.iemj.org\/es\/","name":"Institut Europ\u00e9en des Musiques Juives","description":"Des traditions musicales \u00e0 la port\u00e9e de tous","publisher":{"@id":"https:\/\/www.iemj.org\/es\/#organization"},"potentialAction":[{"@type":"SearchAction","target":{"@type":"EntryPoint","urlTemplate":"https:\/\/www.iemj.org\/es\/?s={search_term_string}"},"query-input":{"@type":"PropertyValueSpecification","valueRequired":true,"valueName":"search_term_string"}}],"inLanguage":"es"},{"@type":"Organization","@id":"https:\/\/www.iemj.org\/es\/#organization","name":"Institut Europ\u00e9en des Musiques Juives","url":"https:\/\/www.iemj.org\/es\/","logo":{"@type":"ImageObject","inLanguage":"es","@id":"https:\/\/www.iemj.org\/es\/#\/schema\/logo\/image\/","url":"https:\/\/www.iemj.org\/wp-content\/uploads\/2021\/09\/Logo-IEMJ-Paypal.jpg","contentUrl":"https:\/\/www.iemj.org\/wp-content\/uploads\/2021\/09\/Logo-IEMJ-Paypal.jpg","width":150,"height":50,"caption":"Institut Europ\u00e9en des Musiques Juives"},"image":{"@id":"https:\/\/www.iemj.org\/es\/#\/schema\/logo\/image\/"},"sameAs":["https:\/\/www.facebook.com\/MusiquesJuives\/","https:\/\/www.instagram.com\/musiquesjuives\/","https:\/\/www.youtube.com\/user\/musiquesjuives"]},{"@type":"Person","@id":"https:\/\/www.iemj.org\/es\/#\/schema\/person\/c9bc1c386a3749579a2d675e72a18666","name":"Jean-Gabriel Davis","image":{"@type":"ImageObject","inLanguage":"es","@id":"https:\/\/secure.gravatar.com\/avatar\/2b90d67bdf392c9b3a21fab87c0fa7edaf1fb3a058172a1ffd61033fcec7aec1?s=96&d=mm&r=g","url":"https:\/\/secure.gravatar.com\/avatar\/2b90d67bdf392c9b3a21fab87c0fa7edaf1fb3a058172a1ffd61033fcec7aec1?s=96&d=mm&r=g","contentUrl":"https:\/\/secure.gravatar.com\/avatar\/2b90d67bdf392c9b3a21fab87c0fa7edaf1fb3a058172a1ffd61033fcec7aec1?s=96&d=mm&r=g","caption":"Jean-Gabriel Davis"}}]}},"_links":{"self":[{"href":"https:\/\/www.iemj.org\/es\/wp-json\/wp\/v2\/posts\/56453","targetHints":{"allow":["GET"]}}],"collection":[{"href":"https:\/\/www.iemj.org\/es\/wp-json\/wp\/v2\/posts"}],"about":[{"href":"https:\/\/www.iemj.org\/es\/wp-json\/wp\/v2\/types\/post"}],"author":[{"embeddable":true,"href":"https:\/\/www.iemj.org\/es\/wp-json\/wp\/v2\/users\/1048"}],"replies":[{"embeddable":true,"href":"https:\/\/www.iemj.org\/es\/wp-json\/wp\/v2\/comments?post=56453"}],"version-history":[{"count":0,"href":"https:\/\/www.iemj.org\/es\/wp-json\/wp\/v2\/posts\/56453\/revisions"}],"wp:featuredmedia":[{"embeddable":true,"href":"https:\/\/www.iemj.org\/es\/wp-json\/wp\/v2\/media\/56454"}],"wp:attachment":[{"href":"https:\/\/www.iemj.org\/es\/wp-json\/wp\/v2\/media?parent=56453"}],"wp:term":[{"taxonomy":"category","embeddable":true,"href":"https:\/\/www.iemj.org\/es\/wp-json\/wp\/v2\/categories?post=56453"},{"taxonomy":"post_tag","embeddable":true,"href":"https:\/\/www.iemj.org\/es\/wp-json\/wp\/v2\/tags?post=56453"},{"taxonomy":"technique","embeddable":true,"href":"https:\/\/www.iemj.org\/es\/wp-json\/wp\/v2\/technique?post=56453"},{"taxonomy":"squelettes","embeddable":true,"href":"https:\/\/www.iemj.org\/es\/wp-json\/wp\/v2\/squelettes?post=56453"},{"taxonomy":"sujet","embeddable":true,"href":"https:\/\/www.iemj.org\/es\/wp-json\/wp\/v2\/sujet?post=56453"},{"taxonomy":"formation","embeddable":true,"href":"https:\/\/www.iemj.org\/es\/wp-json\/wp\/v2\/formation?post=56453"},{"taxonomy":"genre","embeddable":true,"href":"https:\/\/www.iemj.org\/es\/wp-json\/wp\/v2\/genre?post=56453"},{"taxonomy":"fonds","embeddable":true,"href":"https:\/\/www.iemj.org\/es\/wp-json\/wp\/v2\/fonds?post=56453"},{"taxonomy":"tradition","embeddable":true,"href":"https:\/\/www.iemj.org\/es\/wp-json\/wp\/v2\/tradition?post=56453"},{"taxonomy":"type-de-contenu","embeddable":true,"href":"https:\/\/www.iemj.org\/es\/wp-json\/wp\/v2\/type-de-contenu?post=56453"},{"taxonomy":"interprete-compositeur","embeddable":true,"href":"https:\/\/www.iemj.org\/es\/wp-json\/wp\/v2\/interprete-compositeur?post=56453"},{"taxonomy":"frise","embeddable":true,"href":"https:\/\/www.iemj.org\/es\/wp-json\/wp\/v2\/frise?post=56453"},{"taxonomy":"type-devenement","embeddable":true,"href":"https:\/\/www.iemj.org\/es\/wp-json\/wp\/v2\/type-devenement?post=56453"},{"taxonomy":"tableaux-liens-externes","embeddable":true,"href":"https:\/\/www.iemj.org\/es\/wp-json\/wp\/v2\/tableaux-liens-externes?post=56453"}],"curies":[{"name":"wp","href":"https:\/\/api.w.org\/{rel}","templated":true}]}}