{"id":57096,"date":"2017-09-12T12:19:25","date_gmt":"2017-09-12T10:19:25","guid":{"rendered":"https:\/\/www.iemj.org\/the-undying-flame\/"},"modified":"2025-10-17T13:44:58","modified_gmt":"2025-10-17T11:44:58","slug":"the-undying-flame","status":"publish","type":"post","link":"https:\/\/www.iemj.org\/es\/the-undying-flame\/","title":{"rendered":"The Undying Flame"},"content":{"rendered":"<p><strong>Compilado por Jerry Silverman (Libro en ingl\u00e9s)<\/strong><\/p>\n<p><!--more--><\/p>\n<p>Tenemos aqu\u00ed una colecci\u00f3n de 110 canciones poco conocidas sobre el Holocausto: canciones de resistencia, desesperaci\u00f3n, rabia, esperanza y tambi\u00e9n humor, escritas durante la Segunda Guerra Mundial. La mera existencia de estas canciones plantea preguntas que nos acechan: \u00bfqui\u00e9n las compuso?, \u00bfqui\u00e9n las cant\u00f3?, \u00bfqui\u00e9n las escuch\u00f3? Las letras, acompa\u00f1ada de extensas notas hist\u00f3ricas y testimonios de supervivientes, nos dan muchas respuestas.<\/p>\n<p><span style=\"font-size: inherit;\">El music\u00f3logo <\/span><strong style=\"font-size: inherit;\">Jerry Silverman<\/strong><span style=\"font-size: inherit;\"> ha recopilado aqu\u00ed una gran colecci\u00f3n de canciones del Holocausto en 16 idiomas diferentes, que contextualiza hist\u00f3ricamente. Esta colecci\u00f3n incluye obras de prisioneros de campos de concentraci\u00f3n y<img fetchpriority=\"high\" decoding=\"async\" class=\"wp-image-15082 alignleft\" src=\"https:\/\/www.iemj.org\/wp-content\/uploads\/2017\/09\/p_4970_ex2.jpg\" alt=\"p_4970_ex2.jpg\" width=\"290\" height=\"402\" align=\"center\" srcset=\"https:\/\/www.iemj.org\/wp-content\/uploads\/2017\/09\/p_4970_ex2.jpg 505w, https:\/\/www.iemj.org\/wp-content\/uploads\/2017\/09\/p_4970_ex2-216x300.jpg 216w\" sizes=\"(max-width: 290px) 100vw, 290px\" \/> guetos, as\u00ed como m\u00fasica subversiva de cabarets, temas antifascistas inspirados en la Guerra Civil espa\u00f1ola, canciones del Ej\u00e9rcito Rojo y combatientes en la Resistencia.<\/span><\/p>\n<p>Esta colecci\u00f3n viene acompa\u00f1ada de un CD de 14 canciones que se pueden encontrar en partituras, cantadas por Jerry Silverman.<\/p>\n<p><strong>Jerry Silverman<\/strong> es music\u00f3logo, profesor, guitarrista, cantante y autor de varios libros, incluidos \u00abImmigrant Song Book\u00bb y \u00abSongs and Stories of the American Revolution\u00bb.<\/p>\n<p><a href=\"https:\/\/www.iemj.org\/wp-content\/uploads\/2017\/09\/p_4970_tm-2.pdf\" target=\"_blank\" rel=\"noopener\">\u00cdndice<\/a><\/p>\n<p><a href=\"http:\/\/www.syracuseuniversitypress.syr.edu\/2001\/undying-flame.html\" target=\"_blank\" rel=\"noopener\">Pida esta partitura<\/a><\/p>\n\n\n<figure class=\"wp-block-image size-large\"><img decoding=\"async\" width=\"1024\" height=\"133\" src=\"https:\/\/www.iemj.org\/wp-content\/uploads\/2024\/03\/AUDIO-PLAYER-1024x133.png\" alt=\"\" class=\"wp-image-110610\" srcset=\"https:\/\/www.iemj.org\/wp-content\/uploads\/2024\/03\/AUDIO-PLAYER-1024x133.png 1024w, https:\/\/www.iemj.org\/wp-content\/uploads\/2024\/03\/AUDIO-PLAYER-300x39.png 300w, https:\/\/www.iemj.org\/wp-content\/uploads\/2024\/03\/AUDIO-PLAYER-768x100.png 768w, https:\/\/www.iemj.org\/wp-content\/uploads\/2024\/03\/AUDIO-PLAYER-600x78.png 600w, https:\/\/www.iemj.org\/wp-content\/uploads\/2024\/03\/AUDIO-PLAYER.png 1210w\" sizes=\"(max-width: 1024px) 100vw, 1024px\" \/><\/figure>\n\n\n\n<div class=\"wp-block-file\"><a id=\"wp-block-file--media-195a6df8-18a2-4b3a-8425-5398304e6cb4\" href=\"https:\/\/www.iemj.org\/wp-content\/uploads\/2017\/09\/cd_879_01_ex.mp3\">Die Moorsoldaten (extrait)<\/a><\/div>\n\n\n\n<div class=\"wp-block-file\"><a id=\"wp-block-file--media-8dd9761a-7b14-48e6-a1bd-f24a4218c97f\" href=\"https:\/\/www.iemj.org\/wp-content\/uploads\/2017\/09\/cd_879_03_ex.mp3\">Venga Jaleo (extrait)<\/a><\/div>\n\n\n\n<div class=\"wp-block-file\"><a id=\"wp-block-file--media-24927df1-f67e-4f74-abe3-aec8e79b7b9c\" href=\"https:\/\/www.iemj.org\/wp-content\/uploads\/2017\/09\/cd_879_06_ex.mp3\">Lid fun Bug (extrait)<\/a><\/div>\n\n\n\n<div class=\"wp-block-file\"><a id=\"wp-block-file--media-f6773ecf-f0d9-4073-b24f-7629233ff4a8\" href=\"https:\/\/www.iemj.org\/wp-content\/uploads\/2017\/09\/cd_879_07_ex.mp3\">Oi, Tumany Moyi (extrait)<\/a><\/div>\n\n\n\n<div class=\"wp-block-file\"><a id=\"wp-block-file--media-fc258c1e-57d5-407a-9703-8c17af0af5be\" href=\"https:\/\/www.iemj.org\/wp-content\/uploads\/2017\/09\/cd_879_11_ex.mp3\">Mah Ko Mashma Lon? (extrait)<\/a><\/div>\n\n\n\n<div class=\"wp-block-file\"><a id=\"wp-block-file--media-c85fc715-62a4-4350-99a4-352163c194d8\" href=\"https:\/\/www.iemj.org\/wp-content\/uploads\/2017\/09\/cd_879_12_ex.mp3\">Scarpe Rotte (extrait)<\/a><\/div>\n","protected":false},"excerpt":{"rendered":"<p>Compilado por Jerry Silverman (Libro en ingl\u00e9s)<\/p>\n","protected":false},"author":1048,"featured_media":57097,"comment_status":"closed","ping_status":"closed","sticky":false,"template":"","format":"standard","meta":{"_acf_changed":false,"footnotes":""},"categories":[1583,1565],"tags":[],"technique":[],"squelettes":[],"sujet":[1803],"formation":[],"genre":[],"fonds":[],"tradition":[],"type-de-contenu":[],"interprete-compositeur":[],"frise":[],"type-devenement":[],"tableaux-liens-externes":[],"class_list":["post-57096","post","type-post","status-publish","format-standard","has-post-thumbnail","hentry","category-partituras-es-es","category-ultimas-adquisiciones-es","sujet-shoah-es"],"acf":[],"yoast_head":"<!-- This site is optimized with the Yoast SEO plugin v27.3 - https:\/\/yoast.com\/product\/yoast-seo-wordpress\/ -->\n<title>The Undying Flame - Institut Europ\u00e9en des Musiques Juives<\/title>\n<meta name=\"robots\" content=\"index, follow, max-snippet:-1, max-image-preview:large, max-video-preview:-1\" \/>\n<link rel=\"canonical\" href=\"https:\/\/www.iemj.org\/es\/the-undying-flame\/\" \/>\n<meta property=\"og:locale\" content=\"es_ES\" \/>\n<meta property=\"og:type\" content=\"article\" \/>\n<meta property=\"og:title\" content=\"The Undying Flame - Institut Europ\u00e9en des Musiques Juives\" \/>\n<meta property=\"og:description\" content=\"Compilado por Jerry Silverman (Libro en ingl\u00e9s)\" \/>\n<meta property=\"og:url\" content=\"https:\/\/www.iemj.org\/es\/the-undying-flame\/\" \/>\n<meta property=\"og:site_name\" content=\"Institut Europ\u00e9en des Musiques Juives\" \/>\n<meta property=\"article:publisher\" content=\"https:\/\/www.facebook.com\/MusiquesJuives\/\" \/>\n<meta property=\"article:published_time\" content=\"2017-09-12T10:19:25+00:00\" \/>\n<meta property=\"article:modified_time\" content=\"2025-10-17T11:44:58+00:00\" \/>\n<meta property=\"og:image\" content=\"https:\/\/www.iemj.org\/wp-content\/uploads\/2017\/09\/arton2448.jpg\" \/>\n\t<meta property=\"og:image:width\" content=\"301\" \/>\n\t<meta property=\"og:image:height\" content=\"400\" \/>\n\t<meta property=\"og:image:type\" content=\"image\/jpeg\" \/>\n<meta name=\"author\" content=\"Jean-Gabriel Davis\" \/>\n<meta name=\"twitter:card\" content=\"summary_large_image\" \/>\n<meta name=\"twitter:label1\" content=\"Escrito por\" \/>\n\t<meta name=\"twitter:data1\" content=\"Jean-Gabriel Davis\" \/>\n\t<meta name=\"twitter:label2\" content=\"Tiempo de lectura\" \/>\n\t<meta name=\"twitter:data2\" content=\"2 minutos\" \/>\n<script type=\"application\/ld+json\" class=\"yoast-schema-graph\">{\"@context\":\"https:\\\/\\\/schema.org\",\"@graph\":[{\"@type\":\"Article\",\"@id\":\"https:\\\/\\\/www.iemj.org\\\/es\\\/the-undying-flame\\\/#article\",\"isPartOf\":{\"@id\":\"https:\\\/\\\/www.iemj.org\\\/es\\\/the-undying-flame\\\/\"},\"author\":{\"name\":\"Jean-Gabriel Davis\",\"@id\":\"https:\\\/\\\/www.iemj.org\\\/es\\\/#\\\/schema\\\/person\\\/c9bc1c386a3749579a2d675e72a18666\"},\"headline\":\"The Undying Flame\",\"datePublished\":\"2017-09-12T10:19:25+00:00\",\"dateModified\":\"2025-10-17T11:44:58+00:00\",\"mainEntityOfPage\":{\"@id\":\"https:\\\/\\\/www.iemj.org\\\/es\\\/the-undying-flame\\\/\"},\"wordCount\":215,\"publisher\":{\"@id\":\"https:\\\/\\\/www.iemj.org\\\/es\\\/#organization\"},\"image\":{\"@id\":\"https:\\\/\\\/www.iemj.org\\\/es\\\/the-undying-flame\\\/#primaryimage\"},\"thumbnailUrl\":\"https:\\\/\\\/www.iemj.org\\\/wp-content\\\/uploads\\\/2017\\\/09\\\/arton2448.jpg\",\"articleSection\":[\"Partituras\",\"\u00daltimas adquisiciones\"],\"inLanguage\":\"es\"},{\"@type\":\"WebPage\",\"@id\":\"https:\\\/\\\/www.iemj.org\\\/es\\\/the-undying-flame\\\/\",\"url\":\"https:\\\/\\\/www.iemj.org\\\/es\\\/the-undying-flame\\\/\",\"name\":\"The Undying Flame - Institut Europ\u00e9en des Musiques Juives\",\"isPartOf\":{\"@id\":\"https:\\\/\\\/www.iemj.org\\\/es\\\/#website\"},\"primaryImageOfPage\":{\"@id\":\"https:\\\/\\\/www.iemj.org\\\/es\\\/the-undying-flame\\\/#primaryimage\"},\"image\":{\"@id\":\"https:\\\/\\\/www.iemj.org\\\/es\\\/the-undying-flame\\\/#primaryimage\"},\"thumbnailUrl\":\"https:\\\/\\\/www.iemj.org\\\/wp-content\\\/uploads\\\/2017\\\/09\\\/arton2448.jpg\",\"datePublished\":\"2017-09-12T10:19:25+00:00\",\"dateModified\":\"2025-10-17T11:44:58+00:00\",\"breadcrumb\":{\"@id\":\"https:\\\/\\\/www.iemj.org\\\/es\\\/the-undying-flame\\\/#breadcrumb\"},\"inLanguage\":\"es\",\"potentialAction\":[{\"@type\":\"ReadAction\",\"target\":[\"https:\\\/\\\/www.iemj.org\\\/es\\\/the-undying-flame\\\/\"]}]},{\"@type\":\"ImageObject\",\"inLanguage\":\"es\",\"@id\":\"https:\\\/\\\/www.iemj.org\\\/es\\\/the-undying-flame\\\/#primaryimage\",\"url\":\"https:\\\/\\\/www.iemj.org\\\/wp-content\\\/uploads\\\/2017\\\/09\\\/arton2448.jpg\",\"contentUrl\":\"https:\\\/\\\/www.iemj.org\\\/wp-content\\\/uploads\\\/2017\\\/09\\\/arton2448.jpg\",\"width\":301,\"height\":400},{\"@type\":\"BreadcrumbList\",\"@id\":\"https:\\\/\\\/www.iemj.org\\\/es\\\/the-undying-flame\\\/#breadcrumb\",\"itemListElement\":[{\"@type\":\"ListItem\",\"position\":1,\"name\":\"Accueil\",\"item\":\"https:\\\/\\\/www.iemj.org\\\/es\\\/\"},{\"@type\":\"ListItem\",\"position\":2,\"name\":\"The Undying Flame\"}]},{\"@type\":\"WebSite\",\"@id\":\"https:\\\/\\\/www.iemj.org\\\/es\\\/#website\",\"url\":\"https:\\\/\\\/www.iemj.org\\\/es\\\/\",\"name\":\"Institut Europ\u00e9en des Musiques Juives\",\"description\":\"Des traditions musicales \u00e0 la port\u00e9e de tous\",\"publisher\":{\"@id\":\"https:\\\/\\\/www.iemj.org\\\/es\\\/#organization\"},\"potentialAction\":[{\"@type\":\"SearchAction\",\"target\":{\"@type\":\"EntryPoint\",\"urlTemplate\":\"https:\\\/\\\/www.iemj.org\\\/es\\\/?s={search_term_string}\"},\"query-input\":{\"@type\":\"PropertyValueSpecification\",\"valueRequired\":true,\"valueName\":\"search_term_string\"}}],\"inLanguage\":\"es\"},{\"@type\":\"Organization\",\"@id\":\"https:\\\/\\\/www.iemj.org\\\/es\\\/#organization\",\"name\":\"Institut Europ\u00e9en des Musiques Juives\",\"url\":\"https:\\\/\\\/www.iemj.org\\\/es\\\/\",\"logo\":{\"@type\":\"ImageObject\",\"inLanguage\":\"es\",\"@id\":\"https:\\\/\\\/www.iemj.org\\\/es\\\/#\\\/schema\\\/logo\\\/image\\\/\",\"url\":\"https:\\\/\\\/www.iemj.org\\\/wp-content\\\/uploads\\\/2021\\\/09\\\/Logo-IEMJ-Paypal.jpg\",\"contentUrl\":\"https:\\\/\\\/www.iemj.org\\\/wp-content\\\/uploads\\\/2021\\\/09\\\/Logo-IEMJ-Paypal.jpg\",\"width\":150,\"height\":50,\"caption\":\"Institut Europ\u00e9en des Musiques Juives\"},\"image\":{\"@id\":\"https:\\\/\\\/www.iemj.org\\\/es\\\/#\\\/schema\\\/logo\\\/image\\\/\"},\"sameAs\":[\"https:\\\/\\\/www.facebook.com\\\/MusiquesJuives\\\/\",\"https:\\\/\\\/www.instagram.com\\\/musiquesjuives\\\/\",\"https:\\\/\\\/www.youtube.com\\\/user\\\/musiquesjuives\"]},{\"@type\":\"Person\",\"@id\":\"https:\\\/\\\/www.iemj.org\\\/es\\\/#\\\/schema\\\/person\\\/c9bc1c386a3749579a2d675e72a18666\",\"name\":\"Jean-Gabriel Davis\",\"image\":{\"@type\":\"ImageObject\",\"inLanguage\":\"es\",\"@id\":\"https:\\\/\\\/secure.gravatar.com\\\/avatar\\\/2b90d67bdf392c9b3a21fab87c0fa7edaf1fb3a058172a1ffd61033fcec7aec1?s=96&d=mm&r=g\",\"url\":\"https:\\\/\\\/secure.gravatar.com\\\/avatar\\\/2b90d67bdf392c9b3a21fab87c0fa7edaf1fb3a058172a1ffd61033fcec7aec1?s=96&d=mm&r=g\",\"contentUrl\":\"https:\\\/\\\/secure.gravatar.com\\\/avatar\\\/2b90d67bdf392c9b3a21fab87c0fa7edaf1fb3a058172a1ffd61033fcec7aec1?s=96&d=mm&r=g\",\"caption\":\"Jean-Gabriel Davis\"}}]}<\/script>\n<!-- \/ Yoast SEO plugin. -->","yoast_head_json":{"title":"The Undying Flame - Institut Europ\u00e9en des Musiques Juives","robots":{"index":"index","follow":"follow","max-snippet":"max-snippet:-1","max-image-preview":"max-image-preview:large","max-video-preview":"max-video-preview:-1"},"canonical":"https:\/\/www.iemj.org\/es\/the-undying-flame\/","og_locale":"es_ES","og_type":"article","og_title":"The Undying Flame - Institut Europ\u00e9en des Musiques Juives","og_description":"Compilado por Jerry Silverman (Libro en ingl\u00e9s)","og_url":"https:\/\/www.iemj.org\/es\/the-undying-flame\/","og_site_name":"Institut Europ\u00e9en des Musiques Juives","article_publisher":"https:\/\/www.facebook.com\/MusiquesJuives\/","article_published_time":"2017-09-12T10:19:25+00:00","article_modified_time":"2025-10-17T11:44:58+00:00","og_image":[{"width":301,"height":400,"url":"https:\/\/www.iemj.org\/wp-content\/uploads\/2017\/09\/arton2448.jpg","type":"image\/jpeg"}],"author":"Jean-Gabriel Davis","twitter_card":"summary_large_image","twitter_misc":{"Escrito por":"Jean-Gabriel Davis","Tiempo de lectura":"2 minutos"},"schema":{"@context":"https:\/\/schema.org","@graph":[{"@type":"Article","@id":"https:\/\/www.iemj.org\/es\/the-undying-flame\/#article","isPartOf":{"@id":"https:\/\/www.iemj.org\/es\/the-undying-flame\/"},"author":{"name":"Jean-Gabriel Davis","@id":"https:\/\/www.iemj.org\/es\/#\/schema\/person\/c9bc1c386a3749579a2d675e72a18666"},"headline":"The Undying Flame","datePublished":"2017-09-12T10:19:25+00:00","dateModified":"2025-10-17T11:44:58+00:00","mainEntityOfPage":{"@id":"https:\/\/www.iemj.org\/es\/the-undying-flame\/"},"wordCount":215,"publisher":{"@id":"https:\/\/www.iemj.org\/es\/#organization"},"image":{"@id":"https:\/\/www.iemj.org\/es\/the-undying-flame\/#primaryimage"},"thumbnailUrl":"https:\/\/www.iemj.org\/wp-content\/uploads\/2017\/09\/arton2448.jpg","articleSection":["Partituras","\u00daltimas adquisiciones"],"inLanguage":"es"},{"@type":"WebPage","@id":"https:\/\/www.iemj.org\/es\/the-undying-flame\/","url":"https:\/\/www.iemj.org\/es\/the-undying-flame\/","name":"The Undying Flame - Institut Europ\u00e9en des Musiques Juives","isPartOf":{"@id":"https:\/\/www.iemj.org\/es\/#website"},"primaryImageOfPage":{"@id":"https:\/\/www.iemj.org\/es\/the-undying-flame\/#primaryimage"},"image":{"@id":"https:\/\/www.iemj.org\/es\/the-undying-flame\/#primaryimage"},"thumbnailUrl":"https:\/\/www.iemj.org\/wp-content\/uploads\/2017\/09\/arton2448.jpg","datePublished":"2017-09-12T10:19:25+00:00","dateModified":"2025-10-17T11:44:58+00:00","breadcrumb":{"@id":"https:\/\/www.iemj.org\/es\/the-undying-flame\/#breadcrumb"},"inLanguage":"es","potentialAction":[{"@type":"ReadAction","target":["https:\/\/www.iemj.org\/es\/the-undying-flame\/"]}]},{"@type":"ImageObject","inLanguage":"es","@id":"https:\/\/www.iemj.org\/es\/the-undying-flame\/#primaryimage","url":"https:\/\/www.iemj.org\/wp-content\/uploads\/2017\/09\/arton2448.jpg","contentUrl":"https:\/\/www.iemj.org\/wp-content\/uploads\/2017\/09\/arton2448.jpg","width":301,"height":400},{"@type":"BreadcrumbList","@id":"https:\/\/www.iemj.org\/es\/the-undying-flame\/#breadcrumb","itemListElement":[{"@type":"ListItem","position":1,"name":"Accueil","item":"https:\/\/www.iemj.org\/es\/"},{"@type":"ListItem","position":2,"name":"The Undying Flame"}]},{"@type":"WebSite","@id":"https:\/\/www.iemj.org\/es\/#website","url":"https:\/\/www.iemj.org\/es\/","name":"Institut Europ\u00e9en des Musiques Juives","description":"Des traditions musicales \u00e0 la port\u00e9e de tous","publisher":{"@id":"https:\/\/www.iemj.org\/es\/#organization"},"potentialAction":[{"@type":"SearchAction","target":{"@type":"EntryPoint","urlTemplate":"https:\/\/www.iemj.org\/es\/?s={search_term_string}"},"query-input":{"@type":"PropertyValueSpecification","valueRequired":true,"valueName":"search_term_string"}}],"inLanguage":"es"},{"@type":"Organization","@id":"https:\/\/www.iemj.org\/es\/#organization","name":"Institut Europ\u00e9en des Musiques Juives","url":"https:\/\/www.iemj.org\/es\/","logo":{"@type":"ImageObject","inLanguage":"es","@id":"https:\/\/www.iemj.org\/es\/#\/schema\/logo\/image\/","url":"https:\/\/www.iemj.org\/wp-content\/uploads\/2021\/09\/Logo-IEMJ-Paypal.jpg","contentUrl":"https:\/\/www.iemj.org\/wp-content\/uploads\/2021\/09\/Logo-IEMJ-Paypal.jpg","width":150,"height":50,"caption":"Institut Europ\u00e9en des Musiques Juives"},"image":{"@id":"https:\/\/www.iemj.org\/es\/#\/schema\/logo\/image\/"},"sameAs":["https:\/\/www.facebook.com\/MusiquesJuives\/","https:\/\/www.instagram.com\/musiquesjuives\/","https:\/\/www.youtube.com\/user\/musiquesjuives"]},{"@type":"Person","@id":"https:\/\/www.iemj.org\/es\/#\/schema\/person\/c9bc1c386a3749579a2d675e72a18666","name":"Jean-Gabriel Davis","image":{"@type":"ImageObject","inLanguage":"es","@id":"https:\/\/secure.gravatar.com\/avatar\/2b90d67bdf392c9b3a21fab87c0fa7edaf1fb3a058172a1ffd61033fcec7aec1?s=96&d=mm&r=g","url":"https:\/\/secure.gravatar.com\/avatar\/2b90d67bdf392c9b3a21fab87c0fa7edaf1fb3a058172a1ffd61033fcec7aec1?s=96&d=mm&r=g","contentUrl":"https:\/\/secure.gravatar.com\/avatar\/2b90d67bdf392c9b3a21fab87c0fa7edaf1fb3a058172a1ffd61033fcec7aec1?s=96&d=mm&r=g","caption":"Jean-Gabriel Davis"}}]}},"_links":{"self":[{"href":"https:\/\/www.iemj.org\/es\/wp-json\/wp\/v2\/posts\/57096","targetHints":{"allow":["GET"]}}],"collection":[{"href":"https:\/\/www.iemj.org\/es\/wp-json\/wp\/v2\/posts"}],"about":[{"href":"https:\/\/www.iemj.org\/es\/wp-json\/wp\/v2\/types\/post"}],"author":[{"embeddable":true,"href":"https:\/\/www.iemj.org\/es\/wp-json\/wp\/v2\/users\/1048"}],"replies":[{"embeddable":true,"href":"https:\/\/www.iemj.org\/es\/wp-json\/wp\/v2\/comments?post=57096"}],"version-history":[{"count":1,"href":"https:\/\/www.iemj.org\/es\/wp-json\/wp\/v2\/posts\/57096\/revisions"}],"predecessor-version":[{"id":127113,"href":"https:\/\/www.iemj.org\/es\/wp-json\/wp\/v2\/posts\/57096\/revisions\/127113"}],"wp:featuredmedia":[{"embeddable":true,"href":"https:\/\/www.iemj.org\/es\/wp-json\/wp\/v2\/media\/57097"}],"wp:attachment":[{"href":"https:\/\/www.iemj.org\/es\/wp-json\/wp\/v2\/media?parent=57096"}],"wp:term":[{"taxonomy":"category","embeddable":true,"href":"https:\/\/www.iemj.org\/es\/wp-json\/wp\/v2\/categories?post=57096"},{"taxonomy":"post_tag","embeddable":true,"href":"https:\/\/www.iemj.org\/es\/wp-json\/wp\/v2\/tags?post=57096"},{"taxonomy":"technique","embeddable":true,"href":"https:\/\/www.iemj.org\/es\/wp-json\/wp\/v2\/technique?post=57096"},{"taxonomy":"squelettes","embeddable":true,"href":"https:\/\/www.iemj.org\/es\/wp-json\/wp\/v2\/squelettes?post=57096"},{"taxonomy":"sujet","embeddable":true,"href":"https:\/\/www.iemj.org\/es\/wp-json\/wp\/v2\/sujet?post=57096"},{"taxonomy":"formation","embeddable":true,"href":"https:\/\/www.iemj.org\/es\/wp-json\/wp\/v2\/formation?post=57096"},{"taxonomy":"genre","embeddable":true,"href":"https:\/\/www.iemj.org\/es\/wp-json\/wp\/v2\/genre?post=57096"},{"taxonomy":"fonds","embeddable":true,"href":"https:\/\/www.iemj.org\/es\/wp-json\/wp\/v2\/fonds?post=57096"},{"taxonomy":"tradition","embeddable":true,"href":"https:\/\/www.iemj.org\/es\/wp-json\/wp\/v2\/tradition?post=57096"},{"taxonomy":"type-de-contenu","embeddable":true,"href":"https:\/\/www.iemj.org\/es\/wp-json\/wp\/v2\/type-de-contenu?post=57096"},{"taxonomy":"interprete-compositeur","embeddable":true,"href":"https:\/\/www.iemj.org\/es\/wp-json\/wp\/v2\/interprete-compositeur?post=57096"},{"taxonomy":"frise","embeddable":true,"href":"https:\/\/www.iemj.org\/es\/wp-json\/wp\/v2\/frise?post=57096"},{"taxonomy":"type-devenement","embeddable":true,"href":"https:\/\/www.iemj.org\/es\/wp-json\/wp\/v2\/type-devenement?post=57096"},{"taxonomy":"tableaux-liens-externes","embeddable":true,"href":"https:\/\/www.iemj.org\/es\/wp-json\/wp\/v2\/tableaux-liens-externes?post=57096"}],"curies":[{"name":"wp","href":"https:\/\/api.w.org\/{rel}","templated":true}]}}