{"id":57409,"date":"2016-04-27T17:13:16","date_gmt":"2016-04-27T15:13:16","guid":{"rendered":"https:\/\/www.iemj.org\/mir-zingen-nous-chantons\/"},"modified":"2023-05-23T17:51:32","modified_gmt":"2023-05-23T15:51:32","slug":"mir-zingen-nous-chantons","status":"publish","type":"post","link":"https:\/\/www.iemj.org\/es\/mir-zingen-nous-chantons\/","title":{"rendered":"Mir Zingen (Cantamos)"},"content":{"rendered":"<p>En 1945, tras la Sho\u00e1, la comunidad jud\u00eda se hace cargo de nuevo de la acogida de los ni\u00f1os; muchos de ellos han visto sus padres deportados y son dejudaizados. Se trata de darles de comer, de curarles, pero tambi\u00e9n rehacer su identidad jud\u00eda.<\/p>\n<p>Para las asociaciones, el canto y los coros son herramientas pedag\u00f3gicas de primera clase. A trav\u00e9s del Mouvement Populaire de l&#8217;Enfance (Movimiento Popular de la Infancia), el Cercle Amical (Circulo amistoso) (Centre MEDEM [Centro MEDEM]) publica un cuaderno de cantos \u00abMir Zingen\u00bb, cuya la primera edici\u00f3n se public\u00f3 en 1948. Algunos de estos cantos han sido escribidos por los grandes poetas yiddish de preguerra.<\/p>\n<p>68 a\u00f1os despu\u00e9s, en 2016, el Centre MEDEM (Centro MEDEM) y el CLEJ publican de nuevo este cuaderno de cantos, enriqueciendo por la transliteraci\u00f3n del yiddish, una traducci\u00f3n en franc\u00e9s, las partituras con las melod\u00edas, su historia&#8230;<\/p>\n<p>Varios recuerdos se frecuentan en esta selecci\u00f3n: la de las luchas obreras de preguerra, la de la resistencia, la del yiddish de grandes poetas y de cantos populares tradicionales, la de la amistad y de la fraternidad&#8230;<\/p>\n<p><a href=\"https:\/\/www.centre-medem.org\/\" target=\"_blank\" rel=\"noopener\">Consultar el sitio web del Centre MEDEM<\/a><br \/>\n<a href=\"http:\/\/www.clej-mpe.fr\/\" target=\"_blank\" rel=\"noopener\">Consultar el sitio web del CLEJ<\/a><\/p>\n<p><a href=\"https:\/\/www.centre-medem.org\/boutique\/\" target=\"_blank\" rel=\"noopener\">Pedir el cuaderno de cantos<\/a><\/p>\n<p><img fetchpriority=\"high\" decoding=\"async\" class=\"wp-image-10404 alignright\" src=\"https:\/\/www.iemj.org\/wp-content\/uploads\/2016\/04\/p_4829_2_ex.jpg\" alt=\"p_4829_2_ex.jpg\" width=\"335\" height=\"487\" align=\"center\" srcset=\"https:\/\/www.iemj.org\/wp-content\/uploads\/2016\/04\/p_4829_2_ex.jpg 480w, https:\/\/www.iemj.org\/wp-content\/uploads\/2016\/04\/p_4829_2_ex-206x300.jpg 206w\" sizes=\"(max-width: 335px) 100vw, 335px\" \/><\/p>\n<p><img decoding=\"async\" class=\"wp-image-10402 alignleft\" src=\"https:\/\/www.iemj.org\/wp-content\/uploads\/2016\/04\/p_4829_1_ex.jpg\" alt=\"p_4829_1_ex.jpg\" width=\"327\" height=\"486\" align=\"center\" srcset=\"https:\/\/www.iemj.org\/wp-content\/uploads\/2016\/04\/p_4829_1_ex.jpg 468w, https:\/\/www.iemj.org\/wp-content\/uploads\/2016\/04\/p_4829_1_ex-202x300.jpg 202w\" sizes=\"(max-width: 327px) 100vw, 327px\" \/><\/p>\n","protected":false},"excerpt":{"rendered":"<p>En 1945, tras la Sho\u00e1, la comunidad jud\u00eda se hace cargo de nuevo de la acogida de los ni\u00f1os; muchos de ellos han visto sus padres deportados y son dejudaizados.<\/p>\n","protected":false},"author":1048,"featured_media":57411,"comment_status":"closed","ping_status":"open","sticky":false,"template":"","format":"standard","meta":{"_acf_changed":false,"footnotes":""},"categories":[1583,1565],"tags":[],"technique":[],"squelettes":[],"sujet":[],"formation":[1859],"genre":[1863],"fonds":[],"tradition":[],"type-de-contenu":[],"interprete-compositeur":[],"frise":[],"type-devenement":[],"tableaux-liens-externes":[],"class_list":["post-57409","post","type-post","status-publish","format-standard","has-post-thumbnail","hentry","category-partituras-es-es","category-ultimas-adquisiciones-es","formation-vocal-es","genre-yiddish-es"],"acf":[],"yoast_head":"<!-- This site is optimized with the Yoast SEO plugin v27.3 - https:\/\/yoast.com\/product\/yoast-seo-wordpress\/ -->\n<title>Mir Zingen (Cantamos) - Institut Europ\u00e9en des Musiques Juives<\/title>\n<meta name=\"robots\" content=\"index, follow, max-snippet:-1, max-image-preview:large, max-video-preview:-1\" \/>\n<link rel=\"canonical\" href=\"https:\/\/www.iemj.org\/es\/mir-zingen-nous-chantons\/\" \/>\n<meta property=\"og:locale\" content=\"es_ES\" \/>\n<meta property=\"og:type\" content=\"article\" \/>\n<meta property=\"og:title\" content=\"Mir Zingen (Cantamos) - Institut Europ\u00e9en des Musiques Juives\" \/>\n<meta property=\"og:description\" content=\"En 1945, tras la Sho\u00e1, la comunidad jud\u00eda se hace cargo de nuevo de la acogida de los ni\u00f1os; muchos de ellos han visto sus padres deportados y son dejudaizados.\" \/>\n<meta property=\"og:url\" content=\"https:\/\/www.iemj.org\/es\/mir-zingen-nous-chantons\/\" \/>\n<meta property=\"og:site_name\" content=\"Institut Europ\u00e9en des Musiques Juives\" \/>\n<meta property=\"article:publisher\" content=\"https:\/\/www.facebook.com\/MusiquesJuives\/\" \/>\n<meta property=\"article:published_time\" content=\"2016-04-27T15:13:16+00:00\" \/>\n<meta property=\"article:modified_time\" content=\"2023-05-23T15:51:32+00:00\" \/>\n<meta property=\"og:image\" content=\"https:\/\/www.iemj.org\/wp-content\/uploads\/2016\/04\/arton1632-e1619354764895.jpg\" \/>\n\t<meta property=\"og:image:width\" content=\"350\" \/>\n\t<meta property=\"og:image:height\" content=\"456\" \/>\n\t<meta property=\"og:image:type\" content=\"image\/jpeg\" \/>\n<meta name=\"author\" content=\"Jean-Gabriel Davis\" \/>\n<meta name=\"twitter:card\" content=\"summary_large_image\" \/>\n<meta name=\"twitter:label1\" content=\"Escrito por\" \/>\n\t<meta name=\"twitter:data1\" content=\"Jean-Gabriel Davis\" \/>\n\t<meta name=\"twitter:label2\" content=\"Tiempo de lectura\" \/>\n\t<meta name=\"twitter:data2\" content=\"2 minutos\" \/>\n<script type=\"application\/ld+json\" class=\"yoast-schema-graph\">{\"@context\":\"https:\\\/\\\/schema.org\",\"@graph\":[{\"@type\":\"Article\",\"@id\":\"https:\\\/\\\/www.iemj.org\\\/es\\\/mir-zingen-nous-chantons\\\/#article\",\"isPartOf\":{\"@id\":\"https:\\\/\\\/www.iemj.org\\\/es\\\/mir-zingen-nous-chantons\\\/\"},\"author\":{\"name\":\"Jean-Gabriel Davis\",\"@id\":\"https:\\\/\\\/www.iemj.org\\\/es\\\/#\\\/schema\\\/person\\\/c9bc1c386a3749579a2d675e72a18666\"},\"headline\":\"Mir Zingen (Cantamos)\",\"datePublished\":\"2016-04-27T15:13:16+00:00\",\"dateModified\":\"2023-05-23T15:51:32+00:00\",\"mainEntityOfPage\":{\"@id\":\"https:\\\/\\\/www.iemj.org\\\/es\\\/mir-zingen-nous-chantons\\\/\"},\"wordCount\":214,\"publisher\":{\"@id\":\"https:\\\/\\\/www.iemj.org\\\/es\\\/#organization\"},\"image\":{\"@id\":\"https:\\\/\\\/www.iemj.org\\\/es\\\/mir-zingen-nous-chantons\\\/#primaryimage\"},\"thumbnailUrl\":\"https:\\\/\\\/www.iemj.org\\\/wp-content\\\/uploads\\\/2016\\\/04\\\/arton1632-e1619354764895.jpg\",\"articleSection\":[\"Partituras\",\"\u00daltimas adquisiciones\"],\"inLanguage\":\"es\"},{\"@type\":\"WebPage\",\"@id\":\"https:\\\/\\\/www.iemj.org\\\/es\\\/mir-zingen-nous-chantons\\\/\",\"url\":\"https:\\\/\\\/www.iemj.org\\\/es\\\/mir-zingen-nous-chantons\\\/\",\"name\":\"Mir Zingen (Cantamos) - Institut Europ\u00e9en des Musiques Juives\",\"isPartOf\":{\"@id\":\"https:\\\/\\\/www.iemj.org\\\/es\\\/#website\"},\"primaryImageOfPage\":{\"@id\":\"https:\\\/\\\/www.iemj.org\\\/es\\\/mir-zingen-nous-chantons\\\/#primaryimage\"},\"image\":{\"@id\":\"https:\\\/\\\/www.iemj.org\\\/es\\\/mir-zingen-nous-chantons\\\/#primaryimage\"},\"thumbnailUrl\":\"https:\\\/\\\/www.iemj.org\\\/wp-content\\\/uploads\\\/2016\\\/04\\\/arton1632-e1619354764895.jpg\",\"datePublished\":\"2016-04-27T15:13:16+00:00\",\"dateModified\":\"2023-05-23T15:51:32+00:00\",\"breadcrumb\":{\"@id\":\"https:\\\/\\\/www.iemj.org\\\/es\\\/mir-zingen-nous-chantons\\\/#breadcrumb\"},\"inLanguage\":\"es\",\"potentialAction\":[{\"@type\":\"ReadAction\",\"target\":[\"https:\\\/\\\/www.iemj.org\\\/es\\\/mir-zingen-nous-chantons\\\/\"]}]},{\"@type\":\"ImageObject\",\"inLanguage\":\"es\",\"@id\":\"https:\\\/\\\/www.iemj.org\\\/es\\\/mir-zingen-nous-chantons\\\/#primaryimage\",\"url\":\"https:\\\/\\\/www.iemj.org\\\/wp-content\\\/uploads\\\/2016\\\/04\\\/arton1632-e1619354764895.jpg\",\"contentUrl\":\"https:\\\/\\\/www.iemj.org\\\/wp-content\\\/uploads\\\/2016\\\/04\\\/arton1632-e1619354764895.jpg\",\"width\":350,\"height\":456},{\"@type\":\"BreadcrumbList\",\"@id\":\"https:\\\/\\\/www.iemj.org\\\/es\\\/mir-zingen-nous-chantons\\\/#breadcrumb\",\"itemListElement\":[{\"@type\":\"ListItem\",\"position\":1,\"name\":\"Accueil\",\"item\":\"https:\\\/\\\/www.iemj.org\\\/es\\\/\"},{\"@type\":\"ListItem\",\"position\":2,\"name\":\"Mir Zingen (Cantamos)\"}]},{\"@type\":\"WebSite\",\"@id\":\"https:\\\/\\\/www.iemj.org\\\/es\\\/#website\",\"url\":\"https:\\\/\\\/www.iemj.org\\\/es\\\/\",\"name\":\"Institut Europ\u00e9en des Musiques Juives\",\"description\":\"Des traditions musicales \u00e0 la port\u00e9e de tous\",\"publisher\":{\"@id\":\"https:\\\/\\\/www.iemj.org\\\/es\\\/#organization\"},\"potentialAction\":[{\"@type\":\"SearchAction\",\"target\":{\"@type\":\"EntryPoint\",\"urlTemplate\":\"https:\\\/\\\/www.iemj.org\\\/es\\\/?s={search_term_string}\"},\"query-input\":{\"@type\":\"PropertyValueSpecification\",\"valueRequired\":true,\"valueName\":\"search_term_string\"}}],\"inLanguage\":\"es\"},{\"@type\":\"Organization\",\"@id\":\"https:\\\/\\\/www.iemj.org\\\/es\\\/#organization\",\"name\":\"Institut Europ\u00e9en des Musiques Juives\",\"url\":\"https:\\\/\\\/www.iemj.org\\\/es\\\/\",\"logo\":{\"@type\":\"ImageObject\",\"inLanguage\":\"es\",\"@id\":\"https:\\\/\\\/www.iemj.org\\\/es\\\/#\\\/schema\\\/logo\\\/image\\\/\",\"url\":\"https:\\\/\\\/www.iemj.org\\\/wp-content\\\/uploads\\\/2021\\\/09\\\/Logo-IEMJ-Paypal.jpg\",\"contentUrl\":\"https:\\\/\\\/www.iemj.org\\\/wp-content\\\/uploads\\\/2021\\\/09\\\/Logo-IEMJ-Paypal.jpg\",\"width\":150,\"height\":50,\"caption\":\"Institut Europ\u00e9en des Musiques Juives\"},\"image\":{\"@id\":\"https:\\\/\\\/www.iemj.org\\\/es\\\/#\\\/schema\\\/logo\\\/image\\\/\"},\"sameAs\":[\"https:\\\/\\\/www.facebook.com\\\/MusiquesJuives\\\/\",\"https:\\\/\\\/www.instagram.com\\\/musiquesjuives\\\/\",\"https:\\\/\\\/www.youtube.com\\\/user\\\/musiquesjuives\"]},{\"@type\":\"Person\",\"@id\":\"https:\\\/\\\/www.iemj.org\\\/es\\\/#\\\/schema\\\/person\\\/c9bc1c386a3749579a2d675e72a18666\",\"name\":\"Jean-Gabriel Davis\",\"image\":{\"@type\":\"ImageObject\",\"inLanguage\":\"es\",\"@id\":\"https:\\\/\\\/secure.gravatar.com\\\/avatar\\\/2b90d67bdf392c9b3a21fab87c0fa7edaf1fb3a058172a1ffd61033fcec7aec1?s=96&d=mm&r=g\",\"url\":\"https:\\\/\\\/secure.gravatar.com\\\/avatar\\\/2b90d67bdf392c9b3a21fab87c0fa7edaf1fb3a058172a1ffd61033fcec7aec1?s=96&d=mm&r=g\",\"contentUrl\":\"https:\\\/\\\/secure.gravatar.com\\\/avatar\\\/2b90d67bdf392c9b3a21fab87c0fa7edaf1fb3a058172a1ffd61033fcec7aec1?s=96&d=mm&r=g\",\"caption\":\"Jean-Gabriel Davis\"}}]}<\/script>\n<!-- \/ Yoast SEO plugin. -->","yoast_head_json":{"title":"Mir Zingen (Cantamos) - Institut Europ\u00e9en des Musiques Juives","robots":{"index":"index","follow":"follow","max-snippet":"max-snippet:-1","max-image-preview":"max-image-preview:large","max-video-preview":"max-video-preview:-1"},"canonical":"https:\/\/www.iemj.org\/es\/mir-zingen-nous-chantons\/","og_locale":"es_ES","og_type":"article","og_title":"Mir Zingen (Cantamos) - Institut Europ\u00e9en des Musiques Juives","og_description":"En 1945, tras la Sho\u00e1, la comunidad jud\u00eda se hace cargo de nuevo de la acogida de los ni\u00f1os; muchos de ellos han visto sus padres deportados y son dejudaizados.","og_url":"https:\/\/www.iemj.org\/es\/mir-zingen-nous-chantons\/","og_site_name":"Institut Europ\u00e9en des Musiques Juives","article_publisher":"https:\/\/www.facebook.com\/MusiquesJuives\/","article_published_time":"2016-04-27T15:13:16+00:00","article_modified_time":"2023-05-23T15:51:32+00:00","og_image":[{"width":350,"height":456,"url":"https:\/\/www.iemj.org\/wp-content\/uploads\/2016\/04\/arton1632-e1619354764895.jpg","type":"image\/jpeg"}],"author":"Jean-Gabriel Davis","twitter_card":"summary_large_image","twitter_misc":{"Escrito por":"Jean-Gabriel Davis","Tiempo de lectura":"2 minutos"},"schema":{"@context":"https:\/\/schema.org","@graph":[{"@type":"Article","@id":"https:\/\/www.iemj.org\/es\/mir-zingen-nous-chantons\/#article","isPartOf":{"@id":"https:\/\/www.iemj.org\/es\/mir-zingen-nous-chantons\/"},"author":{"name":"Jean-Gabriel Davis","@id":"https:\/\/www.iemj.org\/es\/#\/schema\/person\/c9bc1c386a3749579a2d675e72a18666"},"headline":"Mir Zingen (Cantamos)","datePublished":"2016-04-27T15:13:16+00:00","dateModified":"2023-05-23T15:51:32+00:00","mainEntityOfPage":{"@id":"https:\/\/www.iemj.org\/es\/mir-zingen-nous-chantons\/"},"wordCount":214,"publisher":{"@id":"https:\/\/www.iemj.org\/es\/#organization"},"image":{"@id":"https:\/\/www.iemj.org\/es\/mir-zingen-nous-chantons\/#primaryimage"},"thumbnailUrl":"https:\/\/www.iemj.org\/wp-content\/uploads\/2016\/04\/arton1632-e1619354764895.jpg","articleSection":["Partituras","\u00daltimas adquisiciones"],"inLanguage":"es"},{"@type":"WebPage","@id":"https:\/\/www.iemj.org\/es\/mir-zingen-nous-chantons\/","url":"https:\/\/www.iemj.org\/es\/mir-zingen-nous-chantons\/","name":"Mir Zingen (Cantamos) - Institut Europ\u00e9en des Musiques Juives","isPartOf":{"@id":"https:\/\/www.iemj.org\/es\/#website"},"primaryImageOfPage":{"@id":"https:\/\/www.iemj.org\/es\/mir-zingen-nous-chantons\/#primaryimage"},"image":{"@id":"https:\/\/www.iemj.org\/es\/mir-zingen-nous-chantons\/#primaryimage"},"thumbnailUrl":"https:\/\/www.iemj.org\/wp-content\/uploads\/2016\/04\/arton1632-e1619354764895.jpg","datePublished":"2016-04-27T15:13:16+00:00","dateModified":"2023-05-23T15:51:32+00:00","breadcrumb":{"@id":"https:\/\/www.iemj.org\/es\/mir-zingen-nous-chantons\/#breadcrumb"},"inLanguage":"es","potentialAction":[{"@type":"ReadAction","target":["https:\/\/www.iemj.org\/es\/mir-zingen-nous-chantons\/"]}]},{"@type":"ImageObject","inLanguage":"es","@id":"https:\/\/www.iemj.org\/es\/mir-zingen-nous-chantons\/#primaryimage","url":"https:\/\/www.iemj.org\/wp-content\/uploads\/2016\/04\/arton1632-e1619354764895.jpg","contentUrl":"https:\/\/www.iemj.org\/wp-content\/uploads\/2016\/04\/arton1632-e1619354764895.jpg","width":350,"height":456},{"@type":"BreadcrumbList","@id":"https:\/\/www.iemj.org\/es\/mir-zingen-nous-chantons\/#breadcrumb","itemListElement":[{"@type":"ListItem","position":1,"name":"Accueil","item":"https:\/\/www.iemj.org\/es\/"},{"@type":"ListItem","position":2,"name":"Mir Zingen (Cantamos)"}]},{"@type":"WebSite","@id":"https:\/\/www.iemj.org\/es\/#website","url":"https:\/\/www.iemj.org\/es\/","name":"Institut Europ\u00e9en des Musiques Juives","description":"Des traditions musicales \u00e0 la port\u00e9e de tous","publisher":{"@id":"https:\/\/www.iemj.org\/es\/#organization"},"potentialAction":[{"@type":"SearchAction","target":{"@type":"EntryPoint","urlTemplate":"https:\/\/www.iemj.org\/es\/?s={search_term_string}"},"query-input":{"@type":"PropertyValueSpecification","valueRequired":true,"valueName":"search_term_string"}}],"inLanguage":"es"},{"@type":"Organization","@id":"https:\/\/www.iemj.org\/es\/#organization","name":"Institut Europ\u00e9en des Musiques Juives","url":"https:\/\/www.iemj.org\/es\/","logo":{"@type":"ImageObject","inLanguage":"es","@id":"https:\/\/www.iemj.org\/es\/#\/schema\/logo\/image\/","url":"https:\/\/www.iemj.org\/wp-content\/uploads\/2021\/09\/Logo-IEMJ-Paypal.jpg","contentUrl":"https:\/\/www.iemj.org\/wp-content\/uploads\/2021\/09\/Logo-IEMJ-Paypal.jpg","width":150,"height":50,"caption":"Institut Europ\u00e9en des Musiques Juives"},"image":{"@id":"https:\/\/www.iemj.org\/es\/#\/schema\/logo\/image\/"},"sameAs":["https:\/\/www.facebook.com\/MusiquesJuives\/","https:\/\/www.instagram.com\/musiquesjuives\/","https:\/\/www.youtube.com\/user\/musiquesjuives"]},{"@type":"Person","@id":"https:\/\/www.iemj.org\/es\/#\/schema\/person\/c9bc1c386a3749579a2d675e72a18666","name":"Jean-Gabriel Davis","image":{"@type":"ImageObject","inLanguage":"es","@id":"https:\/\/secure.gravatar.com\/avatar\/2b90d67bdf392c9b3a21fab87c0fa7edaf1fb3a058172a1ffd61033fcec7aec1?s=96&d=mm&r=g","url":"https:\/\/secure.gravatar.com\/avatar\/2b90d67bdf392c9b3a21fab87c0fa7edaf1fb3a058172a1ffd61033fcec7aec1?s=96&d=mm&r=g","contentUrl":"https:\/\/secure.gravatar.com\/avatar\/2b90d67bdf392c9b3a21fab87c0fa7edaf1fb3a058172a1ffd61033fcec7aec1?s=96&d=mm&r=g","caption":"Jean-Gabriel Davis"}}]}},"_links":{"self":[{"href":"https:\/\/www.iemj.org\/es\/wp-json\/wp\/v2\/posts\/57409","targetHints":{"allow":["GET"]}}],"collection":[{"href":"https:\/\/www.iemj.org\/es\/wp-json\/wp\/v2\/posts"}],"about":[{"href":"https:\/\/www.iemj.org\/es\/wp-json\/wp\/v2\/types\/post"}],"author":[{"embeddable":true,"href":"https:\/\/www.iemj.org\/es\/wp-json\/wp\/v2\/users\/1048"}],"replies":[{"embeddable":true,"href":"https:\/\/www.iemj.org\/es\/wp-json\/wp\/v2\/comments?post=57409"}],"version-history":[{"count":0,"href":"https:\/\/www.iemj.org\/es\/wp-json\/wp\/v2\/posts\/57409\/revisions"}],"wp:featuredmedia":[{"embeddable":true,"href":"https:\/\/www.iemj.org\/es\/wp-json\/wp\/v2\/media\/57411"}],"wp:attachment":[{"href":"https:\/\/www.iemj.org\/es\/wp-json\/wp\/v2\/media?parent=57409"}],"wp:term":[{"taxonomy":"category","embeddable":true,"href":"https:\/\/www.iemj.org\/es\/wp-json\/wp\/v2\/categories?post=57409"},{"taxonomy":"post_tag","embeddable":true,"href":"https:\/\/www.iemj.org\/es\/wp-json\/wp\/v2\/tags?post=57409"},{"taxonomy":"technique","embeddable":true,"href":"https:\/\/www.iemj.org\/es\/wp-json\/wp\/v2\/technique?post=57409"},{"taxonomy":"squelettes","embeddable":true,"href":"https:\/\/www.iemj.org\/es\/wp-json\/wp\/v2\/squelettes?post=57409"},{"taxonomy":"sujet","embeddable":true,"href":"https:\/\/www.iemj.org\/es\/wp-json\/wp\/v2\/sujet?post=57409"},{"taxonomy":"formation","embeddable":true,"href":"https:\/\/www.iemj.org\/es\/wp-json\/wp\/v2\/formation?post=57409"},{"taxonomy":"genre","embeddable":true,"href":"https:\/\/www.iemj.org\/es\/wp-json\/wp\/v2\/genre?post=57409"},{"taxonomy":"fonds","embeddable":true,"href":"https:\/\/www.iemj.org\/es\/wp-json\/wp\/v2\/fonds?post=57409"},{"taxonomy":"tradition","embeddable":true,"href":"https:\/\/www.iemj.org\/es\/wp-json\/wp\/v2\/tradition?post=57409"},{"taxonomy":"type-de-contenu","embeddable":true,"href":"https:\/\/www.iemj.org\/es\/wp-json\/wp\/v2\/type-de-contenu?post=57409"},{"taxonomy":"interprete-compositeur","embeddable":true,"href":"https:\/\/www.iemj.org\/es\/wp-json\/wp\/v2\/interprete-compositeur?post=57409"},{"taxonomy":"frise","embeddable":true,"href":"https:\/\/www.iemj.org\/es\/wp-json\/wp\/v2\/frise?post=57409"},{"taxonomy":"type-devenement","embeddable":true,"href":"https:\/\/www.iemj.org\/es\/wp-json\/wp\/v2\/type-devenement?post=57409"},{"taxonomy":"tableaux-liens-externes","embeddable":true,"href":"https:\/\/www.iemj.org\/es\/wp-json\/wp\/v2\/tableaux-liens-externes?post=57409"}],"curies":[{"name":"wp","href":"https:\/\/api.w.org\/{rel}","templated":true}]}}