{"id":57707,"date":"2016-01-19T16:15:09","date_gmt":"2016-01-19T15:15:09","guid":{"rendered":"https:\/\/www.iemj.org\/german-jewish-organ-music-musique-dorgue-juive-allemande\/"},"modified":"2023-05-24T11:49:47","modified_gmt":"2023-05-24T09:49:47","slug":"german-jewish-organ-music-musique-dorgue-juive-allemande","status":"publish","type":"post","link":"https:\/\/www.iemj.org\/es\/german-jewish-organ-music-musique-dorgue-juive-allemande\/","title":{"rendered":"German-Jewish Organ Music \/ M\u00fasica de \u00f3rgano jud\u00eda alemana"},"content":{"rendered":"<p class=\"post_excerpt\">Editado por la music\u00f3loga Tina Fr\u00fchauf<\/p>\n<p><!--more--><\/p>\n<p>El movimiento reformista jud\u00edo del siglo XIX ha revolucionado la m\u00fasica de sinagoga, entre otros con la introducci\u00f3n de \u00f3rgano que ha sido el marcador de una nueva identidad musical y religiosa. As\u00ed ha aparecido un nuevo cat\u00e1logo para \u00f3rgano solista en la Di\u00e1spora jud\u00eda de Europa Central. La publicaci\u00f3n y la distribuci\u00f3n de este cat\u00e1logo floreciente se ha interrumpido moment\u00e1neamente en 1933 con la subida del nazismo para exportarse, en una menor medida en los Estados Unidos, y lo que se volver\u00e1 m\u00e1s tarde el Estado de Israel.<\/p>\n<p>El t\u00e9rmino de m\u00fasica jud\u00eda al \u00f3rgano engloba dos grupos grandes de obras: el espec\u00edficamente al servicio de la oraci\u00f3n en la sinagoga, y el incorporando temas musicales jud\u00edas, pero no dedicados necesariamente por la sinagoga.<\/p>\n<p>El objetivo de este selecci\u00f3n es que sea accesible para el estudio y la interpretaci\u00f3n una parte sustancial y representativa de este cat\u00e1logo en gran parte desconocido. Encontramos ah\u00ed obras de Louis Lewandowski, Hugo Schwantzer, Joseph Sulzer, Ludwig Mendelssohn&#8230;<\/p>\n<p><a href=\"http:\/\/tinafruehauf.com\/\" target=\"_blank\" rel=\"noopener\">M\u00e1s informaci\u00f3n sobre Tina Fr\u00fchauf<\/a><\/p>\n<p><img fetchpriority=\"high\" decoding=\"async\" class=\" aligncenter size-full wp-image-9080\" src=\"https:\/\/www.iemj.org\/wp-content\/uploads\/2016\/01\/p_4810_ex22-2.jpg\" alt=\"p_4810_ex22-2.jpg\" width=\"407\" height=\"573\" align=\"center\" srcset=\"https:\/\/www.iemj.org\/wp-content\/uploads\/2016\/01\/p_4810_ex22-2.jpg 407w, https:\/\/www.iemj.org\/wp-content\/uploads\/2016\/01\/p_4810_ex22-2-213x300.jpg 213w\" sizes=\"(max-width: 407px) 100vw, 407px\" \/><\/p>\n","protected":false},"excerpt":{"rendered":"<p>Editado por la music\u00f3loga Tina Fr\u00fchauf<\/p>\n","protected":false},"author":1048,"featured_media":57709,"comment_status":"closed","ping_status":"open","sticky":false,"template":"","format":"standard","meta":{"_acf_changed":false,"footnotes":""},"categories":[1583,1565],"tags":[],"technique":[],"squelettes":[],"sujet":[],"formation":[],"genre":[],"fonds":[],"tradition":[],"type-de-contenu":[],"interprete-compositeur":[],"frise":[],"type-devenement":[],"tableaux-liens-externes":[],"class_list":["post-57707","post","type-post","status-publish","format-standard","has-post-thumbnail","hentry","category-partituras-es-es","category-ultimas-adquisiciones-es"],"acf":[],"yoast_head":"<!-- This site is optimized with the Yoast SEO plugin v27.3 - https:\/\/yoast.com\/product\/yoast-seo-wordpress\/ -->\n<title>German-Jewish Organ Music \/ M\u00fasica de \u00f3rgano jud\u00eda alemana - Institut Europ\u00e9en des Musiques Juives<\/title>\n<meta name=\"robots\" content=\"index, follow, max-snippet:-1, max-image-preview:large, max-video-preview:-1\" \/>\n<link rel=\"canonical\" href=\"https:\/\/www.iemj.org\/es\/german-jewish-organ-music-musique-dorgue-juive-allemande\/\" \/>\n<meta property=\"og:locale\" content=\"es_ES\" \/>\n<meta property=\"og:type\" content=\"article\" \/>\n<meta property=\"og:title\" content=\"German-Jewish Organ Music \/ M\u00fasica de \u00f3rgano jud\u00eda alemana - Institut Europ\u00e9en des Musiques Juives\" \/>\n<meta property=\"og:description\" content=\"Editado por la music\u00f3loga Tina Fr\u00fchauf\" \/>\n<meta property=\"og:url\" content=\"https:\/\/www.iemj.org\/es\/german-jewish-organ-music-musique-dorgue-juive-allemande\/\" \/>\n<meta property=\"og:site_name\" content=\"Institut Europ\u00e9en des Musiques Juives\" \/>\n<meta property=\"article:publisher\" content=\"https:\/\/www.facebook.com\/MusiquesJuives\/\" \/>\n<meta property=\"article:published_time\" content=\"2016-01-19T15:15:09+00:00\" \/>\n<meta property=\"article:modified_time\" content=\"2023-05-24T09:49:47+00:00\" \/>\n<meta property=\"og:image\" content=\"https:\/\/www.iemj.org\/wp-content\/uploads\/2016\/01\/arton1431-e1619432676501.jpg\" \/>\n\t<meta property=\"og:image:width\" content=\"350\" \/>\n\t<meta property=\"og:image:height\" content=\"460\" \/>\n\t<meta property=\"og:image:type\" content=\"image\/jpeg\" \/>\n<meta name=\"author\" content=\"Jean-Gabriel Davis\" \/>\n<meta name=\"twitter:card\" content=\"summary_large_image\" \/>\n<meta name=\"twitter:label1\" content=\"Escrito por\" \/>\n\t<meta name=\"twitter:data1\" content=\"Jean-Gabriel Davis\" \/>\n\t<meta name=\"twitter:label2\" content=\"Tiempo de lectura\" \/>\n\t<meta name=\"twitter:data2\" content=\"2 minutos\" \/>\n<script type=\"application\/ld+json\" class=\"yoast-schema-graph\">{\"@context\":\"https:\\\/\\\/schema.org\",\"@graph\":[{\"@type\":\"Article\",\"@id\":\"https:\\\/\\\/www.iemj.org\\\/es\\\/german-jewish-organ-music-musique-dorgue-juive-allemande\\\/#article\",\"isPartOf\":{\"@id\":\"https:\\\/\\\/www.iemj.org\\\/es\\\/german-jewish-organ-music-musique-dorgue-juive-allemande\\\/\"},\"author\":{\"name\":\"Jean-Gabriel Davis\",\"@id\":\"https:\\\/\\\/www.iemj.org\\\/es\\\/#\\\/schema\\\/person\\\/c9bc1c386a3749579a2d675e72a18666\"},\"headline\":\"German-Jewish Organ Music \\\/ M\u00fasica de \u00f3rgano jud\u00eda alemana\",\"datePublished\":\"2016-01-19T15:15:09+00:00\",\"dateModified\":\"2023-05-24T09:49:47+00:00\",\"mainEntityOfPage\":{\"@id\":\"https:\\\/\\\/www.iemj.org\\\/es\\\/german-jewish-organ-music-musique-dorgue-juive-allemande\\\/\"},\"wordCount\":209,\"publisher\":{\"@id\":\"https:\\\/\\\/www.iemj.org\\\/es\\\/#organization\"},\"image\":{\"@id\":\"https:\\\/\\\/www.iemj.org\\\/es\\\/german-jewish-organ-music-musique-dorgue-juive-allemande\\\/#primaryimage\"},\"thumbnailUrl\":\"https:\\\/\\\/www.iemj.org\\\/wp-content\\\/uploads\\\/2016\\\/01\\\/arton1431-e1619432676501.jpg\",\"articleSection\":[\"Partituras\",\"\u00daltimas adquisiciones\"],\"inLanguage\":\"es\"},{\"@type\":\"WebPage\",\"@id\":\"https:\\\/\\\/www.iemj.org\\\/es\\\/german-jewish-organ-music-musique-dorgue-juive-allemande\\\/\",\"url\":\"https:\\\/\\\/www.iemj.org\\\/es\\\/german-jewish-organ-music-musique-dorgue-juive-allemande\\\/\",\"name\":\"German-Jewish Organ Music \\\/ M\u00fasica de \u00f3rgano jud\u00eda alemana - Institut Europ\u00e9en des Musiques Juives\",\"isPartOf\":{\"@id\":\"https:\\\/\\\/www.iemj.org\\\/es\\\/#website\"},\"primaryImageOfPage\":{\"@id\":\"https:\\\/\\\/www.iemj.org\\\/es\\\/german-jewish-organ-music-musique-dorgue-juive-allemande\\\/#primaryimage\"},\"image\":{\"@id\":\"https:\\\/\\\/www.iemj.org\\\/es\\\/german-jewish-organ-music-musique-dorgue-juive-allemande\\\/#primaryimage\"},\"thumbnailUrl\":\"https:\\\/\\\/www.iemj.org\\\/wp-content\\\/uploads\\\/2016\\\/01\\\/arton1431-e1619432676501.jpg\",\"datePublished\":\"2016-01-19T15:15:09+00:00\",\"dateModified\":\"2023-05-24T09:49:47+00:00\",\"breadcrumb\":{\"@id\":\"https:\\\/\\\/www.iemj.org\\\/es\\\/german-jewish-organ-music-musique-dorgue-juive-allemande\\\/#breadcrumb\"},\"inLanguage\":\"es\",\"potentialAction\":[{\"@type\":\"ReadAction\",\"target\":[\"https:\\\/\\\/www.iemj.org\\\/es\\\/german-jewish-organ-music-musique-dorgue-juive-allemande\\\/\"]}]},{\"@type\":\"ImageObject\",\"inLanguage\":\"es\",\"@id\":\"https:\\\/\\\/www.iemj.org\\\/es\\\/german-jewish-organ-music-musique-dorgue-juive-allemande\\\/#primaryimage\",\"url\":\"https:\\\/\\\/www.iemj.org\\\/wp-content\\\/uploads\\\/2016\\\/01\\\/arton1431-e1619432676501.jpg\",\"contentUrl\":\"https:\\\/\\\/www.iemj.org\\\/wp-content\\\/uploads\\\/2016\\\/01\\\/arton1431-e1619432676501.jpg\",\"width\":350,\"height\":460},{\"@type\":\"BreadcrumbList\",\"@id\":\"https:\\\/\\\/www.iemj.org\\\/es\\\/german-jewish-organ-music-musique-dorgue-juive-allemande\\\/#breadcrumb\",\"itemListElement\":[{\"@type\":\"ListItem\",\"position\":1,\"name\":\"Accueil\",\"item\":\"https:\\\/\\\/www.iemj.org\\\/es\\\/\"},{\"@type\":\"ListItem\",\"position\":2,\"name\":\"German-Jewish Organ Music \\\/ M\u00fasica de \u00f3rgano jud\u00eda alemana\"}]},{\"@type\":\"WebSite\",\"@id\":\"https:\\\/\\\/www.iemj.org\\\/es\\\/#website\",\"url\":\"https:\\\/\\\/www.iemj.org\\\/es\\\/\",\"name\":\"Institut Europ\u00e9en des Musiques Juives\",\"description\":\"Des traditions musicales \u00e0 la port\u00e9e de tous\",\"publisher\":{\"@id\":\"https:\\\/\\\/www.iemj.org\\\/es\\\/#organization\"},\"potentialAction\":[{\"@type\":\"SearchAction\",\"target\":{\"@type\":\"EntryPoint\",\"urlTemplate\":\"https:\\\/\\\/www.iemj.org\\\/es\\\/?s={search_term_string}\"},\"query-input\":{\"@type\":\"PropertyValueSpecification\",\"valueRequired\":true,\"valueName\":\"search_term_string\"}}],\"inLanguage\":\"es\"},{\"@type\":\"Organization\",\"@id\":\"https:\\\/\\\/www.iemj.org\\\/es\\\/#organization\",\"name\":\"Institut Europ\u00e9en des Musiques Juives\",\"url\":\"https:\\\/\\\/www.iemj.org\\\/es\\\/\",\"logo\":{\"@type\":\"ImageObject\",\"inLanguage\":\"es\",\"@id\":\"https:\\\/\\\/www.iemj.org\\\/es\\\/#\\\/schema\\\/logo\\\/image\\\/\",\"url\":\"https:\\\/\\\/www.iemj.org\\\/wp-content\\\/uploads\\\/2021\\\/09\\\/Logo-IEMJ-Paypal.jpg\",\"contentUrl\":\"https:\\\/\\\/www.iemj.org\\\/wp-content\\\/uploads\\\/2021\\\/09\\\/Logo-IEMJ-Paypal.jpg\",\"width\":150,\"height\":50,\"caption\":\"Institut Europ\u00e9en des Musiques Juives\"},\"image\":{\"@id\":\"https:\\\/\\\/www.iemj.org\\\/es\\\/#\\\/schema\\\/logo\\\/image\\\/\"},\"sameAs\":[\"https:\\\/\\\/www.facebook.com\\\/MusiquesJuives\\\/\",\"https:\\\/\\\/www.instagram.com\\\/musiquesjuives\\\/\",\"https:\\\/\\\/www.youtube.com\\\/user\\\/musiquesjuives\"]},{\"@type\":\"Person\",\"@id\":\"https:\\\/\\\/www.iemj.org\\\/es\\\/#\\\/schema\\\/person\\\/c9bc1c386a3749579a2d675e72a18666\",\"name\":\"Jean-Gabriel Davis\",\"image\":{\"@type\":\"ImageObject\",\"inLanguage\":\"es\",\"@id\":\"https:\\\/\\\/secure.gravatar.com\\\/avatar\\\/2b90d67bdf392c9b3a21fab87c0fa7edaf1fb3a058172a1ffd61033fcec7aec1?s=96&d=mm&r=g\",\"url\":\"https:\\\/\\\/secure.gravatar.com\\\/avatar\\\/2b90d67bdf392c9b3a21fab87c0fa7edaf1fb3a058172a1ffd61033fcec7aec1?s=96&d=mm&r=g\",\"contentUrl\":\"https:\\\/\\\/secure.gravatar.com\\\/avatar\\\/2b90d67bdf392c9b3a21fab87c0fa7edaf1fb3a058172a1ffd61033fcec7aec1?s=96&d=mm&r=g\",\"caption\":\"Jean-Gabriel Davis\"}}]}<\/script>\n<!-- \/ Yoast SEO plugin. -->","yoast_head_json":{"title":"German-Jewish Organ Music \/ M\u00fasica de \u00f3rgano jud\u00eda alemana - Institut Europ\u00e9en des Musiques Juives","robots":{"index":"index","follow":"follow","max-snippet":"max-snippet:-1","max-image-preview":"max-image-preview:large","max-video-preview":"max-video-preview:-1"},"canonical":"https:\/\/www.iemj.org\/es\/german-jewish-organ-music-musique-dorgue-juive-allemande\/","og_locale":"es_ES","og_type":"article","og_title":"German-Jewish Organ Music \/ M\u00fasica de \u00f3rgano jud\u00eda alemana - Institut Europ\u00e9en des Musiques Juives","og_description":"Editado por la music\u00f3loga Tina Fr\u00fchauf","og_url":"https:\/\/www.iemj.org\/es\/german-jewish-organ-music-musique-dorgue-juive-allemande\/","og_site_name":"Institut Europ\u00e9en des Musiques Juives","article_publisher":"https:\/\/www.facebook.com\/MusiquesJuives\/","article_published_time":"2016-01-19T15:15:09+00:00","article_modified_time":"2023-05-24T09:49:47+00:00","og_image":[{"width":350,"height":460,"url":"https:\/\/www.iemj.org\/wp-content\/uploads\/2016\/01\/arton1431-e1619432676501.jpg","type":"image\/jpeg"}],"author":"Jean-Gabriel Davis","twitter_card":"summary_large_image","twitter_misc":{"Escrito por":"Jean-Gabriel Davis","Tiempo de lectura":"2 minutos"},"schema":{"@context":"https:\/\/schema.org","@graph":[{"@type":"Article","@id":"https:\/\/www.iemj.org\/es\/german-jewish-organ-music-musique-dorgue-juive-allemande\/#article","isPartOf":{"@id":"https:\/\/www.iemj.org\/es\/german-jewish-organ-music-musique-dorgue-juive-allemande\/"},"author":{"name":"Jean-Gabriel Davis","@id":"https:\/\/www.iemj.org\/es\/#\/schema\/person\/c9bc1c386a3749579a2d675e72a18666"},"headline":"German-Jewish Organ Music \/ M\u00fasica de \u00f3rgano jud\u00eda alemana","datePublished":"2016-01-19T15:15:09+00:00","dateModified":"2023-05-24T09:49:47+00:00","mainEntityOfPage":{"@id":"https:\/\/www.iemj.org\/es\/german-jewish-organ-music-musique-dorgue-juive-allemande\/"},"wordCount":209,"publisher":{"@id":"https:\/\/www.iemj.org\/es\/#organization"},"image":{"@id":"https:\/\/www.iemj.org\/es\/german-jewish-organ-music-musique-dorgue-juive-allemande\/#primaryimage"},"thumbnailUrl":"https:\/\/www.iemj.org\/wp-content\/uploads\/2016\/01\/arton1431-e1619432676501.jpg","articleSection":["Partituras","\u00daltimas adquisiciones"],"inLanguage":"es"},{"@type":"WebPage","@id":"https:\/\/www.iemj.org\/es\/german-jewish-organ-music-musique-dorgue-juive-allemande\/","url":"https:\/\/www.iemj.org\/es\/german-jewish-organ-music-musique-dorgue-juive-allemande\/","name":"German-Jewish Organ Music \/ M\u00fasica de \u00f3rgano jud\u00eda alemana - Institut Europ\u00e9en des Musiques Juives","isPartOf":{"@id":"https:\/\/www.iemj.org\/es\/#website"},"primaryImageOfPage":{"@id":"https:\/\/www.iemj.org\/es\/german-jewish-organ-music-musique-dorgue-juive-allemande\/#primaryimage"},"image":{"@id":"https:\/\/www.iemj.org\/es\/german-jewish-organ-music-musique-dorgue-juive-allemande\/#primaryimage"},"thumbnailUrl":"https:\/\/www.iemj.org\/wp-content\/uploads\/2016\/01\/arton1431-e1619432676501.jpg","datePublished":"2016-01-19T15:15:09+00:00","dateModified":"2023-05-24T09:49:47+00:00","breadcrumb":{"@id":"https:\/\/www.iemj.org\/es\/german-jewish-organ-music-musique-dorgue-juive-allemande\/#breadcrumb"},"inLanguage":"es","potentialAction":[{"@type":"ReadAction","target":["https:\/\/www.iemj.org\/es\/german-jewish-organ-music-musique-dorgue-juive-allemande\/"]}]},{"@type":"ImageObject","inLanguage":"es","@id":"https:\/\/www.iemj.org\/es\/german-jewish-organ-music-musique-dorgue-juive-allemande\/#primaryimage","url":"https:\/\/www.iemj.org\/wp-content\/uploads\/2016\/01\/arton1431-e1619432676501.jpg","contentUrl":"https:\/\/www.iemj.org\/wp-content\/uploads\/2016\/01\/arton1431-e1619432676501.jpg","width":350,"height":460},{"@type":"BreadcrumbList","@id":"https:\/\/www.iemj.org\/es\/german-jewish-organ-music-musique-dorgue-juive-allemande\/#breadcrumb","itemListElement":[{"@type":"ListItem","position":1,"name":"Accueil","item":"https:\/\/www.iemj.org\/es\/"},{"@type":"ListItem","position":2,"name":"German-Jewish Organ Music \/ M\u00fasica de \u00f3rgano jud\u00eda alemana"}]},{"@type":"WebSite","@id":"https:\/\/www.iemj.org\/es\/#website","url":"https:\/\/www.iemj.org\/es\/","name":"Institut Europ\u00e9en des Musiques Juives","description":"Des traditions musicales \u00e0 la port\u00e9e de tous","publisher":{"@id":"https:\/\/www.iemj.org\/es\/#organization"},"potentialAction":[{"@type":"SearchAction","target":{"@type":"EntryPoint","urlTemplate":"https:\/\/www.iemj.org\/es\/?s={search_term_string}"},"query-input":{"@type":"PropertyValueSpecification","valueRequired":true,"valueName":"search_term_string"}}],"inLanguage":"es"},{"@type":"Organization","@id":"https:\/\/www.iemj.org\/es\/#organization","name":"Institut Europ\u00e9en des Musiques Juives","url":"https:\/\/www.iemj.org\/es\/","logo":{"@type":"ImageObject","inLanguage":"es","@id":"https:\/\/www.iemj.org\/es\/#\/schema\/logo\/image\/","url":"https:\/\/www.iemj.org\/wp-content\/uploads\/2021\/09\/Logo-IEMJ-Paypal.jpg","contentUrl":"https:\/\/www.iemj.org\/wp-content\/uploads\/2021\/09\/Logo-IEMJ-Paypal.jpg","width":150,"height":50,"caption":"Institut Europ\u00e9en des Musiques Juives"},"image":{"@id":"https:\/\/www.iemj.org\/es\/#\/schema\/logo\/image\/"},"sameAs":["https:\/\/www.facebook.com\/MusiquesJuives\/","https:\/\/www.instagram.com\/musiquesjuives\/","https:\/\/www.youtube.com\/user\/musiquesjuives"]},{"@type":"Person","@id":"https:\/\/www.iemj.org\/es\/#\/schema\/person\/c9bc1c386a3749579a2d675e72a18666","name":"Jean-Gabriel Davis","image":{"@type":"ImageObject","inLanguage":"es","@id":"https:\/\/secure.gravatar.com\/avatar\/2b90d67bdf392c9b3a21fab87c0fa7edaf1fb3a058172a1ffd61033fcec7aec1?s=96&d=mm&r=g","url":"https:\/\/secure.gravatar.com\/avatar\/2b90d67bdf392c9b3a21fab87c0fa7edaf1fb3a058172a1ffd61033fcec7aec1?s=96&d=mm&r=g","contentUrl":"https:\/\/secure.gravatar.com\/avatar\/2b90d67bdf392c9b3a21fab87c0fa7edaf1fb3a058172a1ffd61033fcec7aec1?s=96&d=mm&r=g","caption":"Jean-Gabriel Davis"}}]}},"_links":{"self":[{"href":"https:\/\/www.iemj.org\/es\/wp-json\/wp\/v2\/posts\/57707","targetHints":{"allow":["GET"]}}],"collection":[{"href":"https:\/\/www.iemj.org\/es\/wp-json\/wp\/v2\/posts"}],"about":[{"href":"https:\/\/www.iemj.org\/es\/wp-json\/wp\/v2\/types\/post"}],"author":[{"embeddable":true,"href":"https:\/\/www.iemj.org\/es\/wp-json\/wp\/v2\/users\/1048"}],"replies":[{"embeddable":true,"href":"https:\/\/www.iemj.org\/es\/wp-json\/wp\/v2\/comments?post=57707"}],"version-history":[{"count":0,"href":"https:\/\/www.iemj.org\/es\/wp-json\/wp\/v2\/posts\/57707\/revisions"}],"wp:featuredmedia":[{"embeddable":true,"href":"https:\/\/www.iemj.org\/es\/wp-json\/wp\/v2\/media\/57709"}],"wp:attachment":[{"href":"https:\/\/www.iemj.org\/es\/wp-json\/wp\/v2\/media?parent=57707"}],"wp:term":[{"taxonomy":"category","embeddable":true,"href":"https:\/\/www.iemj.org\/es\/wp-json\/wp\/v2\/categories?post=57707"},{"taxonomy":"post_tag","embeddable":true,"href":"https:\/\/www.iemj.org\/es\/wp-json\/wp\/v2\/tags?post=57707"},{"taxonomy":"technique","embeddable":true,"href":"https:\/\/www.iemj.org\/es\/wp-json\/wp\/v2\/technique?post=57707"},{"taxonomy":"squelettes","embeddable":true,"href":"https:\/\/www.iemj.org\/es\/wp-json\/wp\/v2\/squelettes?post=57707"},{"taxonomy":"sujet","embeddable":true,"href":"https:\/\/www.iemj.org\/es\/wp-json\/wp\/v2\/sujet?post=57707"},{"taxonomy":"formation","embeddable":true,"href":"https:\/\/www.iemj.org\/es\/wp-json\/wp\/v2\/formation?post=57707"},{"taxonomy":"genre","embeddable":true,"href":"https:\/\/www.iemj.org\/es\/wp-json\/wp\/v2\/genre?post=57707"},{"taxonomy":"fonds","embeddable":true,"href":"https:\/\/www.iemj.org\/es\/wp-json\/wp\/v2\/fonds?post=57707"},{"taxonomy":"tradition","embeddable":true,"href":"https:\/\/www.iemj.org\/es\/wp-json\/wp\/v2\/tradition?post=57707"},{"taxonomy":"type-de-contenu","embeddable":true,"href":"https:\/\/www.iemj.org\/es\/wp-json\/wp\/v2\/type-de-contenu?post=57707"},{"taxonomy":"interprete-compositeur","embeddable":true,"href":"https:\/\/www.iemj.org\/es\/wp-json\/wp\/v2\/interprete-compositeur?post=57707"},{"taxonomy":"frise","embeddable":true,"href":"https:\/\/www.iemj.org\/es\/wp-json\/wp\/v2\/frise?post=57707"},{"taxonomy":"type-devenement","embeddable":true,"href":"https:\/\/www.iemj.org\/es\/wp-json\/wp\/v2\/type-devenement?post=57707"},{"taxonomy":"tableaux-liens-externes","embeddable":true,"href":"https:\/\/www.iemj.org\/es\/wp-json\/wp\/v2\/tableaux-liens-externes?post=57707"}],"curies":[{"name":"wp","href":"https:\/\/api.w.org\/{rel}","templated":true}]}}