{"id":57940,"date":"2020-05-28T16:52:49","date_gmt":"2020-05-28T14:52:49","guid":{"rendered":"https:\/\/www.iemj.org\/oyfn-veg-en-chemin\/"},"modified":"2025-10-19T18:59:02","modified_gmt":"2025-10-19T16:59:02","slug":"oyfn-veg-en-chemin","status":"publish","type":"post","link":"https:\/\/www.iemj.org\/es\/oyfn-veg-en-chemin\/","title":{"rendered":"Oyfn Veg (en chemin)"},"content":{"rendered":"<p>Este \u00e1lbum re\u00fane 13 canciones folcl\u00f3ricas en yiddish interpretadas por el tr\u00edo femenino ISAJOAN (Anne Garcenot, Jo\u00eblle Garcenot e Isabelle Morelli). La armonizaci\u00f3n de las canciones y la direcci\u00f3n del coro se confiaron a <a href=\"https:\/\/jean-golgevit.weebly.com\/\" target=\"_blank\" rel=\"noopener\">Jean Golgevit<\/a>.\u00a0<\/p>\n<p>Los textos de canciones presentes en este CD &#8211; traducidos por Batia Baum &#8211; est\u00e1n integralmente en la selecci\u00f3n de <a href=\"https:\/\/www.iemj.org\/es\/oyfn-veg-en-chemin-chants-populaires-yiddish\/\" target=\"_blank\" rel=\"noopener\">partituras ep\u00f3nima<\/a> incluyendo 38 canciones yiddish, <em>Oyfn Veg<\/em> armonizadas por coros de 2 a 6 voces iguales o mixtas por Jean Golgevit y editada por la Casa de la Cultura Yiddish en Par\u00eds. El usuario puede as\u00ed, sin hablar el yiddish, entender la canci\u00f3n y interpretarla en su idioma original.<\/p>\n<p>Este soporte sonoro, proponiendo una interpretaci\u00f3n de las melod\u00edas y del canto coral, permite apropiarse este cat\u00e1logo, este tipo de m\u00fasica, cuyo el inter\u00e9s supera ahora sobradamente al \u00fanico publico jud\u00edo.<\/p>\n<h2><a href=\"https:\/\/www.iemj.org\/es\/produit\/oyfn-veg\/\" target=\"_blank\" rel=\"noopener\">Comprar el \u00e1lbum en la tienda del IEMJ<\/a><\/h2>\n<p><img fetchpriority=\"high\" decoding=\"async\" class=\" aligncenter size-full wp-image-28791\" src=\"https:\/\/www.iemj.org\/wp-content\/uploads\/2020\/05\/couv_4_oyfn_veg_pour_site.jpg\" alt=\"couv_4_oyfn_veg_pour_site.jpg\" width=\"600\" height=\"525\" align=\"middle\" srcset=\"https:\/\/www.iemj.org\/wp-content\/uploads\/2020\/05\/couv_4_oyfn_veg_pour_site.jpg 600w, https:\/\/www.iemj.org\/wp-content\/uploads\/2020\/05\/couv_4_oyfn_veg_pour_site-300x263.jpg 300w\" sizes=\"(max-width: 600px) 100vw, 600px\" \/><\/p>\n\n<div class=\"wp-block-image\">\n<figure class=\"aligncenter size-large\"><img decoding=\"async\" width=\"1024\" height=\"133\" src=\"https:\/\/www.iemj.org\/wp-content\/uploads\/2024\/03\/AUDIO-PLAYER-1024x133.png\" alt=\"\" class=\"wp-image-110610\" srcset=\"https:\/\/www.iemj.org\/wp-content\/uploads\/2024\/03\/AUDIO-PLAYER-1024x133.png 1024w, https:\/\/www.iemj.org\/wp-content\/uploads\/2024\/03\/AUDIO-PLAYER-300x39.png 300w, https:\/\/www.iemj.org\/wp-content\/uploads\/2024\/03\/AUDIO-PLAYER-768x100.png 768w, https:\/\/www.iemj.org\/wp-content\/uploads\/2024\/03\/AUDIO-PLAYER-600x78.png 600w, https:\/\/www.iemj.org\/wp-content\/uploads\/2024\/03\/AUDIO-PLAYER.png 1210w\" sizes=\"(max-width: 1024px) 100vw, 1024px\" \/><\/figure>\n<\/div>\n\n\n<div class=\"wp-block-file\"><a id=\"wp-block-file--media-391528e7-4eba-4949-8f1d-560e573dc6f6\" href=\"https:\/\/www.iemj.org\/wp-content\/uploads\/2020\/05\/01._tumba_populaire_.mp3\">Tumba &#8211; populaire (Extrait)<\/a><\/div>\n\n\n\n<div class=\"wp-block-file\"><a id=\"wp-block-file--media-a3afbbdd-16a7-4434-accb-8f42ada8dc16\" href=\"https:\/\/www.iemj.org\/wp-content\/uploads\/2020\/05\/02._oyfn_veg_shteyt_a_boym.mp3\">Oyfn veg shteyt a boym (Extrait)<\/a><\/div>\n\n\n\n<div class=\"wp-block-file\"><a id=\"wp-block-file--media-bc1719c8-4b8f-4cc6-b512-9a6867c2f657\" href=\"https:\/\/www.iemj.org\/wp-content\/uploads\/2020\/05\/03._nor_a_mame_populaire_-_david_einhorn_.mp3\">Nor a mame &#8211; populaire &#8211; David Einhorn (Extrait)<\/a><\/div>\n\n\n\n<div class=\"wp-block-file\"><a id=\"wp-block-file--media-6a15ae3f-37d7-4ec5-8fcc-576c25d41a16\" href=\"https:\/\/www.iemj.org\/wp-content\/uploads\/2020\/05\/04._du_du_aliza_greeblatt_.mp3\">Du, du &#8211; Aliza Greeblatt (Extrait)<\/a><\/div>\n\n\n\n<div class=\"wp-block-file\"><a id=\"wp-block-file--media-d1b58b93-ad08-4a47-b2e1-f6b3f8ca211d\" href=\"https:\/\/www.iemj.org\/wp-content\/uploads\/2020\/05\/05._oyfn_pripetshik_mark_m._warshawski_.mp3\">Oyfn pripetshik &#8211; Mark M. Warshawski (Extrait)<\/a><\/div>\n\n\n\n<div class=\"wp-block-file\"><a id=\"wp-block-file--media-0da30db1-5b7c-4f6f-aca3-1b157d34a715\" href=\"https:\/\/www.iemj.org\/wp-content\/uploads\/2020\/05\/06._undzer_shtetl_brent_mordekai_gebirtig_.mp3\">Undzer shtetl brent &#8211; Mordeka\u00ef Gebirtig (Extrait)<\/a><\/div>\n\n\n\n<div class=\"wp-block-file\"><a id=\"wp-block-file--media-5100f9c6-9111-4dc9-a9ef-e8d5c7da36ba\" href=\"https:\/\/www.iemj.org\/wp-content\/uploads\/2020\/05\/07._ze_dos_kleydl_tateshi_henekh_kohn_-itzik_manger_.mp3\">Ze dos kleydl tateshi &#8211; Henekh Kohn &#8211; Itzik Manger (Extrait)<\/a><\/div>\n\n\n\n<div class=\"wp-block-file\"><a id=\"wp-block-file--media-62e2799c-d0ad-4ba6-9506-8604dd996114\" href=\"https:\/\/www.iemj.org\/wp-content\/uploads\/2020\/05\/08._zol_zayn_yosef_papernikov_.mp3\">Zol zayn &#8211; Yosef Papernikov (Extrait)<\/a><\/div>\n","protected":false},"excerpt":{"rendered":"<p>Este \u00e1lbum re\u00fane 13 canciones folcl\u00f3ricas en yiddish interpretadas por el tr\u00edo femenino ISAJOAN (Anne Garcenot, Jo\u00eblle Garcenot e Isabelle Morelli). La armonizaci\u00f3n de las canciones y la direcci\u00f3n del<\/p>\n","protected":false},"author":5,"featured_media":57941,"comment_status":"closed","ping_status":"closed","sticky":false,"template":"","format":"standard","meta":{"_acf_changed":false,"footnotes":""},"categories":[1568,1565],"tags":[],"technique":[],"squelettes":[],"sujet":[],"formation":[],"genre":[1863],"fonds":[],"tradition":[],"type-de-contenu":[],"interprete-compositeur":[],"frise":[],"type-devenement":[],"tableaux-liens-externes":[],"class_list":["post-57940","post","type-post","status-publish","format-standard","has-post-thumbnail","hentry","category-cd-es","category-ultimas-adquisiciones-es","genre-yiddish-es"],"acf":[],"yoast_head":"<!-- This site is optimized with the Yoast SEO plugin v27.3 - https:\/\/yoast.com\/product\/yoast-seo-wordpress\/ -->\n<title>Oyfn Veg (en chemin) - Institut Europ\u00e9en des Musiques Juives<\/title>\n<meta name=\"robots\" content=\"index, follow, max-snippet:-1, max-image-preview:large, max-video-preview:-1\" \/>\n<link rel=\"canonical\" href=\"https:\/\/www.iemj.org\/es\/oyfn-veg-en-chemin\/\" \/>\n<meta property=\"og:locale\" content=\"es_ES\" \/>\n<meta property=\"og:type\" content=\"article\" \/>\n<meta property=\"og:title\" content=\"Oyfn Veg (en chemin) - Institut Europ\u00e9en des Musiques Juives\" \/>\n<meta property=\"og:description\" content=\"Este \u00e1lbum re\u00fane 13 canciones folcl\u00f3ricas en yiddish interpretadas por el tr\u00edo femenino ISAJOAN (Anne Garcenot, Jo\u00eblle Garcenot e Isabelle Morelli). La armonizaci\u00f3n de las canciones y la direcci\u00f3n del\" \/>\n<meta property=\"og:url\" content=\"https:\/\/www.iemj.org\/es\/oyfn-veg-en-chemin\/\" \/>\n<meta property=\"og:site_name\" content=\"Institut Europ\u00e9en des Musiques Juives\" \/>\n<meta property=\"article:publisher\" content=\"https:\/\/www.facebook.com\/MusiquesJuives\/\" \/>\n<meta property=\"article:published_time\" content=\"2020-05-28T14:52:49+00:00\" \/>\n<meta property=\"article:modified_time\" content=\"2025-10-19T16:59:02+00:00\" \/>\n<meta property=\"og:image\" content=\"https:\/\/www.iemj.org\/wp-content\/uploads\/2020\/05\/arton4763-e1619018322328.jpg\" \/>\n\t<meta property=\"og:image:width\" content=\"350\" \/>\n\t<meta property=\"og:image:height\" content=\"351\" \/>\n\t<meta property=\"og:image:type\" content=\"image\/jpeg\" \/>\n<meta name=\"author\" content=\"Jacqueline ROTEN\" \/>\n<meta name=\"twitter:card\" content=\"summary_large_image\" \/>\n<meta name=\"twitter:label1\" content=\"Escrito por\" \/>\n\t<meta name=\"twitter:data1\" content=\"Jacqueline ROTEN\" \/>\n\t<meta name=\"twitter:label2\" content=\"Tiempo de lectura\" \/>\n\t<meta name=\"twitter:data2\" content=\"2 minutos\" \/>\n<script type=\"application\/ld+json\" class=\"yoast-schema-graph\">{\"@context\":\"https:\\\/\\\/schema.org\",\"@graph\":[{\"@type\":\"Article\",\"@id\":\"https:\\\/\\\/www.iemj.org\\\/es\\\/oyfn-veg-en-chemin\\\/#article\",\"isPartOf\":{\"@id\":\"https:\\\/\\\/www.iemj.org\\\/es\\\/oyfn-veg-en-chemin\\\/\"},\"author\":{\"name\":\"Jacqueline ROTEN\",\"@id\":\"https:\\\/\\\/www.iemj.org\\\/es\\\/#\\\/schema\\\/person\\\/358e26c18aca017fcc4cc15437f7279c\"},\"headline\":\"Oyfn Veg (en chemin)\",\"datePublished\":\"2020-05-28T14:52:49+00:00\",\"dateModified\":\"2025-10-19T16:59:02+00:00\",\"mainEntityOfPage\":{\"@id\":\"https:\\\/\\\/www.iemj.org\\\/es\\\/oyfn-veg-en-chemin\\\/\"},\"wordCount\":218,\"publisher\":{\"@id\":\"https:\\\/\\\/www.iemj.org\\\/es\\\/#organization\"},\"image\":{\"@id\":\"https:\\\/\\\/www.iemj.org\\\/es\\\/oyfn-veg-en-chemin\\\/#primaryimage\"},\"thumbnailUrl\":\"https:\\\/\\\/www.iemj.org\\\/wp-content\\\/uploads\\\/2020\\\/05\\\/arton4763-e1619018322328.jpg\",\"articleSection\":[\"CD\",\"\u00daltimas adquisiciones\"],\"inLanguage\":\"es\"},{\"@type\":\"WebPage\",\"@id\":\"https:\\\/\\\/www.iemj.org\\\/es\\\/oyfn-veg-en-chemin\\\/\",\"url\":\"https:\\\/\\\/www.iemj.org\\\/es\\\/oyfn-veg-en-chemin\\\/\",\"name\":\"Oyfn Veg (en chemin) - Institut Europ\u00e9en des Musiques Juives\",\"isPartOf\":{\"@id\":\"https:\\\/\\\/www.iemj.org\\\/es\\\/#website\"},\"primaryImageOfPage\":{\"@id\":\"https:\\\/\\\/www.iemj.org\\\/es\\\/oyfn-veg-en-chemin\\\/#primaryimage\"},\"image\":{\"@id\":\"https:\\\/\\\/www.iemj.org\\\/es\\\/oyfn-veg-en-chemin\\\/#primaryimage\"},\"thumbnailUrl\":\"https:\\\/\\\/www.iemj.org\\\/wp-content\\\/uploads\\\/2020\\\/05\\\/arton4763-e1619018322328.jpg\",\"datePublished\":\"2020-05-28T14:52:49+00:00\",\"dateModified\":\"2025-10-19T16:59:02+00:00\",\"breadcrumb\":{\"@id\":\"https:\\\/\\\/www.iemj.org\\\/es\\\/oyfn-veg-en-chemin\\\/#breadcrumb\"},\"inLanguage\":\"es\",\"potentialAction\":[{\"@type\":\"ReadAction\",\"target\":[\"https:\\\/\\\/www.iemj.org\\\/es\\\/oyfn-veg-en-chemin\\\/\"]}]},{\"@type\":\"ImageObject\",\"inLanguage\":\"es\",\"@id\":\"https:\\\/\\\/www.iemj.org\\\/es\\\/oyfn-veg-en-chemin\\\/#primaryimage\",\"url\":\"https:\\\/\\\/www.iemj.org\\\/wp-content\\\/uploads\\\/2020\\\/05\\\/arton4763-e1619018322328.jpg\",\"contentUrl\":\"https:\\\/\\\/www.iemj.org\\\/wp-content\\\/uploads\\\/2020\\\/05\\\/arton4763-e1619018322328.jpg\",\"width\":350,\"height\":351},{\"@type\":\"BreadcrumbList\",\"@id\":\"https:\\\/\\\/www.iemj.org\\\/es\\\/oyfn-veg-en-chemin\\\/#breadcrumb\",\"itemListElement\":[{\"@type\":\"ListItem\",\"position\":1,\"name\":\"Accueil\",\"item\":\"https:\\\/\\\/www.iemj.org\\\/es\\\/\"},{\"@type\":\"ListItem\",\"position\":2,\"name\":\"Oyfn Veg (en chemin)\"}]},{\"@type\":\"WebSite\",\"@id\":\"https:\\\/\\\/www.iemj.org\\\/es\\\/#website\",\"url\":\"https:\\\/\\\/www.iemj.org\\\/es\\\/\",\"name\":\"Institut Europ\u00e9en des Musiques Juives\",\"description\":\"Des traditions musicales \u00e0 la port\u00e9e de tous\",\"publisher\":{\"@id\":\"https:\\\/\\\/www.iemj.org\\\/es\\\/#organization\"},\"potentialAction\":[{\"@type\":\"SearchAction\",\"target\":{\"@type\":\"EntryPoint\",\"urlTemplate\":\"https:\\\/\\\/www.iemj.org\\\/es\\\/?s={search_term_string}\"},\"query-input\":{\"@type\":\"PropertyValueSpecification\",\"valueRequired\":true,\"valueName\":\"search_term_string\"}}],\"inLanguage\":\"es\"},{\"@type\":\"Organization\",\"@id\":\"https:\\\/\\\/www.iemj.org\\\/es\\\/#organization\",\"name\":\"Institut Europ\u00e9en des Musiques Juives\",\"url\":\"https:\\\/\\\/www.iemj.org\\\/es\\\/\",\"logo\":{\"@type\":\"ImageObject\",\"inLanguage\":\"es\",\"@id\":\"https:\\\/\\\/www.iemj.org\\\/es\\\/#\\\/schema\\\/logo\\\/image\\\/\",\"url\":\"https:\\\/\\\/www.iemj.org\\\/wp-content\\\/uploads\\\/2021\\\/09\\\/Logo-IEMJ-Paypal.jpg\",\"contentUrl\":\"https:\\\/\\\/www.iemj.org\\\/wp-content\\\/uploads\\\/2021\\\/09\\\/Logo-IEMJ-Paypal.jpg\",\"width\":150,\"height\":50,\"caption\":\"Institut Europ\u00e9en des Musiques Juives\"},\"image\":{\"@id\":\"https:\\\/\\\/www.iemj.org\\\/es\\\/#\\\/schema\\\/logo\\\/image\\\/\"},\"sameAs\":[\"https:\\\/\\\/www.facebook.com\\\/MusiquesJuives\\\/\",\"https:\\\/\\\/www.instagram.com\\\/musiquesjuives\\\/\",\"https:\\\/\\\/www.youtube.com\\\/user\\\/musiquesjuives\"]},{\"@type\":\"Person\",\"@id\":\"https:\\\/\\\/www.iemj.org\\\/es\\\/#\\\/schema\\\/person\\\/358e26c18aca017fcc4cc15437f7279c\",\"name\":\"Jacqueline ROTEN\",\"image\":{\"@type\":\"ImageObject\",\"inLanguage\":\"es\",\"@id\":\"https:\\\/\\\/secure.gravatar.com\\\/avatar\\\/5964256d6c6957de3a3505278957e0fb2a35119ac47ea41827a65301213c810b?s=96&d=mm&r=g\",\"url\":\"https:\\\/\\\/secure.gravatar.com\\\/avatar\\\/5964256d6c6957de3a3505278957e0fb2a35119ac47ea41827a65301213c810b?s=96&d=mm&r=g\",\"contentUrl\":\"https:\\\/\\\/secure.gravatar.com\\\/avatar\\\/5964256d6c6957de3a3505278957e0fb2a35119ac47ea41827a65301213c810b?s=96&d=mm&r=g\",\"caption\":\"Jacqueline ROTEN\"}}]}<\/script>\n<!-- \/ Yoast SEO plugin. -->","yoast_head_json":{"title":"Oyfn Veg (en chemin) - Institut Europ\u00e9en des Musiques Juives","robots":{"index":"index","follow":"follow","max-snippet":"max-snippet:-1","max-image-preview":"max-image-preview:large","max-video-preview":"max-video-preview:-1"},"canonical":"https:\/\/www.iemj.org\/es\/oyfn-veg-en-chemin\/","og_locale":"es_ES","og_type":"article","og_title":"Oyfn Veg (en chemin) - Institut Europ\u00e9en des Musiques Juives","og_description":"Este \u00e1lbum re\u00fane 13 canciones folcl\u00f3ricas en yiddish interpretadas por el tr\u00edo femenino ISAJOAN (Anne Garcenot, Jo\u00eblle Garcenot e Isabelle Morelli). La armonizaci\u00f3n de las canciones y la direcci\u00f3n del","og_url":"https:\/\/www.iemj.org\/es\/oyfn-veg-en-chemin\/","og_site_name":"Institut Europ\u00e9en des Musiques Juives","article_publisher":"https:\/\/www.facebook.com\/MusiquesJuives\/","article_published_time":"2020-05-28T14:52:49+00:00","article_modified_time":"2025-10-19T16:59:02+00:00","og_image":[{"width":350,"height":351,"url":"https:\/\/www.iemj.org\/wp-content\/uploads\/2020\/05\/arton4763-e1619018322328.jpg","type":"image\/jpeg"}],"author":"Jacqueline ROTEN","twitter_card":"summary_large_image","twitter_misc":{"Escrito por":"Jacqueline ROTEN","Tiempo de lectura":"2 minutos"},"schema":{"@context":"https:\/\/schema.org","@graph":[{"@type":"Article","@id":"https:\/\/www.iemj.org\/es\/oyfn-veg-en-chemin\/#article","isPartOf":{"@id":"https:\/\/www.iemj.org\/es\/oyfn-veg-en-chemin\/"},"author":{"name":"Jacqueline ROTEN","@id":"https:\/\/www.iemj.org\/es\/#\/schema\/person\/358e26c18aca017fcc4cc15437f7279c"},"headline":"Oyfn Veg (en chemin)","datePublished":"2020-05-28T14:52:49+00:00","dateModified":"2025-10-19T16:59:02+00:00","mainEntityOfPage":{"@id":"https:\/\/www.iemj.org\/es\/oyfn-veg-en-chemin\/"},"wordCount":218,"publisher":{"@id":"https:\/\/www.iemj.org\/es\/#organization"},"image":{"@id":"https:\/\/www.iemj.org\/es\/oyfn-veg-en-chemin\/#primaryimage"},"thumbnailUrl":"https:\/\/www.iemj.org\/wp-content\/uploads\/2020\/05\/arton4763-e1619018322328.jpg","articleSection":["CD","\u00daltimas adquisiciones"],"inLanguage":"es"},{"@type":"WebPage","@id":"https:\/\/www.iemj.org\/es\/oyfn-veg-en-chemin\/","url":"https:\/\/www.iemj.org\/es\/oyfn-veg-en-chemin\/","name":"Oyfn Veg (en chemin) - Institut Europ\u00e9en des Musiques Juives","isPartOf":{"@id":"https:\/\/www.iemj.org\/es\/#website"},"primaryImageOfPage":{"@id":"https:\/\/www.iemj.org\/es\/oyfn-veg-en-chemin\/#primaryimage"},"image":{"@id":"https:\/\/www.iemj.org\/es\/oyfn-veg-en-chemin\/#primaryimage"},"thumbnailUrl":"https:\/\/www.iemj.org\/wp-content\/uploads\/2020\/05\/arton4763-e1619018322328.jpg","datePublished":"2020-05-28T14:52:49+00:00","dateModified":"2025-10-19T16:59:02+00:00","breadcrumb":{"@id":"https:\/\/www.iemj.org\/es\/oyfn-veg-en-chemin\/#breadcrumb"},"inLanguage":"es","potentialAction":[{"@type":"ReadAction","target":["https:\/\/www.iemj.org\/es\/oyfn-veg-en-chemin\/"]}]},{"@type":"ImageObject","inLanguage":"es","@id":"https:\/\/www.iemj.org\/es\/oyfn-veg-en-chemin\/#primaryimage","url":"https:\/\/www.iemj.org\/wp-content\/uploads\/2020\/05\/arton4763-e1619018322328.jpg","contentUrl":"https:\/\/www.iemj.org\/wp-content\/uploads\/2020\/05\/arton4763-e1619018322328.jpg","width":350,"height":351},{"@type":"BreadcrumbList","@id":"https:\/\/www.iemj.org\/es\/oyfn-veg-en-chemin\/#breadcrumb","itemListElement":[{"@type":"ListItem","position":1,"name":"Accueil","item":"https:\/\/www.iemj.org\/es\/"},{"@type":"ListItem","position":2,"name":"Oyfn Veg (en chemin)"}]},{"@type":"WebSite","@id":"https:\/\/www.iemj.org\/es\/#website","url":"https:\/\/www.iemj.org\/es\/","name":"Institut Europ\u00e9en des Musiques Juives","description":"Des traditions musicales \u00e0 la port\u00e9e de tous","publisher":{"@id":"https:\/\/www.iemj.org\/es\/#organization"},"potentialAction":[{"@type":"SearchAction","target":{"@type":"EntryPoint","urlTemplate":"https:\/\/www.iemj.org\/es\/?s={search_term_string}"},"query-input":{"@type":"PropertyValueSpecification","valueRequired":true,"valueName":"search_term_string"}}],"inLanguage":"es"},{"@type":"Organization","@id":"https:\/\/www.iemj.org\/es\/#organization","name":"Institut Europ\u00e9en des Musiques Juives","url":"https:\/\/www.iemj.org\/es\/","logo":{"@type":"ImageObject","inLanguage":"es","@id":"https:\/\/www.iemj.org\/es\/#\/schema\/logo\/image\/","url":"https:\/\/www.iemj.org\/wp-content\/uploads\/2021\/09\/Logo-IEMJ-Paypal.jpg","contentUrl":"https:\/\/www.iemj.org\/wp-content\/uploads\/2021\/09\/Logo-IEMJ-Paypal.jpg","width":150,"height":50,"caption":"Institut Europ\u00e9en des Musiques Juives"},"image":{"@id":"https:\/\/www.iemj.org\/es\/#\/schema\/logo\/image\/"},"sameAs":["https:\/\/www.facebook.com\/MusiquesJuives\/","https:\/\/www.instagram.com\/musiquesjuives\/","https:\/\/www.youtube.com\/user\/musiquesjuives"]},{"@type":"Person","@id":"https:\/\/www.iemj.org\/es\/#\/schema\/person\/358e26c18aca017fcc4cc15437f7279c","name":"Jacqueline ROTEN","image":{"@type":"ImageObject","inLanguage":"es","@id":"https:\/\/secure.gravatar.com\/avatar\/5964256d6c6957de3a3505278957e0fb2a35119ac47ea41827a65301213c810b?s=96&d=mm&r=g","url":"https:\/\/secure.gravatar.com\/avatar\/5964256d6c6957de3a3505278957e0fb2a35119ac47ea41827a65301213c810b?s=96&d=mm&r=g","contentUrl":"https:\/\/secure.gravatar.com\/avatar\/5964256d6c6957de3a3505278957e0fb2a35119ac47ea41827a65301213c810b?s=96&d=mm&r=g","caption":"Jacqueline ROTEN"}}]}},"_links":{"self":[{"href":"https:\/\/www.iemj.org\/es\/wp-json\/wp\/v2\/posts\/57940","targetHints":{"allow":["GET"]}}],"collection":[{"href":"https:\/\/www.iemj.org\/es\/wp-json\/wp\/v2\/posts"}],"about":[{"href":"https:\/\/www.iemj.org\/es\/wp-json\/wp\/v2\/types\/post"}],"author":[{"embeddable":true,"href":"https:\/\/www.iemj.org\/es\/wp-json\/wp\/v2\/users\/5"}],"replies":[{"embeddable":true,"href":"https:\/\/www.iemj.org\/es\/wp-json\/wp\/v2\/comments?post=57940"}],"version-history":[{"count":2,"href":"https:\/\/www.iemj.org\/es\/wp-json\/wp\/v2\/posts\/57940\/revisions"}],"predecessor-version":[{"id":127240,"href":"https:\/\/www.iemj.org\/es\/wp-json\/wp\/v2\/posts\/57940\/revisions\/127240"}],"wp:featuredmedia":[{"embeddable":true,"href":"https:\/\/www.iemj.org\/es\/wp-json\/wp\/v2\/media\/57941"}],"wp:attachment":[{"href":"https:\/\/www.iemj.org\/es\/wp-json\/wp\/v2\/media?parent=57940"}],"wp:term":[{"taxonomy":"category","embeddable":true,"href":"https:\/\/www.iemj.org\/es\/wp-json\/wp\/v2\/categories?post=57940"},{"taxonomy":"post_tag","embeddable":true,"href":"https:\/\/www.iemj.org\/es\/wp-json\/wp\/v2\/tags?post=57940"},{"taxonomy":"technique","embeddable":true,"href":"https:\/\/www.iemj.org\/es\/wp-json\/wp\/v2\/technique?post=57940"},{"taxonomy":"squelettes","embeddable":true,"href":"https:\/\/www.iemj.org\/es\/wp-json\/wp\/v2\/squelettes?post=57940"},{"taxonomy":"sujet","embeddable":true,"href":"https:\/\/www.iemj.org\/es\/wp-json\/wp\/v2\/sujet?post=57940"},{"taxonomy":"formation","embeddable":true,"href":"https:\/\/www.iemj.org\/es\/wp-json\/wp\/v2\/formation?post=57940"},{"taxonomy":"genre","embeddable":true,"href":"https:\/\/www.iemj.org\/es\/wp-json\/wp\/v2\/genre?post=57940"},{"taxonomy":"fonds","embeddable":true,"href":"https:\/\/www.iemj.org\/es\/wp-json\/wp\/v2\/fonds?post=57940"},{"taxonomy":"tradition","embeddable":true,"href":"https:\/\/www.iemj.org\/es\/wp-json\/wp\/v2\/tradition?post=57940"},{"taxonomy":"type-de-contenu","embeddable":true,"href":"https:\/\/www.iemj.org\/es\/wp-json\/wp\/v2\/type-de-contenu?post=57940"},{"taxonomy":"interprete-compositeur","embeddable":true,"href":"https:\/\/www.iemj.org\/es\/wp-json\/wp\/v2\/interprete-compositeur?post=57940"},{"taxonomy":"frise","embeddable":true,"href":"https:\/\/www.iemj.org\/es\/wp-json\/wp\/v2\/frise?post=57940"},{"taxonomy":"type-devenement","embeddable":true,"href":"https:\/\/www.iemj.org\/es\/wp-json\/wp\/v2\/type-devenement?post=57940"},{"taxonomy":"tableaux-liens-externes","embeddable":true,"href":"https:\/\/www.iemj.org\/es\/wp-json\/wp\/v2\/tableaux-liens-externes?post=57940"}],"curies":[{"name":"wp","href":"https:\/\/api.w.org\/{rel}","templated":true}]}}