{"id":58046,"date":"2020-11-24T17:57:48","date_gmt":"2020-11-24T16:57:48","guid":{"rendered":"https:\/\/www.iemj.org\/walter-kaufmann-musique-de-chambre\/"},"modified":"2025-09-10T17:21:09","modified_gmt":"2025-09-10T15:21:09","slug":"walter-kaufmann-musique-de-chambre","status":"publish","type":"post","link":"https:\/\/www.iemj.org\/es\/walter-kaufmann-musique-de-chambre\/","title":{"rendered":"Walter Kaufmann: M\u00fasica de c\u00e1mara"},"content":{"rendered":"<p>Cuarto opus de la serie Music in Exile, el CD <em>Walter Kaufmann : Musique de chambre<\/em> (Walter Kaufmann: M\u00fasica de c\u00e1mara), publicado en Chandos el 28 de agosto de 2020, nos hace descubrir la obra injustamente olvidada de un compositor jud\u00edo checo habiendo huido el nazismo en cuanto 1934&#8230;<\/p>\n<p><!--more--><\/p>\n<p><a href=\"https:\/\/en.wikipedia.org\/wiki\/Walter_Kaufmann_(composer)\">Walter Kaufmann<\/a> hace parte de la gran lista de compositores jud\u00edos europeos marginados y olvidados como consecuencia del advenimiento del nazismo y de los cambios sociales que han seguido la Segunda Guerra mundial.<\/p>\n<p><img fetchpriority=\"high\" decoding=\"async\" class=\"alignnone\" src=\"https:\/\/www.iemj.org\/wp-content\/uploads\/2020\/11\/arc_ensemble_portrait_shot_by_nation_wong_tronquee_200px_vertic.jpg\" alt=\"arc_ensemble_portrait_shot_by_nation_wong_tronquee_200px_vertic.jpg\" width=\"320\" height=\"205\" align=\"right\" data-description=\"&quot;&lt;strong\" \/><\/p>\n<p>El destino de este compositor, director de orquesta y music\u00f3logo esta descrito en detalle en el libreta de este disco s\u00f3lidamente documentado por <a href=\"https:\/\/promusicahebraica.org\/about-pro-musica-hebraica\/board-of-advisers\/simon-wynberg\/\">Simon Wynberg<\/a>, director del Ensemble ARC (Artists of The Royal Conservatory), fundado en 2002 y basado en Canad\u00e1.<\/p>\n<p>Walter Kaufmann\u00a0naci\u00f3 el 1 de abril 1907 en Karlsbad, un balneario preciado del Imperio austro-h\u00fangaro que estar\u00e1 relacionado en Checoslovaquia despu\u00e9s de la Primera Guerra mundial. Especialmente dotado para la m\u00fasica, ingres\u00f3 en la Musikhochschule de Berl\u00edn al final de su educaci\u00f3n secundaria, donde estudi\u00f3 composici\u00f3n con Franz Schreker y musicolog\u00eda con el pionero de esta disciplina, Curt Sachs, que le introdujo en la m\u00fasica de la India. En 1933, mientras realizaba una tesis de musicolog\u00eda en la Universidad alemana de Praga, descubri\u00f3 que su director de tesis dirig\u00eda una compa\u00f1\u00eda de las Juventudes Hitlerianas. Entonces decidi\u00f3 dejar Praga y, tras obtener un visado para la India, se fue hacia Bombay en febrero de 1934. Su mujer le sigui\u00f3 unos meses despu\u00e9s. El resto de su familia, al no creer en la persistencia del movimiento nazi, fue ampliamente diezmada durante la guerra.<\/p>\n<p>En Bombay, Kaufmann fue contratado por la All India Radio (AIR) como director de la m\u00fasica europea. En 1936, compuso los cr\u00e9ditos de apertura de esta emisora de radio, cuya melod\u00eda siguen conociendo hoy cientos de millones de indios, \u00a1sin que imaginen nunca que fue obra de un joven refugiado jud\u00edo checoslovaco! En la India, Kaufmann frecuent\u00f3 el joven violinista Mehli Mehta, cuyo el hijo Zubin Mehta se convertir\u00eda m\u00e1s tarde en uno de los mejores directores de orquesta del mundo, que pas\u00f3 particularmente una parte de su carrera en Israel. Kaufmann tambi\u00e9n compuso varias partituras de pel\u00edculas para la floreciente industria cinematogr\u00e1fica de Bombay, el futuro Bollywood.<\/p>\n<p>So\u00f1ando con una carrera en Broadway o en Hollywood, Kaufmann se fue a Nueva York en diciembre de 1937. Regres\u00f3 a la India dos a\u00f1os despu\u00e9s, tras no haber encontrado un lugar para s\u00ed mismo en el Eldorado estadounidense. Al final de la guerra, el 30 de Agosto de 1946 precisamente, se fue a Londres. Pero la atracci\u00f3n por Am\u00e9rica persiste y se fue de nuevo a Nueva York el 17 de agosto de 1947. En septiembre de 1948, fue nombrado director de la Orquesta Sinf\u00f3nica de Winnipeg (Canad\u00e1). Convirti\u00f3 la orquesta en un verdadero conjunto profesional, dando muchos conciertos con varias de sus obras. Se interesa tambi\u00e9n a la ense\u00f1anza, sobre todo junto a los j\u00f3venes.<\/p>\n<p>En 1956, le ofrecieron finalmente un puesto en la Escuela de M\u00fasica de la Universidad de Indiana, en Bloomington (Estados Unidos). All\u00ed public\u00f3 sus investigaciones sobre las m\u00fasicas de la India, especialmente en la obra <em>Musical Notations of the Orient<\/em>. Walter Kaufmann lleg\u00f3 a ser conocido internacionalmente como music\u00f3logo, profesor, director de orquesta y compositor.<\/p>\n<p>Muri\u00f3 por causa de una insuficiencia card\u00edaca el 9 de septiembre de 1984, a la edad de 77 a\u00f1os.<\/p>\n<p>Su obra, conservada principalmente en la Biblioteca de la Universidad de Indiana en Bloomington, consta de m\u00e1s de un centenar de piezas de todos los g\u00e9neros: sinfon\u00edas, \u00f3peras, conciertos, piezas vocales o instrumentales&#8230; El estilo musical de sus piezas refleja la personalidad y el recorrido de este hombre extraordinario. Encontramos la influencia de la m\u00fasica india y sus modos (ragas), mezclada con reminiscencias de Debussy, Bartok, Stravinsky, \u00a1pero tambi\u00e9n melod\u00edas bohemias y klezmer!<\/p>\n<p>Este CD forma parte de una serie titulada M\u00fasica en el exilio, que incluye tres discos de m\u00fasica de c\u00e1mara de Paul Ben-Haim (publicaci\u00f3n: 2013), Jerzy Fitelberg (2015) y Szymon Laks (2017).<\/p>\n<p><img decoding=\"async\" class=\" alignleft size-full wp-image-30097\" src=\"https:\/\/www.iemj.org\/wp-content\/uploads\/2020\/11\/1.cd_laks_couv_redim.jpg\" alt=\"1.cd_laks_couv_redim.jpg\" width=\"209\" height=\"210\" align=\"left\" srcset=\"https:\/\/www.iemj.org\/wp-content\/uploads\/2020\/11\/1.cd_laks_couv_redim.jpg 209w, https:\/\/www.iemj.org\/wp-content\/uploads\/2020\/11\/1.cd_laks_couv_redim-150x150.jpg 150w, https:\/\/www.iemj.org\/wp-content\/uploads\/2020\/11\/1.cd_laks_couv_redim-100x100.jpg 100w\" sizes=\"(max-width: 209px) 100vw, 209px\" \/> <img decoding=\"async\" class=\" alignleft size-full wp-image-30099\" src=\"https:\/\/www.iemj.org\/wp-content\/uploads\/2020\/11\/2.cd_fitelberg_couv_redim.jpg\" alt=\"2.cd_fitelberg_couv_redim.jpg\" width=\"210\" height=\"210\" align=\"left\" srcset=\"https:\/\/www.iemj.org\/wp-content\/uploads\/2020\/11\/2.cd_fitelberg_couv_redim.jpg 210w, https:\/\/www.iemj.org\/wp-content\/uploads\/2020\/11\/2.cd_fitelberg_couv_redim-150x150.jpg 150w, https:\/\/www.iemj.org\/wp-content\/uploads\/2020\/11\/2.cd_fitelberg_couv_redim-100x100.jpg 100w\" sizes=\"(max-width: 210px) 100vw, 210px\" \/> <img loading=\"lazy\" decoding=\"async\" class=\" alignleft size-full wp-image-30101\" src=\"https:\/\/www.iemj.org\/wp-content\/uploads\/2020\/11\/3.cd_laks_couv_redim.jpg\" alt=\"3.cd_laks_couv_redim.jpg\" width=\"210\" height=\"210\" align=\"left\" srcset=\"https:\/\/www.iemj.org\/wp-content\/uploads\/2020\/11\/3.cd_laks_couv_redim.jpg 210w, https:\/\/www.iemj.org\/wp-content\/uploads\/2020\/11\/3.cd_laks_couv_redim-150x150.jpg 150w, https:\/\/www.iemj.org\/wp-content\/uploads\/2020\/11\/3.cd_laks_couv_redim-100x100.jpg 100w\" sizes=\"(max-width: 210px) 100vw, 210px\" \/><\/p>\n<p><!--more--><\/p>\n<p><a href=\"https:\/\/fr.wikipedia.org\/wiki\/Paul_Ben-Haim\">Paul Ben-Haim (1897-1984)<\/a>, nacido bajo el nombre de Paul Frankenburger, huyendo el nazismo, emigr\u00f3 en Palestina mandatoria en 1933 y se volv\u00ed uno de los compositores israel\u00ed m\u00e1s famoso El ARC Ensemble interpreta particularmente en este CD el cuarteto para piano op. 4, que no hab\u00eda sido tocado desde 1932.<\/p>\n<p>Nacido en Varsovia, <a href=\"https:\/\/fr.wikipedia.org\/wiki\/Jerzy_Fitelberg\">Jerzy Fitelberg (1903-1951)<\/a> muestra un indiscutible talento musical desde la m\u00e1s tierna infancia. Diplomado del Conservatorio de Varsovia, continua sus estudios de composici\u00f3n en cuanto a 1922 en la Musikhochschule de Berl\u00edn, especialmente junto a Franz Schreker. En 1933, huy\u00f3 Alemania nazi para instalarse en Par\u00eds, antes de exiliarse de nuevo en Am\u00e9rica en 1940. Instalado en Nueva York, sigue componer. Su reputaci\u00f3n s\u00f3lidamente establecida, obtuvo la nacionalidad americana en 1947, cuatro a\u00f1os antes su muerte. Su obra, constituida por m\u00e1s de 80 piezas, hoy esta ca\u00edda en el olvido parcialmente. Este CD nos permite descubrir cinco piezas de m\u00fasica de c\u00e1mara compuestas entre 1921 y 1943.<\/p>\n<p>Despu\u00e9s de estudios musicales al Conservatorio de Varsovia, <a href=\"https:\/\/fr.wikipedia.org\/wiki\/Simon_Laks\">Szimon (Simon) Laks (1901-1983)<\/a> visita Viena antes de instalarse en Par\u00eds en 1926. Estudio ah\u00ed la composici\u00f3n con Henri Rabaud y Paul Vidal. En mayo de 1941, Laks esta detenido y recluido en el campo de Pithiviers, en el departamento del Loiret, antes estar deportado catorce meses despu\u00e9s en el campo de Auschwitz-Birkenau. Esta nombrado a la cabeza del orquesta del campo, lo que le permite sobrevivir. Esta experiencia traum\u00e1tica, cuyo va a hacer el relato en 1948 en su obra <em>Musiques d\u2019un autre monde<\/em> [<em>M\u00fasica de un otro mundo<\/em>] (publicado de nuevo despu\u00e9s bajo el titulo de <em>M\u00e9lodies d\u2019Auschwitz<\/em> [<em>Melod\u00edas de Auschwitz<\/em>), va a marcar toda su vida. Simon Laks es el autor de una veintena de composiciones, cuyas algunas perdidas, en diferentes estilos: m\u00fasicas de pel\u00edcula, m\u00fasica de c\u00e1mara y incluso una \u00f3pera (<em>L\u2019Hirondelle inattendue<\/em>) Pocas de sus obras hacen referencia al Holocausto, al excepci\u00f3n de su <em>El\u00e9gie pour les villages juifs<\/em>\u00a0[Eleg\u00eda para los pueblos jud\u00edos] (1963), que lamentan la desaparici\u00f3n de la vida jud\u00eda en Polonia.<\/p>\n<p><a href=\"https:\/\/www.chandos.net\/products\/catalogue\/CHAN%2020170\" target=\"_blank\" rel=\"noopener\">Pedir los CDs Music in Exile<\/a><\/p>\n<p><a href=\"https:\/\/www.iemj.org\/es\/concert-quatuor-n-11-de-walter-kaufmann\/\" target=\"_blank\" rel=\"noopener\">Ver un extracto del concierto Walter Kaufmann presentado por el ARC Ensemble en Toronto en 2018<\/a><\/p>\n<p><a href=\"https:\/\/www.rcmusic.com\/performance\/arc-ensemble\" target=\"_blank\" rel=\"noopener\">M\u00e1s informaci\u00f3n sobre el ARC Ensemble<\/a><\/p>\n\n\n<h2 class=\"wp-block-heading\"><\/h2>\n\n\n<div class=\"wp-block-image\">\n<figure class=\"aligncenter size-large\"><img loading=\"lazy\" decoding=\"async\" width=\"1024\" height=\"133\" src=\"https:\/\/www.iemj.org\/wp-content\/uploads\/2024\/03\/AUDIO-PLAYER-1024x133.png\" alt=\"\" class=\"wp-image-110610\" srcset=\"https:\/\/www.iemj.org\/wp-content\/uploads\/2024\/03\/AUDIO-PLAYER-1024x133.png 1024w, https:\/\/www.iemj.org\/wp-content\/uploads\/2024\/03\/AUDIO-PLAYER-300x39.png 300w, https:\/\/www.iemj.org\/wp-content\/uploads\/2024\/03\/AUDIO-PLAYER-768x100.png 768w, https:\/\/www.iemj.org\/wp-content\/uploads\/2024\/03\/AUDIO-PLAYER-600x78.png 600w, https:\/\/www.iemj.org\/wp-content\/uploads\/2024\/03\/AUDIO-PLAYER.png 1210w\" sizes=\"(max-width: 1024px) 100vw, 1024px\" \/><\/figure>\n<\/div>\n\n\n<div class=\"wp-block-file\"><a href=\"https:\/\/www.iemj.org\/wp-content\/uploads\/2020\/11\/1_walter_kaufmann_-_string_quartet_n_11_2e_mvt_extrait_.mp3\">Walter Kaufmann &#8211;  String Quartet n\u00b011 (2e mvt) (Extrait)<\/a><\/div>\n\n\n\n<div class=\"wp-block-file\"><a href=\"https:\/\/www.iemj.org\/wp-content\/uploads\/2020\/11\/2_walter_kaufmann_-_string_quartet_n_11_4e_mvt_extrait_.mp3\">Walter Kaufmann &#8211; String Quartet n\u00b011 (4e mvt) (Extrait)<\/a><\/div>\n\n\n\n<div class=\"wp-block-file\"><a href=\"https:\/\/www.iemj.org\/wp-content\/uploads\/2020\/11\/3_walter_kaufmann_-_sonata_n_2_for_violin_and_piano_3e_mvt_extrait_.mp3\">Walter Kaufmann &#8211; Sonata n\u00b02 for Violin and Piano (3e mvt) (Extrait)<\/a><\/div>\n\n\n\n<div class=\"wp-block-file\"><a href=\"https:\/\/www.iemj.org\/wp-content\/uploads\/2020\/11\/4_walter_kaufmann_-_string_quartet_n_7_4e_mvt_extrait_.mp3\">Walter Kaufmann &#8211; String Quartet n\u00b07 (4e mvt) (Extrait)<\/a><\/div>\n\n\n\n<div class=\"wp-block-file\"><a href=\"https:\/\/www.iemj.org\/wp-content\/uploads\/2020\/11\/5_walter_kaufmann_-_string_quartet_n_7_5e_mvt_extrait_.mp3\">Walter Kaufmann &#8211; String Quartet n\u00b07 (5e mvt) (Extrait)<\/a><\/div>\n\n\n\n<div class=\"wp-block-file\"><a href=\"https:\/\/www.iemj.org\/wp-content\/uploads\/2020\/11\/6_walter_kaufmann_-_sonatina_n_12_arr_for_clarinet_and_piano_5e_mvt_extrait_.mp3\">Walter Kaufmann &#8211; Sonatina n\u00b012, arranged for Clarinet and Piano (5e mvt) (Extrait)<\/a><\/div>\n\n\n\n<div class=\"wp-block-file\"><a href=\"https:\/\/www.iemj.org\/wp-content\/uploads\/2020\/11\/7_paul_ben-haim_-_piano_quartet_op._4_1rst_mvt_extrait_.mp3\">Paul Ben-Haim &#8211; Piano Quartet Op. 4 (1rst mvt) (Extrait)<\/a><\/div>\n\n\n\n<div class=\"wp-block-file\"><a href=\"https:\/\/www.iemj.org\/wp-content\/uploads\/2020\/11\/8_jerzy_fitelberg_-_nachtmusik_op._9_extrait_.mp3\">Jerzy Fitelberg &#8211; Nachtmusik, Op. 9 (Extrait)<\/a><\/div>\n\n\n\n<div class=\"wp-block-file\"><a href=\"https:\/\/www.iemj.org\/wp-content\/uploads\/2020\/11\/9_szimon_laks_-_divertimento_for_violin_clarinet_bassoon_and_piano_extrait_.mp3\">Szimon Laks &#8211; Divertimento, for Violin, Clarinet, Bassoon, and Piano (Extrait)<\/a><\/div>\n","protected":false},"excerpt":{"rendered":"<p>Cuarto opus de la serie Music in Exile, el CD Walter Kaufmann : Musique de chambre (Walter Kaufmann: M\u00fasica de c\u00e1mara), publicado en Chandos el 28 de agosto de 2020,<\/p>\n","protected":false},"author":1045,"featured_media":58047,"comment_status":"closed","ping_status":"closed","sticky":false,"template":"","format":"standard","meta":{"_acf_changed":false,"footnotes":""},"categories":[1568,1565],"tags":[],"technique":[],"squelettes":[],"sujet":[],"formation":[],"genre":[1899],"fonds":[],"tradition":[],"type-de-contenu":[],"interprete-compositeur":[],"frise":[],"type-devenement":[],"tableaux-liens-externes":[],"class_list":["post-58046","post","type-post","status-publish","format-standard","has-post-thumbnail","hentry","category-cd-es","category-ultimas-adquisiciones-es","genre-musica-clasica-es"],"acf":[],"yoast_head":"<!-- This site is optimized with the Yoast SEO plugin v27.3 - https:\/\/yoast.com\/product\/yoast-seo-wordpress\/ -->\n<title>Walter Kaufmann: M\u00fasica de c\u00e1mara - Institut Europ\u00e9en des Musiques Juives<\/title>\n<meta name=\"robots\" content=\"index, follow, max-snippet:-1, max-image-preview:large, max-video-preview:-1\" \/>\n<link rel=\"canonical\" href=\"https:\/\/www.iemj.org\/es\/walter-kaufmann-musique-de-chambre\/\" \/>\n<meta property=\"og:locale\" content=\"es_ES\" \/>\n<meta property=\"og:type\" content=\"article\" \/>\n<meta property=\"og:title\" content=\"Walter Kaufmann: M\u00fasica de c\u00e1mara - Institut Europ\u00e9en des Musiques Juives\" \/>\n<meta property=\"og:description\" content=\"Cuarto opus de la serie Music in Exile, el CD Walter Kaufmann : Musique de chambre (Walter Kaufmann: M\u00fasica de c\u00e1mara), publicado en Chandos el 28 de agosto de 2020,\" \/>\n<meta property=\"og:url\" content=\"https:\/\/www.iemj.org\/es\/walter-kaufmann-musique-de-chambre\/\" \/>\n<meta property=\"og:site_name\" content=\"Institut Europ\u00e9en des Musiques Juives\" \/>\n<meta property=\"article:publisher\" content=\"https:\/\/www.facebook.com\/MusiquesJuives\/\" \/>\n<meta property=\"article:published_time\" content=\"2020-11-24T16:57:48+00:00\" \/>\n<meta property=\"article:modified_time\" content=\"2025-09-10T15:21:09+00:00\" \/>\n<meta property=\"og:image\" content=\"https:\/\/www.iemj.org\/wp-content\/uploads\/2020\/11\/arton4921-e1618938724314.jpg\" \/>\n\t<meta property=\"og:image:width\" content=\"350\" \/>\n\t<meta property=\"og:image:height\" content=\"347\" \/>\n\t<meta property=\"og:image:type\" content=\"image\/jpeg\" \/>\n<meta name=\"author\" content=\"Herv\u00e9 Roten\" \/>\n<meta name=\"twitter:card\" content=\"summary_large_image\" \/>\n<meta name=\"twitter:label1\" content=\"Escrito por\" \/>\n\t<meta name=\"twitter:data1\" content=\"Herv\u00e9 Roten\" \/>\n\t<meta name=\"twitter:label2\" content=\"Tiempo de lectura\" \/>\n\t<meta name=\"twitter:data2\" content=\"7 minutos\" \/>\n<script type=\"application\/ld+json\" class=\"yoast-schema-graph\">{\"@context\":\"https:\\\/\\\/schema.org\",\"@graph\":[{\"@type\":\"Article\",\"@id\":\"https:\\\/\\\/www.iemj.org\\\/es\\\/walter-kaufmann-musique-de-chambre\\\/#article\",\"isPartOf\":{\"@id\":\"https:\\\/\\\/www.iemj.org\\\/es\\\/walter-kaufmann-musique-de-chambre\\\/\"},\"author\":{\"name\":\"Herv\u00e9 Roten\",\"@id\":\"https:\\\/\\\/www.iemj.org\\\/es\\\/#\\\/schema\\\/person\\\/906134402c29d5c76e7b726261dd4bbd\"},\"headline\":\"Walter Kaufmann: M\u00fasica de c\u00e1mara\",\"datePublished\":\"2020-11-24T16:57:48+00:00\",\"dateModified\":\"2025-09-10T15:21:09+00:00\",\"mainEntityOfPage\":{\"@id\":\"https:\\\/\\\/www.iemj.org\\\/es\\\/walter-kaufmann-musique-de-chambre\\\/\"},\"wordCount\":1181,\"publisher\":{\"@id\":\"https:\\\/\\\/www.iemj.org\\\/es\\\/#organization\"},\"image\":{\"@id\":\"https:\\\/\\\/www.iemj.org\\\/es\\\/walter-kaufmann-musique-de-chambre\\\/#primaryimage\"},\"thumbnailUrl\":\"https:\\\/\\\/www.iemj.org\\\/wp-content\\\/uploads\\\/2020\\\/11\\\/arton4921-e1618938724314.jpg\",\"articleSection\":[\"CD\",\"\u00daltimas adquisiciones\"],\"inLanguage\":\"es\"},{\"@type\":\"WebPage\",\"@id\":\"https:\\\/\\\/www.iemj.org\\\/es\\\/walter-kaufmann-musique-de-chambre\\\/\",\"url\":\"https:\\\/\\\/www.iemj.org\\\/es\\\/walter-kaufmann-musique-de-chambre\\\/\",\"name\":\"Walter Kaufmann: M\u00fasica de c\u00e1mara - Institut Europ\u00e9en des Musiques Juives\",\"isPartOf\":{\"@id\":\"https:\\\/\\\/www.iemj.org\\\/es\\\/#website\"},\"primaryImageOfPage\":{\"@id\":\"https:\\\/\\\/www.iemj.org\\\/es\\\/walter-kaufmann-musique-de-chambre\\\/#primaryimage\"},\"image\":{\"@id\":\"https:\\\/\\\/www.iemj.org\\\/es\\\/walter-kaufmann-musique-de-chambre\\\/#primaryimage\"},\"thumbnailUrl\":\"https:\\\/\\\/www.iemj.org\\\/wp-content\\\/uploads\\\/2020\\\/11\\\/arton4921-e1618938724314.jpg\",\"datePublished\":\"2020-11-24T16:57:48+00:00\",\"dateModified\":\"2025-09-10T15:21:09+00:00\",\"breadcrumb\":{\"@id\":\"https:\\\/\\\/www.iemj.org\\\/es\\\/walter-kaufmann-musique-de-chambre\\\/#breadcrumb\"},\"inLanguage\":\"es\",\"potentialAction\":[{\"@type\":\"ReadAction\",\"target\":[\"https:\\\/\\\/www.iemj.org\\\/es\\\/walter-kaufmann-musique-de-chambre\\\/\"]}]},{\"@type\":\"ImageObject\",\"inLanguage\":\"es\",\"@id\":\"https:\\\/\\\/www.iemj.org\\\/es\\\/walter-kaufmann-musique-de-chambre\\\/#primaryimage\",\"url\":\"https:\\\/\\\/www.iemj.org\\\/wp-content\\\/uploads\\\/2020\\\/11\\\/arton4921-e1618938724314.jpg\",\"contentUrl\":\"https:\\\/\\\/www.iemj.org\\\/wp-content\\\/uploads\\\/2020\\\/11\\\/arton4921-e1618938724314.jpg\",\"width\":350,\"height\":347},{\"@type\":\"BreadcrumbList\",\"@id\":\"https:\\\/\\\/www.iemj.org\\\/es\\\/walter-kaufmann-musique-de-chambre\\\/#breadcrumb\",\"itemListElement\":[{\"@type\":\"ListItem\",\"position\":1,\"name\":\"Accueil\",\"item\":\"https:\\\/\\\/www.iemj.org\\\/es\\\/\"},{\"@type\":\"ListItem\",\"position\":2,\"name\":\"Walter Kaufmann: M\u00fasica de c\u00e1mara\"}]},{\"@type\":\"WebSite\",\"@id\":\"https:\\\/\\\/www.iemj.org\\\/es\\\/#website\",\"url\":\"https:\\\/\\\/www.iemj.org\\\/es\\\/\",\"name\":\"Institut Europ\u00e9en des Musiques Juives\",\"description\":\"Des traditions musicales \u00e0 la port\u00e9e de tous\",\"publisher\":{\"@id\":\"https:\\\/\\\/www.iemj.org\\\/es\\\/#organization\"},\"potentialAction\":[{\"@type\":\"SearchAction\",\"target\":{\"@type\":\"EntryPoint\",\"urlTemplate\":\"https:\\\/\\\/www.iemj.org\\\/es\\\/?s={search_term_string}\"},\"query-input\":{\"@type\":\"PropertyValueSpecification\",\"valueRequired\":true,\"valueName\":\"search_term_string\"}}],\"inLanguage\":\"es\"},{\"@type\":\"Organization\",\"@id\":\"https:\\\/\\\/www.iemj.org\\\/es\\\/#organization\",\"name\":\"Institut Europ\u00e9en des Musiques Juives\",\"url\":\"https:\\\/\\\/www.iemj.org\\\/es\\\/\",\"logo\":{\"@type\":\"ImageObject\",\"inLanguage\":\"es\",\"@id\":\"https:\\\/\\\/www.iemj.org\\\/es\\\/#\\\/schema\\\/logo\\\/image\\\/\",\"url\":\"https:\\\/\\\/www.iemj.org\\\/wp-content\\\/uploads\\\/2021\\\/09\\\/Logo-IEMJ-Paypal.jpg\",\"contentUrl\":\"https:\\\/\\\/www.iemj.org\\\/wp-content\\\/uploads\\\/2021\\\/09\\\/Logo-IEMJ-Paypal.jpg\",\"width\":150,\"height\":50,\"caption\":\"Institut Europ\u00e9en des Musiques Juives\"},\"image\":{\"@id\":\"https:\\\/\\\/www.iemj.org\\\/es\\\/#\\\/schema\\\/logo\\\/image\\\/\"},\"sameAs\":[\"https:\\\/\\\/www.facebook.com\\\/MusiquesJuives\\\/\",\"https:\\\/\\\/www.instagram.com\\\/musiquesjuives\\\/\",\"https:\\\/\\\/www.youtube.com\\\/user\\\/musiquesjuives\"]},{\"@type\":\"Person\",\"@id\":\"https:\\\/\\\/www.iemj.org\\\/es\\\/#\\\/schema\\\/person\\\/906134402c29d5c76e7b726261dd4bbd\",\"name\":\"Herv\u00e9 Roten\",\"image\":{\"@type\":\"ImageObject\",\"inLanguage\":\"es\",\"@id\":\"https:\\\/\\\/secure.gravatar.com\\\/avatar\\\/f96ad2db538a26481f18384936b5cd0610c92d390c4dc382209216d455f685ff?s=96&d=mm&r=g\",\"url\":\"https:\\\/\\\/secure.gravatar.com\\\/avatar\\\/f96ad2db538a26481f18384936b5cd0610c92d390c4dc382209216d455f685ff?s=96&d=mm&r=g\",\"contentUrl\":\"https:\\\/\\\/secure.gravatar.com\\\/avatar\\\/f96ad2db538a26481f18384936b5cd0610c92d390c4dc382209216d455f685ff?s=96&d=mm&r=g\",\"caption\":\"Herv\u00e9 Roten\"}}]}<\/script>\n<!-- \/ Yoast SEO plugin. -->","yoast_head_json":{"title":"Walter Kaufmann: M\u00fasica de c\u00e1mara - Institut Europ\u00e9en des Musiques Juives","robots":{"index":"index","follow":"follow","max-snippet":"max-snippet:-1","max-image-preview":"max-image-preview:large","max-video-preview":"max-video-preview:-1"},"canonical":"https:\/\/www.iemj.org\/es\/walter-kaufmann-musique-de-chambre\/","og_locale":"es_ES","og_type":"article","og_title":"Walter Kaufmann: M\u00fasica de c\u00e1mara - Institut Europ\u00e9en des Musiques Juives","og_description":"Cuarto opus de la serie Music in Exile, el CD Walter Kaufmann : Musique de chambre (Walter Kaufmann: M\u00fasica de c\u00e1mara), publicado en Chandos el 28 de agosto de 2020,","og_url":"https:\/\/www.iemj.org\/es\/walter-kaufmann-musique-de-chambre\/","og_site_name":"Institut Europ\u00e9en des Musiques Juives","article_publisher":"https:\/\/www.facebook.com\/MusiquesJuives\/","article_published_time":"2020-11-24T16:57:48+00:00","article_modified_time":"2025-09-10T15:21:09+00:00","og_image":[{"width":350,"height":347,"url":"https:\/\/www.iemj.org\/wp-content\/uploads\/2020\/11\/arton4921-e1618938724314.jpg","type":"image\/jpeg"}],"author":"Herv\u00e9 Roten","twitter_card":"summary_large_image","twitter_misc":{"Escrito por":"Herv\u00e9 Roten","Tiempo de lectura":"7 minutos"},"schema":{"@context":"https:\/\/schema.org","@graph":[{"@type":"Article","@id":"https:\/\/www.iemj.org\/es\/walter-kaufmann-musique-de-chambre\/#article","isPartOf":{"@id":"https:\/\/www.iemj.org\/es\/walter-kaufmann-musique-de-chambre\/"},"author":{"name":"Herv\u00e9 Roten","@id":"https:\/\/www.iemj.org\/es\/#\/schema\/person\/906134402c29d5c76e7b726261dd4bbd"},"headline":"Walter Kaufmann: M\u00fasica de c\u00e1mara","datePublished":"2020-11-24T16:57:48+00:00","dateModified":"2025-09-10T15:21:09+00:00","mainEntityOfPage":{"@id":"https:\/\/www.iemj.org\/es\/walter-kaufmann-musique-de-chambre\/"},"wordCount":1181,"publisher":{"@id":"https:\/\/www.iemj.org\/es\/#organization"},"image":{"@id":"https:\/\/www.iemj.org\/es\/walter-kaufmann-musique-de-chambre\/#primaryimage"},"thumbnailUrl":"https:\/\/www.iemj.org\/wp-content\/uploads\/2020\/11\/arton4921-e1618938724314.jpg","articleSection":["CD","\u00daltimas adquisiciones"],"inLanguage":"es"},{"@type":"WebPage","@id":"https:\/\/www.iemj.org\/es\/walter-kaufmann-musique-de-chambre\/","url":"https:\/\/www.iemj.org\/es\/walter-kaufmann-musique-de-chambre\/","name":"Walter Kaufmann: M\u00fasica de c\u00e1mara - Institut Europ\u00e9en des Musiques Juives","isPartOf":{"@id":"https:\/\/www.iemj.org\/es\/#website"},"primaryImageOfPage":{"@id":"https:\/\/www.iemj.org\/es\/walter-kaufmann-musique-de-chambre\/#primaryimage"},"image":{"@id":"https:\/\/www.iemj.org\/es\/walter-kaufmann-musique-de-chambre\/#primaryimage"},"thumbnailUrl":"https:\/\/www.iemj.org\/wp-content\/uploads\/2020\/11\/arton4921-e1618938724314.jpg","datePublished":"2020-11-24T16:57:48+00:00","dateModified":"2025-09-10T15:21:09+00:00","breadcrumb":{"@id":"https:\/\/www.iemj.org\/es\/walter-kaufmann-musique-de-chambre\/#breadcrumb"},"inLanguage":"es","potentialAction":[{"@type":"ReadAction","target":["https:\/\/www.iemj.org\/es\/walter-kaufmann-musique-de-chambre\/"]}]},{"@type":"ImageObject","inLanguage":"es","@id":"https:\/\/www.iemj.org\/es\/walter-kaufmann-musique-de-chambre\/#primaryimage","url":"https:\/\/www.iemj.org\/wp-content\/uploads\/2020\/11\/arton4921-e1618938724314.jpg","contentUrl":"https:\/\/www.iemj.org\/wp-content\/uploads\/2020\/11\/arton4921-e1618938724314.jpg","width":350,"height":347},{"@type":"BreadcrumbList","@id":"https:\/\/www.iemj.org\/es\/walter-kaufmann-musique-de-chambre\/#breadcrumb","itemListElement":[{"@type":"ListItem","position":1,"name":"Accueil","item":"https:\/\/www.iemj.org\/es\/"},{"@type":"ListItem","position":2,"name":"Walter Kaufmann: M\u00fasica de c\u00e1mara"}]},{"@type":"WebSite","@id":"https:\/\/www.iemj.org\/es\/#website","url":"https:\/\/www.iemj.org\/es\/","name":"Institut Europ\u00e9en des Musiques Juives","description":"Des traditions musicales \u00e0 la port\u00e9e de tous","publisher":{"@id":"https:\/\/www.iemj.org\/es\/#organization"},"potentialAction":[{"@type":"SearchAction","target":{"@type":"EntryPoint","urlTemplate":"https:\/\/www.iemj.org\/es\/?s={search_term_string}"},"query-input":{"@type":"PropertyValueSpecification","valueRequired":true,"valueName":"search_term_string"}}],"inLanguage":"es"},{"@type":"Organization","@id":"https:\/\/www.iemj.org\/es\/#organization","name":"Institut Europ\u00e9en des Musiques Juives","url":"https:\/\/www.iemj.org\/es\/","logo":{"@type":"ImageObject","inLanguage":"es","@id":"https:\/\/www.iemj.org\/es\/#\/schema\/logo\/image\/","url":"https:\/\/www.iemj.org\/wp-content\/uploads\/2021\/09\/Logo-IEMJ-Paypal.jpg","contentUrl":"https:\/\/www.iemj.org\/wp-content\/uploads\/2021\/09\/Logo-IEMJ-Paypal.jpg","width":150,"height":50,"caption":"Institut Europ\u00e9en des Musiques Juives"},"image":{"@id":"https:\/\/www.iemj.org\/es\/#\/schema\/logo\/image\/"},"sameAs":["https:\/\/www.facebook.com\/MusiquesJuives\/","https:\/\/www.instagram.com\/musiquesjuives\/","https:\/\/www.youtube.com\/user\/musiquesjuives"]},{"@type":"Person","@id":"https:\/\/www.iemj.org\/es\/#\/schema\/person\/906134402c29d5c76e7b726261dd4bbd","name":"Herv\u00e9 Roten","image":{"@type":"ImageObject","inLanguage":"es","@id":"https:\/\/secure.gravatar.com\/avatar\/f96ad2db538a26481f18384936b5cd0610c92d390c4dc382209216d455f685ff?s=96&d=mm&r=g","url":"https:\/\/secure.gravatar.com\/avatar\/f96ad2db538a26481f18384936b5cd0610c92d390c4dc382209216d455f685ff?s=96&d=mm&r=g","contentUrl":"https:\/\/secure.gravatar.com\/avatar\/f96ad2db538a26481f18384936b5cd0610c92d390c4dc382209216d455f685ff?s=96&d=mm&r=g","caption":"Herv\u00e9 Roten"}}]}},"_links":{"self":[{"href":"https:\/\/www.iemj.org\/es\/wp-json\/wp\/v2\/posts\/58046","targetHints":{"allow":["GET"]}}],"collection":[{"href":"https:\/\/www.iemj.org\/es\/wp-json\/wp\/v2\/posts"}],"about":[{"href":"https:\/\/www.iemj.org\/es\/wp-json\/wp\/v2\/types\/post"}],"author":[{"embeddable":true,"href":"https:\/\/www.iemj.org\/es\/wp-json\/wp\/v2\/users\/1045"}],"replies":[{"embeddable":true,"href":"https:\/\/www.iemj.org\/es\/wp-json\/wp\/v2\/comments?post=58046"}],"version-history":[{"count":0,"href":"https:\/\/www.iemj.org\/es\/wp-json\/wp\/v2\/posts\/58046\/revisions"}],"wp:featuredmedia":[{"embeddable":true,"href":"https:\/\/www.iemj.org\/es\/wp-json\/wp\/v2\/media\/58047"}],"wp:attachment":[{"href":"https:\/\/www.iemj.org\/es\/wp-json\/wp\/v2\/media?parent=58046"}],"wp:term":[{"taxonomy":"category","embeddable":true,"href":"https:\/\/www.iemj.org\/es\/wp-json\/wp\/v2\/categories?post=58046"},{"taxonomy":"post_tag","embeddable":true,"href":"https:\/\/www.iemj.org\/es\/wp-json\/wp\/v2\/tags?post=58046"},{"taxonomy":"technique","embeddable":true,"href":"https:\/\/www.iemj.org\/es\/wp-json\/wp\/v2\/technique?post=58046"},{"taxonomy":"squelettes","embeddable":true,"href":"https:\/\/www.iemj.org\/es\/wp-json\/wp\/v2\/squelettes?post=58046"},{"taxonomy":"sujet","embeddable":true,"href":"https:\/\/www.iemj.org\/es\/wp-json\/wp\/v2\/sujet?post=58046"},{"taxonomy":"formation","embeddable":true,"href":"https:\/\/www.iemj.org\/es\/wp-json\/wp\/v2\/formation?post=58046"},{"taxonomy":"genre","embeddable":true,"href":"https:\/\/www.iemj.org\/es\/wp-json\/wp\/v2\/genre?post=58046"},{"taxonomy":"fonds","embeddable":true,"href":"https:\/\/www.iemj.org\/es\/wp-json\/wp\/v2\/fonds?post=58046"},{"taxonomy":"tradition","embeddable":true,"href":"https:\/\/www.iemj.org\/es\/wp-json\/wp\/v2\/tradition?post=58046"},{"taxonomy":"type-de-contenu","embeddable":true,"href":"https:\/\/www.iemj.org\/es\/wp-json\/wp\/v2\/type-de-contenu?post=58046"},{"taxonomy":"interprete-compositeur","embeddable":true,"href":"https:\/\/www.iemj.org\/es\/wp-json\/wp\/v2\/interprete-compositeur?post=58046"},{"taxonomy":"frise","embeddable":true,"href":"https:\/\/www.iemj.org\/es\/wp-json\/wp\/v2\/frise?post=58046"},{"taxonomy":"type-devenement","embeddable":true,"href":"https:\/\/www.iemj.org\/es\/wp-json\/wp\/v2\/type-devenement?post=58046"},{"taxonomy":"tableaux-liens-externes","embeddable":true,"href":"https:\/\/www.iemj.org\/es\/wp-json\/wp\/v2\/tableaux-liens-externes?post=58046"}],"curies":[{"name":"wp","href":"https:\/\/api.w.org\/{rel}","templated":true}]}}