{"id":58165,"date":"2020-10-05T12:21:04","date_gmt":"2020-10-05T10:21:04","guid":{"rendered":"https:\/\/www.iemj.org\/en-allant-a-uskudar\/"},"modified":"2025-09-10T16:53:06","modified_gmt":"2025-09-10T14:53:06","slug":"en-allant-a-uskudar","status":"publish","type":"post","link":"https:\/\/www.iemj.org\/es\/en-allant-a-uskudar\/","title":{"rendered":"En allant \u00e0 Uskudar"},"content":{"rendered":"<p>Primer \u00e1lbum de les Oreilles d\u2019Aman,\u00a0<em>En allant \u00e0 Uskudar<\/em>\u00a0(Al ir a Uskudar) examina los mestizajes de la m\u00fasica jud\u00eda, de las melod\u00edas turcas, de la pen\u00ednsula balc\u00e1nica con melod\u00edas klezmer y gitanos, pasando por el jazz, las m\u00fasicas occitana y cl\u00e1sica&#8230;<\/p>\n<p>Fundado en 2014 por la clarinetista y cantante L\u00e9a Platini, el colectivo Les Oreilles d\u2019Aman\u00a0junta s\u00e9is m\u00fasicos con aventuras sonoros plurales. Su trabajo com\u00fan combina la elegancia cl\u00e1sica, la locura gitana, el imaginario oriental y la espontaneidad de la improvisaci\u00f3n, al servicio de una tradici\u00f3n oral reinventada.<\/p>\n<p>Primer \u00e1lbum del grupo, <em>En allant \u00e0 Uskudar<\/em>\u00a0es una b\u00fasqueda de identidad, un planteamiento de preguntas que se va\u00a0 de los origines de la m\u00fasica klezmer y explora los di\u00e1logos con otras culturas a lo largo de su historia. Este recorrido, atento a sus ra\u00edces tanto como a su arborescencia, florece gracias a la contribuci\u00f3n entusiasta y espont\u00e1nea de m\u00fasicos movidos por la curiosidad y una visi\u00f3n libre y apasionada del intercambio musical.<\/p>\n<p><span style=\"font-size: revert; color: initial;\">El titulo del \u00e1lbum deriva de una famosa canci\u00f3n turca que ha servido como cr\u00e9ditos para la radio de Estambul durante mucho tiempo. La melod\u00eda es comuna a numerosos pa\u00edses de la pen\u00ednsula balc\u00e1nica. Adoptada por los Jud\u00edos sefard\u00edes del imperio otomano, ha pasado en el \u00e1mbito de la m\u00fasica klezmer por medio del clarinetista americano <\/span><a style=\"font-size: revert;\" href=\"https:\/\/www.iemj.org\/es\/brandwein-naftule-1889-1963\/\">Naftule Brandwein<\/a><span style=\"font-size: revert; color: initial;\"> quien le ha renombrada <em>Der Terk in America<\/em>. Les Oreilles d\u2019Aman se apropian de nuevo esta m\u00edtica melod\u00eda a\u00f1adiendo influencias tan diversas como la m\u00fasica occitana, oriental o cl\u00e1sica&#8230;<\/span><\/p>\n<p>L\u00e9a Platini: Clarinete, canto; Mathilde Dupuch: acorde\u00f3n; Jacotte Recolin\u00a0: viol\u00edn; Lionel Romieu: la\u00fad \u00e1rabe, trompeta; Thomas Bourgeois: percusiones orientales; Arthur Rendu: contrabajo<\/p>\n<p>Informaciones y compra del CD por correo electr\u00f3nico:\u00a0<a href=\"lesoreillesdaman@gmail.com\">lesoreillesdaman@gmail.com<\/a><br \/><a href=\"http:\/\/klezmer13.com\/\" target=\"_blank\" rel=\"noopener\">Visitar el sitio de les Oreilles d\u2019Aman<\/a><\/p>\n\n\n<figure class=\"wp-block-embed is-type-video is-provider-youtube wp-block-embed-youtube wp-embed-aspect-16-9 wp-has-aspect-ratio\"><div class=\"wp-block-embed__wrapper\">\n<iframe title=\"En Allant \u00e0 Uskudar - Les Oreilles d&#039;Aman ( teaser spectacle 2018)\" width=\"640\" height=\"360\" src=\"https:\/\/www.youtube.com\/embed\/mh7KtdRPobE?feature=oembed\" frameborder=\"0\" allow=\"accelerometer; autoplay; clipboard-write; encrypted-media; gyroscope; picture-in-picture; web-share\" referrerpolicy=\"strict-origin-when-cross-origin\" allowfullscreen><\/iframe>\n<\/div><\/figure>\n\n\n\n<h2 class=\"wp-block-heading\"><\/h2>\n\n\n<div class=\"wp-block-image\">\n<figure class=\"aligncenter size-large\"><img fetchpriority=\"high\" decoding=\"async\" width=\"1024\" height=\"133\" src=\"https:\/\/www.iemj.org\/wp-content\/uploads\/2024\/03\/AUDIO-PLAYER-1024x133.png\" alt=\"\" class=\"wp-image-110610\" srcset=\"https:\/\/www.iemj.org\/wp-content\/uploads\/2024\/03\/AUDIO-PLAYER-1024x133.png 1024w, https:\/\/www.iemj.org\/wp-content\/uploads\/2024\/03\/AUDIO-PLAYER-300x39.png 300w, https:\/\/www.iemj.org\/wp-content\/uploads\/2024\/03\/AUDIO-PLAYER-768x100.png 768w, https:\/\/www.iemj.org\/wp-content\/uploads\/2024\/03\/AUDIO-PLAYER-600x78.png 600w, https:\/\/www.iemj.org\/wp-content\/uploads\/2024\/03\/AUDIO-PLAYER.png 1210w\" sizes=\"(max-width: 1024px) 100vw, 1024px\" \/><\/figure>\n<\/div>\n\n\n<div class=\"wp-block-file\"><a href=\"https:\/\/www.iemj.org\/wp-content\/uploads\/2020\/10\/01_pr_lude_-_ouverture_doina-hora_.mp3\"> Pr\u00e9lude &#8211; Ouverture (Doina-Hora)<\/a><\/div>\n\n\n\n<div class=\"wp-block-file\"><a href=\"https:\/\/www.iemj.org\/wp-content\/uploads\/2020\/10\/02_primal_freylekh_extrait_.mp3\">Primal Freylekh (Extrait)<\/a><\/div>\n\n\n\n<div class=\"wp-block-file\"><a href=\"https:\/\/www.iemj.org\/wp-content\/uploads\/2020\/10\/03_r_miniscences_extrait_.mp3\">R\u00e9miniscences (Extrait)<\/a><\/div>\n\n\n\n<div class=\"wp-block-file\"><a href=\"https:\/\/www.iemj.org\/wp-content\/uploads\/2020\/10\/04_uskudar_-_d_part_extrait_.mp3\">Uskudar &#8211; D\u00e9part (Extrait)<\/a><\/div>\n\n\n\n<div class=\"wp-block-file\"><a href=\"https:\/\/www.iemj.org\/wp-content\/uploads\/2020\/10\/05_uskudar_-_transformation_extrait_.mp3\">Uskudar &#8211; Transformation (Extrait)<\/a><\/div>\n\n\n\n<div class=\"wp-block-file\"><a href=\"https:\/\/www.iemj.org\/wp-content\/uploads\/2020\/10\/06_uskudar_-_final_extrait_.mp3\">Uskudar &#8211; Final (Extrait)<\/a><\/div>\n","protected":false},"excerpt":{"rendered":"<p>Primer \u00e1lbum de les Oreilles d\u2019Aman,\u00a0En allant \u00e0 Uskudar\u00a0(Al ir a Uskudar) examina los mestizajes de la m\u00fasica jud\u00eda, de las melod\u00edas turcas, de la pen\u00ednsula balc\u00e1nica con melod\u00edas klezmer<\/p>\n","protected":false},"author":1045,"featured_media":58166,"comment_status":"closed","ping_status":"closed","sticky":false,"template":"","format":"standard","meta":{"_acf_changed":false,"footnotes":""},"categories":[1568,1565],"tags":[],"technique":[],"squelettes":[],"sujet":[],"formation":[],"genre":[1876],"fonds":[],"tradition":[],"type-de-contenu":[],"interprete-compositeur":[],"frise":[],"type-devenement":[],"tableaux-liens-externes":[],"class_list":["post-58165","post","type-post","status-publish","format-standard","has-post-thumbnail","hentry","category-cd-es","category-ultimas-adquisiciones-es","genre-klezmer-es"],"acf":[],"yoast_head":"<!-- This site is optimized with the Yoast SEO plugin v27.3 - https:\/\/yoast.com\/product\/yoast-seo-wordpress\/ -->\n<title>En allant \u00e0 Uskudar - Institut Europ\u00e9en des Musiques Juives<\/title>\n<meta name=\"robots\" content=\"index, follow, max-snippet:-1, max-image-preview:large, max-video-preview:-1\" \/>\n<link rel=\"canonical\" href=\"https:\/\/www.iemj.org\/es\/en-allant-a-uskudar\/\" \/>\n<meta property=\"og:locale\" content=\"es_ES\" \/>\n<meta property=\"og:type\" content=\"article\" \/>\n<meta property=\"og:title\" content=\"En allant \u00e0 Uskudar - Institut Europ\u00e9en des Musiques Juives\" \/>\n<meta property=\"og:description\" content=\"Primer \u00e1lbum de les Oreilles d\u2019Aman,\u00a0En allant \u00e0 Uskudar\u00a0(Al ir a Uskudar) examina los mestizajes de la m\u00fasica jud\u00eda, de las melod\u00edas turcas, de la pen\u00ednsula balc\u00e1nica con melod\u00edas klezmer\" \/>\n<meta property=\"og:url\" content=\"https:\/\/www.iemj.org\/es\/en-allant-a-uskudar\/\" \/>\n<meta property=\"og:site_name\" content=\"Institut Europ\u00e9en des Musiques Juives\" \/>\n<meta property=\"article:publisher\" content=\"https:\/\/www.facebook.com\/MusiquesJuives\/\" \/>\n<meta property=\"article:published_time\" content=\"2020-10-05T10:21:04+00:00\" \/>\n<meta property=\"article:modified_time\" content=\"2025-09-10T14:53:06+00:00\" \/>\n<meta property=\"og:image\" content=\"https:\/\/www.iemj.org\/wp-content\/uploads\/2020\/10\/arton4853-e1619017549797.jpg\" \/>\n\t<meta property=\"og:image:width\" content=\"350\" \/>\n\t<meta property=\"og:image:height\" content=\"317\" \/>\n\t<meta property=\"og:image:type\" content=\"image\/jpeg\" \/>\n<meta name=\"author\" content=\"Herv\u00e9 Roten\" \/>\n<meta name=\"twitter:card\" content=\"summary_large_image\" \/>\n<meta name=\"twitter:label1\" content=\"Escrito por\" \/>\n\t<meta name=\"twitter:data1\" content=\"Herv\u00e9 Roten\" \/>\n\t<meta name=\"twitter:label2\" content=\"Tiempo de lectura\" \/>\n\t<meta name=\"twitter:data2\" content=\"2 minutos\" \/>\n<script type=\"application\/ld+json\" class=\"yoast-schema-graph\">{\"@context\":\"https:\\\/\\\/schema.org\",\"@graph\":[{\"@type\":\"Article\",\"@id\":\"https:\\\/\\\/www.iemj.org\\\/es\\\/en-allant-a-uskudar\\\/#article\",\"isPartOf\":{\"@id\":\"https:\\\/\\\/www.iemj.org\\\/es\\\/en-allant-a-uskudar\\\/\"},\"author\":{\"name\":\"Herv\u00e9 Roten\",\"@id\":\"https:\\\/\\\/www.iemj.org\\\/es\\\/#\\\/schema\\\/person\\\/906134402c29d5c76e7b726261dd4bbd\"},\"headline\":\"En allant \u00e0 Uskudar\",\"datePublished\":\"2020-10-05T10:21:04+00:00\",\"dateModified\":\"2025-09-10T14:53:06+00:00\",\"mainEntityOfPage\":{\"@id\":\"https:\\\/\\\/www.iemj.org\\\/es\\\/en-allant-a-uskudar\\\/\"},\"wordCount\":367,\"publisher\":{\"@id\":\"https:\\\/\\\/www.iemj.org\\\/es\\\/#organization\"},\"image\":{\"@id\":\"https:\\\/\\\/www.iemj.org\\\/es\\\/en-allant-a-uskudar\\\/#primaryimage\"},\"thumbnailUrl\":\"https:\\\/\\\/www.iemj.org\\\/wp-content\\\/uploads\\\/2020\\\/10\\\/arton4853-e1619017549797.jpg\",\"articleSection\":[\"CD\",\"\u00daltimas adquisiciones\"],\"inLanguage\":\"es\"},{\"@type\":\"WebPage\",\"@id\":\"https:\\\/\\\/www.iemj.org\\\/es\\\/en-allant-a-uskudar\\\/\",\"url\":\"https:\\\/\\\/www.iemj.org\\\/es\\\/en-allant-a-uskudar\\\/\",\"name\":\"En allant \u00e0 Uskudar - Institut Europ\u00e9en des Musiques Juives\",\"isPartOf\":{\"@id\":\"https:\\\/\\\/www.iemj.org\\\/es\\\/#website\"},\"primaryImageOfPage\":{\"@id\":\"https:\\\/\\\/www.iemj.org\\\/es\\\/en-allant-a-uskudar\\\/#primaryimage\"},\"image\":{\"@id\":\"https:\\\/\\\/www.iemj.org\\\/es\\\/en-allant-a-uskudar\\\/#primaryimage\"},\"thumbnailUrl\":\"https:\\\/\\\/www.iemj.org\\\/wp-content\\\/uploads\\\/2020\\\/10\\\/arton4853-e1619017549797.jpg\",\"datePublished\":\"2020-10-05T10:21:04+00:00\",\"dateModified\":\"2025-09-10T14:53:06+00:00\",\"breadcrumb\":{\"@id\":\"https:\\\/\\\/www.iemj.org\\\/es\\\/en-allant-a-uskudar\\\/#breadcrumb\"},\"inLanguage\":\"es\",\"potentialAction\":[{\"@type\":\"ReadAction\",\"target\":[\"https:\\\/\\\/www.iemj.org\\\/es\\\/en-allant-a-uskudar\\\/\"]}]},{\"@type\":\"ImageObject\",\"inLanguage\":\"es\",\"@id\":\"https:\\\/\\\/www.iemj.org\\\/es\\\/en-allant-a-uskudar\\\/#primaryimage\",\"url\":\"https:\\\/\\\/www.iemj.org\\\/wp-content\\\/uploads\\\/2020\\\/10\\\/arton4853-e1619017549797.jpg\",\"contentUrl\":\"https:\\\/\\\/www.iemj.org\\\/wp-content\\\/uploads\\\/2020\\\/10\\\/arton4853-e1619017549797.jpg\",\"width\":350,\"height\":317},{\"@type\":\"BreadcrumbList\",\"@id\":\"https:\\\/\\\/www.iemj.org\\\/es\\\/en-allant-a-uskudar\\\/#breadcrumb\",\"itemListElement\":[{\"@type\":\"ListItem\",\"position\":1,\"name\":\"Accueil\",\"item\":\"https:\\\/\\\/www.iemj.org\\\/es\\\/\"},{\"@type\":\"ListItem\",\"position\":2,\"name\":\"En allant \u00e0 Uskudar\"}]},{\"@type\":\"WebSite\",\"@id\":\"https:\\\/\\\/www.iemj.org\\\/es\\\/#website\",\"url\":\"https:\\\/\\\/www.iemj.org\\\/es\\\/\",\"name\":\"Institut Europ\u00e9en des Musiques Juives\",\"description\":\"Des traditions musicales \u00e0 la port\u00e9e de tous\",\"publisher\":{\"@id\":\"https:\\\/\\\/www.iemj.org\\\/es\\\/#organization\"},\"potentialAction\":[{\"@type\":\"SearchAction\",\"target\":{\"@type\":\"EntryPoint\",\"urlTemplate\":\"https:\\\/\\\/www.iemj.org\\\/es\\\/?s={search_term_string}\"},\"query-input\":{\"@type\":\"PropertyValueSpecification\",\"valueRequired\":true,\"valueName\":\"search_term_string\"}}],\"inLanguage\":\"es\"},{\"@type\":\"Organization\",\"@id\":\"https:\\\/\\\/www.iemj.org\\\/es\\\/#organization\",\"name\":\"Institut Europ\u00e9en des Musiques Juives\",\"url\":\"https:\\\/\\\/www.iemj.org\\\/es\\\/\",\"logo\":{\"@type\":\"ImageObject\",\"inLanguage\":\"es\",\"@id\":\"https:\\\/\\\/www.iemj.org\\\/es\\\/#\\\/schema\\\/logo\\\/image\\\/\",\"url\":\"https:\\\/\\\/www.iemj.org\\\/wp-content\\\/uploads\\\/2021\\\/09\\\/Logo-IEMJ-Paypal.jpg\",\"contentUrl\":\"https:\\\/\\\/www.iemj.org\\\/wp-content\\\/uploads\\\/2021\\\/09\\\/Logo-IEMJ-Paypal.jpg\",\"width\":150,\"height\":50,\"caption\":\"Institut Europ\u00e9en des Musiques Juives\"},\"image\":{\"@id\":\"https:\\\/\\\/www.iemj.org\\\/es\\\/#\\\/schema\\\/logo\\\/image\\\/\"},\"sameAs\":[\"https:\\\/\\\/www.facebook.com\\\/MusiquesJuives\\\/\",\"https:\\\/\\\/www.instagram.com\\\/musiquesjuives\\\/\",\"https:\\\/\\\/www.youtube.com\\\/user\\\/musiquesjuives\"]},{\"@type\":\"Person\",\"@id\":\"https:\\\/\\\/www.iemj.org\\\/es\\\/#\\\/schema\\\/person\\\/906134402c29d5c76e7b726261dd4bbd\",\"name\":\"Herv\u00e9 Roten\",\"image\":{\"@type\":\"ImageObject\",\"inLanguage\":\"es\",\"@id\":\"https:\\\/\\\/secure.gravatar.com\\\/avatar\\\/f96ad2db538a26481f18384936b5cd0610c92d390c4dc382209216d455f685ff?s=96&d=mm&r=g\",\"url\":\"https:\\\/\\\/secure.gravatar.com\\\/avatar\\\/f96ad2db538a26481f18384936b5cd0610c92d390c4dc382209216d455f685ff?s=96&d=mm&r=g\",\"contentUrl\":\"https:\\\/\\\/secure.gravatar.com\\\/avatar\\\/f96ad2db538a26481f18384936b5cd0610c92d390c4dc382209216d455f685ff?s=96&d=mm&r=g\",\"caption\":\"Herv\u00e9 Roten\"}}]}<\/script>\n<!-- \/ Yoast SEO plugin. -->","yoast_head_json":{"title":"En allant \u00e0 Uskudar - Institut Europ\u00e9en des Musiques Juives","robots":{"index":"index","follow":"follow","max-snippet":"max-snippet:-1","max-image-preview":"max-image-preview:large","max-video-preview":"max-video-preview:-1"},"canonical":"https:\/\/www.iemj.org\/es\/en-allant-a-uskudar\/","og_locale":"es_ES","og_type":"article","og_title":"En allant \u00e0 Uskudar - Institut Europ\u00e9en des Musiques Juives","og_description":"Primer \u00e1lbum de les Oreilles d\u2019Aman,\u00a0En allant \u00e0 Uskudar\u00a0(Al ir a Uskudar) examina los mestizajes de la m\u00fasica jud\u00eda, de las melod\u00edas turcas, de la pen\u00ednsula balc\u00e1nica con melod\u00edas klezmer","og_url":"https:\/\/www.iemj.org\/es\/en-allant-a-uskudar\/","og_site_name":"Institut Europ\u00e9en des Musiques Juives","article_publisher":"https:\/\/www.facebook.com\/MusiquesJuives\/","article_published_time":"2020-10-05T10:21:04+00:00","article_modified_time":"2025-09-10T14:53:06+00:00","og_image":[{"width":350,"height":317,"url":"https:\/\/www.iemj.org\/wp-content\/uploads\/2020\/10\/arton4853-e1619017549797.jpg","type":"image\/jpeg"}],"author":"Herv\u00e9 Roten","twitter_card":"summary_large_image","twitter_misc":{"Escrito por":"Herv\u00e9 Roten","Tiempo de lectura":"2 minutos"},"schema":{"@context":"https:\/\/schema.org","@graph":[{"@type":"Article","@id":"https:\/\/www.iemj.org\/es\/en-allant-a-uskudar\/#article","isPartOf":{"@id":"https:\/\/www.iemj.org\/es\/en-allant-a-uskudar\/"},"author":{"name":"Herv\u00e9 Roten","@id":"https:\/\/www.iemj.org\/es\/#\/schema\/person\/906134402c29d5c76e7b726261dd4bbd"},"headline":"En allant \u00e0 Uskudar","datePublished":"2020-10-05T10:21:04+00:00","dateModified":"2025-09-10T14:53:06+00:00","mainEntityOfPage":{"@id":"https:\/\/www.iemj.org\/es\/en-allant-a-uskudar\/"},"wordCount":367,"publisher":{"@id":"https:\/\/www.iemj.org\/es\/#organization"},"image":{"@id":"https:\/\/www.iemj.org\/es\/en-allant-a-uskudar\/#primaryimage"},"thumbnailUrl":"https:\/\/www.iemj.org\/wp-content\/uploads\/2020\/10\/arton4853-e1619017549797.jpg","articleSection":["CD","\u00daltimas adquisiciones"],"inLanguage":"es"},{"@type":"WebPage","@id":"https:\/\/www.iemj.org\/es\/en-allant-a-uskudar\/","url":"https:\/\/www.iemj.org\/es\/en-allant-a-uskudar\/","name":"En allant \u00e0 Uskudar - Institut Europ\u00e9en des Musiques Juives","isPartOf":{"@id":"https:\/\/www.iemj.org\/es\/#website"},"primaryImageOfPage":{"@id":"https:\/\/www.iemj.org\/es\/en-allant-a-uskudar\/#primaryimage"},"image":{"@id":"https:\/\/www.iemj.org\/es\/en-allant-a-uskudar\/#primaryimage"},"thumbnailUrl":"https:\/\/www.iemj.org\/wp-content\/uploads\/2020\/10\/arton4853-e1619017549797.jpg","datePublished":"2020-10-05T10:21:04+00:00","dateModified":"2025-09-10T14:53:06+00:00","breadcrumb":{"@id":"https:\/\/www.iemj.org\/es\/en-allant-a-uskudar\/#breadcrumb"},"inLanguage":"es","potentialAction":[{"@type":"ReadAction","target":["https:\/\/www.iemj.org\/es\/en-allant-a-uskudar\/"]}]},{"@type":"ImageObject","inLanguage":"es","@id":"https:\/\/www.iemj.org\/es\/en-allant-a-uskudar\/#primaryimage","url":"https:\/\/www.iemj.org\/wp-content\/uploads\/2020\/10\/arton4853-e1619017549797.jpg","contentUrl":"https:\/\/www.iemj.org\/wp-content\/uploads\/2020\/10\/arton4853-e1619017549797.jpg","width":350,"height":317},{"@type":"BreadcrumbList","@id":"https:\/\/www.iemj.org\/es\/en-allant-a-uskudar\/#breadcrumb","itemListElement":[{"@type":"ListItem","position":1,"name":"Accueil","item":"https:\/\/www.iemj.org\/es\/"},{"@type":"ListItem","position":2,"name":"En allant \u00e0 Uskudar"}]},{"@type":"WebSite","@id":"https:\/\/www.iemj.org\/es\/#website","url":"https:\/\/www.iemj.org\/es\/","name":"Institut Europ\u00e9en des Musiques Juives","description":"Des traditions musicales \u00e0 la port\u00e9e de tous","publisher":{"@id":"https:\/\/www.iemj.org\/es\/#organization"},"potentialAction":[{"@type":"SearchAction","target":{"@type":"EntryPoint","urlTemplate":"https:\/\/www.iemj.org\/es\/?s={search_term_string}"},"query-input":{"@type":"PropertyValueSpecification","valueRequired":true,"valueName":"search_term_string"}}],"inLanguage":"es"},{"@type":"Organization","@id":"https:\/\/www.iemj.org\/es\/#organization","name":"Institut Europ\u00e9en des Musiques Juives","url":"https:\/\/www.iemj.org\/es\/","logo":{"@type":"ImageObject","inLanguage":"es","@id":"https:\/\/www.iemj.org\/es\/#\/schema\/logo\/image\/","url":"https:\/\/www.iemj.org\/wp-content\/uploads\/2021\/09\/Logo-IEMJ-Paypal.jpg","contentUrl":"https:\/\/www.iemj.org\/wp-content\/uploads\/2021\/09\/Logo-IEMJ-Paypal.jpg","width":150,"height":50,"caption":"Institut Europ\u00e9en des Musiques Juives"},"image":{"@id":"https:\/\/www.iemj.org\/es\/#\/schema\/logo\/image\/"},"sameAs":["https:\/\/www.facebook.com\/MusiquesJuives\/","https:\/\/www.instagram.com\/musiquesjuives\/","https:\/\/www.youtube.com\/user\/musiquesjuives"]},{"@type":"Person","@id":"https:\/\/www.iemj.org\/es\/#\/schema\/person\/906134402c29d5c76e7b726261dd4bbd","name":"Herv\u00e9 Roten","image":{"@type":"ImageObject","inLanguage":"es","@id":"https:\/\/secure.gravatar.com\/avatar\/f96ad2db538a26481f18384936b5cd0610c92d390c4dc382209216d455f685ff?s=96&d=mm&r=g","url":"https:\/\/secure.gravatar.com\/avatar\/f96ad2db538a26481f18384936b5cd0610c92d390c4dc382209216d455f685ff?s=96&d=mm&r=g","contentUrl":"https:\/\/secure.gravatar.com\/avatar\/f96ad2db538a26481f18384936b5cd0610c92d390c4dc382209216d455f685ff?s=96&d=mm&r=g","caption":"Herv\u00e9 Roten"}}]}},"_links":{"self":[{"href":"https:\/\/www.iemj.org\/es\/wp-json\/wp\/v2\/posts\/58165","targetHints":{"allow":["GET"]}}],"collection":[{"href":"https:\/\/www.iemj.org\/es\/wp-json\/wp\/v2\/posts"}],"about":[{"href":"https:\/\/www.iemj.org\/es\/wp-json\/wp\/v2\/types\/post"}],"author":[{"embeddable":true,"href":"https:\/\/www.iemj.org\/es\/wp-json\/wp\/v2\/users\/1045"}],"replies":[{"embeddable":true,"href":"https:\/\/www.iemj.org\/es\/wp-json\/wp\/v2\/comments?post=58165"}],"version-history":[{"count":0,"href":"https:\/\/www.iemj.org\/es\/wp-json\/wp\/v2\/posts\/58165\/revisions"}],"wp:featuredmedia":[{"embeddable":true,"href":"https:\/\/www.iemj.org\/es\/wp-json\/wp\/v2\/media\/58166"}],"wp:attachment":[{"href":"https:\/\/www.iemj.org\/es\/wp-json\/wp\/v2\/media?parent=58165"}],"wp:term":[{"taxonomy":"category","embeddable":true,"href":"https:\/\/www.iemj.org\/es\/wp-json\/wp\/v2\/categories?post=58165"},{"taxonomy":"post_tag","embeddable":true,"href":"https:\/\/www.iemj.org\/es\/wp-json\/wp\/v2\/tags?post=58165"},{"taxonomy":"technique","embeddable":true,"href":"https:\/\/www.iemj.org\/es\/wp-json\/wp\/v2\/technique?post=58165"},{"taxonomy":"squelettes","embeddable":true,"href":"https:\/\/www.iemj.org\/es\/wp-json\/wp\/v2\/squelettes?post=58165"},{"taxonomy":"sujet","embeddable":true,"href":"https:\/\/www.iemj.org\/es\/wp-json\/wp\/v2\/sujet?post=58165"},{"taxonomy":"formation","embeddable":true,"href":"https:\/\/www.iemj.org\/es\/wp-json\/wp\/v2\/formation?post=58165"},{"taxonomy":"genre","embeddable":true,"href":"https:\/\/www.iemj.org\/es\/wp-json\/wp\/v2\/genre?post=58165"},{"taxonomy":"fonds","embeddable":true,"href":"https:\/\/www.iemj.org\/es\/wp-json\/wp\/v2\/fonds?post=58165"},{"taxonomy":"tradition","embeddable":true,"href":"https:\/\/www.iemj.org\/es\/wp-json\/wp\/v2\/tradition?post=58165"},{"taxonomy":"type-de-contenu","embeddable":true,"href":"https:\/\/www.iemj.org\/es\/wp-json\/wp\/v2\/type-de-contenu?post=58165"},{"taxonomy":"interprete-compositeur","embeddable":true,"href":"https:\/\/www.iemj.org\/es\/wp-json\/wp\/v2\/interprete-compositeur?post=58165"},{"taxonomy":"frise","embeddable":true,"href":"https:\/\/www.iemj.org\/es\/wp-json\/wp\/v2\/frise?post=58165"},{"taxonomy":"type-devenement","embeddable":true,"href":"https:\/\/www.iemj.org\/es\/wp-json\/wp\/v2\/type-devenement?post=58165"},{"taxonomy":"tableaux-liens-externes","embeddable":true,"href":"https:\/\/www.iemj.org\/es\/wp-json\/wp\/v2\/tableaux-liens-externes?post=58165"}],"curies":[{"name":"wp","href":"https:\/\/api.w.org\/{rel}","templated":true}]}}