{"id":58257,"date":"2020-02-04T12:22:45","date_gmt":"2020-02-04T11:22:45","guid":{"rendered":"https:\/\/www.iemj.org\/les-juifs-au-maghreb-a-travers-leurs-chanteurs-et-musiciens-aux-xixe-et-xxe-siecles\/"},"modified":"2021-08-23T17:41:20","modified_gmt":"2021-08-23T15:41:20","slug":"les-juifs-au-maghreb-a-travers-leurs-chanteurs-et-musiciens-aux-xixe-et-xxe-siecles","status":"publish","type":"post","link":"https:\/\/www.iemj.org\/es\/les-juifs-au-maghreb-a-travers-leurs-chanteurs-et-musiciens-aux-xixe-et-xxe-siecles\/","title":{"rendered":"Los jud\u00edos en el Maghreb a trav\u00e9s los cantores y musicos en los siglos XIX y XX"},"content":{"rendered":"<p class=\"post_excerpt\">Edici\u00f3n L\u2019Harmattan, el 4 de septiembre de 2019, 260 p.<br \/>\nPrefacio de Simon Elbaz<\/p>\n<p><!--more--><\/p>\n<p>Especialista de la cultura jud\u00eda iran\u00ed, Alain Chaoulli propone en su libro un vasto panorama de la m\u00fasica judeo-arabo-andaluza de los tres pa\u00edses del Maghreb, Argelia, Marruecos, y T\u00fanez.<\/p>\n<p>Se describen los principales g\u00e9neros musicales (malouf, nouba, Sanaa, msaddar, dardj, bt\u00e2ybi, in\u00e7ir\u00e2f, khlas, hawzi, aroubi, melboun, chaabi, matrouz etc\u2026), as\u00ed como las biograf\u00edas de numerosos artistas jud\u00edos del Maghreb, como Albert Rouimi (1919-1999) alias Blond Blond, el cantor albino imitador de Maurice Chevalier, Lili (\u00c9lie) Boniche (1921-2008), autor del famoso \u00e9xito \u00ab Alger-Alger \u00bb y de la adaptaci\u00f3n de \u00ab La Mamma \u00bb, \u00ab Ya Ymma \u00bb de Charles Aznavour, Maurice El M\u00e9dioni (1928), <a href=\"https:\/\/www.iemj.org\/halali-salim-1920-2005\/\">Salim Hallali<\/a> (1920-2005), nacido en una familia de panaderos de un padre de origen turca et de una madre judeo-bereber, \u00c9lie Moyal alias Lili Labassi (1897-1969), padre del comediante Robert Castel, <a href=\"https:\/\/www.iemj.org\/es\/cheikh-raymond-1912-1961\/\">Cheikh Raymond Leiris<\/a> (1912-1961), asesinado, \u00c9liane Sarfati (1926-2003) alias <a href=\"https:\/\/www.iemj.org\/monty-line-1926-2003\/\">Line Monty<\/a>, Sa\u00fcl Durand (1865-1928) alias Mouzino, Ren\u00e9 Perez (1940-2011), Sultana Daoud (1915-1998) alias Reinette la oran\u00e9sesa Messaoud M\u00e9dioni (1893, 1943) alias Saoud el oran\u00e9s, deportado en Sobibor con su hijo de 13 a\u00f1os, Simone Tamar Allouche (1932, 1982), \u00abla voz de oro de Constantina\u00bb, Yafil Ibn Shbab (1877-1928) alias Edmond Nathan Yafil y Joseph Benganoun (1890-1975) alias Cheikh Zouzou, virtuoso del viol\u00edn.<\/p>\n<p>Encontramos tambi\u00e9n la menci\u00f3n de int\u00e9rpretes m\u00e1s recientes, como Jo Amar, pionero de la m\u00fasica lit\u00fargica jud\u00eda, Ha\u00efm Botbol (1938), primer cantor a utilizar la guitarra el\u00e9ctrica, Rabbi David Bouzaglo (1901-1975), Simon Elbaz (1938), autor, comediante, actor, compositor y cantor, Raymonde Cohen-Abecassis (1943) alias Raymonde El Bidaouia, Zohra El Fassiya (1905, 1994), grande cantora popular, F\u00e9lix Wizman (1937-2008) alias F\u00e9lix El-Maghribi, Salomon Amzallag (1922-2008) alias Samy El Maghribi, que emigr\u00f3 en Canad\u00e1 d\u00f3nde fue chantre de sinagoga, Maxime Karoutchi, el rab\u00ed Ha\u00efm Louk (1942), virtuoso de la m\u00fasica arabo-andaluza y \u00c9mile Zrihan (1952), el \u00abruise\u00f1or marroqu\u00ed\u00bb.<\/p>\n<p>El autor consagra tambi\u00e9n varias paginas en los recorridos art\u00edsticos de Issim Isra\u00ebl Rozzio (1897-1939) alias Cheikh El\u2019Afrit, \u00abel astuto\u00bb, qui\u00e9n fue invitado por el bey de T\u00fanez a producirse al Palacio del Bardo todas las semanas, de \u00c9lie Touitou ( 1932-2000) alias El Kahlaoui Tounsi, percusionista experta \u00e8s-darbouka, qui\u00e9n ha hecho una buena carrera en los Estados Unidos, de Maurice Meimoun (1929-1993) alias Meimoun El Tounsi, int\u00e9rprete de la\u00fad \u00e1rabe y de viol\u00edn, del grande Raoul Journo (1911-2001), condecorado por Jack Lang et Habib Bourguiba, de Habiba Msika (1903-1930), qui\u00e9n fue asesinada por un pretendiente despedido, de Asher Mizrahi (1890- 1967), nacido en Jerusal\u00e9n y fallecido en Israel despu\u00e9s haber vivido mucho tiempo en T\u00fanez, de Hana Rached (1933-2003), hija de la cantante y bailarina Flifla Chamia, de Le\u00efla Sfez (1874, 1944), sobrina de Habiba Msika, de las hermanas Shemmama, Kammuna, Mannana, Bibiya y Bhayka que acompa\u00f1an el famoso violinista de Louisa Sa\u00e2doun (1905-1961) alias Louisa Tounsia y de Slama Youssef (1903-1970), grande interprete de c\u00edtara qui\u00e9n descansa ahora, en Jerusal\u00e9n.<\/p>\n<p>Las judeo-idiomas y los instrumentos de m\u00fasica son abordados en esta obra, que adem\u00e1s contiene varios cap\u00edtulos dedicados al auge del juda\u00edsmo norteafricano, algunas veces constando de inexactitudes o anunciando una voluntad evidente de embellecer una convivencia que no fue siempre tan id\u00edlica.<\/p>\n<p>En resumen, este libro, acompa\u00f1ado por un CD y un DVD de Simon Elbaz en el Matrouz, constituye una fuente valiosa de informaciones, a pesar de algunas imprecisiones.<\/p>\n<p>Una contribuci\u00f3n al patrimonio musical jud\u00edo de \u00c1frica del Norte. A descubrir&#8230;.<\/p>\n<p><a href=\"https:\/\/www.editions-harmattan.fr\/index.asp?navig=catalogue&amp;obj=livre&amp;no=63826\" target=\"_blank\" rel=\"noopener\">Pedir el libro<\/a><\/p>\n","protected":false},"excerpt":{"rendered":"<p>Edici\u00f3n L\u2019Harmattan, el 4 de septiembre de 2019, 260 p. Prefacio de Simon Elbaz<\/p>\n","protected":false},"author":1045,"featured_media":58258,"comment_status":"closed","ping_status":"closed","sticky":false,"template":"","format":"standard","meta":{"_acf_changed":false,"footnotes":""},"categories":[1577],"tags":[],"technique":[],"squelettes":[],"sujet":[],"formation":[],"genre":[],"fonds":[],"tradition":[],"type-de-contenu":[],"interprete-compositeur":[],"frise":[],"type-devenement":[],"tableaux-liens-externes":[],"class_list":["post-58257","post","type-post","status-publish","format-standard","has-post-thumbnail","hentry","category-libros-articulos-es"],"acf":[],"yoast_head":"<!-- This site is optimized with the Yoast SEO plugin v27.3 - https:\/\/yoast.com\/product\/yoast-seo-wordpress\/ -->\n<title>Los jud\u00edos en el Maghreb a trav\u00e9s los cantores y musicos en los siglos XIX y XX - Institut Europ\u00e9en des Musiques Juives<\/title>\n<meta name=\"robots\" content=\"index, follow, max-snippet:-1, max-image-preview:large, max-video-preview:-1\" \/>\n<link rel=\"canonical\" href=\"https:\/\/www.iemj.org\/es\/les-juifs-au-maghreb-a-travers-leurs-chanteurs-et-musiciens-aux-xixe-et-xxe-siecles\/\" \/>\n<meta property=\"og:locale\" content=\"es_ES\" \/>\n<meta property=\"og:type\" content=\"article\" \/>\n<meta property=\"og:title\" content=\"Los jud\u00edos en el Maghreb a trav\u00e9s los cantores y musicos en los siglos XIX y XX - Institut Europ\u00e9en des Musiques Juives\" \/>\n<meta property=\"og:description\" content=\"Edici\u00f3n L\u2019Harmattan, el 4 de septiembre de 2019, 260 p. Prefacio de Simon Elbaz\" \/>\n<meta property=\"og:url\" content=\"https:\/\/www.iemj.org\/es\/les-juifs-au-maghreb-a-travers-leurs-chanteurs-et-musiciens-aux-xixe-et-xxe-siecles\/\" \/>\n<meta property=\"og:site_name\" content=\"Institut Europ\u00e9en des Musiques Juives\" \/>\n<meta property=\"article:publisher\" content=\"https:\/\/www.facebook.com\/MusiquesJuives\/\" \/>\n<meta property=\"article:published_time\" content=\"2020-02-04T11:22:45+00:00\" \/>\n<meta property=\"article:modified_time\" content=\"2021-08-23T15:41:20+00:00\" \/>\n<meta property=\"og:image\" content=\"https:\/\/www.iemj.org\/wp-content\/uploads\/2020\/02\/arton4533.jpg\" \/>\n\t<meta property=\"og:image:width\" content=\"316\" \/>\n\t<meta property=\"og:image:height\" content=\"493\" \/>\n\t<meta property=\"og:image:type\" content=\"image\/jpeg\" \/>\n<meta name=\"author\" content=\"Herv\u00e9 Roten\" \/>\n<meta name=\"twitter:card\" content=\"summary_large_image\" \/>\n<meta name=\"twitter:label1\" content=\"Escrito por\" \/>\n\t<meta name=\"twitter:data1\" content=\"Herv\u00e9 Roten\" \/>\n\t<meta name=\"twitter:label2\" content=\"Tiempo de lectura\" \/>\n\t<meta name=\"twitter:data2\" content=\"3 minutos\" \/>\n<script type=\"application\/ld+json\" class=\"yoast-schema-graph\">{\"@context\":\"https:\\\/\\\/schema.org\",\"@graph\":[{\"@type\":\"Article\",\"@id\":\"https:\\\/\\\/www.iemj.org\\\/es\\\/les-juifs-au-maghreb-a-travers-leurs-chanteurs-et-musiciens-aux-xixe-et-xxe-siecles\\\/#article\",\"isPartOf\":{\"@id\":\"https:\\\/\\\/www.iemj.org\\\/es\\\/les-juifs-au-maghreb-a-travers-leurs-chanteurs-et-musiciens-aux-xixe-et-xxe-siecles\\\/\"},\"author\":{\"name\":\"Herv\u00e9 Roten\",\"@id\":\"https:\\\/\\\/www.iemj.org\\\/es\\\/#\\\/schema\\\/person\\\/906134402c29d5c76e7b726261dd4bbd\"},\"headline\":\"Los jud\u00edos en el Maghreb a trav\u00e9s los cantores y musicos en los siglos XIX y XX\",\"datePublished\":\"2020-02-04T11:22:45+00:00\",\"dateModified\":\"2021-08-23T15:41:20+00:00\",\"mainEntityOfPage\":{\"@id\":\"https:\\\/\\\/www.iemj.org\\\/es\\\/les-juifs-au-maghreb-a-travers-leurs-chanteurs-et-musiciens-aux-xixe-et-xxe-siecles\\\/\"},\"wordCount\":631,\"publisher\":{\"@id\":\"https:\\\/\\\/www.iemj.org\\\/es\\\/#organization\"},\"image\":{\"@id\":\"https:\\\/\\\/www.iemj.org\\\/es\\\/les-juifs-au-maghreb-a-travers-leurs-chanteurs-et-musiciens-aux-xixe-et-xxe-siecles\\\/#primaryimage\"},\"thumbnailUrl\":\"https:\\\/\\\/www.iemj.org\\\/wp-content\\\/uploads\\\/2020\\\/02\\\/arton4533.jpg\",\"articleSection\":[\"Libros, art\u00edculos\"],\"inLanguage\":\"es\"},{\"@type\":\"WebPage\",\"@id\":\"https:\\\/\\\/www.iemj.org\\\/es\\\/les-juifs-au-maghreb-a-travers-leurs-chanteurs-et-musiciens-aux-xixe-et-xxe-siecles\\\/\",\"url\":\"https:\\\/\\\/www.iemj.org\\\/es\\\/les-juifs-au-maghreb-a-travers-leurs-chanteurs-et-musiciens-aux-xixe-et-xxe-siecles\\\/\",\"name\":\"Los jud\u00edos en el Maghreb a trav\u00e9s los cantores y musicos en los siglos XIX y XX - Institut Europ\u00e9en des Musiques Juives\",\"isPartOf\":{\"@id\":\"https:\\\/\\\/www.iemj.org\\\/es\\\/#website\"},\"primaryImageOfPage\":{\"@id\":\"https:\\\/\\\/www.iemj.org\\\/es\\\/les-juifs-au-maghreb-a-travers-leurs-chanteurs-et-musiciens-aux-xixe-et-xxe-siecles\\\/#primaryimage\"},\"image\":{\"@id\":\"https:\\\/\\\/www.iemj.org\\\/es\\\/les-juifs-au-maghreb-a-travers-leurs-chanteurs-et-musiciens-aux-xixe-et-xxe-siecles\\\/#primaryimage\"},\"thumbnailUrl\":\"https:\\\/\\\/www.iemj.org\\\/wp-content\\\/uploads\\\/2020\\\/02\\\/arton4533.jpg\",\"datePublished\":\"2020-02-04T11:22:45+00:00\",\"dateModified\":\"2021-08-23T15:41:20+00:00\",\"breadcrumb\":{\"@id\":\"https:\\\/\\\/www.iemj.org\\\/es\\\/les-juifs-au-maghreb-a-travers-leurs-chanteurs-et-musiciens-aux-xixe-et-xxe-siecles\\\/#breadcrumb\"},\"inLanguage\":\"es\",\"potentialAction\":[{\"@type\":\"ReadAction\",\"target\":[\"https:\\\/\\\/www.iemj.org\\\/es\\\/les-juifs-au-maghreb-a-travers-leurs-chanteurs-et-musiciens-aux-xixe-et-xxe-siecles\\\/\"]}]},{\"@type\":\"ImageObject\",\"inLanguage\":\"es\",\"@id\":\"https:\\\/\\\/www.iemj.org\\\/es\\\/les-juifs-au-maghreb-a-travers-leurs-chanteurs-et-musiciens-aux-xixe-et-xxe-siecles\\\/#primaryimage\",\"url\":\"https:\\\/\\\/www.iemj.org\\\/wp-content\\\/uploads\\\/2020\\\/02\\\/arton4533.jpg\",\"contentUrl\":\"https:\\\/\\\/www.iemj.org\\\/wp-content\\\/uploads\\\/2020\\\/02\\\/arton4533.jpg\",\"width\":316,\"height\":493},{\"@type\":\"BreadcrumbList\",\"@id\":\"https:\\\/\\\/www.iemj.org\\\/es\\\/les-juifs-au-maghreb-a-travers-leurs-chanteurs-et-musiciens-aux-xixe-et-xxe-siecles\\\/#breadcrumb\",\"itemListElement\":[{\"@type\":\"ListItem\",\"position\":1,\"name\":\"Accueil\",\"item\":\"https:\\\/\\\/www.iemj.org\\\/es\\\/\"},{\"@type\":\"ListItem\",\"position\":2,\"name\":\"Los jud\u00edos en el Maghreb a trav\u00e9s los cantores y musicos en los siglos XIX y XX\"}]},{\"@type\":\"WebSite\",\"@id\":\"https:\\\/\\\/www.iemj.org\\\/es\\\/#website\",\"url\":\"https:\\\/\\\/www.iemj.org\\\/es\\\/\",\"name\":\"Institut Europ\u00e9en des Musiques Juives\",\"description\":\"Des traditions musicales \u00e0 la port\u00e9e de tous\",\"publisher\":{\"@id\":\"https:\\\/\\\/www.iemj.org\\\/es\\\/#organization\"},\"potentialAction\":[{\"@type\":\"SearchAction\",\"target\":{\"@type\":\"EntryPoint\",\"urlTemplate\":\"https:\\\/\\\/www.iemj.org\\\/es\\\/?s={search_term_string}\"},\"query-input\":{\"@type\":\"PropertyValueSpecification\",\"valueRequired\":true,\"valueName\":\"search_term_string\"}}],\"inLanguage\":\"es\"},{\"@type\":\"Organization\",\"@id\":\"https:\\\/\\\/www.iemj.org\\\/es\\\/#organization\",\"name\":\"Institut Europ\u00e9en des Musiques Juives\",\"url\":\"https:\\\/\\\/www.iemj.org\\\/es\\\/\",\"logo\":{\"@type\":\"ImageObject\",\"inLanguage\":\"es\",\"@id\":\"https:\\\/\\\/www.iemj.org\\\/es\\\/#\\\/schema\\\/logo\\\/image\\\/\",\"url\":\"https:\\\/\\\/www.iemj.org\\\/wp-content\\\/uploads\\\/2021\\\/09\\\/Logo-IEMJ-Paypal.jpg\",\"contentUrl\":\"https:\\\/\\\/www.iemj.org\\\/wp-content\\\/uploads\\\/2021\\\/09\\\/Logo-IEMJ-Paypal.jpg\",\"width\":150,\"height\":50,\"caption\":\"Institut Europ\u00e9en des Musiques Juives\"},\"image\":{\"@id\":\"https:\\\/\\\/www.iemj.org\\\/es\\\/#\\\/schema\\\/logo\\\/image\\\/\"},\"sameAs\":[\"https:\\\/\\\/www.facebook.com\\\/MusiquesJuives\\\/\",\"https:\\\/\\\/www.instagram.com\\\/musiquesjuives\\\/\",\"https:\\\/\\\/www.youtube.com\\\/user\\\/musiquesjuives\"]},{\"@type\":\"Person\",\"@id\":\"https:\\\/\\\/www.iemj.org\\\/es\\\/#\\\/schema\\\/person\\\/906134402c29d5c76e7b726261dd4bbd\",\"name\":\"Herv\u00e9 Roten\",\"image\":{\"@type\":\"ImageObject\",\"inLanguage\":\"es\",\"@id\":\"https:\\\/\\\/secure.gravatar.com\\\/avatar\\\/f96ad2db538a26481f18384936b5cd0610c92d390c4dc382209216d455f685ff?s=96&d=mm&r=g\",\"url\":\"https:\\\/\\\/secure.gravatar.com\\\/avatar\\\/f96ad2db538a26481f18384936b5cd0610c92d390c4dc382209216d455f685ff?s=96&d=mm&r=g\",\"contentUrl\":\"https:\\\/\\\/secure.gravatar.com\\\/avatar\\\/f96ad2db538a26481f18384936b5cd0610c92d390c4dc382209216d455f685ff?s=96&d=mm&r=g\",\"caption\":\"Herv\u00e9 Roten\"}}]}<\/script>\n<!-- \/ Yoast SEO plugin. -->","yoast_head_json":{"title":"Los jud\u00edos en el Maghreb a trav\u00e9s los cantores y musicos en los siglos XIX y XX - Institut Europ\u00e9en des Musiques Juives","robots":{"index":"index","follow":"follow","max-snippet":"max-snippet:-1","max-image-preview":"max-image-preview:large","max-video-preview":"max-video-preview:-1"},"canonical":"https:\/\/www.iemj.org\/es\/les-juifs-au-maghreb-a-travers-leurs-chanteurs-et-musiciens-aux-xixe-et-xxe-siecles\/","og_locale":"es_ES","og_type":"article","og_title":"Los jud\u00edos en el Maghreb a trav\u00e9s los cantores y musicos en los siglos XIX y XX - Institut Europ\u00e9en des Musiques Juives","og_description":"Edici\u00f3n L\u2019Harmattan, el 4 de septiembre de 2019, 260 p. Prefacio de Simon Elbaz","og_url":"https:\/\/www.iemj.org\/es\/les-juifs-au-maghreb-a-travers-leurs-chanteurs-et-musiciens-aux-xixe-et-xxe-siecles\/","og_site_name":"Institut Europ\u00e9en des Musiques Juives","article_publisher":"https:\/\/www.facebook.com\/MusiquesJuives\/","article_published_time":"2020-02-04T11:22:45+00:00","article_modified_time":"2021-08-23T15:41:20+00:00","og_image":[{"width":316,"height":493,"url":"https:\/\/www.iemj.org\/wp-content\/uploads\/2020\/02\/arton4533.jpg","type":"image\/jpeg"}],"author":"Herv\u00e9 Roten","twitter_card":"summary_large_image","twitter_misc":{"Escrito por":"Herv\u00e9 Roten","Tiempo de lectura":"3 minutos"},"schema":{"@context":"https:\/\/schema.org","@graph":[{"@type":"Article","@id":"https:\/\/www.iemj.org\/es\/les-juifs-au-maghreb-a-travers-leurs-chanteurs-et-musiciens-aux-xixe-et-xxe-siecles\/#article","isPartOf":{"@id":"https:\/\/www.iemj.org\/es\/les-juifs-au-maghreb-a-travers-leurs-chanteurs-et-musiciens-aux-xixe-et-xxe-siecles\/"},"author":{"name":"Herv\u00e9 Roten","@id":"https:\/\/www.iemj.org\/es\/#\/schema\/person\/906134402c29d5c76e7b726261dd4bbd"},"headline":"Los jud\u00edos en el Maghreb a trav\u00e9s los cantores y musicos en los siglos XIX y XX","datePublished":"2020-02-04T11:22:45+00:00","dateModified":"2021-08-23T15:41:20+00:00","mainEntityOfPage":{"@id":"https:\/\/www.iemj.org\/es\/les-juifs-au-maghreb-a-travers-leurs-chanteurs-et-musiciens-aux-xixe-et-xxe-siecles\/"},"wordCount":631,"publisher":{"@id":"https:\/\/www.iemj.org\/es\/#organization"},"image":{"@id":"https:\/\/www.iemj.org\/es\/les-juifs-au-maghreb-a-travers-leurs-chanteurs-et-musiciens-aux-xixe-et-xxe-siecles\/#primaryimage"},"thumbnailUrl":"https:\/\/www.iemj.org\/wp-content\/uploads\/2020\/02\/arton4533.jpg","articleSection":["Libros, art\u00edculos"],"inLanguage":"es"},{"@type":"WebPage","@id":"https:\/\/www.iemj.org\/es\/les-juifs-au-maghreb-a-travers-leurs-chanteurs-et-musiciens-aux-xixe-et-xxe-siecles\/","url":"https:\/\/www.iemj.org\/es\/les-juifs-au-maghreb-a-travers-leurs-chanteurs-et-musiciens-aux-xixe-et-xxe-siecles\/","name":"Los jud\u00edos en el Maghreb a trav\u00e9s los cantores y musicos en los siglos XIX y XX - Institut Europ\u00e9en des Musiques Juives","isPartOf":{"@id":"https:\/\/www.iemj.org\/es\/#website"},"primaryImageOfPage":{"@id":"https:\/\/www.iemj.org\/es\/les-juifs-au-maghreb-a-travers-leurs-chanteurs-et-musiciens-aux-xixe-et-xxe-siecles\/#primaryimage"},"image":{"@id":"https:\/\/www.iemj.org\/es\/les-juifs-au-maghreb-a-travers-leurs-chanteurs-et-musiciens-aux-xixe-et-xxe-siecles\/#primaryimage"},"thumbnailUrl":"https:\/\/www.iemj.org\/wp-content\/uploads\/2020\/02\/arton4533.jpg","datePublished":"2020-02-04T11:22:45+00:00","dateModified":"2021-08-23T15:41:20+00:00","breadcrumb":{"@id":"https:\/\/www.iemj.org\/es\/les-juifs-au-maghreb-a-travers-leurs-chanteurs-et-musiciens-aux-xixe-et-xxe-siecles\/#breadcrumb"},"inLanguage":"es","potentialAction":[{"@type":"ReadAction","target":["https:\/\/www.iemj.org\/es\/les-juifs-au-maghreb-a-travers-leurs-chanteurs-et-musiciens-aux-xixe-et-xxe-siecles\/"]}]},{"@type":"ImageObject","inLanguage":"es","@id":"https:\/\/www.iemj.org\/es\/les-juifs-au-maghreb-a-travers-leurs-chanteurs-et-musiciens-aux-xixe-et-xxe-siecles\/#primaryimage","url":"https:\/\/www.iemj.org\/wp-content\/uploads\/2020\/02\/arton4533.jpg","contentUrl":"https:\/\/www.iemj.org\/wp-content\/uploads\/2020\/02\/arton4533.jpg","width":316,"height":493},{"@type":"BreadcrumbList","@id":"https:\/\/www.iemj.org\/es\/les-juifs-au-maghreb-a-travers-leurs-chanteurs-et-musiciens-aux-xixe-et-xxe-siecles\/#breadcrumb","itemListElement":[{"@type":"ListItem","position":1,"name":"Accueil","item":"https:\/\/www.iemj.org\/es\/"},{"@type":"ListItem","position":2,"name":"Los jud\u00edos en el Maghreb a trav\u00e9s los cantores y musicos en los siglos XIX y XX"}]},{"@type":"WebSite","@id":"https:\/\/www.iemj.org\/es\/#website","url":"https:\/\/www.iemj.org\/es\/","name":"Institut Europ\u00e9en des Musiques Juives","description":"Des traditions musicales \u00e0 la port\u00e9e de tous","publisher":{"@id":"https:\/\/www.iemj.org\/es\/#organization"},"potentialAction":[{"@type":"SearchAction","target":{"@type":"EntryPoint","urlTemplate":"https:\/\/www.iemj.org\/es\/?s={search_term_string}"},"query-input":{"@type":"PropertyValueSpecification","valueRequired":true,"valueName":"search_term_string"}}],"inLanguage":"es"},{"@type":"Organization","@id":"https:\/\/www.iemj.org\/es\/#organization","name":"Institut Europ\u00e9en des Musiques Juives","url":"https:\/\/www.iemj.org\/es\/","logo":{"@type":"ImageObject","inLanguage":"es","@id":"https:\/\/www.iemj.org\/es\/#\/schema\/logo\/image\/","url":"https:\/\/www.iemj.org\/wp-content\/uploads\/2021\/09\/Logo-IEMJ-Paypal.jpg","contentUrl":"https:\/\/www.iemj.org\/wp-content\/uploads\/2021\/09\/Logo-IEMJ-Paypal.jpg","width":150,"height":50,"caption":"Institut Europ\u00e9en des Musiques Juives"},"image":{"@id":"https:\/\/www.iemj.org\/es\/#\/schema\/logo\/image\/"},"sameAs":["https:\/\/www.facebook.com\/MusiquesJuives\/","https:\/\/www.instagram.com\/musiquesjuives\/","https:\/\/www.youtube.com\/user\/musiquesjuives"]},{"@type":"Person","@id":"https:\/\/www.iemj.org\/es\/#\/schema\/person\/906134402c29d5c76e7b726261dd4bbd","name":"Herv\u00e9 Roten","image":{"@type":"ImageObject","inLanguage":"es","@id":"https:\/\/secure.gravatar.com\/avatar\/f96ad2db538a26481f18384936b5cd0610c92d390c4dc382209216d455f685ff?s=96&d=mm&r=g","url":"https:\/\/secure.gravatar.com\/avatar\/f96ad2db538a26481f18384936b5cd0610c92d390c4dc382209216d455f685ff?s=96&d=mm&r=g","contentUrl":"https:\/\/secure.gravatar.com\/avatar\/f96ad2db538a26481f18384936b5cd0610c92d390c4dc382209216d455f685ff?s=96&d=mm&r=g","caption":"Herv\u00e9 Roten"}}]}},"_links":{"self":[{"href":"https:\/\/www.iemj.org\/es\/wp-json\/wp\/v2\/posts\/58257","targetHints":{"allow":["GET"]}}],"collection":[{"href":"https:\/\/www.iemj.org\/es\/wp-json\/wp\/v2\/posts"}],"about":[{"href":"https:\/\/www.iemj.org\/es\/wp-json\/wp\/v2\/types\/post"}],"author":[{"embeddable":true,"href":"https:\/\/www.iemj.org\/es\/wp-json\/wp\/v2\/users\/1045"}],"replies":[{"embeddable":true,"href":"https:\/\/www.iemj.org\/es\/wp-json\/wp\/v2\/comments?post=58257"}],"version-history":[{"count":0,"href":"https:\/\/www.iemj.org\/es\/wp-json\/wp\/v2\/posts\/58257\/revisions"}],"wp:featuredmedia":[{"embeddable":true,"href":"https:\/\/www.iemj.org\/es\/wp-json\/wp\/v2\/media\/58258"}],"wp:attachment":[{"href":"https:\/\/www.iemj.org\/es\/wp-json\/wp\/v2\/media?parent=58257"}],"wp:term":[{"taxonomy":"category","embeddable":true,"href":"https:\/\/www.iemj.org\/es\/wp-json\/wp\/v2\/categories?post=58257"},{"taxonomy":"post_tag","embeddable":true,"href":"https:\/\/www.iemj.org\/es\/wp-json\/wp\/v2\/tags?post=58257"},{"taxonomy":"technique","embeddable":true,"href":"https:\/\/www.iemj.org\/es\/wp-json\/wp\/v2\/technique?post=58257"},{"taxonomy":"squelettes","embeddable":true,"href":"https:\/\/www.iemj.org\/es\/wp-json\/wp\/v2\/squelettes?post=58257"},{"taxonomy":"sujet","embeddable":true,"href":"https:\/\/www.iemj.org\/es\/wp-json\/wp\/v2\/sujet?post=58257"},{"taxonomy":"formation","embeddable":true,"href":"https:\/\/www.iemj.org\/es\/wp-json\/wp\/v2\/formation?post=58257"},{"taxonomy":"genre","embeddable":true,"href":"https:\/\/www.iemj.org\/es\/wp-json\/wp\/v2\/genre?post=58257"},{"taxonomy":"fonds","embeddable":true,"href":"https:\/\/www.iemj.org\/es\/wp-json\/wp\/v2\/fonds?post=58257"},{"taxonomy":"tradition","embeddable":true,"href":"https:\/\/www.iemj.org\/es\/wp-json\/wp\/v2\/tradition?post=58257"},{"taxonomy":"type-de-contenu","embeddable":true,"href":"https:\/\/www.iemj.org\/es\/wp-json\/wp\/v2\/type-de-contenu?post=58257"},{"taxonomy":"interprete-compositeur","embeddable":true,"href":"https:\/\/www.iemj.org\/es\/wp-json\/wp\/v2\/interprete-compositeur?post=58257"},{"taxonomy":"frise","embeddable":true,"href":"https:\/\/www.iemj.org\/es\/wp-json\/wp\/v2\/frise?post=58257"},{"taxonomy":"type-devenement","embeddable":true,"href":"https:\/\/www.iemj.org\/es\/wp-json\/wp\/v2\/type-devenement?post=58257"},{"taxonomy":"tableaux-liens-externes","embeddable":true,"href":"https:\/\/www.iemj.org\/es\/wp-json\/wp\/v2\/tableaux-liens-externes?post=58257"}],"curies":[{"name":"wp","href":"https:\/\/api.w.org\/{rel}","templated":true}]}}