{"id":58690,"date":"2021-02-03T15:36:57","date_gmt":"2021-02-03T14:36:57","guid":{"rendered":"https:\/\/www.iemj.org\/fromental-halevy-1799-1862-sa-vie-sa-musique\/"},"modified":"2021-08-24T15:55:40","modified_gmt":"2021-08-24T13:55:40","slug":"fromental-halevy-1799-1862-sa-vie-sa-musique","status":"publish","type":"post","link":"https:\/\/www.iemj.org\/es\/fromental-halevy-1799-1862-sa-vie-sa-musique\/","title":{"rendered":"Fromental Hal\u00e9vy (1799 \u2013 1862) &#8211; Sa vie, sa musique"},"content":{"rendered":"<p>Desde el inicio de los a\u00f1os 1980, el music\u00f3logo Karl Leich-Galland trabaja en el redescubrimiento del cat\u00e1logo rom\u00e1ntico franc\u00e9s del siglo XIX por medio de publicaciones de partituras, de libretas, de obras agotadas y de dossiers de prensa. Especialmente ha sido el iniciador de un coloquio consagrado a <a href=\"https:\/\/www.iemj.org\/halevy-jacques-francois-fromental-elie-1799-1862\/\">Fromental Hal\u00e9vy (1799 &#8211; 1862)<\/a>, durante la recuperaci\u00f3n de su famosa \u00f3pera <em>La Juive<\/em>, en el \u00d3pera de la Bastilla en febrero de 2007. La presente obra <em>Fromental Hal\u00e9vy<\/em> (1799 &#8211; 1862) &#8211; <em>Sa vie, sa musique<\/em> (<em>Su vida, su m\u00fasica<\/em>), publicada en 2020 por Musik-Edition Lucie Galland, nos ofrece una s\u00edntesis profunda de sus investigaciones sobre la vida y la obra de Fromental Hal\u00e9vy, este compositor israelita considerado en su \u00e9poca, junto con Daniel-Fran\u00e7ois-Esprit Auber (1842-1871), como uno de los maestros de la escuela de musica francesa.<\/p>\n<p><img fetchpriority=\"high\" decoding=\"async\" class=\" alignright  wp-image-30889\" src=\"https:\/\/www.iemj.org\/wp-content\/uploads\/2021\/02\/portrait_280px_vertic.jpg\" alt=\"portrait_280px_vertic.jpg\" width=\"209\" height=\"264\" align=\"right\" \/>Nacido en el seno de una familia jud\u00eda de Baviera por parte de su padre y de Lorena por parte de su madre<span class=\"footnote_referrer\"><a role=\"button\" tabindex=\"0\" onclick=\"footnote_moveToReference_58690_1('footnote_plugin_reference_58690_1_1');\" onkeypress=\"footnote_moveToReference_58690_1('footnote_plugin_reference_58690_1_1');\" ><sup id=\"footnote_plugin_tooltip_58690_1_1\" class=\"footnote_plugin_tooltip_text\">[1]<\/sup><\/a><span id=\"footnote_plugin_tooltip_text_58690_1_1\" class=\"footnote_tooltip\">\u00c9lie Halphen Levy, hijo de rab\u00ed, era originario de F\u00fcrth, en Baviera. Llegado en Francia durante la \u00e9poca de la Revoluci\u00f3n para obtener derechos c\u00edvicos, se instal\u00f3 en Par\u00eds sobre el ano&nbsp;&#x2026; <span class=\"footnote_tooltip_continue\"  onclick=\"footnote_moveToReference_58690_1('footnote_plugin_reference_58690_1_1');\">Lire la suite<\/span><\/span><\/span><script type=\"text\/javascript\"> jQuery('#footnote_plugin_tooltip_58690_1_1').tooltip({ tip: '#footnote_plugin_tooltip_text_58690_1_1', tipClass: 'footnote_tooltip', effect: 'fade', predelay: 0, fadeInSpeed: 200, delay: 400, fadeOutSpeed: 200, position: 'top center', relative: true, offset: [-7, 0], });<\/script>, Fromental Hal\u00e9vy presenta el perfil mismo de un m\u00fasico israelita franc\u00e9s, heredero de los ideales de la Revoluci\u00f3n, agradeciendo a Francia que ofreci\u00f3 la emancipaci\u00f3n a los suyos y fiel a la fe de sus padres. Aunque su padre \u00c9lie Hal\u00e9vy, hijo de un rab\u00ed, fue corista en varias sinagogas y luego secretario en el Consistorio israelita de Par\u00eds, Fromental Hal\u00e9vy no era muy practicante&#8230; lo que no le impidi\u00f3 casarse en 1842 con L\u00e9onie Rodrigues-Henriques, nacida en una piadosa familia israelita de Burdeos.<\/p>\n<p><img decoding=\"async\" class=\" alignleft size-full wp-image-30891\" src=\"https:\/\/www.iemj.org\/wp-content\/uploads\/2021\/02\/p_933_couv_la_juive_halevy_300px_vertic.jpg\" alt=\"p_933_couv_la_juive_halevy_300px_vertic.jpg\" width=\"197\" height=\"300\" align=\"left\" \/>Una gran parte de la obra de Karl Leich-Galland se dedica al estudio de las \u00f3peras de Fromental Hal\u00e9vy, su concepci\u00f3n y su recepci\u00f3n por parte del p\u00fablico y la cr\u00edtica de la \u00e9poca. Fromental Hal\u00e9vy compuso la m\u00fasica de no menos de 36 \u00f3peras, cuyos <em>La Juive<\/em>\u00a0(1835) que tuvo m\u00e1s de 500 representaciones hasta finales del siglo XIX, <em>La reine de Chypre<\/em>\u00a0(1841),\u00a0<em>La dame de Pique\u00a0<\/em>(1850),\u00a0<em>Le Juif errant<\/em>\u00a0(1852) o <em>No\u00e9<\/em>, una \u00f3pera p\u00f3stuma inacabada que fue terminada en 1868-69 por Georges Bizet (yerno de Fromental Hal\u00e9vy), y luego por un compositor an\u00f3nimo, antes de ser estrenada finalmente en Karlsruhe (Alemania) en 1885.<\/p>\n<p>Mucho documentado, este libro da detalles apasionantes sobre la vida del compositor y &#8211; elemento que nos interesa &#8211; su relaci\u00f3n con el juda\u00edsmo. Aprendemos as\u00ed a lo largo de las p\u00e1ginas que Fromental Hal\u00e9vy entr\u00f3 en el Conservatorio de Par\u00eds, en la clase de composici\u00f3n de Luigi Cherubini, cuando ten\u00eda solo 10 a\u00f1os. A la edad de 15 a\u00f1os, era profesor asistente de solfeo en el Conservatorio. A los 17 y 18 a\u00f1os, obtuvo dos veces el segundo precio de Roma antes de ganar el primer precio en 1819, a la edad de 20 a\u00f1os. En respuesta al asesinato del Duque de Berry en la noche del 13 al 14 de febrero de 1820, compuso, a la demanda de las autoridades consistoriales de Par\u00eds y de Cherubini, un <em>De profundis en h\u00e9breu<\/em> [De profundis en hebreo] (el salmo 130 <em>Mimaamakim<\/em>) que fue interpretado el 24 de marzo de 1820 en el templo parisino de la rue Saint-Avoie. La obra imponente, que dura alrededor de 25 minutos, esta escrita para coro de hombre a tres voces y gran orquesta. Los solistas fueron asegurados por <a href=\"https:\/\/www.iemj.org\/lovy-israel-1773-1832\/\">Isra\u00ebl Lovy (1773-1832)<\/a>, primer cantor del Templo israelita. Se ha de notar que esta obra fue escrita justo antes la salida de Fromental Hal\u00e9vy para Roma, donde tenia que pasar cinco a\u00f1os en la Villa M\u00e9dici. Seg\u00fan Karl Leich-Galland (p. 10), Fromental Hal\u00e9vy obtuvo una dispensa de un a\u00f1o para quedar apoyar a su padre quien acab\u00f3 perder a su mujer. Entonces, solo es durante la primavera de 1820 que Hal\u00e9vy lleg\u00f3 en Roma.<\/p>\n<p><img decoding=\"async\" class=\" alignright size-full wp-image-30893\" src=\"https:\/\/www.iemj.org\/wp-content\/uploads\/2021\/02\/capture_partition.jpg\" alt=\"capture_partition.jpg\" width=\"400\" height=\"210\" align=\"right\" srcset=\"https:\/\/www.iemj.org\/wp-content\/uploads\/2021\/02\/capture_partition.jpg 400w, https:\/\/www.iemj.org\/wp-content\/uploads\/2021\/02\/capture_partition-300x158.jpg 300w\" sizes=\"(max-width: 400px) 100vw, 400px\" \/>Adem\u00e1s de su obra l\u00edrica, que constituye lo esencial de su producci\u00f3n, Fromental Hal\u00e9vy compuso un gran n\u00famero de melod\u00edas, romances y d\u00faos, as\u00ed como siete salmos para el culto israelita (entre ellos el Salmo 100 : <em>Mizmor lessodo<\/em>, el salmo 115:\u00a0<em>Adonai Zehonorou<\/em>\u00a0y el salmo 118:\u00a0<em>Min hametsar<\/em> que cerra el\u00a0<em>Hallel<\/em>) y tres oraciones (<em>Schema Israel<\/em>,\u00a0<em>Vajehi binsoa hooron<\/em>,\u00a0<em>Jigdal<\/em>)<span class=\"footnote_referrer\"><a role=\"button\" tabindex=\"0\" onclick=\"footnote_moveToReference_58690_1('footnote_plugin_reference_58690_1_2');\" onkeypress=\"footnote_moveToReference_58690_1('footnote_plugin_reference_58690_1_2');\" ><sup id=\"footnote_plugin_tooltip_58690_1_2\" class=\"footnote_plugin_tooltip_text\">[2]<\/sup><\/a><span id=\"footnote_plugin_tooltip_text_58690_1_2\" class=\"footnote_tooltip\">Ver Ruth Jordan, <em>Fromental Hal\u00e9vy, His Life &amp; Music<\/em>, London 1994, p. 177.<\/span><\/span><script type=\"text\/javascript\"> jQuery('#footnote_plugin_tooltip_58690_1_2').tooltip({ tip: '#footnote_plugin_tooltip_text_58690_1_2', tipClass: 'footnote_tooltip', effect: 'fade', predelay: 0, fadeInSpeed: 200, delay: 400, fadeOutSpeed: 200, position: 'top center', relative: true, offset: [-7, 0], });<\/script>. Tambi\u00e9n compuso m\u00fasica catolica: un <em>Agnus Dei<\/em>, un\u00a0<em>Gloria in excelsis Deo<\/em>, pero como lo hace notar con malicia, jamas de <em>Credo<\/em>\u00a0(p. 75).<\/p>\n<p>La relaci\u00f3n entre Fromental Hal\u00e9vy y las autoridades consistoriales israelitas fue cort\u00e9s pero distante. Hal\u00e9vy acept\u00f3 reunirse, en 1851, en la primer Comision del canto cargada de la reorganizaci\u00f3n de la m\u00fasica del culto israelita. Disuelta en 1852, esta comisi\u00f3n fue reactivada en 1855, pues en 1858. Fromental Hal\u00e9vy tenia el puesto honorifico de Presidente y prest\u00f3 su ayuda, antes su muerte en 1862, para la publicaci\u00f3n de las melod\u00edas de Israel Lovy<span class=\"footnote_referrer\"><a role=\"button\" tabindex=\"0\" onclick=\"footnote_moveToReference_58690_1('footnote_plugin_reference_58690_1_3');\" onkeypress=\"footnote_moveToReference_58690_1('footnote_plugin_reference_58690_1_3');\" ><sup id=\"footnote_plugin_tooltip_58690_1_3\" class=\"footnote_plugin_tooltip_text\">[3]<\/sup><\/a><span id=\"footnote_plugin_tooltip_text_58690_1_3\" class=\"footnote_tooltip\">Ver el articulo de Herv\u00e9 Roten, \u00ab Le patrimoine musical de la Grande Synagogue de la Victoire \u00bb, <a href=\"https:\/\/www.iemj.org\/la-synagogue-de-la-victoire-150-ans-du-judaisme-francais\/\">La synagogue de la Victoire, 150 ans du juda\u00efsme fran\u00e7ais<\/a>, \u00e9ditions Porte-plume, 2017<\/span><\/span><script type=\"text\/javascript\"> jQuery('#footnote_plugin_tooltip_58690_1_3').tooltip({ tip: '#footnote_plugin_tooltip_text_58690_1_3', tipClass: 'footnote_tooltip', effect: 'fade', predelay: 0, fadeInSpeed: 200, delay: 400, fadeOutSpeed: 200, position: 'top center', relative: true, offset: [-7, 0], });<\/script>.<\/p>\n<p>Al final de su obra, Karl Leich-Galland resuma muy bien la relaci\u00f3n de Fromental Hal\u00e9vy con su judeidad: \u00abTras 16 a\u00f1os de matrimonio, le sorprendi\u00f3 mucho la estricta observancia de la fiesta de la Pascua en la familia de su esposa, y en 1859 expres\u00f3 en privado su desacuerdo con \u00ablo devoto, lo piadoso, lo puro\u00bb del juda\u00edsmo. Pero esto no significa una ruptura con el \u00abDios de sus padres\u00bb (La Juive, n\u00ba 8) y las instituciones jud\u00edas. Hal\u00e9vy era miembro del Consistorio, compon\u00eda para la sinagoga y dijo p\u00fablicamente en 1848, en el momento de la designaci\u00f3n de los candidatos a las elecciones a la Asamblea Nacional, al abate Deguerry, d\u00e1ndole un abrazo fraternal, que \u00abadoramos al mismo Dios, no seguimos el mismo culto\u00bb. A diferencia de otros artistas cuyos padres eran jud\u00edos, Halevy no ocult\u00f3 su filiaci\u00f3n religiosa. Es comprensible entonces que el famoso compositor fuera el orgullo de sus correligionarios.\u00a0\u00bb (p. 128).<\/p>\n<p><a href=\"http:\/\/www.musik-editionluciegalland.net\/\" target=\"_blank\" rel=\"noopener\">Pedir el libro de Karl Leich-Galland, Fromental Hal\u00e9vy (1799 \u2013 1862) \u2013 Sa vie, sa musique<\/a><\/p>\n<p><a href=\"https:\/\/www.iemj.org\/es\/produit\/jacques-offenbach-and-friends-from-the-synagogue-to-the-opera\/\" target=\"_blank\" rel=\"noopener\">Pedir el CD Jacques Offenbach et ses proches (Jacques Offenbach y su gente cercana) conteniendo los salmos 100, 118 y 130 de Fromental Hal\u00e9vy<\/a><\/p>\n<p><a href=\"https:\/\/www.iemj.org\/fromental-halevy-airs-dopera-et-chants-synagogaux\/\" target=\"_blank\" rel=\"noopener\">Escuchar la lista de reproducci\u00f3n Fromental Halevy, compositor de opera y de cantos sinagogales<\/a><\/p>\n<p><a href=\"https:\/\/www.iemj.org\/halevy-jacques-francois-fromental-elie-1799-1862\/\" target=\"_blank\" rel=\"noopener\">Consultar la biografia de Fromental Hal\u00e9vy<\/a><\/p>\n\n\n<p><\/p>\n<div class=\"speaker-mute footnotes_reference_container\"> <div class=\"footnote_container_prepare\"><p><span role=\"button\" tabindex=\"0\" class=\"footnote_reference_container_label pointer\" onclick=\"footnote_expand_collapse_reference_container_58690_1();\">&#x202F;<\/span><span role=\"button\" tabindex=\"0\" class=\"footnote_reference_container_collapse_button\" style=\"display: none;\" onclick=\"footnote_expand_collapse_reference_container_58690_1();\">[<a id=\"footnote_reference_container_collapse_button_58690_1\">+<\/a>]<\/span><\/p><\/div> <div id=\"footnote_references_container_58690_1\" style=\"\"><table class=\"footnotes_table footnote-reference-container\"><caption class=\"accessibility\">References<\/caption> <tbody> \r\n\r\n<tr class=\"footnotes_plugin_reference_row\"> <th scope=\"row\" class=\"footnote_plugin_index_combi pointer\"  onclick=\"footnote_moveToAnchor_58690_1('footnote_plugin_tooltip_58690_1_1');\"><a id=\"footnote_plugin_reference_58690_1_1\" class=\"footnote_backlink\">1<\/a><\/th> <td class=\"footnote_plugin_text\">\u00c9lie Halphen Levy, hijo de rab\u00ed, era originario de F\u00fcrth, en Baviera. Llegado en Francia durante la \u00e9poca de la Revoluci\u00f3n para obtener derechos c\u00edvicos, se instal\u00f3 en Par\u00eds sobre el ano 1790, fue corista en diversas sinagogas, y se cas\u00f3 con Julie Meyer, una jud\u00eda de Lorena. Se volv\u00ed \u00c9lie Hal\u00e9vy en 1807, el padre de Fromental &#8211; nombre con resonancias revolucionarias &#8211; satisfaci\u00f3 a las necesidades de su familia gracias a su puesto de secretario al consistorio israelita de Par\u00eds. En 1820, \u00c9lie Hal\u00e9vy publico en Metz una Instrucci\u00f3n mora y religiosa al uso de la juventud israelita. Extracto del articulo de Olivier Bara publicado en Cairn Info (<a href=\"https:\/\/www.cairn.info\/revue-romantisme-2004-3-page-75.htm\" target=\"_blank\" rel=\"noopener\"><span class=\"footnote_url_wrap\">https:\/\/www.cairn.info\/revue-romantisme-2004-3-page-75.htm<\/span><\/a>)<\/td><\/tr>\r\n\r\n<tr class=\"footnotes_plugin_reference_row\"> <th scope=\"row\" class=\"footnote_plugin_index_combi pointer\"  onclick=\"footnote_moveToAnchor_58690_1('footnote_plugin_tooltip_58690_1_2');\"><a id=\"footnote_plugin_reference_58690_1_2\" class=\"footnote_backlink\">2<\/a><\/th> <td class=\"footnote_plugin_text\">Ver Ruth Jordan, <em>Fromental Hal\u00e9vy, His Life &amp; Music<\/em>, London 1994, p. 177.<\/td><\/tr>\r\n\r\n<tr class=\"footnotes_plugin_reference_row\"> <th scope=\"row\" class=\"footnote_plugin_index_combi pointer\"  onclick=\"footnote_moveToAnchor_58690_1('footnote_plugin_tooltip_58690_1_3');\"><a id=\"footnote_plugin_reference_58690_1_3\" class=\"footnote_backlink\">3<\/a><\/th> <td class=\"footnote_plugin_text\">Ver el articulo de Herv\u00e9 Roten, \u00ab Le patrimoine musical de la Grande Synagogue de la Victoire \u00bb, <a href=\"https:\/\/www.iemj.org\/la-synagogue-de-la-victoire-150-ans-du-judaisme-francais\/\">La synagogue de la Victoire, 150 ans du juda\u00efsme fran\u00e7ais<\/a>, \u00e9ditions Porte-plume, 2017<\/td><\/tr>\r\n\r\n <\/tbody> <\/table> <\/div><\/div><script type=\"text\/javascript\"> function footnote_expand_reference_container_58690_1() { jQuery('#footnote_references_container_58690_1').show(); jQuery('#footnote_reference_container_collapse_button_58690_1').text('\u2212'); } function footnote_collapse_reference_container_58690_1() { jQuery('#footnote_references_container_58690_1').hide(); jQuery('#footnote_reference_container_collapse_button_58690_1').text('+'); } function footnote_expand_collapse_reference_container_58690_1() { if (jQuery('#footnote_references_container_58690_1').is(':hidden')) { footnote_expand_reference_container_58690_1(); } else { footnote_collapse_reference_container_58690_1(); } } function footnote_moveToReference_58690_1(p_str_TargetID) { footnote_expand_reference_container_58690_1(); var l_obj_Target = jQuery('#' + p_str_TargetID); if (l_obj_Target.length) { jQuery( 'html, body' ).delay( 0 ); jQuery('html, body').animate({ scrollTop: l_obj_Target.offset().top - window.innerHeight * 0.2 }, 380); } } function footnote_moveToAnchor_58690_1(p_str_TargetID) { footnote_expand_reference_container_58690_1(); var l_obj_Target = jQuery('#' + p_str_TargetID); if (l_obj_Target.length) { jQuery( 'html, body' ).delay( 0 ); jQuery('html, body').animate({ scrollTop: l_obj_Target.offset().top - window.innerHeight * 0.2 }, 380); } }<\/script>","protected":false},"excerpt":{"rendered":"<p>Desde el inicio de los a\u00f1os 1980, el music\u00f3logo Karl Leich-Galland trabaja en el redescubrimiento del cat\u00e1logo rom\u00e1ntico franc\u00e9s del siglo XIX por medio de publicaciones de partituras, de libretas,<\/p>\n","protected":false},"author":1045,"featured_media":58691,"comment_status":"closed","ping_status":"closed","sticky":false,"template":"","format":"standard","meta":{"_acf_changed":false,"footnotes":""},"categories":[1577,1565],"tags":[],"technique":[],"squelettes":[],"sujet":[],"formation":[],"genre":[],"fonds":[],"tradition":[],"type-de-contenu":[],"interprete-compositeur":[],"frise":[],"type-devenement":[],"tableaux-liens-externes":[],"class_list":["post-58690","post","type-post","status-publish","format-standard","has-post-thumbnail","hentry","category-libros-articulos-es","category-ultimas-adquisiciones-es"],"acf":[],"yoast_head":"<!-- This site is optimized with the Yoast SEO plugin v27.3 - https:\/\/yoast.com\/product\/yoast-seo-wordpress\/ -->\n<title>Fromental Hal\u00e9vy (1799 \u2013 1862) - Sa vie, sa musique - Institut Europ\u00e9en des Musiques Juives<\/title>\n<meta name=\"robots\" content=\"index, follow, max-snippet:-1, max-image-preview:large, max-video-preview:-1\" \/>\n<link rel=\"canonical\" href=\"https:\/\/www.iemj.org\/es\/fromental-halevy-1799-1862-sa-vie-sa-musique\/\" \/>\n<meta property=\"og:locale\" content=\"es_ES\" \/>\n<meta property=\"og:type\" content=\"article\" \/>\n<meta property=\"og:title\" content=\"Fromental Hal\u00e9vy (1799 \u2013 1862) - Sa vie, sa musique - Institut Europ\u00e9en des Musiques Juives\" \/>\n<meta property=\"og:description\" content=\"Desde el inicio de los a\u00f1os 1980, el music\u00f3logo Karl Leich-Galland trabaja en el redescubrimiento del cat\u00e1logo rom\u00e1ntico franc\u00e9s del siglo XIX por medio de publicaciones de partituras, de libretas,\" \/>\n<meta property=\"og:url\" content=\"https:\/\/www.iemj.org\/es\/fromental-halevy-1799-1862-sa-vie-sa-musique\/\" \/>\n<meta property=\"og:site_name\" content=\"Institut Europ\u00e9en des Musiques Juives\" \/>\n<meta property=\"article:publisher\" content=\"https:\/\/www.facebook.com\/MusiquesJuives\/\" \/>\n<meta property=\"article:published_time\" content=\"2021-02-03T14:36:57+00:00\" \/>\n<meta property=\"article:modified_time\" content=\"2021-08-24T13:55:40+00:00\" \/>\n<meta property=\"og:image\" content=\"https:\/\/www.iemj.org\/wp-content\/uploads\/2021\/02\/arton5002-e1618939548647.jpg\" \/>\n\t<meta property=\"og:image:width\" content=\"350\" \/>\n\t<meta property=\"og:image:height\" content=\"350\" \/>\n\t<meta property=\"og:image:type\" content=\"image\/jpeg\" \/>\n<meta name=\"author\" content=\"Herv\u00e9 Roten\" \/>\n<meta name=\"twitter:card\" content=\"summary_large_image\" \/>\n<meta name=\"twitter:label1\" content=\"Escrito por\" \/>\n\t<meta name=\"twitter:data1\" content=\"Herv\u00e9 Roten\" \/>\n\t<meta name=\"twitter:label2\" content=\"Tiempo de lectura\" \/>\n\t<meta name=\"twitter:data2\" content=\"6 minutos\" \/>\n<script type=\"application\/ld+json\" class=\"yoast-schema-graph\">{\"@context\":\"https:\\\/\\\/schema.org\",\"@graph\":[{\"@type\":\"Article\",\"@id\":\"https:\\\/\\\/www.iemj.org\\\/es\\\/fromental-halevy-1799-1862-sa-vie-sa-musique\\\/#article\",\"isPartOf\":{\"@id\":\"https:\\\/\\\/www.iemj.org\\\/es\\\/fromental-halevy-1799-1862-sa-vie-sa-musique\\\/\"},\"author\":{\"name\":\"Herv\u00e9 Roten\",\"@id\":\"https:\\\/\\\/www.iemj.org\\\/es\\\/#\\\/schema\\\/person\\\/906134402c29d5c76e7b726261dd4bbd\"},\"headline\":\"Fromental Hal\u00e9vy (1799 \u2013 1862) &#8211; Sa vie, sa musique\",\"datePublished\":\"2021-02-03T14:36:57+00:00\",\"dateModified\":\"2021-08-24T13:55:40+00:00\",\"mainEntityOfPage\":{\"@id\":\"https:\\\/\\\/www.iemj.org\\\/es\\\/fromental-halevy-1799-1862-sa-vie-sa-musique\\\/\"},\"wordCount\":1194,\"publisher\":{\"@id\":\"https:\\\/\\\/www.iemj.org\\\/es\\\/#organization\"},\"image\":{\"@id\":\"https:\\\/\\\/www.iemj.org\\\/es\\\/fromental-halevy-1799-1862-sa-vie-sa-musique\\\/#primaryimage\"},\"thumbnailUrl\":\"https:\\\/\\\/www.iemj.org\\\/wp-content\\\/uploads\\\/2021\\\/02\\\/arton5002-e1618939548647.jpg\",\"articleSection\":[\"Libros, art\u00edculos\",\"\u00daltimas adquisiciones\"],\"inLanguage\":\"es\"},{\"@type\":\"WebPage\",\"@id\":\"https:\\\/\\\/www.iemj.org\\\/es\\\/fromental-halevy-1799-1862-sa-vie-sa-musique\\\/\",\"url\":\"https:\\\/\\\/www.iemj.org\\\/es\\\/fromental-halevy-1799-1862-sa-vie-sa-musique\\\/\",\"name\":\"Fromental Hal\u00e9vy (1799 \u2013 1862) - Sa vie, sa musique - Institut Europ\u00e9en des Musiques Juives\",\"isPartOf\":{\"@id\":\"https:\\\/\\\/www.iemj.org\\\/es\\\/#website\"},\"primaryImageOfPage\":{\"@id\":\"https:\\\/\\\/www.iemj.org\\\/es\\\/fromental-halevy-1799-1862-sa-vie-sa-musique\\\/#primaryimage\"},\"image\":{\"@id\":\"https:\\\/\\\/www.iemj.org\\\/es\\\/fromental-halevy-1799-1862-sa-vie-sa-musique\\\/#primaryimage\"},\"thumbnailUrl\":\"https:\\\/\\\/www.iemj.org\\\/wp-content\\\/uploads\\\/2021\\\/02\\\/arton5002-e1618939548647.jpg\",\"datePublished\":\"2021-02-03T14:36:57+00:00\",\"dateModified\":\"2021-08-24T13:55:40+00:00\",\"breadcrumb\":{\"@id\":\"https:\\\/\\\/www.iemj.org\\\/es\\\/fromental-halevy-1799-1862-sa-vie-sa-musique\\\/#breadcrumb\"},\"inLanguage\":\"es\",\"potentialAction\":[{\"@type\":\"ReadAction\",\"target\":[\"https:\\\/\\\/www.iemj.org\\\/es\\\/fromental-halevy-1799-1862-sa-vie-sa-musique\\\/\"]}]},{\"@type\":\"ImageObject\",\"inLanguage\":\"es\",\"@id\":\"https:\\\/\\\/www.iemj.org\\\/es\\\/fromental-halevy-1799-1862-sa-vie-sa-musique\\\/#primaryimage\",\"url\":\"https:\\\/\\\/www.iemj.org\\\/wp-content\\\/uploads\\\/2021\\\/02\\\/arton5002-e1618939548647.jpg\",\"contentUrl\":\"https:\\\/\\\/www.iemj.org\\\/wp-content\\\/uploads\\\/2021\\\/02\\\/arton5002-e1618939548647.jpg\",\"width\":350,\"height\":350},{\"@type\":\"BreadcrumbList\",\"@id\":\"https:\\\/\\\/www.iemj.org\\\/es\\\/fromental-halevy-1799-1862-sa-vie-sa-musique\\\/#breadcrumb\",\"itemListElement\":[{\"@type\":\"ListItem\",\"position\":1,\"name\":\"Accueil\",\"item\":\"https:\\\/\\\/www.iemj.org\\\/es\\\/\"},{\"@type\":\"ListItem\",\"position\":2,\"name\":\"Fromental Hal\u00e9vy (1799 \u2013 1862) &#8211; Sa vie, sa musique\"}]},{\"@type\":\"WebSite\",\"@id\":\"https:\\\/\\\/www.iemj.org\\\/es\\\/#website\",\"url\":\"https:\\\/\\\/www.iemj.org\\\/es\\\/\",\"name\":\"Institut Europ\u00e9en des Musiques Juives\",\"description\":\"Des traditions musicales \u00e0 la port\u00e9e de tous\",\"publisher\":{\"@id\":\"https:\\\/\\\/www.iemj.org\\\/es\\\/#organization\"},\"potentialAction\":[{\"@type\":\"SearchAction\",\"target\":{\"@type\":\"EntryPoint\",\"urlTemplate\":\"https:\\\/\\\/www.iemj.org\\\/es\\\/?s={search_term_string}\"},\"query-input\":{\"@type\":\"PropertyValueSpecification\",\"valueRequired\":true,\"valueName\":\"search_term_string\"}}],\"inLanguage\":\"es\"},{\"@type\":\"Organization\",\"@id\":\"https:\\\/\\\/www.iemj.org\\\/es\\\/#organization\",\"name\":\"Institut Europ\u00e9en des Musiques Juives\",\"url\":\"https:\\\/\\\/www.iemj.org\\\/es\\\/\",\"logo\":{\"@type\":\"ImageObject\",\"inLanguage\":\"es\",\"@id\":\"https:\\\/\\\/www.iemj.org\\\/es\\\/#\\\/schema\\\/logo\\\/image\\\/\",\"url\":\"https:\\\/\\\/www.iemj.org\\\/wp-content\\\/uploads\\\/2021\\\/09\\\/Logo-IEMJ-Paypal.jpg\",\"contentUrl\":\"https:\\\/\\\/www.iemj.org\\\/wp-content\\\/uploads\\\/2021\\\/09\\\/Logo-IEMJ-Paypal.jpg\",\"width\":150,\"height\":50,\"caption\":\"Institut Europ\u00e9en des Musiques Juives\"},\"image\":{\"@id\":\"https:\\\/\\\/www.iemj.org\\\/es\\\/#\\\/schema\\\/logo\\\/image\\\/\"},\"sameAs\":[\"https:\\\/\\\/www.facebook.com\\\/MusiquesJuives\\\/\",\"https:\\\/\\\/www.instagram.com\\\/musiquesjuives\\\/\",\"https:\\\/\\\/www.youtube.com\\\/user\\\/musiquesjuives\"]},{\"@type\":\"Person\",\"@id\":\"https:\\\/\\\/www.iemj.org\\\/es\\\/#\\\/schema\\\/person\\\/906134402c29d5c76e7b726261dd4bbd\",\"name\":\"Herv\u00e9 Roten\",\"image\":{\"@type\":\"ImageObject\",\"inLanguage\":\"es\",\"@id\":\"https:\\\/\\\/secure.gravatar.com\\\/avatar\\\/f96ad2db538a26481f18384936b5cd0610c92d390c4dc382209216d455f685ff?s=96&d=mm&r=g\",\"url\":\"https:\\\/\\\/secure.gravatar.com\\\/avatar\\\/f96ad2db538a26481f18384936b5cd0610c92d390c4dc382209216d455f685ff?s=96&d=mm&r=g\",\"contentUrl\":\"https:\\\/\\\/secure.gravatar.com\\\/avatar\\\/f96ad2db538a26481f18384936b5cd0610c92d390c4dc382209216d455f685ff?s=96&d=mm&r=g\",\"caption\":\"Herv\u00e9 Roten\"}}]}<\/script>\n<!-- \/ Yoast SEO plugin. -->","yoast_head_json":{"title":"Fromental Hal\u00e9vy (1799 \u2013 1862) - Sa vie, sa musique - Institut Europ\u00e9en des Musiques Juives","robots":{"index":"index","follow":"follow","max-snippet":"max-snippet:-1","max-image-preview":"max-image-preview:large","max-video-preview":"max-video-preview:-1"},"canonical":"https:\/\/www.iemj.org\/es\/fromental-halevy-1799-1862-sa-vie-sa-musique\/","og_locale":"es_ES","og_type":"article","og_title":"Fromental Hal\u00e9vy (1799 \u2013 1862) - Sa vie, sa musique - Institut Europ\u00e9en des Musiques Juives","og_description":"Desde el inicio de los a\u00f1os 1980, el music\u00f3logo Karl Leich-Galland trabaja en el redescubrimiento del cat\u00e1logo rom\u00e1ntico franc\u00e9s del siglo XIX por medio de publicaciones de partituras, de libretas,","og_url":"https:\/\/www.iemj.org\/es\/fromental-halevy-1799-1862-sa-vie-sa-musique\/","og_site_name":"Institut Europ\u00e9en des Musiques Juives","article_publisher":"https:\/\/www.facebook.com\/MusiquesJuives\/","article_published_time":"2021-02-03T14:36:57+00:00","article_modified_time":"2021-08-24T13:55:40+00:00","og_image":[{"width":350,"height":350,"url":"https:\/\/www.iemj.org\/wp-content\/uploads\/2021\/02\/arton5002-e1618939548647.jpg","type":"image\/jpeg"}],"author":"Herv\u00e9 Roten","twitter_card":"summary_large_image","twitter_misc":{"Escrito por":"Herv\u00e9 Roten","Tiempo de lectura":"6 minutos"},"schema":{"@context":"https:\/\/schema.org","@graph":[{"@type":"Article","@id":"https:\/\/www.iemj.org\/es\/fromental-halevy-1799-1862-sa-vie-sa-musique\/#article","isPartOf":{"@id":"https:\/\/www.iemj.org\/es\/fromental-halevy-1799-1862-sa-vie-sa-musique\/"},"author":{"name":"Herv\u00e9 Roten","@id":"https:\/\/www.iemj.org\/es\/#\/schema\/person\/906134402c29d5c76e7b726261dd4bbd"},"headline":"Fromental Hal\u00e9vy (1799 \u2013 1862) &#8211; Sa vie, sa musique","datePublished":"2021-02-03T14:36:57+00:00","dateModified":"2021-08-24T13:55:40+00:00","mainEntityOfPage":{"@id":"https:\/\/www.iemj.org\/es\/fromental-halevy-1799-1862-sa-vie-sa-musique\/"},"wordCount":1194,"publisher":{"@id":"https:\/\/www.iemj.org\/es\/#organization"},"image":{"@id":"https:\/\/www.iemj.org\/es\/fromental-halevy-1799-1862-sa-vie-sa-musique\/#primaryimage"},"thumbnailUrl":"https:\/\/www.iemj.org\/wp-content\/uploads\/2021\/02\/arton5002-e1618939548647.jpg","articleSection":["Libros, art\u00edculos","\u00daltimas adquisiciones"],"inLanguage":"es"},{"@type":"WebPage","@id":"https:\/\/www.iemj.org\/es\/fromental-halevy-1799-1862-sa-vie-sa-musique\/","url":"https:\/\/www.iemj.org\/es\/fromental-halevy-1799-1862-sa-vie-sa-musique\/","name":"Fromental Hal\u00e9vy (1799 \u2013 1862) - Sa vie, sa musique - Institut Europ\u00e9en des Musiques Juives","isPartOf":{"@id":"https:\/\/www.iemj.org\/es\/#website"},"primaryImageOfPage":{"@id":"https:\/\/www.iemj.org\/es\/fromental-halevy-1799-1862-sa-vie-sa-musique\/#primaryimage"},"image":{"@id":"https:\/\/www.iemj.org\/es\/fromental-halevy-1799-1862-sa-vie-sa-musique\/#primaryimage"},"thumbnailUrl":"https:\/\/www.iemj.org\/wp-content\/uploads\/2021\/02\/arton5002-e1618939548647.jpg","datePublished":"2021-02-03T14:36:57+00:00","dateModified":"2021-08-24T13:55:40+00:00","breadcrumb":{"@id":"https:\/\/www.iemj.org\/es\/fromental-halevy-1799-1862-sa-vie-sa-musique\/#breadcrumb"},"inLanguage":"es","potentialAction":[{"@type":"ReadAction","target":["https:\/\/www.iemj.org\/es\/fromental-halevy-1799-1862-sa-vie-sa-musique\/"]}]},{"@type":"ImageObject","inLanguage":"es","@id":"https:\/\/www.iemj.org\/es\/fromental-halevy-1799-1862-sa-vie-sa-musique\/#primaryimage","url":"https:\/\/www.iemj.org\/wp-content\/uploads\/2021\/02\/arton5002-e1618939548647.jpg","contentUrl":"https:\/\/www.iemj.org\/wp-content\/uploads\/2021\/02\/arton5002-e1618939548647.jpg","width":350,"height":350},{"@type":"BreadcrumbList","@id":"https:\/\/www.iemj.org\/es\/fromental-halevy-1799-1862-sa-vie-sa-musique\/#breadcrumb","itemListElement":[{"@type":"ListItem","position":1,"name":"Accueil","item":"https:\/\/www.iemj.org\/es\/"},{"@type":"ListItem","position":2,"name":"Fromental Hal\u00e9vy (1799 \u2013 1862) &#8211; Sa vie, sa musique"}]},{"@type":"WebSite","@id":"https:\/\/www.iemj.org\/es\/#website","url":"https:\/\/www.iemj.org\/es\/","name":"Institut Europ\u00e9en des Musiques Juives","description":"Des traditions musicales \u00e0 la port\u00e9e de tous","publisher":{"@id":"https:\/\/www.iemj.org\/es\/#organization"},"potentialAction":[{"@type":"SearchAction","target":{"@type":"EntryPoint","urlTemplate":"https:\/\/www.iemj.org\/es\/?s={search_term_string}"},"query-input":{"@type":"PropertyValueSpecification","valueRequired":true,"valueName":"search_term_string"}}],"inLanguage":"es"},{"@type":"Organization","@id":"https:\/\/www.iemj.org\/es\/#organization","name":"Institut Europ\u00e9en des Musiques Juives","url":"https:\/\/www.iemj.org\/es\/","logo":{"@type":"ImageObject","inLanguage":"es","@id":"https:\/\/www.iemj.org\/es\/#\/schema\/logo\/image\/","url":"https:\/\/www.iemj.org\/wp-content\/uploads\/2021\/09\/Logo-IEMJ-Paypal.jpg","contentUrl":"https:\/\/www.iemj.org\/wp-content\/uploads\/2021\/09\/Logo-IEMJ-Paypal.jpg","width":150,"height":50,"caption":"Institut Europ\u00e9en des Musiques Juives"},"image":{"@id":"https:\/\/www.iemj.org\/es\/#\/schema\/logo\/image\/"},"sameAs":["https:\/\/www.facebook.com\/MusiquesJuives\/","https:\/\/www.instagram.com\/musiquesjuives\/","https:\/\/www.youtube.com\/user\/musiquesjuives"]},{"@type":"Person","@id":"https:\/\/www.iemj.org\/es\/#\/schema\/person\/906134402c29d5c76e7b726261dd4bbd","name":"Herv\u00e9 Roten","image":{"@type":"ImageObject","inLanguage":"es","@id":"https:\/\/secure.gravatar.com\/avatar\/f96ad2db538a26481f18384936b5cd0610c92d390c4dc382209216d455f685ff?s=96&d=mm&r=g","url":"https:\/\/secure.gravatar.com\/avatar\/f96ad2db538a26481f18384936b5cd0610c92d390c4dc382209216d455f685ff?s=96&d=mm&r=g","contentUrl":"https:\/\/secure.gravatar.com\/avatar\/f96ad2db538a26481f18384936b5cd0610c92d390c4dc382209216d455f685ff?s=96&d=mm&r=g","caption":"Herv\u00e9 Roten"}}]}},"_links":{"self":[{"href":"https:\/\/www.iemj.org\/es\/wp-json\/wp\/v2\/posts\/58690","targetHints":{"allow":["GET"]}}],"collection":[{"href":"https:\/\/www.iemj.org\/es\/wp-json\/wp\/v2\/posts"}],"about":[{"href":"https:\/\/www.iemj.org\/es\/wp-json\/wp\/v2\/types\/post"}],"author":[{"embeddable":true,"href":"https:\/\/www.iemj.org\/es\/wp-json\/wp\/v2\/users\/1045"}],"replies":[{"embeddable":true,"href":"https:\/\/www.iemj.org\/es\/wp-json\/wp\/v2\/comments?post=58690"}],"version-history":[{"count":0,"href":"https:\/\/www.iemj.org\/es\/wp-json\/wp\/v2\/posts\/58690\/revisions"}],"wp:featuredmedia":[{"embeddable":true,"href":"https:\/\/www.iemj.org\/es\/wp-json\/wp\/v2\/media\/58691"}],"wp:attachment":[{"href":"https:\/\/www.iemj.org\/es\/wp-json\/wp\/v2\/media?parent=58690"}],"wp:term":[{"taxonomy":"category","embeddable":true,"href":"https:\/\/www.iemj.org\/es\/wp-json\/wp\/v2\/categories?post=58690"},{"taxonomy":"post_tag","embeddable":true,"href":"https:\/\/www.iemj.org\/es\/wp-json\/wp\/v2\/tags?post=58690"},{"taxonomy":"technique","embeddable":true,"href":"https:\/\/www.iemj.org\/es\/wp-json\/wp\/v2\/technique?post=58690"},{"taxonomy":"squelettes","embeddable":true,"href":"https:\/\/www.iemj.org\/es\/wp-json\/wp\/v2\/squelettes?post=58690"},{"taxonomy":"sujet","embeddable":true,"href":"https:\/\/www.iemj.org\/es\/wp-json\/wp\/v2\/sujet?post=58690"},{"taxonomy":"formation","embeddable":true,"href":"https:\/\/www.iemj.org\/es\/wp-json\/wp\/v2\/formation?post=58690"},{"taxonomy":"genre","embeddable":true,"href":"https:\/\/www.iemj.org\/es\/wp-json\/wp\/v2\/genre?post=58690"},{"taxonomy":"fonds","embeddable":true,"href":"https:\/\/www.iemj.org\/es\/wp-json\/wp\/v2\/fonds?post=58690"},{"taxonomy":"tradition","embeddable":true,"href":"https:\/\/www.iemj.org\/es\/wp-json\/wp\/v2\/tradition?post=58690"},{"taxonomy":"type-de-contenu","embeddable":true,"href":"https:\/\/www.iemj.org\/es\/wp-json\/wp\/v2\/type-de-contenu?post=58690"},{"taxonomy":"interprete-compositeur","embeddable":true,"href":"https:\/\/www.iemj.org\/es\/wp-json\/wp\/v2\/interprete-compositeur?post=58690"},{"taxonomy":"frise","embeddable":true,"href":"https:\/\/www.iemj.org\/es\/wp-json\/wp\/v2\/frise?post=58690"},{"taxonomy":"type-devenement","embeddable":true,"href":"https:\/\/www.iemj.org\/es\/wp-json\/wp\/v2\/type-devenement?post=58690"},{"taxonomy":"tableaux-liens-externes","embeddable":true,"href":"https:\/\/www.iemj.org\/es\/wp-json\/wp\/v2\/tableaux-liens-externes?post=58690"}],"curies":[{"name":"wp","href":"https:\/\/api.w.org\/{rel}","templated":true}]}}