{"id":59030,"date":"2017-09-20T10:36:34","date_gmt":"2017-09-20T08:36:34","guid":{"rendered":"https:\/\/www.iemj.org\/roch-hachana-2\/"},"modified":"2024-09-24T12:24:45","modified_gmt":"2024-09-24T10:24:45","slug":"roch-hachana-2","status":"publish","type":"post","link":"https:\/\/www.iemj.org\/es\/roch-hachana-2\/","title":{"rendered":"Rosh Hashan\u00e1 2"},"content":{"rendered":"<p><strong>Le ofrecemos una selecci\u00f3n de las m\u00e1s bellas melod\u00edas de Rosh Hashan\u00e1 interpretadas por Michel Heymann, Philippe Darmon, Shalom Berlinski, Adolphe Attia.<\/strong><\/p>\n<p><!--more--><\/p>\n<p>Rosh Hashan\u00e1, que significa \u00abcabeza del a\u00f1o\u00bb, es el primer d\u00eda del a\u00f1o jud\u00edo. Aunque seg\u00fan la Tor\u00e1, el a\u00f1o comienza en Nis\u00e1n (el mes de P\u00e9saj), la tradici\u00f3n ha fijado este d\u00eda como el primero del nuevo a\u00f1o.<\/p>\n<p>Rosh Hashan\u00e1 tambi\u00e9n se llama Yom Hadin, \u00abel D\u00eda del Juicio\u00bb y simboliza el d\u00eda de la creaci\u00f3n del hombre. Es, por tanto, un d\u00eda de intensas oraciones para apelar a la Divina Misericordia. Sin embargo, tambi\u00e9n es un d\u00eda de regocijo porque confiamos en el Juicio de Dios.<\/p>\n<p>En las oraciones matutinas de ambos d\u00edas, es costumbre hacer sonar el Shofar, para recordar el sacrificio de Isaac y la Misericordia que Dios le concedi\u00f3.<\/p>\n<p>Otra tradici\u00f3n es que durante estos d\u00edas de celebraci\u00f3n, el hombre debe tener s\u00f3lo pensamientos \u00abpositivos\u00bb y no expresar ira u odio hacia los dem\u00e1s. As\u00ed, el primer d\u00eda del nuevo a\u00f1o sirve de ejemplo y referencia para los dem\u00e1s d\u00edas que le siguen.<\/p>\n<p>Con Rosh Hashan\u00e1 comienza el per\u00edodo conocido como los 10 D\u00edas de Penitencia, que terminar\u00e1 con Yom Kippur, el D\u00eda del Perd\u00f3n.<\/p>\n<h1>\u00a1\u00a1\u00a1SHANA TOVA!!!<\/h1>\n<p><a href=\"https:\/\/www.iemj.org\/es\/roch-hachana-1\/\" target=\"_blank\" rel=\"noopener\">Escuchar la lista de reproducci\u00f3n: Rosh Hashan\u00e1 1<\/a><\/p>\n\n\n<figure class=\"wp-block-image alignwide size-large\"><img decoding=\"async\" src=\"https:\/\/www.iemj.org\/wp-content\/uploads\/2024\/03\/AUDIO-PLAYER.png\" alt=\"\"\/><\/figure>\n\n\n\n<div class=\"wp-block-file\"><a href=\"https:\/\/www.iemj.org\/wp-content\/uploads\/2017\/09\/achem_bekol_shoffar_-_philippe_darmon_extrait_.mp3\">Ach\u00e8m B\u00e9kol Shoffar (EXTRAIT) &#8211; Philippe Darmon <\/a><\/div>\n\n\n\n<div class=\"wp-block-file\"><a href=\"https:\/\/www.iemj.org\/wp-content\/uploads\/2017\/09\/adon_olam_-_adolphe_attia_pmjf-001_.mp3\">Adon Olam &#8211; Adolphe Attia (PMJF-001)<\/a><\/div>\n\n\n\n<div class=\"wp-block-file\"><a href=\"https:\/\/www.iemj.org\/wp-content\/uploads\/2017\/09\/adon_olam_-_sarah_iancu_david_bismuth_charles-valentin_alkan_cdd_012_.mp3\">Adon Olam &#8211; Sarah Iancu &amp; David Bismuth (Charles-Valentin Alkan) (CDD_012)<\/a><\/div>\n\n\n\n<div class=\"wp-block-file\"><a href=\"https:\/\/www.iemj.org\/wp-content\/uploads\/2017\/09\/adon_olam_-_arie_braun.mp3\">Adon Olam &#8211; Arie Braun<\/a><\/div>\n\n\n\n<div class=\"wp-block-file\"><a href=\"https:\/\/www.iemj.org\/wp-content\/uploads\/2017\/09\/akhot_ketana_-_abraham_dahan_extrait_.mp3\">Akhot Ketana (EXTRAIT) &#8211; Abraham Dahan <\/a><\/div>\n\n\n\n<div class=\"wp-block-file\"><a href=\"https:\/\/www.iemj.org\/wp-content\/uploads\/2017\/09\/alenou_lechabeakh_-_philippe_darmon_extrait_.mp3\">Al\u00e9nou L\u00e9chab\u00e9akh  (EXTRAIT) &#8211; Philippe Darmon<\/a><\/div>\n\n\n\n<div class=\"wp-block-file\"><a href=\"https:\/\/www.iemj.org\/wp-content\/uploads\/2017\/09\/avinou_malkenou_-_yosef_bahr.mp3\">Avinou Malk\u00e9nou &#8211; Yosef Bahr<\/a><\/div>\n\n\n\n<div class=\"wp-block-file\"><a href=\"https:\/\/www.iemj.org\/wp-content\/uploads\/2017\/09\/bo_hen_kol_echtaunaus_-_michel_heymann_extrait_.mp3\">Bo&#8217;hen kol Echtaunaus (EXTRAIT) &#8211; Michel Heymann <\/a><\/div>\n\n\n\n<div class=\"wp-block-file\"><a href=\"https:\/\/www.iemj.org\/wp-content\/uploads\/2017\/09\/hale-luya_-_liturgies_juives_d_ethiopie_extrait_.mp3\">Hale-Luya (EXTRAIT) &#8211; Liturgies juives d&#8217;Ethiopie <\/a><\/div>\n\n\n\n<div class=\"wp-block-file\"><a href=\"https:\/\/www.iemj.org\/wp-content\/uploads\/2017\/09\/hodou_-_musiques_liturgiques_des_juifs_de_tlemcen_extrait_.mp3\">Hodou (EXTRAIT) &#8211; Musiques liturgiques des juifs de Tlemcen <\/a><\/div>\n\n\n\n<div class=\"wp-block-file\"><a href=\"https:\/\/www.iemj.org\/wp-content\/uploads\/2017\/09\/kaddich_du_soir_de_roch_hachana_yom_kippour_-_michel_heymann_extrait_.mp3\">Kaddich du soir de Roch Hachana &amp; Yom Kippour (EXTRAIT) &#8211; Michel Heymann <\/a><\/div>\n\n\n\n<div class=\"wp-block-file\"><a href=\"https:\/\/www.iemj.org\/wp-content\/uploads\/2017\/09\/ounessane_tokef_ki_keshime_ho_-_andre_stora_extrait_.mp3\">Ounessane Tokef (Ki Keshime&#8217;Ho) (EXTRAIT) &#8211; Andr\u00e9 Stora<\/a><\/div>\n\n\n\n<div class=\"wp-block-file\"><a href=\"https:\/\/www.iemj.org\/wp-content\/uploads\/2017\/09\/shofet_col_haarets_-_emile_kacman.mp3\">Shofet Col Haarets &#8211; Emile Ka\u00e7man<\/a><\/div>\n\n\n\n<div class=\"wp-block-file\"><a href=\"https:\/\/www.iemj.org\/wp-content\/uploads\/2017\/09\/vayehi_-_shalom_berlinski_jules_franck_.mp3\">Vayehi &#8211; Shalom Berlinski (Jules Franck)<\/a><\/div>\n","protected":false},"excerpt":{"rendered":"<p>Le ofrecemos una selecci\u00f3n de las m\u00e1s bellas melod\u00edas de Rosh Hashan\u00e1 interpretadas por Michel Heymann, Philippe Darmon, Shalom Berlinski, Adolphe Attia.<\/p>\n","protected":false},"author":1052,"featured_media":59031,"comment_status":"closed","ping_status":"open","sticky":false,"template":"","format":"standard","meta":{"_acf_changed":false,"footnotes":""},"categories":[1535],"tags":[],"technique":[],"squelettes":[],"sujet":[1852],"formation":[],"genre":[],"fonds":[],"tradition":[],"type-de-contenu":[],"interprete-compositeur":[],"frise":[],"type-devenement":[],"tableaux-liens-externes":[],"class_list":["post-59030","post","type-post","status-publish","format-standard","has-post-thumbnail","hentry","category-listas-de-reproduccion-es","sujet-rosh-hashana-es"],"acf":[],"yoast_head":"<!-- This site is optimized with the Yoast SEO plugin v27.3 - https:\/\/yoast.com\/product\/yoast-seo-wordpress\/ -->\n<title>Rosh Hashan\u00e1 2 - Institut Europ\u00e9en des Musiques Juives<\/title>\n<meta name=\"robots\" content=\"index, follow, max-snippet:-1, max-image-preview:large, max-video-preview:-1\" \/>\n<link rel=\"canonical\" href=\"https:\/\/www.iemj.org\/es\/roch-hachana-2\/\" \/>\n<meta property=\"og:locale\" content=\"es_ES\" \/>\n<meta property=\"og:type\" content=\"article\" \/>\n<meta property=\"og:title\" content=\"Rosh Hashan\u00e1 2 - Institut Europ\u00e9en des Musiques Juives\" \/>\n<meta property=\"og:description\" content=\"Le ofrecemos una selecci\u00f3n de las m\u00e1s bellas melod\u00edas de Rosh Hashan\u00e1 interpretadas por Michel Heymann, Philippe Darmon, Shalom Berlinski, Adolphe Attia.\" \/>\n<meta property=\"og:url\" content=\"https:\/\/www.iemj.org\/es\/roch-hachana-2\/\" \/>\n<meta property=\"og:site_name\" content=\"Institut Europ\u00e9en des Musiques Juives\" \/>\n<meta property=\"article:publisher\" content=\"https:\/\/www.facebook.com\/MusiquesJuives\/\" \/>\n<meta property=\"article:published_time\" content=\"2017-09-20T08:36:34+00:00\" \/>\n<meta property=\"article:modified_time\" content=\"2024-09-24T10:24:45+00:00\" \/>\n<meta property=\"og:image\" content=\"https:\/\/www.iemj.org\/wp-content\/uploads\/2017\/09\/arton2473-e1629820738259.jpg\" \/>\n\t<meta property=\"og:image:width\" content=\"350\" \/>\n\t<meta property=\"og:image:height\" content=\"323\" \/>\n\t<meta property=\"og:image:type\" content=\"image\/jpeg\" \/>\n<meta name=\"author\" content=\"Lea Couderc\" \/>\n<meta name=\"twitter:card\" content=\"summary_large_image\" \/>\n<meta name=\"twitter:label1\" content=\"Escrito por\" \/>\n\t<meta name=\"twitter:data1\" content=\"Lea Couderc\" \/>\n\t<meta name=\"twitter:label2\" content=\"Tiempo de lectura\" \/>\n\t<meta name=\"twitter:data2\" content=\"2 minutos\" \/>\n<script type=\"application\/ld+json\" class=\"yoast-schema-graph\">{\"@context\":\"https:\\\/\\\/schema.org\",\"@graph\":[{\"@type\":\"Article\",\"@id\":\"https:\\\/\\\/www.iemj.org\\\/es\\\/roch-hachana-2\\\/#article\",\"isPartOf\":{\"@id\":\"https:\\\/\\\/www.iemj.org\\\/es\\\/roch-hachana-2\\\/\"},\"author\":{\"name\":\"Lea Couderc\",\"@id\":\"https:\\\/\\\/www.iemj.org\\\/es\\\/#\\\/schema\\\/person\\\/e2ad57f2c4be119c7ed8ab79036807a9\"},\"headline\":\"Rosh Hashan\u00e1 2\",\"datePublished\":\"2017-09-20T08:36:34+00:00\",\"dateModified\":\"2024-09-24T10:24:45+00:00\",\"mainEntityOfPage\":{\"@id\":\"https:\\\/\\\/www.iemj.org\\\/es\\\/roch-hachana-2\\\/\"},\"wordCount\":359,\"publisher\":{\"@id\":\"https:\\\/\\\/www.iemj.org\\\/es\\\/#organization\"},\"image\":{\"@id\":\"https:\\\/\\\/www.iemj.org\\\/es\\\/roch-hachana-2\\\/#primaryimage\"},\"thumbnailUrl\":\"https:\\\/\\\/www.iemj.org\\\/wp-content\\\/uploads\\\/2017\\\/09\\\/arton2473-e1629820738259.jpg\",\"articleSection\":[\"Listas de reproducci\u00f3n\"],\"inLanguage\":\"es\"},{\"@type\":\"WebPage\",\"@id\":\"https:\\\/\\\/www.iemj.org\\\/es\\\/roch-hachana-2\\\/\",\"url\":\"https:\\\/\\\/www.iemj.org\\\/es\\\/roch-hachana-2\\\/\",\"name\":\"Rosh Hashan\u00e1 2 - Institut Europ\u00e9en des Musiques Juives\",\"isPartOf\":{\"@id\":\"https:\\\/\\\/www.iemj.org\\\/es\\\/#website\"},\"primaryImageOfPage\":{\"@id\":\"https:\\\/\\\/www.iemj.org\\\/es\\\/roch-hachana-2\\\/#primaryimage\"},\"image\":{\"@id\":\"https:\\\/\\\/www.iemj.org\\\/es\\\/roch-hachana-2\\\/#primaryimage\"},\"thumbnailUrl\":\"https:\\\/\\\/www.iemj.org\\\/wp-content\\\/uploads\\\/2017\\\/09\\\/arton2473-e1629820738259.jpg\",\"datePublished\":\"2017-09-20T08:36:34+00:00\",\"dateModified\":\"2024-09-24T10:24:45+00:00\",\"breadcrumb\":{\"@id\":\"https:\\\/\\\/www.iemj.org\\\/es\\\/roch-hachana-2\\\/#breadcrumb\"},\"inLanguage\":\"es\",\"potentialAction\":[{\"@type\":\"ReadAction\",\"target\":[\"https:\\\/\\\/www.iemj.org\\\/es\\\/roch-hachana-2\\\/\"]}]},{\"@type\":\"ImageObject\",\"inLanguage\":\"es\",\"@id\":\"https:\\\/\\\/www.iemj.org\\\/es\\\/roch-hachana-2\\\/#primaryimage\",\"url\":\"https:\\\/\\\/www.iemj.org\\\/wp-content\\\/uploads\\\/2017\\\/09\\\/arton2473-e1629820738259.jpg\",\"contentUrl\":\"https:\\\/\\\/www.iemj.org\\\/wp-content\\\/uploads\\\/2017\\\/09\\\/arton2473-e1629820738259.jpg\",\"width\":350,\"height\":323},{\"@type\":\"BreadcrumbList\",\"@id\":\"https:\\\/\\\/www.iemj.org\\\/es\\\/roch-hachana-2\\\/#breadcrumb\",\"itemListElement\":[{\"@type\":\"ListItem\",\"position\":1,\"name\":\"Accueil\",\"item\":\"https:\\\/\\\/www.iemj.org\\\/es\\\/\"},{\"@type\":\"ListItem\",\"position\":2,\"name\":\"Rosh Hashan\u00e1 2\"}]},{\"@type\":\"WebSite\",\"@id\":\"https:\\\/\\\/www.iemj.org\\\/es\\\/#website\",\"url\":\"https:\\\/\\\/www.iemj.org\\\/es\\\/\",\"name\":\"Institut Europ\u00e9en des Musiques Juives\",\"description\":\"Des traditions musicales \u00e0 la port\u00e9e de tous\",\"publisher\":{\"@id\":\"https:\\\/\\\/www.iemj.org\\\/es\\\/#organization\"},\"potentialAction\":[{\"@type\":\"SearchAction\",\"target\":{\"@type\":\"EntryPoint\",\"urlTemplate\":\"https:\\\/\\\/www.iemj.org\\\/es\\\/?s={search_term_string}\"},\"query-input\":{\"@type\":\"PropertyValueSpecification\",\"valueRequired\":true,\"valueName\":\"search_term_string\"}}],\"inLanguage\":\"es\"},{\"@type\":\"Organization\",\"@id\":\"https:\\\/\\\/www.iemj.org\\\/es\\\/#organization\",\"name\":\"Institut Europ\u00e9en des Musiques Juives\",\"url\":\"https:\\\/\\\/www.iemj.org\\\/es\\\/\",\"logo\":{\"@type\":\"ImageObject\",\"inLanguage\":\"es\",\"@id\":\"https:\\\/\\\/www.iemj.org\\\/es\\\/#\\\/schema\\\/logo\\\/image\\\/\",\"url\":\"https:\\\/\\\/www.iemj.org\\\/wp-content\\\/uploads\\\/2021\\\/09\\\/Logo-IEMJ-Paypal.jpg\",\"contentUrl\":\"https:\\\/\\\/www.iemj.org\\\/wp-content\\\/uploads\\\/2021\\\/09\\\/Logo-IEMJ-Paypal.jpg\",\"width\":150,\"height\":50,\"caption\":\"Institut Europ\u00e9en des Musiques Juives\"},\"image\":{\"@id\":\"https:\\\/\\\/www.iemj.org\\\/es\\\/#\\\/schema\\\/logo\\\/image\\\/\"},\"sameAs\":[\"https:\\\/\\\/www.facebook.com\\\/MusiquesJuives\\\/\",\"https:\\\/\\\/www.instagram.com\\\/musiquesjuives\\\/\",\"https:\\\/\\\/www.youtube.com\\\/user\\\/musiquesjuives\"]},{\"@type\":\"Person\",\"@id\":\"https:\\\/\\\/www.iemj.org\\\/es\\\/#\\\/schema\\\/person\\\/e2ad57f2c4be119c7ed8ab79036807a9\",\"name\":\"Lea Couderc\",\"image\":{\"@type\":\"ImageObject\",\"inLanguage\":\"es\",\"@id\":\"https:\\\/\\\/secure.gravatar.com\\\/avatar\\\/46ee021475d60aeff17a7e490b79dea5a5684bb392ab7fd1494027411df8ba23?s=96&d=mm&r=g\",\"url\":\"https:\\\/\\\/secure.gravatar.com\\\/avatar\\\/46ee021475d60aeff17a7e490b79dea5a5684bb392ab7fd1494027411df8ba23?s=96&d=mm&r=g\",\"contentUrl\":\"https:\\\/\\\/secure.gravatar.com\\\/avatar\\\/46ee021475d60aeff17a7e490b79dea5a5684bb392ab7fd1494027411df8ba23?s=96&d=mm&r=g\",\"caption\":\"Lea Couderc\"}}]}<\/script>\n<!-- \/ Yoast SEO plugin. -->","yoast_head_json":{"title":"Rosh Hashan\u00e1 2 - Institut Europ\u00e9en des Musiques Juives","robots":{"index":"index","follow":"follow","max-snippet":"max-snippet:-1","max-image-preview":"max-image-preview:large","max-video-preview":"max-video-preview:-1"},"canonical":"https:\/\/www.iemj.org\/es\/roch-hachana-2\/","og_locale":"es_ES","og_type":"article","og_title":"Rosh Hashan\u00e1 2 - Institut Europ\u00e9en des Musiques Juives","og_description":"Le ofrecemos una selecci\u00f3n de las m\u00e1s bellas melod\u00edas de Rosh Hashan\u00e1 interpretadas por Michel Heymann, Philippe Darmon, Shalom Berlinski, Adolphe Attia.","og_url":"https:\/\/www.iemj.org\/es\/roch-hachana-2\/","og_site_name":"Institut Europ\u00e9en des Musiques Juives","article_publisher":"https:\/\/www.facebook.com\/MusiquesJuives\/","article_published_time":"2017-09-20T08:36:34+00:00","article_modified_time":"2024-09-24T10:24:45+00:00","og_image":[{"width":350,"height":323,"url":"https:\/\/www.iemj.org\/wp-content\/uploads\/2017\/09\/arton2473-e1629820738259.jpg","type":"image\/jpeg"}],"author":"Lea Couderc","twitter_card":"summary_large_image","twitter_misc":{"Escrito por":"Lea Couderc","Tiempo de lectura":"2 minutos"},"schema":{"@context":"https:\/\/schema.org","@graph":[{"@type":"Article","@id":"https:\/\/www.iemj.org\/es\/roch-hachana-2\/#article","isPartOf":{"@id":"https:\/\/www.iemj.org\/es\/roch-hachana-2\/"},"author":{"name":"Lea Couderc","@id":"https:\/\/www.iemj.org\/es\/#\/schema\/person\/e2ad57f2c4be119c7ed8ab79036807a9"},"headline":"Rosh Hashan\u00e1 2","datePublished":"2017-09-20T08:36:34+00:00","dateModified":"2024-09-24T10:24:45+00:00","mainEntityOfPage":{"@id":"https:\/\/www.iemj.org\/es\/roch-hachana-2\/"},"wordCount":359,"publisher":{"@id":"https:\/\/www.iemj.org\/es\/#organization"},"image":{"@id":"https:\/\/www.iemj.org\/es\/roch-hachana-2\/#primaryimage"},"thumbnailUrl":"https:\/\/www.iemj.org\/wp-content\/uploads\/2017\/09\/arton2473-e1629820738259.jpg","articleSection":["Listas de reproducci\u00f3n"],"inLanguage":"es"},{"@type":"WebPage","@id":"https:\/\/www.iemj.org\/es\/roch-hachana-2\/","url":"https:\/\/www.iemj.org\/es\/roch-hachana-2\/","name":"Rosh Hashan\u00e1 2 - Institut Europ\u00e9en des Musiques Juives","isPartOf":{"@id":"https:\/\/www.iemj.org\/es\/#website"},"primaryImageOfPage":{"@id":"https:\/\/www.iemj.org\/es\/roch-hachana-2\/#primaryimage"},"image":{"@id":"https:\/\/www.iemj.org\/es\/roch-hachana-2\/#primaryimage"},"thumbnailUrl":"https:\/\/www.iemj.org\/wp-content\/uploads\/2017\/09\/arton2473-e1629820738259.jpg","datePublished":"2017-09-20T08:36:34+00:00","dateModified":"2024-09-24T10:24:45+00:00","breadcrumb":{"@id":"https:\/\/www.iemj.org\/es\/roch-hachana-2\/#breadcrumb"},"inLanguage":"es","potentialAction":[{"@type":"ReadAction","target":["https:\/\/www.iemj.org\/es\/roch-hachana-2\/"]}]},{"@type":"ImageObject","inLanguage":"es","@id":"https:\/\/www.iemj.org\/es\/roch-hachana-2\/#primaryimage","url":"https:\/\/www.iemj.org\/wp-content\/uploads\/2017\/09\/arton2473-e1629820738259.jpg","contentUrl":"https:\/\/www.iemj.org\/wp-content\/uploads\/2017\/09\/arton2473-e1629820738259.jpg","width":350,"height":323},{"@type":"BreadcrumbList","@id":"https:\/\/www.iemj.org\/es\/roch-hachana-2\/#breadcrumb","itemListElement":[{"@type":"ListItem","position":1,"name":"Accueil","item":"https:\/\/www.iemj.org\/es\/"},{"@type":"ListItem","position":2,"name":"Rosh Hashan\u00e1 2"}]},{"@type":"WebSite","@id":"https:\/\/www.iemj.org\/es\/#website","url":"https:\/\/www.iemj.org\/es\/","name":"Institut Europ\u00e9en des Musiques Juives","description":"Des traditions musicales \u00e0 la port\u00e9e de tous","publisher":{"@id":"https:\/\/www.iemj.org\/es\/#organization"},"potentialAction":[{"@type":"SearchAction","target":{"@type":"EntryPoint","urlTemplate":"https:\/\/www.iemj.org\/es\/?s={search_term_string}"},"query-input":{"@type":"PropertyValueSpecification","valueRequired":true,"valueName":"search_term_string"}}],"inLanguage":"es"},{"@type":"Organization","@id":"https:\/\/www.iemj.org\/es\/#organization","name":"Institut Europ\u00e9en des Musiques Juives","url":"https:\/\/www.iemj.org\/es\/","logo":{"@type":"ImageObject","inLanguage":"es","@id":"https:\/\/www.iemj.org\/es\/#\/schema\/logo\/image\/","url":"https:\/\/www.iemj.org\/wp-content\/uploads\/2021\/09\/Logo-IEMJ-Paypal.jpg","contentUrl":"https:\/\/www.iemj.org\/wp-content\/uploads\/2021\/09\/Logo-IEMJ-Paypal.jpg","width":150,"height":50,"caption":"Institut Europ\u00e9en des Musiques Juives"},"image":{"@id":"https:\/\/www.iemj.org\/es\/#\/schema\/logo\/image\/"},"sameAs":["https:\/\/www.facebook.com\/MusiquesJuives\/","https:\/\/www.instagram.com\/musiquesjuives\/","https:\/\/www.youtube.com\/user\/musiquesjuives"]},{"@type":"Person","@id":"https:\/\/www.iemj.org\/es\/#\/schema\/person\/e2ad57f2c4be119c7ed8ab79036807a9","name":"Lea Couderc","image":{"@type":"ImageObject","inLanguage":"es","@id":"https:\/\/secure.gravatar.com\/avatar\/46ee021475d60aeff17a7e490b79dea5a5684bb392ab7fd1494027411df8ba23?s=96&d=mm&r=g","url":"https:\/\/secure.gravatar.com\/avatar\/46ee021475d60aeff17a7e490b79dea5a5684bb392ab7fd1494027411df8ba23?s=96&d=mm&r=g","contentUrl":"https:\/\/secure.gravatar.com\/avatar\/46ee021475d60aeff17a7e490b79dea5a5684bb392ab7fd1494027411df8ba23?s=96&d=mm&r=g","caption":"Lea Couderc"}}]}},"_links":{"self":[{"href":"https:\/\/www.iemj.org\/es\/wp-json\/wp\/v2\/posts\/59030","targetHints":{"allow":["GET"]}}],"collection":[{"href":"https:\/\/www.iemj.org\/es\/wp-json\/wp\/v2\/posts"}],"about":[{"href":"https:\/\/www.iemj.org\/es\/wp-json\/wp\/v2\/types\/post"}],"author":[{"embeddable":true,"href":"https:\/\/www.iemj.org\/es\/wp-json\/wp\/v2\/users\/1052"}],"replies":[{"embeddable":true,"href":"https:\/\/www.iemj.org\/es\/wp-json\/wp\/v2\/comments?post=59030"}],"version-history":[{"count":0,"href":"https:\/\/www.iemj.org\/es\/wp-json\/wp\/v2\/posts\/59030\/revisions"}],"wp:featuredmedia":[{"embeddable":true,"href":"https:\/\/www.iemj.org\/es\/wp-json\/wp\/v2\/media\/59031"}],"wp:attachment":[{"href":"https:\/\/www.iemj.org\/es\/wp-json\/wp\/v2\/media?parent=59030"}],"wp:term":[{"taxonomy":"category","embeddable":true,"href":"https:\/\/www.iemj.org\/es\/wp-json\/wp\/v2\/categories?post=59030"},{"taxonomy":"post_tag","embeddable":true,"href":"https:\/\/www.iemj.org\/es\/wp-json\/wp\/v2\/tags?post=59030"},{"taxonomy":"technique","embeddable":true,"href":"https:\/\/www.iemj.org\/es\/wp-json\/wp\/v2\/technique?post=59030"},{"taxonomy":"squelettes","embeddable":true,"href":"https:\/\/www.iemj.org\/es\/wp-json\/wp\/v2\/squelettes?post=59030"},{"taxonomy":"sujet","embeddable":true,"href":"https:\/\/www.iemj.org\/es\/wp-json\/wp\/v2\/sujet?post=59030"},{"taxonomy":"formation","embeddable":true,"href":"https:\/\/www.iemj.org\/es\/wp-json\/wp\/v2\/formation?post=59030"},{"taxonomy":"genre","embeddable":true,"href":"https:\/\/www.iemj.org\/es\/wp-json\/wp\/v2\/genre?post=59030"},{"taxonomy":"fonds","embeddable":true,"href":"https:\/\/www.iemj.org\/es\/wp-json\/wp\/v2\/fonds?post=59030"},{"taxonomy":"tradition","embeddable":true,"href":"https:\/\/www.iemj.org\/es\/wp-json\/wp\/v2\/tradition?post=59030"},{"taxonomy":"type-de-contenu","embeddable":true,"href":"https:\/\/www.iemj.org\/es\/wp-json\/wp\/v2\/type-de-contenu?post=59030"},{"taxonomy":"interprete-compositeur","embeddable":true,"href":"https:\/\/www.iemj.org\/es\/wp-json\/wp\/v2\/interprete-compositeur?post=59030"},{"taxonomy":"frise","embeddable":true,"href":"https:\/\/www.iemj.org\/es\/wp-json\/wp\/v2\/frise?post=59030"},{"taxonomy":"type-devenement","embeddable":true,"href":"https:\/\/www.iemj.org\/es\/wp-json\/wp\/v2\/type-devenement?post=59030"},{"taxonomy":"tableaux-liens-externes","embeddable":true,"href":"https:\/\/www.iemj.org\/es\/wp-json\/wp\/v2\/tableaux-liens-externes?post=59030"}],"curies":[{"name":"wp","href":"https:\/\/api.w.org\/{rel}","templated":true}]}}