{"id":59178,"date":"2016-10-05T14:32:30","date_gmt":"2016-10-05T12:32:30","guid":{"rendered":"https:\/\/www.iemj.org\/yom-kippour-1\/"},"modified":"2024-10-09T15:31:22","modified_gmt":"2024-10-09T13:31:22","slug":"yom-kippour-1","status":"publish","type":"post","link":"https:\/\/www.iemj.org\/es\/yom-kippour-1\/","title":{"rendered":"Yom Kippur 1"},"content":{"rendered":"<p>Yom Kippur, com\u00fanmente llamado \u00abD\u00eda de la Expiaci\u00f3n\u00bb, es una de las fiestas m\u00e1s solemnes del a\u00f1o jud\u00edo\u2026<\/p>\n<p>Comienza al anochecer con la oraci\u00f3n simb\u00f3lica del Kol Nidre, durante la cual los fieles piden humildemente a Dios que anule todos los votos, juramentos, compromisos y promesas hechas desde Yom Kippur hasta \u00e9ste, y que no han podido ser respetados.<\/p>\n<p>La melod\u00eda tradicional de esta oraci\u00f3n siempre ha ejercitado un verdadero un poder de fascinaci\u00f3n y de hechizo, no solo en el mundo asquenaz\u00ed &#8211; donde, excepcionalmente, esta oraci\u00f3n esta cantada con la misma melod\u00eda en todas las comunidades &#8211; pero tambi\u00e9n en muchos compositores, jud\u00edos y no jud\u00edos, que se han inspirado en el para componer obras de belleza.<\/p>\n<p><img fetchpriority=\"high\" decoding=\"async\" class=\" alignright  wp-image-11854\" src=\"https:\/\/www.iemj.org\/wp-content\/uploads\/2016\/10\/doc_1_shoffar_kippour_500px.jpg\" alt=\"doc_1_shoffar_kippour_500px.jpg\" width=\"252\" height=\"340\" align=\"right\" srcset=\"https:\/\/www.iemj.org\/wp-content\/uploads\/2016\/10\/doc_1_shoffar_kippour_500px.jpg 325w, https:\/\/www.iemj.org\/wp-content\/uploads\/2016\/10\/doc_1_shoffar_kippour_500px-223x300.jpg 223w\" sizes=\"(max-width: 252px) 100vw, 252px\" \/>Durante los cinco servicios de Kipur (Kol Nidre, Chaharit, Minha, Neilah y Arvit), los fieles ayunan y rezan en la sinagoga hasta que suena el Chofar, que marca simb\u00f3licamente el final de la fiesta y de este periodo de diez \u00abd\u00edas terribles\u00bb (Yamim noraim) entre Rosh Hashanah y Kipur, cuando el destino de cada ser humano queda sellado ante el Se\u00f1or.<\/p>\n<ul>\n<li><a href=\"https:\/\/www.iemj.org\/es\/yom-kippour-2\/\" target=\"_blank\" rel=\"noopener\">Escuchar la lista de reproducci\u00f3n: Kippur 2<\/a><\/li>\n<li><a href=\"https:\/\/www.iemj.org\/es\/loffice-de-moussaf-de-yom-kippour\/\" target=\"_blank\" rel=\"noopener\">Escuchar la emisi\u00f3n de radio: L\u2019office de Moussaf de Yom Kippour [El servicio de Musaf de Yom Kippur] presentada por Herv\u00e9 Roten<\/a><\/li>\n<li><a href=\"https:\/\/www.iemj.org\/es\/la-priere-du-kol-nidre\/\" target=\"_blank\" rel=\"noopener\">Escuchar la emisi\u00f3n de radio: La pri\u00e8re du Kol nidr\u00e9 [La oracion del Kol nidre] presentada por Herv\u00e9 Roten<\/a><\/li>\n<li><a href=\"https:\/\/www.iemj.org\/es\/product\/serge-kaufmann-kol-nidre-for-choir-string-quintet-piano-and-clarinet-printed-score\/\" target=\"_blank\" rel=\"noopener\">Pedir las partituras del Kol Nidre de Serge Kaufmann<\/a><\/li>\n<li><a href=\"https:\/\/www.iemj.org\/es\/product\/kol-nidre-huit-visions\/\" target=\"_blank\" rel=\"noopener\">Pedir el CD: 8 visions du Kol Nidr\u00e9 [8 visiones del Kol Nidre]<\/a><\/li>\n<li><a href=\"https:\/\/www.iemj.org\/es\/produit\/kol-nidre-new-visions\/\" target=\"_blank\" rel=\"noopener\">Pedir el CD: Kol Nidr\u00e9 \u2013 Nouvelles visions [Nuevas visiones]<\/a><\/li>\n<\/ul>\n<div style=\"text-align: center;\">\n<div style=\"margin: 8px 0px 4px;\"><a href=\"http:\/\/www.calameo.com\/books\/0046127491a1666edc90a\" target=\"_blank\" rel=\"noopener noreferrer\">Col Nidr\u00e9 &#8211; L\u00e9on ALGAZI<\/a><\/div>\n<p><iframe style=\"margin: 0 auto;\" src=\"\/\/v.calameo.com\/?bkcode=0046127491a1666edc90a&amp;mode=mini\" width=\"480\" height=\"300\" frameborder=\"0\" scrolling=\"no\" allowfullscreen=\"allowfullscreen\"><\/iframe><\/p>\n<div style=\"margin: 4px 0px 8px;\">\u00a0<\/div>\n<\/div>\n\n\n<figure class=\"wp-block-image alignwide size-large\"><img decoding=\"async\" width=\"1024\" height=\"133\" src=\"https:\/\/www.iemj.org\/wp-content\/uploads\/2024\/03\/AUDIO-PLAYER-1024x133.png\" alt=\"\" class=\"wp-image-110610\" srcset=\"https:\/\/www.iemj.org\/wp-content\/uploads\/2024\/03\/AUDIO-PLAYER-1024x133.png 1024w, https:\/\/www.iemj.org\/wp-content\/uploads\/2024\/03\/AUDIO-PLAYER-300x39.png 300w, https:\/\/www.iemj.org\/wp-content\/uploads\/2024\/03\/AUDIO-PLAYER-768x100.png 768w, https:\/\/www.iemj.org\/wp-content\/uploads\/2024\/03\/AUDIO-PLAYER-600x78.png 600w, https:\/\/www.iemj.org\/wp-content\/uploads\/2024\/03\/AUDIO-PLAYER.png 1210w\" sizes=\"(max-width: 1024px) 100vw, 1024px\" \/><\/figure>\n\n\n\n<div class=\"wp-block-file\"><a href=\"https:\/\/www.iemj.org\/wp-content\/uploads\/2016\/10\/kol_nidre_in_moscow_extrait_-_yehudi_menuhin.mp3\">Kol Nidre in Moscow (EXTRAIT) <\/a><\/div>\n\n\n\n<div class=\"wp-block-file\"><a href=\"https:\/\/www.iemj.org\/wp-content\/uploads\/2016\/10\/kol_nidre_sonata_for_solo_violin_kol_nidre_8_visions_-_florin_szigeti.mp3\">Kol Nidre Sonata for Solo Violin (Kol Nidre, 8 visions) &#8211; Florin SZIGETI<\/a><\/div>\n\n\n\n<div class=\"wp-block-file\"><a href=\"https:\/\/www.iemj.org\/wp-content\/uploads\/2016\/10\/oleinou_-_shalom_berlinski.mp3\">Oleinou &#8211; Shalom BERLINSKI<\/a><\/div>\n\n\n\n<div class=\"wp-block-file\"><a href=\"https:\/\/www.iemj.org\/wp-content\/uploads\/2016\/10\/ono_tovo_oschamnou_-_emile_kacmann.mp3\">Ono Tovo Oschamnou &#8211; Emile KACMANN<\/a><\/div>\n\n\n\n<div class=\"wp-block-file\"><a href=\"https:\/\/www.iemj.org\/wp-content\/uploads\/2016\/10\/ovinou_malkrenou_-_emile_kacmann.mp3\">Ovinou Malk\u00e9nou &#8211; Emile KACMANN<\/a><\/div>\n\n\n\n<div class=\"wp-block-file\"><a href=\"https:\/\/www.iemj.org\/wp-content\/uploads\/2016\/10\/rahmanah_-_israel_traditions_liturgiques_des_communautes_juives_les_jours_de_kippour_.mp3\">Rahmanah &#8211; Isra\u00ebl Traditions Liturgiques des Communaut\u00e9s Juives (les jours de Kippour) <\/a><\/div>\n\n\n\n<div class=\"wp-block-file\"><a href=\"https:\/\/www.iemj.org\/wp-content\/uploads\/2016\/10\/schema_-_shalom_berlinski.mp3\">Schema &#8211; Shalom BERLINSKI<\/a><\/div>\n\n\n\n<div class=\"wp-block-file\"><a href=\"https:\/\/www.iemj.org\/wp-content\/uploads\/2016\/10\/yom_kippur_yom_hadin_-_m._eldidawi.mp3\">Yom Kippur yom hadin &#8211; M. ELDIDAWI<\/a><\/div>\n","protected":false},"excerpt":{"rendered":"<p>Yom Kippur, com\u00fanmente llamado \u00abD\u00eda de la Expiaci\u00f3n\u00bb, es una de las fiestas m\u00e1s solemnes del a\u00f1o jud\u00edo\u2026 Comienza al anochecer con la oraci\u00f3n simb\u00f3lica del Kol Nidre, durante la<\/p>\n","protected":false},"author":1052,"featured_media":59179,"comment_status":"closed","ping_status":"open","sticky":false,"template":"","format":"standard","meta":{"_acf_changed":false,"footnotes":""},"categories":[1535],"tags":[],"technique":[],"squelettes":[],"sujet":[1758],"formation":[],"genre":[],"fonds":[],"tradition":[],"type-de-contenu":[],"interprete-compositeur":[],"frise":[],"type-devenement":[],"tableaux-liens-externes":[],"class_list":["post-59178","post","type-post","status-publish","format-standard","has-post-thumbnail","hentry","category-listas-de-reproduccion-es","sujet-yom-kippur-es"],"acf":[],"yoast_head":"<!-- This site is optimized with the Yoast SEO plugin v27.3 - https:\/\/yoast.com\/product\/yoast-seo-wordpress\/ -->\n<title>Yom Kippur 1 - Institut Europ\u00e9en des Musiques Juives<\/title>\n<meta name=\"robots\" content=\"index, follow, max-snippet:-1, max-image-preview:large, max-video-preview:-1\" \/>\n<link rel=\"canonical\" href=\"https:\/\/www.iemj.org\/es\/yom-kippour-1\/\" \/>\n<meta property=\"og:locale\" content=\"es_ES\" \/>\n<meta property=\"og:type\" content=\"article\" \/>\n<meta property=\"og:title\" content=\"Yom Kippur 1 - Institut Europ\u00e9en des Musiques Juives\" \/>\n<meta property=\"og:description\" content=\"Yom Kippur, com\u00fanmente llamado \u00abD\u00eda de la Expiaci\u00f3n\u00bb, es una de las fiestas m\u00e1s solemnes del a\u00f1o jud\u00edo\u2026 Comienza al anochecer con la oraci\u00f3n simb\u00f3lica del Kol Nidre, durante la\" \/>\n<meta property=\"og:url\" content=\"https:\/\/www.iemj.org\/es\/yom-kippour-1\/\" \/>\n<meta property=\"og:site_name\" content=\"Institut Europ\u00e9en des Musiques Juives\" \/>\n<meta property=\"article:publisher\" content=\"https:\/\/www.facebook.com\/MusiquesJuives\/\" \/>\n<meta property=\"article:published_time\" content=\"2016-10-05T12:32:30+00:00\" \/>\n<meta property=\"article:modified_time\" content=\"2024-10-09T13:31:22+00:00\" \/>\n<meta property=\"og:image\" content=\"https:\/\/www.iemj.org\/wp-content\/uploads\/2025\/04\/Playlist-Kippour-1-1.jpg\" \/>\n\t<meta property=\"og:image:width\" content=\"350\" \/>\n\t<meta property=\"og:image:height\" content=\"434\" \/>\n\t<meta property=\"og:image:type\" content=\"image\/jpeg\" \/>\n<meta name=\"author\" content=\"Lea Couderc\" \/>\n<meta name=\"twitter:card\" content=\"summary_large_image\" \/>\n<meta name=\"twitter:label1\" content=\"Escrito por\" \/>\n\t<meta name=\"twitter:data1\" content=\"Lea Couderc\" \/>\n\t<meta name=\"twitter:label2\" content=\"Tiempo de lectura\" \/>\n\t<meta name=\"twitter:data2\" content=\"2 minutos\" \/>\n<script type=\"application\/ld+json\" class=\"yoast-schema-graph\">{\"@context\":\"https:\\\/\\\/schema.org\",\"@graph\":[{\"@type\":\"Article\",\"@id\":\"https:\\\/\\\/www.iemj.org\\\/es\\\/yom-kippour-1\\\/#article\",\"isPartOf\":{\"@id\":\"https:\\\/\\\/www.iemj.org\\\/es\\\/yom-kippour-1\\\/\"},\"author\":{\"name\":\"Lea Couderc\",\"@id\":\"https:\\\/\\\/www.iemj.org\\\/es\\\/#\\\/schema\\\/person\\\/e2ad57f2c4be119c7ed8ab79036807a9\"},\"headline\":\"Yom Kippur 1\",\"datePublished\":\"2016-10-05T12:32:30+00:00\",\"dateModified\":\"2024-10-09T13:31:22+00:00\",\"mainEntityOfPage\":{\"@id\":\"https:\\\/\\\/www.iemj.org\\\/es\\\/yom-kippour-1\\\/\"},\"wordCount\":346,\"publisher\":{\"@id\":\"https:\\\/\\\/www.iemj.org\\\/es\\\/#organization\"},\"image\":{\"@id\":\"https:\\\/\\\/www.iemj.org\\\/es\\\/yom-kippour-1\\\/#primaryimage\"},\"thumbnailUrl\":\"https:\\\/\\\/www.iemj.org\\\/wp-content\\\/uploads\\\/2025\\\/04\\\/Playlist-Kippour-1-1.jpg\",\"articleSection\":[\"Listas de reproducci\u00f3n\"],\"inLanguage\":\"es\"},{\"@type\":\"WebPage\",\"@id\":\"https:\\\/\\\/www.iemj.org\\\/es\\\/yom-kippour-1\\\/\",\"url\":\"https:\\\/\\\/www.iemj.org\\\/es\\\/yom-kippour-1\\\/\",\"name\":\"Yom Kippur 1 - Institut Europ\u00e9en des Musiques Juives\",\"isPartOf\":{\"@id\":\"https:\\\/\\\/www.iemj.org\\\/es\\\/#website\"},\"primaryImageOfPage\":{\"@id\":\"https:\\\/\\\/www.iemj.org\\\/es\\\/yom-kippour-1\\\/#primaryimage\"},\"image\":{\"@id\":\"https:\\\/\\\/www.iemj.org\\\/es\\\/yom-kippour-1\\\/#primaryimage\"},\"thumbnailUrl\":\"https:\\\/\\\/www.iemj.org\\\/wp-content\\\/uploads\\\/2025\\\/04\\\/Playlist-Kippour-1-1.jpg\",\"datePublished\":\"2016-10-05T12:32:30+00:00\",\"dateModified\":\"2024-10-09T13:31:22+00:00\",\"breadcrumb\":{\"@id\":\"https:\\\/\\\/www.iemj.org\\\/es\\\/yom-kippour-1\\\/#breadcrumb\"},\"inLanguage\":\"es\",\"potentialAction\":[{\"@type\":\"ReadAction\",\"target\":[\"https:\\\/\\\/www.iemj.org\\\/es\\\/yom-kippour-1\\\/\"]}]},{\"@type\":\"ImageObject\",\"inLanguage\":\"es\",\"@id\":\"https:\\\/\\\/www.iemj.org\\\/es\\\/yom-kippour-1\\\/#primaryimage\",\"url\":\"https:\\\/\\\/www.iemj.org\\\/wp-content\\\/uploads\\\/2025\\\/04\\\/Playlist-Kippour-1-1.jpg\",\"contentUrl\":\"https:\\\/\\\/www.iemj.org\\\/wp-content\\\/uploads\\\/2025\\\/04\\\/Playlist-Kippour-1-1.jpg\",\"width\":350,\"height\":434},{\"@type\":\"BreadcrumbList\",\"@id\":\"https:\\\/\\\/www.iemj.org\\\/es\\\/yom-kippour-1\\\/#breadcrumb\",\"itemListElement\":[{\"@type\":\"ListItem\",\"position\":1,\"name\":\"Accueil\",\"item\":\"https:\\\/\\\/www.iemj.org\\\/es\\\/\"},{\"@type\":\"ListItem\",\"position\":2,\"name\":\"Yom Kippur 1\"}]},{\"@type\":\"WebSite\",\"@id\":\"https:\\\/\\\/www.iemj.org\\\/es\\\/#website\",\"url\":\"https:\\\/\\\/www.iemj.org\\\/es\\\/\",\"name\":\"Institut Europ\u00e9en des Musiques Juives\",\"description\":\"Des traditions musicales \u00e0 la port\u00e9e de tous\",\"publisher\":{\"@id\":\"https:\\\/\\\/www.iemj.org\\\/es\\\/#organization\"},\"potentialAction\":[{\"@type\":\"SearchAction\",\"target\":{\"@type\":\"EntryPoint\",\"urlTemplate\":\"https:\\\/\\\/www.iemj.org\\\/es\\\/?s={search_term_string}\"},\"query-input\":{\"@type\":\"PropertyValueSpecification\",\"valueRequired\":true,\"valueName\":\"search_term_string\"}}],\"inLanguage\":\"es\"},{\"@type\":\"Organization\",\"@id\":\"https:\\\/\\\/www.iemj.org\\\/es\\\/#organization\",\"name\":\"Institut Europ\u00e9en des Musiques Juives\",\"url\":\"https:\\\/\\\/www.iemj.org\\\/es\\\/\",\"logo\":{\"@type\":\"ImageObject\",\"inLanguage\":\"es\",\"@id\":\"https:\\\/\\\/www.iemj.org\\\/es\\\/#\\\/schema\\\/logo\\\/image\\\/\",\"url\":\"https:\\\/\\\/www.iemj.org\\\/wp-content\\\/uploads\\\/2021\\\/09\\\/Logo-IEMJ-Paypal.jpg\",\"contentUrl\":\"https:\\\/\\\/www.iemj.org\\\/wp-content\\\/uploads\\\/2021\\\/09\\\/Logo-IEMJ-Paypal.jpg\",\"width\":150,\"height\":50,\"caption\":\"Institut Europ\u00e9en des Musiques Juives\"},\"image\":{\"@id\":\"https:\\\/\\\/www.iemj.org\\\/es\\\/#\\\/schema\\\/logo\\\/image\\\/\"},\"sameAs\":[\"https:\\\/\\\/www.facebook.com\\\/MusiquesJuives\\\/\",\"https:\\\/\\\/www.instagram.com\\\/musiquesjuives\\\/\",\"https:\\\/\\\/www.youtube.com\\\/user\\\/musiquesjuives\"]},{\"@type\":\"Person\",\"@id\":\"https:\\\/\\\/www.iemj.org\\\/es\\\/#\\\/schema\\\/person\\\/e2ad57f2c4be119c7ed8ab79036807a9\",\"name\":\"Lea Couderc\",\"image\":{\"@type\":\"ImageObject\",\"inLanguage\":\"es\",\"@id\":\"https:\\\/\\\/secure.gravatar.com\\\/avatar\\\/46ee021475d60aeff17a7e490b79dea5a5684bb392ab7fd1494027411df8ba23?s=96&d=mm&r=g\",\"url\":\"https:\\\/\\\/secure.gravatar.com\\\/avatar\\\/46ee021475d60aeff17a7e490b79dea5a5684bb392ab7fd1494027411df8ba23?s=96&d=mm&r=g\",\"contentUrl\":\"https:\\\/\\\/secure.gravatar.com\\\/avatar\\\/46ee021475d60aeff17a7e490b79dea5a5684bb392ab7fd1494027411df8ba23?s=96&d=mm&r=g\",\"caption\":\"Lea Couderc\"}}]}<\/script>\n<!-- \/ Yoast SEO plugin. -->","yoast_head_json":{"title":"Yom Kippur 1 - Institut Europ\u00e9en des Musiques Juives","robots":{"index":"index","follow":"follow","max-snippet":"max-snippet:-1","max-image-preview":"max-image-preview:large","max-video-preview":"max-video-preview:-1"},"canonical":"https:\/\/www.iemj.org\/es\/yom-kippour-1\/","og_locale":"es_ES","og_type":"article","og_title":"Yom Kippur 1 - Institut Europ\u00e9en des Musiques Juives","og_description":"Yom Kippur, com\u00fanmente llamado \u00abD\u00eda de la Expiaci\u00f3n\u00bb, es una de las fiestas m\u00e1s solemnes del a\u00f1o jud\u00edo\u2026 Comienza al anochecer con la oraci\u00f3n simb\u00f3lica del Kol Nidre, durante la","og_url":"https:\/\/www.iemj.org\/es\/yom-kippour-1\/","og_site_name":"Institut Europ\u00e9en des Musiques Juives","article_publisher":"https:\/\/www.facebook.com\/MusiquesJuives\/","article_published_time":"2016-10-05T12:32:30+00:00","article_modified_time":"2024-10-09T13:31:22+00:00","og_image":[{"width":350,"height":434,"url":"https:\/\/www.iemj.org\/wp-content\/uploads\/2025\/04\/Playlist-Kippour-1-1.jpg","type":"image\/jpeg"}],"author":"Lea Couderc","twitter_card":"summary_large_image","twitter_misc":{"Escrito por":"Lea Couderc","Tiempo de lectura":"2 minutos"},"schema":{"@context":"https:\/\/schema.org","@graph":[{"@type":"Article","@id":"https:\/\/www.iemj.org\/es\/yom-kippour-1\/#article","isPartOf":{"@id":"https:\/\/www.iemj.org\/es\/yom-kippour-1\/"},"author":{"name":"Lea Couderc","@id":"https:\/\/www.iemj.org\/es\/#\/schema\/person\/e2ad57f2c4be119c7ed8ab79036807a9"},"headline":"Yom Kippur 1","datePublished":"2016-10-05T12:32:30+00:00","dateModified":"2024-10-09T13:31:22+00:00","mainEntityOfPage":{"@id":"https:\/\/www.iemj.org\/es\/yom-kippour-1\/"},"wordCount":346,"publisher":{"@id":"https:\/\/www.iemj.org\/es\/#organization"},"image":{"@id":"https:\/\/www.iemj.org\/es\/yom-kippour-1\/#primaryimage"},"thumbnailUrl":"https:\/\/www.iemj.org\/wp-content\/uploads\/2025\/04\/Playlist-Kippour-1-1.jpg","articleSection":["Listas de reproducci\u00f3n"],"inLanguage":"es"},{"@type":"WebPage","@id":"https:\/\/www.iemj.org\/es\/yom-kippour-1\/","url":"https:\/\/www.iemj.org\/es\/yom-kippour-1\/","name":"Yom Kippur 1 - Institut Europ\u00e9en des Musiques Juives","isPartOf":{"@id":"https:\/\/www.iemj.org\/es\/#website"},"primaryImageOfPage":{"@id":"https:\/\/www.iemj.org\/es\/yom-kippour-1\/#primaryimage"},"image":{"@id":"https:\/\/www.iemj.org\/es\/yom-kippour-1\/#primaryimage"},"thumbnailUrl":"https:\/\/www.iemj.org\/wp-content\/uploads\/2025\/04\/Playlist-Kippour-1-1.jpg","datePublished":"2016-10-05T12:32:30+00:00","dateModified":"2024-10-09T13:31:22+00:00","breadcrumb":{"@id":"https:\/\/www.iemj.org\/es\/yom-kippour-1\/#breadcrumb"},"inLanguage":"es","potentialAction":[{"@type":"ReadAction","target":["https:\/\/www.iemj.org\/es\/yom-kippour-1\/"]}]},{"@type":"ImageObject","inLanguage":"es","@id":"https:\/\/www.iemj.org\/es\/yom-kippour-1\/#primaryimage","url":"https:\/\/www.iemj.org\/wp-content\/uploads\/2025\/04\/Playlist-Kippour-1-1.jpg","contentUrl":"https:\/\/www.iemj.org\/wp-content\/uploads\/2025\/04\/Playlist-Kippour-1-1.jpg","width":350,"height":434},{"@type":"BreadcrumbList","@id":"https:\/\/www.iemj.org\/es\/yom-kippour-1\/#breadcrumb","itemListElement":[{"@type":"ListItem","position":1,"name":"Accueil","item":"https:\/\/www.iemj.org\/es\/"},{"@type":"ListItem","position":2,"name":"Yom Kippur 1"}]},{"@type":"WebSite","@id":"https:\/\/www.iemj.org\/es\/#website","url":"https:\/\/www.iemj.org\/es\/","name":"Institut Europ\u00e9en des Musiques Juives","description":"Des traditions musicales \u00e0 la port\u00e9e de tous","publisher":{"@id":"https:\/\/www.iemj.org\/es\/#organization"},"potentialAction":[{"@type":"SearchAction","target":{"@type":"EntryPoint","urlTemplate":"https:\/\/www.iemj.org\/es\/?s={search_term_string}"},"query-input":{"@type":"PropertyValueSpecification","valueRequired":true,"valueName":"search_term_string"}}],"inLanguage":"es"},{"@type":"Organization","@id":"https:\/\/www.iemj.org\/es\/#organization","name":"Institut Europ\u00e9en des Musiques Juives","url":"https:\/\/www.iemj.org\/es\/","logo":{"@type":"ImageObject","inLanguage":"es","@id":"https:\/\/www.iemj.org\/es\/#\/schema\/logo\/image\/","url":"https:\/\/www.iemj.org\/wp-content\/uploads\/2021\/09\/Logo-IEMJ-Paypal.jpg","contentUrl":"https:\/\/www.iemj.org\/wp-content\/uploads\/2021\/09\/Logo-IEMJ-Paypal.jpg","width":150,"height":50,"caption":"Institut Europ\u00e9en des Musiques Juives"},"image":{"@id":"https:\/\/www.iemj.org\/es\/#\/schema\/logo\/image\/"},"sameAs":["https:\/\/www.facebook.com\/MusiquesJuives\/","https:\/\/www.instagram.com\/musiquesjuives\/","https:\/\/www.youtube.com\/user\/musiquesjuives"]},{"@type":"Person","@id":"https:\/\/www.iemj.org\/es\/#\/schema\/person\/e2ad57f2c4be119c7ed8ab79036807a9","name":"Lea Couderc","image":{"@type":"ImageObject","inLanguage":"es","@id":"https:\/\/secure.gravatar.com\/avatar\/46ee021475d60aeff17a7e490b79dea5a5684bb392ab7fd1494027411df8ba23?s=96&d=mm&r=g","url":"https:\/\/secure.gravatar.com\/avatar\/46ee021475d60aeff17a7e490b79dea5a5684bb392ab7fd1494027411df8ba23?s=96&d=mm&r=g","contentUrl":"https:\/\/secure.gravatar.com\/avatar\/46ee021475d60aeff17a7e490b79dea5a5684bb392ab7fd1494027411df8ba23?s=96&d=mm&r=g","caption":"Lea Couderc"}}]}},"_links":{"self":[{"href":"https:\/\/www.iemj.org\/es\/wp-json\/wp\/v2\/posts\/59178","targetHints":{"allow":["GET"]}}],"collection":[{"href":"https:\/\/www.iemj.org\/es\/wp-json\/wp\/v2\/posts"}],"about":[{"href":"https:\/\/www.iemj.org\/es\/wp-json\/wp\/v2\/types\/post"}],"author":[{"embeddable":true,"href":"https:\/\/www.iemj.org\/es\/wp-json\/wp\/v2\/users\/1052"}],"replies":[{"embeddable":true,"href":"https:\/\/www.iemj.org\/es\/wp-json\/wp\/v2\/comments?post=59178"}],"version-history":[{"count":0,"href":"https:\/\/www.iemj.org\/es\/wp-json\/wp\/v2\/posts\/59178\/revisions"}],"wp:featuredmedia":[{"embeddable":true,"href":"https:\/\/www.iemj.org\/es\/wp-json\/wp\/v2\/media\/59179"}],"wp:attachment":[{"href":"https:\/\/www.iemj.org\/es\/wp-json\/wp\/v2\/media?parent=59178"}],"wp:term":[{"taxonomy":"category","embeddable":true,"href":"https:\/\/www.iemj.org\/es\/wp-json\/wp\/v2\/categories?post=59178"},{"taxonomy":"post_tag","embeddable":true,"href":"https:\/\/www.iemj.org\/es\/wp-json\/wp\/v2\/tags?post=59178"},{"taxonomy":"technique","embeddable":true,"href":"https:\/\/www.iemj.org\/es\/wp-json\/wp\/v2\/technique?post=59178"},{"taxonomy":"squelettes","embeddable":true,"href":"https:\/\/www.iemj.org\/es\/wp-json\/wp\/v2\/squelettes?post=59178"},{"taxonomy":"sujet","embeddable":true,"href":"https:\/\/www.iemj.org\/es\/wp-json\/wp\/v2\/sujet?post=59178"},{"taxonomy":"formation","embeddable":true,"href":"https:\/\/www.iemj.org\/es\/wp-json\/wp\/v2\/formation?post=59178"},{"taxonomy":"genre","embeddable":true,"href":"https:\/\/www.iemj.org\/es\/wp-json\/wp\/v2\/genre?post=59178"},{"taxonomy":"fonds","embeddable":true,"href":"https:\/\/www.iemj.org\/es\/wp-json\/wp\/v2\/fonds?post=59178"},{"taxonomy":"tradition","embeddable":true,"href":"https:\/\/www.iemj.org\/es\/wp-json\/wp\/v2\/tradition?post=59178"},{"taxonomy":"type-de-contenu","embeddable":true,"href":"https:\/\/www.iemj.org\/es\/wp-json\/wp\/v2\/type-de-contenu?post=59178"},{"taxonomy":"interprete-compositeur","embeddable":true,"href":"https:\/\/www.iemj.org\/es\/wp-json\/wp\/v2\/interprete-compositeur?post=59178"},{"taxonomy":"frise","embeddable":true,"href":"https:\/\/www.iemj.org\/es\/wp-json\/wp\/v2\/frise?post=59178"},{"taxonomy":"type-devenement","embeddable":true,"href":"https:\/\/www.iemj.org\/es\/wp-json\/wp\/v2\/type-devenement?post=59178"},{"taxonomy":"tableaux-liens-externes","embeddable":true,"href":"https:\/\/www.iemj.org\/es\/wp-json\/wp\/v2\/tableaux-liens-externes?post=59178"}],"curies":[{"name":"wp","href":"https:\/\/api.w.org\/{rel}","templated":true}]}}