{"id":59749,"date":"2018-08-30T15:26:48","date_gmt":"2018-08-30T13:26:48","guid":{"rendered":"https:\/\/www.iemj.org\/musiques-des-prieres-de-loffice-de-roch-hachana\/"},"modified":"2022-09-19T11:03:53","modified_gmt":"2022-09-19T09:03:53","slug":"musiques-des-prieres-de-loffice-de-roch-hachana","status":"publish","type":"post","link":"https:\/\/www.iemj.org\/es\/musiques-des-prieres-de-loffice-de-roch-hachana\/","title":{"rendered":"M\u00daSICA PARA LAS ORACIONES DEL SERVICIO DE ROCH HACHANA"},"content":{"rendered":"<p>Esta carpeta de 75 p\u00e1ginas, procedente de la <a href=\"https:\/\/www.iemj.org\/es\/fonds-des-archives-musicales-de-la-grande-synagogue-de-la-victoire-paris\/\">colecci\u00f3n de la Sinagoga de la Victoria<\/a>, ha sido cuidadosamente recopilada por Georges Terrrier (antiguo director del coro de la Sinagoga de la Victoria), Jean-Marc Thoron (director del coro) y Ren\u00e9 L\u00e9vy. Contiene 73 partituras, para coro de 2 a 4 voces y ministro de oficio, de las principales oraciones de los servicios vespertino, matutino y Musaf de Rosh Hashan\u00e1.<\/p>\n<p><img fetchpriority=\"high\" decoding=\"async\" class=\"wp-image-20675 alignright\" src=\"https:\/\/www.iemj.org\/wp-content\/uploads\/2018\/08\/doc_2_roch_hachana_500px.jpg\" alt=\"doc_2_roch_hachana_500px.jpg\" width=\"291\" height=\"437\" align=\"middle\" srcset=\"https:\/\/www.iemj.org\/wp-content\/uploads\/2018\/08\/doc_2_roch_hachana_500px.jpg 395w, https:\/\/www.iemj.org\/wp-content\/uploads\/2018\/08\/doc_2_roch_hachana_500px-200x300.jpg 200w\" sizes=\"(max-width: 291px) 100vw, 291px\" \/>Incluye melod\u00edas tradicionales, pero tambi\u00e9n composiciones y arreglos de Louis Lewandowski, Samuel Naumbourg, Jules Franck, L\u00e9on Algazi Maurice Benhamou, Fernand Slama y Emmanuelle Souffan (esta \u00faltima partitura est\u00e1 fechada en 2007)&#8230;<\/p>\n<p>Los archivos musicales de la Gran Sinagoga de la Victoria representan actualmente la colecci\u00f3n lit\u00fargica m\u00e1s importante de Francia. El IEMJ ha catalogado m\u00e1s de 2.300 partituras que fueron inventariadas, digitalizadas y catalogadas entre septiembre de 2011 y mediados de 2016.<\/p>\n<p><a href=\"https:\/\/www.iemj.org\/es\/fonds-des-archives-musicales-de-la-grande-synagogue-de-la-victoire-paris\/\" target=\"_blank\" rel=\"noopener\">M\u00e1s informaci\u00f3n sobre los archivos musicales de la Victoria<\/a><\/p>\n<div style=\"text-align: center;\">\n<div style=\"margin: 8px 0px 4px; text-align: left;\">\n<p><a href=\"https:\/\/www.calameo.com\/books\/004612749c5a59bf9e08b\" target=\"_blank\" rel=\"noopener\">Descubra un extracto de esta colecci\u00f3n de Rosh Hashan\u00e1<\/a><\/p>\n<\/div>\n<div><\/div>\n<p><iframe style=\"margin: 0 auto;\" src=\"\/\/v.calameo.com\/?bkcode=004612749c5a59bf9e08b&amp;mode=mini\" width=\"480\" height=\"300\" frameborder=\"0\" scrolling=\"no\" allowfullscreen=\"allowfullscreen\"><\/iframe><\/p>\n<div style=\"margin: 4px 0px 8px;\"><\/div>\n<\/div>\n","protected":false},"excerpt":{"rendered":"<p>Esta carpeta de 75 p\u00e1ginas, procedente de la colecci\u00f3n de la Sinagoga de la Victoria, ha sido cuidadosamente recopilada por Georges Terrrier (antiguo director del coro de la Sinagoga de<\/p>\n","protected":false},"author":1052,"featured_media":59751,"comment_status":"closed","ping_status":"open","sticky":false,"template":"","format":"standard","meta":{"_acf_changed":false,"footnotes":""},"categories":[1566],"tags":[],"technique":[],"squelettes":[],"sujet":[1852],"formation":[],"genre":[1890],"fonds":[],"tradition":[1982],"type-de-contenu":[],"interprete-compositeur":[],"frise":[],"type-devenement":[],"tableaux-liens-externes":[],"class_list":["post-59749","post","type-post","status-publish","format-standard","has-post-thumbnail","hentry","category-imprescindibles-es","sujet-rosh-hashana-es","genre-liturgia-es","tradition-rito-ashkenazi-es"],"acf":[],"yoast_head":"<!-- This site is optimized with the Yoast SEO plugin v27.3 - https:\/\/yoast.com\/product\/yoast-seo-wordpress\/ -->\n<title>M\u00daSICA PARA LAS ORACIONES DEL SERVICIO DE ROCH HACHANA - Institut Europ\u00e9en des Musiques Juives<\/title>\n<meta name=\"robots\" content=\"index, follow, max-snippet:-1, max-image-preview:large, max-video-preview:-1\" \/>\n<link rel=\"canonical\" href=\"https:\/\/www.iemj.org\/es\/musiques-des-prieres-de-loffice-de-roch-hachana\/\" \/>\n<meta property=\"og:locale\" content=\"es_ES\" \/>\n<meta property=\"og:type\" content=\"article\" \/>\n<meta property=\"og:title\" content=\"M\u00daSICA PARA LAS ORACIONES DEL SERVICIO DE ROCH HACHANA - Institut Europ\u00e9en des Musiques Juives\" \/>\n<meta property=\"og:description\" content=\"Esta carpeta de 75 p\u00e1ginas, procedente de la colecci\u00f3n de la Sinagoga de la Victoria, ha sido cuidadosamente recopilada por Georges Terrrier (antiguo director del coro de la Sinagoga de\" \/>\n<meta property=\"og:url\" content=\"https:\/\/www.iemj.org\/es\/musiques-des-prieres-de-loffice-de-roch-hachana\/\" \/>\n<meta property=\"og:site_name\" content=\"Institut Europ\u00e9en des Musiques Juives\" \/>\n<meta property=\"article:publisher\" content=\"https:\/\/www.facebook.com\/MusiquesJuives\/\" \/>\n<meta property=\"article:published_time\" content=\"2018-08-30T13:26:48+00:00\" \/>\n<meta property=\"article:modified_time\" content=\"2022-09-19T09:03:53+00:00\" \/>\n<meta property=\"og:image\" content=\"https:\/\/www.iemj.org\/wp-content\/uploads\/2018\/08\/doc_roch_hachana_500px_rognee.jpg\" \/>\n\t<meta property=\"og:image:width\" content=\"324\" \/>\n\t<meta property=\"og:image:height\" content=\"229\" \/>\n\t<meta property=\"og:image:type\" content=\"image\/jpeg\" \/>\n<meta name=\"author\" content=\"Lea Couderc\" \/>\n<meta name=\"twitter:card\" content=\"summary_large_image\" \/>\n<meta name=\"twitter:label1\" content=\"Escrito por\" \/>\n\t<meta name=\"twitter:data1\" content=\"Lea Couderc\" \/>\n\t<meta name=\"twitter:label2\" content=\"Tiempo de lectura\" \/>\n\t<meta name=\"twitter:data2\" content=\"2 minutos\" \/>\n<script type=\"application\/ld+json\" class=\"yoast-schema-graph\">{\"@context\":\"https:\\\/\\\/schema.org\",\"@graph\":[{\"@type\":\"Article\",\"@id\":\"https:\\\/\\\/www.iemj.org\\\/es\\\/musiques-des-prieres-de-loffice-de-roch-hachana\\\/#article\",\"isPartOf\":{\"@id\":\"https:\\\/\\\/www.iemj.org\\\/es\\\/musiques-des-prieres-de-loffice-de-roch-hachana\\\/\"},\"author\":{\"name\":\"Lea Couderc\",\"@id\":\"https:\\\/\\\/www.iemj.org\\\/es\\\/#\\\/schema\\\/person\\\/e2ad57f2c4be119c7ed8ab79036807a9\"},\"headline\":\"M\u00daSICA PARA LAS ORACIONES DEL SERVICIO DE ROCH HACHANA\",\"datePublished\":\"2018-08-30T13:26:48+00:00\",\"dateModified\":\"2022-09-19T09:03:53+00:00\",\"mainEntityOfPage\":{\"@id\":\"https:\\\/\\\/www.iemj.org\\\/es\\\/musiques-des-prieres-de-loffice-de-roch-hachana\\\/\"},\"wordCount\":173,\"publisher\":{\"@id\":\"https:\\\/\\\/www.iemj.org\\\/es\\\/#organization\"},\"image\":{\"@id\":\"https:\\\/\\\/www.iemj.org\\\/es\\\/musiques-des-prieres-de-loffice-de-roch-hachana\\\/#primaryimage\"},\"thumbnailUrl\":\"https:\\\/\\\/www.iemj.org\\\/wp-content\\\/uploads\\\/2018\\\/08\\\/doc_roch_hachana_500px_rognee.jpg\",\"articleSection\":[\"Imprescindibles\"],\"inLanguage\":\"es\"},{\"@type\":\"WebPage\",\"@id\":\"https:\\\/\\\/www.iemj.org\\\/es\\\/musiques-des-prieres-de-loffice-de-roch-hachana\\\/\",\"url\":\"https:\\\/\\\/www.iemj.org\\\/es\\\/musiques-des-prieres-de-loffice-de-roch-hachana\\\/\",\"name\":\"M\u00daSICA PARA LAS ORACIONES DEL SERVICIO DE ROCH HACHANA - Institut Europ\u00e9en des Musiques Juives\",\"isPartOf\":{\"@id\":\"https:\\\/\\\/www.iemj.org\\\/es\\\/#website\"},\"primaryImageOfPage\":{\"@id\":\"https:\\\/\\\/www.iemj.org\\\/es\\\/musiques-des-prieres-de-loffice-de-roch-hachana\\\/#primaryimage\"},\"image\":{\"@id\":\"https:\\\/\\\/www.iemj.org\\\/es\\\/musiques-des-prieres-de-loffice-de-roch-hachana\\\/#primaryimage\"},\"thumbnailUrl\":\"https:\\\/\\\/www.iemj.org\\\/wp-content\\\/uploads\\\/2018\\\/08\\\/doc_roch_hachana_500px_rognee.jpg\",\"datePublished\":\"2018-08-30T13:26:48+00:00\",\"dateModified\":\"2022-09-19T09:03:53+00:00\",\"breadcrumb\":{\"@id\":\"https:\\\/\\\/www.iemj.org\\\/es\\\/musiques-des-prieres-de-loffice-de-roch-hachana\\\/#breadcrumb\"},\"inLanguage\":\"es\",\"potentialAction\":[{\"@type\":\"ReadAction\",\"target\":[\"https:\\\/\\\/www.iemj.org\\\/es\\\/musiques-des-prieres-de-loffice-de-roch-hachana\\\/\"]}]},{\"@type\":\"ImageObject\",\"inLanguage\":\"es\",\"@id\":\"https:\\\/\\\/www.iemj.org\\\/es\\\/musiques-des-prieres-de-loffice-de-roch-hachana\\\/#primaryimage\",\"url\":\"https:\\\/\\\/www.iemj.org\\\/wp-content\\\/uploads\\\/2018\\\/08\\\/doc_roch_hachana_500px_rognee.jpg\",\"contentUrl\":\"https:\\\/\\\/www.iemj.org\\\/wp-content\\\/uploads\\\/2018\\\/08\\\/doc_roch_hachana_500px_rognee.jpg\",\"width\":324,\"height\":229},{\"@type\":\"BreadcrumbList\",\"@id\":\"https:\\\/\\\/www.iemj.org\\\/es\\\/musiques-des-prieres-de-loffice-de-roch-hachana\\\/#breadcrumb\",\"itemListElement\":[{\"@type\":\"ListItem\",\"position\":1,\"name\":\"Accueil\",\"item\":\"https:\\\/\\\/www.iemj.org\\\/es\\\/\"},{\"@type\":\"ListItem\",\"position\":2,\"name\":\"M\u00daSICA PARA LAS ORACIONES DEL SERVICIO DE ROCH HACHANA\"}]},{\"@type\":\"WebSite\",\"@id\":\"https:\\\/\\\/www.iemj.org\\\/es\\\/#website\",\"url\":\"https:\\\/\\\/www.iemj.org\\\/es\\\/\",\"name\":\"Institut Europ\u00e9en des Musiques Juives\",\"description\":\"Des traditions musicales \u00e0 la port\u00e9e de tous\",\"publisher\":{\"@id\":\"https:\\\/\\\/www.iemj.org\\\/es\\\/#organization\"},\"potentialAction\":[{\"@type\":\"SearchAction\",\"target\":{\"@type\":\"EntryPoint\",\"urlTemplate\":\"https:\\\/\\\/www.iemj.org\\\/es\\\/?s={search_term_string}\"},\"query-input\":{\"@type\":\"PropertyValueSpecification\",\"valueRequired\":true,\"valueName\":\"search_term_string\"}}],\"inLanguage\":\"es\"},{\"@type\":\"Organization\",\"@id\":\"https:\\\/\\\/www.iemj.org\\\/es\\\/#organization\",\"name\":\"Institut Europ\u00e9en des Musiques Juives\",\"url\":\"https:\\\/\\\/www.iemj.org\\\/es\\\/\",\"logo\":{\"@type\":\"ImageObject\",\"inLanguage\":\"es\",\"@id\":\"https:\\\/\\\/www.iemj.org\\\/es\\\/#\\\/schema\\\/logo\\\/image\\\/\",\"url\":\"https:\\\/\\\/www.iemj.org\\\/wp-content\\\/uploads\\\/2021\\\/09\\\/Logo-IEMJ-Paypal.jpg\",\"contentUrl\":\"https:\\\/\\\/www.iemj.org\\\/wp-content\\\/uploads\\\/2021\\\/09\\\/Logo-IEMJ-Paypal.jpg\",\"width\":150,\"height\":50,\"caption\":\"Institut Europ\u00e9en des Musiques Juives\"},\"image\":{\"@id\":\"https:\\\/\\\/www.iemj.org\\\/es\\\/#\\\/schema\\\/logo\\\/image\\\/\"},\"sameAs\":[\"https:\\\/\\\/www.facebook.com\\\/MusiquesJuives\\\/\",\"https:\\\/\\\/www.instagram.com\\\/musiquesjuives\\\/\",\"https:\\\/\\\/www.youtube.com\\\/user\\\/musiquesjuives\"]},{\"@type\":\"Person\",\"@id\":\"https:\\\/\\\/www.iemj.org\\\/es\\\/#\\\/schema\\\/person\\\/e2ad57f2c4be119c7ed8ab79036807a9\",\"name\":\"Lea Couderc\",\"image\":{\"@type\":\"ImageObject\",\"inLanguage\":\"es\",\"@id\":\"https:\\\/\\\/secure.gravatar.com\\\/avatar\\\/46ee021475d60aeff17a7e490b79dea5a5684bb392ab7fd1494027411df8ba23?s=96&d=mm&r=g\",\"url\":\"https:\\\/\\\/secure.gravatar.com\\\/avatar\\\/46ee021475d60aeff17a7e490b79dea5a5684bb392ab7fd1494027411df8ba23?s=96&d=mm&r=g\",\"contentUrl\":\"https:\\\/\\\/secure.gravatar.com\\\/avatar\\\/46ee021475d60aeff17a7e490b79dea5a5684bb392ab7fd1494027411df8ba23?s=96&d=mm&r=g\",\"caption\":\"Lea Couderc\"}}]}<\/script>\n<!-- \/ Yoast SEO plugin. -->","yoast_head_json":{"title":"M\u00daSICA PARA LAS ORACIONES DEL SERVICIO DE ROCH HACHANA - Institut Europ\u00e9en des Musiques Juives","robots":{"index":"index","follow":"follow","max-snippet":"max-snippet:-1","max-image-preview":"max-image-preview:large","max-video-preview":"max-video-preview:-1"},"canonical":"https:\/\/www.iemj.org\/es\/musiques-des-prieres-de-loffice-de-roch-hachana\/","og_locale":"es_ES","og_type":"article","og_title":"M\u00daSICA PARA LAS ORACIONES DEL SERVICIO DE ROCH HACHANA - Institut Europ\u00e9en des Musiques Juives","og_description":"Esta carpeta de 75 p\u00e1ginas, procedente de la colecci\u00f3n de la Sinagoga de la Victoria, ha sido cuidadosamente recopilada por Georges Terrrier (antiguo director del coro de la Sinagoga de","og_url":"https:\/\/www.iemj.org\/es\/musiques-des-prieres-de-loffice-de-roch-hachana\/","og_site_name":"Institut Europ\u00e9en des Musiques Juives","article_publisher":"https:\/\/www.facebook.com\/MusiquesJuives\/","article_published_time":"2018-08-30T13:26:48+00:00","article_modified_time":"2022-09-19T09:03:53+00:00","og_image":[{"width":324,"height":229,"url":"https:\/\/www.iemj.org\/wp-content\/uploads\/2018\/08\/doc_roch_hachana_500px_rognee.jpg","type":"image\/jpeg"}],"author":"Lea Couderc","twitter_card":"summary_large_image","twitter_misc":{"Escrito por":"Lea Couderc","Tiempo de lectura":"2 minutos"},"schema":{"@context":"https:\/\/schema.org","@graph":[{"@type":"Article","@id":"https:\/\/www.iemj.org\/es\/musiques-des-prieres-de-loffice-de-roch-hachana\/#article","isPartOf":{"@id":"https:\/\/www.iemj.org\/es\/musiques-des-prieres-de-loffice-de-roch-hachana\/"},"author":{"name":"Lea Couderc","@id":"https:\/\/www.iemj.org\/es\/#\/schema\/person\/e2ad57f2c4be119c7ed8ab79036807a9"},"headline":"M\u00daSICA PARA LAS ORACIONES DEL SERVICIO DE ROCH HACHANA","datePublished":"2018-08-30T13:26:48+00:00","dateModified":"2022-09-19T09:03:53+00:00","mainEntityOfPage":{"@id":"https:\/\/www.iemj.org\/es\/musiques-des-prieres-de-loffice-de-roch-hachana\/"},"wordCount":173,"publisher":{"@id":"https:\/\/www.iemj.org\/es\/#organization"},"image":{"@id":"https:\/\/www.iemj.org\/es\/musiques-des-prieres-de-loffice-de-roch-hachana\/#primaryimage"},"thumbnailUrl":"https:\/\/www.iemj.org\/wp-content\/uploads\/2018\/08\/doc_roch_hachana_500px_rognee.jpg","articleSection":["Imprescindibles"],"inLanguage":"es"},{"@type":"WebPage","@id":"https:\/\/www.iemj.org\/es\/musiques-des-prieres-de-loffice-de-roch-hachana\/","url":"https:\/\/www.iemj.org\/es\/musiques-des-prieres-de-loffice-de-roch-hachana\/","name":"M\u00daSICA PARA LAS ORACIONES DEL SERVICIO DE ROCH HACHANA - Institut Europ\u00e9en des Musiques Juives","isPartOf":{"@id":"https:\/\/www.iemj.org\/es\/#website"},"primaryImageOfPage":{"@id":"https:\/\/www.iemj.org\/es\/musiques-des-prieres-de-loffice-de-roch-hachana\/#primaryimage"},"image":{"@id":"https:\/\/www.iemj.org\/es\/musiques-des-prieres-de-loffice-de-roch-hachana\/#primaryimage"},"thumbnailUrl":"https:\/\/www.iemj.org\/wp-content\/uploads\/2018\/08\/doc_roch_hachana_500px_rognee.jpg","datePublished":"2018-08-30T13:26:48+00:00","dateModified":"2022-09-19T09:03:53+00:00","breadcrumb":{"@id":"https:\/\/www.iemj.org\/es\/musiques-des-prieres-de-loffice-de-roch-hachana\/#breadcrumb"},"inLanguage":"es","potentialAction":[{"@type":"ReadAction","target":["https:\/\/www.iemj.org\/es\/musiques-des-prieres-de-loffice-de-roch-hachana\/"]}]},{"@type":"ImageObject","inLanguage":"es","@id":"https:\/\/www.iemj.org\/es\/musiques-des-prieres-de-loffice-de-roch-hachana\/#primaryimage","url":"https:\/\/www.iemj.org\/wp-content\/uploads\/2018\/08\/doc_roch_hachana_500px_rognee.jpg","contentUrl":"https:\/\/www.iemj.org\/wp-content\/uploads\/2018\/08\/doc_roch_hachana_500px_rognee.jpg","width":324,"height":229},{"@type":"BreadcrumbList","@id":"https:\/\/www.iemj.org\/es\/musiques-des-prieres-de-loffice-de-roch-hachana\/#breadcrumb","itemListElement":[{"@type":"ListItem","position":1,"name":"Accueil","item":"https:\/\/www.iemj.org\/es\/"},{"@type":"ListItem","position":2,"name":"M\u00daSICA PARA LAS ORACIONES DEL SERVICIO DE ROCH HACHANA"}]},{"@type":"WebSite","@id":"https:\/\/www.iemj.org\/es\/#website","url":"https:\/\/www.iemj.org\/es\/","name":"Institut Europ\u00e9en des Musiques Juives","description":"Des traditions musicales \u00e0 la port\u00e9e de tous","publisher":{"@id":"https:\/\/www.iemj.org\/es\/#organization"},"potentialAction":[{"@type":"SearchAction","target":{"@type":"EntryPoint","urlTemplate":"https:\/\/www.iemj.org\/es\/?s={search_term_string}"},"query-input":{"@type":"PropertyValueSpecification","valueRequired":true,"valueName":"search_term_string"}}],"inLanguage":"es"},{"@type":"Organization","@id":"https:\/\/www.iemj.org\/es\/#organization","name":"Institut Europ\u00e9en des Musiques Juives","url":"https:\/\/www.iemj.org\/es\/","logo":{"@type":"ImageObject","inLanguage":"es","@id":"https:\/\/www.iemj.org\/es\/#\/schema\/logo\/image\/","url":"https:\/\/www.iemj.org\/wp-content\/uploads\/2021\/09\/Logo-IEMJ-Paypal.jpg","contentUrl":"https:\/\/www.iemj.org\/wp-content\/uploads\/2021\/09\/Logo-IEMJ-Paypal.jpg","width":150,"height":50,"caption":"Institut Europ\u00e9en des Musiques Juives"},"image":{"@id":"https:\/\/www.iemj.org\/es\/#\/schema\/logo\/image\/"},"sameAs":["https:\/\/www.facebook.com\/MusiquesJuives\/","https:\/\/www.instagram.com\/musiquesjuives\/","https:\/\/www.youtube.com\/user\/musiquesjuives"]},{"@type":"Person","@id":"https:\/\/www.iemj.org\/es\/#\/schema\/person\/e2ad57f2c4be119c7ed8ab79036807a9","name":"Lea Couderc","image":{"@type":"ImageObject","inLanguage":"es","@id":"https:\/\/secure.gravatar.com\/avatar\/46ee021475d60aeff17a7e490b79dea5a5684bb392ab7fd1494027411df8ba23?s=96&d=mm&r=g","url":"https:\/\/secure.gravatar.com\/avatar\/46ee021475d60aeff17a7e490b79dea5a5684bb392ab7fd1494027411df8ba23?s=96&d=mm&r=g","contentUrl":"https:\/\/secure.gravatar.com\/avatar\/46ee021475d60aeff17a7e490b79dea5a5684bb392ab7fd1494027411df8ba23?s=96&d=mm&r=g","caption":"Lea Couderc"}}]}},"_links":{"self":[{"href":"https:\/\/www.iemj.org\/es\/wp-json\/wp\/v2\/posts\/59749","targetHints":{"allow":["GET"]}}],"collection":[{"href":"https:\/\/www.iemj.org\/es\/wp-json\/wp\/v2\/posts"}],"about":[{"href":"https:\/\/www.iemj.org\/es\/wp-json\/wp\/v2\/types\/post"}],"author":[{"embeddable":true,"href":"https:\/\/www.iemj.org\/es\/wp-json\/wp\/v2\/users\/1052"}],"replies":[{"embeddable":true,"href":"https:\/\/www.iemj.org\/es\/wp-json\/wp\/v2\/comments?post=59749"}],"version-history":[{"count":0,"href":"https:\/\/www.iemj.org\/es\/wp-json\/wp\/v2\/posts\/59749\/revisions"}],"wp:featuredmedia":[{"embeddable":true,"href":"https:\/\/www.iemj.org\/es\/wp-json\/wp\/v2\/media\/59751"}],"wp:attachment":[{"href":"https:\/\/www.iemj.org\/es\/wp-json\/wp\/v2\/media?parent=59749"}],"wp:term":[{"taxonomy":"category","embeddable":true,"href":"https:\/\/www.iemj.org\/es\/wp-json\/wp\/v2\/categories?post=59749"},{"taxonomy":"post_tag","embeddable":true,"href":"https:\/\/www.iemj.org\/es\/wp-json\/wp\/v2\/tags?post=59749"},{"taxonomy":"technique","embeddable":true,"href":"https:\/\/www.iemj.org\/es\/wp-json\/wp\/v2\/technique?post=59749"},{"taxonomy":"squelettes","embeddable":true,"href":"https:\/\/www.iemj.org\/es\/wp-json\/wp\/v2\/squelettes?post=59749"},{"taxonomy":"sujet","embeddable":true,"href":"https:\/\/www.iemj.org\/es\/wp-json\/wp\/v2\/sujet?post=59749"},{"taxonomy":"formation","embeddable":true,"href":"https:\/\/www.iemj.org\/es\/wp-json\/wp\/v2\/formation?post=59749"},{"taxonomy":"genre","embeddable":true,"href":"https:\/\/www.iemj.org\/es\/wp-json\/wp\/v2\/genre?post=59749"},{"taxonomy":"fonds","embeddable":true,"href":"https:\/\/www.iemj.org\/es\/wp-json\/wp\/v2\/fonds?post=59749"},{"taxonomy":"tradition","embeddable":true,"href":"https:\/\/www.iemj.org\/es\/wp-json\/wp\/v2\/tradition?post=59749"},{"taxonomy":"type-de-contenu","embeddable":true,"href":"https:\/\/www.iemj.org\/es\/wp-json\/wp\/v2\/type-de-contenu?post=59749"},{"taxonomy":"interprete-compositeur","embeddable":true,"href":"https:\/\/www.iemj.org\/es\/wp-json\/wp\/v2\/interprete-compositeur?post=59749"},{"taxonomy":"frise","embeddable":true,"href":"https:\/\/www.iemj.org\/es\/wp-json\/wp\/v2\/frise?post=59749"},{"taxonomy":"type-devenement","embeddable":true,"href":"https:\/\/www.iemj.org\/es\/wp-json\/wp\/v2\/type-devenement?post=59749"},{"taxonomy":"tableaux-liens-externes","embeddable":true,"href":"https:\/\/www.iemj.org\/es\/wp-json\/wp\/v2\/tableaux-liens-externes?post=59749"}],"curies":[{"name":"wp","href":"https:\/\/api.w.org\/{rel}","templated":true}]}}