{"id":59873,"date":"2015-02-02T00:44:05","date_gmt":"2015-02-01T23:44:05","guid":{"rendered":"https:\/\/www.iemj.org\/halphen-fernand-1872-1917\/"},"modified":"2025-06-09T15:42:13","modified_gmt":"2025-06-09T13:42:13","slug":"halphen-fernand-1872-1917","status":"publish","type":"post","link":"https:\/\/www.iemj.org\/es\/halphen-fernand-1872-1917\/","title":{"rendered":"Halphen, Fernand (1872-1917)"},"content":{"rendered":"<p>Nacido en 1872, Fernand Halphen muri\u00f3 por Francia en 1917. Fue Capit\u00e1n del 13\u00ba Regimiento Territorial de Infanter\u00eda y Jefe de M\u00fasica.<\/p>\n<p>Fernand Halphen ingres\u00f3 en el Conservatorio Nacional de M\u00fasica de Par\u00eds a los 19 a\u00f1os, donde estudi\u00f3 con Guiraud, Massenet y G\u00e9dalge. Tambi\u00e9n tomar\u00e1 lecciones privadas con Faur\u00e9. En 1896 gan\u00f3 el 2\u00ba Gran Premio de Roma de composici\u00f3n musical. Es el creador de muchas obras importantes, melod\u00edas, sinfon\u00eda, sonata, piezas para viol\u00edn, violonchelo, piano, trompa, etc.<\/p>\n<p>Su \u201cencantamiento l\u00edrico\u201d en un acto, el\u00a0<em>Cor fleuri<\/em>, se represent\u00f3 en 1904 en el Th\u00e9\u00e2tre de l\u2019Op\u00e9ra Comique de Par\u00eds durante 10 representaciones; el segundo acto de esta obra fue inmortalizado por una obra del pintor simbolista L\u00e9vy Dhurmer y entregada al Museo Departamental de Oise en Beauvais donde se exhibe.<\/p>\n<p>Fernand Halphen tambi\u00e9n compuso m\u00fasica religiosa y dos de sus salmos pertenecen al repertorio de las sinagogas.<\/p>\n<p>Entre sus alumnos cabe mencionar a Mademoiselle Zambelli, bailarina estrella de la \u00d3pera de Par\u00eds y Mistinguett.<\/p>\n<p>Leg\u00f3 en su testamento al Conservatorio Nacional de M\u00fasica de Par\u00eds una suma muy importante para la creaci\u00f3n de la \u201cFundaci\u00f3n Fernand Halphen\u201d, destinada a ayudar a los estudiantes de composici\u00f3n musical, para que puedan escuchar sus obras en la orquesta. y mejorar su existencia hasta dejar el Conservatorio, para dar tambi\u00e9n una recompensa, cada a\u00f1o, al m\u00fasico que obtuvo el Gran Premio de Roma de composici\u00f3n, y finalmente para crear becas.<\/p>\n<p>Fernand Halphen era muy querido por todos, generoso, inteligente y muy culto.<\/p>\n<ul>\n<li><a href=\"https:\/\/www.iemj.org\/es\/?search_type=product&amp;s=Fernand+Halphen&amp;submit=Buscar\" target=\"_blank\" rel=\"noopener\">Pida nuestros CDs, partituras o libros sobre Fernand Halphen<\/a><\/li>\n<li><a href=\"http:\/\/www.rachelnet.net\/F\/?func=find-c&amp;ccl_term=WHOC%3DHalphen&amp;local_base=iemcg&amp;x=13&amp;y=13\" target=\"_blank\" rel=\"noopener\">Consultar la colecci\u00f3n Fernand Halphen<\/a><\/li>\n<\/ul>\n<ul>\n<li><a href=\"http:\/\/www.musimem.com\/halphen.htm\" target=\"_blank\" rel=\"noopener\">M\u00e1s informaci\u00f3n sobre Fernand Halphen en la web de musica &amp; memoria<\/a><\/li>\n<\/ul>\n<p>\u00a0<\/p>\n\n\n<figure class=\"wp-block-embed is-type-video is-provider-youtube wp-block-embed-youtube wp-embed-aspect-4-3 wp-has-aspect-ratio\"><div class=\"wp-block-embed__wrapper\">\n<iframe title=\"Fernand Halphen - Sous l&#039;\u00e9pais sycomore\" width=\"640\" height=\"480\" src=\"https:\/\/www.youtube.com\/embed\/ZEfYZtzaXcM?feature=oembed\" frameborder=\"0\" allow=\"accelerometer; autoplay; clipboard-write; encrypted-media; gyroscope; picture-in-picture; web-share\" referrerpolicy=\"strict-origin-when-cross-origin\" allowfullscreen><\/iframe>\n<\/div><\/figure>\n","protected":false},"excerpt":{"rendered":"<p>Nacido en 1872, Fernand Halphen muri\u00f3 por Francia en 1917. Fue Capit\u00e1n del 13\u00ba Regimiento Territorial de Infanter\u00eda y Jefe de M\u00fasica. Fernand Halphen ingres\u00f3 en el Conservatorio Nacional de<\/p>\n","protected":false},"author":1045,"featured_media":59875,"comment_status":"closed","ping_status":"open","sticky":false,"template":"","format":"standard","meta":{"_acf_changed":false,"footnotes":""},"categories":[1417],"tags":[],"technique":[],"squelettes":[585],"sujet":[],"formation":[],"genre":[],"fonds":[],"tradition":[],"type-de-contenu":[],"interprete-compositeur":[3166],"frise":[],"type-devenement":[],"tableaux-liens-externes":[],"class_list":["post-59873","post","type-post","status-publish","format-standard","has-post-thumbnail","hentry","category-biografias-es","squelettes-contenu","interprete-compositeur-fernand-halphen-es"],"acf":[],"yoast_head":"<!-- This site is optimized with the Yoast SEO plugin v27.3 - https:\/\/yoast.com\/product\/yoast-seo-wordpress\/ -->\n<title>Halphen, Fernand (1872-1917) - Institut Europ\u00e9en des Musiques Juives<\/title>\n<meta name=\"robots\" content=\"index, follow, max-snippet:-1, max-image-preview:large, max-video-preview:-1\" \/>\n<link rel=\"canonical\" href=\"https:\/\/www.iemj.org\/es\/halphen-fernand-1872-1917\/\" \/>\n<meta property=\"og:locale\" content=\"es_ES\" \/>\n<meta property=\"og:type\" content=\"article\" \/>\n<meta property=\"og:title\" content=\"Halphen, Fernand (1872-1917) - Institut Europ\u00e9en des Musiques Juives\" \/>\n<meta property=\"og:description\" content=\"Nacido en 1872, Fernand Halphen muri\u00f3 por Francia en 1917. Fue Capit\u00e1n del 13\u00ba Regimiento Territorial de Infanter\u00eda y Jefe de M\u00fasica. Fernand Halphen ingres\u00f3 en el Conservatorio Nacional de\" \/>\n<meta property=\"og:url\" content=\"https:\/\/www.iemj.org\/es\/halphen-fernand-1872-1917\/\" \/>\n<meta property=\"og:site_name\" content=\"Institut Europ\u00e9en des Musiques Juives\" \/>\n<meta property=\"article:publisher\" content=\"https:\/\/www.facebook.com\/MusiquesJuives\/\" \/>\n<meta property=\"article:published_time\" content=\"2015-02-01T23:44:05+00:00\" \/>\n<meta property=\"article:modified_time\" content=\"2025-06-09T13:42:13+00:00\" \/>\n<meta property=\"og:image\" content=\"https:\/\/www.iemj.org\/wp-content\/uploads\/2015\/02\/logo-bio-Fernand-HALPHEN-NV-SITE-e1617027032866.jpg\" \/>\n\t<meta property=\"og:image:width\" content=\"169\" \/>\n\t<meta property=\"og:image:height\" content=\"218\" \/>\n\t<meta property=\"og:image:type\" content=\"image\/jpeg\" \/>\n<meta name=\"author\" content=\"Herv\u00e9 Roten\" \/>\n<meta name=\"twitter:card\" content=\"summary_large_image\" \/>\n<meta name=\"twitter:label1\" content=\"Escrito por\" \/>\n\t<meta name=\"twitter:data1\" content=\"Herv\u00e9 Roten\" \/>\n\t<meta name=\"twitter:label2\" content=\"Tiempo de lectura\" \/>\n\t<meta name=\"twitter:data2\" content=\"2 minutos\" \/>\n<script type=\"application\/ld+json\" class=\"yoast-schema-graph\">{\"@context\":\"https:\\\/\\\/schema.org\",\"@graph\":[{\"@type\":\"Article\",\"@id\":\"https:\\\/\\\/www.iemj.org\\\/es\\\/halphen-fernand-1872-1917\\\/#article\",\"isPartOf\":{\"@id\":\"https:\\\/\\\/www.iemj.org\\\/es\\\/halphen-fernand-1872-1917\\\/\"},\"author\":{\"name\":\"Herv\u00e9 Roten\",\"@id\":\"https:\\\/\\\/www.iemj.org\\\/es\\\/#\\\/schema\\\/person\\\/906134402c29d5c76e7b726261dd4bbd\"},\"headline\":\"Halphen, Fernand (1872-1917)\",\"datePublished\":\"2015-02-01T23:44:05+00:00\",\"dateModified\":\"2025-06-09T13:42:13+00:00\",\"mainEntityOfPage\":{\"@id\":\"https:\\\/\\\/www.iemj.org\\\/es\\\/halphen-fernand-1872-1917\\\/\"},\"wordCount\":307,\"publisher\":{\"@id\":\"https:\\\/\\\/www.iemj.org\\\/es\\\/#organization\"},\"image\":{\"@id\":\"https:\\\/\\\/www.iemj.org\\\/es\\\/halphen-fernand-1872-1917\\\/#primaryimage\"},\"thumbnailUrl\":\"https:\\\/\\\/www.iemj.org\\\/wp-content\\\/uploads\\\/2015\\\/02\\\/logo-bio-Fernand-HALPHEN-NV-SITE-e1617027032866.jpg\",\"articleSection\":[\"Biograf\u00edas\"],\"inLanguage\":\"es\"},{\"@type\":\"WebPage\",\"@id\":\"https:\\\/\\\/www.iemj.org\\\/es\\\/halphen-fernand-1872-1917\\\/\",\"url\":\"https:\\\/\\\/www.iemj.org\\\/es\\\/halphen-fernand-1872-1917\\\/\",\"name\":\"Halphen, Fernand (1872-1917) - Institut Europ\u00e9en des Musiques Juives\",\"isPartOf\":{\"@id\":\"https:\\\/\\\/www.iemj.org\\\/es\\\/#website\"},\"primaryImageOfPage\":{\"@id\":\"https:\\\/\\\/www.iemj.org\\\/es\\\/halphen-fernand-1872-1917\\\/#primaryimage\"},\"image\":{\"@id\":\"https:\\\/\\\/www.iemj.org\\\/es\\\/halphen-fernand-1872-1917\\\/#primaryimage\"},\"thumbnailUrl\":\"https:\\\/\\\/www.iemj.org\\\/wp-content\\\/uploads\\\/2015\\\/02\\\/logo-bio-Fernand-HALPHEN-NV-SITE-e1617027032866.jpg\",\"datePublished\":\"2015-02-01T23:44:05+00:00\",\"dateModified\":\"2025-06-09T13:42:13+00:00\",\"breadcrumb\":{\"@id\":\"https:\\\/\\\/www.iemj.org\\\/es\\\/halphen-fernand-1872-1917\\\/#breadcrumb\"},\"inLanguage\":\"es\",\"potentialAction\":[{\"@type\":\"ReadAction\",\"target\":[\"https:\\\/\\\/www.iemj.org\\\/es\\\/halphen-fernand-1872-1917\\\/\"]}]},{\"@type\":\"ImageObject\",\"inLanguage\":\"es\",\"@id\":\"https:\\\/\\\/www.iemj.org\\\/es\\\/halphen-fernand-1872-1917\\\/#primaryimage\",\"url\":\"https:\\\/\\\/www.iemj.org\\\/wp-content\\\/uploads\\\/2015\\\/02\\\/logo-bio-Fernand-HALPHEN-NV-SITE-e1617027032866.jpg\",\"contentUrl\":\"https:\\\/\\\/www.iemj.org\\\/wp-content\\\/uploads\\\/2015\\\/02\\\/logo-bio-Fernand-HALPHEN-NV-SITE-e1617027032866.jpg\",\"width\":169,\"height\":218},{\"@type\":\"BreadcrumbList\",\"@id\":\"https:\\\/\\\/www.iemj.org\\\/es\\\/halphen-fernand-1872-1917\\\/#breadcrumb\",\"itemListElement\":[{\"@type\":\"ListItem\",\"position\":1,\"name\":\"Accueil\",\"item\":\"https:\\\/\\\/www.iemj.org\\\/es\\\/\"},{\"@type\":\"ListItem\",\"position\":2,\"name\":\"Halphen, Fernand (1872-1917)\"}]},{\"@type\":\"WebSite\",\"@id\":\"https:\\\/\\\/www.iemj.org\\\/es\\\/#website\",\"url\":\"https:\\\/\\\/www.iemj.org\\\/es\\\/\",\"name\":\"Institut Europ\u00e9en des Musiques Juives\",\"description\":\"Des traditions musicales \u00e0 la port\u00e9e de tous\",\"publisher\":{\"@id\":\"https:\\\/\\\/www.iemj.org\\\/es\\\/#organization\"},\"potentialAction\":[{\"@type\":\"SearchAction\",\"target\":{\"@type\":\"EntryPoint\",\"urlTemplate\":\"https:\\\/\\\/www.iemj.org\\\/es\\\/?s={search_term_string}\"},\"query-input\":{\"@type\":\"PropertyValueSpecification\",\"valueRequired\":true,\"valueName\":\"search_term_string\"}}],\"inLanguage\":\"es\"},{\"@type\":\"Organization\",\"@id\":\"https:\\\/\\\/www.iemj.org\\\/es\\\/#organization\",\"name\":\"Institut Europ\u00e9en des Musiques Juives\",\"url\":\"https:\\\/\\\/www.iemj.org\\\/es\\\/\",\"logo\":{\"@type\":\"ImageObject\",\"inLanguage\":\"es\",\"@id\":\"https:\\\/\\\/www.iemj.org\\\/es\\\/#\\\/schema\\\/logo\\\/image\\\/\",\"url\":\"https:\\\/\\\/www.iemj.org\\\/wp-content\\\/uploads\\\/2021\\\/09\\\/Logo-IEMJ-Paypal.jpg\",\"contentUrl\":\"https:\\\/\\\/www.iemj.org\\\/wp-content\\\/uploads\\\/2021\\\/09\\\/Logo-IEMJ-Paypal.jpg\",\"width\":150,\"height\":50,\"caption\":\"Institut Europ\u00e9en des Musiques Juives\"},\"image\":{\"@id\":\"https:\\\/\\\/www.iemj.org\\\/es\\\/#\\\/schema\\\/logo\\\/image\\\/\"},\"sameAs\":[\"https:\\\/\\\/www.facebook.com\\\/MusiquesJuives\\\/\",\"https:\\\/\\\/www.instagram.com\\\/musiquesjuives\\\/\",\"https:\\\/\\\/www.youtube.com\\\/user\\\/musiquesjuives\"]},{\"@type\":\"Person\",\"@id\":\"https:\\\/\\\/www.iemj.org\\\/es\\\/#\\\/schema\\\/person\\\/906134402c29d5c76e7b726261dd4bbd\",\"name\":\"Herv\u00e9 Roten\",\"image\":{\"@type\":\"ImageObject\",\"inLanguage\":\"es\",\"@id\":\"https:\\\/\\\/secure.gravatar.com\\\/avatar\\\/f96ad2db538a26481f18384936b5cd0610c92d390c4dc382209216d455f685ff?s=96&d=mm&r=g\",\"url\":\"https:\\\/\\\/secure.gravatar.com\\\/avatar\\\/f96ad2db538a26481f18384936b5cd0610c92d390c4dc382209216d455f685ff?s=96&d=mm&r=g\",\"contentUrl\":\"https:\\\/\\\/secure.gravatar.com\\\/avatar\\\/f96ad2db538a26481f18384936b5cd0610c92d390c4dc382209216d455f685ff?s=96&d=mm&r=g\",\"caption\":\"Herv\u00e9 Roten\"}}]}<\/script>\n<!-- \/ Yoast SEO plugin. -->","yoast_head_json":{"title":"Halphen, Fernand (1872-1917) - Institut Europ\u00e9en des Musiques Juives","robots":{"index":"index","follow":"follow","max-snippet":"max-snippet:-1","max-image-preview":"max-image-preview:large","max-video-preview":"max-video-preview:-1"},"canonical":"https:\/\/www.iemj.org\/es\/halphen-fernand-1872-1917\/","og_locale":"es_ES","og_type":"article","og_title":"Halphen, Fernand (1872-1917) - Institut Europ\u00e9en des Musiques Juives","og_description":"Nacido en 1872, Fernand Halphen muri\u00f3 por Francia en 1917. Fue Capit\u00e1n del 13\u00ba Regimiento Territorial de Infanter\u00eda y Jefe de M\u00fasica. Fernand Halphen ingres\u00f3 en el Conservatorio Nacional de","og_url":"https:\/\/www.iemj.org\/es\/halphen-fernand-1872-1917\/","og_site_name":"Institut Europ\u00e9en des Musiques Juives","article_publisher":"https:\/\/www.facebook.com\/MusiquesJuives\/","article_published_time":"2015-02-01T23:44:05+00:00","article_modified_time":"2025-06-09T13:42:13+00:00","og_image":[{"width":169,"height":218,"url":"https:\/\/www.iemj.org\/wp-content\/uploads\/2015\/02\/logo-bio-Fernand-HALPHEN-NV-SITE-e1617027032866.jpg","type":"image\/jpeg"}],"author":"Herv\u00e9 Roten","twitter_card":"summary_large_image","twitter_misc":{"Escrito por":"Herv\u00e9 Roten","Tiempo de lectura":"2 minutos"},"schema":{"@context":"https:\/\/schema.org","@graph":[{"@type":"Article","@id":"https:\/\/www.iemj.org\/es\/halphen-fernand-1872-1917\/#article","isPartOf":{"@id":"https:\/\/www.iemj.org\/es\/halphen-fernand-1872-1917\/"},"author":{"name":"Herv\u00e9 Roten","@id":"https:\/\/www.iemj.org\/es\/#\/schema\/person\/906134402c29d5c76e7b726261dd4bbd"},"headline":"Halphen, Fernand (1872-1917)","datePublished":"2015-02-01T23:44:05+00:00","dateModified":"2025-06-09T13:42:13+00:00","mainEntityOfPage":{"@id":"https:\/\/www.iemj.org\/es\/halphen-fernand-1872-1917\/"},"wordCount":307,"publisher":{"@id":"https:\/\/www.iemj.org\/es\/#organization"},"image":{"@id":"https:\/\/www.iemj.org\/es\/halphen-fernand-1872-1917\/#primaryimage"},"thumbnailUrl":"https:\/\/www.iemj.org\/wp-content\/uploads\/2015\/02\/logo-bio-Fernand-HALPHEN-NV-SITE-e1617027032866.jpg","articleSection":["Biograf\u00edas"],"inLanguage":"es"},{"@type":"WebPage","@id":"https:\/\/www.iemj.org\/es\/halphen-fernand-1872-1917\/","url":"https:\/\/www.iemj.org\/es\/halphen-fernand-1872-1917\/","name":"Halphen, Fernand (1872-1917) - Institut Europ\u00e9en des Musiques Juives","isPartOf":{"@id":"https:\/\/www.iemj.org\/es\/#website"},"primaryImageOfPage":{"@id":"https:\/\/www.iemj.org\/es\/halphen-fernand-1872-1917\/#primaryimage"},"image":{"@id":"https:\/\/www.iemj.org\/es\/halphen-fernand-1872-1917\/#primaryimage"},"thumbnailUrl":"https:\/\/www.iemj.org\/wp-content\/uploads\/2015\/02\/logo-bio-Fernand-HALPHEN-NV-SITE-e1617027032866.jpg","datePublished":"2015-02-01T23:44:05+00:00","dateModified":"2025-06-09T13:42:13+00:00","breadcrumb":{"@id":"https:\/\/www.iemj.org\/es\/halphen-fernand-1872-1917\/#breadcrumb"},"inLanguage":"es","potentialAction":[{"@type":"ReadAction","target":["https:\/\/www.iemj.org\/es\/halphen-fernand-1872-1917\/"]}]},{"@type":"ImageObject","inLanguage":"es","@id":"https:\/\/www.iemj.org\/es\/halphen-fernand-1872-1917\/#primaryimage","url":"https:\/\/www.iemj.org\/wp-content\/uploads\/2015\/02\/logo-bio-Fernand-HALPHEN-NV-SITE-e1617027032866.jpg","contentUrl":"https:\/\/www.iemj.org\/wp-content\/uploads\/2015\/02\/logo-bio-Fernand-HALPHEN-NV-SITE-e1617027032866.jpg","width":169,"height":218},{"@type":"BreadcrumbList","@id":"https:\/\/www.iemj.org\/es\/halphen-fernand-1872-1917\/#breadcrumb","itemListElement":[{"@type":"ListItem","position":1,"name":"Accueil","item":"https:\/\/www.iemj.org\/es\/"},{"@type":"ListItem","position":2,"name":"Halphen, Fernand (1872-1917)"}]},{"@type":"WebSite","@id":"https:\/\/www.iemj.org\/es\/#website","url":"https:\/\/www.iemj.org\/es\/","name":"Institut Europ\u00e9en des Musiques Juives","description":"Des traditions musicales \u00e0 la port\u00e9e de tous","publisher":{"@id":"https:\/\/www.iemj.org\/es\/#organization"},"potentialAction":[{"@type":"SearchAction","target":{"@type":"EntryPoint","urlTemplate":"https:\/\/www.iemj.org\/es\/?s={search_term_string}"},"query-input":{"@type":"PropertyValueSpecification","valueRequired":true,"valueName":"search_term_string"}}],"inLanguage":"es"},{"@type":"Organization","@id":"https:\/\/www.iemj.org\/es\/#organization","name":"Institut Europ\u00e9en des Musiques Juives","url":"https:\/\/www.iemj.org\/es\/","logo":{"@type":"ImageObject","inLanguage":"es","@id":"https:\/\/www.iemj.org\/es\/#\/schema\/logo\/image\/","url":"https:\/\/www.iemj.org\/wp-content\/uploads\/2021\/09\/Logo-IEMJ-Paypal.jpg","contentUrl":"https:\/\/www.iemj.org\/wp-content\/uploads\/2021\/09\/Logo-IEMJ-Paypal.jpg","width":150,"height":50,"caption":"Institut Europ\u00e9en des Musiques Juives"},"image":{"@id":"https:\/\/www.iemj.org\/es\/#\/schema\/logo\/image\/"},"sameAs":["https:\/\/www.facebook.com\/MusiquesJuives\/","https:\/\/www.instagram.com\/musiquesjuives\/","https:\/\/www.youtube.com\/user\/musiquesjuives"]},{"@type":"Person","@id":"https:\/\/www.iemj.org\/es\/#\/schema\/person\/906134402c29d5c76e7b726261dd4bbd","name":"Herv\u00e9 Roten","image":{"@type":"ImageObject","inLanguage":"es","@id":"https:\/\/secure.gravatar.com\/avatar\/f96ad2db538a26481f18384936b5cd0610c92d390c4dc382209216d455f685ff?s=96&d=mm&r=g","url":"https:\/\/secure.gravatar.com\/avatar\/f96ad2db538a26481f18384936b5cd0610c92d390c4dc382209216d455f685ff?s=96&d=mm&r=g","contentUrl":"https:\/\/secure.gravatar.com\/avatar\/f96ad2db538a26481f18384936b5cd0610c92d390c4dc382209216d455f685ff?s=96&d=mm&r=g","caption":"Herv\u00e9 Roten"}}]}},"_links":{"self":[{"href":"https:\/\/www.iemj.org\/es\/wp-json\/wp\/v2\/posts\/59873","targetHints":{"allow":["GET"]}}],"collection":[{"href":"https:\/\/www.iemj.org\/es\/wp-json\/wp\/v2\/posts"}],"about":[{"href":"https:\/\/www.iemj.org\/es\/wp-json\/wp\/v2\/types\/post"}],"author":[{"embeddable":true,"href":"https:\/\/www.iemj.org\/es\/wp-json\/wp\/v2\/users\/1045"}],"replies":[{"embeddable":true,"href":"https:\/\/www.iemj.org\/es\/wp-json\/wp\/v2\/comments?post=59873"}],"version-history":[{"count":0,"href":"https:\/\/www.iemj.org\/es\/wp-json\/wp\/v2\/posts\/59873\/revisions"}],"wp:featuredmedia":[{"embeddable":true,"href":"https:\/\/www.iemj.org\/es\/wp-json\/wp\/v2\/media\/59875"}],"wp:attachment":[{"href":"https:\/\/www.iemj.org\/es\/wp-json\/wp\/v2\/media?parent=59873"}],"wp:term":[{"taxonomy":"category","embeddable":true,"href":"https:\/\/www.iemj.org\/es\/wp-json\/wp\/v2\/categories?post=59873"},{"taxonomy":"post_tag","embeddable":true,"href":"https:\/\/www.iemj.org\/es\/wp-json\/wp\/v2\/tags?post=59873"},{"taxonomy":"technique","embeddable":true,"href":"https:\/\/www.iemj.org\/es\/wp-json\/wp\/v2\/technique?post=59873"},{"taxonomy":"squelettes","embeddable":true,"href":"https:\/\/www.iemj.org\/es\/wp-json\/wp\/v2\/squelettes?post=59873"},{"taxonomy":"sujet","embeddable":true,"href":"https:\/\/www.iemj.org\/es\/wp-json\/wp\/v2\/sujet?post=59873"},{"taxonomy":"formation","embeddable":true,"href":"https:\/\/www.iemj.org\/es\/wp-json\/wp\/v2\/formation?post=59873"},{"taxonomy":"genre","embeddable":true,"href":"https:\/\/www.iemj.org\/es\/wp-json\/wp\/v2\/genre?post=59873"},{"taxonomy":"fonds","embeddable":true,"href":"https:\/\/www.iemj.org\/es\/wp-json\/wp\/v2\/fonds?post=59873"},{"taxonomy":"tradition","embeddable":true,"href":"https:\/\/www.iemj.org\/es\/wp-json\/wp\/v2\/tradition?post=59873"},{"taxonomy":"type-de-contenu","embeddable":true,"href":"https:\/\/www.iemj.org\/es\/wp-json\/wp\/v2\/type-de-contenu?post=59873"},{"taxonomy":"interprete-compositeur","embeddable":true,"href":"https:\/\/www.iemj.org\/es\/wp-json\/wp\/v2\/interprete-compositeur?post=59873"},{"taxonomy":"frise","embeddable":true,"href":"https:\/\/www.iemj.org\/es\/wp-json\/wp\/v2\/frise?post=59873"},{"taxonomy":"type-devenement","embeddable":true,"href":"https:\/\/www.iemj.org\/es\/wp-json\/wp\/v2\/type-devenement?post=59873"},{"taxonomy":"tableaux-liens-externes","embeddable":true,"href":"https:\/\/www.iemj.org\/es\/wp-json\/wp\/v2\/tableaux-liens-externes?post=59873"}],"curies":[{"name":"wp","href":"https:\/\/api.w.org\/{rel}","templated":true}]}}