{"id":60870,"date":"2010-03-30T18:17:22","date_gmt":"2010-03-30T16:17:22","guid":{"rendered":"https:\/\/www.iemj.org\/halevy-jacques-francois-fromental-elie-1799-1862\/"},"modified":"2021-09-07T14:56:06","modified_gmt":"2021-09-07T12:56:06","slug":"halevy-jacques-francois-fromental-elie-1799-1862","status":"publish","type":"post","link":"https:\/\/www.iemj.org\/es\/halevy-jacques-francois-fromental-elie-1799-1862\/","title":{"rendered":"Hal\u00e9vy, Jacques Fran\u00e7ois Fromental \u00c9lie (1799-1862)"},"content":{"rendered":"<p>Es en la sinagoga que compositores como Fromental Hal\u00e9vy (1799-1862), Charles Valentin Alkan (1813-1888) y Jacques Offenbach (1819-1880) recibieron su primer formaci\u00f3n musical.<\/p>\n<p>\u00c9lie L\u00e9vy (1760-1826), el padre de Fromental Hal\u00e9vy, era originario de Furth, peque\u00f1a ciudad al norte de N\u00faremberg y era jefe de coro en la sinagoga. Despu\u00e9s de Declaraci\u00f3n de los Derechos del Hombre, viene instalarse en Francia. En 1798, se cas\u00f3 con Julie Mayer, une jud\u00eda lorenesa, que le da su primer hijo: es as\u00ed que naci\u00f3 en Par\u00eds, el 27 de mayo de 1799, Jacques Fran\u00e7ois Fromental Elias L\u00e9vy. En respuesta al decreto de 1808 ordenando a los jud\u00edos matricularse por el registro civil, Elie L\u00e9vy cambi\u00f3 su nombre por Hal\u00e9vy por referencia, sin duda, al filosofo y m\u00fasico sefard\u00ed del siglo XII, Juda Hal\u00e9vi.<\/p>\n<p>Criado por los cantos de la sinagoga, el joven Fromental se revela muy pronto particularmente talentoso por la m\u00fasica. A los diez a\u00f1os, entr\u00f3 al Conservatorio de Par\u00eds donde sigui\u00f3, desde los doce a\u00f1os, la clase de Cherubini. A los veinte a\u00f1os, obtuvo el gran precio de Roma. En Viena, frecuent\u00f3 Beethoven pero su verdadero admiraci\u00f3n recae m\u00e1s sobre Mozart. Despu\u00e9s de inicios dif\u00edciles en el \u00e1mbito del arte l\u00edrico, la celebridad llega bruscamente en 1835 con su \u00f3pera La Juive (La Jud\u00eda), sobre un libreta de Escriba. El suceso de esta obra fue fulgurante en Europa durante casi un siglo. Fue traducido en numerosas idiomas y dada numerosas repeticiones. Pues, cay\u00f3 en el olvido hasta la mitad del siglo XX.<\/p>\n<p>En 1840, Fromental Hal\u00e9vy fue nombrado profesor de composici\u00f3n al Conservatorio de Par\u00eds; tendr\u00e1 Gounod, Bizet y Saint-Sa\u00ebns entre sus alumnos. Le apetece durante un momento a pol\u00edtica, se present\u00f3 a las elecciones de la Asamblea Nacional pero sin \u00e9xito. Miembro de la Academia de Bellas Artes desde 1836, fue nombrado secretario permanente en 1854. A pesar de su integraci\u00f3n total en la vida pol\u00edtica y cultural francesa, Hal\u00e9vy continu\u00f3 colaborar a las actividades de la comunidad jud\u00eda, tomando sus distancias con respecto a una ortodoxia demasiada rigurosa.<\/p>\n<p>Es as\u00ed que escrib\u00ed algunas m\u00fasicas vocales para la sinagoga entre las cuales <em>Vayehi binsoa<\/em>, una pieza solemne acompa\u00f1ando la salida de la Tor\u00e1 fuera del tabern\u00e1culo, el salmo 100 Mizmor lessodo, el salmo 115, cantado durante oficios de Pesaj,\u00a0Chavouot\u00a0y\u00a0Soukkot\u00a0y el salmo 118\u00a0Min hametsar\u00a0que cierre el Hallel. Esta ultima pieza a 7 voces ha sida interpretada por la boda de su sobrino, Edgar Rodrigues con Louise Mayer, el 2 de mayo de 1858; ha sido cantada tambi\u00e9n durante la inauguraci\u00f3n del templo de la victoria, el 9 de septiembre de 1874.<\/p>\n<p>Hal\u00e9vy es tambi\u00e9n el autor de una versi\u00f3n musical del salmo 130 <em>Mimaamakim<\/em>, bien conocida en su versi\u00f3n latina bajo el titulo de \u00a0<em>De profundis<\/em>\u00a0(De las profundidades del abismo te ha llamado, Se\u00f1or). Esta obra a la formaci\u00f3n musical imponente (orquesta y coro) resulta de una pedida del ministro del culto de Luis XVIII al Consistorio de la Sena para conmemorar la muerta del duque de Berry (1778-1820), el sobrino del rey y heredero del trono, asesinado durante la noche del 13 al 14 de febrero 1820.<\/p>\n<ul>\n<li><a style=\"font-size: revert;\" href=\"http:\/\/www.rachelnet.net\/F\/?func=find-c&amp;ccl_term=WRD+%3D+Fromental&amp;local_base=iemcg\" target=\"_blank\" rel=\"noopener\">Consultar nuestros archivos sobre Fromental Hal\u00e9vy<\/a><\/li>\n<li><a href=\"https:\/\/www.iemj.org\/en\/ledor-vador-jacques-fromental-halevy-and-his-contemporary-giacomo-meyerbeer\/\" target=\"_blank\" rel=\"noopener\">Escuchar la emisi\u00f3n de radio: \u00abLedor Vador: Jacques Fromental Hal\u00e9vy y su contempor\u00e1neo, Giacomo Meyerbeer\u00bb<\/a><\/li>\n<li><a href=\"https:\/\/www.iemj.org\/en\/ledor-vador-jacques-fromental-halevy-pioneer-of-hebraic-musical-romanticism\/\" target=\"_blank\" rel=\"noopener\">Escuchar la emisi\u00f3n de radio: \u00abLedor Vador: Jacques Fromental Hal\u00e9vy, pionero del romanticismo musical hebreo\u00bb<\/a><\/li>\n<li><a style=\"font-size: revert;\" href=\"https:\/\/www.iemj.org\/es\/produit\/jacques-offenbach-and-friends-from-the-synagogue-to-the-opera\/\" target=\"_blank\" rel=\"noopener\">Pedir el <strong>CD Jacques OFFENBACH et ses proches &#8211; De la synagogue \u00e0 l&#8217;op\u00e9ra<\/strong> (<strong>Jacques OFFENBACH y su gente cercana &#8211; De la sinagoga a la \u00f3pera<\/strong>) &#8211; Vol.6, Ed. IEMJ, sobre nuestra tienda online.<\/a><\/li>\n<\/ul>\n","protected":false},"excerpt":{"rendered":"<p>Es en la sinagoga que compositores como Fromental Hal\u00e9vy (1799-1862), Charles Valentin Alkan (1813-1888) y Jacques Offenbach (1819-1880) recibieron su primer formaci\u00f3n musical. \u00c9lie L\u00e9vy (1760-1826), el padre de Fromental<\/p>\n","protected":false},"author":1046,"featured_media":51852,"comment_status":"closed","ping_status":"open","sticky":false,"template":"","format":"standard","meta":{"_acf_changed":false,"footnotes":""},"categories":[1417],"tags":[],"technique":[],"squelettes":[],"sujet":[],"formation":[],"genre":[],"fonds":[],"tradition":[],"type-de-contenu":[],"interprete-compositeur":[],"frise":[],"type-devenement":[],"tableaux-liens-externes":[],"class_list":["post-60870","post","type-post","status-publish","format-standard","has-post-thumbnail","hentry","category-biografias-es"],"acf":[],"yoast_head":"<!-- This site is optimized with the Yoast SEO plugin v27.3 - https:\/\/yoast.com\/product\/yoast-seo-wordpress\/ -->\n<title>Hal\u00e9vy, Jacques Fran\u00e7ois Fromental \u00c9lie (1799-1862) - Institut Europ\u00e9en des Musiques Juives<\/title>\n<meta name=\"robots\" content=\"index, follow, max-snippet:-1, max-image-preview:large, max-video-preview:-1\" \/>\n<link rel=\"canonical\" href=\"https:\/\/www.iemj.org\/es\/halevy-jacques-francois-fromental-elie-1799-1862\/\" \/>\n<meta property=\"og:locale\" content=\"es_ES\" \/>\n<meta property=\"og:type\" content=\"article\" \/>\n<meta property=\"og:title\" content=\"Hal\u00e9vy, Jacques Fran\u00e7ois Fromental \u00c9lie (1799-1862) - Institut Europ\u00e9en des Musiques Juives\" \/>\n<meta property=\"og:description\" content=\"Es en la sinagoga que compositores como Fromental Hal\u00e9vy (1799-1862), Charles Valentin Alkan (1813-1888) y Jacques Offenbach (1819-1880) recibieron su primer formaci\u00f3n musical. \u00c9lie L\u00e9vy (1760-1826), el padre de Fromental\" \/>\n<meta property=\"og:url\" content=\"https:\/\/www.iemj.org\/es\/halevy-jacques-francois-fromental-elie-1799-1862\/\" \/>\n<meta property=\"og:site_name\" content=\"Institut Europ\u00e9en des Musiques Juives\" \/>\n<meta property=\"article:publisher\" content=\"https:\/\/www.facebook.com\/MusiquesJuives\/\" \/>\n<meta property=\"article:published_time\" content=\"2010-03-30T16:17:22+00:00\" \/>\n<meta property=\"article:modified_time\" content=\"2021-09-07T12:56:06+00:00\" \/>\n<meta property=\"og:image\" content=\"https:\/\/www.iemj.org\/wp-content\/uploads\/2010\/03\/arton79-e1625041728950.jpg\" \/>\n\t<meta property=\"og:image:width\" content=\"156\" \/>\n\t<meta property=\"og:image:height\" content=\"218\" \/>\n\t<meta property=\"og:image:type\" content=\"image\/jpeg\" \/>\n<meta name=\"author\" content=\"Isabelle Jouve\" \/>\n<meta name=\"twitter:card\" content=\"summary_large_image\" \/>\n<meta name=\"twitter:label1\" content=\"Escrito por\" \/>\n\t<meta name=\"twitter:data1\" content=\"Isabelle Jouve\" \/>\n\t<meta name=\"twitter:label2\" content=\"Tiempo de lectura\" \/>\n\t<meta name=\"twitter:data2\" content=\"3 minutos\" \/>\n<script type=\"application\/ld+json\" class=\"yoast-schema-graph\">{\"@context\":\"https:\\\/\\\/schema.org\",\"@graph\":[{\"@type\":\"Article\",\"@id\":\"https:\\\/\\\/www.iemj.org\\\/es\\\/halevy-jacques-francois-fromental-elie-1799-1862\\\/#article\",\"isPartOf\":{\"@id\":\"https:\\\/\\\/www.iemj.org\\\/es\\\/halevy-jacques-francois-fromental-elie-1799-1862\\\/\"},\"author\":{\"name\":\"Isabelle Jouve\",\"@id\":\"https:\\\/\\\/www.iemj.org\\\/es\\\/#\\\/schema\\\/person\\\/94283a7f5a8b28a85fdab0ae54777472\"},\"headline\":\"Hal\u00e9vy, Jacques Fran\u00e7ois Fromental \u00c9lie (1799-1862)\",\"datePublished\":\"2010-03-30T16:17:22+00:00\",\"dateModified\":\"2021-09-07T12:56:06+00:00\",\"mainEntityOfPage\":{\"@id\":\"https:\\\/\\\/www.iemj.org\\\/es\\\/halevy-jacques-francois-fromental-elie-1799-1862\\\/\"},\"wordCount\":638,\"publisher\":{\"@id\":\"https:\\\/\\\/www.iemj.org\\\/es\\\/#organization\"},\"image\":{\"@id\":\"https:\\\/\\\/www.iemj.org\\\/es\\\/halevy-jacques-francois-fromental-elie-1799-1862\\\/#primaryimage\"},\"thumbnailUrl\":\"https:\\\/\\\/www.iemj.org\\\/wp-content\\\/uploads\\\/2010\\\/03\\\/arton79-e1625041728950.jpg\",\"articleSection\":[\"Biograf\u00edas\"],\"inLanguage\":\"es\"},{\"@type\":\"WebPage\",\"@id\":\"https:\\\/\\\/www.iemj.org\\\/es\\\/halevy-jacques-francois-fromental-elie-1799-1862\\\/\",\"url\":\"https:\\\/\\\/www.iemj.org\\\/es\\\/halevy-jacques-francois-fromental-elie-1799-1862\\\/\",\"name\":\"Hal\u00e9vy, Jacques Fran\u00e7ois Fromental \u00c9lie (1799-1862) - Institut Europ\u00e9en des Musiques Juives\",\"isPartOf\":{\"@id\":\"https:\\\/\\\/www.iemj.org\\\/es\\\/#website\"},\"primaryImageOfPage\":{\"@id\":\"https:\\\/\\\/www.iemj.org\\\/es\\\/halevy-jacques-francois-fromental-elie-1799-1862\\\/#primaryimage\"},\"image\":{\"@id\":\"https:\\\/\\\/www.iemj.org\\\/es\\\/halevy-jacques-francois-fromental-elie-1799-1862\\\/#primaryimage\"},\"thumbnailUrl\":\"https:\\\/\\\/www.iemj.org\\\/wp-content\\\/uploads\\\/2010\\\/03\\\/arton79-e1625041728950.jpg\",\"datePublished\":\"2010-03-30T16:17:22+00:00\",\"dateModified\":\"2021-09-07T12:56:06+00:00\",\"breadcrumb\":{\"@id\":\"https:\\\/\\\/www.iemj.org\\\/es\\\/halevy-jacques-francois-fromental-elie-1799-1862\\\/#breadcrumb\"},\"inLanguage\":\"es\",\"potentialAction\":[{\"@type\":\"ReadAction\",\"target\":[\"https:\\\/\\\/www.iemj.org\\\/es\\\/halevy-jacques-francois-fromental-elie-1799-1862\\\/\"]}]},{\"@type\":\"ImageObject\",\"inLanguage\":\"es\",\"@id\":\"https:\\\/\\\/www.iemj.org\\\/es\\\/halevy-jacques-francois-fromental-elie-1799-1862\\\/#primaryimage\",\"url\":\"https:\\\/\\\/www.iemj.org\\\/wp-content\\\/uploads\\\/2010\\\/03\\\/arton79-e1625041728950.jpg\",\"contentUrl\":\"https:\\\/\\\/www.iemj.org\\\/wp-content\\\/uploads\\\/2010\\\/03\\\/arton79-e1625041728950.jpg\",\"width\":156,\"height\":218},{\"@type\":\"BreadcrumbList\",\"@id\":\"https:\\\/\\\/www.iemj.org\\\/es\\\/halevy-jacques-francois-fromental-elie-1799-1862\\\/#breadcrumb\",\"itemListElement\":[{\"@type\":\"ListItem\",\"position\":1,\"name\":\"Accueil\",\"item\":\"https:\\\/\\\/www.iemj.org\\\/es\\\/\"},{\"@type\":\"ListItem\",\"position\":2,\"name\":\"Hal\u00e9vy, Jacques Fran\u00e7ois Fromental \u00c9lie (1799-1862)\"}]},{\"@type\":\"WebSite\",\"@id\":\"https:\\\/\\\/www.iemj.org\\\/es\\\/#website\",\"url\":\"https:\\\/\\\/www.iemj.org\\\/es\\\/\",\"name\":\"Institut Europ\u00e9en des Musiques Juives\",\"description\":\"Des traditions musicales \u00e0 la port\u00e9e de tous\",\"publisher\":{\"@id\":\"https:\\\/\\\/www.iemj.org\\\/es\\\/#organization\"},\"potentialAction\":[{\"@type\":\"SearchAction\",\"target\":{\"@type\":\"EntryPoint\",\"urlTemplate\":\"https:\\\/\\\/www.iemj.org\\\/es\\\/?s={search_term_string}\"},\"query-input\":{\"@type\":\"PropertyValueSpecification\",\"valueRequired\":true,\"valueName\":\"search_term_string\"}}],\"inLanguage\":\"es\"},{\"@type\":\"Organization\",\"@id\":\"https:\\\/\\\/www.iemj.org\\\/es\\\/#organization\",\"name\":\"Institut Europ\u00e9en des Musiques Juives\",\"url\":\"https:\\\/\\\/www.iemj.org\\\/es\\\/\",\"logo\":{\"@type\":\"ImageObject\",\"inLanguage\":\"es\",\"@id\":\"https:\\\/\\\/www.iemj.org\\\/es\\\/#\\\/schema\\\/logo\\\/image\\\/\",\"url\":\"https:\\\/\\\/www.iemj.org\\\/wp-content\\\/uploads\\\/2021\\\/09\\\/Logo-IEMJ-Paypal.jpg\",\"contentUrl\":\"https:\\\/\\\/www.iemj.org\\\/wp-content\\\/uploads\\\/2021\\\/09\\\/Logo-IEMJ-Paypal.jpg\",\"width\":150,\"height\":50,\"caption\":\"Institut Europ\u00e9en des Musiques Juives\"},\"image\":{\"@id\":\"https:\\\/\\\/www.iemj.org\\\/es\\\/#\\\/schema\\\/logo\\\/image\\\/\"},\"sameAs\":[\"https:\\\/\\\/www.facebook.com\\\/MusiquesJuives\\\/\",\"https:\\\/\\\/www.instagram.com\\\/musiquesjuives\\\/\",\"https:\\\/\\\/www.youtube.com\\\/user\\\/musiquesjuives\"]},{\"@type\":\"Person\",\"@id\":\"https:\\\/\\\/www.iemj.org\\\/es\\\/#\\\/schema\\\/person\\\/94283a7f5a8b28a85fdab0ae54777472\",\"name\":\"Isabelle Jouve\",\"image\":{\"@type\":\"ImageObject\",\"inLanguage\":\"es\",\"@id\":\"https:\\\/\\\/secure.gravatar.com\\\/avatar\\\/bc547a31cb8a12b3ffc0f7fcf1f2dbd4fc06e95ad13a451095d8316a6d5a59a6?s=96&d=mm&r=g\",\"url\":\"https:\\\/\\\/secure.gravatar.com\\\/avatar\\\/bc547a31cb8a12b3ffc0f7fcf1f2dbd4fc06e95ad13a451095d8316a6d5a59a6?s=96&d=mm&r=g\",\"contentUrl\":\"https:\\\/\\\/secure.gravatar.com\\\/avatar\\\/bc547a31cb8a12b3ffc0f7fcf1f2dbd4fc06e95ad13a451095d8316a6d5a59a6?s=96&d=mm&r=g\",\"caption\":\"Isabelle Jouve\"}}]}<\/script>\n<!-- \/ Yoast SEO plugin. -->","yoast_head_json":{"title":"Hal\u00e9vy, Jacques Fran\u00e7ois Fromental \u00c9lie (1799-1862) - Institut Europ\u00e9en des Musiques Juives","robots":{"index":"index","follow":"follow","max-snippet":"max-snippet:-1","max-image-preview":"max-image-preview:large","max-video-preview":"max-video-preview:-1"},"canonical":"https:\/\/www.iemj.org\/es\/halevy-jacques-francois-fromental-elie-1799-1862\/","og_locale":"es_ES","og_type":"article","og_title":"Hal\u00e9vy, Jacques Fran\u00e7ois Fromental \u00c9lie (1799-1862) - Institut Europ\u00e9en des Musiques Juives","og_description":"Es en la sinagoga que compositores como Fromental Hal\u00e9vy (1799-1862), Charles Valentin Alkan (1813-1888) y Jacques Offenbach (1819-1880) recibieron su primer formaci\u00f3n musical. \u00c9lie L\u00e9vy (1760-1826), el padre de Fromental","og_url":"https:\/\/www.iemj.org\/es\/halevy-jacques-francois-fromental-elie-1799-1862\/","og_site_name":"Institut Europ\u00e9en des Musiques Juives","article_publisher":"https:\/\/www.facebook.com\/MusiquesJuives\/","article_published_time":"2010-03-30T16:17:22+00:00","article_modified_time":"2021-09-07T12:56:06+00:00","og_image":[{"width":156,"height":218,"url":"https:\/\/www.iemj.org\/wp-content\/uploads\/2010\/03\/arton79-e1625041728950.jpg","type":"image\/jpeg"}],"author":"Isabelle Jouve","twitter_card":"summary_large_image","twitter_misc":{"Escrito por":"Isabelle Jouve","Tiempo de lectura":"3 minutos"},"schema":{"@context":"https:\/\/schema.org","@graph":[{"@type":"Article","@id":"https:\/\/www.iemj.org\/es\/halevy-jacques-francois-fromental-elie-1799-1862\/#article","isPartOf":{"@id":"https:\/\/www.iemj.org\/es\/halevy-jacques-francois-fromental-elie-1799-1862\/"},"author":{"name":"Isabelle Jouve","@id":"https:\/\/www.iemj.org\/es\/#\/schema\/person\/94283a7f5a8b28a85fdab0ae54777472"},"headline":"Hal\u00e9vy, Jacques Fran\u00e7ois Fromental \u00c9lie (1799-1862)","datePublished":"2010-03-30T16:17:22+00:00","dateModified":"2021-09-07T12:56:06+00:00","mainEntityOfPage":{"@id":"https:\/\/www.iemj.org\/es\/halevy-jacques-francois-fromental-elie-1799-1862\/"},"wordCount":638,"publisher":{"@id":"https:\/\/www.iemj.org\/es\/#organization"},"image":{"@id":"https:\/\/www.iemj.org\/es\/halevy-jacques-francois-fromental-elie-1799-1862\/#primaryimage"},"thumbnailUrl":"https:\/\/www.iemj.org\/wp-content\/uploads\/2010\/03\/arton79-e1625041728950.jpg","articleSection":["Biograf\u00edas"],"inLanguage":"es"},{"@type":"WebPage","@id":"https:\/\/www.iemj.org\/es\/halevy-jacques-francois-fromental-elie-1799-1862\/","url":"https:\/\/www.iemj.org\/es\/halevy-jacques-francois-fromental-elie-1799-1862\/","name":"Hal\u00e9vy, Jacques Fran\u00e7ois Fromental \u00c9lie (1799-1862) - Institut Europ\u00e9en des Musiques Juives","isPartOf":{"@id":"https:\/\/www.iemj.org\/es\/#website"},"primaryImageOfPage":{"@id":"https:\/\/www.iemj.org\/es\/halevy-jacques-francois-fromental-elie-1799-1862\/#primaryimage"},"image":{"@id":"https:\/\/www.iemj.org\/es\/halevy-jacques-francois-fromental-elie-1799-1862\/#primaryimage"},"thumbnailUrl":"https:\/\/www.iemj.org\/wp-content\/uploads\/2010\/03\/arton79-e1625041728950.jpg","datePublished":"2010-03-30T16:17:22+00:00","dateModified":"2021-09-07T12:56:06+00:00","breadcrumb":{"@id":"https:\/\/www.iemj.org\/es\/halevy-jacques-francois-fromental-elie-1799-1862\/#breadcrumb"},"inLanguage":"es","potentialAction":[{"@type":"ReadAction","target":["https:\/\/www.iemj.org\/es\/halevy-jacques-francois-fromental-elie-1799-1862\/"]}]},{"@type":"ImageObject","inLanguage":"es","@id":"https:\/\/www.iemj.org\/es\/halevy-jacques-francois-fromental-elie-1799-1862\/#primaryimage","url":"https:\/\/www.iemj.org\/wp-content\/uploads\/2010\/03\/arton79-e1625041728950.jpg","contentUrl":"https:\/\/www.iemj.org\/wp-content\/uploads\/2010\/03\/arton79-e1625041728950.jpg","width":156,"height":218},{"@type":"BreadcrumbList","@id":"https:\/\/www.iemj.org\/es\/halevy-jacques-francois-fromental-elie-1799-1862\/#breadcrumb","itemListElement":[{"@type":"ListItem","position":1,"name":"Accueil","item":"https:\/\/www.iemj.org\/es\/"},{"@type":"ListItem","position":2,"name":"Hal\u00e9vy, Jacques Fran\u00e7ois Fromental \u00c9lie (1799-1862)"}]},{"@type":"WebSite","@id":"https:\/\/www.iemj.org\/es\/#website","url":"https:\/\/www.iemj.org\/es\/","name":"Institut Europ\u00e9en des Musiques Juives","description":"Des traditions musicales \u00e0 la port\u00e9e de tous","publisher":{"@id":"https:\/\/www.iemj.org\/es\/#organization"},"potentialAction":[{"@type":"SearchAction","target":{"@type":"EntryPoint","urlTemplate":"https:\/\/www.iemj.org\/es\/?s={search_term_string}"},"query-input":{"@type":"PropertyValueSpecification","valueRequired":true,"valueName":"search_term_string"}}],"inLanguage":"es"},{"@type":"Organization","@id":"https:\/\/www.iemj.org\/es\/#organization","name":"Institut Europ\u00e9en des Musiques Juives","url":"https:\/\/www.iemj.org\/es\/","logo":{"@type":"ImageObject","inLanguage":"es","@id":"https:\/\/www.iemj.org\/es\/#\/schema\/logo\/image\/","url":"https:\/\/www.iemj.org\/wp-content\/uploads\/2021\/09\/Logo-IEMJ-Paypal.jpg","contentUrl":"https:\/\/www.iemj.org\/wp-content\/uploads\/2021\/09\/Logo-IEMJ-Paypal.jpg","width":150,"height":50,"caption":"Institut Europ\u00e9en des Musiques Juives"},"image":{"@id":"https:\/\/www.iemj.org\/es\/#\/schema\/logo\/image\/"},"sameAs":["https:\/\/www.facebook.com\/MusiquesJuives\/","https:\/\/www.instagram.com\/musiquesjuives\/","https:\/\/www.youtube.com\/user\/musiquesjuives"]},{"@type":"Person","@id":"https:\/\/www.iemj.org\/es\/#\/schema\/person\/94283a7f5a8b28a85fdab0ae54777472","name":"Isabelle Jouve","image":{"@type":"ImageObject","inLanguage":"es","@id":"https:\/\/secure.gravatar.com\/avatar\/bc547a31cb8a12b3ffc0f7fcf1f2dbd4fc06e95ad13a451095d8316a6d5a59a6?s=96&d=mm&r=g","url":"https:\/\/secure.gravatar.com\/avatar\/bc547a31cb8a12b3ffc0f7fcf1f2dbd4fc06e95ad13a451095d8316a6d5a59a6?s=96&d=mm&r=g","contentUrl":"https:\/\/secure.gravatar.com\/avatar\/bc547a31cb8a12b3ffc0f7fcf1f2dbd4fc06e95ad13a451095d8316a6d5a59a6?s=96&d=mm&r=g","caption":"Isabelle Jouve"}}]}},"_links":{"self":[{"href":"https:\/\/www.iemj.org\/es\/wp-json\/wp\/v2\/posts\/60870","targetHints":{"allow":["GET"]}}],"collection":[{"href":"https:\/\/www.iemj.org\/es\/wp-json\/wp\/v2\/posts"}],"about":[{"href":"https:\/\/www.iemj.org\/es\/wp-json\/wp\/v2\/types\/post"}],"author":[{"embeddable":true,"href":"https:\/\/www.iemj.org\/es\/wp-json\/wp\/v2\/users\/1046"}],"replies":[{"embeddable":true,"href":"https:\/\/www.iemj.org\/es\/wp-json\/wp\/v2\/comments?post=60870"}],"version-history":[{"count":0,"href":"https:\/\/www.iemj.org\/es\/wp-json\/wp\/v2\/posts\/60870\/revisions"}],"wp:featuredmedia":[{"embeddable":true,"href":"https:\/\/www.iemj.org\/es\/wp-json\/wp\/v2\/media\/51852"}],"wp:attachment":[{"href":"https:\/\/www.iemj.org\/es\/wp-json\/wp\/v2\/media?parent=60870"}],"wp:term":[{"taxonomy":"category","embeddable":true,"href":"https:\/\/www.iemj.org\/es\/wp-json\/wp\/v2\/categories?post=60870"},{"taxonomy":"post_tag","embeddable":true,"href":"https:\/\/www.iemj.org\/es\/wp-json\/wp\/v2\/tags?post=60870"},{"taxonomy":"technique","embeddable":true,"href":"https:\/\/www.iemj.org\/es\/wp-json\/wp\/v2\/technique?post=60870"},{"taxonomy":"squelettes","embeddable":true,"href":"https:\/\/www.iemj.org\/es\/wp-json\/wp\/v2\/squelettes?post=60870"},{"taxonomy":"sujet","embeddable":true,"href":"https:\/\/www.iemj.org\/es\/wp-json\/wp\/v2\/sujet?post=60870"},{"taxonomy":"formation","embeddable":true,"href":"https:\/\/www.iemj.org\/es\/wp-json\/wp\/v2\/formation?post=60870"},{"taxonomy":"genre","embeddable":true,"href":"https:\/\/www.iemj.org\/es\/wp-json\/wp\/v2\/genre?post=60870"},{"taxonomy":"fonds","embeddable":true,"href":"https:\/\/www.iemj.org\/es\/wp-json\/wp\/v2\/fonds?post=60870"},{"taxonomy":"tradition","embeddable":true,"href":"https:\/\/www.iemj.org\/es\/wp-json\/wp\/v2\/tradition?post=60870"},{"taxonomy":"type-de-contenu","embeddable":true,"href":"https:\/\/www.iemj.org\/es\/wp-json\/wp\/v2\/type-de-contenu?post=60870"},{"taxonomy":"interprete-compositeur","embeddable":true,"href":"https:\/\/www.iemj.org\/es\/wp-json\/wp\/v2\/interprete-compositeur?post=60870"},{"taxonomy":"frise","embeddable":true,"href":"https:\/\/www.iemj.org\/es\/wp-json\/wp\/v2\/frise?post=60870"},{"taxonomy":"type-devenement","embeddable":true,"href":"https:\/\/www.iemj.org\/es\/wp-json\/wp\/v2\/type-devenement?post=60870"},{"taxonomy":"tableaux-liens-externes","embeddable":true,"href":"https:\/\/www.iemj.org\/es\/wp-json\/wp\/v2\/tableaux-liens-externes?post=60870"}],"curies":[{"name":"wp","href":"https:\/\/api.w.org\/{rel}","templated":true}]}}