{"id":61637,"date":"2021-02-18T14:36:08","date_gmt":"2021-02-18T13:36:08","guid":{"rendered":"https:\/\/www.iemj.org\/ester-un-oratorio-de-pourim-du-compositeur-lidarti-1730-ap-1793\/"},"modified":"2024-12-01T15:44:23","modified_gmt":"2024-12-01T14:44:23","slug":"ester-un-oratorio-de-pourim-du-compositeur-lidarti-1730-ap-1793","status":"publish","type":"post","link":"https:\/\/www.iemj.org\/es\/ester-un-oratorio-de-pourim-du-compositeur-lidarti-1730-ap-1793\/","title":{"rendered":"Ester, un oratorio de Purim del compositor Lidarti (1730-ap. 1793)"},"content":{"rendered":"<p><!--more--><\/p>\n<p>Redescubierta en 1997, la partitura del oratorio <em>Ester<\/em> (1774) del compositor <a href=\"https:\/\/www.iemj.org\/es\/lidarti-cristiano-giuseppe-1730-apres-1793\/\" target=\"_blank\" rel=\"noopener\">Cristiano Giuseppe Lidarti<\/a> es la obra m\u00e1s larga y rica de toda la m\u00fasica erudita hebrea de los siglos XVII y XVIII.<\/p>\n<p>El origen de este oratorio en hebreo, que narra la historia de la reina Ester, sigue siendo un misterio. Hasta hace poco, s\u00f3lo nos hab\u00eda llegado el texto de este oratorio en forma de dos manuscritos en la biblioteca de la comunidad jud\u00eda portuguesa de \u00c1msterdam, y un tercer manuscrito, algo diferente, en la biblioteca del Hebrew Union College de Cincinnati. Pero ninguno de estos manuscritos ten\u00eda notaci\u00f3n musical.<\/p>\n<p><img fetchpriority=\"high\" decoding=\"async\" class=\"  alignright wp-image-31182 size-medium\" src=\"https:\/\/www.iemj.org\/wp-content\/uploads\/2021\/02\/couverture_du_livret_de_l_oratorio_ester_redim-264x300.jpg\" alt=\"couverture_du_livret_de_l_oratorio_ester_redim.jpg\" width=\"264\" height=\"300\" align=\"right\" srcset=\"https:\/\/www.iemj.org\/wp-content\/uploads\/2021\/02\/couverture_du_livret_de_l_oratorio_ester_redim-264x300.jpg 264w, https:\/\/www.iemj.org\/wp-content\/uploads\/2021\/02\/couverture_du_livret_de_l_oratorio_ester_redim.jpg 350w\" sizes=\"(max-width: 264px) 100vw, 264px\" \/>El libreto, titulado en hebreo <em>Le salut d\u2019Isra\u00ebl par Esther<\/em> [<em>La salvaci\u00f3n de Israel por Ester<\/em>], o en italiano <em>Ester in Oratorio o Sacra Dramma<\/em>, fue atribuido al rab\u00ed de Mantua y Venecia, Jacob Raphael Saraval (c. 1707-1782), conocido por su inter\u00e9s en la m\u00fasica. En este documento datado de marzo de 1757, Saraval pregunta a las autoridades del gueto de Mantua, algunos d\u00edas antes Purim, la permisi\u00f3n para los alumnos de su Yeshiva presentar \u00abuna especie de opera basada sobre una historia b\u00edblica\u00bb. Obtuvo el permiso con la condici\u00f3n de que no se admitiera a ning\u00fan no-jud\u00edo en la representaci\u00f3n, a la excepci\u00f3n del instrumentista y el dise\u00f1ador de vestuario.<\/p>\n<p>El libreto de Saraval, basado en el texto de la segunda versi\u00f3n del oratorio de Haendel (1732), con muchos cortes y algunos a\u00f1adidos, permaneci\u00f3 sin m\u00fasica hasta el 7 de noviembre de 1997, cuando Richard Andrewes, bibliotecario de la Universidad de Cambridge, localiz\u00f3 en una venta de libros de m\u00fasica de segunda mano una partitura manuscrita de Cristiano Giuseppe Lidarti titulada <em>Ester oratorio, 1774<\/em>.<\/p>\n<p><img decoding=\"async\" class=\"  alignleft wp-image-18517 size-full\" src=\"https:\/\/www.iemj.org\/wp-content\/uploads\/2018\/02\/oratorio_ester.jpg\" alt=\"oratorio_ester.jpg\" width=\"285\" height=\"294\" align=\"left\" \/>Unos meses m\u00e1s tarde, el music\u00f3logo de la Universidad Hebrea de Jerusal\u00e9n <a href=\"https:\/\/www.iemj.org\/es\/adler-israel-1925-2009\/\" target=\"_blank\" rel=\"noopener\">Isra\u00ebl Adler<\/a>, que hab\u00eda dedicado su tesis a las pr\u00e1cticas musicales eruditas en las comunidades jud\u00edas de Europa en los siglos XVIII y XIX, identific\u00f3 el manuscrito Lidarti como la m\u00fasica correspondiente al libreto de Rab\u00ed Saraval. Se inici\u00f3 entonces un trabajo de reconstituci\u00f3n de la obra, que condujo al estreno mundial del Oratorio de Ester en mayo de 2000 en Jerusal\u00e9n, y luego a su estreno y grabaci\u00f3n en Francia en el Festival de Radio France et Montpellier en 2003, con int\u00e9rpretes tan prestigiosos como Anne Lise Sollied y Laurent Naouri.<\/p>\n<p>Una pregunta queda siempre hoy en d\u00eda. \u00bfQui\u00e9n pidi\u00f3 a Lidarti que compusiera una nueva m\u00fasica para el libreto de Saraval? \u00bfFue David Franco Mendes, el famoso historiador y secretario de la comunidad, \u00e9l mismo un prol\u00edfico poeta, quien al parecer encarg\u00f3 el folleto a Saraval? Esta hip\u00f3tesis no se confirma. El propio Lidarti no menciona en su autobiograf\u00eda, titulada Aneddoti musicali, la existencia de esta obra, ni siquiera las relaciones profesionales que mantuvo con los jud\u00edos portugueses de \u00c1msterdam. Hay que decir que esta autobiograf\u00eda es corta (unas 1.300 palabras) y apenas menciona sus composiciones, que, seg\u00fan \u00e9l, \u00abno merecen ser destacadas\u00bb. Sin embargo, su oratorio no es ni mucho menos una obra menor, \u00a1tanto por su imponente tama\u00f1o musical como por su duraci\u00f3n (casi dos horas)!<\/p>\n<p><img decoding=\"async\" class=\"alignright wp-image-18519 \" src=\"https:\/\/www.iemj.org\/wp-content\/uploads\/2018\/02\/lidarti_coffret.jpg\" alt=\"lidarti_coffret.jpg\" width=\"300\" height=\"263\" align=\"right\" \/><strong>An\u00e1lisis de la Obra<\/strong><br \/>El oratorio de Ester consta de tres actos, cada uno con tres o cuatro escenas. La partitura est\u00e1 escrita para cinco o seis voces solistas (Ester, Donna Israelita &#8211; una \u00abmujer israelita\u00bb de su continuaci\u00f3n -, Ahasveros, Mordocai, Am\u00e1n, y Harbona que solo hace una breve aparici\u00f3n), un coro a tres voces y una orquesta de instrumentos a cuerdas, flautas, oboe, trompas y bajo continuo. Es probable que por razones religiosas hombres interpretaban las voces de sopranos. Existe, en los manuscritos de la comunidad, documentos que indican que las partes designadas como voces de soprano fueron interpretadas por sopranistas masculinos.<\/p>\n<p>Al nivel formal, la obra de Lidarti, aunque datada de 1774, est\u00e1 dise\u00f1ada en el estilo precl\u00e1sico de los a\u00f1os 1720-1750. La obertura en tres movimientos recuerda a las sinfon\u00edas de Sammartini y a las oberturas de \u00f3pera de Pergolesi, Jomelli y Galuppi, y la orquesta sigue contando con un bajo continuo, un vestigio de las pr\u00e1cticas barrocas. Las arias y los d\u00faos tambi\u00e9n siguen el estilo galante precl\u00e1sico; la melod\u00eda es generalmente c\u00edclica, las armon\u00edas relativamente sencillas y las partes de la obra est\u00e1n claramente delimitadas por contrastes expresivos.<\/p>\n<p>Es una obra que merece completamente ser redescubierta. Hasta la fecha, s\u00f3lo existe una grabaci\u00f3n completa del oratorio, lamentablemente agotada. Pero la biograf\u00eda de Lidarti y numerosos fragmentos de su obra pueden consultarse en la p\u00e1gina web del Instituto Europeo de las M\u00fasicas Jud\u00edas. Cabe se\u00f1alar que el conjunto barroco Le Tendre Amour [El Cari\u00f1oso Amor] tambi\u00e9n presenta en YouTube <a href=\"https:\/\/www.youtube.com\/watch?v=YjI1KBMhtXw\">extractos de esta obra en una<\/a> colorida versi\u00f3n inspirada en el Purimspiel.<\/p>\n<p><strong>Discograf\u00eda<br \/><\/strong><em>Ester ou Le Salut d\u2019Isra\u00ebl par Ester<\/em> [<em>Ester o la salvaci\u00f3n de Israel por Ester<\/em>] de Cristiano Giuseppe Lidarti, Euterpe, 2003. Libreta del rab\u00ed Jacob Raphael Saraval. Direcci\u00f3n de Friedeman Layer. Interpretaci\u00f3n por el Orquesta nacional de Montpellier y el Coro de la Radio letona.<\/p>\n<p><em>Musiques juives baroques\u00a0: Venise, Mantoue, Amsterdam (1623-1774) &#8211; Hommage \u00e0 Isra\u00ebl Adler<\/em> [<em>M\u00fasicas Jud\u00edas Barrocas: Venecia, Mantua, \u00c1msterdam (1623-1774) &#8211; Homenaje a Israel Adler<\/em>], por el Ensemble Texto, Buda Musique, coll \u00abPatrimoines musicaux des juifs de France\u00bb [\u00abPatrimonios musicales de los jud\u00edos de Francia\u00bb], Vol. 10, 2011. Direccion de David Klein.<\/p>\n<p><strong>Biograf\u00eda<br \/><\/strong><strong>\u00a0<\/strong><em>La pratique musicale savante dans quelques communaut\u00e9s juives en Europe aux XVII\u00e8me et XVIII\u00e8me si\u00e8cles<\/em>,<strong> [La practica musical erudita en algunas comunidades jud\u00edas en Europa durante los siglos XVII y XVIII], de Israel Adler, Mouton &amp; Co, 1966, pp. 189-236.<\/strong><\/p>\n<p><a href=\"https:\/\/www.iemj.org\/es\/lidarti-cristiano-giuseppe-1730-apres-1793\/\" target=\"_blank\" rel=\"noopener\">M\u00e1s informaci\u00f3n sobre Lidarti<\/a><br \/><a href=\"https:\/\/www.iemj.org\/es\/la-source-de-vie-esther-en-chansons\/\" target=\"_blank\" rel=\"noopener\">Ver extractos del Oratorio de Ester<\/a><br \/><a href=\"https:\/\/www.iemj.org\/es\/concert-musiques-juives-baroques\/\" target=\"_blank\" rel=\"noopener\">Ver un extracto del concierto de m\u00fasicas jud\u00edas barrocas, en homenaje a Israel Adler<\/a><br \/><a href=\"https:\/\/www.iemj.org\/es\/genre\/musica-barroca-es\/\" target=\"_blank\" rel=\"noopener\">Consultar otros contenidos en las m\u00fasicas jud\u00edas barrocas<\/a><br \/><a href=\"https:\/\/www.iemj.org\/es\/musiques-juives-baroques-venise-mantoue-amsterdam-1623-1774-2\/\" target=\"_blank\" rel=\"noopener\">Escuchar y pedir el CD Musiques juives baroques (M\u00fasicas Jud\u00eda Barrocas)<\/a><\/p>\n\n\n<p><\/p>\n","protected":false},"excerpt":{"rendered":"","protected":false},"author":1045,"featured_media":61638,"comment_status":"closed","ping_status":"closed","sticky":false,"template":"","format":"standard","meta":{"_acf_changed":false,"footnotes":""},"categories":[1408],"tags":[2092],"technique":[],"squelettes":[],"sujet":[1808],"formation":[],"genre":[1894],"fonds":[],"tradition":[],"type-de-contenu":[],"interprete-compositeur":[],"frise":[],"type-devenement":[],"tableaux-liens-externes":[],"class_list":["post-61637","post","type-post","status-publish","format-standard","has-post-thumbnail","hentry","category-articulos-de-fondo-es","tag-italia-es","sujet-purim-es","genre-musica-barroca-es"],"acf":[],"yoast_head":"<!-- This site is optimized with the Yoast SEO plugin v27.3 - https:\/\/yoast.com\/product\/yoast-seo-wordpress\/ -->\n<title>Ester, un oratorio de Purim del compositor Lidarti (1730-ap. 1793) - Institut Europ\u00e9en des Musiques Juives<\/title>\n<meta name=\"robots\" content=\"index, follow, max-snippet:-1, max-image-preview:large, max-video-preview:-1\" \/>\n<link rel=\"canonical\" href=\"https:\/\/www.iemj.org\/es\/ester-un-oratorio-de-pourim-du-compositeur-lidarti-1730-ap-1793\/\" \/>\n<meta property=\"og:locale\" content=\"es_ES\" \/>\n<meta property=\"og:type\" content=\"article\" \/>\n<meta property=\"og:title\" content=\"Ester, un oratorio de Purim del compositor Lidarti (1730-ap. 1793) - Institut Europ\u00e9en des Musiques Juives\" \/>\n<meta property=\"og:url\" content=\"https:\/\/www.iemj.org\/es\/ester-un-oratorio-de-pourim-du-compositeur-lidarti-1730-ap-1793\/\" \/>\n<meta property=\"og:site_name\" content=\"Institut Europ\u00e9en des Musiques Juives\" \/>\n<meta property=\"article:publisher\" content=\"https:\/\/www.facebook.com\/MusiquesJuives\/\" \/>\n<meta property=\"article:published_time\" content=\"2021-02-18T13:36:08+00:00\" \/>\n<meta property=\"article:modified_time\" content=\"2024-12-01T14:44:23+00:00\" \/>\n<meta property=\"og:image\" content=\"https:\/\/www.iemj.org\/wp-content\/uploads\/2021\/02\/arton5034.jpg\" \/>\n\t<meta property=\"og:image:width\" content=\"336\" \/>\n\t<meta property=\"og:image:height\" content=\"339\" \/>\n\t<meta property=\"og:image:type\" content=\"image\/jpeg\" \/>\n<meta name=\"author\" content=\"Herv\u00e9 Roten\" \/>\n<meta name=\"twitter:card\" content=\"summary_large_image\" \/>\n<meta name=\"twitter:label1\" content=\"Escrito por\" \/>\n\t<meta name=\"twitter:data1\" content=\"Herv\u00e9 Roten\" \/>\n\t<meta name=\"twitter:label2\" content=\"Tiempo de lectura\" \/>\n\t<meta name=\"twitter:data2\" content=\"6 minutos\" \/>\n<script type=\"application\/ld+json\" class=\"yoast-schema-graph\">{\"@context\":\"https:\\\/\\\/schema.org\",\"@graph\":[{\"@type\":\"Article\",\"@id\":\"https:\\\/\\\/www.iemj.org\\\/es\\\/ester-un-oratorio-de-pourim-du-compositeur-lidarti-1730-ap-1793\\\/#article\",\"isPartOf\":{\"@id\":\"https:\\\/\\\/www.iemj.org\\\/es\\\/ester-un-oratorio-de-pourim-du-compositeur-lidarti-1730-ap-1793\\\/\"},\"author\":{\"name\":\"Herv\u00e9 Roten\",\"@id\":\"https:\\\/\\\/www.iemj.org\\\/es\\\/#\\\/schema\\\/person\\\/906134402c29d5c76e7b726261dd4bbd\"},\"headline\":\"Ester, un oratorio de Purim del compositor Lidarti (1730-ap. 1793)\",\"datePublished\":\"2021-02-18T13:36:08+00:00\",\"dateModified\":\"2024-12-01T14:44:23+00:00\",\"mainEntityOfPage\":{\"@id\":\"https:\\\/\\\/www.iemj.org\\\/es\\\/ester-un-oratorio-de-pourim-du-compositeur-lidarti-1730-ap-1793\\\/\"},\"wordCount\":1047,\"publisher\":{\"@id\":\"https:\\\/\\\/www.iemj.org\\\/es\\\/#organization\"},\"image\":{\"@id\":\"https:\\\/\\\/www.iemj.org\\\/es\\\/ester-un-oratorio-de-pourim-du-compositeur-lidarti-1730-ap-1793\\\/#primaryimage\"},\"thumbnailUrl\":\"https:\\\/\\\/www.iemj.org\\\/wp-content\\\/uploads\\\/2021\\\/02\\\/arton5034.jpg\",\"keywords\":[\"Italia\"],\"articleSection\":[\"Art\u00edculos de fondo\"],\"inLanguage\":\"es\"},{\"@type\":\"WebPage\",\"@id\":\"https:\\\/\\\/www.iemj.org\\\/es\\\/ester-un-oratorio-de-pourim-du-compositeur-lidarti-1730-ap-1793\\\/\",\"url\":\"https:\\\/\\\/www.iemj.org\\\/es\\\/ester-un-oratorio-de-pourim-du-compositeur-lidarti-1730-ap-1793\\\/\",\"name\":\"Ester, un oratorio de Purim del compositor Lidarti (1730-ap. 1793) - Institut Europ\u00e9en des Musiques Juives\",\"isPartOf\":{\"@id\":\"https:\\\/\\\/www.iemj.org\\\/es\\\/#website\"},\"primaryImageOfPage\":{\"@id\":\"https:\\\/\\\/www.iemj.org\\\/es\\\/ester-un-oratorio-de-pourim-du-compositeur-lidarti-1730-ap-1793\\\/#primaryimage\"},\"image\":{\"@id\":\"https:\\\/\\\/www.iemj.org\\\/es\\\/ester-un-oratorio-de-pourim-du-compositeur-lidarti-1730-ap-1793\\\/#primaryimage\"},\"thumbnailUrl\":\"https:\\\/\\\/www.iemj.org\\\/wp-content\\\/uploads\\\/2021\\\/02\\\/arton5034.jpg\",\"datePublished\":\"2021-02-18T13:36:08+00:00\",\"dateModified\":\"2024-12-01T14:44:23+00:00\",\"breadcrumb\":{\"@id\":\"https:\\\/\\\/www.iemj.org\\\/es\\\/ester-un-oratorio-de-pourim-du-compositeur-lidarti-1730-ap-1793\\\/#breadcrumb\"},\"inLanguage\":\"es\",\"potentialAction\":[{\"@type\":\"ReadAction\",\"target\":[\"https:\\\/\\\/www.iemj.org\\\/es\\\/ester-un-oratorio-de-pourim-du-compositeur-lidarti-1730-ap-1793\\\/\"]}]},{\"@type\":\"ImageObject\",\"inLanguage\":\"es\",\"@id\":\"https:\\\/\\\/www.iemj.org\\\/es\\\/ester-un-oratorio-de-pourim-du-compositeur-lidarti-1730-ap-1793\\\/#primaryimage\",\"url\":\"https:\\\/\\\/www.iemj.org\\\/wp-content\\\/uploads\\\/2021\\\/02\\\/arton5034.jpg\",\"contentUrl\":\"https:\\\/\\\/www.iemj.org\\\/wp-content\\\/uploads\\\/2021\\\/02\\\/arton5034.jpg\",\"width\":336,\"height\":339},{\"@type\":\"BreadcrumbList\",\"@id\":\"https:\\\/\\\/www.iemj.org\\\/es\\\/ester-un-oratorio-de-pourim-du-compositeur-lidarti-1730-ap-1793\\\/#breadcrumb\",\"itemListElement\":[{\"@type\":\"ListItem\",\"position\":1,\"name\":\"Accueil\",\"item\":\"https:\\\/\\\/www.iemj.org\\\/es\\\/\"},{\"@type\":\"ListItem\",\"position\":2,\"name\":\"Ester, un oratorio de Purim del compositor Lidarti (1730-ap. 1793)\"}]},{\"@type\":\"WebSite\",\"@id\":\"https:\\\/\\\/www.iemj.org\\\/es\\\/#website\",\"url\":\"https:\\\/\\\/www.iemj.org\\\/es\\\/\",\"name\":\"Institut Europ\u00e9en des Musiques Juives\",\"description\":\"Des traditions musicales \u00e0 la port\u00e9e de tous\",\"publisher\":{\"@id\":\"https:\\\/\\\/www.iemj.org\\\/es\\\/#organization\"},\"potentialAction\":[{\"@type\":\"SearchAction\",\"target\":{\"@type\":\"EntryPoint\",\"urlTemplate\":\"https:\\\/\\\/www.iemj.org\\\/es\\\/?s={search_term_string}\"},\"query-input\":{\"@type\":\"PropertyValueSpecification\",\"valueRequired\":true,\"valueName\":\"search_term_string\"}}],\"inLanguage\":\"es\"},{\"@type\":\"Organization\",\"@id\":\"https:\\\/\\\/www.iemj.org\\\/es\\\/#organization\",\"name\":\"Institut Europ\u00e9en des Musiques Juives\",\"url\":\"https:\\\/\\\/www.iemj.org\\\/es\\\/\",\"logo\":{\"@type\":\"ImageObject\",\"inLanguage\":\"es\",\"@id\":\"https:\\\/\\\/www.iemj.org\\\/es\\\/#\\\/schema\\\/logo\\\/image\\\/\",\"url\":\"https:\\\/\\\/www.iemj.org\\\/wp-content\\\/uploads\\\/2021\\\/09\\\/Logo-IEMJ-Paypal.jpg\",\"contentUrl\":\"https:\\\/\\\/www.iemj.org\\\/wp-content\\\/uploads\\\/2021\\\/09\\\/Logo-IEMJ-Paypal.jpg\",\"width\":150,\"height\":50,\"caption\":\"Institut Europ\u00e9en des Musiques Juives\"},\"image\":{\"@id\":\"https:\\\/\\\/www.iemj.org\\\/es\\\/#\\\/schema\\\/logo\\\/image\\\/\"},\"sameAs\":[\"https:\\\/\\\/www.facebook.com\\\/MusiquesJuives\\\/\",\"https:\\\/\\\/www.instagram.com\\\/musiquesjuives\\\/\",\"https:\\\/\\\/www.youtube.com\\\/user\\\/musiquesjuives\"]},{\"@type\":\"Person\",\"@id\":\"https:\\\/\\\/www.iemj.org\\\/es\\\/#\\\/schema\\\/person\\\/906134402c29d5c76e7b726261dd4bbd\",\"name\":\"Herv\u00e9 Roten\",\"image\":{\"@type\":\"ImageObject\",\"inLanguage\":\"es\",\"@id\":\"https:\\\/\\\/secure.gravatar.com\\\/avatar\\\/f96ad2db538a26481f18384936b5cd0610c92d390c4dc382209216d455f685ff?s=96&d=mm&r=g\",\"url\":\"https:\\\/\\\/secure.gravatar.com\\\/avatar\\\/f96ad2db538a26481f18384936b5cd0610c92d390c4dc382209216d455f685ff?s=96&d=mm&r=g\",\"contentUrl\":\"https:\\\/\\\/secure.gravatar.com\\\/avatar\\\/f96ad2db538a26481f18384936b5cd0610c92d390c4dc382209216d455f685ff?s=96&d=mm&r=g\",\"caption\":\"Herv\u00e9 Roten\"}}]}<\/script>\n<!-- \/ Yoast SEO plugin. -->","yoast_head_json":{"title":"Ester, un oratorio de Purim del compositor Lidarti (1730-ap. 1793) - Institut Europ\u00e9en des Musiques Juives","robots":{"index":"index","follow":"follow","max-snippet":"max-snippet:-1","max-image-preview":"max-image-preview:large","max-video-preview":"max-video-preview:-1"},"canonical":"https:\/\/www.iemj.org\/es\/ester-un-oratorio-de-pourim-du-compositeur-lidarti-1730-ap-1793\/","og_locale":"es_ES","og_type":"article","og_title":"Ester, un oratorio de Purim del compositor Lidarti (1730-ap. 1793) - Institut Europ\u00e9en des Musiques Juives","og_url":"https:\/\/www.iemj.org\/es\/ester-un-oratorio-de-pourim-du-compositeur-lidarti-1730-ap-1793\/","og_site_name":"Institut Europ\u00e9en des Musiques Juives","article_publisher":"https:\/\/www.facebook.com\/MusiquesJuives\/","article_published_time":"2021-02-18T13:36:08+00:00","article_modified_time":"2024-12-01T14:44:23+00:00","og_image":[{"width":336,"height":339,"url":"https:\/\/www.iemj.org\/wp-content\/uploads\/2021\/02\/arton5034.jpg","type":"image\/jpeg"}],"author":"Herv\u00e9 Roten","twitter_card":"summary_large_image","twitter_misc":{"Escrito por":"Herv\u00e9 Roten","Tiempo de lectura":"6 minutos"},"schema":{"@context":"https:\/\/schema.org","@graph":[{"@type":"Article","@id":"https:\/\/www.iemj.org\/es\/ester-un-oratorio-de-pourim-du-compositeur-lidarti-1730-ap-1793\/#article","isPartOf":{"@id":"https:\/\/www.iemj.org\/es\/ester-un-oratorio-de-pourim-du-compositeur-lidarti-1730-ap-1793\/"},"author":{"name":"Herv\u00e9 Roten","@id":"https:\/\/www.iemj.org\/es\/#\/schema\/person\/906134402c29d5c76e7b726261dd4bbd"},"headline":"Ester, un oratorio de Purim del compositor Lidarti (1730-ap. 1793)","datePublished":"2021-02-18T13:36:08+00:00","dateModified":"2024-12-01T14:44:23+00:00","mainEntityOfPage":{"@id":"https:\/\/www.iemj.org\/es\/ester-un-oratorio-de-pourim-du-compositeur-lidarti-1730-ap-1793\/"},"wordCount":1047,"publisher":{"@id":"https:\/\/www.iemj.org\/es\/#organization"},"image":{"@id":"https:\/\/www.iemj.org\/es\/ester-un-oratorio-de-pourim-du-compositeur-lidarti-1730-ap-1793\/#primaryimage"},"thumbnailUrl":"https:\/\/www.iemj.org\/wp-content\/uploads\/2021\/02\/arton5034.jpg","keywords":["Italia"],"articleSection":["Art\u00edculos de fondo"],"inLanguage":"es"},{"@type":"WebPage","@id":"https:\/\/www.iemj.org\/es\/ester-un-oratorio-de-pourim-du-compositeur-lidarti-1730-ap-1793\/","url":"https:\/\/www.iemj.org\/es\/ester-un-oratorio-de-pourim-du-compositeur-lidarti-1730-ap-1793\/","name":"Ester, un oratorio de Purim del compositor Lidarti (1730-ap. 1793) - Institut Europ\u00e9en des Musiques Juives","isPartOf":{"@id":"https:\/\/www.iemj.org\/es\/#website"},"primaryImageOfPage":{"@id":"https:\/\/www.iemj.org\/es\/ester-un-oratorio-de-pourim-du-compositeur-lidarti-1730-ap-1793\/#primaryimage"},"image":{"@id":"https:\/\/www.iemj.org\/es\/ester-un-oratorio-de-pourim-du-compositeur-lidarti-1730-ap-1793\/#primaryimage"},"thumbnailUrl":"https:\/\/www.iemj.org\/wp-content\/uploads\/2021\/02\/arton5034.jpg","datePublished":"2021-02-18T13:36:08+00:00","dateModified":"2024-12-01T14:44:23+00:00","breadcrumb":{"@id":"https:\/\/www.iemj.org\/es\/ester-un-oratorio-de-pourim-du-compositeur-lidarti-1730-ap-1793\/#breadcrumb"},"inLanguage":"es","potentialAction":[{"@type":"ReadAction","target":["https:\/\/www.iemj.org\/es\/ester-un-oratorio-de-pourim-du-compositeur-lidarti-1730-ap-1793\/"]}]},{"@type":"ImageObject","inLanguage":"es","@id":"https:\/\/www.iemj.org\/es\/ester-un-oratorio-de-pourim-du-compositeur-lidarti-1730-ap-1793\/#primaryimage","url":"https:\/\/www.iemj.org\/wp-content\/uploads\/2021\/02\/arton5034.jpg","contentUrl":"https:\/\/www.iemj.org\/wp-content\/uploads\/2021\/02\/arton5034.jpg","width":336,"height":339},{"@type":"BreadcrumbList","@id":"https:\/\/www.iemj.org\/es\/ester-un-oratorio-de-pourim-du-compositeur-lidarti-1730-ap-1793\/#breadcrumb","itemListElement":[{"@type":"ListItem","position":1,"name":"Accueil","item":"https:\/\/www.iemj.org\/es\/"},{"@type":"ListItem","position":2,"name":"Ester, un oratorio de Purim del compositor Lidarti (1730-ap. 1793)"}]},{"@type":"WebSite","@id":"https:\/\/www.iemj.org\/es\/#website","url":"https:\/\/www.iemj.org\/es\/","name":"Institut Europ\u00e9en des Musiques Juives","description":"Des traditions musicales \u00e0 la port\u00e9e de tous","publisher":{"@id":"https:\/\/www.iemj.org\/es\/#organization"},"potentialAction":[{"@type":"SearchAction","target":{"@type":"EntryPoint","urlTemplate":"https:\/\/www.iemj.org\/es\/?s={search_term_string}"},"query-input":{"@type":"PropertyValueSpecification","valueRequired":true,"valueName":"search_term_string"}}],"inLanguage":"es"},{"@type":"Organization","@id":"https:\/\/www.iemj.org\/es\/#organization","name":"Institut Europ\u00e9en des Musiques Juives","url":"https:\/\/www.iemj.org\/es\/","logo":{"@type":"ImageObject","inLanguage":"es","@id":"https:\/\/www.iemj.org\/es\/#\/schema\/logo\/image\/","url":"https:\/\/www.iemj.org\/wp-content\/uploads\/2021\/09\/Logo-IEMJ-Paypal.jpg","contentUrl":"https:\/\/www.iemj.org\/wp-content\/uploads\/2021\/09\/Logo-IEMJ-Paypal.jpg","width":150,"height":50,"caption":"Institut Europ\u00e9en des Musiques Juives"},"image":{"@id":"https:\/\/www.iemj.org\/es\/#\/schema\/logo\/image\/"},"sameAs":["https:\/\/www.facebook.com\/MusiquesJuives\/","https:\/\/www.instagram.com\/musiquesjuives\/","https:\/\/www.youtube.com\/user\/musiquesjuives"]},{"@type":"Person","@id":"https:\/\/www.iemj.org\/es\/#\/schema\/person\/906134402c29d5c76e7b726261dd4bbd","name":"Herv\u00e9 Roten","image":{"@type":"ImageObject","inLanguage":"es","@id":"https:\/\/secure.gravatar.com\/avatar\/f96ad2db538a26481f18384936b5cd0610c92d390c4dc382209216d455f685ff?s=96&d=mm&r=g","url":"https:\/\/secure.gravatar.com\/avatar\/f96ad2db538a26481f18384936b5cd0610c92d390c4dc382209216d455f685ff?s=96&d=mm&r=g","contentUrl":"https:\/\/secure.gravatar.com\/avatar\/f96ad2db538a26481f18384936b5cd0610c92d390c4dc382209216d455f685ff?s=96&d=mm&r=g","caption":"Herv\u00e9 Roten"}}]}},"_links":{"self":[{"href":"https:\/\/www.iemj.org\/es\/wp-json\/wp\/v2\/posts\/61637","targetHints":{"allow":["GET"]}}],"collection":[{"href":"https:\/\/www.iemj.org\/es\/wp-json\/wp\/v2\/posts"}],"about":[{"href":"https:\/\/www.iemj.org\/es\/wp-json\/wp\/v2\/types\/post"}],"author":[{"embeddable":true,"href":"https:\/\/www.iemj.org\/es\/wp-json\/wp\/v2\/users\/1045"}],"replies":[{"embeddable":true,"href":"https:\/\/www.iemj.org\/es\/wp-json\/wp\/v2\/comments?post=61637"}],"version-history":[{"count":0,"href":"https:\/\/www.iemj.org\/es\/wp-json\/wp\/v2\/posts\/61637\/revisions"}],"wp:featuredmedia":[{"embeddable":true,"href":"https:\/\/www.iemj.org\/es\/wp-json\/wp\/v2\/media\/61638"}],"wp:attachment":[{"href":"https:\/\/www.iemj.org\/es\/wp-json\/wp\/v2\/media?parent=61637"}],"wp:term":[{"taxonomy":"category","embeddable":true,"href":"https:\/\/www.iemj.org\/es\/wp-json\/wp\/v2\/categories?post=61637"},{"taxonomy":"post_tag","embeddable":true,"href":"https:\/\/www.iemj.org\/es\/wp-json\/wp\/v2\/tags?post=61637"},{"taxonomy":"technique","embeddable":true,"href":"https:\/\/www.iemj.org\/es\/wp-json\/wp\/v2\/technique?post=61637"},{"taxonomy":"squelettes","embeddable":true,"href":"https:\/\/www.iemj.org\/es\/wp-json\/wp\/v2\/squelettes?post=61637"},{"taxonomy":"sujet","embeddable":true,"href":"https:\/\/www.iemj.org\/es\/wp-json\/wp\/v2\/sujet?post=61637"},{"taxonomy":"formation","embeddable":true,"href":"https:\/\/www.iemj.org\/es\/wp-json\/wp\/v2\/formation?post=61637"},{"taxonomy":"genre","embeddable":true,"href":"https:\/\/www.iemj.org\/es\/wp-json\/wp\/v2\/genre?post=61637"},{"taxonomy":"fonds","embeddable":true,"href":"https:\/\/www.iemj.org\/es\/wp-json\/wp\/v2\/fonds?post=61637"},{"taxonomy":"tradition","embeddable":true,"href":"https:\/\/www.iemj.org\/es\/wp-json\/wp\/v2\/tradition?post=61637"},{"taxonomy":"type-de-contenu","embeddable":true,"href":"https:\/\/www.iemj.org\/es\/wp-json\/wp\/v2\/type-de-contenu?post=61637"},{"taxonomy":"interprete-compositeur","embeddable":true,"href":"https:\/\/www.iemj.org\/es\/wp-json\/wp\/v2\/interprete-compositeur?post=61637"},{"taxonomy":"frise","embeddable":true,"href":"https:\/\/www.iemj.org\/es\/wp-json\/wp\/v2\/frise?post=61637"},{"taxonomy":"type-devenement","embeddable":true,"href":"https:\/\/www.iemj.org\/es\/wp-json\/wp\/v2\/type-devenement?post=61637"},{"taxonomy":"tableaux-liens-externes","embeddable":true,"href":"https:\/\/www.iemj.org\/es\/wp-json\/wp\/v2\/tableaux-liens-externes?post=61637"}],"curies":[{"name":"wp","href":"https:\/\/api.w.org\/{rel}","templated":true}]}}