{"id":62139,"date":"2020-04-26T12:52:21","date_gmt":"2020-04-26T10:52:21","guid":{"rendered":"https:\/\/www.iemj.org\/levy-solly-1939-2020\/"},"modified":"2025-11-07T10:34:52","modified_gmt":"2025-11-07T09:34:52","slug":"levy-solly-1939-2020","status":"publish","type":"post","link":"https:\/\/www.iemj.org\/es\/levy-solly-1939-2020\/","title":{"rendered":"L\u00e9vy, Solly (1939-2020)"},"content":{"rendered":"<p><strong>Homenaje por <a href=\"https:\/\/www.iemj.org\/es\/cohen-judith\/\" target=\"_blank\" rel=\"noopener\">Judith Cohen<\/a><\/strong><\/p>\n<p>Solly L\u00e9vy naci\u00f3 en T\u00e1nger (Marruecos) el 1ero de noviembre de 1939. Emigr\u00f3 a Canad\u00e1 con su esposa, Madeleine, y sus dos hijos, Claire y Eddy, en 1968. En cuanto a su llegada en Montreal, Solly L\u00e9vy encontr\u00f3 su lugar en la comunidad sefardita. Profesor en las escuelas de la Alianza Israelita Universal en Marruecos, ha continuado durante casi treinta a\u00f1os una carrera de profesor en la escuela secundaria de Montreal. Despu\u00e9s de jubilarse, Solly y Madeleine movieron en Toronto, donde Solly continu\u00f3 tocar un papel importante en la comunidad sefardita, creando al mismo tiempo nuevos proyectos.<\/p>\n<figure style=\"width: 296px\" class=\"wp-caption alignright\"><a href=\"https:\/\/www.iemj.org\/wp-content\/uploads\/2020\/04\/1.gerineldo_orosollykellyjudith_ca1982photobyrobertadamsmontreal_redim_300px_horiz.jpg\"><img fetchpriority=\"high\" decoding=\"async\" src=\"https:\/\/www.iemj.org\/wp-content\/uploads\/2020\/04\/1.gerineldo_orosollykellyjudith_ca1982photobyrobertadamsmontreal_redim_300px_horiz.jpg\" alt=\"1.gerineldo_orosollykellyjudith_ca1982photobyrobertadamsmontreal_redim_300px_horiz.jpg\" width=\"296\" height=\"200\" align=\"right\" data-description=\"&quot;&lt;strong\" \/><\/a><figcaption class=\"wp-caption-text\"><strong>Oro, Solly, Kelly &amp; Judith ca 1982, Montreal<\/strong><\/figcaption><\/figure>\n<p>Cuando conoc\u00ed Solly, hace cuarenta a\u00f1os, acab\u00f3 de empezar mi tesis del doctorado en la Universidad de Montreal, sobre la m\u00fasica sefardita en Canad\u00e1. El gran profesor Samuel Armistead (1927-2013) me hab\u00eda presentada a su antigua estudiante, la profesora Oro Anahory-Librowicz, especialista del romancero judeo-espa\u00f1ola marroqu\u00ed. Oro hab\u00eda sida la alumna de Solly en Marruecos, en la escuela de la Alianza Israelita Universal de Tetu\u00e1n. Quer\u00eda establecer un conjunto dedicado a las canciones judeo-espa\u00f1olas de Marruecos. Solly, qui\u00e9n dirig\u00eda el <a href=\"http:\/\/csuq.org\/decouvrez-nous\/chorale-kinor\/\" target=\"_blank\" rel=\"noopener\">choro sefardi Kinor<\/a>, ha invitado la solista Kelly (Raquel) Sultan Amar. Pero Oro buscaba un cuarto miembro, hablando el espa\u00f1ol, quien podr\u00eda tocar instrumentos tradicionales y cantar. Es as\u00ed que por un buen d\u00eda del a\u00f1o 1980, Oro y Solly han tocado a la puerta de mi peque\u00f1o piso bastante bohemio del antiguo barrio \u00abMile End\u00bb; fue la primer reuni\u00f3n del grupo que se llamara \u00abGerineldo\u00bb. M\u00e1s tarde, el violinista, oudista y percusionista Charly Edry se uni\u00f3 al grupo.<\/p>\n<figure id=\"attachment_28362\" aria-describedby=\"caption-attachment-28362\" style=\"width: 200px\" class=\"wp-caption alignleft\"><a href=\"https:\/\/www.iemj.org\/wp-content\/uploads\/2020\/04\/2.gerineldo_mariposafolkfestivaltoronto_ca1984_0002_redim_300px_vertic-2.jpg\"><img decoding=\"async\" class=\"wp-image-28362\" src=\"https:\/\/www.iemj.org\/wp-content\/uploads\/2020\/04\/2.gerineldo_mariposafolkfestivaltoronto_ca1984_0002_redim_300px_vertic-2.jpg\" alt=\"2.gerineldo_mariposafolkfestivaltoronto_ca1984_0002_redim_300px_vertic-2.jpg\" width=\"200\" height=\"260\" \/><\/a><figcaption id=\"caption-attachment-28362\" class=\"wp-caption-text\"><strong>Gerineldo &#8211; Mariposa Folk Festival Toronto, ca 1984 <\/strong><\/figcaption><\/figure>\n<p>Con Gerineldo, cant\u00e1bamos, ensay\u00e1bamos, y viaj\u00e1bamos: en Espa\u00f1a, en los Estados Unidos, en Israel. Solly cantaba por supuesto, ejerciendo su legendario magnetismo en la escena, y ademas, creaba para nosotros obras musicales en haket\u00eda, el judeoespa\u00f1ol marroqu\u00ed mucho menos conocido que el judeoespa\u00f1ol otomano, hoy a menudo llamado \u00abladino\u00bb. Dirigia estas piezas, tocando diversos papeles, y ensenaba las expresiones y la pronunciaci\u00f3n de la haketia que amaba tanta. Siempre propon\u00eda nuevas ideas extraordinarias; y adem\u00e1s me ayud\u00f3 mucho con ciertos aspectos de mi tesis doctoral. Solly nos ensenaba mucho, y no hacia re\u00edr &#8211; me acuerdo de momentos donde nosotras, las tres mujeres de Gerineldo, dec\u00edamos, secundando la cabeza y sonriendo. \u00abah, si, es el temperamento art\u00edstico de Solly\u00bb.<\/p>\n<figure style=\"width: 200px\" class=\"wp-caption alignright\"><a href=\"https:\/\/www.iemj.org\/wp-content\/uploads\/2020\/04\/3.gerineldocordoba1992_redim_300px_vertic.jpg\"><img decoding=\"async\" src=\"https:\/\/www.iemj.org\/wp-content\/uploads\/2020\/04\/3.gerineldocordoba1992_redim_300px_vertic.jpg\" alt=\"3.gerineldocordoba1992_redim_300px_vertic.jpg\" width=\"200\" height=\"217\" align=\"right\" data-description=\"&quot;&lt;strong\" \/><\/a><figcaption class=\"wp-caption-text\"><strong>Gerineldo &#8211; Cordoba, 1992<\/strong><\/figcaption><\/figure>\n<p>En sus piezas de teatro musicales, Solly ha inventado personajes que nos parec\u00edan. El mismo, era, por supuesto, Selom\u00f3, el patriarca de la familia, situada en un Marruecos vagamente al inicio del siglo XX. Nosotros mismos fuimos nuestros propios ancestros: \u201clos de embasho\u201d [los de abajo], \u201cLos mizhores entre mozotros\u201d [los mejores entre nosotros]. Solly tocaba tambi\u00e9n el papel del medico espa\u00f1ol \u00abmoderno\u00bb y el del chico marroqu\u00ed quien tra\u00eda la dafina, el plato de Sabat, en las familias del barrio.<\/p>\n<p>Oro tenia dos papeles: Makn\u00edn, la vieja abuela qui\u00e9n segu\u00eda tambi\u00e9n la vida tradicional, y el nieto, qui\u00e9n preparaba su Bar Mitzv\u00e1 con Selom\u00f3. Nuestra bonita Kelly, naci\u00f3 en Melilla, de donde nunca ha perdido su acento andaluz, la nuera &#8211; con su acento andaluz que prefer\u00eda a la haketia. \u00bfY yo? Ashk\u00e9naze, naci\u00f3 en Montreal, anglohablante, etnomusic\u00f3logo, \u00bfqu\u00e9 personaje podr\u00eda ser? En la \u00e9poca, para mis obras de b\u00fasquedas, acababa de grabar Bouena Sarfatty Garfinkle<span class=\"footnote_referrer\"><a role=\"button\" tabindex=\"0\" onclick=\"footnote_moveToReference_62139_1('footnote_plugin_reference_62139_1_1');\" onkeypress=\"footnote_moveToReference_62139_1('footnote_plugin_reference_62139_1_1');\" ><sup id=\"footnote_plugin_tooltip_62139_1_1\" class=\"footnote_plugin_tooltip_text\">[1]<\/sup><\/a><span id=\"footnote_plugin_tooltip_text_62139_1_1\" class=\"footnote_tooltip\">Bouena Sarfatty Garfinkle (1916\u20131997), nacida en Sal\u00f3nica, era una partidoria griega durante la Segunda Guerra Mundial. Sus memorias y sus selecciones de canciones, de proverbios y versos est\u00e1n&nbsp;&#x2026; <span class=\"footnote_tooltip_continue\"  onclick=\"footnote_moveToReference_62139_1('footnote_plugin_reference_62139_1_1');\">Lire la suite<\/span><\/span><\/span><script type=\"text\/javascript\"> jQuery('#footnote_plugin_tooltip_62139_1_1').tooltip({ tip: '#footnote_plugin_tooltip_text_62139_1_1', tipClass: 'footnote_tooltip', effect: 'fade', predelay: 0, fadeInSpeed: 200, delay: 400, fadeOutSpeed: 200, position: 'top center', relative: true, offset: [-7, 0], });<\/script>, que me cantaba y contaba su vida en Sal\u00f3nica antes y durante el Holocausto. Entonces, Solly ha inventado \u00abla T\u00eda Palomba, viuda de Sal\u00f3nica\u00bb, qui\u00e9n hablaba el judeo-espa\u00f1ol oriental, y afirmaba con fuerza que las canciones, la cocina, las costumbres de \u00abSelanik\u00bb merec\u00edan mejor que las del Marruecos.<\/p>\n<p>Solly era completamente dedicado a su familia, a su comunidad, a su cultura. Madeleine viajaba a menudo con nosotros; y su hija Claire nos ayudaba con frecuencia con los preparativos en bastidores. Algunos de vosotros han escuchado la entrevista que Herv\u00e9 Roten a hecho en la radio con mi hija <a href=\"https:\/\/www.iemj.org\/en\/tamar-ilana-the-sefardi-judy-garland\/\" target=\"_blank\" rel=\"noopener\">Tamar Ilana<\/a>; y, su primera \u00abpresentaci\u00f3n\u00bb fue un brevio grabaci\u00f3n de sus lagrimas a la edad de dos o tres meses, que Solly me hab\u00eda preguntado para la escena del nacimiento del bebe en la primera obra que hab\u00eda creado para Gerineldo\u00a0<em>Ya Hasr\u00e1, que tiempos aquellos<\/em>\u00a0[Eso es lo que habr\u00e1 en esos tiempos]. Tamar estaba presenta durante casi todas las repeticiones y ha empezado cantar con nosotros en cuanto a la edad de cinco a\u00f1os. Dos sobrinas de Oro han tocado papeles de vez en cuando, y el marido y los hijos de Kelly no perd\u00edan jamas una representaci\u00f3n en Montreal: Gerineldo era realmente una familia.<\/p>\n<p>Solly et Madeleine se jubilaron en 2000, y se mudaron en Toronto, para encontrar a sus hijos y nietos. Para Solly, por supuesto, \u00abjubilarse\u00bb quer\u00eda decir asumir inmediatamente un papel central en su comunidad sefard\u00ed, y crear una serie de nuevos proyectos art\u00edsticos. Por un lado, ha recogido y ha grabado los piyyoutim tradicionales del Norte de Marruecos; al mismo tiempo, ha creado sus \u201cSollyloquies\u201d\/\u201dSollyloquios\u201d multiling\u00fces que provocaban en nosotros ataques de risas, y sus \u201cone-man-shows\u201d de \u201cJizzofrenia\u201d \u2013 nombre basado en un juego de palabras con el termino judeo-\u00e1rabe \u201ckhiz\u201d que significa zanahoria.\u00bb<\/p>\n<figure id=\"attachment_28308\" aria-describedby=\"caption-attachment-28308\" style=\"width: 278px\" class=\"wp-caption alignleft\"><a href=\"https:\/\/www.iemj.org\/wp-content\/uploads\/2020\/04\/4.gerineldo_3generatns_j.o.s.tamar_.matantoronto2014.photom.pothen_redim_300px_vertic.jpg\"><img loading=\"lazy\" decoding=\"async\" class=\"wp-image-28308\" src=\"https:\/\/www.iemj.org\/wp-content\/uploads\/2020\/04\/4.gerineldo_3generatns_j.o.s.tamar_.matantoronto2014.photom.pothen_redim_300px_vertic.jpg\" alt=\"Gerinedo, trois g\u00e9n\u00e9rations\" width=\"278\" height=\"176\" \/><\/a><figcaption id=\"caption-attachment-28308\" class=\"wp-caption-text\"><strong>Gerineldo, 3 generations &#8211; Toronto, 2014 Judith, Oro, Solly, Tamar &amp; Matan<\/strong><\/figcaption><\/figure>\n<p>Entre muchos otros proyectos, entre los cuales ha recibido numerosos precios de honor, Solly ha traducido &#8211; y ha adaptado &#8211; selecciones de Moli\u00e8re en judeo-\u00e1rabe marroqu\u00ed\/franc\u00e9s quebequense\/haketiano \u00abLe Bourgeois Gentilhomme\u00bb (El burgu\u00e9s gentilhombre), por ejemplo, ha vuelto \u201cLe Boujadi Gentilhomme.\u201d Tambi\u00e9n ha adaptado \u201cPygmalion\u201d (\u00abPigmali\u00f3n\u00bb) de Georges Bernard Shaw, con todas las canciones. Ha dirigido de los clasicos del teatro quebequense, construyendo puentes entre los comunidades jud\u00edas y cat\u00f3lica del Quebec. Me acuerdo tambi\u00e9n haber asistido a una repetici\u00f3n de su adaptaci\u00f3n de \u201cWest Side Story\u201d al contexto francohablante\/anglohablante de Montreal: cada estudiante deber\u00eda aprender un papel central, un papel minor y un papel t\u00e9cnico, para confrontar a todos los aspectos del teatro. Durante los a\u00f1os 2014 y 2015, Gerineldo se produjo de nuevo brevemente. Solly cant\u00f3 durante conciertos de Par\u00eds, para la comunidad jud\u00eda marroqu\u00ed, y despu\u00e9s en Toronto, en la Alianza Francesa. Para este ultimo espect\u00e1culo de Toronto, hab\u00eda tres generaciones en escena: Tamar hab\u00eda ocupado ya el lugar de Kelly, quien no era disponible, y Matan Boker, el nieto de Solly, a\u00f1adi\u00f3 su bonita voz a los piyyoutim que aprendi de su abuelo adorado. Pero fue el ultimo concierto de Solly. Sus problemas de salud le han impedido volver a cantar con nosotros al Festival Sefardi de Montreal que contribuy\u00f3 a crear decenas antes; o en Paris para el Festival de las M\u00fasicas Jud\u00edas. Su enfermedad larga despiadada no le permetia hacer las actividades que amaba tanto, pero nunca pudo interrupir sus relaciones con su comunidad, que hacia todo lo posible para el y su familia; y mucho menos el amor profundo que compartia a todo momento con Madeleine, sus hijos y sus nietos.<\/p>\n<p>Solly L\u00e9vy nos ha dejado, el 10 de abril de 2020, durante la fiesta de P\u00e9saj.<\/p>\n<p><a href=\"https:\/\/www.iemj.org\/es\/gerineldo\/\" target=\"_blank\" rel=\"noopener\">Consultar la lista de reproduccion y el articulo sobre Gerineldo<\/a><br \/>\n<a href=\"https:\/\/www.cjnews.com\/en-francais\/a-la-memoire-de-solly-levy-z-l\" target=\"_blank\" rel=\"noopener\">Leer el articulo del peri\u00f3dico \u00abCanadian Jewish News\u00bb sobre la vida de Solly L\u00e9vy<\/a><br \/>\n<a href=\"https:\/\/www.iemj.org\/es\/cohen-judith\/\" target=\"_blank\" rel=\"noopener\">Consultar el sitio web de Judith Cohen<\/a><\/p>\n<p><strong>Ver un extracto del documental <\/strong><em>A Sephardic Journey: Solly Levy&#8230;From Morocco to Montreal<\/em><\/p>\n<p><iframe src=\"https:\/\/www.youtube.com\/embed\/tDXlbWUAjQI\" width=\"540\" height=\"360\" frameborder=\"0\" allowfullscreen=\"allowfullscreen\"><\/iframe><strong><em><br \/>\n<\/em><\/strong><\/p>\n<div class=\"speaker-mute footnotes_reference_container\"> <div class=\"footnote_container_prepare\"><p><span role=\"button\" tabindex=\"0\" class=\"footnote_reference_container_label pointer\" onclick=\"footnote_expand_collapse_reference_container_62139_1();\">&#x202F;<\/span><span role=\"button\" tabindex=\"0\" class=\"footnote_reference_container_collapse_button\" style=\"display: none;\" onclick=\"footnote_expand_collapse_reference_container_62139_1();\">[<a id=\"footnote_reference_container_collapse_button_62139_1\">+<\/a>]<\/span><\/p><\/div> <div id=\"footnote_references_container_62139_1\" style=\"\"><table class=\"footnotes_table footnote-reference-container\"><caption class=\"accessibility\">References<\/caption> <tbody> \r\n\r\n<tr class=\"footnotes_plugin_reference_row\"> <th scope=\"row\" class=\"footnote_plugin_index_combi pointer\"  onclick=\"footnote_moveToAnchor_62139_1('footnote_plugin_tooltip_62139_1_1');\"><a id=\"footnote_plugin_reference_62139_1_1\" class=\"footnote_backlink\">1<\/a><\/th> <td class=\"footnote_plugin_text\">Bouena Sarfatty Garfinkle (1916\u20131997), nacida en Sal\u00f3nica, era una partidoria griega durante la Segunda Guerra Mundial. Sus memorias y sus selecciones de canciones, de proverbios y versos est\u00e1n preciosos documentos sobre la vida jud\u00eda en Sal\u00f3nica. Ella y su marido emigraron en Canad\u00e1 en 1947.<\/td><\/tr>\r\n\r\n <\/tbody> <\/table> <\/div><\/div><script type=\"text\/javascript\"> function footnote_expand_reference_container_62139_1() { jQuery('#footnote_references_container_62139_1').show(); jQuery('#footnote_reference_container_collapse_button_62139_1').text('\u2212'); } function footnote_collapse_reference_container_62139_1() { jQuery('#footnote_references_container_62139_1').hide(); jQuery('#footnote_reference_container_collapse_button_62139_1').text('+'); } function footnote_expand_collapse_reference_container_62139_1() { if (jQuery('#footnote_references_container_62139_1').is(':hidden')) { footnote_expand_reference_container_62139_1(); } else { footnote_collapse_reference_container_62139_1(); } } function footnote_moveToReference_62139_1(p_str_TargetID) { footnote_expand_reference_container_62139_1(); var l_obj_Target = jQuery('#' + p_str_TargetID); if (l_obj_Target.length) { jQuery( 'html, body' ).delay( 0 ); jQuery('html, body').animate({ scrollTop: l_obj_Target.offset().top - window.innerHeight * 0.2 }, 380); } } function footnote_moveToAnchor_62139_1(p_str_TargetID) { footnote_expand_reference_container_62139_1(); var l_obj_Target = jQuery('#' + p_str_TargetID); if (l_obj_Target.length) { jQuery( 'html, body' ).delay( 0 ); jQuery('html, body').animate({ scrollTop: l_obj_Target.offset().top - window.innerHeight * 0.2 }, 380); } }<\/script>","protected":false},"excerpt":{"rendered":"<p>Homenaje por Judith Cohen Solly L\u00e9vy naci\u00f3 en T\u00e1nger (Marruecos) el 1ero de noviembre de 1939. Emigr\u00f3 a Canad\u00e1 con su esposa, Madeleine, y sus dos hijos, Claire y Eddy,<\/p>\n","protected":false},"author":1045,"featured_media":52093,"comment_status":"closed","ping_status":"closed","sticky":false,"template":"","format":"standard","meta":{"_acf_changed":false,"footnotes":""},"categories":[1417],"tags":[],"technique":[],"squelettes":[],"sujet":[],"formation":[],"genre":[1889],"fonds":[],"tradition":[],"type-de-contenu":[],"interprete-compositeur":[],"frise":[],"type-devenement":[],"tableaux-liens-externes":[],"class_list":["post-62139","post","type-post","status-publish","format-standard","has-post-thumbnail","hentry","category-biografias-es","genre-judeo-espanol-es"],"acf":[],"yoast_head":"<!-- This site is optimized with the Yoast SEO plugin v27.3 - https:\/\/yoast.com\/product\/yoast-seo-wordpress\/ -->\n<title>L\u00e9vy, Solly (1939-2020) - Institut Europ\u00e9en des Musiques Juives<\/title>\n<meta name=\"robots\" content=\"index, follow, max-snippet:-1, max-image-preview:large, max-video-preview:-1\" \/>\n<link rel=\"canonical\" href=\"https:\/\/www.iemj.org\/es\/levy-solly-1939-2020\/\" \/>\n<meta property=\"og:locale\" content=\"es_ES\" \/>\n<meta property=\"og:type\" content=\"article\" \/>\n<meta property=\"og:title\" content=\"L\u00e9vy, Solly (1939-2020) - Institut Europ\u00e9en des Musiques Juives\" \/>\n<meta property=\"og:description\" content=\"Homenaje por Judith Cohen Solly L\u00e9vy naci\u00f3 en T\u00e1nger (Marruecos) el 1ero de noviembre de 1939. Emigr\u00f3 a Canad\u00e1 con su esposa, Madeleine, y sus dos hijos, Claire y Eddy,\" \/>\n<meta property=\"og:url\" content=\"https:\/\/www.iemj.org\/es\/levy-solly-1939-2020\/\" \/>\n<meta property=\"og:site_name\" content=\"Institut Europ\u00e9en des Musiques Juives\" \/>\n<meta property=\"article:publisher\" content=\"https:\/\/www.facebook.com\/MusiquesJuives\/\" \/>\n<meta property=\"article:published_time\" content=\"2020-04-26T10:52:21+00:00\" \/>\n<meta property=\"article:modified_time\" content=\"2025-11-07T09:34:52+00:00\" \/>\n<meta property=\"og:image\" content=\"https:\/\/www.iemj.org\/wp-content\/uploads\/2020\/04\/arton4700-e1625056313668.jpg\" \/>\n\t<meta property=\"og:image:width\" content=\"166\" \/>\n\t<meta property=\"og:image:height\" content=\"218\" \/>\n\t<meta property=\"og:image:type\" content=\"image\/jpeg\" \/>\n<meta name=\"author\" content=\"Herv\u00e9 Roten\" \/>\n<meta name=\"twitter:card\" content=\"summary_large_image\" \/>\n<meta name=\"twitter:label1\" content=\"Escrito por\" \/>\n\t<meta name=\"twitter:data1\" content=\"Herv\u00e9 Roten\" \/>\n\t<meta name=\"twitter:label2\" content=\"Tiempo de lectura\" \/>\n\t<meta name=\"twitter:data2\" content=\"8 minutos\" \/>\n<script type=\"application\/ld+json\" class=\"yoast-schema-graph\">{\"@context\":\"https:\\\/\\\/schema.org\",\"@graph\":[{\"@type\":\"Article\",\"@id\":\"https:\\\/\\\/www.iemj.org\\\/es\\\/levy-solly-1939-2020\\\/#article\",\"isPartOf\":{\"@id\":\"https:\\\/\\\/www.iemj.org\\\/es\\\/levy-solly-1939-2020\\\/\"},\"author\":{\"name\":\"Herv\u00e9 Roten\",\"@id\":\"https:\\\/\\\/www.iemj.org\\\/es\\\/#\\\/schema\\\/person\\\/906134402c29d5c76e7b726261dd4bbd\"},\"headline\":\"L\u00e9vy, Solly (1939-2020)\",\"datePublished\":\"2020-04-26T10:52:21+00:00\",\"dateModified\":\"2025-11-07T09:34:52+00:00\",\"mainEntityOfPage\":{\"@id\":\"https:\\\/\\\/www.iemj.org\\\/es\\\/levy-solly-1939-2020\\\/\"},\"wordCount\":1367,\"publisher\":{\"@id\":\"https:\\\/\\\/www.iemj.org\\\/es\\\/#organization\"},\"image\":{\"@id\":\"https:\\\/\\\/www.iemj.org\\\/es\\\/levy-solly-1939-2020\\\/#primaryimage\"},\"thumbnailUrl\":\"https:\\\/\\\/www.iemj.org\\\/wp-content\\\/uploads\\\/2020\\\/04\\\/arton4700-e1625056313668.jpg\",\"articleSection\":[\"Biograf\u00edas\"],\"inLanguage\":\"es\"},{\"@type\":\"WebPage\",\"@id\":\"https:\\\/\\\/www.iemj.org\\\/es\\\/levy-solly-1939-2020\\\/\",\"url\":\"https:\\\/\\\/www.iemj.org\\\/es\\\/levy-solly-1939-2020\\\/\",\"name\":\"L\u00e9vy, Solly (1939-2020) - Institut Europ\u00e9en des Musiques Juives\",\"isPartOf\":{\"@id\":\"https:\\\/\\\/www.iemj.org\\\/es\\\/#website\"},\"primaryImageOfPage\":{\"@id\":\"https:\\\/\\\/www.iemj.org\\\/es\\\/levy-solly-1939-2020\\\/#primaryimage\"},\"image\":{\"@id\":\"https:\\\/\\\/www.iemj.org\\\/es\\\/levy-solly-1939-2020\\\/#primaryimage\"},\"thumbnailUrl\":\"https:\\\/\\\/www.iemj.org\\\/wp-content\\\/uploads\\\/2020\\\/04\\\/arton4700-e1625056313668.jpg\",\"datePublished\":\"2020-04-26T10:52:21+00:00\",\"dateModified\":\"2025-11-07T09:34:52+00:00\",\"breadcrumb\":{\"@id\":\"https:\\\/\\\/www.iemj.org\\\/es\\\/levy-solly-1939-2020\\\/#breadcrumb\"},\"inLanguage\":\"es\",\"potentialAction\":[{\"@type\":\"ReadAction\",\"target\":[\"https:\\\/\\\/www.iemj.org\\\/es\\\/levy-solly-1939-2020\\\/\"]}]},{\"@type\":\"ImageObject\",\"inLanguage\":\"es\",\"@id\":\"https:\\\/\\\/www.iemj.org\\\/es\\\/levy-solly-1939-2020\\\/#primaryimage\",\"url\":\"https:\\\/\\\/www.iemj.org\\\/wp-content\\\/uploads\\\/2020\\\/04\\\/arton4700-e1625056313668.jpg\",\"contentUrl\":\"https:\\\/\\\/www.iemj.org\\\/wp-content\\\/uploads\\\/2020\\\/04\\\/arton4700-e1625056313668.jpg\",\"width\":166,\"height\":218},{\"@type\":\"BreadcrumbList\",\"@id\":\"https:\\\/\\\/www.iemj.org\\\/es\\\/levy-solly-1939-2020\\\/#breadcrumb\",\"itemListElement\":[{\"@type\":\"ListItem\",\"position\":1,\"name\":\"Accueil\",\"item\":\"https:\\\/\\\/www.iemj.org\\\/es\\\/\"},{\"@type\":\"ListItem\",\"position\":2,\"name\":\"L\u00e9vy, Solly (1939-2020)\"}]},{\"@type\":\"WebSite\",\"@id\":\"https:\\\/\\\/www.iemj.org\\\/es\\\/#website\",\"url\":\"https:\\\/\\\/www.iemj.org\\\/es\\\/\",\"name\":\"Institut Europ\u00e9en des Musiques Juives\",\"description\":\"Des traditions musicales \u00e0 la port\u00e9e de tous\",\"publisher\":{\"@id\":\"https:\\\/\\\/www.iemj.org\\\/es\\\/#organization\"},\"potentialAction\":[{\"@type\":\"SearchAction\",\"target\":{\"@type\":\"EntryPoint\",\"urlTemplate\":\"https:\\\/\\\/www.iemj.org\\\/es\\\/?s={search_term_string}\"},\"query-input\":{\"@type\":\"PropertyValueSpecification\",\"valueRequired\":true,\"valueName\":\"search_term_string\"}}],\"inLanguage\":\"es\"},{\"@type\":\"Organization\",\"@id\":\"https:\\\/\\\/www.iemj.org\\\/es\\\/#organization\",\"name\":\"Institut Europ\u00e9en des Musiques Juives\",\"url\":\"https:\\\/\\\/www.iemj.org\\\/es\\\/\",\"logo\":{\"@type\":\"ImageObject\",\"inLanguage\":\"es\",\"@id\":\"https:\\\/\\\/www.iemj.org\\\/es\\\/#\\\/schema\\\/logo\\\/image\\\/\",\"url\":\"https:\\\/\\\/www.iemj.org\\\/wp-content\\\/uploads\\\/2021\\\/09\\\/Logo-IEMJ-Paypal.jpg\",\"contentUrl\":\"https:\\\/\\\/www.iemj.org\\\/wp-content\\\/uploads\\\/2021\\\/09\\\/Logo-IEMJ-Paypal.jpg\",\"width\":150,\"height\":50,\"caption\":\"Institut Europ\u00e9en des Musiques Juives\"},\"image\":{\"@id\":\"https:\\\/\\\/www.iemj.org\\\/es\\\/#\\\/schema\\\/logo\\\/image\\\/\"},\"sameAs\":[\"https:\\\/\\\/www.facebook.com\\\/MusiquesJuives\\\/\",\"https:\\\/\\\/www.instagram.com\\\/musiquesjuives\\\/\",\"https:\\\/\\\/www.youtube.com\\\/user\\\/musiquesjuives\"]},{\"@type\":\"Person\",\"@id\":\"https:\\\/\\\/www.iemj.org\\\/es\\\/#\\\/schema\\\/person\\\/906134402c29d5c76e7b726261dd4bbd\",\"name\":\"Herv\u00e9 Roten\",\"image\":{\"@type\":\"ImageObject\",\"inLanguage\":\"es\",\"@id\":\"https:\\\/\\\/secure.gravatar.com\\\/avatar\\\/f96ad2db538a26481f18384936b5cd0610c92d390c4dc382209216d455f685ff?s=96&d=mm&r=g\",\"url\":\"https:\\\/\\\/secure.gravatar.com\\\/avatar\\\/f96ad2db538a26481f18384936b5cd0610c92d390c4dc382209216d455f685ff?s=96&d=mm&r=g\",\"contentUrl\":\"https:\\\/\\\/secure.gravatar.com\\\/avatar\\\/f96ad2db538a26481f18384936b5cd0610c92d390c4dc382209216d455f685ff?s=96&d=mm&r=g\",\"caption\":\"Herv\u00e9 Roten\"}}]}<\/script>\n<!-- \/ Yoast SEO plugin. -->","yoast_head_json":{"title":"L\u00e9vy, Solly (1939-2020) - Institut Europ\u00e9en des Musiques Juives","robots":{"index":"index","follow":"follow","max-snippet":"max-snippet:-1","max-image-preview":"max-image-preview:large","max-video-preview":"max-video-preview:-1"},"canonical":"https:\/\/www.iemj.org\/es\/levy-solly-1939-2020\/","og_locale":"es_ES","og_type":"article","og_title":"L\u00e9vy, Solly (1939-2020) - Institut Europ\u00e9en des Musiques Juives","og_description":"Homenaje por Judith Cohen Solly L\u00e9vy naci\u00f3 en T\u00e1nger (Marruecos) el 1ero de noviembre de 1939. Emigr\u00f3 a Canad\u00e1 con su esposa, Madeleine, y sus dos hijos, Claire y Eddy,","og_url":"https:\/\/www.iemj.org\/es\/levy-solly-1939-2020\/","og_site_name":"Institut Europ\u00e9en des Musiques Juives","article_publisher":"https:\/\/www.facebook.com\/MusiquesJuives\/","article_published_time":"2020-04-26T10:52:21+00:00","article_modified_time":"2025-11-07T09:34:52+00:00","og_image":[{"width":166,"height":218,"url":"https:\/\/www.iemj.org\/wp-content\/uploads\/2020\/04\/arton4700-e1625056313668.jpg","type":"image\/jpeg"}],"author":"Herv\u00e9 Roten","twitter_card":"summary_large_image","twitter_misc":{"Escrito por":"Herv\u00e9 Roten","Tiempo de lectura":"8 minutos"},"schema":{"@context":"https:\/\/schema.org","@graph":[{"@type":"Article","@id":"https:\/\/www.iemj.org\/es\/levy-solly-1939-2020\/#article","isPartOf":{"@id":"https:\/\/www.iemj.org\/es\/levy-solly-1939-2020\/"},"author":{"name":"Herv\u00e9 Roten","@id":"https:\/\/www.iemj.org\/es\/#\/schema\/person\/906134402c29d5c76e7b726261dd4bbd"},"headline":"L\u00e9vy, Solly (1939-2020)","datePublished":"2020-04-26T10:52:21+00:00","dateModified":"2025-11-07T09:34:52+00:00","mainEntityOfPage":{"@id":"https:\/\/www.iemj.org\/es\/levy-solly-1939-2020\/"},"wordCount":1367,"publisher":{"@id":"https:\/\/www.iemj.org\/es\/#organization"},"image":{"@id":"https:\/\/www.iemj.org\/es\/levy-solly-1939-2020\/#primaryimage"},"thumbnailUrl":"https:\/\/www.iemj.org\/wp-content\/uploads\/2020\/04\/arton4700-e1625056313668.jpg","articleSection":["Biograf\u00edas"],"inLanguage":"es"},{"@type":"WebPage","@id":"https:\/\/www.iemj.org\/es\/levy-solly-1939-2020\/","url":"https:\/\/www.iemj.org\/es\/levy-solly-1939-2020\/","name":"L\u00e9vy, Solly (1939-2020) - Institut Europ\u00e9en des Musiques Juives","isPartOf":{"@id":"https:\/\/www.iemj.org\/es\/#website"},"primaryImageOfPage":{"@id":"https:\/\/www.iemj.org\/es\/levy-solly-1939-2020\/#primaryimage"},"image":{"@id":"https:\/\/www.iemj.org\/es\/levy-solly-1939-2020\/#primaryimage"},"thumbnailUrl":"https:\/\/www.iemj.org\/wp-content\/uploads\/2020\/04\/arton4700-e1625056313668.jpg","datePublished":"2020-04-26T10:52:21+00:00","dateModified":"2025-11-07T09:34:52+00:00","breadcrumb":{"@id":"https:\/\/www.iemj.org\/es\/levy-solly-1939-2020\/#breadcrumb"},"inLanguage":"es","potentialAction":[{"@type":"ReadAction","target":["https:\/\/www.iemj.org\/es\/levy-solly-1939-2020\/"]}]},{"@type":"ImageObject","inLanguage":"es","@id":"https:\/\/www.iemj.org\/es\/levy-solly-1939-2020\/#primaryimage","url":"https:\/\/www.iemj.org\/wp-content\/uploads\/2020\/04\/arton4700-e1625056313668.jpg","contentUrl":"https:\/\/www.iemj.org\/wp-content\/uploads\/2020\/04\/arton4700-e1625056313668.jpg","width":166,"height":218},{"@type":"BreadcrumbList","@id":"https:\/\/www.iemj.org\/es\/levy-solly-1939-2020\/#breadcrumb","itemListElement":[{"@type":"ListItem","position":1,"name":"Accueil","item":"https:\/\/www.iemj.org\/es\/"},{"@type":"ListItem","position":2,"name":"L\u00e9vy, Solly (1939-2020)"}]},{"@type":"WebSite","@id":"https:\/\/www.iemj.org\/es\/#website","url":"https:\/\/www.iemj.org\/es\/","name":"Institut Europ\u00e9en des Musiques Juives","description":"Des traditions musicales \u00e0 la port\u00e9e de tous","publisher":{"@id":"https:\/\/www.iemj.org\/es\/#organization"},"potentialAction":[{"@type":"SearchAction","target":{"@type":"EntryPoint","urlTemplate":"https:\/\/www.iemj.org\/es\/?s={search_term_string}"},"query-input":{"@type":"PropertyValueSpecification","valueRequired":true,"valueName":"search_term_string"}}],"inLanguage":"es"},{"@type":"Organization","@id":"https:\/\/www.iemj.org\/es\/#organization","name":"Institut Europ\u00e9en des Musiques Juives","url":"https:\/\/www.iemj.org\/es\/","logo":{"@type":"ImageObject","inLanguage":"es","@id":"https:\/\/www.iemj.org\/es\/#\/schema\/logo\/image\/","url":"https:\/\/www.iemj.org\/wp-content\/uploads\/2021\/09\/Logo-IEMJ-Paypal.jpg","contentUrl":"https:\/\/www.iemj.org\/wp-content\/uploads\/2021\/09\/Logo-IEMJ-Paypal.jpg","width":150,"height":50,"caption":"Institut Europ\u00e9en des Musiques Juives"},"image":{"@id":"https:\/\/www.iemj.org\/es\/#\/schema\/logo\/image\/"},"sameAs":["https:\/\/www.facebook.com\/MusiquesJuives\/","https:\/\/www.instagram.com\/musiquesjuives\/","https:\/\/www.youtube.com\/user\/musiquesjuives"]},{"@type":"Person","@id":"https:\/\/www.iemj.org\/es\/#\/schema\/person\/906134402c29d5c76e7b726261dd4bbd","name":"Herv\u00e9 Roten","image":{"@type":"ImageObject","inLanguage":"es","@id":"https:\/\/secure.gravatar.com\/avatar\/f96ad2db538a26481f18384936b5cd0610c92d390c4dc382209216d455f685ff?s=96&d=mm&r=g","url":"https:\/\/secure.gravatar.com\/avatar\/f96ad2db538a26481f18384936b5cd0610c92d390c4dc382209216d455f685ff?s=96&d=mm&r=g","contentUrl":"https:\/\/secure.gravatar.com\/avatar\/f96ad2db538a26481f18384936b5cd0610c92d390c4dc382209216d455f685ff?s=96&d=mm&r=g","caption":"Herv\u00e9 Roten"}}]}},"_links":{"self":[{"href":"https:\/\/www.iemj.org\/es\/wp-json\/wp\/v2\/posts\/62139","targetHints":{"allow":["GET"]}}],"collection":[{"href":"https:\/\/www.iemj.org\/es\/wp-json\/wp\/v2\/posts"}],"about":[{"href":"https:\/\/www.iemj.org\/es\/wp-json\/wp\/v2\/types\/post"}],"author":[{"embeddable":true,"href":"https:\/\/www.iemj.org\/es\/wp-json\/wp\/v2\/users\/1045"}],"replies":[{"embeddable":true,"href":"https:\/\/www.iemj.org\/es\/wp-json\/wp\/v2\/comments?post=62139"}],"version-history":[{"count":1,"href":"https:\/\/www.iemj.org\/es\/wp-json\/wp\/v2\/posts\/62139\/revisions"}],"predecessor-version":[{"id":127983,"href":"https:\/\/www.iemj.org\/es\/wp-json\/wp\/v2\/posts\/62139\/revisions\/127983"}],"wp:featuredmedia":[{"embeddable":true,"href":"https:\/\/www.iemj.org\/es\/wp-json\/wp\/v2\/media\/52093"}],"wp:attachment":[{"href":"https:\/\/www.iemj.org\/es\/wp-json\/wp\/v2\/media?parent=62139"}],"wp:term":[{"taxonomy":"category","embeddable":true,"href":"https:\/\/www.iemj.org\/es\/wp-json\/wp\/v2\/categories?post=62139"},{"taxonomy":"post_tag","embeddable":true,"href":"https:\/\/www.iemj.org\/es\/wp-json\/wp\/v2\/tags?post=62139"},{"taxonomy":"technique","embeddable":true,"href":"https:\/\/www.iemj.org\/es\/wp-json\/wp\/v2\/technique?post=62139"},{"taxonomy":"squelettes","embeddable":true,"href":"https:\/\/www.iemj.org\/es\/wp-json\/wp\/v2\/squelettes?post=62139"},{"taxonomy":"sujet","embeddable":true,"href":"https:\/\/www.iemj.org\/es\/wp-json\/wp\/v2\/sujet?post=62139"},{"taxonomy":"formation","embeddable":true,"href":"https:\/\/www.iemj.org\/es\/wp-json\/wp\/v2\/formation?post=62139"},{"taxonomy":"genre","embeddable":true,"href":"https:\/\/www.iemj.org\/es\/wp-json\/wp\/v2\/genre?post=62139"},{"taxonomy":"fonds","embeddable":true,"href":"https:\/\/www.iemj.org\/es\/wp-json\/wp\/v2\/fonds?post=62139"},{"taxonomy":"tradition","embeddable":true,"href":"https:\/\/www.iemj.org\/es\/wp-json\/wp\/v2\/tradition?post=62139"},{"taxonomy":"type-de-contenu","embeddable":true,"href":"https:\/\/www.iemj.org\/es\/wp-json\/wp\/v2\/type-de-contenu?post=62139"},{"taxonomy":"interprete-compositeur","embeddable":true,"href":"https:\/\/www.iemj.org\/es\/wp-json\/wp\/v2\/interprete-compositeur?post=62139"},{"taxonomy":"frise","embeddable":true,"href":"https:\/\/www.iemj.org\/es\/wp-json\/wp\/v2\/frise?post=62139"},{"taxonomy":"type-devenement","embeddable":true,"href":"https:\/\/www.iemj.org\/es\/wp-json\/wp\/v2\/type-devenement?post=62139"},{"taxonomy":"tableaux-liens-externes","embeddable":true,"href":"https:\/\/www.iemj.org\/es\/wp-json\/wp\/v2\/tableaux-liens-externes?post=62139"}],"curies":[{"name":"wp","href":"https:\/\/api.w.org\/{rel}","templated":true}]}}