{"id":62612,"date":"2020-05-14T17:05:00","date_gmt":"2020-05-14T15:05:00","guid":{"rendered":"https:\/\/www.iemj.org\/yom-yeroushalayim\/"},"modified":"2024-05-27T15:12:09","modified_gmt":"2024-05-27T13:12:09","slug":"yom-yeroushalayim","status":"publish","type":"post","link":"https:\/\/www.iemj.org\/es\/yom-yeroushalayim\/","title":{"rendered":"Yom Yerushalayim"},"content":{"rendered":"<p><strong style=\"font-size: revert; color: initial;\">Jerusal\u00e9n, la ciudad del rey David, ha inspirado muchas canciones de cantantes israel\u00edes, desde Naomi Shemer hasta Shoshana Damari, sin olvidar a Yehoram Gaon y los Parvarim&#8230;<\/strong><\/p>\n<p><!--more--><\/p>\n<p>Yom Yeroushalayim (hebreo: \u05d9\u05d5\u05dd \u05d9\u05e8\u05d5\u05e9\u05dc\u05d9\u05dd \u00abD\u00eda de Jerusal\u00e9n\u00bb) celebra la reunificaci\u00f3n de Jerusal\u00e9n (con referencia al vers\u00edculo Salmo 122:3 \u05d9\u05b0\u05e8\u05d5\u05bc\u05e9\u05b8\u05c1\u05dc\u05b4\u05b7\u05dd \u05d4\u05b7\u05d1\u05b0\u05bc\u05e0\u05d5\u05bc\u05d9\u05b8\u05d4 \u05db\u05b0\u05bc\u05e2\u05b4\u05d9\u05e8 \u05e9\u05b6\u05c1\u05d7\u05bb\u05d1\u05b0\u05bc\u05e8\u05b8\u05d4 \u05dc\u05b8\u05bc\u05d4\u05bc \u05d9\u05b7\u05d7\u05b0\u05d3\u05b8\u05bc\u05d5.) despu\u00e9s de la conquista de la parte Este de la ciudad por el ej\u00e9rcito israel\u00ed durante la guerra de los Seis D\u00edas, el mi\u00e9rcoles 7 de junio de 1967 (28 lyar 5727).<\/p>\n<p>El 12 de mayo de 1968, el gobierno israel\u00ed proclama el 28 lyar como un d\u00eda festivo como \u00abD\u00eda de Jerusal\u00e9n\u00bb. El 23 de marzo de 1998, la Kn\u00e9set decidi\u00f3 hacer de este d\u00eda una fiesta nacional que da lugar a ceremonias conmemorativas o felices con numerosos conciertos al aire libre.<\/p>\n<p>La liberaci\u00f3n de Jerusal\u00e9n, y el hecho de poder de acceder de nuevo libremente a la pared occidental del Templo, el Kotel, ha inspirado de numerosas canciones a los artistas israel\u00edes, del mismo modo que la famosa canci\u00f3n <a href=\"https:\/\/www.iemj.org\/es\/yeroushalayim-shel-zahav-jerusalem-dor\/\" target=\"_blank\" rel=\"noopener\">Yerushalayim shel zahav (Jerusal\u00e9n de oro)<\/a>, compuesta por Naomi Shemer y interpretada por Shuli Natan a la v\u00edspera de la guerra de los S\u00e9is dias.<\/p>\n<p><strong>Fuente :<\/strong> <a href=\"https:\/\/es.wikipedia.org\/wiki\/Yom_Yerushalayim\" target=\"_blank\" rel=\"noopener\">Wikipedia<\/a><\/p>\n<p><a href=\"https:\/\/www.iemj.org\/es\/yeroushalayim-shel-zahav-jerusalem-dor\/\" target=\"_blank\" rel=\"noopener\">Consultar el articulo de fondo sobre la canci\u00f3n <em>Yeroushalayim shel zahav<\/em>.<\/a><\/p>\n\n\n<figure class=\"wp-block-gallery columns-2 is-cropped wp-block-gallery-1 is-layout-flex wp-block-gallery-is-layout-flex\"><ul class=\"blocks-gallery-grid\"><li class=\"blocks-gallery-item\"><figure><img fetchpriority=\"high\" decoding=\"async\" width=\"450\" height=\"290\" src=\"https:\/\/www.iemj.org\/wp-content\/uploads\/2021\/04\/Jerusalem-tombeau-de-David_450px-larg-1.jpg\" alt=\"\" data-id=\"34816\" data-link=\"https:\/\/www.iemj.org\/yom-yeroushalayim\/jerusalem-tombeau-de-david_450px-larg-1\/\" class=\"wp-image-62707\" srcset=\"https:\/\/www.iemj.org\/wp-content\/uploads\/2021\/04\/Jerusalem-tombeau-de-David_450px-larg-1.jpg 450w, https:\/\/www.iemj.org\/wp-content\/uploads\/2021\/04\/Jerusalem-tombeau-de-David_450px-larg-1-300x193.jpg 300w\" sizes=\"(max-width: 450px) 100vw, 450px\" \/><\/figure><\/li><li class=\"blocks-gallery-item\"><figure><img decoding=\"async\" width=\"300\" height=\"209\" src=\"https:\/\/www.iemj.org\/wp-content\/uploads\/2021\/04\/Soldats-au-pied-du-kotel-libere_300px-larg.jpg\" alt=\"\" data-id=\"34818\" data-full-url=\"https:\/\/www.iemj.org\/wp-content\/uploads\/2021\/04\/Soldats-au-pied-du-kotel-libere_300px-larg.jpg\" data-link=\"https:\/\/www.iemj.org\/yom-yeroushalayim\/soldats-au-pied-du-kotel-libere_300px-larg\/\" class=\"wp-image-62708\"\/><\/figure><\/li><\/ul><\/figure>\n\n\n<div class=\"wp-block-image\">\n<figure class=\"aligncenter size-large\"><img decoding=\"async\" width=\"1024\" height=\"133\" src=\"https:\/\/www.iemj.org\/wp-content\/uploads\/2024\/03\/AUDIO-PLAYER-1024x133.png\" alt=\"\" class=\"wp-image-110610\" srcset=\"https:\/\/www.iemj.org\/wp-content\/uploads\/2024\/03\/AUDIO-PLAYER-1024x133.png 1024w, https:\/\/www.iemj.org\/wp-content\/uploads\/2024\/03\/AUDIO-PLAYER-300x39.png 300w, https:\/\/www.iemj.org\/wp-content\/uploads\/2024\/03\/AUDIO-PLAYER-768x100.png 768w, https:\/\/www.iemj.org\/wp-content\/uploads\/2024\/03\/AUDIO-PLAYER-600x78.png 600w, https:\/\/www.iemj.org\/wp-content\/uploads\/2024\/03\/AUDIO-PLAYER.png 1210w\" sizes=\"(max-width: 1024px) 100vw, 1024px\" \/><\/figure>\n<\/div>\n\n\n<div class=\"wp-block-file\"><a href=\"https:\/\/www.iemj.org\/wp-content\/uploads\/2020\/05\/01_yerushalayim-shel-zahav-ofra-haza.mp3\">Yerushalayim shel zahav &#8211; Ofra Haza<\/a><\/div>\n\n\n\n<div class=\"wp-block-file\"><a href=\"https:\/\/www.iemj.org\/wp-content\/uploads\/2020\/05\/02_im_eshkahekh_yerushalayim-ben_snof.mp3\">Im eshkahekh yerushalayim &#8211; Ben Snof<\/a><\/div>\n\n\n\n<div class=\"wp-block-file\"><a href=\"https:\/\/www.iemj.org\/wp-content\/uploads\/2020\/05\/03_shouvi_bat_yerushalayim_shoshana-damari.mp3\">Shuvi Bat Yerushalayim &#8211; Shoshana Damari<\/a><\/div>\n\n\n\n<div class=\"wp-block-file\"><a href=\"https:\/\/www.iemj.org\/wp-content\/uploads\/2020\/05\/04_or_viyerushalayim_haparvarim_groupe_.mp3\">Or Viyerushalayim &#8211; Haparvarim<\/a><\/div>\n\n\n\n<div class=\"wp-block-file\"><a href=\"https:\/\/www.iemj.org\/wp-content\/uploads\/2020\/05\/05_guivat_hatahmoshet_lahakat_pikoud_merkaz.mp3\">Givat Hatahmoshet &#8211; Lahakat Pikoud Merkaz<\/a><\/div>\n\n\n\n<div class=\"wp-block-file\"><a href=\"https:\/\/www.iemj.org\/wp-content\/uploads\/2020\/05\/06_shabehi_yerushalayim_avihou_medina.mp3\">Shabehi Yerushalayim &#8211; Avihou Medina<\/a><\/div>\n\n\n\n<div class=\"wp-block-file\"><a href=\"https:\/\/www.iemj.org\/wp-content\/uploads\/2020\/05\/07_sissou_et_yerushalayim_tsemed_darom_groupe_.mp3\">Sissu Et Yerushalayim &#8211; Tsemed Darom<\/a><\/div>\n\n\n\n<div class=\"wp-block-file\"><a href=\"https:\/\/www.iemj.org\/wp-content\/uploads\/2020\/05\/08_y_varekhekha_hachem_mitsiyone_shlomo_artsi.mp3\">Yevarekhekha Hachem Mitsiyone &#8211; Shlomo Artsi<\/a><\/div>\n\n\n\n<div class=\"wp-block-file\"><a href=\"https:\/\/www.iemj.org\/wp-content\/uploads\/2020\/05\/09_meal_pisgat_har_hatsofim_y_horam_gaon.mp3\">Meal Pisgat Har Hatsofim &#8211; Yehoram Gaon<\/a><\/div>\n\n\n\n<div class=\"wp-block-file\"><a href=\"https:\/\/www.iemj.org\/wp-content\/uploads\/2020\/05\/10_lib_ration_du_kotel_en_direct-_radio_kol_israel-1967_.mp3\">Lib\u00e9ration du Kotel en direct (Radio Kol Israel, 1967)<\/a><\/div>\n","protected":false},"excerpt":{"rendered":"<p>Jerusal\u00e9n, la ciudad del rey David, ha inspirado muchas canciones de cantantes israel\u00edes, desde Naomi Shemer hasta Shoshana Damari, sin olvidar a Yehoram Gaon y los Parvarim&#8230;<\/p>\n","protected":false},"author":1045,"featured_media":112376,"comment_status":"closed","ping_status":"closed","sticky":false,"template":"","format":"standard","meta":{"_acf_changed":false,"footnotes":""},"categories":[1535],"tags":[2086],"technique":[],"squelettes":[],"sujet":[],"formation":[],"genre":[1881],"fonds":[],"tradition":[],"type-de-contenu":[],"interprete-compositeur":[],"frise":[],"type-devenement":[],"tableaux-liens-externes":[],"class_list":["post-62612","post","type-post","status-publish","format-standard","has-post-thumbnail","hentry","category-listas-de-reproduccion-es","tag-israel-es","genre-cancion-israeli-es"],"acf":[],"yoast_head":"<!-- This site is optimized with the Yoast SEO plugin v27.3 - https:\/\/yoast.com\/product\/yoast-seo-wordpress\/ -->\n<title>Yom Yerushalayim - Institut Europ\u00e9en des Musiques Juives<\/title>\n<meta name=\"robots\" content=\"index, follow, max-snippet:-1, max-image-preview:large, max-video-preview:-1\" \/>\n<link rel=\"canonical\" href=\"https:\/\/www.iemj.org\/es\/yom-yeroushalayim\/\" \/>\n<meta property=\"og:locale\" content=\"es_ES\" \/>\n<meta property=\"og:type\" content=\"article\" \/>\n<meta property=\"og:title\" content=\"Yom Yerushalayim - Institut Europ\u00e9en des Musiques Juives\" \/>\n<meta property=\"og:description\" content=\"Jerusal\u00e9n, la ciudad del rey David, ha inspirado muchas canciones de cantantes israel\u00edes, desde Naomi Shemer hasta Shoshana Damari, sin olvidar a Yehoram Gaon y los Parvarim&#8230;\" \/>\n<meta property=\"og:url\" content=\"https:\/\/www.iemj.org\/es\/yom-yeroushalayim\/\" \/>\n<meta property=\"og:site_name\" content=\"Institut Europ\u00e9en des Musiques Juives\" \/>\n<meta property=\"article:publisher\" content=\"https:\/\/www.facebook.com\/MusiquesJuives\/\" \/>\n<meta property=\"article:published_time\" content=\"2020-05-14T15:05:00+00:00\" \/>\n<meta property=\"article:modified_time\" content=\"2024-05-27T13:12:09+00:00\" \/>\n<meta property=\"og:image\" content=\"https:\/\/www.iemj.org\/wp-content\/uploads\/2020\/05\/Yom-Yerushalayim_ok.jpg\" \/>\n\t<meta property=\"og:image:width\" content=\"500\" \/>\n\t<meta property=\"og:image:height\" content=\"500\" \/>\n\t<meta property=\"og:image:type\" content=\"image\/jpeg\" \/>\n<meta name=\"author\" content=\"Herv\u00e9 Roten\" \/>\n<meta name=\"twitter:card\" content=\"summary_large_image\" \/>\n<meta name=\"twitter:label1\" content=\"Escrito por\" \/>\n\t<meta name=\"twitter:data1\" content=\"Herv\u00e9 Roten\" \/>\n\t<meta name=\"twitter:label2\" content=\"Tiempo de lectura\" \/>\n\t<meta name=\"twitter:data2\" content=\"3 minutos\" \/>\n<script type=\"application\/ld+json\" class=\"yoast-schema-graph\">{\"@context\":\"https:\\\/\\\/schema.org\",\"@graph\":[{\"@type\":\"Article\",\"@id\":\"https:\\\/\\\/www.iemj.org\\\/es\\\/yom-yeroushalayim\\\/#article\",\"isPartOf\":{\"@id\":\"https:\\\/\\\/www.iemj.org\\\/es\\\/yom-yeroushalayim\\\/\"},\"author\":{\"name\":\"Herv\u00e9 Roten\",\"@id\":\"https:\\\/\\\/www.iemj.org\\\/es\\\/#\\\/schema\\\/person\\\/906134402c29d5c76e7b726261dd4bbd\"},\"headline\":\"Yom Yerushalayim\",\"datePublished\":\"2020-05-14T15:05:00+00:00\",\"dateModified\":\"2024-05-27T13:12:09+00:00\",\"mainEntityOfPage\":{\"@id\":\"https:\\\/\\\/www.iemj.org\\\/es\\\/yom-yeroushalayim\\\/\"},\"wordCount\":280,\"publisher\":{\"@id\":\"https:\\\/\\\/www.iemj.org\\\/es\\\/#organization\"},\"image\":{\"@id\":\"https:\\\/\\\/www.iemj.org\\\/es\\\/yom-yeroushalayim\\\/#primaryimage\"},\"thumbnailUrl\":\"https:\\\/\\\/www.iemj.org\\\/wp-content\\\/uploads\\\/2020\\\/05\\\/Yom-Yerushalayim_ok.jpg\",\"keywords\":[\"Israel\"],\"articleSection\":[\"Listas de reproducci\u00f3n\"],\"inLanguage\":\"es\"},{\"@type\":\"WebPage\",\"@id\":\"https:\\\/\\\/www.iemj.org\\\/es\\\/yom-yeroushalayim\\\/\",\"url\":\"https:\\\/\\\/www.iemj.org\\\/es\\\/yom-yeroushalayim\\\/\",\"name\":\"Yom Yerushalayim - Institut Europ\u00e9en des Musiques Juives\",\"isPartOf\":{\"@id\":\"https:\\\/\\\/www.iemj.org\\\/es\\\/#website\"},\"primaryImageOfPage\":{\"@id\":\"https:\\\/\\\/www.iemj.org\\\/es\\\/yom-yeroushalayim\\\/#primaryimage\"},\"image\":{\"@id\":\"https:\\\/\\\/www.iemj.org\\\/es\\\/yom-yeroushalayim\\\/#primaryimage\"},\"thumbnailUrl\":\"https:\\\/\\\/www.iemj.org\\\/wp-content\\\/uploads\\\/2020\\\/05\\\/Yom-Yerushalayim_ok.jpg\",\"datePublished\":\"2020-05-14T15:05:00+00:00\",\"dateModified\":\"2024-05-27T13:12:09+00:00\",\"breadcrumb\":{\"@id\":\"https:\\\/\\\/www.iemj.org\\\/es\\\/yom-yeroushalayim\\\/#breadcrumb\"},\"inLanguage\":\"es\",\"potentialAction\":[{\"@type\":\"ReadAction\",\"target\":[\"https:\\\/\\\/www.iemj.org\\\/es\\\/yom-yeroushalayim\\\/\"]}]},{\"@type\":\"ImageObject\",\"inLanguage\":\"es\",\"@id\":\"https:\\\/\\\/www.iemj.org\\\/es\\\/yom-yeroushalayim\\\/#primaryimage\",\"url\":\"https:\\\/\\\/www.iemj.org\\\/wp-content\\\/uploads\\\/2020\\\/05\\\/Yom-Yerushalayim_ok.jpg\",\"contentUrl\":\"https:\\\/\\\/www.iemj.org\\\/wp-content\\\/uploads\\\/2020\\\/05\\\/Yom-Yerushalayim_ok.jpg\",\"width\":500,\"height\":500},{\"@type\":\"BreadcrumbList\",\"@id\":\"https:\\\/\\\/www.iemj.org\\\/es\\\/yom-yeroushalayim\\\/#breadcrumb\",\"itemListElement\":[{\"@type\":\"ListItem\",\"position\":1,\"name\":\"Accueil\",\"item\":\"https:\\\/\\\/www.iemj.org\\\/es\\\/\"},{\"@type\":\"ListItem\",\"position\":2,\"name\":\"Yom Yerushalayim\"}]},{\"@type\":\"WebSite\",\"@id\":\"https:\\\/\\\/www.iemj.org\\\/es\\\/#website\",\"url\":\"https:\\\/\\\/www.iemj.org\\\/es\\\/\",\"name\":\"Institut Europ\u00e9en des Musiques Juives\",\"description\":\"Des traditions musicales \u00e0 la port\u00e9e de tous\",\"publisher\":{\"@id\":\"https:\\\/\\\/www.iemj.org\\\/es\\\/#organization\"},\"potentialAction\":[{\"@type\":\"SearchAction\",\"target\":{\"@type\":\"EntryPoint\",\"urlTemplate\":\"https:\\\/\\\/www.iemj.org\\\/es\\\/?s={search_term_string}\"},\"query-input\":{\"@type\":\"PropertyValueSpecification\",\"valueRequired\":true,\"valueName\":\"search_term_string\"}}],\"inLanguage\":\"es\"},{\"@type\":\"Organization\",\"@id\":\"https:\\\/\\\/www.iemj.org\\\/es\\\/#organization\",\"name\":\"Institut Europ\u00e9en des Musiques Juives\",\"url\":\"https:\\\/\\\/www.iemj.org\\\/es\\\/\",\"logo\":{\"@type\":\"ImageObject\",\"inLanguage\":\"es\",\"@id\":\"https:\\\/\\\/www.iemj.org\\\/es\\\/#\\\/schema\\\/logo\\\/image\\\/\",\"url\":\"https:\\\/\\\/www.iemj.org\\\/wp-content\\\/uploads\\\/2021\\\/09\\\/Logo-IEMJ-Paypal.jpg\",\"contentUrl\":\"https:\\\/\\\/www.iemj.org\\\/wp-content\\\/uploads\\\/2021\\\/09\\\/Logo-IEMJ-Paypal.jpg\",\"width\":150,\"height\":50,\"caption\":\"Institut Europ\u00e9en des Musiques Juives\"},\"image\":{\"@id\":\"https:\\\/\\\/www.iemj.org\\\/es\\\/#\\\/schema\\\/logo\\\/image\\\/\"},\"sameAs\":[\"https:\\\/\\\/www.facebook.com\\\/MusiquesJuives\\\/\",\"https:\\\/\\\/www.instagram.com\\\/musiquesjuives\\\/\",\"https:\\\/\\\/www.youtube.com\\\/user\\\/musiquesjuives\"]},{\"@type\":\"Person\",\"@id\":\"https:\\\/\\\/www.iemj.org\\\/es\\\/#\\\/schema\\\/person\\\/906134402c29d5c76e7b726261dd4bbd\",\"name\":\"Herv\u00e9 Roten\",\"image\":{\"@type\":\"ImageObject\",\"inLanguage\":\"es\",\"@id\":\"https:\\\/\\\/secure.gravatar.com\\\/avatar\\\/f96ad2db538a26481f18384936b5cd0610c92d390c4dc382209216d455f685ff?s=96&d=mm&r=g\",\"url\":\"https:\\\/\\\/secure.gravatar.com\\\/avatar\\\/f96ad2db538a26481f18384936b5cd0610c92d390c4dc382209216d455f685ff?s=96&d=mm&r=g\",\"contentUrl\":\"https:\\\/\\\/secure.gravatar.com\\\/avatar\\\/f96ad2db538a26481f18384936b5cd0610c92d390c4dc382209216d455f685ff?s=96&d=mm&r=g\",\"caption\":\"Herv\u00e9 Roten\"}}]}<\/script>\n<!-- \/ Yoast SEO plugin. -->","yoast_head_json":{"title":"Yom Yerushalayim - Institut Europ\u00e9en des Musiques Juives","robots":{"index":"index","follow":"follow","max-snippet":"max-snippet:-1","max-image-preview":"max-image-preview:large","max-video-preview":"max-video-preview:-1"},"canonical":"https:\/\/www.iemj.org\/es\/yom-yeroushalayim\/","og_locale":"es_ES","og_type":"article","og_title":"Yom Yerushalayim - Institut Europ\u00e9en des Musiques Juives","og_description":"Jerusal\u00e9n, la ciudad del rey David, ha inspirado muchas canciones de cantantes israel\u00edes, desde Naomi Shemer hasta Shoshana Damari, sin olvidar a Yehoram Gaon y los Parvarim&#8230;","og_url":"https:\/\/www.iemj.org\/es\/yom-yeroushalayim\/","og_site_name":"Institut Europ\u00e9en des Musiques Juives","article_publisher":"https:\/\/www.facebook.com\/MusiquesJuives\/","article_published_time":"2020-05-14T15:05:00+00:00","article_modified_time":"2024-05-27T13:12:09+00:00","og_image":[{"width":500,"height":500,"url":"https:\/\/www.iemj.org\/wp-content\/uploads\/2020\/05\/Yom-Yerushalayim_ok.jpg","type":"image\/jpeg"}],"author":"Herv\u00e9 Roten","twitter_card":"summary_large_image","twitter_misc":{"Escrito por":"Herv\u00e9 Roten","Tiempo de lectura":"3 minutos"},"schema":{"@context":"https:\/\/schema.org","@graph":[{"@type":"Article","@id":"https:\/\/www.iemj.org\/es\/yom-yeroushalayim\/#article","isPartOf":{"@id":"https:\/\/www.iemj.org\/es\/yom-yeroushalayim\/"},"author":{"name":"Herv\u00e9 Roten","@id":"https:\/\/www.iemj.org\/es\/#\/schema\/person\/906134402c29d5c76e7b726261dd4bbd"},"headline":"Yom Yerushalayim","datePublished":"2020-05-14T15:05:00+00:00","dateModified":"2024-05-27T13:12:09+00:00","mainEntityOfPage":{"@id":"https:\/\/www.iemj.org\/es\/yom-yeroushalayim\/"},"wordCount":280,"publisher":{"@id":"https:\/\/www.iemj.org\/es\/#organization"},"image":{"@id":"https:\/\/www.iemj.org\/es\/yom-yeroushalayim\/#primaryimage"},"thumbnailUrl":"https:\/\/www.iemj.org\/wp-content\/uploads\/2020\/05\/Yom-Yerushalayim_ok.jpg","keywords":["Israel"],"articleSection":["Listas de reproducci\u00f3n"],"inLanguage":"es"},{"@type":"WebPage","@id":"https:\/\/www.iemj.org\/es\/yom-yeroushalayim\/","url":"https:\/\/www.iemj.org\/es\/yom-yeroushalayim\/","name":"Yom Yerushalayim - Institut Europ\u00e9en des Musiques Juives","isPartOf":{"@id":"https:\/\/www.iemj.org\/es\/#website"},"primaryImageOfPage":{"@id":"https:\/\/www.iemj.org\/es\/yom-yeroushalayim\/#primaryimage"},"image":{"@id":"https:\/\/www.iemj.org\/es\/yom-yeroushalayim\/#primaryimage"},"thumbnailUrl":"https:\/\/www.iemj.org\/wp-content\/uploads\/2020\/05\/Yom-Yerushalayim_ok.jpg","datePublished":"2020-05-14T15:05:00+00:00","dateModified":"2024-05-27T13:12:09+00:00","breadcrumb":{"@id":"https:\/\/www.iemj.org\/es\/yom-yeroushalayim\/#breadcrumb"},"inLanguage":"es","potentialAction":[{"@type":"ReadAction","target":["https:\/\/www.iemj.org\/es\/yom-yeroushalayim\/"]}]},{"@type":"ImageObject","inLanguage":"es","@id":"https:\/\/www.iemj.org\/es\/yom-yeroushalayim\/#primaryimage","url":"https:\/\/www.iemj.org\/wp-content\/uploads\/2020\/05\/Yom-Yerushalayim_ok.jpg","contentUrl":"https:\/\/www.iemj.org\/wp-content\/uploads\/2020\/05\/Yom-Yerushalayim_ok.jpg","width":500,"height":500},{"@type":"BreadcrumbList","@id":"https:\/\/www.iemj.org\/es\/yom-yeroushalayim\/#breadcrumb","itemListElement":[{"@type":"ListItem","position":1,"name":"Accueil","item":"https:\/\/www.iemj.org\/es\/"},{"@type":"ListItem","position":2,"name":"Yom Yerushalayim"}]},{"@type":"WebSite","@id":"https:\/\/www.iemj.org\/es\/#website","url":"https:\/\/www.iemj.org\/es\/","name":"Institut Europ\u00e9en des Musiques Juives","description":"Des traditions musicales \u00e0 la port\u00e9e de tous","publisher":{"@id":"https:\/\/www.iemj.org\/es\/#organization"},"potentialAction":[{"@type":"SearchAction","target":{"@type":"EntryPoint","urlTemplate":"https:\/\/www.iemj.org\/es\/?s={search_term_string}"},"query-input":{"@type":"PropertyValueSpecification","valueRequired":true,"valueName":"search_term_string"}}],"inLanguage":"es"},{"@type":"Organization","@id":"https:\/\/www.iemj.org\/es\/#organization","name":"Institut Europ\u00e9en des Musiques Juives","url":"https:\/\/www.iemj.org\/es\/","logo":{"@type":"ImageObject","inLanguage":"es","@id":"https:\/\/www.iemj.org\/es\/#\/schema\/logo\/image\/","url":"https:\/\/www.iemj.org\/wp-content\/uploads\/2021\/09\/Logo-IEMJ-Paypal.jpg","contentUrl":"https:\/\/www.iemj.org\/wp-content\/uploads\/2021\/09\/Logo-IEMJ-Paypal.jpg","width":150,"height":50,"caption":"Institut Europ\u00e9en des Musiques Juives"},"image":{"@id":"https:\/\/www.iemj.org\/es\/#\/schema\/logo\/image\/"},"sameAs":["https:\/\/www.facebook.com\/MusiquesJuives\/","https:\/\/www.instagram.com\/musiquesjuives\/","https:\/\/www.youtube.com\/user\/musiquesjuives"]},{"@type":"Person","@id":"https:\/\/www.iemj.org\/es\/#\/schema\/person\/906134402c29d5c76e7b726261dd4bbd","name":"Herv\u00e9 Roten","image":{"@type":"ImageObject","inLanguage":"es","@id":"https:\/\/secure.gravatar.com\/avatar\/f96ad2db538a26481f18384936b5cd0610c92d390c4dc382209216d455f685ff?s=96&d=mm&r=g","url":"https:\/\/secure.gravatar.com\/avatar\/f96ad2db538a26481f18384936b5cd0610c92d390c4dc382209216d455f685ff?s=96&d=mm&r=g","contentUrl":"https:\/\/secure.gravatar.com\/avatar\/f96ad2db538a26481f18384936b5cd0610c92d390c4dc382209216d455f685ff?s=96&d=mm&r=g","caption":"Herv\u00e9 Roten"}}]}},"_links":{"self":[{"href":"https:\/\/www.iemj.org\/es\/wp-json\/wp\/v2\/posts\/62612","targetHints":{"allow":["GET"]}}],"collection":[{"href":"https:\/\/www.iemj.org\/es\/wp-json\/wp\/v2\/posts"}],"about":[{"href":"https:\/\/www.iemj.org\/es\/wp-json\/wp\/v2\/types\/post"}],"author":[{"embeddable":true,"href":"https:\/\/www.iemj.org\/es\/wp-json\/wp\/v2\/users\/1045"}],"replies":[{"embeddable":true,"href":"https:\/\/www.iemj.org\/es\/wp-json\/wp\/v2\/comments?post=62612"}],"version-history":[{"count":0,"href":"https:\/\/www.iemj.org\/es\/wp-json\/wp\/v2\/posts\/62612\/revisions"}],"wp:featuredmedia":[{"embeddable":true,"href":"https:\/\/www.iemj.org\/es\/wp-json\/wp\/v2\/media\/112376"}],"wp:attachment":[{"href":"https:\/\/www.iemj.org\/es\/wp-json\/wp\/v2\/media?parent=62612"}],"wp:term":[{"taxonomy":"category","embeddable":true,"href":"https:\/\/www.iemj.org\/es\/wp-json\/wp\/v2\/categories?post=62612"},{"taxonomy":"post_tag","embeddable":true,"href":"https:\/\/www.iemj.org\/es\/wp-json\/wp\/v2\/tags?post=62612"},{"taxonomy":"technique","embeddable":true,"href":"https:\/\/www.iemj.org\/es\/wp-json\/wp\/v2\/technique?post=62612"},{"taxonomy":"squelettes","embeddable":true,"href":"https:\/\/www.iemj.org\/es\/wp-json\/wp\/v2\/squelettes?post=62612"},{"taxonomy":"sujet","embeddable":true,"href":"https:\/\/www.iemj.org\/es\/wp-json\/wp\/v2\/sujet?post=62612"},{"taxonomy":"formation","embeddable":true,"href":"https:\/\/www.iemj.org\/es\/wp-json\/wp\/v2\/formation?post=62612"},{"taxonomy":"genre","embeddable":true,"href":"https:\/\/www.iemj.org\/es\/wp-json\/wp\/v2\/genre?post=62612"},{"taxonomy":"fonds","embeddable":true,"href":"https:\/\/www.iemj.org\/es\/wp-json\/wp\/v2\/fonds?post=62612"},{"taxonomy":"tradition","embeddable":true,"href":"https:\/\/www.iemj.org\/es\/wp-json\/wp\/v2\/tradition?post=62612"},{"taxonomy":"type-de-contenu","embeddable":true,"href":"https:\/\/www.iemj.org\/es\/wp-json\/wp\/v2\/type-de-contenu?post=62612"},{"taxonomy":"interprete-compositeur","embeddable":true,"href":"https:\/\/www.iemj.org\/es\/wp-json\/wp\/v2\/interprete-compositeur?post=62612"},{"taxonomy":"frise","embeddable":true,"href":"https:\/\/www.iemj.org\/es\/wp-json\/wp\/v2\/frise?post=62612"},{"taxonomy":"type-devenement","embeddable":true,"href":"https:\/\/www.iemj.org\/es\/wp-json\/wp\/v2\/type-devenement?post=62612"},{"taxonomy":"tableaux-liens-externes","embeddable":true,"href":"https:\/\/www.iemj.org\/es\/wp-json\/wp\/v2\/tableaux-liens-externes?post=62612"}],"curies":[{"name":"wp","href":"https:\/\/api.w.org\/{rel}","templated":true}]}}