{"id":63396,"date":"2013-04-27T20:11:23","date_gmt":"2013-04-27T18:11:23","guid":{"rendered":"https:\/\/www.iemj.org\/constitution-dun-fonds-alexandre-tansman\/"},"modified":"2021-09-13T16:38:37","modified_gmt":"2021-09-13T14:38:37","slug":"constitution-dun-fonds-alexandre-tansman","status":"publish","type":"post","link":"https:\/\/www.iemj.org\/es\/constitution-dun-fonds-alexandre-tansman\/","title":{"rendered":"Fondo Alexandre Tansman"},"content":{"rendered":"<p>A continuaci\u00f3n de la emisi\u00f3n de radio que hemos dedicado a <a href=\"https:\/\/www.iemj.org\/en\/the-jewish-work-of-alexandre-tansman-1897-1986\/\" target=\"_blank\" rel=\"noopener\">la obra jud\u00eda de Alexandre Tansman (1897-1986)<\/a>, las dos hijas del compositor, Mireille y Marianne Tansman, han tra\u00eddo respetuosamente al Instituto Europeo de las M\u00fasicas Jud\u00edas diversos discos, documentos de archivos as\u00ed que reproducciones de manuscritos musicales de inspiraci\u00f3n jud\u00eda, cuyos algunos in\u00e9ditos.<\/p>\n<p>El IEMJ, que deten\u00eda ya dos manuscritos originales de Tansman dedicados a Se\u00f1ora Fernand Halphen, ha decidido constituir en sus colecciones un fondo Alexandre Tansman. El IEMJ promete tambi\u00e9n promover la obra de este compositor, especialmente en el \u00e1mbito del juda\u00edsmo.<\/p>\n<p>\u00a0<\/p>\n<p><img fetchpriority=\"high\" decoding=\"async\" class=\"wp-image-5672 alignright\" src=\"https:\/\/www.iemj.org\/wp-content\/uploads\/2013\/04\/eli_eli_tansman-1.jpg\" alt=\"eli_eli_tansman-1.jpg\" width=\"277\" height=\"365\" align=\"left\" srcset=\"https:\/\/www.iemj.org\/wp-content\/uploads\/2013\/04\/eli_eli_tansman-1.jpg 378w, https:\/\/www.iemj.org\/wp-content\/uploads\/2013\/04\/eli_eli_tansman-1-227x300.jpg 227w\" sizes=\"(max-width: 277px) 100vw, 277px\" \/><br \/>A t\u00edtulo recordatorio, la herencia art\u00edstica de <a href=\"https:\/\/www.iemj.org\/en\/tansman-alexandre-1897-1986\/\" target=\"_blank\" rel=\"noopener\">Alexandre Tansman<\/a> consta m\u00e1s de 300 obras para las formaciones instrumentales y vocales m\u00e1s diversas, entre las cuales 7 operas, 11 ballets, 6 oratorios, 80 partituras orquestales (cuyas 9 sinfon\u00edas), numerosas obras de m\u00fasica de c\u00e1mara, 8 cuartetos de cuerdas, 9 concerti para todos los instrumentos, una centena de paginas para piano, numerosas m\u00fasicas de escena y m\u00fasica de pel\u00edcula, muchas obras destinadas a sus hijos. Una treintena de sus obras est\u00e1n inspiradas directamente de la tradici\u00f3n jud\u00eda.<\/p>\n<p><a href=\"http:\/\/www.rachelnet.net\/F\/?func=find-c&amp;ccl_term=WRD+%3D+Alexandre+Tansman&amp;local_base=iemcg\" target=\"_blank\" rel=\"noopener\">Consultar el fondo Alexandre Tansman<\/a><\/p>\n<p>Consultar es el sitio web de la asociaci\u00f3n <a href=\"http:\/\/www.alexandre-tansman.com\/\">Les amis de Alexandre Tansman <\/a>(Los amigos de Alexandre Tansman)<\/p>\n<p>\u00a0<\/p>\n<p><img decoding=\"async\" class=\" alignleft  wp-image-5674\" src=\"https:\/\/www.iemj.org\/wp-content\/uploads\/2013\/04\/cd_474_1__siteiemj.jpg\" alt=\"cd_474_1__siteiemj.jpg\" width=\"214\" height=\"209\" align=\"left\" srcset=\"https:\/\/www.iemj.org\/wp-content\/uploads\/2013\/04\/cd_474_1__siteiemj.jpg 614w, https:\/\/www.iemj.org\/wp-content\/uploads\/2013\/04\/cd_474_1__siteiemj-300x293.jpg 300w, https:\/\/www.iemj.org\/wp-content\/uploads\/2013\/04\/cd_474_1__siteiemj-600x586.jpg 600w\" sizes=\"(max-width: 214px) 100vw, 214px\" \/><img decoding=\"async\" class=\" alignleft  wp-image-5676\" src=\"https:\/\/www.iemj.org\/wp-content\/uploads\/2013\/04\/cd_477_0001_siteiemj.jpg\" alt=\"cd_477_0001_siteiemj.jpg\" width=\"211\" height=\"206\" align=\"left\" srcset=\"https:\/\/www.iemj.org\/wp-content\/uploads\/2013\/04\/cd_477_0001_siteiemj.jpg 614w, https:\/\/www.iemj.org\/wp-content\/uploads\/2013\/04\/cd_477_0001_siteiemj-300x293.jpg 300w, https:\/\/www.iemj.org\/wp-content\/uploads\/2013\/04\/cd_477_0001_siteiemj-600x586.jpg 600w\" sizes=\"(max-width: 211px) 100vw, 211px\" \/><img loading=\"lazy\" decoding=\"async\" class=\" alignleft  wp-image-5678\" src=\"https:\/\/www.iemj.org\/wp-content\/uploads\/2013\/04\/cd_478_0001_siteiemj.jpg\" alt=\"cd_478_0001_siteiemj.jpg\" width=\"211\" height=\"204\" align=\"left\" \/><\/p>\n\n\n<p><\/p>\n","protected":false},"excerpt":{"rendered":"<p>A continuaci\u00f3n de la emisi\u00f3n de radio que hemos dedicado a la obra jud\u00eda de Alexandre Tansman (1897-1986), las dos hijas del compositor, Mireille y Marianne Tansman, han tra\u00eddo respetuosamente<\/p>\n","protected":false},"author":1045,"featured_media":63397,"comment_status":"closed","ping_status":"open","sticky":false,"template":"","format":"standard","meta":{"_acf_changed":false,"footnotes":""},"categories":[1587],"tags":[],"technique":[],"squelettes":[],"sujet":[],"formation":[],"genre":[],"fonds":[],"tradition":[],"type-de-contenu":[],"interprete-compositeur":[3084],"frise":[],"type-devenement":[],"tableaux-liens-externes":[],"class_list":["post-63396","post","type-post","status-publish","format-standard","has-post-thumbnail","hentry","category-fondos-principales-es","interprete-compositeur-alexandre-tansman-es"],"acf":[],"yoast_head":"<!-- This site is optimized with the Yoast SEO plugin v27.3 - https:\/\/yoast.com\/product\/yoast-seo-wordpress\/ -->\n<title>Fondo Alexandre Tansman - Institut Europ\u00e9en des Musiques Juives<\/title>\n<meta name=\"robots\" content=\"index, follow, max-snippet:-1, max-image-preview:large, max-video-preview:-1\" \/>\n<link rel=\"canonical\" href=\"https:\/\/www.iemj.org\/es\/constitution-dun-fonds-alexandre-tansman\/\" \/>\n<meta property=\"og:locale\" content=\"es_ES\" \/>\n<meta property=\"og:type\" content=\"article\" \/>\n<meta property=\"og:title\" content=\"Fondo Alexandre Tansman - Institut Europ\u00e9en des Musiques Juives\" \/>\n<meta property=\"og:description\" content=\"A continuaci\u00f3n de la emisi\u00f3n de radio que hemos dedicado a la obra jud\u00eda de Alexandre Tansman (1897-1986), las dos hijas del compositor, Mireille y Marianne Tansman, han tra\u00eddo respetuosamente\" \/>\n<meta property=\"og:url\" content=\"https:\/\/www.iemj.org\/es\/constitution-dun-fonds-alexandre-tansman\/\" \/>\n<meta property=\"og:site_name\" content=\"Institut Europ\u00e9en des Musiques Juives\" \/>\n<meta property=\"article:publisher\" content=\"https:\/\/www.facebook.com\/MusiquesJuives\/\" \/>\n<meta property=\"article:published_time\" content=\"2013-04-27T18:11:23+00:00\" \/>\n<meta property=\"article:modified_time\" content=\"2021-09-13T14:38:37+00:00\" \/>\n<meta property=\"og:image\" content=\"https:\/\/www.iemj.org\/wp-content\/uploads\/2013\/04\/arton681-e1618503518126.jpg\" \/>\n\t<meta property=\"og:image:width\" content=\"350\" \/>\n\t<meta property=\"og:image:height\" content=\"467\" \/>\n\t<meta property=\"og:image:type\" content=\"image\/jpeg\" \/>\n<meta name=\"author\" content=\"Herv\u00e9 Roten\" \/>\n<meta name=\"twitter:card\" content=\"summary_large_image\" \/>\n<meta name=\"twitter:label1\" content=\"Escrito por\" \/>\n\t<meta name=\"twitter:data1\" content=\"Herv\u00e9 Roten\" \/>\n\t<meta name=\"twitter:label2\" content=\"Tiempo de lectura\" \/>\n\t<meta name=\"twitter:data2\" content=\"2 minutos\" \/>\n<script type=\"application\/ld+json\" class=\"yoast-schema-graph\">{\"@context\":\"https:\\\/\\\/schema.org\",\"@graph\":[{\"@type\":\"Article\",\"@id\":\"https:\\\/\\\/www.iemj.org\\\/es\\\/constitution-dun-fonds-alexandre-tansman\\\/#article\",\"isPartOf\":{\"@id\":\"https:\\\/\\\/www.iemj.org\\\/es\\\/constitution-dun-fonds-alexandre-tansman\\\/\"},\"author\":{\"name\":\"Herv\u00e9 Roten\",\"@id\":\"https:\\\/\\\/www.iemj.org\\\/es\\\/#\\\/schema\\\/person\\\/906134402c29d5c76e7b726261dd4bbd\"},\"headline\":\"Fondo Alexandre Tansman\",\"datePublished\":\"2013-04-27T18:11:23+00:00\",\"dateModified\":\"2021-09-13T14:38:37+00:00\",\"mainEntityOfPage\":{\"@id\":\"https:\\\/\\\/www.iemj.org\\\/es\\\/constitution-dun-fonds-alexandre-tansman\\\/\"},\"wordCount\":225,\"publisher\":{\"@id\":\"https:\\\/\\\/www.iemj.org\\\/es\\\/#organization\"},\"image\":{\"@id\":\"https:\\\/\\\/www.iemj.org\\\/es\\\/constitution-dun-fonds-alexandre-tansman\\\/#primaryimage\"},\"thumbnailUrl\":\"https:\\\/\\\/www.iemj.org\\\/wp-content\\\/uploads\\\/2013\\\/04\\\/arton681-e1618503518126.jpg\",\"articleSection\":[\"Fondos principales\"],\"inLanguage\":\"es\"},{\"@type\":\"WebPage\",\"@id\":\"https:\\\/\\\/www.iemj.org\\\/es\\\/constitution-dun-fonds-alexandre-tansman\\\/\",\"url\":\"https:\\\/\\\/www.iemj.org\\\/es\\\/constitution-dun-fonds-alexandre-tansman\\\/\",\"name\":\"Fondo Alexandre Tansman - Institut Europ\u00e9en des Musiques Juives\",\"isPartOf\":{\"@id\":\"https:\\\/\\\/www.iemj.org\\\/es\\\/#website\"},\"primaryImageOfPage\":{\"@id\":\"https:\\\/\\\/www.iemj.org\\\/es\\\/constitution-dun-fonds-alexandre-tansman\\\/#primaryimage\"},\"image\":{\"@id\":\"https:\\\/\\\/www.iemj.org\\\/es\\\/constitution-dun-fonds-alexandre-tansman\\\/#primaryimage\"},\"thumbnailUrl\":\"https:\\\/\\\/www.iemj.org\\\/wp-content\\\/uploads\\\/2013\\\/04\\\/arton681-e1618503518126.jpg\",\"datePublished\":\"2013-04-27T18:11:23+00:00\",\"dateModified\":\"2021-09-13T14:38:37+00:00\",\"breadcrumb\":{\"@id\":\"https:\\\/\\\/www.iemj.org\\\/es\\\/constitution-dun-fonds-alexandre-tansman\\\/#breadcrumb\"},\"inLanguage\":\"es\",\"potentialAction\":[{\"@type\":\"ReadAction\",\"target\":[\"https:\\\/\\\/www.iemj.org\\\/es\\\/constitution-dun-fonds-alexandre-tansman\\\/\"]}]},{\"@type\":\"ImageObject\",\"inLanguage\":\"es\",\"@id\":\"https:\\\/\\\/www.iemj.org\\\/es\\\/constitution-dun-fonds-alexandre-tansman\\\/#primaryimage\",\"url\":\"https:\\\/\\\/www.iemj.org\\\/wp-content\\\/uploads\\\/2013\\\/04\\\/arton681-e1618503518126.jpg\",\"contentUrl\":\"https:\\\/\\\/www.iemj.org\\\/wp-content\\\/uploads\\\/2013\\\/04\\\/arton681-e1618503518126.jpg\",\"width\":350,\"height\":467},{\"@type\":\"BreadcrumbList\",\"@id\":\"https:\\\/\\\/www.iemj.org\\\/es\\\/constitution-dun-fonds-alexandre-tansman\\\/#breadcrumb\",\"itemListElement\":[{\"@type\":\"ListItem\",\"position\":1,\"name\":\"Accueil\",\"item\":\"https:\\\/\\\/www.iemj.org\\\/es\\\/\"},{\"@type\":\"ListItem\",\"position\":2,\"name\":\"Fondo Alexandre Tansman\"}]},{\"@type\":\"WebSite\",\"@id\":\"https:\\\/\\\/www.iemj.org\\\/es\\\/#website\",\"url\":\"https:\\\/\\\/www.iemj.org\\\/es\\\/\",\"name\":\"Institut Europ\u00e9en des Musiques Juives\",\"description\":\"Des traditions musicales \u00e0 la port\u00e9e de tous\",\"publisher\":{\"@id\":\"https:\\\/\\\/www.iemj.org\\\/es\\\/#organization\"},\"potentialAction\":[{\"@type\":\"SearchAction\",\"target\":{\"@type\":\"EntryPoint\",\"urlTemplate\":\"https:\\\/\\\/www.iemj.org\\\/es\\\/?s={search_term_string}\"},\"query-input\":{\"@type\":\"PropertyValueSpecification\",\"valueRequired\":true,\"valueName\":\"search_term_string\"}}],\"inLanguage\":\"es\"},{\"@type\":\"Organization\",\"@id\":\"https:\\\/\\\/www.iemj.org\\\/es\\\/#organization\",\"name\":\"Institut Europ\u00e9en des Musiques Juives\",\"url\":\"https:\\\/\\\/www.iemj.org\\\/es\\\/\",\"logo\":{\"@type\":\"ImageObject\",\"inLanguage\":\"es\",\"@id\":\"https:\\\/\\\/www.iemj.org\\\/es\\\/#\\\/schema\\\/logo\\\/image\\\/\",\"url\":\"https:\\\/\\\/www.iemj.org\\\/wp-content\\\/uploads\\\/2021\\\/09\\\/Logo-IEMJ-Paypal.jpg\",\"contentUrl\":\"https:\\\/\\\/www.iemj.org\\\/wp-content\\\/uploads\\\/2021\\\/09\\\/Logo-IEMJ-Paypal.jpg\",\"width\":150,\"height\":50,\"caption\":\"Institut Europ\u00e9en des Musiques Juives\"},\"image\":{\"@id\":\"https:\\\/\\\/www.iemj.org\\\/es\\\/#\\\/schema\\\/logo\\\/image\\\/\"},\"sameAs\":[\"https:\\\/\\\/www.facebook.com\\\/MusiquesJuives\\\/\",\"https:\\\/\\\/www.instagram.com\\\/musiquesjuives\\\/\",\"https:\\\/\\\/www.youtube.com\\\/user\\\/musiquesjuives\"]},{\"@type\":\"Person\",\"@id\":\"https:\\\/\\\/www.iemj.org\\\/es\\\/#\\\/schema\\\/person\\\/906134402c29d5c76e7b726261dd4bbd\",\"name\":\"Herv\u00e9 Roten\",\"image\":{\"@type\":\"ImageObject\",\"inLanguage\":\"es\",\"@id\":\"https:\\\/\\\/secure.gravatar.com\\\/avatar\\\/f96ad2db538a26481f18384936b5cd0610c92d390c4dc382209216d455f685ff?s=96&d=mm&r=g\",\"url\":\"https:\\\/\\\/secure.gravatar.com\\\/avatar\\\/f96ad2db538a26481f18384936b5cd0610c92d390c4dc382209216d455f685ff?s=96&d=mm&r=g\",\"contentUrl\":\"https:\\\/\\\/secure.gravatar.com\\\/avatar\\\/f96ad2db538a26481f18384936b5cd0610c92d390c4dc382209216d455f685ff?s=96&d=mm&r=g\",\"caption\":\"Herv\u00e9 Roten\"}}]}<\/script>\n<!-- \/ Yoast SEO plugin. -->","yoast_head_json":{"title":"Fondo Alexandre Tansman - Institut Europ\u00e9en des Musiques Juives","robots":{"index":"index","follow":"follow","max-snippet":"max-snippet:-1","max-image-preview":"max-image-preview:large","max-video-preview":"max-video-preview:-1"},"canonical":"https:\/\/www.iemj.org\/es\/constitution-dun-fonds-alexandre-tansman\/","og_locale":"es_ES","og_type":"article","og_title":"Fondo Alexandre Tansman - Institut Europ\u00e9en des Musiques Juives","og_description":"A continuaci\u00f3n de la emisi\u00f3n de radio que hemos dedicado a la obra jud\u00eda de Alexandre Tansman (1897-1986), las dos hijas del compositor, Mireille y Marianne Tansman, han tra\u00eddo respetuosamente","og_url":"https:\/\/www.iemj.org\/es\/constitution-dun-fonds-alexandre-tansman\/","og_site_name":"Institut Europ\u00e9en des Musiques Juives","article_publisher":"https:\/\/www.facebook.com\/MusiquesJuives\/","article_published_time":"2013-04-27T18:11:23+00:00","article_modified_time":"2021-09-13T14:38:37+00:00","og_image":[{"width":350,"height":467,"url":"https:\/\/www.iemj.org\/wp-content\/uploads\/2013\/04\/arton681-e1618503518126.jpg","type":"image\/jpeg"}],"author":"Herv\u00e9 Roten","twitter_card":"summary_large_image","twitter_misc":{"Escrito por":"Herv\u00e9 Roten","Tiempo de lectura":"2 minutos"},"schema":{"@context":"https:\/\/schema.org","@graph":[{"@type":"Article","@id":"https:\/\/www.iemj.org\/es\/constitution-dun-fonds-alexandre-tansman\/#article","isPartOf":{"@id":"https:\/\/www.iemj.org\/es\/constitution-dun-fonds-alexandre-tansman\/"},"author":{"name":"Herv\u00e9 Roten","@id":"https:\/\/www.iemj.org\/es\/#\/schema\/person\/906134402c29d5c76e7b726261dd4bbd"},"headline":"Fondo Alexandre Tansman","datePublished":"2013-04-27T18:11:23+00:00","dateModified":"2021-09-13T14:38:37+00:00","mainEntityOfPage":{"@id":"https:\/\/www.iemj.org\/es\/constitution-dun-fonds-alexandre-tansman\/"},"wordCount":225,"publisher":{"@id":"https:\/\/www.iemj.org\/es\/#organization"},"image":{"@id":"https:\/\/www.iemj.org\/es\/constitution-dun-fonds-alexandre-tansman\/#primaryimage"},"thumbnailUrl":"https:\/\/www.iemj.org\/wp-content\/uploads\/2013\/04\/arton681-e1618503518126.jpg","articleSection":["Fondos principales"],"inLanguage":"es"},{"@type":"WebPage","@id":"https:\/\/www.iemj.org\/es\/constitution-dun-fonds-alexandre-tansman\/","url":"https:\/\/www.iemj.org\/es\/constitution-dun-fonds-alexandre-tansman\/","name":"Fondo Alexandre Tansman - Institut Europ\u00e9en des Musiques Juives","isPartOf":{"@id":"https:\/\/www.iemj.org\/es\/#website"},"primaryImageOfPage":{"@id":"https:\/\/www.iemj.org\/es\/constitution-dun-fonds-alexandre-tansman\/#primaryimage"},"image":{"@id":"https:\/\/www.iemj.org\/es\/constitution-dun-fonds-alexandre-tansman\/#primaryimage"},"thumbnailUrl":"https:\/\/www.iemj.org\/wp-content\/uploads\/2013\/04\/arton681-e1618503518126.jpg","datePublished":"2013-04-27T18:11:23+00:00","dateModified":"2021-09-13T14:38:37+00:00","breadcrumb":{"@id":"https:\/\/www.iemj.org\/es\/constitution-dun-fonds-alexandre-tansman\/#breadcrumb"},"inLanguage":"es","potentialAction":[{"@type":"ReadAction","target":["https:\/\/www.iemj.org\/es\/constitution-dun-fonds-alexandre-tansman\/"]}]},{"@type":"ImageObject","inLanguage":"es","@id":"https:\/\/www.iemj.org\/es\/constitution-dun-fonds-alexandre-tansman\/#primaryimage","url":"https:\/\/www.iemj.org\/wp-content\/uploads\/2013\/04\/arton681-e1618503518126.jpg","contentUrl":"https:\/\/www.iemj.org\/wp-content\/uploads\/2013\/04\/arton681-e1618503518126.jpg","width":350,"height":467},{"@type":"BreadcrumbList","@id":"https:\/\/www.iemj.org\/es\/constitution-dun-fonds-alexandre-tansman\/#breadcrumb","itemListElement":[{"@type":"ListItem","position":1,"name":"Accueil","item":"https:\/\/www.iemj.org\/es\/"},{"@type":"ListItem","position":2,"name":"Fondo Alexandre Tansman"}]},{"@type":"WebSite","@id":"https:\/\/www.iemj.org\/es\/#website","url":"https:\/\/www.iemj.org\/es\/","name":"Institut Europ\u00e9en des Musiques Juives","description":"Des traditions musicales \u00e0 la port\u00e9e de tous","publisher":{"@id":"https:\/\/www.iemj.org\/es\/#organization"},"potentialAction":[{"@type":"SearchAction","target":{"@type":"EntryPoint","urlTemplate":"https:\/\/www.iemj.org\/es\/?s={search_term_string}"},"query-input":{"@type":"PropertyValueSpecification","valueRequired":true,"valueName":"search_term_string"}}],"inLanguage":"es"},{"@type":"Organization","@id":"https:\/\/www.iemj.org\/es\/#organization","name":"Institut Europ\u00e9en des Musiques Juives","url":"https:\/\/www.iemj.org\/es\/","logo":{"@type":"ImageObject","inLanguage":"es","@id":"https:\/\/www.iemj.org\/es\/#\/schema\/logo\/image\/","url":"https:\/\/www.iemj.org\/wp-content\/uploads\/2021\/09\/Logo-IEMJ-Paypal.jpg","contentUrl":"https:\/\/www.iemj.org\/wp-content\/uploads\/2021\/09\/Logo-IEMJ-Paypal.jpg","width":150,"height":50,"caption":"Institut Europ\u00e9en des Musiques Juives"},"image":{"@id":"https:\/\/www.iemj.org\/es\/#\/schema\/logo\/image\/"},"sameAs":["https:\/\/www.facebook.com\/MusiquesJuives\/","https:\/\/www.instagram.com\/musiquesjuives\/","https:\/\/www.youtube.com\/user\/musiquesjuives"]},{"@type":"Person","@id":"https:\/\/www.iemj.org\/es\/#\/schema\/person\/906134402c29d5c76e7b726261dd4bbd","name":"Herv\u00e9 Roten","image":{"@type":"ImageObject","inLanguage":"es","@id":"https:\/\/secure.gravatar.com\/avatar\/f96ad2db538a26481f18384936b5cd0610c92d390c4dc382209216d455f685ff?s=96&d=mm&r=g","url":"https:\/\/secure.gravatar.com\/avatar\/f96ad2db538a26481f18384936b5cd0610c92d390c4dc382209216d455f685ff?s=96&d=mm&r=g","contentUrl":"https:\/\/secure.gravatar.com\/avatar\/f96ad2db538a26481f18384936b5cd0610c92d390c4dc382209216d455f685ff?s=96&d=mm&r=g","caption":"Herv\u00e9 Roten"}}]}},"_links":{"self":[{"href":"https:\/\/www.iemj.org\/es\/wp-json\/wp\/v2\/posts\/63396","targetHints":{"allow":["GET"]}}],"collection":[{"href":"https:\/\/www.iemj.org\/es\/wp-json\/wp\/v2\/posts"}],"about":[{"href":"https:\/\/www.iemj.org\/es\/wp-json\/wp\/v2\/types\/post"}],"author":[{"embeddable":true,"href":"https:\/\/www.iemj.org\/es\/wp-json\/wp\/v2\/users\/1045"}],"replies":[{"embeddable":true,"href":"https:\/\/www.iemj.org\/es\/wp-json\/wp\/v2\/comments?post=63396"}],"version-history":[{"count":0,"href":"https:\/\/www.iemj.org\/es\/wp-json\/wp\/v2\/posts\/63396\/revisions"}],"wp:featuredmedia":[{"embeddable":true,"href":"https:\/\/www.iemj.org\/es\/wp-json\/wp\/v2\/media\/63397"}],"wp:attachment":[{"href":"https:\/\/www.iemj.org\/es\/wp-json\/wp\/v2\/media?parent=63396"}],"wp:term":[{"taxonomy":"category","embeddable":true,"href":"https:\/\/www.iemj.org\/es\/wp-json\/wp\/v2\/categories?post=63396"},{"taxonomy":"post_tag","embeddable":true,"href":"https:\/\/www.iemj.org\/es\/wp-json\/wp\/v2\/tags?post=63396"},{"taxonomy":"technique","embeddable":true,"href":"https:\/\/www.iemj.org\/es\/wp-json\/wp\/v2\/technique?post=63396"},{"taxonomy":"squelettes","embeddable":true,"href":"https:\/\/www.iemj.org\/es\/wp-json\/wp\/v2\/squelettes?post=63396"},{"taxonomy":"sujet","embeddable":true,"href":"https:\/\/www.iemj.org\/es\/wp-json\/wp\/v2\/sujet?post=63396"},{"taxonomy":"formation","embeddable":true,"href":"https:\/\/www.iemj.org\/es\/wp-json\/wp\/v2\/formation?post=63396"},{"taxonomy":"genre","embeddable":true,"href":"https:\/\/www.iemj.org\/es\/wp-json\/wp\/v2\/genre?post=63396"},{"taxonomy":"fonds","embeddable":true,"href":"https:\/\/www.iemj.org\/es\/wp-json\/wp\/v2\/fonds?post=63396"},{"taxonomy":"tradition","embeddable":true,"href":"https:\/\/www.iemj.org\/es\/wp-json\/wp\/v2\/tradition?post=63396"},{"taxonomy":"type-de-contenu","embeddable":true,"href":"https:\/\/www.iemj.org\/es\/wp-json\/wp\/v2\/type-de-contenu?post=63396"},{"taxonomy":"interprete-compositeur","embeddable":true,"href":"https:\/\/www.iemj.org\/es\/wp-json\/wp\/v2\/interprete-compositeur?post=63396"},{"taxonomy":"frise","embeddable":true,"href":"https:\/\/www.iemj.org\/es\/wp-json\/wp\/v2\/frise?post=63396"},{"taxonomy":"type-devenement","embeddable":true,"href":"https:\/\/www.iemj.org\/es\/wp-json\/wp\/v2\/type-devenement?post=63396"},{"taxonomy":"tableaux-liens-externes","embeddable":true,"href":"https:\/\/www.iemj.org\/es\/wp-json\/wp\/v2\/tableaux-liens-externes?post=63396"}],"curies":[{"name":"wp","href":"https:\/\/api.w.org\/{rel}","templated":true}]}}