{"id":63730,"date":"2016-04-28T16:29:13","date_gmt":"2016-04-28T14:29:13","guid":{"rendered":"https:\/\/www.iemj.org\/les-archives-musicales-de-la-synagogue-de-reims\/"},"modified":"2021-09-14T11:12:10","modified_gmt":"2021-09-14T09:12:10","slug":"les-archives-musicales-de-la-synagogue-de-reims","status":"publish","type":"post","link":"https:\/\/www.iemj.org\/es\/les-archives-musicales-de-la-synagogue-de-reims\/","title":{"rendered":"Los archivos musicales de la sinagoga de Reims"},"content":{"rendered":"<p>Entre mayo de 2014 y abril de 2016, el IEMJ recogi\u00f3 y digitaliz\u00f3 cerca de 150 partituras manuscritas de la sinagoga de Reims. Julianne Unterberger y Herv\u00e9 Roten recorren aqu\u00ed la historia de la comunidad de Reims y sus numerosas actividades culturales.<\/p>\n<p><!--more--><\/p>\n<p>El 13 de mayo de 2014, la Asociaci\u00f3n cultural y social israelita de Reims (ACSIR), presidida por Julianne Unterberger, invit\u00f3 a Herv\u00e9 Roten, director del IEMJ, a dar una conferencia sobre el tema \u00abDescubrimiento de las m\u00fasicas jud\u00edas\u00bb. En esta ocasi\u00f3n, Julianne Unterberger, bajo la autoridad del Doctor Marc Lagache, presidente de la comunidad de Reims, entreg\u00f3 al Instituto Europeo de las M\u00fasicas Jud\u00edas 132 partituras, en su mayor\u00eda manuscritas, que datan de principios del siglo XX (v\u00e9ase el inventario m\u00e1s abajo).<\/p>\n<p>\u00a0<\/p>\n<p><img fetchpriority=\"high\" decoding=\"async\" class=\" alignright size-full wp-image-10437\" src=\"https:\/\/www.iemj.org\/wp-content\/uploads\/2016\/04\/doc_2_500px.jpg\" alt=\"doc_2_500px.jpg\" width=\"301\" height=\"207\" align=\"right\" \/><\/p>\n<p>Este fondo de archivos ha sido completado, el 18 de abril de 2016, con una donaci\u00f3n adicional de una docena de selecciones musicales en un estado de conservaci\u00f3n parcialmente degradado. Jean-Gabriel Davis, responsable de las colecciones del IEMJ, se desplaz\u00f3 a Reims para recoger estos \u00faltimos documentos, que hoy hacen del IEMJ la memoria musical viva de la comunidad de Reims.<\/p>\n<p>\u00a0<\/p>\n<p><img decoding=\"async\" class=\" alignleft size-full wp-image-10439\" src=\"https:\/\/www.iemj.org\/wp-content\/uploads\/2016\/04\/doc_3_orgue_500px.jpg\" alt=\"doc_3_orgue_500px.jpg\" width=\"257\" height=\"193\" align=\"left\" \/>En estos archivos, encontramos la menci\u00f3n de los principales cantantes, arreglistas, organistas y coristas (L\u00e9on Schwartz, ministro-oficiante en 1895, Salomon Schwartz, L\u00e9on Ross, Jules Fuzy, Fred Kitziger&#8230;) que contribuyeron a hacer vivir el rito asquenaz\u00ed en Reims, principalmente entre 1879 y el fin de los a\u00f1os 60. Esta liturgia asquenaz\u00ed de Reims procede del rito \u00abalem\u00e1n\u00bb que se utilizaba en Alsacia-Lorena a finales del siglo XIX y cuyo el principal representante actual es la Gran Sinagoga de la Victoria de Par\u00eds. Pero, como suele ocurrir, este rito oficial asquenaz\u00ed incluye peculiaridades musicales locales que tienen m\u00e1s que ver con las personalidades de los cantantes, directores de coro y otros arreglistas que quer\u00edan dejar su huella en el repertorio de su sinagoga, que con aut\u00e9nticas variantes rituales.<\/p>\n<p><strong><a href=\"http:\/\/www.rachelnet.net\/F\/?func=find-c&amp;ccl_term=WHOC%3Dreims&amp;local_base=iemcg&amp;x=0&amp;y=0\" target=\"_blank\" rel=\"noopener\">Aceder al fondo de la sinagoga de Reims<\/a><\/strong><\/p>\n<p><span style=\"font-size: large;\"><strong>La presencia jud\u00eda en Reims (de <em>Julianne Unterberger)<\/em><\/strong><\/span><br \/>Esta mencionada por la primera vez durante el siglo XI. Tras la publicaci\u00f3n del edicto del Parlamento de Par\u00eds en 1270, los jud\u00edos fueron expulsados y la comunidad jud\u00eda de Reims desapareci\u00f3 durante el siglo XIV y eso hasta la Revoluci\u00f3n Francesa. Aunque se produjo un primer retorno a finales del siglo XVIII, s\u00f3lo despu\u00e9s de la derrota de 1870 Reims vio una gran afluencia de jud\u00edos procedentes de Alsacia y de Mosela. En 1875, la comunidad nombr\u00f3 a su primer rabino, Emile Cahen, pero s\u00f3lo contaba con un peque\u00f1o oratorio y la construcci\u00f3n de una nueva sinagoga se convirti\u00f3 en una necesidad.<\/p>\n<p><span style=\"font-size: large;\"><strong>La sinagoga de Reims<\/strong><\/span><br \/><span style=\"font-size: inherit;\">La sinagoga de Reims, inaugurada el 5 de septiembre de 1879, fue dise\u00f1ada por Ernest Brunette, hijo del arquitecto <img decoding=\"async\" class=\"size-full wp-image-10441 alignright\" src=\"https:\/\/www.iemj.org\/wp-content\/uploads\/2016\/04\/syna_reims_500px.jpg\" alt=\"syna_reims_500px.jpg\" width=\"395\" height=\"287\" align=\"middle\" srcset=\"https:\/\/www.iemj.org\/wp-content\/uploads\/2016\/04\/syna_reims_500px.jpg 395w, https:\/\/www.iemj.org\/wp-content\/uploads\/2016\/04\/syna_reims_500px-300x218.jpg 300w\" sizes=\"(max-width: 395px) 100vw, 395px\" \/>municipal Narcisse Brunette. Su decoraci\u00f3n, las vidrieras y las pinturas murales, fue realizada en el estilo neomorisco de la \u00e9poca, por MARQUANT-VOGEL, un maestro vidriero local.<br \/>El \u00f3rgano de la Sinagoga, obra del organero de Reims Augustin BRISSET, se inaugur\u00f3 en 1901. Es realmente digno de inter\u00e9s y su calidad de realizaci\u00f3n es segura. En la actualidad, s\u00f3lo quedan dos \u00f3rganos Brisset, el de la sinagoga de Reims y el de la iglesia de Notre Dame d&#8217;Hirson.<br \/>La sinagoga de Reims fue inscrita en 1989 en el Inventario complementario de Monumentos hist\u00f3ricos.<\/span><\/p>\n<p><span style=\"font-size: large;\"><strong>De los a\u00f1os 1945 a 1970<\/strong><\/span><br \/>Tras la Segunda Guerra mundial, la comunidad se redujo a 109 miembros.<br \/>Fue solo despu\u00e9s del \u00e9xodo de los franceses del norte de \u00c1frica que el n\u00famero de jud\u00edos alcanz\u00f3 los 650 miembros en 1970, su nivel m\u00e1s alto desde finales del siglo XIX.<\/p>\n<p><span style=\"font-size: large;\"><strong>La difusi\u00f3n de la cultura jud\u00eda<\/strong><\/span><br \/>Los estatutos de la asociaci\u00f3n de cultural israelita de Reims, conocida como ACI de Reims, se establecieron en 1905. <a href=\"https:\/\/acsireims.wixsite.com\/culturejuive-reims\">La asociaci\u00f3n cultural y social israel\u00edta de Reims (dicha ACSIR)<\/a>, creada en abril de 1995 por esta ACI, tiene como objetivo difundir la cultura jud\u00eda y preservar la sinagoga. La mayor\u00eda de los participantes en todas las actividades propuestas son no jud\u00edos.<br \/>Desde 2003, la ACSIR organiza regularmente conferencias, exposiciones, coloquios, conciertos, cursos de hebreo moderno, encuentros sobre juda\u00edsmo, visitas guiadas de la sinagoga para todos los grupos de ni\u00f1os o de adultos&#8230; Adem\u00e1s, ha creado un coro de canciones jud\u00edas.<br \/>Todos estas manifestaciones son gratuitas y est\u00e1n abiertas a todos. Est\u00e1n anunciadas de manera local y sobre su sitio web.<br \/>La ACSIR ha creado tambi\u00e9n las ediciones ACSIREIMS y publica ah\u00ed en particular algunas conferencias y los actos de los coloquios que organiza. Encontr\u00e1ramos archivos de audio y video de estas manifestaciones <a href=\"https:\/\/acsirpublications.wixsite.com\/publications-acsir\" target=\"_blank\" rel=\"noopener\">sobre su sitio web<\/a>.<\/p>\n\n\n<p><\/p>\n","protected":false},"excerpt":{"rendered":"<p>Entre mayo de 2014 y abril de 2016, el IEMJ recogi\u00f3 y digitaliz\u00f3 cerca de 150 partituras manuscritas de la sinagoga de Reims. Julianne Unterberger y Herv\u00e9 Roten recorren aqu\u00ed<\/p>\n","protected":false},"author":1045,"featured_media":63731,"comment_status":"closed","ping_status":"open","sticky":false,"template":"","format":"standard","meta":{"_acf_changed":false,"footnotes":""},"categories":[1587],"tags":[],"technique":[],"squelettes":[],"sujet":[],"formation":[],"genre":[1890],"fonds":[],"tradition":[],"type-de-contenu":[],"interprete-compositeur":[],"frise":[],"type-devenement":[],"tableaux-liens-externes":[],"class_list":["post-63730","post","type-post","status-publish","format-standard","has-post-thumbnail","hentry","category-fondos-principales-es","genre-liturgia-es"],"acf":[],"yoast_head":"<!-- This site is optimized with the Yoast SEO plugin v27.3 - https:\/\/yoast.com\/product\/yoast-seo-wordpress\/ -->\n<title>Los archivos musicales de la sinagoga de Reims - Institut Europ\u00e9en des Musiques Juives<\/title>\n<meta name=\"robots\" content=\"index, follow, max-snippet:-1, max-image-preview:large, max-video-preview:-1\" \/>\n<link rel=\"canonical\" href=\"https:\/\/www.iemj.org\/es\/les-archives-musicales-de-la-synagogue-de-reims\/\" \/>\n<meta property=\"og:locale\" content=\"es_ES\" \/>\n<meta property=\"og:type\" content=\"article\" \/>\n<meta property=\"og:title\" content=\"Los archivos musicales de la sinagoga de Reims - Institut Europ\u00e9en des Musiques Juives\" \/>\n<meta property=\"og:description\" content=\"Entre mayo de 2014 y abril de 2016, el IEMJ recogi\u00f3 y digitaliz\u00f3 cerca de 150 partituras manuscritas de la sinagoga de Reims. Julianne Unterberger y Herv\u00e9 Roten recorren aqu\u00ed\" \/>\n<meta property=\"og:url\" content=\"https:\/\/www.iemj.org\/es\/les-archives-musicales-de-la-synagogue-de-reims\/\" \/>\n<meta property=\"og:site_name\" content=\"Institut Europ\u00e9en des Musiques Juives\" \/>\n<meta property=\"article:publisher\" content=\"https:\/\/www.facebook.com\/MusiquesJuives\/\" \/>\n<meta property=\"article:published_time\" content=\"2016-04-28T14:29:13+00:00\" \/>\n<meta property=\"article:modified_time\" content=\"2021-09-14T09:12:10+00:00\" \/>\n<meta property=\"og:image\" content=\"https:\/\/www.iemj.org\/wp-content\/uploads\/2016\/04\/arton1641-e1618490472785.jpg\" \/>\n\t<meta property=\"og:image:width\" content=\"350\" \/>\n\t<meta property=\"og:image:height\" content=\"447\" \/>\n\t<meta property=\"og:image:type\" content=\"image\/jpeg\" \/>\n<meta name=\"author\" content=\"Herv\u00e9 Roten\" \/>\n<meta name=\"twitter:card\" content=\"summary_large_image\" \/>\n<meta name=\"twitter:label1\" content=\"Escrito por\" \/>\n\t<meta name=\"twitter:data1\" content=\"Herv\u00e9 Roten\" \/>\n\t<meta name=\"twitter:label2\" content=\"Tiempo de lectura\" \/>\n\t<meta name=\"twitter:data2\" content=\"4 minutos\" \/>\n<script type=\"application\/ld+json\" class=\"yoast-schema-graph\">{\"@context\":\"https:\\\/\\\/schema.org\",\"@graph\":[{\"@type\":\"Article\",\"@id\":\"https:\\\/\\\/www.iemj.org\\\/es\\\/les-archives-musicales-de-la-synagogue-de-reims\\\/#article\",\"isPartOf\":{\"@id\":\"https:\\\/\\\/www.iemj.org\\\/es\\\/les-archives-musicales-de-la-synagogue-de-reims\\\/\"},\"author\":{\"name\":\"Herv\u00e9 Roten\",\"@id\":\"https:\\\/\\\/www.iemj.org\\\/es\\\/#\\\/schema\\\/person\\\/906134402c29d5c76e7b726261dd4bbd\"},\"headline\":\"Los archivos musicales de la sinagoga de Reims\",\"datePublished\":\"2016-04-28T14:29:13+00:00\",\"dateModified\":\"2021-09-14T09:12:10+00:00\",\"mainEntityOfPage\":{\"@id\":\"https:\\\/\\\/www.iemj.org\\\/es\\\/les-archives-musicales-de-la-synagogue-de-reims\\\/\"},\"wordCount\":799,\"publisher\":{\"@id\":\"https:\\\/\\\/www.iemj.org\\\/es\\\/#organization\"},\"image\":{\"@id\":\"https:\\\/\\\/www.iemj.org\\\/es\\\/les-archives-musicales-de-la-synagogue-de-reims\\\/#primaryimage\"},\"thumbnailUrl\":\"https:\\\/\\\/www.iemj.org\\\/wp-content\\\/uploads\\\/2016\\\/04\\\/arton1641-e1618490472785.jpg\",\"articleSection\":[\"Fondos principales\"],\"inLanguage\":\"es\"},{\"@type\":\"WebPage\",\"@id\":\"https:\\\/\\\/www.iemj.org\\\/es\\\/les-archives-musicales-de-la-synagogue-de-reims\\\/\",\"url\":\"https:\\\/\\\/www.iemj.org\\\/es\\\/les-archives-musicales-de-la-synagogue-de-reims\\\/\",\"name\":\"Los archivos musicales de la sinagoga de Reims - Institut Europ\u00e9en des Musiques Juives\",\"isPartOf\":{\"@id\":\"https:\\\/\\\/www.iemj.org\\\/es\\\/#website\"},\"primaryImageOfPage\":{\"@id\":\"https:\\\/\\\/www.iemj.org\\\/es\\\/les-archives-musicales-de-la-synagogue-de-reims\\\/#primaryimage\"},\"image\":{\"@id\":\"https:\\\/\\\/www.iemj.org\\\/es\\\/les-archives-musicales-de-la-synagogue-de-reims\\\/#primaryimage\"},\"thumbnailUrl\":\"https:\\\/\\\/www.iemj.org\\\/wp-content\\\/uploads\\\/2016\\\/04\\\/arton1641-e1618490472785.jpg\",\"datePublished\":\"2016-04-28T14:29:13+00:00\",\"dateModified\":\"2021-09-14T09:12:10+00:00\",\"breadcrumb\":{\"@id\":\"https:\\\/\\\/www.iemj.org\\\/es\\\/les-archives-musicales-de-la-synagogue-de-reims\\\/#breadcrumb\"},\"inLanguage\":\"es\",\"potentialAction\":[{\"@type\":\"ReadAction\",\"target\":[\"https:\\\/\\\/www.iemj.org\\\/es\\\/les-archives-musicales-de-la-synagogue-de-reims\\\/\"]}]},{\"@type\":\"ImageObject\",\"inLanguage\":\"es\",\"@id\":\"https:\\\/\\\/www.iemj.org\\\/es\\\/les-archives-musicales-de-la-synagogue-de-reims\\\/#primaryimage\",\"url\":\"https:\\\/\\\/www.iemj.org\\\/wp-content\\\/uploads\\\/2016\\\/04\\\/arton1641-e1618490472785.jpg\",\"contentUrl\":\"https:\\\/\\\/www.iemj.org\\\/wp-content\\\/uploads\\\/2016\\\/04\\\/arton1641-e1618490472785.jpg\",\"width\":350,\"height\":447},{\"@type\":\"BreadcrumbList\",\"@id\":\"https:\\\/\\\/www.iemj.org\\\/es\\\/les-archives-musicales-de-la-synagogue-de-reims\\\/#breadcrumb\",\"itemListElement\":[{\"@type\":\"ListItem\",\"position\":1,\"name\":\"Accueil\",\"item\":\"https:\\\/\\\/www.iemj.org\\\/es\\\/\"},{\"@type\":\"ListItem\",\"position\":2,\"name\":\"Los archivos musicales de la sinagoga de Reims\"}]},{\"@type\":\"WebSite\",\"@id\":\"https:\\\/\\\/www.iemj.org\\\/es\\\/#website\",\"url\":\"https:\\\/\\\/www.iemj.org\\\/es\\\/\",\"name\":\"Institut Europ\u00e9en des Musiques Juives\",\"description\":\"Des traditions musicales \u00e0 la port\u00e9e de tous\",\"publisher\":{\"@id\":\"https:\\\/\\\/www.iemj.org\\\/es\\\/#organization\"},\"potentialAction\":[{\"@type\":\"SearchAction\",\"target\":{\"@type\":\"EntryPoint\",\"urlTemplate\":\"https:\\\/\\\/www.iemj.org\\\/es\\\/?s={search_term_string}\"},\"query-input\":{\"@type\":\"PropertyValueSpecification\",\"valueRequired\":true,\"valueName\":\"search_term_string\"}}],\"inLanguage\":\"es\"},{\"@type\":\"Organization\",\"@id\":\"https:\\\/\\\/www.iemj.org\\\/es\\\/#organization\",\"name\":\"Institut Europ\u00e9en des Musiques Juives\",\"url\":\"https:\\\/\\\/www.iemj.org\\\/es\\\/\",\"logo\":{\"@type\":\"ImageObject\",\"inLanguage\":\"es\",\"@id\":\"https:\\\/\\\/www.iemj.org\\\/es\\\/#\\\/schema\\\/logo\\\/image\\\/\",\"url\":\"https:\\\/\\\/www.iemj.org\\\/wp-content\\\/uploads\\\/2021\\\/09\\\/Logo-IEMJ-Paypal.jpg\",\"contentUrl\":\"https:\\\/\\\/www.iemj.org\\\/wp-content\\\/uploads\\\/2021\\\/09\\\/Logo-IEMJ-Paypal.jpg\",\"width\":150,\"height\":50,\"caption\":\"Institut Europ\u00e9en des Musiques Juives\"},\"image\":{\"@id\":\"https:\\\/\\\/www.iemj.org\\\/es\\\/#\\\/schema\\\/logo\\\/image\\\/\"},\"sameAs\":[\"https:\\\/\\\/www.facebook.com\\\/MusiquesJuives\\\/\",\"https:\\\/\\\/www.instagram.com\\\/musiquesjuives\\\/\",\"https:\\\/\\\/www.youtube.com\\\/user\\\/musiquesjuives\"]},{\"@type\":\"Person\",\"@id\":\"https:\\\/\\\/www.iemj.org\\\/es\\\/#\\\/schema\\\/person\\\/906134402c29d5c76e7b726261dd4bbd\",\"name\":\"Herv\u00e9 Roten\",\"image\":{\"@type\":\"ImageObject\",\"inLanguage\":\"es\",\"@id\":\"https:\\\/\\\/secure.gravatar.com\\\/avatar\\\/f96ad2db538a26481f18384936b5cd0610c92d390c4dc382209216d455f685ff?s=96&d=mm&r=g\",\"url\":\"https:\\\/\\\/secure.gravatar.com\\\/avatar\\\/f96ad2db538a26481f18384936b5cd0610c92d390c4dc382209216d455f685ff?s=96&d=mm&r=g\",\"contentUrl\":\"https:\\\/\\\/secure.gravatar.com\\\/avatar\\\/f96ad2db538a26481f18384936b5cd0610c92d390c4dc382209216d455f685ff?s=96&d=mm&r=g\",\"caption\":\"Herv\u00e9 Roten\"}}]}<\/script>\n<!-- \/ Yoast SEO plugin. -->","yoast_head_json":{"title":"Los archivos musicales de la sinagoga de Reims - Institut Europ\u00e9en des Musiques Juives","robots":{"index":"index","follow":"follow","max-snippet":"max-snippet:-1","max-image-preview":"max-image-preview:large","max-video-preview":"max-video-preview:-1"},"canonical":"https:\/\/www.iemj.org\/es\/les-archives-musicales-de-la-synagogue-de-reims\/","og_locale":"es_ES","og_type":"article","og_title":"Los archivos musicales de la sinagoga de Reims - Institut Europ\u00e9en des Musiques Juives","og_description":"Entre mayo de 2014 y abril de 2016, el IEMJ recogi\u00f3 y digitaliz\u00f3 cerca de 150 partituras manuscritas de la sinagoga de Reims. Julianne Unterberger y Herv\u00e9 Roten recorren aqu\u00ed","og_url":"https:\/\/www.iemj.org\/es\/les-archives-musicales-de-la-synagogue-de-reims\/","og_site_name":"Institut Europ\u00e9en des Musiques Juives","article_publisher":"https:\/\/www.facebook.com\/MusiquesJuives\/","article_published_time":"2016-04-28T14:29:13+00:00","article_modified_time":"2021-09-14T09:12:10+00:00","og_image":[{"width":350,"height":447,"url":"https:\/\/www.iemj.org\/wp-content\/uploads\/2016\/04\/arton1641-e1618490472785.jpg","type":"image\/jpeg"}],"author":"Herv\u00e9 Roten","twitter_card":"summary_large_image","twitter_misc":{"Escrito por":"Herv\u00e9 Roten","Tiempo de lectura":"4 minutos"},"schema":{"@context":"https:\/\/schema.org","@graph":[{"@type":"Article","@id":"https:\/\/www.iemj.org\/es\/les-archives-musicales-de-la-synagogue-de-reims\/#article","isPartOf":{"@id":"https:\/\/www.iemj.org\/es\/les-archives-musicales-de-la-synagogue-de-reims\/"},"author":{"name":"Herv\u00e9 Roten","@id":"https:\/\/www.iemj.org\/es\/#\/schema\/person\/906134402c29d5c76e7b726261dd4bbd"},"headline":"Los archivos musicales de la sinagoga de Reims","datePublished":"2016-04-28T14:29:13+00:00","dateModified":"2021-09-14T09:12:10+00:00","mainEntityOfPage":{"@id":"https:\/\/www.iemj.org\/es\/les-archives-musicales-de-la-synagogue-de-reims\/"},"wordCount":799,"publisher":{"@id":"https:\/\/www.iemj.org\/es\/#organization"},"image":{"@id":"https:\/\/www.iemj.org\/es\/les-archives-musicales-de-la-synagogue-de-reims\/#primaryimage"},"thumbnailUrl":"https:\/\/www.iemj.org\/wp-content\/uploads\/2016\/04\/arton1641-e1618490472785.jpg","articleSection":["Fondos principales"],"inLanguage":"es"},{"@type":"WebPage","@id":"https:\/\/www.iemj.org\/es\/les-archives-musicales-de-la-synagogue-de-reims\/","url":"https:\/\/www.iemj.org\/es\/les-archives-musicales-de-la-synagogue-de-reims\/","name":"Los archivos musicales de la sinagoga de Reims - Institut Europ\u00e9en des Musiques Juives","isPartOf":{"@id":"https:\/\/www.iemj.org\/es\/#website"},"primaryImageOfPage":{"@id":"https:\/\/www.iemj.org\/es\/les-archives-musicales-de-la-synagogue-de-reims\/#primaryimage"},"image":{"@id":"https:\/\/www.iemj.org\/es\/les-archives-musicales-de-la-synagogue-de-reims\/#primaryimage"},"thumbnailUrl":"https:\/\/www.iemj.org\/wp-content\/uploads\/2016\/04\/arton1641-e1618490472785.jpg","datePublished":"2016-04-28T14:29:13+00:00","dateModified":"2021-09-14T09:12:10+00:00","breadcrumb":{"@id":"https:\/\/www.iemj.org\/es\/les-archives-musicales-de-la-synagogue-de-reims\/#breadcrumb"},"inLanguage":"es","potentialAction":[{"@type":"ReadAction","target":["https:\/\/www.iemj.org\/es\/les-archives-musicales-de-la-synagogue-de-reims\/"]}]},{"@type":"ImageObject","inLanguage":"es","@id":"https:\/\/www.iemj.org\/es\/les-archives-musicales-de-la-synagogue-de-reims\/#primaryimage","url":"https:\/\/www.iemj.org\/wp-content\/uploads\/2016\/04\/arton1641-e1618490472785.jpg","contentUrl":"https:\/\/www.iemj.org\/wp-content\/uploads\/2016\/04\/arton1641-e1618490472785.jpg","width":350,"height":447},{"@type":"BreadcrumbList","@id":"https:\/\/www.iemj.org\/es\/les-archives-musicales-de-la-synagogue-de-reims\/#breadcrumb","itemListElement":[{"@type":"ListItem","position":1,"name":"Accueil","item":"https:\/\/www.iemj.org\/es\/"},{"@type":"ListItem","position":2,"name":"Los archivos musicales de la sinagoga de Reims"}]},{"@type":"WebSite","@id":"https:\/\/www.iemj.org\/es\/#website","url":"https:\/\/www.iemj.org\/es\/","name":"Institut Europ\u00e9en des Musiques Juives","description":"Des traditions musicales \u00e0 la port\u00e9e de tous","publisher":{"@id":"https:\/\/www.iemj.org\/es\/#organization"},"potentialAction":[{"@type":"SearchAction","target":{"@type":"EntryPoint","urlTemplate":"https:\/\/www.iemj.org\/es\/?s={search_term_string}"},"query-input":{"@type":"PropertyValueSpecification","valueRequired":true,"valueName":"search_term_string"}}],"inLanguage":"es"},{"@type":"Organization","@id":"https:\/\/www.iemj.org\/es\/#organization","name":"Institut Europ\u00e9en des Musiques Juives","url":"https:\/\/www.iemj.org\/es\/","logo":{"@type":"ImageObject","inLanguage":"es","@id":"https:\/\/www.iemj.org\/es\/#\/schema\/logo\/image\/","url":"https:\/\/www.iemj.org\/wp-content\/uploads\/2021\/09\/Logo-IEMJ-Paypal.jpg","contentUrl":"https:\/\/www.iemj.org\/wp-content\/uploads\/2021\/09\/Logo-IEMJ-Paypal.jpg","width":150,"height":50,"caption":"Institut Europ\u00e9en des Musiques Juives"},"image":{"@id":"https:\/\/www.iemj.org\/es\/#\/schema\/logo\/image\/"},"sameAs":["https:\/\/www.facebook.com\/MusiquesJuives\/","https:\/\/www.instagram.com\/musiquesjuives\/","https:\/\/www.youtube.com\/user\/musiquesjuives"]},{"@type":"Person","@id":"https:\/\/www.iemj.org\/es\/#\/schema\/person\/906134402c29d5c76e7b726261dd4bbd","name":"Herv\u00e9 Roten","image":{"@type":"ImageObject","inLanguage":"es","@id":"https:\/\/secure.gravatar.com\/avatar\/f96ad2db538a26481f18384936b5cd0610c92d390c4dc382209216d455f685ff?s=96&d=mm&r=g","url":"https:\/\/secure.gravatar.com\/avatar\/f96ad2db538a26481f18384936b5cd0610c92d390c4dc382209216d455f685ff?s=96&d=mm&r=g","contentUrl":"https:\/\/secure.gravatar.com\/avatar\/f96ad2db538a26481f18384936b5cd0610c92d390c4dc382209216d455f685ff?s=96&d=mm&r=g","caption":"Herv\u00e9 Roten"}}]}},"_links":{"self":[{"href":"https:\/\/www.iemj.org\/es\/wp-json\/wp\/v2\/posts\/63730","targetHints":{"allow":["GET"]}}],"collection":[{"href":"https:\/\/www.iemj.org\/es\/wp-json\/wp\/v2\/posts"}],"about":[{"href":"https:\/\/www.iemj.org\/es\/wp-json\/wp\/v2\/types\/post"}],"author":[{"embeddable":true,"href":"https:\/\/www.iemj.org\/es\/wp-json\/wp\/v2\/users\/1045"}],"replies":[{"embeddable":true,"href":"https:\/\/www.iemj.org\/es\/wp-json\/wp\/v2\/comments?post=63730"}],"version-history":[{"count":0,"href":"https:\/\/www.iemj.org\/es\/wp-json\/wp\/v2\/posts\/63730\/revisions"}],"wp:featuredmedia":[{"embeddable":true,"href":"https:\/\/www.iemj.org\/es\/wp-json\/wp\/v2\/media\/63731"}],"wp:attachment":[{"href":"https:\/\/www.iemj.org\/es\/wp-json\/wp\/v2\/media?parent=63730"}],"wp:term":[{"taxonomy":"category","embeddable":true,"href":"https:\/\/www.iemj.org\/es\/wp-json\/wp\/v2\/categories?post=63730"},{"taxonomy":"post_tag","embeddable":true,"href":"https:\/\/www.iemj.org\/es\/wp-json\/wp\/v2\/tags?post=63730"},{"taxonomy":"technique","embeddable":true,"href":"https:\/\/www.iemj.org\/es\/wp-json\/wp\/v2\/technique?post=63730"},{"taxonomy":"squelettes","embeddable":true,"href":"https:\/\/www.iemj.org\/es\/wp-json\/wp\/v2\/squelettes?post=63730"},{"taxonomy":"sujet","embeddable":true,"href":"https:\/\/www.iemj.org\/es\/wp-json\/wp\/v2\/sujet?post=63730"},{"taxonomy":"formation","embeddable":true,"href":"https:\/\/www.iemj.org\/es\/wp-json\/wp\/v2\/formation?post=63730"},{"taxonomy":"genre","embeddable":true,"href":"https:\/\/www.iemj.org\/es\/wp-json\/wp\/v2\/genre?post=63730"},{"taxonomy":"fonds","embeddable":true,"href":"https:\/\/www.iemj.org\/es\/wp-json\/wp\/v2\/fonds?post=63730"},{"taxonomy":"tradition","embeddable":true,"href":"https:\/\/www.iemj.org\/es\/wp-json\/wp\/v2\/tradition?post=63730"},{"taxonomy":"type-de-contenu","embeddable":true,"href":"https:\/\/www.iemj.org\/es\/wp-json\/wp\/v2\/type-de-contenu?post=63730"},{"taxonomy":"interprete-compositeur","embeddable":true,"href":"https:\/\/www.iemj.org\/es\/wp-json\/wp\/v2\/interprete-compositeur?post=63730"},{"taxonomy":"frise","embeddable":true,"href":"https:\/\/www.iemj.org\/es\/wp-json\/wp\/v2\/frise?post=63730"},{"taxonomy":"type-devenement","embeddable":true,"href":"https:\/\/www.iemj.org\/es\/wp-json\/wp\/v2\/type-devenement?post=63730"},{"taxonomy":"tableaux-liens-externes","embeddable":true,"href":"https:\/\/www.iemj.org\/es\/wp-json\/wp\/v2\/tableaux-liens-externes?post=63730"}],"curies":[{"name":"wp","href":"https:\/\/api.w.org\/{rel}","templated":true}]}}