{"id":63869,"date":"2016-05-19T16:02:25","date_gmt":"2016-05-19T14:02:25","guid":{"rendered":"https:\/\/www.iemj.org\/sauvegarde-des-archives-musicales-de-la-grande-synagogue-de-metz\/"},"modified":"2021-09-14T13:02:59","modified_gmt":"2021-09-14T11:02:59","slug":"sauvegarde-des-archives-musicales-de-la-grande-synagogue-de-metz","status":"publish","type":"post","link":"https:\/\/www.iemj.org\/es\/sauvegarde-des-archives-musicales-de-la-grande-synagogue-de-metz\/","title":{"rendered":"Fondo de la sinagoga de Metz"},"content":{"rendered":"<p>Entre junio y septiembre de 2015, el IEMJ digitaliz\u00f3 cerca de 500 partituras y otros documentos de la Comunidad de Metz, preservando as\u00ed una parte importante del patrimonio musical asquenaz\u00ed franc\u00e9s. Esta acci\u00f3n fue posible gracias al apoyo de la <strong>Fundaci\u00f3n para la Memoria de la Sho\u00e1<\/strong> y de la <strong>Fundaci\u00f3n Rothschild (Hanadiv) Europa.<\/strong><\/p>\n<p>El 4 de junio de 2015, de acuerdo con los antiguos y actuales presidentes de la comunidad de Metz, los se\u00f1ores Patrick Lazarus y Philippe Wolff, y el presidente de la Consistoire Isra\u00e9lite de la Moselle [Consistorio Israel\u00edte de Mosela], Jean-Claude MICHEL, el IEMJ acogi\u00f3 en sus colecciones los archivos musicales de la Gran Sinagoga de Metz.<\/p>\n<p><img fetchpriority=\"high\" decoding=\"async\" class=\" alignright size-full wp-image-10739\" src=\"https:\/\/www.iemj.org\/wp-content\/uploads\/2016\/05\/doc1metz500px_plus_petit.jpg\" alt=\"doc1metz500px_plus_petit.jpg\" width=\"225\" height=\"477\" align=\"right\" srcset=\"https:\/\/www.iemj.org\/wp-content\/uploads\/2016\/05\/doc1metz500px_plus_petit.jpg 225w, https:\/\/www.iemj.org\/wp-content\/uploads\/2016\/05\/doc1metz500px_plus_petit-142x300.jpg 142w\" sizes=\"(max-width: 225px) 100vw, 225px\" \/>Estos archivos, representando alrededor de 3 metros lineales de documentos, se componen esencialmente de partituras manuscritas que datan de la segunda mitad del siglo XIX hasta hoy.<\/p>\n<p>Muchas de estas partituras mostraban signos de humedad y de moho, que requer\u00edan una atenci\u00f3n inmediata de este fondo que tuvo que ser limpiado con una aspiradora \u00abespecial para la conservaci\u00f3n\u00bb y reenvasadas con un equipo de archivo profesional.<\/p>\n<p>Se ha elaborado un inventario de este fondo sinagogal.<\/p>\n<p>Hasta hoy, cuenta con 220 partituras. Algunas se siguen utilizando hoy en d\u00eda, otras han ca\u00eddo en el olvido. Muchas de las partituras antiguas tienen un sello alem\u00e1n de los a\u00f1os 1870 a 1918.<\/p>\n<p>La clasificaci\u00f3n y el estudio de este fondo requer\u00edan una supervisi\u00f3n musicol\u00f3gica constante. De hecho, numerosas partituras estaban en tal estado de deterioro que a veces hab\u00eda que reconstruirlas encontrando las p\u00e1ginas que faltaban o poni\u00e9ndolas en orden. Este trabajo fue realizado por Herv\u00e9 Roten, doctor en musicolog\u00eda y director del IEMJ.<\/p>\n<p><img decoding=\"async\" class=\" aligncenter size-full wp-image-10741\" src=\"https:\/\/www.iemj.org\/wp-content\/uploads\/2016\/05\/doc2_metz500px_plus_petit.jpg\" alt=\"doc2_metz500px_plus_petit.jpg\" width=\"425\" height=\"281\" align=\"middle\" srcset=\"https:\/\/www.iemj.org\/wp-content\/uploads\/2016\/05\/doc2_metz500px_plus_petit.jpg 425w, https:\/\/www.iemj.org\/wp-content\/uploads\/2016\/05\/doc2_metz500px_plus_petit-300x198.jpg 300w\" sizes=\"(max-width: 425px) 100vw, 425px\" \/><\/p>\n<p>Adem\u00e1s de este fondo de la sinagoga, existen dos fondos de archivos privados que complementan admirablemente los archivos de la Sinagoga de Metz. Se trata de los archivos de Salomon Binn, cantor de Metz en los a\u00f1os 20, y de su hijo <a href=\"https:\/\/www.iemj.org\/en\/binn-sylvain-1911-1999\/\" target=\"_blank\" rel=\"noopener\">Sylvain Binn<\/a>, director del coro de la sinagoga tras la Segunda Guerra mundial. Esta colecci\u00f3n de alrededor de 2,5 metros lineales fue donada al IEMJ por Serge Binn &#8211; el hijo de Sylvain y nieto de Salomon Binn. Contiene cerca de 230 documentos: partituras, fotograf\u00edas, extractos de prensa, carteles&#8230; Serge Binn ha documentado ampliamente este fondo aportando una valiosa informaci\u00f3n sobre numerosos documentos (fotos, partituras, prensa&#8230;).<\/p>\n<p>El segundo archivo privado procede del cantor <a href=\"https:\/\/www.iemj.org\/en\/kirch-albert-1918-2016\/\" target=\"_blank\" rel=\"noopener\">Albert Kirch (1918-2016)<\/a>, que ofici\u00f3 en Metz desde los a\u00f1os 50 hasta los a\u00f1os 80. Contiene una cincuentena de documentos: partituras de hazzanout, fotos, grabaciones, extractos de prensa&#8230;<\/p>\n<p><span style=\"font-size: inherit;\">El archivo musical completo &#8211; alrededor de 500 documentos &#8211; fue digitalizado por el IEMJ durante el verano de 2015. Estos archivos son disponibles ya en el cat\u00e1logo de nuestras colecciones (<strong><a href=\"http:\/\/www.rachelnet.net\/F\/?func=find-c&amp;ccl_term=WHOL+%3D+Metz+OR+WHOL+%3D+Binn+OR+WHOL+%3D+Kirch&amp;local_base=iemcg\" target=\"_blank\" rel=\"noopener\">Consultar todos los archivos: sinagoga de Metz, Binn y Kirch<\/a><\/strong><\/span><span style=\"font-size: inherit;\">) o con cita previa con el Instituto Europeo de las M\u00fasicas Jud\u00edas (<\/span><a href=\"mailto:contact@iemj.org\">contact@iemj.o<\/a><a href=\"mailto:contact@iemj.org\">rg<\/a><span style=\"font-size: inherit;\">)<\/span><\/p>\n<ul>\n<li><strong><a href=\"http:\/\/www.rachelnet.net\/F\/?func=find-c&amp;ccl_term=WHOL+%3D+Metz&amp;local_base=iemcg\" target=\"_blank\" rel=\"noopener\">Consultar la colecci\u00f3n de la sinagoga de Metz<\/a><\/strong><\/li>\n<li><strong><a href=\"http:\/\/www.rachelnet.net\/F\/?func=find-c&amp;ccl_term=WHOL+%3D+Binn&amp;local_base=iemcg\" target=\"_blank\" rel=\"noopener\">Consultar el fondo Binn<\/a><\/strong><\/li>\n<li><a href=\"http:\/\/www.rachelnet.net\/F\/?func=find-c&amp;ccl_term=WHOL+%3D+Kirch&amp;local_base=iemcg\" target=\"_blank\" rel=\"noopener\"><strong>Consultar el fondo Albert Kirch<\/strong><\/a><\/li>\n<\/ul>\n<div style=\"text-align: left;\">\n<div><\/div>\n<div style=\"margin: 8px 0px 4px;\"><a href=\"http:\/\/www.calameo.com\/books\/0046127491f9bba295fb6\" target=\"_blank\" rel=\"noopener noreferrer\">Ver una partitura del Servicio de los Tres Festivales (Fondo Albert Kirch)<\/a><\/div>\n<p><iframe style=\"margin: 0 auto;\" src=\"\/\/v.calameo.com\/?bkcode=0046127491f9bba295fb6&amp;mode=mini\" width=\"480\" height=\"300\" frameborder=\"0\" scrolling=\"no\" allowfullscreen=\"allowfullscreen\"><\/iframe><\/p>\n<\/div>\n","protected":false},"excerpt":{"rendered":"<p>Entre junio y septiembre de 2015, el IEMJ digitaliz\u00f3 cerca de 500 partituras y otros documentos de la Comunidad de Metz, preservando as\u00ed una parte importante del patrimonio musical asquenaz\u00ed<\/p>\n","protected":false},"author":1052,"featured_media":63870,"comment_status":"closed","ping_status":"open","sticky":false,"template":"","format":"standard","meta":{"_acf_changed":false,"footnotes":""},"categories":[1587],"tags":[],"technique":[],"squelettes":[],"sujet":[],"formation":[],"genre":[],"fonds":[],"tradition":[],"type-de-contenu":[],"interprete-compositeur":[],"frise":[],"type-devenement":[],"tableaux-liens-externes":[],"class_list":["post-63869","post","type-post","status-publish","format-standard","has-post-thumbnail","hentry","category-fondos-principales-es"],"acf":[],"yoast_head":"<!-- This site is optimized with the Yoast SEO plugin v27.3 - https:\/\/yoast.com\/product\/yoast-seo-wordpress\/ -->\n<title>Fondo de la sinagoga de Metz - Institut Europ\u00e9en des Musiques Juives<\/title>\n<meta name=\"robots\" content=\"index, follow, max-snippet:-1, max-image-preview:large, max-video-preview:-1\" \/>\n<link rel=\"canonical\" href=\"https:\/\/www.iemj.org\/es\/sauvegarde-des-archives-musicales-de-la-grande-synagogue-de-metz\/\" \/>\n<meta property=\"og:locale\" content=\"es_ES\" \/>\n<meta property=\"og:type\" content=\"article\" \/>\n<meta property=\"og:title\" content=\"Fondo de la sinagoga de Metz - Institut Europ\u00e9en des Musiques Juives\" \/>\n<meta property=\"og:description\" content=\"Entre junio y septiembre de 2015, el IEMJ digitaliz\u00f3 cerca de 500 partituras y otros documentos de la Comunidad de Metz, preservando as\u00ed una parte importante del patrimonio musical asquenaz\u00ed\" \/>\n<meta property=\"og:url\" content=\"https:\/\/www.iemj.org\/es\/sauvegarde-des-archives-musicales-de-la-grande-synagogue-de-metz\/\" \/>\n<meta property=\"og:site_name\" content=\"Institut Europ\u00e9en des Musiques Juives\" \/>\n<meta property=\"article:publisher\" content=\"https:\/\/www.facebook.com\/MusiquesJuives\/\" \/>\n<meta property=\"article:published_time\" content=\"2016-05-19T14:02:25+00:00\" \/>\n<meta property=\"article:modified_time\" content=\"2021-09-14T11:02:59+00:00\" \/>\n<meta property=\"og:image\" content=\"https:\/\/www.iemj.org\/wp-content\/uploads\/2016\/05\/arton1702-e1618483171645.jpg\" \/>\n\t<meta property=\"og:image:width\" content=\"350\" \/>\n\t<meta property=\"og:image:height\" content=\"350\" \/>\n\t<meta property=\"og:image:type\" content=\"image\/jpeg\" \/>\n<meta name=\"author\" content=\"Lea Couderc\" \/>\n<meta name=\"twitter:card\" content=\"summary_large_image\" \/>\n<meta name=\"twitter:label1\" content=\"Escrito por\" \/>\n\t<meta name=\"twitter:data1\" content=\"Lea Couderc\" \/>\n\t<meta name=\"twitter:label2\" content=\"Tiempo de lectura\" \/>\n\t<meta name=\"twitter:data2\" content=\"3 minutos\" \/>\n<script type=\"application\/ld+json\" class=\"yoast-schema-graph\">{\"@context\":\"https:\\\/\\\/schema.org\",\"@graph\":[{\"@type\":\"Article\",\"@id\":\"https:\\\/\\\/www.iemj.org\\\/es\\\/sauvegarde-des-archives-musicales-de-la-grande-synagogue-de-metz\\\/#article\",\"isPartOf\":{\"@id\":\"https:\\\/\\\/www.iemj.org\\\/es\\\/sauvegarde-des-archives-musicales-de-la-grande-synagogue-de-metz\\\/\"},\"author\":{\"name\":\"Lea Couderc\",\"@id\":\"https:\\\/\\\/www.iemj.org\\\/es\\\/#\\\/schema\\\/person\\\/e2ad57f2c4be119c7ed8ab79036807a9\"},\"headline\":\"Fondo de la sinagoga de Metz\",\"datePublished\":\"2016-05-19T14:02:25+00:00\",\"dateModified\":\"2021-09-14T11:02:59+00:00\",\"mainEntityOfPage\":{\"@id\":\"https:\\\/\\\/www.iemj.org\\\/es\\\/sauvegarde-des-archives-musicales-de-la-grande-synagogue-de-metz\\\/\"},\"wordCount\":525,\"publisher\":{\"@id\":\"https:\\\/\\\/www.iemj.org\\\/es\\\/#organization\"},\"image\":{\"@id\":\"https:\\\/\\\/www.iemj.org\\\/es\\\/sauvegarde-des-archives-musicales-de-la-grande-synagogue-de-metz\\\/#primaryimage\"},\"thumbnailUrl\":\"https:\\\/\\\/www.iemj.org\\\/wp-content\\\/uploads\\\/2016\\\/05\\\/arton1702-e1618483171645.jpg\",\"articleSection\":[\"Fondos principales\"],\"inLanguage\":\"es\"},{\"@type\":\"WebPage\",\"@id\":\"https:\\\/\\\/www.iemj.org\\\/es\\\/sauvegarde-des-archives-musicales-de-la-grande-synagogue-de-metz\\\/\",\"url\":\"https:\\\/\\\/www.iemj.org\\\/es\\\/sauvegarde-des-archives-musicales-de-la-grande-synagogue-de-metz\\\/\",\"name\":\"Fondo de la sinagoga de Metz - Institut Europ\u00e9en des Musiques Juives\",\"isPartOf\":{\"@id\":\"https:\\\/\\\/www.iemj.org\\\/es\\\/#website\"},\"primaryImageOfPage\":{\"@id\":\"https:\\\/\\\/www.iemj.org\\\/es\\\/sauvegarde-des-archives-musicales-de-la-grande-synagogue-de-metz\\\/#primaryimage\"},\"image\":{\"@id\":\"https:\\\/\\\/www.iemj.org\\\/es\\\/sauvegarde-des-archives-musicales-de-la-grande-synagogue-de-metz\\\/#primaryimage\"},\"thumbnailUrl\":\"https:\\\/\\\/www.iemj.org\\\/wp-content\\\/uploads\\\/2016\\\/05\\\/arton1702-e1618483171645.jpg\",\"datePublished\":\"2016-05-19T14:02:25+00:00\",\"dateModified\":\"2021-09-14T11:02:59+00:00\",\"breadcrumb\":{\"@id\":\"https:\\\/\\\/www.iemj.org\\\/es\\\/sauvegarde-des-archives-musicales-de-la-grande-synagogue-de-metz\\\/#breadcrumb\"},\"inLanguage\":\"es\",\"potentialAction\":[{\"@type\":\"ReadAction\",\"target\":[\"https:\\\/\\\/www.iemj.org\\\/es\\\/sauvegarde-des-archives-musicales-de-la-grande-synagogue-de-metz\\\/\"]}]},{\"@type\":\"ImageObject\",\"inLanguage\":\"es\",\"@id\":\"https:\\\/\\\/www.iemj.org\\\/es\\\/sauvegarde-des-archives-musicales-de-la-grande-synagogue-de-metz\\\/#primaryimage\",\"url\":\"https:\\\/\\\/www.iemj.org\\\/wp-content\\\/uploads\\\/2016\\\/05\\\/arton1702-e1618483171645.jpg\",\"contentUrl\":\"https:\\\/\\\/www.iemj.org\\\/wp-content\\\/uploads\\\/2016\\\/05\\\/arton1702-e1618483171645.jpg\",\"width\":350,\"height\":350},{\"@type\":\"BreadcrumbList\",\"@id\":\"https:\\\/\\\/www.iemj.org\\\/es\\\/sauvegarde-des-archives-musicales-de-la-grande-synagogue-de-metz\\\/#breadcrumb\",\"itemListElement\":[{\"@type\":\"ListItem\",\"position\":1,\"name\":\"Accueil\",\"item\":\"https:\\\/\\\/www.iemj.org\\\/es\\\/\"},{\"@type\":\"ListItem\",\"position\":2,\"name\":\"Fondo de la sinagoga de Metz\"}]},{\"@type\":\"WebSite\",\"@id\":\"https:\\\/\\\/www.iemj.org\\\/es\\\/#website\",\"url\":\"https:\\\/\\\/www.iemj.org\\\/es\\\/\",\"name\":\"Institut Europ\u00e9en des Musiques Juives\",\"description\":\"Des traditions musicales \u00e0 la port\u00e9e de tous\",\"publisher\":{\"@id\":\"https:\\\/\\\/www.iemj.org\\\/es\\\/#organization\"},\"potentialAction\":[{\"@type\":\"SearchAction\",\"target\":{\"@type\":\"EntryPoint\",\"urlTemplate\":\"https:\\\/\\\/www.iemj.org\\\/es\\\/?s={search_term_string}\"},\"query-input\":{\"@type\":\"PropertyValueSpecification\",\"valueRequired\":true,\"valueName\":\"search_term_string\"}}],\"inLanguage\":\"es\"},{\"@type\":\"Organization\",\"@id\":\"https:\\\/\\\/www.iemj.org\\\/es\\\/#organization\",\"name\":\"Institut Europ\u00e9en des Musiques Juives\",\"url\":\"https:\\\/\\\/www.iemj.org\\\/es\\\/\",\"logo\":{\"@type\":\"ImageObject\",\"inLanguage\":\"es\",\"@id\":\"https:\\\/\\\/www.iemj.org\\\/es\\\/#\\\/schema\\\/logo\\\/image\\\/\",\"url\":\"https:\\\/\\\/www.iemj.org\\\/wp-content\\\/uploads\\\/2021\\\/09\\\/Logo-IEMJ-Paypal.jpg\",\"contentUrl\":\"https:\\\/\\\/www.iemj.org\\\/wp-content\\\/uploads\\\/2021\\\/09\\\/Logo-IEMJ-Paypal.jpg\",\"width\":150,\"height\":50,\"caption\":\"Institut Europ\u00e9en des Musiques Juives\"},\"image\":{\"@id\":\"https:\\\/\\\/www.iemj.org\\\/es\\\/#\\\/schema\\\/logo\\\/image\\\/\"},\"sameAs\":[\"https:\\\/\\\/www.facebook.com\\\/MusiquesJuives\\\/\",\"https:\\\/\\\/www.instagram.com\\\/musiquesjuives\\\/\",\"https:\\\/\\\/www.youtube.com\\\/user\\\/musiquesjuives\"]},{\"@type\":\"Person\",\"@id\":\"https:\\\/\\\/www.iemj.org\\\/es\\\/#\\\/schema\\\/person\\\/e2ad57f2c4be119c7ed8ab79036807a9\",\"name\":\"Lea Couderc\",\"image\":{\"@type\":\"ImageObject\",\"inLanguage\":\"es\",\"@id\":\"https:\\\/\\\/secure.gravatar.com\\\/avatar\\\/46ee021475d60aeff17a7e490b79dea5a5684bb392ab7fd1494027411df8ba23?s=96&d=mm&r=g\",\"url\":\"https:\\\/\\\/secure.gravatar.com\\\/avatar\\\/46ee021475d60aeff17a7e490b79dea5a5684bb392ab7fd1494027411df8ba23?s=96&d=mm&r=g\",\"contentUrl\":\"https:\\\/\\\/secure.gravatar.com\\\/avatar\\\/46ee021475d60aeff17a7e490b79dea5a5684bb392ab7fd1494027411df8ba23?s=96&d=mm&r=g\",\"caption\":\"Lea Couderc\"}}]}<\/script>\n<!-- \/ Yoast SEO plugin. -->","yoast_head_json":{"title":"Fondo de la sinagoga de Metz - Institut Europ\u00e9en des Musiques Juives","robots":{"index":"index","follow":"follow","max-snippet":"max-snippet:-1","max-image-preview":"max-image-preview:large","max-video-preview":"max-video-preview:-1"},"canonical":"https:\/\/www.iemj.org\/es\/sauvegarde-des-archives-musicales-de-la-grande-synagogue-de-metz\/","og_locale":"es_ES","og_type":"article","og_title":"Fondo de la sinagoga de Metz - Institut Europ\u00e9en des Musiques Juives","og_description":"Entre junio y septiembre de 2015, el IEMJ digitaliz\u00f3 cerca de 500 partituras y otros documentos de la Comunidad de Metz, preservando as\u00ed una parte importante del patrimonio musical asquenaz\u00ed","og_url":"https:\/\/www.iemj.org\/es\/sauvegarde-des-archives-musicales-de-la-grande-synagogue-de-metz\/","og_site_name":"Institut Europ\u00e9en des Musiques Juives","article_publisher":"https:\/\/www.facebook.com\/MusiquesJuives\/","article_published_time":"2016-05-19T14:02:25+00:00","article_modified_time":"2021-09-14T11:02:59+00:00","og_image":[{"width":350,"height":350,"url":"https:\/\/www.iemj.org\/wp-content\/uploads\/2016\/05\/arton1702-e1618483171645.jpg","type":"image\/jpeg"}],"author":"Lea Couderc","twitter_card":"summary_large_image","twitter_misc":{"Escrito por":"Lea Couderc","Tiempo de lectura":"3 minutos"},"schema":{"@context":"https:\/\/schema.org","@graph":[{"@type":"Article","@id":"https:\/\/www.iemj.org\/es\/sauvegarde-des-archives-musicales-de-la-grande-synagogue-de-metz\/#article","isPartOf":{"@id":"https:\/\/www.iemj.org\/es\/sauvegarde-des-archives-musicales-de-la-grande-synagogue-de-metz\/"},"author":{"name":"Lea Couderc","@id":"https:\/\/www.iemj.org\/es\/#\/schema\/person\/e2ad57f2c4be119c7ed8ab79036807a9"},"headline":"Fondo de la sinagoga de Metz","datePublished":"2016-05-19T14:02:25+00:00","dateModified":"2021-09-14T11:02:59+00:00","mainEntityOfPage":{"@id":"https:\/\/www.iemj.org\/es\/sauvegarde-des-archives-musicales-de-la-grande-synagogue-de-metz\/"},"wordCount":525,"publisher":{"@id":"https:\/\/www.iemj.org\/es\/#organization"},"image":{"@id":"https:\/\/www.iemj.org\/es\/sauvegarde-des-archives-musicales-de-la-grande-synagogue-de-metz\/#primaryimage"},"thumbnailUrl":"https:\/\/www.iemj.org\/wp-content\/uploads\/2016\/05\/arton1702-e1618483171645.jpg","articleSection":["Fondos principales"],"inLanguage":"es"},{"@type":"WebPage","@id":"https:\/\/www.iemj.org\/es\/sauvegarde-des-archives-musicales-de-la-grande-synagogue-de-metz\/","url":"https:\/\/www.iemj.org\/es\/sauvegarde-des-archives-musicales-de-la-grande-synagogue-de-metz\/","name":"Fondo de la sinagoga de Metz - Institut Europ\u00e9en des Musiques Juives","isPartOf":{"@id":"https:\/\/www.iemj.org\/es\/#website"},"primaryImageOfPage":{"@id":"https:\/\/www.iemj.org\/es\/sauvegarde-des-archives-musicales-de-la-grande-synagogue-de-metz\/#primaryimage"},"image":{"@id":"https:\/\/www.iemj.org\/es\/sauvegarde-des-archives-musicales-de-la-grande-synagogue-de-metz\/#primaryimage"},"thumbnailUrl":"https:\/\/www.iemj.org\/wp-content\/uploads\/2016\/05\/arton1702-e1618483171645.jpg","datePublished":"2016-05-19T14:02:25+00:00","dateModified":"2021-09-14T11:02:59+00:00","breadcrumb":{"@id":"https:\/\/www.iemj.org\/es\/sauvegarde-des-archives-musicales-de-la-grande-synagogue-de-metz\/#breadcrumb"},"inLanguage":"es","potentialAction":[{"@type":"ReadAction","target":["https:\/\/www.iemj.org\/es\/sauvegarde-des-archives-musicales-de-la-grande-synagogue-de-metz\/"]}]},{"@type":"ImageObject","inLanguage":"es","@id":"https:\/\/www.iemj.org\/es\/sauvegarde-des-archives-musicales-de-la-grande-synagogue-de-metz\/#primaryimage","url":"https:\/\/www.iemj.org\/wp-content\/uploads\/2016\/05\/arton1702-e1618483171645.jpg","contentUrl":"https:\/\/www.iemj.org\/wp-content\/uploads\/2016\/05\/arton1702-e1618483171645.jpg","width":350,"height":350},{"@type":"BreadcrumbList","@id":"https:\/\/www.iemj.org\/es\/sauvegarde-des-archives-musicales-de-la-grande-synagogue-de-metz\/#breadcrumb","itemListElement":[{"@type":"ListItem","position":1,"name":"Accueil","item":"https:\/\/www.iemj.org\/es\/"},{"@type":"ListItem","position":2,"name":"Fondo de la sinagoga de Metz"}]},{"@type":"WebSite","@id":"https:\/\/www.iemj.org\/es\/#website","url":"https:\/\/www.iemj.org\/es\/","name":"Institut Europ\u00e9en des Musiques Juives","description":"Des traditions musicales \u00e0 la port\u00e9e de tous","publisher":{"@id":"https:\/\/www.iemj.org\/es\/#organization"},"potentialAction":[{"@type":"SearchAction","target":{"@type":"EntryPoint","urlTemplate":"https:\/\/www.iemj.org\/es\/?s={search_term_string}"},"query-input":{"@type":"PropertyValueSpecification","valueRequired":true,"valueName":"search_term_string"}}],"inLanguage":"es"},{"@type":"Organization","@id":"https:\/\/www.iemj.org\/es\/#organization","name":"Institut Europ\u00e9en des Musiques Juives","url":"https:\/\/www.iemj.org\/es\/","logo":{"@type":"ImageObject","inLanguage":"es","@id":"https:\/\/www.iemj.org\/es\/#\/schema\/logo\/image\/","url":"https:\/\/www.iemj.org\/wp-content\/uploads\/2021\/09\/Logo-IEMJ-Paypal.jpg","contentUrl":"https:\/\/www.iemj.org\/wp-content\/uploads\/2021\/09\/Logo-IEMJ-Paypal.jpg","width":150,"height":50,"caption":"Institut Europ\u00e9en des Musiques Juives"},"image":{"@id":"https:\/\/www.iemj.org\/es\/#\/schema\/logo\/image\/"},"sameAs":["https:\/\/www.facebook.com\/MusiquesJuives\/","https:\/\/www.instagram.com\/musiquesjuives\/","https:\/\/www.youtube.com\/user\/musiquesjuives"]},{"@type":"Person","@id":"https:\/\/www.iemj.org\/es\/#\/schema\/person\/e2ad57f2c4be119c7ed8ab79036807a9","name":"Lea Couderc","image":{"@type":"ImageObject","inLanguage":"es","@id":"https:\/\/secure.gravatar.com\/avatar\/46ee021475d60aeff17a7e490b79dea5a5684bb392ab7fd1494027411df8ba23?s=96&d=mm&r=g","url":"https:\/\/secure.gravatar.com\/avatar\/46ee021475d60aeff17a7e490b79dea5a5684bb392ab7fd1494027411df8ba23?s=96&d=mm&r=g","contentUrl":"https:\/\/secure.gravatar.com\/avatar\/46ee021475d60aeff17a7e490b79dea5a5684bb392ab7fd1494027411df8ba23?s=96&d=mm&r=g","caption":"Lea Couderc"}}]}},"_links":{"self":[{"href":"https:\/\/www.iemj.org\/es\/wp-json\/wp\/v2\/posts\/63869","targetHints":{"allow":["GET"]}}],"collection":[{"href":"https:\/\/www.iemj.org\/es\/wp-json\/wp\/v2\/posts"}],"about":[{"href":"https:\/\/www.iemj.org\/es\/wp-json\/wp\/v2\/types\/post"}],"author":[{"embeddable":true,"href":"https:\/\/www.iemj.org\/es\/wp-json\/wp\/v2\/users\/1052"}],"replies":[{"embeddable":true,"href":"https:\/\/www.iemj.org\/es\/wp-json\/wp\/v2\/comments?post=63869"}],"version-history":[{"count":0,"href":"https:\/\/www.iemj.org\/es\/wp-json\/wp\/v2\/posts\/63869\/revisions"}],"wp:featuredmedia":[{"embeddable":true,"href":"https:\/\/www.iemj.org\/es\/wp-json\/wp\/v2\/media\/63870"}],"wp:attachment":[{"href":"https:\/\/www.iemj.org\/es\/wp-json\/wp\/v2\/media?parent=63869"}],"wp:term":[{"taxonomy":"category","embeddable":true,"href":"https:\/\/www.iemj.org\/es\/wp-json\/wp\/v2\/categories?post=63869"},{"taxonomy":"post_tag","embeddable":true,"href":"https:\/\/www.iemj.org\/es\/wp-json\/wp\/v2\/tags?post=63869"},{"taxonomy":"technique","embeddable":true,"href":"https:\/\/www.iemj.org\/es\/wp-json\/wp\/v2\/technique?post=63869"},{"taxonomy":"squelettes","embeddable":true,"href":"https:\/\/www.iemj.org\/es\/wp-json\/wp\/v2\/squelettes?post=63869"},{"taxonomy":"sujet","embeddable":true,"href":"https:\/\/www.iemj.org\/es\/wp-json\/wp\/v2\/sujet?post=63869"},{"taxonomy":"formation","embeddable":true,"href":"https:\/\/www.iemj.org\/es\/wp-json\/wp\/v2\/formation?post=63869"},{"taxonomy":"genre","embeddable":true,"href":"https:\/\/www.iemj.org\/es\/wp-json\/wp\/v2\/genre?post=63869"},{"taxonomy":"fonds","embeddable":true,"href":"https:\/\/www.iemj.org\/es\/wp-json\/wp\/v2\/fonds?post=63869"},{"taxonomy":"tradition","embeddable":true,"href":"https:\/\/www.iemj.org\/es\/wp-json\/wp\/v2\/tradition?post=63869"},{"taxonomy":"type-de-contenu","embeddable":true,"href":"https:\/\/www.iemj.org\/es\/wp-json\/wp\/v2\/type-de-contenu?post=63869"},{"taxonomy":"interprete-compositeur","embeddable":true,"href":"https:\/\/www.iemj.org\/es\/wp-json\/wp\/v2\/interprete-compositeur?post=63869"},{"taxonomy":"frise","embeddable":true,"href":"https:\/\/www.iemj.org\/es\/wp-json\/wp\/v2\/frise?post=63869"},{"taxonomy":"type-devenement","embeddable":true,"href":"https:\/\/www.iemj.org\/es\/wp-json\/wp\/v2\/type-devenement?post=63869"},{"taxonomy":"tableaux-liens-externes","embeddable":true,"href":"https:\/\/www.iemj.org\/es\/wp-json\/wp\/v2\/tableaux-liens-externes?post=63869"}],"curies":[{"name":"wp","href":"https:\/\/api.w.org\/{rel}","templated":true}]}}