{"id":64138,"date":"2017-01-18T17:27:21","date_gmt":"2017-01-18T16:27:21","guid":{"rendered":"https:\/\/www.iemj.org\/fonds-des-archives-musicales-de-la-synagogue-de-neuilly-seine\/"},"modified":"2021-09-14T14:54:17","modified_gmt":"2021-09-14T12:54:17","slug":"fonds-des-archives-musicales-de-la-synagogue-de-neuilly-seine","status":"publish","type":"post","link":"https:\/\/www.iemj.org\/es\/fonds-des-archives-musicales-de-la-synagogue-de-neuilly-seine\/","title":{"rendered":"Fondo de los archivos musicales de la Sinagoga de Neuilly-sur-Seine"},"content":{"rendered":"<p>El 1 de noviembre de 2011, la sinagoga de Neuilly ha dejado al Instituto Europeo de las M\u00fasicas Jud\u00edas, el conjunto de sus archivos musicales, sea despu\u00e9s del inventario: m\u00e1s de 370 partituras y archivos que han sido limpiados, acondicionados en material de archivo profesional, buscados y listados.<\/p>\n<p>Estos documentos estaban guardados en un armario no cerrado y accesible a todos. Ya son digitalizados, catalogados y accesibles para el publico en el seno del <a href=\"http:\/\/www.rachelnet.net\/F\/?func=find-c&amp;ccl_term=WHOC%3DSynagogue+de+Neuilly&amp;local_base=iemcg&amp;x=15&amp;y=16\" target=\"_blank\" rel=\"noopener\">cat\u00e1logo\u00a0Rachel<\/a>.<\/p>\n<p>Este trabajo, que ha beneficiado del apoyo de la Fundaci\u00f3n del Juda\u00edsmo Franc\u00e9s, de Yuval, de la DRAC Ile-de France, del Instituto Alain de Rothschild, de la Fundaci\u00f3n para la Memoria de la Sho\u00e1, y de la familia Halphen, completa de manera admirable el trabajo realizado sobre los <a href=\"https:\/\/www.iemj.org\/es\/fonds-des-archives-musicales-de-la-grande-synagogue-de-la-victoire-paris\/\" target=\"_blank\" rel=\"noopener\">archivos musiclaes de la Gran Sinagoga de la Victoria<\/a>. Permite dar una idea fiel de la vida de la comunidad jud\u00eda de Neuilly y de su implicaci\u00f3n en la m\u00fasica consistorial de rito asquenaz\u00ed durante casi 140 anos.<\/p>\n<p><img fetchpriority=\"high\" decoding=\"async\" class=\" aligncenter size-full wp-image-64164\" src=\"https:\/\/www.iemj.org\/wp-content\/uploads\/2017\/01\/composition_neuilly.jpg\" alt=\"composition_neuilly.jpg\" width=\"1046\" height=\"281\" align=\"middle\" srcset=\"https:\/\/www.iemj.org\/wp-content\/uploads\/2017\/01\/composition_neuilly.jpg 1046w, https:\/\/www.iemj.org\/wp-content\/uploads\/2017\/01\/composition_neuilly-300x81.jpg 300w, https:\/\/www.iemj.org\/wp-content\/uploads\/2017\/01\/composition_neuilly-1024x275.jpg 1024w, https:\/\/www.iemj.org\/wp-content\/uploads\/2017\/01\/composition_neuilly-768x206.jpg 768w, https:\/\/www.iemj.org\/wp-content\/uploads\/2017\/01\/composition_neuilly-600x161.jpg 600w\" sizes=\"(max-width: 1046px) 100vw, 1046px\" \/><\/p>\n<p>Los archivos est\u00e1n consultables en el cat\u00e1logo de nuestras colecciones (<strong><a href=\"http:\/\/www.rachelnet.net\/F\/?func=find-c&amp;ccl_term=WHOC%3DSynagogue+de+Neuilly&amp;local_base=iemcg&amp;x=15&amp;y=16\" target=\"_blank\" rel=\"noopener\">acceder al fondo de archivos de la sinagoga de\u00a0Neuilly-sur-Seine<\/a><\/strong><a href=\"http:\/\/www.rachelnet.net\/F\/?func=find-c&amp;ccl_term=WHOC%3DNeuilly&amp;local_base=iemcg&amp;x=0&amp;y=0\">.<\/a>) o con cita previa con del Instituto Europeo de las M\u00fasicas Jud\u00edas (<a href=\"mailto:contact@iemj.org\">contact@iemj.org<\/a>)<\/p>\n<p><a href=\"http:\/\/www.synaneuilly.com\/\" target=\"_blank\" rel=\"noopener\">Saber m\u00e1s sobre la historia de la sinagoga Neuilly<\/a><\/p>\n<p><a href=\"https:\/\/www.iemj.org\/en\/conservation-and-digitalization-of-synagogue-music-archives\/\" target=\"_blank\" rel=\"noopener\">Consultar la descripci\u00f3n de la misi\u00f3n de conservaci\u00f3n de los archivos de La Victoire (La Victoria) y de Neuilly<\/a><\/p>\n","protected":false},"excerpt":{"rendered":"<p>El 1 de noviembre de 2011, la sinagoga de Neuilly ha dejado al Instituto Europeo de las M\u00fasicas Jud\u00edas, el conjunto de sus archivos musicales, sea despu\u00e9s del inventario: m\u00e1s<\/p>\n","protected":false},"author":5,"featured_media":64139,"comment_status":"closed","ping_status":"open","sticky":false,"template":"","format":"standard","meta":{"_acf_changed":false,"footnotes":""},"categories":[1587],"tags":[],"technique":[],"squelettes":[],"sujet":[],"formation":[],"genre":[],"fonds":[],"tradition":[],"type-de-contenu":[],"interprete-compositeur":[],"frise":[],"type-devenement":[],"tableaux-liens-externes":[],"class_list":["post-64138","post","type-post","status-publish","format-standard","has-post-thumbnail","hentry","category-fondos-principales-es"],"acf":[],"yoast_head":"<!-- This site is optimized with the Yoast SEO plugin v27.3 - https:\/\/yoast.com\/product\/yoast-seo-wordpress\/ -->\n<title>Fondo de los archivos musicales de la Sinagoga de Neuilly-sur-Seine - Institut Europ\u00e9en des Musiques Juives<\/title>\n<meta name=\"robots\" content=\"index, follow, max-snippet:-1, max-image-preview:large, max-video-preview:-1\" \/>\n<link rel=\"canonical\" href=\"https:\/\/www.iemj.org\/es\/fonds-des-archives-musicales-de-la-synagogue-de-neuilly-seine\/\" \/>\n<meta property=\"og:locale\" content=\"es_ES\" \/>\n<meta property=\"og:type\" content=\"article\" \/>\n<meta property=\"og:title\" content=\"Fondo de los archivos musicales de la Sinagoga de Neuilly-sur-Seine - Institut Europ\u00e9en des Musiques Juives\" \/>\n<meta property=\"og:description\" content=\"El 1 de noviembre de 2011, la sinagoga de Neuilly ha dejado al Instituto Europeo de las M\u00fasicas Jud\u00edas, el conjunto de sus archivos musicales, sea despu\u00e9s del inventario: m\u00e1s\" \/>\n<meta property=\"og:url\" content=\"https:\/\/www.iemj.org\/es\/fonds-des-archives-musicales-de-la-synagogue-de-neuilly-seine\/\" \/>\n<meta property=\"og:site_name\" content=\"Institut Europ\u00e9en des Musiques Juives\" \/>\n<meta property=\"article:publisher\" content=\"https:\/\/www.facebook.com\/MusiquesJuives\/\" \/>\n<meta property=\"article:published_time\" content=\"2017-01-18T16:27:21+00:00\" \/>\n<meta property=\"article:modified_time\" content=\"2021-09-14T12:54:17+00:00\" \/>\n<meta property=\"og:image\" content=\"https:\/\/www.iemj.org\/wp-content\/uploads\/2017\/01\/arton2048-e1618480314753.jpg\" \/>\n\t<meta property=\"og:image:width\" content=\"350\" \/>\n\t<meta property=\"og:image:height\" content=\"280\" \/>\n\t<meta property=\"og:image:type\" content=\"image\/jpeg\" \/>\n<meta name=\"author\" content=\"Jacqueline ROTEN\" \/>\n<meta name=\"twitter:card\" content=\"summary_large_image\" \/>\n<meta name=\"twitter:label1\" content=\"Escrito por\" \/>\n\t<meta name=\"twitter:data1\" content=\"Jacqueline ROTEN\" \/>\n\t<meta name=\"twitter:label2\" content=\"Tiempo de lectura\" \/>\n\t<meta name=\"twitter:data2\" content=\"2 minutos\" \/>\n<script type=\"application\/ld+json\" class=\"yoast-schema-graph\">{\"@context\":\"https:\\\/\\\/schema.org\",\"@graph\":[{\"@type\":\"Article\",\"@id\":\"https:\\\/\\\/www.iemj.org\\\/es\\\/fonds-des-archives-musicales-de-la-synagogue-de-neuilly-seine\\\/#article\",\"isPartOf\":{\"@id\":\"https:\\\/\\\/www.iemj.org\\\/es\\\/fonds-des-archives-musicales-de-la-synagogue-de-neuilly-seine\\\/\"},\"author\":{\"name\":\"Jacqueline ROTEN\",\"@id\":\"https:\\\/\\\/www.iemj.org\\\/es\\\/#\\\/schema\\\/person\\\/358e26c18aca017fcc4cc15437f7279c\"},\"headline\":\"Fondo de los archivos musicales de la Sinagoga de Neuilly-sur-Seine\",\"datePublished\":\"2017-01-18T16:27:21+00:00\",\"dateModified\":\"2021-09-14T12:54:17+00:00\",\"mainEntityOfPage\":{\"@id\":\"https:\\\/\\\/www.iemj.org\\\/es\\\/fonds-des-archives-musicales-de-la-synagogue-de-neuilly-seine\\\/\"},\"wordCount\":251,\"publisher\":{\"@id\":\"https:\\\/\\\/www.iemj.org\\\/es\\\/#organization\"},\"image\":{\"@id\":\"https:\\\/\\\/www.iemj.org\\\/es\\\/fonds-des-archives-musicales-de-la-synagogue-de-neuilly-seine\\\/#primaryimage\"},\"thumbnailUrl\":\"https:\\\/\\\/www.iemj.org\\\/wp-content\\\/uploads\\\/2017\\\/01\\\/arton2048-e1618480314753.jpg\",\"articleSection\":[\"Fondos principales\"],\"inLanguage\":\"es\"},{\"@type\":\"WebPage\",\"@id\":\"https:\\\/\\\/www.iemj.org\\\/es\\\/fonds-des-archives-musicales-de-la-synagogue-de-neuilly-seine\\\/\",\"url\":\"https:\\\/\\\/www.iemj.org\\\/es\\\/fonds-des-archives-musicales-de-la-synagogue-de-neuilly-seine\\\/\",\"name\":\"Fondo de los archivos musicales de la Sinagoga de Neuilly-sur-Seine - Institut Europ\u00e9en des Musiques Juives\",\"isPartOf\":{\"@id\":\"https:\\\/\\\/www.iemj.org\\\/es\\\/#website\"},\"primaryImageOfPage\":{\"@id\":\"https:\\\/\\\/www.iemj.org\\\/es\\\/fonds-des-archives-musicales-de-la-synagogue-de-neuilly-seine\\\/#primaryimage\"},\"image\":{\"@id\":\"https:\\\/\\\/www.iemj.org\\\/es\\\/fonds-des-archives-musicales-de-la-synagogue-de-neuilly-seine\\\/#primaryimage\"},\"thumbnailUrl\":\"https:\\\/\\\/www.iemj.org\\\/wp-content\\\/uploads\\\/2017\\\/01\\\/arton2048-e1618480314753.jpg\",\"datePublished\":\"2017-01-18T16:27:21+00:00\",\"dateModified\":\"2021-09-14T12:54:17+00:00\",\"breadcrumb\":{\"@id\":\"https:\\\/\\\/www.iemj.org\\\/es\\\/fonds-des-archives-musicales-de-la-synagogue-de-neuilly-seine\\\/#breadcrumb\"},\"inLanguage\":\"es\",\"potentialAction\":[{\"@type\":\"ReadAction\",\"target\":[\"https:\\\/\\\/www.iemj.org\\\/es\\\/fonds-des-archives-musicales-de-la-synagogue-de-neuilly-seine\\\/\"]}]},{\"@type\":\"ImageObject\",\"inLanguage\":\"es\",\"@id\":\"https:\\\/\\\/www.iemj.org\\\/es\\\/fonds-des-archives-musicales-de-la-synagogue-de-neuilly-seine\\\/#primaryimage\",\"url\":\"https:\\\/\\\/www.iemj.org\\\/wp-content\\\/uploads\\\/2017\\\/01\\\/arton2048-e1618480314753.jpg\",\"contentUrl\":\"https:\\\/\\\/www.iemj.org\\\/wp-content\\\/uploads\\\/2017\\\/01\\\/arton2048-e1618480314753.jpg\",\"width\":350,\"height\":280},{\"@type\":\"BreadcrumbList\",\"@id\":\"https:\\\/\\\/www.iemj.org\\\/es\\\/fonds-des-archives-musicales-de-la-synagogue-de-neuilly-seine\\\/#breadcrumb\",\"itemListElement\":[{\"@type\":\"ListItem\",\"position\":1,\"name\":\"Accueil\",\"item\":\"https:\\\/\\\/www.iemj.org\\\/es\\\/\"},{\"@type\":\"ListItem\",\"position\":2,\"name\":\"Fondo de los archivos musicales de la Sinagoga de Neuilly-sur-Seine\"}]},{\"@type\":\"WebSite\",\"@id\":\"https:\\\/\\\/www.iemj.org\\\/es\\\/#website\",\"url\":\"https:\\\/\\\/www.iemj.org\\\/es\\\/\",\"name\":\"Institut Europ\u00e9en des Musiques Juives\",\"description\":\"Des traditions musicales \u00e0 la port\u00e9e de tous\",\"publisher\":{\"@id\":\"https:\\\/\\\/www.iemj.org\\\/es\\\/#organization\"},\"potentialAction\":[{\"@type\":\"SearchAction\",\"target\":{\"@type\":\"EntryPoint\",\"urlTemplate\":\"https:\\\/\\\/www.iemj.org\\\/es\\\/?s={search_term_string}\"},\"query-input\":{\"@type\":\"PropertyValueSpecification\",\"valueRequired\":true,\"valueName\":\"search_term_string\"}}],\"inLanguage\":\"es\"},{\"@type\":\"Organization\",\"@id\":\"https:\\\/\\\/www.iemj.org\\\/es\\\/#organization\",\"name\":\"Institut Europ\u00e9en des Musiques Juives\",\"url\":\"https:\\\/\\\/www.iemj.org\\\/es\\\/\",\"logo\":{\"@type\":\"ImageObject\",\"inLanguage\":\"es\",\"@id\":\"https:\\\/\\\/www.iemj.org\\\/es\\\/#\\\/schema\\\/logo\\\/image\\\/\",\"url\":\"https:\\\/\\\/www.iemj.org\\\/wp-content\\\/uploads\\\/2021\\\/09\\\/Logo-IEMJ-Paypal.jpg\",\"contentUrl\":\"https:\\\/\\\/www.iemj.org\\\/wp-content\\\/uploads\\\/2021\\\/09\\\/Logo-IEMJ-Paypal.jpg\",\"width\":150,\"height\":50,\"caption\":\"Institut Europ\u00e9en des Musiques Juives\"},\"image\":{\"@id\":\"https:\\\/\\\/www.iemj.org\\\/es\\\/#\\\/schema\\\/logo\\\/image\\\/\"},\"sameAs\":[\"https:\\\/\\\/www.facebook.com\\\/MusiquesJuives\\\/\",\"https:\\\/\\\/www.instagram.com\\\/musiquesjuives\\\/\",\"https:\\\/\\\/www.youtube.com\\\/user\\\/musiquesjuives\"]},{\"@type\":\"Person\",\"@id\":\"https:\\\/\\\/www.iemj.org\\\/es\\\/#\\\/schema\\\/person\\\/358e26c18aca017fcc4cc15437f7279c\",\"name\":\"Jacqueline ROTEN\",\"image\":{\"@type\":\"ImageObject\",\"inLanguage\":\"es\",\"@id\":\"https:\\\/\\\/secure.gravatar.com\\\/avatar\\\/5964256d6c6957de3a3505278957e0fb2a35119ac47ea41827a65301213c810b?s=96&d=mm&r=g\",\"url\":\"https:\\\/\\\/secure.gravatar.com\\\/avatar\\\/5964256d6c6957de3a3505278957e0fb2a35119ac47ea41827a65301213c810b?s=96&d=mm&r=g\",\"contentUrl\":\"https:\\\/\\\/secure.gravatar.com\\\/avatar\\\/5964256d6c6957de3a3505278957e0fb2a35119ac47ea41827a65301213c810b?s=96&d=mm&r=g\",\"caption\":\"Jacqueline ROTEN\"}}]}<\/script>\n<!-- \/ Yoast SEO plugin. -->","yoast_head_json":{"title":"Fondo de los archivos musicales de la Sinagoga de Neuilly-sur-Seine - Institut Europ\u00e9en des Musiques Juives","robots":{"index":"index","follow":"follow","max-snippet":"max-snippet:-1","max-image-preview":"max-image-preview:large","max-video-preview":"max-video-preview:-1"},"canonical":"https:\/\/www.iemj.org\/es\/fonds-des-archives-musicales-de-la-synagogue-de-neuilly-seine\/","og_locale":"es_ES","og_type":"article","og_title":"Fondo de los archivos musicales de la Sinagoga de Neuilly-sur-Seine - Institut Europ\u00e9en des Musiques Juives","og_description":"El 1 de noviembre de 2011, la sinagoga de Neuilly ha dejado al Instituto Europeo de las M\u00fasicas Jud\u00edas, el conjunto de sus archivos musicales, sea despu\u00e9s del inventario: m\u00e1s","og_url":"https:\/\/www.iemj.org\/es\/fonds-des-archives-musicales-de-la-synagogue-de-neuilly-seine\/","og_site_name":"Institut Europ\u00e9en des Musiques Juives","article_publisher":"https:\/\/www.facebook.com\/MusiquesJuives\/","article_published_time":"2017-01-18T16:27:21+00:00","article_modified_time":"2021-09-14T12:54:17+00:00","og_image":[{"width":350,"height":280,"url":"https:\/\/www.iemj.org\/wp-content\/uploads\/2017\/01\/arton2048-e1618480314753.jpg","type":"image\/jpeg"}],"author":"Jacqueline ROTEN","twitter_card":"summary_large_image","twitter_misc":{"Escrito por":"Jacqueline ROTEN","Tiempo de lectura":"2 minutos"},"schema":{"@context":"https:\/\/schema.org","@graph":[{"@type":"Article","@id":"https:\/\/www.iemj.org\/es\/fonds-des-archives-musicales-de-la-synagogue-de-neuilly-seine\/#article","isPartOf":{"@id":"https:\/\/www.iemj.org\/es\/fonds-des-archives-musicales-de-la-synagogue-de-neuilly-seine\/"},"author":{"name":"Jacqueline ROTEN","@id":"https:\/\/www.iemj.org\/es\/#\/schema\/person\/358e26c18aca017fcc4cc15437f7279c"},"headline":"Fondo de los archivos musicales de la Sinagoga de Neuilly-sur-Seine","datePublished":"2017-01-18T16:27:21+00:00","dateModified":"2021-09-14T12:54:17+00:00","mainEntityOfPage":{"@id":"https:\/\/www.iemj.org\/es\/fonds-des-archives-musicales-de-la-synagogue-de-neuilly-seine\/"},"wordCount":251,"publisher":{"@id":"https:\/\/www.iemj.org\/es\/#organization"},"image":{"@id":"https:\/\/www.iemj.org\/es\/fonds-des-archives-musicales-de-la-synagogue-de-neuilly-seine\/#primaryimage"},"thumbnailUrl":"https:\/\/www.iemj.org\/wp-content\/uploads\/2017\/01\/arton2048-e1618480314753.jpg","articleSection":["Fondos principales"],"inLanguage":"es"},{"@type":"WebPage","@id":"https:\/\/www.iemj.org\/es\/fonds-des-archives-musicales-de-la-synagogue-de-neuilly-seine\/","url":"https:\/\/www.iemj.org\/es\/fonds-des-archives-musicales-de-la-synagogue-de-neuilly-seine\/","name":"Fondo de los archivos musicales de la Sinagoga de Neuilly-sur-Seine - Institut Europ\u00e9en des Musiques Juives","isPartOf":{"@id":"https:\/\/www.iemj.org\/es\/#website"},"primaryImageOfPage":{"@id":"https:\/\/www.iemj.org\/es\/fonds-des-archives-musicales-de-la-synagogue-de-neuilly-seine\/#primaryimage"},"image":{"@id":"https:\/\/www.iemj.org\/es\/fonds-des-archives-musicales-de-la-synagogue-de-neuilly-seine\/#primaryimage"},"thumbnailUrl":"https:\/\/www.iemj.org\/wp-content\/uploads\/2017\/01\/arton2048-e1618480314753.jpg","datePublished":"2017-01-18T16:27:21+00:00","dateModified":"2021-09-14T12:54:17+00:00","breadcrumb":{"@id":"https:\/\/www.iemj.org\/es\/fonds-des-archives-musicales-de-la-synagogue-de-neuilly-seine\/#breadcrumb"},"inLanguage":"es","potentialAction":[{"@type":"ReadAction","target":["https:\/\/www.iemj.org\/es\/fonds-des-archives-musicales-de-la-synagogue-de-neuilly-seine\/"]}]},{"@type":"ImageObject","inLanguage":"es","@id":"https:\/\/www.iemj.org\/es\/fonds-des-archives-musicales-de-la-synagogue-de-neuilly-seine\/#primaryimage","url":"https:\/\/www.iemj.org\/wp-content\/uploads\/2017\/01\/arton2048-e1618480314753.jpg","contentUrl":"https:\/\/www.iemj.org\/wp-content\/uploads\/2017\/01\/arton2048-e1618480314753.jpg","width":350,"height":280},{"@type":"BreadcrumbList","@id":"https:\/\/www.iemj.org\/es\/fonds-des-archives-musicales-de-la-synagogue-de-neuilly-seine\/#breadcrumb","itemListElement":[{"@type":"ListItem","position":1,"name":"Accueil","item":"https:\/\/www.iemj.org\/es\/"},{"@type":"ListItem","position":2,"name":"Fondo de los archivos musicales de la Sinagoga de Neuilly-sur-Seine"}]},{"@type":"WebSite","@id":"https:\/\/www.iemj.org\/es\/#website","url":"https:\/\/www.iemj.org\/es\/","name":"Institut Europ\u00e9en des Musiques Juives","description":"Des traditions musicales \u00e0 la port\u00e9e de tous","publisher":{"@id":"https:\/\/www.iemj.org\/es\/#organization"},"potentialAction":[{"@type":"SearchAction","target":{"@type":"EntryPoint","urlTemplate":"https:\/\/www.iemj.org\/es\/?s={search_term_string}"},"query-input":{"@type":"PropertyValueSpecification","valueRequired":true,"valueName":"search_term_string"}}],"inLanguage":"es"},{"@type":"Organization","@id":"https:\/\/www.iemj.org\/es\/#organization","name":"Institut Europ\u00e9en des Musiques Juives","url":"https:\/\/www.iemj.org\/es\/","logo":{"@type":"ImageObject","inLanguage":"es","@id":"https:\/\/www.iemj.org\/es\/#\/schema\/logo\/image\/","url":"https:\/\/www.iemj.org\/wp-content\/uploads\/2021\/09\/Logo-IEMJ-Paypal.jpg","contentUrl":"https:\/\/www.iemj.org\/wp-content\/uploads\/2021\/09\/Logo-IEMJ-Paypal.jpg","width":150,"height":50,"caption":"Institut Europ\u00e9en des Musiques Juives"},"image":{"@id":"https:\/\/www.iemj.org\/es\/#\/schema\/logo\/image\/"},"sameAs":["https:\/\/www.facebook.com\/MusiquesJuives\/","https:\/\/www.instagram.com\/musiquesjuives\/","https:\/\/www.youtube.com\/user\/musiquesjuives"]},{"@type":"Person","@id":"https:\/\/www.iemj.org\/es\/#\/schema\/person\/358e26c18aca017fcc4cc15437f7279c","name":"Jacqueline ROTEN","image":{"@type":"ImageObject","inLanguage":"es","@id":"https:\/\/secure.gravatar.com\/avatar\/5964256d6c6957de3a3505278957e0fb2a35119ac47ea41827a65301213c810b?s=96&d=mm&r=g","url":"https:\/\/secure.gravatar.com\/avatar\/5964256d6c6957de3a3505278957e0fb2a35119ac47ea41827a65301213c810b?s=96&d=mm&r=g","contentUrl":"https:\/\/secure.gravatar.com\/avatar\/5964256d6c6957de3a3505278957e0fb2a35119ac47ea41827a65301213c810b?s=96&d=mm&r=g","caption":"Jacqueline ROTEN"}}]}},"_links":{"self":[{"href":"https:\/\/www.iemj.org\/es\/wp-json\/wp\/v2\/posts\/64138","targetHints":{"allow":["GET"]}}],"collection":[{"href":"https:\/\/www.iemj.org\/es\/wp-json\/wp\/v2\/posts"}],"about":[{"href":"https:\/\/www.iemj.org\/es\/wp-json\/wp\/v2\/types\/post"}],"author":[{"embeddable":true,"href":"https:\/\/www.iemj.org\/es\/wp-json\/wp\/v2\/users\/5"}],"replies":[{"embeddable":true,"href":"https:\/\/www.iemj.org\/es\/wp-json\/wp\/v2\/comments?post=64138"}],"version-history":[{"count":0,"href":"https:\/\/www.iemj.org\/es\/wp-json\/wp\/v2\/posts\/64138\/revisions"}],"wp:featuredmedia":[{"embeddable":true,"href":"https:\/\/www.iemj.org\/es\/wp-json\/wp\/v2\/media\/64139"}],"wp:attachment":[{"href":"https:\/\/www.iemj.org\/es\/wp-json\/wp\/v2\/media?parent=64138"}],"wp:term":[{"taxonomy":"category","embeddable":true,"href":"https:\/\/www.iemj.org\/es\/wp-json\/wp\/v2\/categories?post=64138"},{"taxonomy":"post_tag","embeddable":true,"href":"https:\/\/www.iemj.org\/es\/wp-json\/wp\/v2\/tags?post=64138"},{"taxonomy":"technique","embeddable":true,"href":"https:\/\/www.iemj.org\/es\/wp-json\/wp\/v2\/technique?post=64138"},{"taxonomy":"squelettes","embeddable":true,"href":"https:\/\/www.iemj.org\/es\/wp-json\/wp\/v2\/squelettes?post=64138"},{"taxonomy":"sujet","embeddable":true,"href":"https:\/\/www.iemj.org\/es\/wp-json\/wp\/v2\/sujet?post=64138"},{"taxonomy":"formation","embeddable":true,"href":"https:\/\/www.iemj.org\/es\/wp-json\/wp\/v2\/formation?post=64138"},{"taxonomy":"genre","embeddable":true,"href":"https:\/\/www.iemj.org\/es\/wp-json\/wp\/v2\/genre?post=64138"},{"taxonomy":"fonds","embeddable":true,"href":"https:\/\/www.iemj.org\/es\/wp-json\/wp\/v2\/fonds?post=64138"},{"taxonomy":"tradition","embeddable":true,"href":"https:\/\/www.iemj.org\/es\/wp-json\/wp\/v2\/tradition?post=64138"},{"taxonomy":"type-de-contenu","embeddable":true,"href":"https:\/\/www.iemj.org\/es\/wp-json\/wp\/v2\/type-de-contenu?post=64138"},{"taxonomy":"interprete-compositeur","embeddable":true,"href":"https:\/\/www.iemj.org\/es\/wp-json\/wp\/v2\/interprete-compositeur?post=64138"},{"taxonomy":"frise","embeddable":true,"href":"https:\/\/www.iemj.org\/es\/wp-json\/wp\/v2\/frise?post=64138"},{"taxonomy":"type-devenement","embeddable":true,"href":"https:\/\/www.iemj.org\/es\/wp-json\/wp\/v2\/type-devenement?post=64138"},{"taxonomy":"tableaux-liens-externes","embeddable":true,"href":"https:\/\/www.iemj.org\/es\/wp-json\/wp\/v2\/tableaux-liens-externes?post=64138"}],"curies":[{"name":"wp","href":"https:\/\/api.w.org\/{rel}","templated":true}]}}