{"id":64231,"date":"2017-08-24T10:09:15","date_gmt":"2017-08-24T08:09:15","guid":{"rendered":"https:\/\/www.iemj.org\/fonds-jean-claude-sillamy\/"},"modified":"2021-09-14T16:55:04","modified_gmt":"2021-09-14T14:55:04","slug":"fonds-jean-claude-sillamy","status":"publish","type":"post","link":"https:\/\/www.iemj.org\/es\/fonds-jean-claude-sillamy\/","title":{"rendered":"Fondo Jean-Claude Sillamy"},"content":{"rendered":"<p>Nacido el 24 de julio de 1932 en Argel y fallecido el 29 de julio de 2016 en Ajaccio, <a href=\"https:\/\/www.iemj.org\/en\/sillamy-jean-claude-1932-2016\/\" target=\"_blank\" rel=\"noopener\">Jean-Claude Sillamy<\/a>, es un music\u00f3logo y compositor franc\u00e9s de m\u00fasica de escena, de m\u00fasica sagrada y de m\u00fasica de pel\u00edculas. Especialista de m\u00fasicas antiguas (Sumeria, Babilonia, Mesopotamia&#8230;), publico diversos libros y estudios dedicados especialmente a las m\u00fasicas jud\u00edas (<em>Essai de reconstitution de la musique de la Bible [Ensayo de reconstituci\u00f3n de la m\u00fasica de la Biblia], 1957\u00a0; La musique dans l\u2019ancien Orient 1957 ; [La m\u00fasica en el Antiguo Oriente] (2 tomos), 1986\u00a0; La musique des communaut\u00e9s juives d\u2019Afrique du Nord [La m\u00fasica de las comunidades jud\u00edas de \u00c1frica], 1987<\/em>; un estudio sobre <a href=\"https:\/\/www.iemj.org\/en\/le-principe-de-la-modulation-dans-le-fragment-babylonien-dur-u-7-80-xviiieme-siecle-av-j-c-a-partir-dun-instrument-de-lepoque-non-identifie-le-gis-za-mi\/\" target=\"_blank\" rel=\"noopener\"><em>Le principe de la modulation dans le fragment babylonien d\u2019Ur\u00a0: U.7\/80 (XVIII\u00e8me si\u00e8cle av. <\/em><em>J.C.) (\u00e0 partir d\u2019un instrument de l\u2019\u00e9poque non identifi\u00e9\u00a0: le \u00ab\u00a0gis za mi\u00a0\u00bb, 1991)<\/em><\/a>). [El principio de la modificaci\u00f3n en el fragmento babilonio de Ur: U.7\/80 (siglo XVIII a.C.) (a partir de un instrumento de la \u00e9poca no identificado: el \u00abgis za mi\u00bb).] Sus archivos, ofrecidos en noviembre de 2016 por su viuda Lina Sillamy, est\u00e1n compuestos por alrededor de 90 documentos (discos, grabaciones de terrenos, art\u00edculos, libros, fotos&#8230;) para la mayor\u00eda no imposible a encontrar hoy.<\/p>\n<p><img fetchpriority=\"high\" decoding=\"async\" class=\" aligncenter size-full wp-image-14851\" src=\"https:\/\/www.iemj.org\/wp-content\/uploads\/2017\/08\/montage_sillamy2-scaled.jpg\" alt=\"montage_sillamy2.jpg\" width=\"2560\" height=\"1541\" align=\"center\" srcset=\"https:\/\/www.iemj.org\/wp-content\/uploads\/2017\/08\/montage_sillamy2-scaled.jpg 2560w, https:\/\/www.iemj.org\/wp-content\/uploads\/2017\/08\/montage_sillamy2-300x181.jpg 300w, https:\/\/www.iemj.org\/wp-content\/uploads\/2017\/08\/montage_sillamy2-1024x616.jpg 1024w, https:\/\/www.iemj.org\/wp-content\/uploads\/2017\/08\/montage_sillamy2-768x462.jpg 768w, https:\/\/www.iemj.org\/wp-content\/uploads\/2017\/08\/montage_sillamy2-1536x924.jpg 1536w, https:\/\/www.iemj.org\/wp-content\/uploads\/2017\/08\/montage_sillamy2-2048x1233.jpg 2048w, https:\/\/www.iemj.org\/wp-content\/uploads\/2017\/08\/montage_sillamy2-600x361.jpg 600w\" sizes=\"(max-width: 2560px) 100vw, 2560px\" \/><\/p>\n<p>En detalle, el fondo Sillamy esta compuesto por:<\/p>\n<ul>\n<li>27 discos incluyendo m\u00fasica tradicional (judeo-\u00e1rabe, sefard\u00ed, Antigua Grecia, jud\u00eda, israel\u00ed&#8230;), m\u00fasica inspirada por la Biblia ((<em>Die Musik der Bibel\u00a0: in der tradition althebr\u00e4ischer Melodien, Morasha\u00a0: Traditional Jewish Musical Heritage\u2026<\/em>), m\u00fasica cl\u00e1sica incluyendo algunas de estas composiciones (<em>Bloch\u00a0: Concerto pour violon et orchestre, L\u2019Arche d\u2019Alliance \/ Kaddisch de J-C Sillamy<\/em>) [Bloch: Concerto para viol\u00edn y orquesta, La Arca de la Alianza \/ Kadish <em>de J-C Sillamy<\/em>), y <a href=\"http:\/\/www.rachelnet.net\/F\/?func=short-0&amp;set_number=048315\">grabaciones etnomusic\u00f3logos <\/a><a href=\"http:\/\/www.rachelnet.net\/F\/?func=find-c&amp;ccl_term=WHOL+%3D+Sillamy+AND+WRD+%3D+Taamim+or+prayers&amp;local_base=iemcg\" target=\"_blank\" rel=\"noopener\">(Taamims et b\u00e9n\u00e9dictions en plusieurs rites [Teamim y bendiciones en diversos ritos<\/a>)<\/li>\n<li>26 libros y art\u00edculos de revista en franc\u00e9s, ingl\u00e9s, e italiano dedicados esencialmente a temas de etnomusic\u00f3logia jud\u00eda.<\/li>\n<li>19 partituras de m\u00fasica cl\u00e1sica, de liturgia jud\u00eda (los dos vol\u00famenes del <em>Thesaurus of Hebrew Oriental Melodies d\u2019Abraham Zwi Idelsohn<\/em>), de canciones tradicionales sefard\u00edes y corsos, as\u00ed que algunas composiciones de Jean-Claude Sillamy.<\/li>\n<li>11 expedientes de archivos incluyendo rese\u00f1as bibliogr\u00e1ficas, elementos biogr\u00e1ficos, programas de conciertos y otros documentos diversos.<\/li>\n<\/ul>\n<p>Estos archivos son disponibles ya en el cat\u00e1logo de nuestras colecciones (<a href=\"http:\/\/www.rachelnet.net\/F\/?func=find-c&amp;ccl_term=WHOL+%3D+Sillamy&amp;local_base=iemcg\" target=\"_blank\" rel=\"noopener\"><strong>aceder al fondo Jean-Claude Sillamy<\/strong><\/a>) o con cita previa con el Instituto Europeo de las M\u00fasicas Jud\u00edas (<a href=\"mailto:contact@iemj.org\">contact@iemj.org<\/a>).<\/p>\n<p><a href=\"https:\/\/www.iemj.org\/en\/sillamy-jean-claude-1932-2016\/\" target=\"_blank\" rel=\"noopener\">Consultar la biografia detallada de Jean-Claude Sillamy<\/a><\/p>\n","protected":false},"excerpt":{"rendered":"<p>Nacido el 24 de julio de 1932 en Argel y fallecido el 29 de julio de 2016 en Ajaccio, Jean-Claude Sillamy, es un music\u00f3logo y compositor franc\u00e9s de m\u00fasica de<\/p>\n","protected":false},"author":1048,"featured_media":64232,"comment_status":"closed","ping_status":"open","sticky":false,"template":"","format":"standard","meta":{"_acf_changed":false,"footnotes":""},"categories":[1587],"tags":[],"technique":[],"squelettes":[],"sujet":[],"formation":[],"genre":[],"fonds":[],"tradition":[],"type-de-contenu":[],"interprete-compositeur":[],"frise":[],"type-devenement":[],"tableaux-liens-externes":[],"class_list":["post-64231","post","type-post","status-publish","format-standard","has-post-thumbnail","hentry","category-fondos-principales-es"],"acf":[],"yoast_head":"<!-- This site is optimized with the Yoast SEO plugin v27.3 - https:\/\/yoast.com\/product\/yoast-seo-wordpress\/ -->\n<title>Fondo Jean-Claude Sillamy - Institut Europ\u00e9en des Musiques Juives<\/title>\n<meta name=\"robots\" content=\"index, follow, max-snippet:-1, max-image-preview:large, max-video-preview:-1\" \/>\n<link rel=\"canonical\" href=\"https:\/\/www.iemj.org\/es\/fonds-jean-claude-sillamy\/\" \/>\n<meta property=\"og:locale\" content=\"es_ES\" \/>\n<meta property=\"og:type\" content=\"article\" \/>\n<meta property=\"og:title\" content=\"Fondo Jean-Claude Sillamy - Institut Europ\u00e9en des Musiques Juives\" \/>\n<meta property=\"og:description\" content=\"Nacido el 24 de julio de 1932 en Argel y fallecido el 29 de julio de 2016 en Ajaccio, Jean-Claude Sillamy, es un music\u00f3logo y compositor franc\u00e9s de m\u00fasica de\" \/>\n<meta property=\"og:url\" content=\"https:\/\/www.iemj.org\/es\/fonds-jean-claude-sillamy\/\" \/>\n<meta property=\"og:site_name\" content=\"Institut Europ\u00e9en des Musiques Juives\" \/>\n<meta property=\"article:publisher\" content=\"https:\/\/www.facebook.com\/MusiquesJuives\/\" \/>\n<meta property=\"article:published_time\" content=\"2017-08-24T08:09:15+00:00\" \/>\n<meta property=\"article:modified_time\" content=\"2021-09-14T14:55:04+00:00\" \/>\n<meta property=\"og:image\" content=\"https:\/\/www.iemj.org\/wp-content\/uploads\/2017\/08\/arton2417-e1618474206102.jpg\" \/>\n\t<meta property=\"og:image:width\" content=\"350\" \/>\n\t<meta property=\"og:image:height\" content=\"290\" \/>\n\t<meta property=\"og:image:type\" content=\"image\/jpeg\" \/>\n<meta name=\"author\" content=\"Jean-Gabriel Davis\" \/>\n<meta name=\"twitter:card\" content=\"summary_large_image\" \/>\n<meta name=\"twitter:label1\" content=\"Escrito por\" \/>\n\t<meta name=\"twitter:data1\" content=\"Jean-Gabriel Davis\" \/>\n\t<meta name=\"twitter:label2\" content=\"Tiempo de lectura\" \/>\n\t<meta name=\"twitter:data2\" content=\"2 minutos\" \/>\n<script type=\"application\/ld+json\" class=\"yoast-schema-graph\">{\"@context\":\"https:\\\/\\\/schema.org\",\"@graph\":[{\"@type\":\"Article\",\"@id\":\"https:\\\/\\\/www.iemj.org\\\/es\\\/fonds-jean-claude-sillamy\\\/#article\",\"isPartOf\":{\"@id\":\"https:\\\/\\\/www.iemj.org\\\/es\\\/fonds-jean-claude-sillamy\\\/\"},\"author\":{\"name\":\"Jean-Gabriel Davis\",\"@id\":\"https:\\\/\\\/www.iemj.org\\\/es\\\/#\\\/schema\\\/person\\\/c9bc1c386a3749579a2d675e72a18666\"},\"headline\":\"Fondo Jean-Claude Sillamy\",\"datePublished\":\"2017-08-24T08:09:15+00:00\",\"dateModified\":\"2021-09-14T14:55:04+00:00\",\"mainEntityOfPage\":{\"@id\":\"https:\\\/\\\/www.iemj.org\\\/es\\\/fonds-jean-claude-sillamy\\\/\"},\"wordCount\":438,\"publisher\":{\"@id\":\"https:\\\/\\\/www.iemj.org\\\/es\\\/#organization\"},\"image\":{\"@id\":\"https:\\\/\\\/www.iemj.org\\\/es\\\/fonds-jean-claude-sillamy\\\/#primaryimage\"},\"thumbnailUrl\":\"https:\\\/\\\/www.iemj.org\\\/wp-content\\\/uploads\\\/2017\\\/08\\\/arton2417-e1618474206102.jpg\",\"articleSection\":[\"Fondos principales\"],\"inLanguage\":\"es\"},{\"@type\":\"WebPage\",\"@id\":\"https:\\\/\\\/www.iemj.org\\\/es\\\/fonds-jean-claude-sillamy\\\/\",\"url\":\"https:\\\/\\\/www.iemj.org\\\/es\\\/fonds-jean-claude-sillamy\\\/\",\"name\":\"Fondo Jean-Claude Sillamy - Institut Europ\u00e9en des Musiques Juives\",\"isPartOf\":{\"@id\":\"https:\\\/\\\/www.iemj.org\\\/es\\\/#website\"},\"primaryImageOfPage\":{\"@id\":\"https:\\\/\\\/www.iemj.org\\\/es\\\/fonds-jean-claude-sillamy\\\/#primaryimage\"},\"image\":{\"@id\":\"https:\\\/\\\/www.iemj.org\\\/es\\\/fonds-jean-claude-sillamy\\\/#primaryimage\"},\"thumbnailUrl\":\"https:\\\/\\\/www.iemj.org\\\/wp-content\\\/uploads\\\/2017\\\/08\\\/arton2417-e1618474206102.jpg\",\"datePublished\":\"2017-08-24T08:09:15+00:00\",\"dateModified\":\"2021-09-14T14:55:04+00:00\",\"breadcrumb\":{\"@id\":\"https:\\\/\\\/www.iemj.org\\\/es\\\/fonds-jean-claude-sillamy\\\/#breadcrumb\"},\"inLanguage\":\"es\",\"potentialAction\":[{\"@type\":\"ReadAction\",\"target\":[\"https:\\\/\\\/www.iemj.org\\\/es\\\/fonds-jean-claude-sillamy\\\/\"]}]},{\"@type\":\"ImageObject\",\"inLanguage\":\"es\",\"@id\":\"https:\\\/\\\/www.iemj.org\\\/es\\\/fonds-jean-claude-sillamy\\\/#primaryimage\",\"url\":\"https:\\\/\\\/www.iemj.org\\\/wp-content\\\/uploads\\\/2017\\\/08\\\/arton2417-e1618474206102.jpg\",\"contentUrl\":\"https:\\\/\\\/www.iemj.org\\\/wp-content\\\/uploads\\\/2017\\\/08\\\/arton2417-e1618474206102.jpg\",\"width\":350,\"height\":290},{\"@type\":\"BreadcrumbList\",\"@id\":\"https:\\\/\\\/www.iemj.org\\\/es\\\/fonds-jean-claude-sillamy\\\/#breadcrumb\",\"itemListElement\":[{\"@type\":\"ListItem\",\"position\":1,\"name\":\"Accueil\",\"item\":\"https:\\\/\\\/www.iemj.org\\\/es\\\/\"},{\"@type\":\"ListItem\",\"position\":2,\"name\":\"Fondo Jean-Claude Sillamy\"}]},{\"@type\":\"WebSite\",\"@id\":\"https:\\\/\\\/www.iemj.org\\\/es\\\/#website\",\"url\":\"https:\\\/\\\/www.iemj.org\\\/es\\\/\",\"name\":\"Institut Europ\u00e9en des Musiques Juives\",\"description\":\"Des traditions musicales \u00e0 la port\u00e9e de tous\",\"publisher\":{\"@id\":\"https:\\\/\\\/www.iemj.org\\\/es\\\/#organization\"},\"potentialAction\":[{\"@type\":\"SearchAction\",\"target\":{\"@type\":\"EntryPoint\",\"urlTemplate\":\"https:\\\/\\\/www.iemj.org\\\/es\\\/?s={search_term_string}\"},\"query-input\":{\"@type\":\"PropertyValueSpecification\",\"valueRequired\":true,\"valueName\":\"search_term_string\"}}],\"inLanguage\":\"es\"},{\"@type\":\"Organization\",\"@id\":\"https:\\\/\\\/www.iemj.org\\\/es\\\/#organization\",\"name\":\"Institut Europ\u00e9en des Musiques Juives\",\"url\":\"https:\\\/\\\/www.iemj.org\\\/es\\\/\",\"logo\":{\"@type\":\"ImageObject\",\"inLanguage\":\"es\",\"@id\":\"https:\\\/\\\/www.iemj.org\\\/es\\\/#\\\/schema\\\/logo\\\/image\\\/\",\"url\":\"https:\\\/\\\/www.iemj.org\\\/wp-content\\\/uploads\\\/2021\\\/09\\\/Logo-IEMJ-Paypal.jpg\",\"contentUrl\":\"https:\\\/\\\/www.iemj.org\\\/wp-content\\\/uploads\\\/2021\\\/09\\\/Logo-IEMJ-Paypal.jpg\",\"width\":150,\"height\":50,\"caption\":\"Institut Europ\u00e9en des Musiques Juives\"},\"image\":{\"@id\":\"https:\\\/\\\/www.iemj.org\\\/es\\\/#\\\/schema\\\/logo\\\/image\\\/\"},\"sameAs\":[\"https:\\\/\\\/www.facebook.com\\\/MusiquesJuives\\\/\",\"https:\\\/\\\/www.instagram.com\\\/musiquesjuives\\\/\",\"https:\\\/\\\/www.youtube.com\\\/user\\\/musiquesjuives\"]},{\"@type\":\"Person\",\"@id\":\"https:\\\/\\\/www.iemj.org\\\/es\\\/#\\\/schema\\\/person\\\/c9bc1c386a3749579a2d675e72a18666\",\"name\":\"Jean-Gabriel Davis\",\"image\":{\"@type\":\"ImageObject\",\"inLanguage\":\"es\",\"@id\":\"https:\\\/\\\/secure.gravatar.com\\\/avatar\\\/2b90d67bdf392c9b3a21fab87c0fa7edaf1fb3a058172a1ffd61033fcec7aec1?s=96&d=mm&r=g\",\"url\":\"https:\\\/\\\/secure.gravatar.com\\\/avatar\\\/2b90d67bdf392c9b3a21fab87c0fa7edaf1fb3a058172a1ffd61033fcec7aec1?s=96&d=mm&r=g\",\"contentUrl\":\"https:\\\/\\\/secure.gravatar.com\\\/avatar\\\/2b90d67bdf392c9b3a21fab87c0fa7edaf1fb3a058172a1ffd61033fcec7aec1?s=96&d=mm&r=g\",\"caption\":\"Jean-Gabriel Davis\"}}]}<\/script>\n<!-- \/ Yoast SEO plugin. -->","yoast_head_json":{"title":"Fondo Jean-Claude Sillamy - Institut Europ\u00e9en des Musiques Juives","robots":{"index":"index","follow":"follow","max-snippet":"max-snippet:-1","max-image-preview":"max-image-preview:large","max-video-preview":"max-video-preview:-1"},"canonical":"https:\/\/www.iemj.org\/es\/fonds-jean-claude-sillamy\/","og_locale":"es_ES","og_type":"article","og_title":"Fondo Jean-Claude Sillamy - Institut Europ\u00e9en des Musiques Juives","og_description":"Nacido el 24 de julio de 1932 en Argel y fallecido el 29 de julio de 2016 en Ajaccio, Jean-Claude Sillamy, es un music\u00f3logo y compositor franc\u00e9s de m\u00fasica de","og_url":"https:\/\/www.iemj.org\/es\/fonds-jean-claude-sillamy\/","og_site_name":"Institut Europ\u00e9en des Musiques Juives","article_publisher":"https:\/\/www.facebook.com\/MusiquesJuives\/","article_published_time":"2017-08-24T08:09:15+00:00","article_modified_time":"2021-09-14T14:55:04+00:00","og_image":[{"width":350,"height":290,"url":"https:\/\/www.iemj.org\/wp-content\/uploads\/2017\/08\/arton2417-e1618474206102.jpg","type":"image\/jpeg"}],"author":"Jean-Gabriel Davis","twitter_card":"summary_large_image","twitter_misc":{"Escrito por":"Jean-Gabriel Davis","Tiempo de lectura":"2 minutos"},"schema":{"@context":"https:\/\/schema.org","@graph":[{"@type":"Article","@id":"https:\/\/www.iemj.org\/es\/fonds-jean-claude-sillamy\/#article","isPartOf":{"@id":"https:\/\/www.iemj.org\/es\/fonds-jean-claude-sillamy\/"},"author":{"name":"Jean-Gabriel Davis","@id":"https:\/\/www.iemj.org\/es\/#\/schema\/person\/c9bc1c386a3749579a2d675e72a18666"},"headline":"Fondo Jean-Claude Sillamy","datePublished":"2017-08-24T08:09:15+00:00","dateModified":"2021-09-14T14:55:04+00:00","mainEntityOfPage":{"@id":"https:\/\/www.iemj.org\/es\/fonds-jean-claude-sillamy\/"},"wordCount":438,"publisher":{"@id":"https:\/\/www.iemj.org\/es\/#organization"},"image":{"@id":"https:\/\/www.iemj.org\/es\/fonds-jean-claude-sillamy\/#primaryimage"},"thumbnailUrl":"https:\/\/www.iemj.org\/wp-content\/uploads\/2017\/08\/arton2417-e1618474206102.jpg","articleSection":["Fondos principales"],"inLanguage":"es"},{"@type":"WebPage","@id":"https:\/\/www.iemj.org\/es\/fonds-jean-claude-sillamy\/","url":"https:\/\/www.iemj.org\/es\/fonds-jean-claude-sillamy\/","name":"Fondo Jean-Claude Sillamy - Institut Europ\u00e9en des Musiques Juives","isPartOf":{"@id":"https:\/\/www.iemj.org\/es\/#website"},"primaryImageOfPage":{"@id":"https:\/\/www.iemj.org\/es\/fonds-jean-claude-sillamy\/#primaryimage"},"image":{"@id":"https:\/\/www.iemj.org\/es\/fonds-jean-claude-sillamy\/#primaryimage"},"thumbnailUrl":"https:\/\/www.iemj.org\/wp-content\/uploads\/2017\/08\/arton2417-e1618474206102.jpg","datePublished":"2017-08-24T08:09:15+00:00","dateModified":"2021-09-14T14:55:04+00:00","breadcrumb":{"@id":"https:\/\/www.iemj.org\/es\/fonds-jean-claude-sillamy\/#breadcrumb"},"inLanguage":"es","potentialAction":[{"@type":"ReadAction","target":["https:\/\/www.iemj.org\/es\/fonds-jean-claude-sillamy\/"]}]},{"@type":"ImageObject","inLanguage":"es","@id":"https:\/\/www.iemj.org\/es\/fonds-jean-claude-sillamy\/#primaryimage","url":"https:\/\/www.iemj.org\/wp-content\/uploads\/2017\/08\/arton2417-e1618474206102.jpg","contentUrl":"https:\/\/www.iemj.org\/wp-content\/uploads\/2017\/08\/arton2417-e1618474206102.jpg","width":350,"height":290},{"@type":"BreadcrumbList","@id":"https:\/\/www.iemj.org\/es\/fonds-jean-claude-sillamy\/#breadcrumb","itemListElement":[{"@type":"ListItem","position":1,"name":"Accueil","item":"https:\/\/www.iemj.org\/es\/"},{"@type":"ListItem","position":2,"name":"Fondo Jean-Claude Sillamy"}]},{"@type":"WebSite","@id":"https:\/\/www.iemj.org\/es\/#website","url":"https:\/\/www.iemj.org\/es\/","name":"Institut Europ\u00e9en des Musiques Juives","description":"Des traditions musicales \u00e0 la port\u00e9e de tous","publisher":{"@id":"https:\/\/www.iemj.org\/es\/#organization"},"potentialAction":[{"@type":"SearchAction","target":{"@type":"EntryPoint","urlTemplate":"https:\/\/www.iemj.org\/es\/?s={search_term_string}"},"query-input":{"@type":"PropertyValueSpecification","valueRequired":true,"valueName":"search_term_string"}}],"inLanguage":"es"},{"@type":"Organization","@id":"https:\/\/www.iemj.org\/es\/#organization","name":"Institut Europ\u00e9en des Musiques Juives","url":"https:\/\/www.iemj.org\/es\/","logo":{"@type":"ImageObject","inLanguage":"es","@id":"https:\/\/www.iemj.org\/es\/#\/schema\/logo\/image\/","url":"https:\/\/www.iemj.org\/wp-content\/uploads\/2021\/09\/Logo-IEMJ-Paypal.jpg","contentUrl":"https:\/\/www.iemj.org\/wp-content\/uploads\/2021\/09\/Logo-IEMJ-Paypal.jpg","width":150,"height":50,"caption":"Institut Europ\u00e9en des Musiques Juives"},"image":{"@id":"https:\/\/www.iemj.org\/es\/#\/schema\/logo\/image\/"},"sameAs":["https:\/\/www.facebook.com\/MusiquesJuives\/","https:\/\/www.instagram.com\/musiquesjuives\/","https:\/\/www.youtube.com\/user\/musiquesjuives"]},{"@type":"Person","@id":"https:\/\/www.iemj.org\/es\/#\/schema\/person\/c9bc1c386a3749579a2d675e72a18666","name":"Jean-Gabriel Davis","image":{"@type":"ImageObject","inLanguage":"es","@id":"https:\/\/secure.gravatar.com\/avatar\/2b90d67bdf392c9b3a21fab87c0fa7edaf1fb3a058172a1ffd61033fcec7aec1?s=96&d=mm&r=g","url":"https:\/\/secure.gravatar.com\/avatar\/2b90d67bdf392c9b3a21fab87c0fa7edaf1fb3a058172a1ffd61033fcec7aec1?s=96&d=mm&r=g","contentUrl":"https:\/\/secure.gravatar.com\/avatar\/2b90d67bdf392c9b3a21fab87c0fa7edaf1fb3a058172a1ffd61033fcec7aec1?s=96&d=mm&r=g","caption":"Jean-Gabriel Davis"}}]}},"_links":{"self":[{"href":"https:\/\/www.iemj.org\/es\/wp-json\/wp\/v2\/posts\/64231","targetHints":{"allow":["GET"]}}],"collection":[{"href":"https:\/\/www.iemj.org\/es\/wp-json\/wp\/v2\/posts"}],"about":[{"href":"https:\/\/www.iemj.org\/es\/wp-json\/wp\/v2\/types\/post"}],"author":[{"embeddable":true,"href":"https:\/\/www.iemj.org\/es\/wp-json\/wp\/v2\/users\/1048"}],"replies":[{"embeddable":true,"href":"https:\/\/www.iemj.org\/es\/wp-json\/wp\/v2\/comments?post=64231"}],"version-history":[{"count":0,"href":"https:\/\/www.iemj.org\/es\/wp-json\/wp\/v2\/posts\/64231\/revisions"}],"wp:featuredmedia":[{"embeddable":true,"href":"https:\/\/www.iemj.org\/es\/wp-json\/wp\/v2\/media\/64232"}],"wp:attachment":[{"href":"https:\/\/www.iemj.org\/es\/wp-json\/wp\/v2\/media?parent=64231"}],"wp:term":[{"taxonomy":"category","embeddable":true,"href":"https:\/\/www.iemj.org\/es\/wp-json\/wp\/v2\/categories?post=64231"},{"taxonomy":"post_tag","embeddable":true,"href":"https:\/\/www.iemj.org\/es\/wp-json\/wp\/v2\/tags?post=64231"},{"taxonomy":"technique","embeddable":true,"href":"https:\/\/www.iemj.org\/es\/wp-json\/wp\/v2\/technique?post=64231"},{"taxonomy":"squelettes","embeddable":true,"href":"https:\/\/www.iemj.org\/es\/wp-json\/wp\/v2\/squelettes?post=64231"},{"taxonomy":"sujet","embeddable":true,"href":"https:\/\/www.iemj.org\/es\/wp-json\/wp\/v2\/sujet?post=64231"},{"taxonomy":"formation","embeddable":true,"href":"https:\/\/www.iemj.org\/es\/wp-json\/wp\/v2\/formation?post=64231"},{"taxonomy":"genre","embeddable":true,"href":"https:\/\/www.iemj.org\/es\/wp-json\/wp\/v2\/genre?post=64231"},{"taxonomy":"fonds","embeddable":true,"href":"https:\/\/www.iemj.org\/es\/wp-json\/wp\/v2\/fonds?post=64231"},{"taxonomy":"tradition","embeddable":true,"href":"https:\/\/www.iemj.org\/es\/wp-json\/wp\/v2\/tradition?post=64231"},{"taxonomy":"type-de-contenu","embeddable":true,"href":"https:\/\/www.iemj.org\/es\/wp-json\/wp\/v2\/type-de-contenu?post=64231"},{"taxonomy":"interprete-compositeur","embeddable":true,"href":"https:\/\/www.iemj.org\/es\/wp-json\/wp\/v2\/interprete-compositeur?post=64231"},{"taxonomy":"frise","embeddable":true,"href":"https:\/\/www.iemj.org\/es\/wp-json\/wp\/v2\/frise?post=64231"},{"taxonomy":"type-devenement","embeddable":true,"href":"https:\/\/www.iemj.org\/es\/wp-json\/wp\/v2\/type-devenement?post=64231"},{"taxonomy":"tableaux-liens-externes","embeddable":true,"href":"https:\/\/www.iemj.org\/es\/wp-json\/wp\/v2\/tableaux-liens-externes?post=64231"}],"curies":[{"name":"wp","href":"https:\/\/api.w.org\/{rel}","templated":true}]}}