{"id":65156,"date":"2020-04-02T11:11:02","date_gmt":"2020-04-02T09:11:02","guid":{"rendered":"https:\/\/www.iemj.org\/pessah\/"},"modified":"2025-10-06T12:56:15","modified_gmt":"2025-10-06T10:56:15","slug":"pessah","status":"publish","type":"post","link":"https:\/\/www.iemj.org\/es\/pessah\/","title":{"rendered":"Pesaj"},"content":{"rendered":"<p><em>Pesaj<\/em>\u00a0&#8211; \u05e4\u05b6\u05bc\u05e1\u05b7\u05d7 &#8211; es una de las tres fiestas de peregrinaci\u00f3n del calendario jud\u00edo (con <em>Chavouot<\/em>\u00a0et\u00a0<em>Souccot<\/em>), durante la cual conmemoramos, la salida de Egipto de los Hebreos. <span class=\"Y2IQFc\" lang=\"es\">Fiesta muy simb\u00f3lica y alegre, se celebra con m\u00fasica en todas las comunidades jud\u00edas, desde la primera noche de Pascua con la comida ritual del Seder, hasta el octavo d\u00eda con la tradici\u00f3n marroqu\u00ed de la <a href=\"https:\/\/www.iemj.org\/es\/a-la-decouverte-de-la-mimouna\/\" target=\"_blank\" rel=\"noopener\">mimouna<\/a>.<\/span><\/p>\n<p><!--more--><\/p>\n<p>El Seder es la comida ritual de Pesaj durante la cual leemos la Hagad\u00e1 (relato contando la historia y las peripecias de los Hebreos llevando a su salida de Egipto). Esta celebrado una noche en Israel, dos noches seguidas en diaspora (la 2a noche habiendo sido instituido en el periodo post exilio, para permitir al pueblo jud\u00edo, dispersado a trav\u00e9s del Levante, de poder observar los tiempos fijados por la Tora, basados sobre un ciclo lunar).<\/p>\n<p><img fetchpriority=\"high\" decoding=\"async\" class=\" alignright size-full wp-image-27876\" src=\"https:\/\/www.iemj.org\/wp-content\/uploads\/2020\/04\/hagada.jpg\" alt=\"hagada.jpg\" width=\"277\" height=\"182\" align=\"right\" \/><\/p>\n<p>La fiesta empieza el 15 del mes de Nis\u00e1n al caer la noche, y dura siete d\u00edas (ocho en la Di\u00e1spora) cuyos solo los primeros y los \u00faltimos son totalmente d\u00edas festivos. Particularmente rico en ritos y costumbres, se distingu\u00eda originalmente por la ofrende pascual, en adelante imposible desde la destrucci\u00f3n del Templo. La obligaci\u00f3n de comer <em>matzot<\/em>\u00a0(alimentos \u00e1cimos) y de proscribir el <em>hametz<\/em>\u00a0(alimentos a base de pasta con levadura y\/o fermentada) durante toda la fiesta queda en aplicaci\u00f3n.<\/p>\n<p><strong>El sentido de la fiesta de Pesaj<\/strong><br \/>La fiesta\u00a0de Pesaj es una fiesta llena de significaci\u00f3n. Durante todo el a\u00f1o, hace referencia a esta salida de Egipto, que sea durante los sabat, del <em>Kiddouch<\/em>\u00a0(ceremonia de santificaci\u00f3n del d\u00eda santo por medio de una bendici\u00f3n pronunciada sobre una copa de vino kasher) o durante la pausa de los <em>t\u00e9filines<\/em>, (peque\u00f1os caja c\u00fabicas) llevados los d\u00edas profanos por los hombres habiendo alcanzado su mayor\u00eda religiosa.<\/p>\n<p>Pesaj es una fiesta solemne porque representa la primer fiesta realmente vivida por el pueblo de Israel, constituido por la primera vez, a su salida de Egipto, como \u00abpueblo jud\u00edo\u00bb.<\/p>\n<p>Adem\u00e1s, se trata de una fiesta agr\u00edcola, vinculada al inicio de la cosecha de la cebada, que inaugura el ciclo anual de las culturas.<\/p>\n<p><strong>El Seder<\/strong><br \/>Durante\u00a0el Seder, que significa, etimol\u00f3gicamente el \u00aborden\u00bb, el \u00abprograma\u00bb en referencia a la lectura de la Hagad\u00e1, reina en el seno de los convidados una cohesi\u00f3n y una dimensi\u00f3n intergeneracional muy fuertes. La idea de la fiesta es ponerse de nuevo en las condiciones, el estado de \u00e1nimo de este periodo de salida de Egipto, agradeciendo a Dios<img decoding=\"async\" class=\" alignleft size-full wp-image-27878\" src=\"https:\/\/www.iemj.org\/wp-content\/uploads\/2020\/04\/table_dressee_seder_de_pessah_redim_320px_larg.jpg\" alt=\"table_dressee_seder_de_pessah_redim_320px_larg.jpg\" width=\"320\" height=\"213\" align=\"left\" srcset=\"https:\/\/www.iemj.org\/wp-content\/uploads\/2020\/04\/table_dressee_seder_de_pessah_redim_320px_larg.jpg 320w, https:\/\/www.iemj.org\/wp-content\/uploads\/2020\/04\/table_dressee_seder_de_pessah_redim_320px_larg-300x200.jpg 300w\" sizes=\"(max-width: 320px) 100vw, 320px\" \/> para su misericordia (c\u00e1nticos cantados). Es as\u00ed que en Yemen y en Iraq, por ejemplo, los hombres se disfrazan en n\u00f3madas simulan la salida de Egipto con un bast\u00f3n en la mano y una <em>matza<\/em>, puesta sobre el hombro en una ropa.<\/p>\n<p>El oficiante empieza por bendecir este d\u00eda procediendo al <em>Kiddouch <\/em>(bendici\u00f3n con la primera copa de vino del Seder que contendr\u00e1 4 en total), se lava las manos, remoja una hierba verde, corta la <em>matza<\/em> contigua y reserva una de las mitades al Afikomane\u00a0(<em>media-matza<\/em>\u00a0reservada, en la tradici\u00f3n, al hijo quien ira esconderla para el fin del<em> Seder<\/em>). La ceremonia tiene lugar seg\u00fan la lectura de la Hagad\u00e1. En el canto <em>Ma nichtana<\/em>, el convido m\u00e1s joven, hace cuatro preguntas rituales al oficiante, sobre las razones que diferencian esta noche de las otras. Estas preguntas son: \u00bfpor qu\u00e9 esta noche se distingue de las otras noches? \u00bfpor qu\u00e9 no comemos los panes \u00e1cimos? \u00bfPor qu\u00e9 comemos hierbas amargas? \u00bfPor qu\u00e9 debemos todos comer en posici\u00f3n acodada para esta noche?<\/p>\n<p>En la tradici\u00f3n, <em>Ma nichtana<\/em>\u00a0es as\u00ed el canto que inaugura el inicio de las festividades.<\/p>\n<p><a href=\"https:\/\/www.iemj.org\/wp-content\/uploads\/2020\/04\/1_debut_du_seder_-_rite_algerois_-_extrait.mp3\"><img decoding=\"async\" class=\"alignleft\" src=\"https:\/\/www.iemj.org\/wp-content\/uploads\/2021\/09\/Fichier-son-IEMJ.jpg\" alt=\"\" width=\"52\" height=\"52\" \/><\/a><a href=\"https:\/\/www.iemj.org\/wp-content\/uploads\/2020\/04\/1_debut_du_seder_-_rite_algerois_-_extrait.mp3\" target=\"_blank\" rel=\"noopener\">Inicio del Seder &#8211; Rito argelino &#8211; Extracto<\/a><\/p>\n<p><img loading=\"lazy\" decoding=\"async\" class=\" alignright size-full wp-image-27882\" src=\"https:\/\/www.iemj.org\/wp-content\/uploads\/2020\/04\/plateau_seder_redim_300px_larg.jpg\" alt=\"plateau_seder_redim_300px_larg.jpg\" width=\"300\" height=\"225\" align=\"right\" \/><\/p>\n<p>Seg\u00fan el rito establecido, tres <em>matzot<\/em>\u00a0(pan \u00e1cimo) una por encima de la otra, cada una tapada por separado, est\u00e1n dispuestas en una bandeja que contiene una serie de alimentos simb\u00f3licos: el <em>Karpass,<\/em> o hierbas verdes (apio, perejil); agua salada para recordar el gusto de las lagrimas de los hijos de Israel durante su esclavitud; el\u00a0<em>Maror<\/em>, hierbas amargas, para recordar la amargura de la vida en Egipto (lechuga romana, lechuga, endivias, r\u00e1bano&#8230;)\u00a0; el <em>Harosset<\/em>, una mezcla hecha a base de d\u00e1tiles, nueces, manzanas, almendras, canela vinculadas con vino, s\u00edmbolo del mortero utilizado para los esclavos hebreos para la fabricaci\u00f3n de ladrillos; <em>Zerowa\u02bf<\/em>\u00a0: un hueso para recordar el sacrificio del cordero pascual durante la \u00e9poca del Templo de Jerusal\u00e9n; <em>B\u0113\u1e63a<\/em>\u00a0: un huevo duro, como recuerdo de la destrucci\u00f3n del Templo de Jerusal\u00e9n.<\/p>\n<p><strong>Las particulares comunitarias<\/strong><br \/>Observamos diferencias culturales sobre todo en la primera parte de la Hagad\u00e1, especialmente a trav\u00e9s de sus diferentes versiones en primer lugar manuscritas y despu\u00e9s imprimidas, reflejo de una gran creatividad, que constatamos tambi\u00e9n en la m\u00fasica. Cada tradici\u00f3n tiene su propia <em>piyyut<\/em>\u00a0(poes\u00eda religiosa), su propia melod\u00eda, lo debido al hecho que cada comunidad busca cautiva su propia audiencia de manera a marcar esta celebraci\u00f3n. Estas diferencias se observan tambi\u00e9n del punto de vista culinario, con en particular los diferentes combinaciones posibles de la receta de la <em>Harosset<\/em> presente en la bandeja del Seder, que constamos en las diferentes tradiciones.<\/p>\n<p>Ademas los yemen\u00edes no utilizan <em>K\u00e9ara<\/em>\u00a0(bandeja de Pesaj): cada convidado recibe un plato con los diferentes elementos de la bandeja y la mesa del Seder est\u00e1 adornada de hojas de <em>Maror<\/em>.<\/p>\n<p>Diversas costumbres indumentarias han sido establecidas tambi\u00e9n en algunas comunitarias para levantar m\u00e1s la atm\u00f3sfera de la o las noches del Seder: una ropa blanca a la imagen del gran sacerdote en <em>Yom Kippour<\/em>\u00a0en los asquenaz\u00edes, una chilaba en algunas comunidades de \u00c1frica del Norte, figurante de las \u00abropas de la libertad\u00bb.<\/p>\n<p>En Marruecos, una costumbre consiste en pasar la bandeja del Seder por encima las cabezas de los convidados, truco utilizado para llamar la atenci\u00f3n de los hijos y de los m\u00e1s grandes, y tambi\u00e9n para simbolizar la presencia divina protectora habiendo perdonado la muerte de los primog\u00e9nitos Hebreos pasando \u00abpor encima\u00bb sus casas (Pesaj o Pass-over significa pasar por encima), evocado en la d\u00e9cima plaga de Egipto de la Hagad\u00e1.<\/p>\n<p><img decoding=\"async\" class=\"alignleft\" src=\"https:\/\/www.iemj.org\/wp-content\/uploads\/2021\/09\/Fichier-son-IEMJ.jpg\" \/><a href=\"https:\/\/www.iemj.org\/wp-content\/uploads\/2020\/04\/2_bibhilou_et_debut_ma_nishtana_-_rite_marocain_de_casablanca_-_extrait.mp3\" target=\"_blank\" rel=\"noopener\">Bibhilou &amp; inicio de Ma nishtana &#8211; Rito marroqu\u00ed de Casablanc &#8211; Extracto<\/a><\/p>\n<p>\u00a0<\/p>\n<p>De manera a interesar siempre, implicar y suscitar el planteamiento de preguntas de todos los presentes reunidos en torno a la mesa del Seder de Pascua en las diferentes comunidades, es habitual que los que no entienden el hebreo e incluso el arameo presente en los textos introduzcan la lengua vern\u00e1cula, las judeo-lenguas que son el judeo-\u00e1rabe, el judeo-espa\u00f1ol o el yidddish.<br \/>\u00a1Entre algunas familias yemenies, el hijo m\u00e1s joven canta el <em>Ma nichtana<\/em>\u00a0en \u00e1rabe y recibe como recompensa un huevo pasado por agua! Por fin, durante la lectura de la parte de la Hagad\u00e1 donde el conjunto de los convidados recita el famoso <em>Day\u00e9nou<\/em> (otro canto del desarrollo del Seder que significa \u00abeso habr\u00eda sido suficiente para nosotros\u00bb), es toda la mesa que esta levantada, cada vez que esta palabra esta pronunciada.<\/p>\n<p><img decoding=\"async\" class=\"alignleft\" src=\"https:\/\/www.iemj.org\/wp-content\/uploads\/2021\/09\/Fichier-son-IEMJ.jpg\" \/><a href=\"https:\/\/www.iemj.org\/wp-content\/uploads\/2020\/04\/3_ma_nishtana_nira_rabinovitz_zt_nitzan_shlomo_avec_renanim_choir_passsover_songs_1973.mp3\" target=\"_blank\" rel=\"noopener\">Ma nishtana &#8211; Nira Rabinovitz zt nitzan Shlomo con Renanim Choir &#8211; Rito asquenaz\u00ed &#8211; Extracto<\/a><\/p>\n<p>\u00a0<\/p>\n<p>Despu\u00e9s de la sesion de preguntas del canto <em>Ma nichtana<\/em>, empieza realmente el relato &#8211; el <em>Maggid<\/em>\u00a0\u2013 de la salida de Egipto con especialmente las oraciones de \u00a0<em>Baroukh hamakom<\/em>\u00a0y de\u00a0<em>Vehi Cheamda<\/em>.<\/p>\n<p><em>Baroukh hamakom<\/em>\u00a0es una oraci\u00f3n que se dirige a Dios, en su dimensi\u00f3n inmutable. Sea quien sea uno, sea cual sea su car\u00e1cter, Dios est\u00e1 ah\u00ed para hacer comprender a todos el significado de la fiesta de P\u00e9saj y les invita a reconocer la dimensi\u00f3n divina, como le ped\u00eda, en Egipto al Fara\u00f3n en los tiempos b\u00edblicos. Como en la canci\u00f3n Dayenou, (que significa que nos habr\u00eda bastado), que se canta al final del Seder, la idea subyacente es: sea cual sea el curso de los elementos, fue Dios quien orquest\u00f3 y permiti\u00f3 esta salida de Egipto.<\/p>\n<p><img decoding=\"async\" class=\"alignleft\" src=\"https:\/\/www.iemj.org\/wp-content\/uploads\/2021\/09\/Fichier-son-IEMJ.jpg\" \/><a href=\"https:\/\/www.iemj.org\/wp-content\/uploads\/2020\/04\/4_baroukh_hamakom_marocain_samy_elmaghrebi.mp3\" target=\"_blank\" rel=\"noopener\">Baroukh hamakom &#8211; Samy Elmaghrebi &#8211; Rito marroqu\u00ed &#8211; Extracto<\/a><\/p>\n<p>\u00a0<\/p>\n<p><a href=\"https:\/\/www.iemj.org\/wp-content\/uploads\/2020\/04\/5_vehi_cheamda_ashkenaze_chant_de_la_hagada_dir_rabbin_jean_schwartz_laszlo_karvaly.mp3\"><img decoding=\"async\" class=\"alignleft\" src=\"https:\/\/www.iemj.org\/wp-content\/uploads\/2021\/09\/Fichier-son-IEMJ.jpg\" \/><\/a><a href=\"https:\/\/www.iemj.org\/wp-content\/uploads\/2020\/04\/5_vehi_cheamda_ashkenaze_chant_de_la_hagada_dir_rabbin_jean_schwartz_laszlo_karvaly.mp3\" target=\"_blank\" rel=\"noopener\">Vehi Cheamda &#8211; Canto de la Hagad\u00e1, dir Rabbi Jean Schwartz, Laszlo Karvaly &#8211; Rito asquenaz\u00ed &#8211; Extracto<\/a><\/p>\n<p>\u00a0<\/p>\n<p>La oraci\u00f3n Vehi Cheamda, con la que uno se dirige a Dios en P\u00e9saj, se hace eco de todas las dem\u00e1s persecuciones sufridas por el pueblo jud\u00edo y el significado de esta oraci\u00f3n puede ser el de desear siempre poder superar pruebas como la de la esclavitud en Egipto.<\/p>\n<p>Una otra oraci\u00f3n importante del Seder es el <em>Hallel<\/em>, conjunto de textos compuestos de 6 salmos (113-118), alabanza a Dios para todos los milagros cumplidos. El <em>Hallel<\/em>\u00a0es generalmente empezado a alta voz para toda la comunidad de oraci\u00f3n en la ocasi\u00f3n de las tres fiestas de peregrinaci\u00f3n (<em>Pesaj<\/em>, <em>havouot<\/em>\u00a0y\u00a0<em>Souccot)<\/em> as\u00ed que durante la oficia religiosa de la ma\u00f1ana, al final de la Amidah (conjunto de bendiciones ocupando una plaza central en las oficias de oraci\u00f3n del juda\u00edsmo).<\/p>\n<p><img decoding=\"async\" class=\"alignleft\" src=\"https:\/\/www.iemj.org\/wp-content\/uploads\/2021\/09\/Fichier-son-IEMJ.jpg\" \/><a href=\"https:\/\/www.iemj.org\/wp-content\/uploads\/2020\/04\/6_psaume_halel_debut_rite_italien_corfou_polyphonie.mp3\" target=\"_blank\" rel=\"noopener\">Inicio del Salmo Hallel &#8211; Polifon\u00eda &#8211; Rito italiano de Corf\u00fa &#8211; Extracto<\/a><\/p>\n<p>\u00a0<\/p>\n<p><a href=\"https:\/\/www.iemj.org\/wp-content\/uploads\/2020\/04\/7_dayeynu_dave_tarras_swingtet_debut_1950.mp3\"><img decoding=\"async\" class=\"alignleft\" src=\"https:\/\/www.iemj.org\/wp-content\/uploads\/2021\/09\/Fichier-son-IEMJ.jpg\" \/><\/a><a href=\"https:\/\/www.iemj.org\/wp-content\/uploads\/2020\/04\/7_dayeynu_dave_tarras_swingtet_debut_1950.mp3\" target=\"_blank\" rel=\"noopener\">Dayenou &#8211; Dave Tarras swingtet &#8211; Extracto<\/a><\/p>\n<p>\u00a0<\/p>\n<p>Todos estos cantos convincentes tienen como vocaci\u00f3n interesar la asistencia al fin del Seder, hasta la hora de la comida propiamente hablando cuando los platos como las costumbres difieren como lo hemos visto, seg\u00fan las comunidades. Las platos se suceden <em>pescado Gefilte<\/em> o <em>Kneidlers<\/em> en los unos, <em>Msouki<\/em>\u00a0(mezcla de verduras y carne y de <em>matzot<\/em>)\u00a0<em>Fad<\/em>\u00a0(mezcla de corrason, de h\u00edgado&#8230;) o sopa de <em>matza<\/em>\u00a0en los otras&#8230;<\/p>\n<p>El fin de la comida se termina tradicionalmente por <a href=\"https:\/\/www.iemj.org\/es\/three-passover-songs-adir-hu-echad-mi-yodea-and-chad-gadya\/\" target=\"_blank\" rel=\"noopener\">una serie de 3 canciones<\/a>, adaptadas y cantadas en todas las tradiciones. Se trata de <em>Adir hou<\/em>,\u00a0<a href=\"https:\/\/www.iemj.org\/es\/had-gadya-une-chanson-de-pessah\/\" target=\"_blank\" rel=\"noopener\"><em>Had gadia<\/em><\/a>\u00a0o el cabrito (se trata de una canci\u00f3n de tipo acumulativo) y <a href=\"https:\/\/www.iemj.org\/es\/ehad-mi-yodea-une-chanson-de-pessah\/\" target=\"_blank\" rel=\"noopener\"><em>Ehad mi yod\u00e9a<\/em><\/a>. La canci\u00f3n <em>Had gadia<\/em> especialmente fue interpretada en italiano por Angelo Branduardi bajo el titulo <em>A la foire de l\u2019Est<\/em> (En la feria del Este), s\u00edmbolo de la gran facultad de adaptaci\u00f3n de las m\u00fasicas jud\u00edas en su entorno.<\/p>\n<p><iframe src=\"https:\/\/www.youtube.com\/embed\/zunkIH1iwLg\" width=\"350\" height=\"185\" frameborder=\"0\" allowfullscreen=\"allowfullscreen\"><\/iframe>\u00a0 <iframe src=\"https:\/\/www.youtube.com\/embed\/MsdOVvBgfdk\" width=\"350\" height=\"185\" frameborder=\"0\" allowfullscreen=\"allowfullscreen\"><\/iframe><\/p>\n<p>Articulo realizado especialmente despu\u00e9s de la emisi\u00f3n de radio : <a href=\"https:\/\/www.iemj.org\/es\/music-from-passover-seder-journey-into-the-musical-traditions-of-passover\/\" target=\"_blank\" rel=\"noopener\">M\u00fasicas del Seder de Pesaj &#8211; Viaje en el seno de las tradiciones musicales de la Pascua jud\u00eda<\/a><\/p>\n<p><a href=\"https:\/\/www.iemj.org\/es\/three-passover-songs-adir-hu-echad-mi-yodea-and-chad-gadya\/\" target=\"_blank\" rel=\"noopener\">M\u00e1s informaci\u00f3n sobre las tres canciones de P\u00e9saj<\/a><br \/><a href=\"https:\/\/www.iemj.org\/es\/had-gadya-une-chanson-de-pessah\/\" target=\"_blank\" rel=\"noopener\">Escuchar la lista de reproducci\u00f3n \u2019Had gadya<\/a><br \/><a href=\"https:\/\/www.iemj.org\/es\/ehad-mi-yodea-une-chanson-de-pessah\/\" target=\"_blank\" rel=\"noopener\">Escuchar la lista de reproducci\u00f3n sobre E\u2019had mi yod\u00e9a<\/a><\/p>\n\n<div class=\"wp-block-image\">\n<figure class=\"aligncenter size-large\"><img loading=\"lazy\" decoding=\"async\" width=\"1024\" height=\"133\" src=\"https:\/\/www.iemj.org\/wp-content\/uploads\/2024\/03\/AUDIO-PLAYER-1024x133.png\" alt=\"\" class=\"wp-image-110610\" srcset=\"https:\/\/www.iemj.org\/wp-content\/uploads\/2024\/03\/AUDIO-PLAYER-1024x133.png 1024w, https:\/\/www.iemj.org\/wp-content\/uploads\/2024\/03\/AUDIO-PLAYER-300x39.png 300w, https:\/\/www.iemj.org\/wp-content\/uploads\/2024\/03\/AUDIO-PLAYER-768x100.png 768w, https:\/\/www.iemj.org\/wp-content\/uploads\/2024\/03\/AUDIO-PLAYER-600x78.png 600w, https:\/\/www.iemj.org\/wp-content\/uploads\/2024\/03\/AUDIO-PLAYER.png 1210w\" sizes=\"(max-width: 1024px) 100vw, 1024px\" \/><\/figure>\n<\/div>\n\n\n<div class=\"wp-block-file\"><a href=\"https:\/\/www.iemj.org\/wp-content\/uploads\/2020\/04\/1_debut_du_seder_-_rite_algerois_-_extrait.mp3\">D\u00e9but du S\u00e9der &#8211; Rite alg\u00e9rois &#8211; Extrait<\/a><\/div>\n\n\n\n<div class=\"wp-block-file\"><a href=\"https:\/\/www.iemj.org\/wp-content\/uploads\/2020\/04\/2_bibhilou_et_debut_ma_nishtana_-_rite_marocain_de_casablanca_-_extrait.mp3\">Bibhilou &amp; d\u00e9but Ma nishtana &#8211; Rite marocain de Casablanca &#8211; Extrait<\/a><\/div>\n\n\n\n<div class=\"wp-block-file\"><a href=\"https:\/\/www.iemj.org\/wp-content\/uploads\/2020\/04\/3_ma_nishtana_nira_rabinovitz_zt_nitzan_shlomo_avec_renanim_choir_passsover_songs_1973.mp3\">Ma nishtana &#8211; Nira Rabinovitz et nitzan Shlomo avec Renanim Choir &#8211; Rite ashk\u00e9naze &#8211; Extrait<\/a><\/div>\n\n\n\n<div class=\"wp-block-file\"><a href=\"https:\/\/www.iemj.org\/wp-content\/uploads\/2020\/04\/4_baroukh_hamakom_marocain_samy_elmaghrebi.mp3\">Baroukh hamakom &#8211; Samy Elmaghrebi &#8211; Rite marocain &#8211; Extrait<\/a><\/div>\n\n\n\n<div class=\"wp-block-file\"><a href=\"https:\/\/www.iemj.org\/wp-content\/uploads\/2020\/04\/5_vehi_cheamda_ashkenaze_chant_de_la_hagada_dir_rabbin_jean_schwartz_laszlo_karvaly.mp3\">Vehi Cheamda &#8211; Chant de la Haggada, dir  Rabbin Jean Schwartz, Laszlo Karvaly &#8211; Rite ashk\u00e9naze &#8211; Extrait<\/a><\/div>\n\n\n\n<div class=\"wp-block-file\"><a href=\"https:\/\/www.iemj.org\/wp-content\/uploads\/2020\/04\/6_psaume_halel_debut_rite_italien_corfou_polyphonie.mp3\">D\u00e9but du Psaume Hallel &#8211; Polyphonie &#8211; Rite Italien de Corfou &#8211; Extrait<\/a><\/div>\n\n\n\n<div class=\"wp-block-file\"><a href=\"https:\/\/www.iemj.org\/wp-content\/uploads\/2020\/04\/7_dayeynu_dave_tarras_swingtet_debut_1950.mp3\">Dayenou &#8211; Dave Tarras swingtet &#8211; Extrait<\/a><\/div>\n","protected":false},"excerpt":{"rendered":"<p>Pesaj\u00a0&#8211; \u05e4\u05b6\u05bc\u05e1\u05b7\u05d7 &#8211; es una de las tres fiestas de peregrinaci\u00f3n del calendario jud\u00edo (con Chavouot\u00a0et\u00a0Souccot), durante la cual conmemoramos, la salida de Egipto de los Hebreos. Fiesta muy simb\u00f3lica<\/p>\n","protected":false},"author":5,"featured_media":111192,"comment_status":"closed","ping_status":"closed","sticky":false,"template":"","format":"standard","meta":{"_acf_changed":false,"footnotes":""},"categories":[1408,1411],"tags":[],"technique":[],"squelettes":[],"sujet":[1826],"formation":[],"genre":[],"fonds":[],"tradition":[],"type-de-contenu":[],"interprete-compositeur":[],"frise":[],"type-devenement":[],"tableaux-liens-externes":[],"class_list":["post-65156","post","type-post","status-publish","format-standard","has-post-thumbnail","hentry","category-articulos-de-fondo-es","category-musica-liturgica-es","sujet-pesaj-es"],"acf":[],"yoast_head":"<!-- This site is optimized with the Yoast SEO plugin v27.3 - https:\/\/yoast.com\/product\/yoast-seo-wordpress\/ -->\n<title>Pesaj - Institut Europ\u00e9en des Musiques Juives<\/title>\n<meta name=\"robots\" content=\"index, follow, max-snippet:-1, max-image-preview:large, max-video-preview:-1\" \/>\n<link rel=\"canonical\" href=\"https:\/\/www.iemj.org\/es\/pessah\/\" \/>\n<meta property=\"og:locale\" content=\"es_ES\" \/>\n<meta property=\"og:type\" content=\"article\" \/>\n<meta property=\"og:title\" content=\"Pesaj - Institut Europ\u00e9en des Musiques Juives\" \/>\n<meta property=\"og:description\" content=\"Pesaj\u00a0&#8211; \u05e4\u05b6\u05bc\u05e1\u05b7\u05d7 &#8211; es una de las tres fiestas de peregrinaci\u00f3n del calendario jud\u00edo (con Chavouot\u00a0et\u00a0Souccot), durante la cual conmemoramos, la salida de Egipto de los Hebreos. Fiesta muy simb\u00f3lica\" \/>\n<meta property=\"og:url\" content=\"https:\/\/www.iemj.org\/es\/pessah\/\" \/>\n<meta property=\"og:site_name\" content=\"Institut Europ\u00e9en des Musiques Juives\" \/>\n<meta property=\"article:publisher\" content=\"https:\/\/www.facebook.com\/MusiquesJuives\/\" \/>\n<meta property=\"article:published_time\" content=\"2020-04-02T09:11:02+00:00\" \/>\n<meta property=\"article:modified_time\" content=\"2025-10-06T10:56:15+00:00\" \/>\n<meta property=\"og:image\" content=\"https:\/\/www.iemj.org\/wp-content\/uploads\/2020\/04\/Article-fond-Pessah.jpg\" \/>\n\t<meta property=\"og:image:width\" content=\"500\" \/>\n\t<meta property=\"og:image:height\" content=\"500\" \/>\n\t<meta property=\"og:image:type\" content=\"image\/jpeg\" \/>\n<meta name=\"author\" content=\"Jacqueline ROTEN\" \/>\n<meta name=\"twitter:card\" content=\"summary_large_image\" \/>\n<meta name=\"twitter:label1\" content=\"Escrito por\" \/>\n\t<meta name=\"twitter:data1\" content=\"Jacqueline ROTEN\" \/>\n\t<meta name=\"twitter:label2\" content=\"Tiempo de lectura\" \/>\n\t<meta name=\"twitter:data2\" content=\"12 minutos\" \/>\n<script type=\"application\/ld+json\" class=\"yoast-schema-graph\">{\"@context\":\"https:\\\/\\\/schema.org\",\"@graph\":[{\"@type\":\"Article\",\"@id\":\"https:\\\/\\\/www.iemj.org\\\/es\\\/pessah\\\/#article\",\"isPartOf\":{\"@id\":\"https:\\\/\\\/www.iemj.org\\\/es\\\/pessah\\\/\"},\"author\":{\"name\":\"Jacqueline ROTEN\",\"@id\":\"https:\\\/\\\/www.iemj.org\\\/es\\\/#\\\/schema\\\/person\\\/358e26c18aca017fcc4cc15437f7279c\"},\"headline\":\"Pesaj\",\"datePublished\":\"2020-04-02T09:11:02+00:00\",\"dateModified\":\"2025-10-06T10:56:15+00:00\",\"mainEntityOfPage\":{\"@id\":\"https:\\\/\\\/www.iemj.org\\\/es\\\/pessah\\\/\"},\"wordCount\":1887,\"publisher\":{\"@id\":\"https:\\\/\\\/www.iemj.org\\\/es\\\/#organization\"},\"image\":{\"@id\":\"https:\\\/\\\/www.iemj.org\\\/es\\\/pessah\\\/#primaryimage\"},\"thumbnailUrl\":\"https:\\\/\\\/www.iemj.org\\\/wp-content\\\/uploads\\\/2020\\\/04\\\/Article-fond-Pessah.jpg\",\"articleSection\":[\"Art\u00edculos de fondo\",\"M\u00fasica lit\u00fargica\"],\"inLanguage\":\"es\"},{\"@type\":\"WebPage\",\"@id\":\"https:\\\/\\\/www.iemj.org\\\/es\\\/pessah\\\/\",\"url\":\"https:\\\/\\\/www.iemj.org\\\/es\\\/pessah\\\/\",\"name\":\"Pesaj - Institut Europ\u00e9en des Musiques Juives\",\"isPartOf\":{\"@id\":\"https:\\\/\\\/www.iemj.org\\\/es\\\/#website\"},\"primaryImageOfPage\":{\"@id\":\"https:\\\/\\\/www.iemj.org\\\/es\\\/pessah\\\/#primaryimage\"},\"image\":{\"@id\":\"https:\\\/\\\/www.iemj.org\\\/es\\\/pessah\\\/#primaryimage\"},\"thumbnailUrl\":\"https:\\\/\\\/www.iemj.org\\\/wp-content\\\/uploads\\\/2020\\\/04\\\/Article-fond-Pessah.jpg\",\"datePublished\":\"2020-04-02T09:11:02+00:00\",\"dateModified\":\"2025-10-06T10:56:15+00:00\",\"breadcrumb\":{\"@id\":\"https:\\\/\\\/www.iemj.org\\\/es\\\/pessah\\\/#breadcrumb\"},\"inLanguage\":\"es\",\"potentialAction\":[{\"@type\":\"ReadAction\",\"target\":[\"https:\\\/\\\/www.iemj.org\\\/es\\\/pessah\\\/\"]}]},{\"@type\":\"ImageObject\",\"inLanguage\":\"es\",\"@id\":\"https:\\\/\\\/www.iemj.org\\\/es\\\/pessah\\\/#primaryimage\",\"url\":\"https:\\\/\\\/www.iemj.org\\\/wp-content\\\/uploads\\\/2020\\\/04\\\/Article-fond-Pessah.jpg\",\"contentUrl\":\"https:\\\/\\\/www.iemj.org\\\/wp-content\\\/uploads\\\/2020\\\/04\\\/Article-fond-Pessah.jpg\",\"width\":500,\"height\":500},{\"@type\":\"BreadcrumbList\",\"@id\":\"https:\\\/\\\/www.iemj.org\\\/es\\\/pessah\\\/#breadcrumb\",\"itemListElement\":[{\"@type\":\"ListItem\",\"position\":1,\"name\":\"Accueil\",\"item\":\"https:\\\/\\\/www.iemj.org\\\/es\\\/\"},{\"@type\":\"ListItem\",\"position\":2,\"name\":\"Pesaj\"}]},{\"@type\":\"WebSite\",\"@id\":\"https:\\\/\\\/www.iemj.org\\\/es\\\/#website\",\"url\":\"https:\\\/\\\/www.iemj.org\\\/es\\\/\",\"name\":\"Institut Europ\u00e9en des Musiques Juives\",\"description\":\"Des traditions musicales \u00e0 la port\u00e9e de tous\",\"publisher\":{\"@id\":\"https:\\\/\\\/www.iemj.org\\\/es\\\/#organization\"},\"potentialAction\":[{\"@type\":\"SearchAction\",\"target\":{\"@type\":\"EntryPoint\",\"urlTemplate\":\"https:\\\/\\\/www.iemj.org\\\/es\\\/?s={search_term_string}\"},\"query-input\":{\"@type\":\"PropertyValueSpecification\",\"valueRequired\":true,\"valueName\":\"search_term_string\"}}],\"inLanguage\":\"es\"},{\"@type\":\"Organization\",\"@id\":\"https:\\\/\\\/www.iemj.org\\\/es\\\/#organization\",\"name\":\"Institut Europ\u00e9en des Musiques Juives\",\"url\":\"https:\\\/\\\/www.iemj.org\\\/es\\\/\",\"logo\":{\"@type\":\"ImageObject\",\"inLanguage\":\"es\",\"@id\":\"https:\\\/\\\/www.iemj.org\\\/es\\\/#\\\/schema\\\/logo\\\/image\\\/\",\"url\":\"https:\\\/\\\/www.iemj.org\\\/wp-content\\\/uploads\\\/2021\\\/09\\\/Logo-IEMJ-Paypal.jpg\",\"contentUrl\":\"https:\\\/\\\/www.iemj.org\\\/wp-content\\\/uploads\\\/2021\\\/09\\\/Logo-IEMJ-Paypal.jpg\",\"width\":150,\"height\":50,\"caption\":\"Institut Europ\u00e9en des Musiques Juives\"},\"image\":{\"@id\":\"https:\\\/\\\/www.iemj.org\\\/es\\\/#\\\/schema\\\/logo\\\/image\\\/\"},\"sameAs\":[\"https:\\\/\\\/www.facebook.com\\\/MusiquesJuives\\\/\",\"https:\\\/\\\/www.instagram.com\\\/musiquesjuives\\\/\",\"https:\\\/\\\/www.youtube.com\\\/user\\\/musiquesjuives\"]},{\"@type\":\"Person\",\"@id\":\"https:\\\/\\\/www.iemj.org\\\/es\\\/#\\\/schema\\\/person\\\/358e26c18aca017fcc4cc15437f7279c\",\"name\":\"Jacqueline ROTEN\",\"image\":{\"@type\":\"ImageObject\",\"inLanguage\":\"es\",\"@id\":\"https:\\\/\\\/secure.gravatar.com\\\/avatar\\\/5964256d6c6957de3a3505278957e0fb2a35119ac47ea41827a65301213c810b?s=96&d=mm&r=g\",\"url\":\"https:\\\/\\\/secure.gravatar.com\\\/avatar\\\/5964256d6c6957de3a3505278957e0fb2a35119ac47ea41827a65301213c810b?s=96&d=mm&r=g\",\"contentUrl\":\"https:\\\/\\\/secure.gravatar.com\\\/avatar\\\/5964256d6c6957de3a3505278957e0fb2a35119ac47ea41827a65301213c810b?s=96&d=mm&r=g\",\"caption\":\"Jacqueline ROTEN\"}}]}<\/script>\n<!-- \/ Yoast SEO plugin. -->","yoast_head_json":{"title":"Pesaj - Institut Europ\u00e9en des Musiques Juives","robots":{"index":"index","follow":"follow","max-snippet":"max-snippet:-1","max-image-preview":"max-image-preview:large","max-video-preview":"max-video-preview:-1"},"canonical":"https:\/\/www.iemj.org\/es\/pessah\/","og_locale":"es_ES","og_type":"article","og_title":"Pesaj - Institut Europ\u00e9en des Musiques Juives","og_description":"Pesaj\u00a0&#8211; \u05e4\u05b6\u05bc\u05e1\u05b7\u05d7 &#8211; es una de las tres fiestas de peregrinaci\u00f3n del calendario jud\u00edo (con Chavouot\u00a0et\u00a0Souccot), durante la cual conmemoramos, la salida de Egipto de los Hebreos. Fiesta muy simb\u00f3lica","og_url":"https:\/\/www.iemj.org\/es\/pessah\/","og_site_name":"Institut Europ\u00e9en des Musiques Juives","article_publisher":"https:\/\/www.facebook.com\/MusiquesJuives\/","article_published_time":"2020-04-02T09:11:02+00:00","article_modified_time":"2025-10-06T10:56:15+00:00","og_image":[{"width":500,"height":500,"url":"https:\/\/www.iemj.org\/wp-content\/uploads\/2020\/04\/Article-fond-Pessah.jpg","type":"image\/jpeg"}],"author":"Jacqueline ROTEN","twitter_card":"summary_large_image","twitter_misc":{"Escrito por":"Jacqueline ROTEN","Tiempo de lectura":"12 minutos"},"schema":{"@context":"https:\/\/schema.org","@graph":[{"@type":"Article","@id":"https:\/\/www.iemj.org\/es\/pessah\/#article","isPartOf":{"@id":"https:\/\/www.iemj.org\/es\/pessah\/"},"author":{"name":"Jacqueline ROTEN","@id":"https:\/\/www.iemj.org\/es\/#\/schema\/person\/358e26c18aca017fcc4cc15437f7279c"},"headline":"Pesaj","datePublished":"2020-04-02T09:11:02+00:00","dateModified":"2025-10-06T10:56:15+00:00","mainEntityOfPage":{"@id":"https:\/\/www.iemj.org\/es\/pessah\/"},"wordCount":1887,"publisher":{"@id":"https:\/\/www.iemj.org\/es\/#organization"},"image":{"@id":"https:\/\/www.iemj.org\/es\/pessah\/#primaryimage"},"thumbnailUrl":"https:\/\/www.iemj.org\/wp-content\/uploads\/2020\/04\/Article-fond-Pessah.jpg","articleSection":["Art\u00edculos de fondo","M\u00fasica lit\u00fargica"],"inLanguage":"es"},{"@type":"WebPage","@id":"https:\/\/www.iemj.org\/es\/pessah\/","url":"https:\/\/www.iemj.org\/es\/pessah\/","name":"Pesaj - Institut Europ\u00e9en des Musiques Juives","isPartOf":{"@id":"https:\/\/www.iemj.org\/es\/#website"},"primaryImageOfPage":{"@id":"https:\/\/www.iemj.org\/es\/pessah\/#primaryimage"},"image":{"@id":"https:\/\/www.iemj.org\/es\/pessah\/#primaryimage"},"thumbnailUrl":"https:\/\/www.iemj.org\/wp-content\/uploads\/2020\/04\/Article-fond-Pessah.jpg","datePublished":"2020-04-02T09:11:02+00:00","dateModified":"2025-10-06T10:56:15+00:00","breadcrumb":{"@id":"https:\/\/www.iemj.org\/es\/pessah\/#breadcrumb"},"inLanguage":"es","potentialAction":[{"@type":"ReadAction","target":["https:\/\/www.iemj.org\/es\/pessah\/"]}]},{"@type":"ImageObject","inLanguage":"es","@id":"https:\/\/www.iemj.org\/es\/pessah\/#primaryimage","url":"https:\/\/www.iemj.org\/wp-content\/uploads\/2020\/04\/Article-fond-Pessah.jpg","contentUrl":"https:\/\/www.iemj.org\/wp-content\/uploads\/2020\/04\/Article-fond-Pessah.jpg","width":500,"height":500},{"@type":"BreadcrumbList","@id":"https:\/\/www.iemj.org\/es\/pessah\/#breadcrumb","itemListElement":[{"@type":"ListItem","position":1,"name":"Accueil","item":"https:\/\/www.iemj.org\/es\/"},{"@type":"ListItem","position":2,"name":"Pesaj"}]},{"@type":"WebSite","@id":"https:\/\/www.iemj.org\/es\/#website","url":"https:\/\/www.iemj.org\/es\/","name":"Institut Europ\u00e9en des Musiques Juives","description":"Des traditions musicales \u00e0 la port\u00e9e de tous","publisher":{"@id":"https:\/\/www.iemj.org\/es\/#organization"},"potentialAction":[{"@type":"SearchAction","target":{"@type":"EntryPoint","urlTemplate":"https:\/\/www.iemj.org\/es\/?s={search_term_string}"},"query-input":{"@type":"PropertyValueSpecification","valueRequired":true,"valueName":"search_term_string"}}],"inLanguage":"es"},{"@type":"Organization","@id":"https:\/\/www.iemj.org\/es\/#organization","name":"Institut Europ\u00e9en des Musiques Juives","url":"https:\/\/www.iemj.org\/es\/","logo":{"@type":"ImageObject","inLanguage":"es","@id":"https:\/\/www.iemj.org\/es\/#\/schema\/logo\/image\/","url":"https:\/\/www.iemj.org\/wp-content\/uploads\/2021\/09\/Logo-IEMJ-Paypal.jpg","contentUrl":"https:\/\/www.iemj.org\/wp-content\/uploads\/2021\/09\/Logo-IEMJ-Paypal.jpg","width":150,"height":50,"caption":"Institut Europ\u00e9en des Musiques Juives"},"image":{"@id":"https:\/\/www.iemj.org\/es\/#\/schema\/logo\/image\/"},"sameAs":["https:\/\/www.facebook.com\/MusiquesJuives\/","https:\/\/www.instagram.com\/musiquesjuives\/","https:\/\/www.youtube.com\/user\/musiquesjuives"]},{"@type":"Person","@id":"https:\/\/www.iemj.org\/es\/#\/schema\/person\/358e26c18aca017fcc4cc15437f7279c","name":"Jacqueline ROTEN","image":{"@type":"ImageObject","inLanguage":"es","@id":"https:\/\/secure.gravatar.com\/avatar\/5964256d6c6957de3a3505278957e0fb2a35119ac47ea41827a65301213c810b?s=96&d=mm&r=g","url":"https:\/\/secure.gravatar.com\/avatar\/5964256d6c6957de3a3505278957e0fb2a35119ac47ea41827a65301213c810b?s=96&d=mm&r=g","contentUrl":"https:\/\/secure.gravatar.com\/avatar\/5964256d6c6957de3a3505278957e0fb2a35119ac47ea41827a65301213c810b?s=96&d=mm&r=g","caption":"Jacqueline ROTEN"}}]}},"_links":{"self":[{"href":"https:\/\/www.iemj.org\/es\/wp-json\/wp\/v2\/posts\/65156","targetHints":{"allow":["GET"]}}],"collection":[{"href":"https:\/\/www.iemj.org\/es\/wp-json\/wp\/v2\/posts"}],"about":[{"href":"https:\/\/www.iemj.org\/es\/wp-json\/wp\/v2\/types\/post"}],"author":[{"embeddable":true,"href":"https:\/\/www.iemj.org\/es\/wp-json\/wp\/v2\/users\/5"}],"replies":[{"embeddable":true,"href":"https:\/\/www.iemj.org\/es\/wp-json\/wp\/v2\/comments?post=65156"}],"version-history":[{"count":1,"href":"https:\/\/www.iemj.org\/es\/wp-json\/wp\/v2\/posts\/65156\/revisions"}],"predecessor-version":[{"id":126364,"href":"https:\/\/www.iemj.org\/es\/wp-json\/wp\/v2\/posts\/65156\/revisions\/126364"}],"wp:featuredmedia":[{"embeddable":true,"href":"https:\/\/www.iemj.org\/es\/wp-json\/wp\/v2\/media\/111192"}],"wp:attachment":[{"href":"https:\/\/www.iemj.org\/es\/wp-json\/wp\/v2\/media?parent=65156"}],"wp:term":[{"taxonomy":"category","embeddable":true,"href":"https:\/\/www.iemj.org\/es\/wp-json\/wp\/v2\/categories?post=65156"},{"taxonomy":"post_tag","embeddable":true,"href":"https:\/\/www.iemj.org\/es\/wp-json\/wp\/v2\/tags?post=65156"},{"taxonomy":"technique","embeddable":true,"href":"https:\/\/www.iemj.org\/es\/wp-json\/wp\/v2\/technique?post=65156"},{"taxonomy":"squelettes","embeddable":true,"href":"https:\/\/www.iemj.org\/es\/wp-json\/wp\/v2\/squelettes?post=65156"},{"taxonomy":"sujet","embeddable":true,"href":"https:\/\/www.iemj.org\/es\/wp-json\/wp\/v2\/sujet?post=65156"},{"taxonomy":"formation","embeddable":true,"href":"https:\/\/www.iemj.org\/es\/wp-json\/wp\/v2\/formation?post=65156"},{"taxonomy":"genre","embeddable":true,"href":"https:\/\/www.iemj.org\/es\/wp-json\/wp\/v2\/genre?post=65156"},{"taxonomy":"fonds","embeddable":true,"href":"https:\/\/www.iemj.org\/es\/wp-json\/wp\/v2\/fonds?post=65156"},{"taxonomy":"tradition","embeddable":true,"href":"https:\/\/www.iemj.org\/es\/wp-json\/wp\/v2\/tradition?post=65156"},{"taxonomy":"type-de-contenu","embeddable":true,"href":"https:\/\/www.iemj.org\/es\/wp-json\/wp\/v2\/type-de-contenu?post=65156"},{"taxonomy":"interprete-compositeur","embeddable":true,"href":"https:\/\/www.iemj.org\/es\/wp-json\/wp\/v2\/interprete-compositeur?post=65156"},{"taxonomy":"frise","embeddable":true,"href":"https:\/\/www.iemj.org\/es\/wp-json\/wp\/v2\/frise?post=65156"},{"taxonomy":"type-devenement","embeddable":true,"href":"https:\/\/www.iemj.org\/es\/wp-json\/wp\/v2\/type-devenement?post=65156"},{"taxonomy":"tableaux-liens-externes","embeddable":true,"href":"https:\/\/www.iemj.org\/es\/wp-json\/wp\/v2\/tableaux-liens-externes?post=65156"}],"curies":[{"name":"wp","href":"https:\/\/api.w.org\/{rel}","templated":true}]}}