{"id":65272,"date":"2020-04-02T11:08:34","date_gmt":"2020-04-02T09:08:34","guid":{"rendered":"https:\/\/www.iemj.org\/had-gadya-une-chanson-de-pessah\/"},"modified":"2025-03-31T14:39:39","modified_gmt":"2025-03-31T12:39:39","slug":"had-gadya-une-chanson-de-pessah","status":"publish","type":"post","link":"https:\/\/www.iemj.org\/es\/had-gadya-une-chanson-de-pessah\/","title":{"rendered":"\u2019Had gadya, una canci\u00f3n de Pesaj"},"content":{"rendered":"<p><strong><em>&#8216;Had gadya<\/em> (un cabrito), la famosa canci\u00f3n de Pesaj que se canta en todas las tradiciones jud\u00edas (o casi&#8230;)<\/strong><\/p>\n<p><!--more--><\/p>\n<p>La \u00faltima de las tres canciones del <a href=\"https:\/\/www.iemj.org\/es\/pessah\/\" target=\"_blank\" rel=\"noopener\">Seder de Pesaj<\/a>, <em>Had Gadya<\/em> es una canci\u00f3n acumulativa (cada verso repitiendo los versos anteriores) que hacen en paralelo entre el destino de un inocente cabrito y el del pueblo de Israel. Seg\u00fan una ense\u00f1anza tradicional jud\u00eda, el cabrito representar\u00eda el pueblo jud\u00edo que Dios (el padre) ha adquirido por medio de Mois\u00e9s y Aron (las dos monedas de plata). Los perseguidores sucesivos ser\u00edan Asiria (el gato), Babylon (el perro), Persia (el bast\u00f3n), Macedonia (el fuego), Roma (la agua), los sarracenos (el buey), y los cruzados (el sacrificador). Los turcos, que han ocupado Tierra Santa hasta 1917, ser\u00edan representados por el \u00e1ngel de la muerte, la historia concluy\u00e9ndose por el regreso de los jud\u00edos en Israel por la gracia de Dios.<\/p>\n<p>La tradici\u00f3n quiere que este canto en arameo sea cantado tambi\u00e9n en diferentes dialectos jud\u00edos (Judeo-Alsaciano, yiddish, comtadino, judeo-espa\u00f1ol, judeo-\u00e1rabe&#8230;).<\/p>\n<p><a href=\"https:\/\/www.iemj.org\/es\/pessah\/\" target=\"_blank\" rel=\"noopener\">M\u00e1s informaci\u00f3n sobre las tres canciones de Pesaj <em>Adir hu<\/em>, <em>E\u2019had mi yodea<\/em> y <em>\u2018Had gadya<\/em><\/a><br \/><a href=\"https:\/\/www.iemj.org\/es\/ehad-mi-yodea-une-chanson-de-pessah\/\" target=\"_blank\" rel=\"noopener\">Escuchar la lista de reproducci\u00f3n sobre la canci\u00f3n <em>E\u2019had mi yodea<\/em><\/a><br \/><a href=\"https:\/\/www.iemj.org\/es\/pessah-1ere-partie\/\" target=\"_blank\" rel=\"noopener\">Escuchar la lista de reproducci\u00f3n Pesaj 1<\/a><br \/><a href=\"https:\/\/www.iemj.org\/es\/pessah-2eme-partie\/\" target=\"_blank\" rel=\"noopener\">Escuchar la lista de reproducci\u00f3n Pesaj 2<\/a><\/p>\n<p>\u00a0<\/p>\n\n<div class=\"wp-block-image\">\n<figure class=\"aligncenter size-large\"><img fetchpriority=\"high\" decoding=\"async\" width=\"1024\" height=\"133\" src=\"https:\/\/www.iemj.org\/wp-content\/uploads\/2024\/03\/AUDIO-PLAYER-1024x133.png\" alt=\"\" class=\"wp-image-110610\" srcset=\"https:\/\/www.iemj.org\/wp-content\/uploads\/2024\/03\/AUDIO-PLAYER-1024x133.png 1024w, https:\/\/www.iemj.org\/wp-content\/uploads\/2024\/03\/AUDIO-PLAYER-300x39.png 300w, https:\/\/www.iemj.org\/wp-content\/uploads\/2024\/03\/AUDIO-PLAYER-768x100.png 768w, https:\/\/www.iemj.org\/wp-content\/uploads\/2024\/03\/AUDIO-PLAYER-600x78.png 600w, https:\/\/www.iemj.org\/wp-content\/uploads\/2024\/03\/AUDIO-PLAYER.png 1210w\" sizes=\"(max-width: 1024px) 100vw, 1024px\" \/><\/figure>\n<\/div>\n\n\n<div class=\"wp-block-file\"><a href=\"https:\/\/www.iemj.org\/wp-content\/uploads\/2020\/04\/01-had_gadya_extrait__tradition_ashkenaze.mp3\">Had gadya (Extrait) &#8211; Tradition ashkenaze<\/a><\/div>\n\n\n\n<div class=\"wp-block-file\"><a href=\"https:\/\/www.iemj.org\/wp-content\/uploads\/2020\/04\/02-had_gadyo_extrait__ashkenaze_judeo-alsacien_michel_heymann.mp3\">Had gadyo (Extrait) &#8211;  Ashkenaze judeo alsacien &#8211; Michel Heymann<\/a><\/div>\n\n\n\n<div class=\"wp-block-file\"><a href=\"https:\/\/www.iemj.org\/wp-content\/uploads\/2020\/04\/03_chad_gadyoh_extrait__ashkenaze_yiddish_moshe_koussevitzky.mp3\">Chad Gadyoh (Extrait) &#8211; Ashkenaze yiddish &#8211; Moshe Koussevitzky<\/a><\/div>\n\n\n\n<div class=\"wp-block-file\"><a href=\"https:\/\/www.iemj.org\/wp-content\/uploads\/2020\/04\/04_chad_gadya_ashkenaze_yiddish_nira_gal.mp3\">Chad Gadya &#8211; Ashkenaze yiddish &#8211; Nira Gal<\/a><\/div>\n\n\n\n<div class=\"wp-block-file\"><a href=\"https:\/\/www.iemj.org\/wp-content\/uploads\/2020\/04\/05_chad_gadya_in_yiddish_zemiros_group.mp3\">Chad Gadya in Yiddish &#8211; Zemiros Group<\/a><\/div>\n\n\n\n<div class=\"wp-block-file\"><a href=\"https:\/\/www.iemj.org\/wp-content\/uploads\/2020\/04\/06_had_gadia_cantes_judeo-espagnol_coll.yitshak_levy.mp3\">Had gadia &#8211; Cantes judeo espagnol &#8211; Coll. Yitshak Levy<\/a><\/div>\n\n\n\n<div class=\"wp-block-file\"><a href=\"https:\/\/www.iemj.org\/wp-content\/uploads\/2020\/04\/07-had_gadia_extrait__cantos_judeo_espanoles_de_marruecos.mp3\">Had gadia (Extrait) &#8211; Cantos Judeo Espanoles de Marruecos<\/a><\/div>\n\n\n\n<div class=\"wp-block-file\"><a href=\"https:\/\/www.iemj.org\/wp-content\/uploads\/2020\/04\/08_el_cavritico_tradition_jud_o-espagnole_salonique_gr_ce__coll._l_on_algazi.mp3\">El cavritico &#8211; Judeo-espagnol Salonique Grece &#8211; Coll. Leon Algazi<\/a><\/div>\n\n\n\n<div class=\"wp-block-file\"><a href=\"https:\/\/www.iemj.org\/wp-content\/uploads\/2020\/04\/09_had-gadia_extrait__ladino_yehoram_gaon.mp3\">Had Gadia (Extrait) &#8211; ladino -Yehoram Gaon<\/a><\/div>\n\n\n\n<div class=\"wp-block-file\"><a href=\"https:\/\/www.iemj.org\/wp-content\/uploads\/2020\/04\/10_had_gadya_extrait__rite_sfardi_yerushalmi_ezra_barnea.mp3\">Had gadya (Extrait) &#8211; rite sfardi yerushalmi &#8211; Ezra Barnea<\/a><\/div>\n\n\n\n<div class=\"wp-block-file\"><a href=\"https:\/\/www.iemj.org\/wp-content\/uploads\/2020\/04\/11_had_gadya_extrait__rite_lybien.mp3\">Had gadya (Extrait) &#8211; rite lybien<\/a><\/div>\n\n\n\n<div class=\"wp-block-file\"><a href=\"https:\/\/www.iemj.org\/wp-content\/uploads\/2020\/04\/12_had_gadya_extrait__rite_marocain_idan_toledano.mp3\">Had gadya (Extrait) &#8211; rite marocain &#8211; Idan Toledano<\/a><\/div>\n\n\n\n<div class=\"wp-block-file\"><a href=\"https:\/\/www.iemj.org\/wp-content\/uploads\/2020\/04\/13_had_gadya_extrait__rite_tunisien_nathan_cohen.mp3\">Had gadya (Extrait) &#8211; rite tunisien &#8211; Nathan Cohen<\/a><\/div>\n\n\n\n<div class=\"wp-block-file\"><a href=\"https:\/\/www.iemj.org\/wp-content\/uploads\/2020\/04\/14_had_gadya_extrait_rite_italien_corfou.mp3\">Had gadya (Extrait) &#8211; rite italien Corfou<\/a><\/div>\n\n\n\n<div class=\"wp-block-file\"><a href=\"https:\/\/www.iemj.org\/wp-content\/uploads\/2020\/04\/15_had_gadia_extrait__rite_comtadin_adolphe_attia.mp3\">Had gadia (Extrait) &#8211; rite comtadin &#8211; Adolphe Attia<\/a><\/div>\n\n\n\n<div class=\"wp-block-file\"><a href=\"https:\/\/www.iemj.org\/wp-content\/uploads\/2020\/04\/16_had_gadia_extrait__rite_italien_21_le_baroque_nomade.mp3\">Had gadia (Extrait) &#8211; rite italien &#8211; 21 Le Baroque Nomade<\/a><\/div>\n\n\n\n<div class=\"wp-block-file\"><a href=\"https:\/\/www.iemj.org\/wp-content\/uploads\/2020\/04\/17_had_gadya_extrait__chava_alberstein.mp3\">Had gadya (Extrait) &#8211; Chava Alberstein<\/a><\/div>\n","protected":false},"excerpt":{"rendered":"<p>&#8216;Had gadya (un cabrito), la famosa canci\u00f3n de Pesaj que se canta en todas las tradiciones jud\u00edas (o casi&#8230;)<\/p>\n","protected":false},"author":1045,"featured_media":111182,"comment_status":"closed","ping_status":"closed","sticky":false,"template":"","format":"standard","meta":{"_acf_changed":false,"footnotes":""},"categories":[1535],"tags":[],"technique":[],"squelettes":[],"sujet":[1826],"formation":[],"genre":[1890],"fonds":[],"tradition":[],"type-de-contenu":[],"interprete-compositeur":[],"frise":[],"type-devenement":[],"tableaux-liens-externes":[],"class_list":["post-65272","post","type-post","status-publish","format-standard","has-post-thumbnail","hentry","category-listas-de-reproduccion-es","sujet-pesaj-es","genre-liturgia-es"],"acf":[],"yoast_head":"<!-- This site is optimized with the Yoast SEO plugin v27.3 - https:\/\/yoast.com\/product\/yoast-seo-wordpress\/ -->\n<title>\u2019Had gadya, una canci\u00f3n de Pesaj - Institut Europ\u00e9en des Musiques Juives<\/title>\n<meta name=\"robots\" content=\"index, follow, max-snippet:-1, max-image-preview:large, max-video-preview:-1\" \/>\n<link rel=\"canonical\" href=\"https:\/\/www.iemj.org\/es\/had-gadya-une-chanson-de-pessah\/\" \/>\n<meta property=\"og:locale\" content=\"es_ES\" \/>\n<meta property=\"og:type\" content=\"article\" \/>\n<meta property=\"og:title\" content=\"\u2019Had gadya, una canci\u00f3n de Pesaj - Institut Europ\u00e9en des Musiques Juives\" \/>\n<meta property=\"og:description\" content=\"&#8216;Had gadya (un cabrito), la famosa canci\u00f3n de Pesaj que se canta en todas las tradiciones jud\u00edas (o casi&#8230;)\" \/>\n<meta property=\"og:url\" content=\"https:\/\/www.iemj.org\/es\/had-gadya-une-chanson-de-pessah\/\" \/>\n<meta property=\"og:site_name\" content=\"Institut Europ\u00e9en des Musiques Juives\" \/>\n<meta property=\"article:publisher\" content=\"https:\/\/www.facebook.com\/MusiquesJuives\/\" \/>\n<meta property=\"article:published_time\" content=\"2020-04-02T09:08:34+00:00\" \/>\n<meta property=\"article:modified_time\" content=\"2025-03-31T12:39:39+00:00\" \/>\n<meta property=\"og:image\" content=\"https:\/\/www.iemj.org\/wp-content\/uploads\/2020\/04\/Playlist-\u2018HAD-GADYA.jpg\" \/>\n\t<meta property=\"og:image:width\" content=\"500\" \/>\n\t<meta property=\"og:image:height\" content=\"500\" \/>\n\t<meta property=\"og:image:type\" content=\"image\/jpeg\" \/>\n<meta name=\"author\" content=\"Herv\u00e9 Roten\" \/>\n<meta name=\"twitter:card\" content=\"summary_large_image\" \/>\n<meta name=\"twitter:label1\" content=\"Escrito por\" \/>\n\t<meta name=\"twitter:data1\" content=\"Herv\u00e9 Roten\" \/>\n\t<meta name=\"twitter:label2\" content=\"Tiempo de lectura\" \/>\n\t<meta name=\"twitter:data2\" content=\"2 minutos\" \/>\n<script type=\"application\/ld+json\" class=\"yoast-schema-graph\">{\"@context\":\"https:\\\/\\\/schema.org\",\"@graph\":[{\"@type\":\"Article\",\"@id\":\"https:\\\/\\\/www.iemj.org\\\/es\\\/had-gadya-une-chanson-de-pessah\\\/#article\",\"isPartOf\":{\"@id\":\"https:\\\/\\\/www.iemj.org\\\/es\\\/had-gadya-une-chanson-de-pessah\\\/\"},\"author\":{\"name\":\"Herv\u00e9 Roten\",\"@id\":\"https:\\\/\\\/www.iemj.org\\\/es\\\/#\\\/schema\\\/person\\\/906134402c29d5c76e7b726261dd4bbd\"},\"headline\":\"\u2019Had gadya, una canci\u00f3n de Pesaj\",\"datePublished\":\"2020-04-02T09:08:34+00:00\",\"dateModified\":\"2025-03-31T12:39:39+00:00\",\"mainEntityOfPage\":{\"@id\":\"https:\\\/\\\/www.iemj.org\\\/es\\\/had-gadya-une-chanson-de-pessah\\\/\"},\"wordCount\":381,\"publisher\":{\"@id\":\"https:\\\/\\\/www.iemj.org\\\/es\\\/#organization\"},\"image\":{\"@id\":\"https:\\\/\\\/www.iemj.org\\\/es\\\/had-gadya-une-chanson-de-pessah\\\/#primaryimage\"},\"thumbnailUrl\":\"https:\\\/\\\/www.iemj.org\\\/wp-content\\\/uploads\\\/2020\\\/04\\\/Playlist-\u2018HAD-GADYA.jpg\",\"articleSection\":[\"Listas de reproducci\u00f3n\"],\"inLanguage\":\"es\"},{\"@type\":\"WebPage\",\"@id\":\"https:\\\/\\\/www.iemj.org\\\/es\\\/had-gadya-une-chanson-de-pessah\\\/\",\"url\":\"https:\\\/\\\/www.iemj.org\\\/es\\\/had-gadya-une-chanson-de-pessah\\\/\",\"name\":\"\u2019Had gadya, una canci\u00f3n de Pesaj - Institut Europ\u00e9en des Musiques Juives\",\"isPartOf\":{\"@id\":\"https:\\\/\\\/www.iemj.org\\\/es\\\/#website\"},\"primaryImageOfPage\":{\"@id\":\"https:\\\/\\\/www.iemj.org\\\/es\\\/had-gadya-une-chanson-de-pessah\\\/#primaryimage\"},\"image\":{\"@id\":\"https:\\\/\\\/www.iemj.org\\\/es\\\/had-gadya-une-chanson-de-pessah\\\/#primaryimage\"},\"thumbnailUrl\":\"https:\\\/\\\/www.iemj.org\\\/wp-content\\\/uploads\\\/2020\\\/04\\\/Playlist-\u2018HAD-GADYA.jpg\",\"datePublished\":\"2020-04-02T09:08:34+00:00\",\"dateModified\":\"2025-03-31T12:39:39+00:00\",\"breadcrumb\":{\"@id\":\"https:\\\/\\\/www.iemj.org\\\/es\\\/had-gadya-une-chanson-de-pessah\\\/#breadcrumb\"},\"inLanguage\":\"es\",\"potentialAction\":[{\"@type\":\"ReadAction\",\"target\":[\"https:\\\/\\\/www.iemj.org\\\/es\\\/had-gadya-une-chanson-de-pessah\\\/\"]}]},{\"@type\":\"ImageObject\",\"inLanguage\":\"es\",\"@id\":\"https:\\\/\\\/www.iemj.org\\\/es\\\/had-gadya-une-chanson-de-pessah\\\/#primaryimage\",\"url\":\"https:\\\/\\\/www.iemj.org\\\/wp-content\\\/uploads\\\/2020\\\/04\\\/Playlist-\u2018HAD-GADYA.jpg\",\"contentUrl\":\"https:\\\/\\\/www.iemj.org\\\/wp-content\\\/uploads\\\/2020\\\/04\\\/Playlist-\u2018HAD-GADYA.jpg\",\"width\":500,\"height\":500},{\"@type\":\"BreadcrumbList\",\"@id\":\"https:\\\/\\\/www.iemj.org\\\/es\\\/had-gadya-une-chanson-de-pessah\\\/#breadcrumb\",\"itemListElement\":[{\"@type\":\"ListItem\",\"position\":1,\"name\":\"Accueil\",\"item\":\"https:\\\/\\\/www.iemj.org\\\/es\\\/\"},{\"@type\":\"ListItem\",\"position\":2,\"name\":\"\u2019Had gadya, una canci\u00f3n de Pesaj\"}]},{\"@type\":\"WebSite\",\"@id\":\"https:\\\/\\\/www.iemj.org\\\/es\\\/#website\",\"url\":\"https:\\\/\\\/www.iemj.org\\\/es\\\/\",\"name\":\"Institut Europ\u00e9en des Musiques Juives\",\"description\":\"Des traditions musicales \u00e0 la port\u00e9e de tous\",\"publisher\":{\"@id\":\"https:\\\/\\\/www.iemj.org\\\/es\\\/#organization\"},\"potentialAction\":[{\"@type\":\"SearchAction\",\"target\":{\"@type\":\"EntryPoint\",\"urlTemplate\":\"https:\\\/\\\/www.iemj.org\\\/es\\\/?s={search_term_string}\"},\"query-input\":{\"@type\":\"PropertyValueSpecification\",\"valueRequired\":true,\"valueName\":\"search_term_string\"}}],\"inLanguage\":\"es\"},{\"@type\":\"Organization\",\"@id\":\"https:\\\/\\\/www.iemj.org\\\/es\\\/#organization\",\"name\":\"Institut Europ\u00e9en des Musiques Juives\",\"url\":\"https:\\\/\\\/www.iemj.org\\\/es\\\/\",\"logo\":{\"@type\":\"ImageObject\",\"inLanguage\":\"es\",\"@id\":\"https:\\\/\\\/www.iemj.org\\\/es\\\/#\\\/schema\\\/logo\\\/image\\\/\",\"url\":\"https:\\\/\\\/www.iemj.org\\\/wp-content\\\/uploads\\\/2021\\\/09\\\/Logo-IEMJ-Paypal.jpg\",\"contentUrl\":\"https:\\\/\\\/www.iemj.org\\\/wp-content\\\/uploads\\\/2021\\\/09\\\/Logo-IEMJ-Paypal.jpg\",\"width\":150,\"height\":50,\"caption\":\"Institut Europ\u00e9en des Musiques Juives\"},\"image\":{\"@id\":\"https:\\\/\\\/www.iemj.org\\\/es\\\/#\\\/schema\\\/logo\\\/image\\\/\"},\"sameAs\":[\"https:\\\/\\\/www.facebook.com\\\/MusiquesJuives\\\/\",\"https:\\\/\\\/www.instagram.com\\\/musiquesjuives\\\/\",\"https:\\\/\\\/www.youtube.com\\\/user\\\/musiquesjuives\"]},{\"@type\":\"Person\",\"@id\":\"https:\\\/\\\/www.iemj.org\\\/es\\\/#\\\/schema\\\/person\\\/906134402c29d5c76e7b726261dd4bbd\",\"name\":\"Herv\u00e9 Roten\",\"image\":{\"@type\":\"ImageObject\",\"inLanguage\":\"es\",\"@id\":\"https:\\\/\\\/secure.gravatar.com\\\/avatar\\\/f96ad2db538a26481f18384936b5cd0610c92d390c4dc382209216d455f685ff?s=96&d=mm&r=g\",\"url\":\"https:\\\/\\\/secure.gravatar.com\\\/avatar\\\/f96ad2db538a26481f18384936b5cd0610c92d390c4dc382209216d455f685ff?s=96&d=mm&r=g\",\"contentUrl\":\"https:\\\/\\\/secure.gravatar.com\\\/avatar\\\/f96ad2db538a26481f18384936b5cd0610c92d390c4dc382209216d455f685ff?s=96&d=mm&r=g\",\"caption\":\"Herv\u00e9 Roten\"}}]}<\/script>\n<!-- \/ Yoast SEO plugin. -->","yoast_head_json":{"title":"\u2019Had gadya, una canci\u00f3n de Pesaj - Institut Europ\u00e9en des Musiques Juives","robots":{"index":"index","follow":"follow","max-snippet":"max-snippet:-1","max-image-preview":"max-image-preview:large","max-video-preview":"max-video-preview:-1"},"canonical":"https:\/\/www.iemj.org\/es\/had-gadya-une-chanson-de-pessah\/","og_locale":"es_ES","og_type":"article","og_title":"\u2019Had gadya, una canci\u00f3n de Pesaj - Institut Europ\u00e9en des Musiques Juives","og_description":"&#8216;Had gadya (un cabrito), la famosa canci\u00f3n de Pesaj que se canta en todas las tradiciones jud\u00edas (o casi&#8230;)","og_url":"https:\/\/www.iemj.org\/es\/had-gadya-une-chanson-de-pessah\/","og_site_name":"Institut Europ\u00e9en des Musiques Juives","article_publisher":"https:\/\/www.facebook.com\/MusiquesJuives\/","article_published_time":"2020-04-02T09:08:34+00:00","article_modified_time":"2025-03-31T12:39:39+00:00","og_image":[{"width":500,"height":500,"url":"https:\/\/www.iemj.org\/wp-content\/uploads\/2020\/04\/Playlist-\u2018HAD-GADYA.jpg","type":"image\/jpeg"}],"author":"Herv\u00e9 Roten","twitter_card":"summary_large_image","twitter_misc":{"Escrito por":"Herv\u00e9 Roten","Tiempo de lectura":"2 minutos"},"schema":{"@context":"https:\/\/schema.org","@graph":[{"@type":"Article","@id":"https:\/\/www.iemj.org\/es\/had-gadya-une-chanson-de-pessah\/#article","isPartOf":{"@id":"https:\/\/www.iemj.org\/es\/had-gadya-une-chanson-de-pessah\/"},"author":{"name":"Herv\u00e9 Roten","@id":"https:\/\/www.iemj.org\/es\/#\/schema\/person\/906134402c29d5c76e7b726261dd4bbd"},"headline":"\u2019Had gadya, una canci\u00f3n de Pesaj","datePublished":"2020-04-02T09:08:34+00:00","dateModified":"2025-03-31T12:39:39+00:00","mainEntityOfPage":{"@id":"https:\/\/www.iemj.org\/es\/had-gadya-une-chanson-de-pessah\/"},"wordCount":381,"publisher":{"@id":"https:\/\/www.iemj.org\/es\/#organization"},"image":{"@id":"https:\/\/www.iemj.org\/es\/had-gadya-une-chanson-de-pessah\/#primaryimage"},"thumbnailUrl":"https:\/\/www.iemj.org\/wp-content\/uploads\/2020\/04\/Playlist-\u2018HAD-GADYA.jpg","articleSection":["Listas de reproducci\u00f3n"],"inLanguage":"es"},{"@type":"WebPage","@id":"https:\/\/www.iemj.org\/es\/had-gadya-une-chanson-de-pessah\/","url":"https:\/\/www.iemj.org\/es\/had-gadya-une-chanson-de-pessah\/","name":"\u2019Had gadya, una canci\u00f3n de Pesaj - Institut Europ\u00e9en des Musiques Juives","isPartOf":{"@id":"https:\/\/www.iemj.org\/es\/#website"},"primaryImageOfPage":{"@id":"https:\/\/www.iemj.org\/es\/had-gadya-une-chanson-de-pessah\/#primaryimage"},"image":{"@id":"https:\/\/www.iemj.org\/es\/had-gadya-une-chanson-de-pessah\/#primaryimage"},"thumbnailUrl":"https:\/\/www.iemj.org\/wp-content\/uploads\/2020\/04\/Playlist-\u2018HAD-GADYA.jpg","datePublished":"2020-04-02T09:08:34+00:00","dateModified":"2025-03-31T12:39:39+00:00","breadcrumb":{"@id":"https:\/\/www.iemj.org\/es\/had-gadya-une-chanson-de-pessah\/#breadcrumb"},"inLanguage":"es","potentialAction":[{"@type":"ReadAction","target":["https:\/\/www.iemj.org\/es\/had-gadya-une-chanson-de-pessah\/"]}]},{"@type":"ImageObject","inLanguage":"es","@id":"https:\/\/www.iemj.org\/es\/had-gadya-une-chanson-de-pessah\/#primaryimage","url":"https:\/\/www.iemj.org\/wp-content\/uploads\/2020\/04\/Playlist-\u2018HAD-GADYA.jpg","contentUrl":"https:\/\/www.iemj.org\/wp-content\/uploads\/2020\/04\/Playlist-\u2018HAD-GADYA.jpg","width":500,"height":500},{"@type":"BreadcrumbList","@id":"https:\/\/www.iemj.org\/es\/had-gadya-une-chanson-de-pessah\/#breadcrumb","itemListElement":[{"@type":"ListItem","position":1,"name":"Accueil","item":"https:\/\/www.iemj.org\/es\/"},{"@type":"ListItem","position":2,"name":"\u2019Had gadya, una canci\u00f3n de Pesaj"}]},{"@type":"WebSite","@id":"https:\/\/www.iemj.org\/es\/#website","url":"https:\/\/www.iemj.org\/es\/","name":"Institut Europ\u00e9en des Musiques Juives","description":"Des traditions musicales \u00e0 la port\u00e9e de tous","publisher":{"@id":"https:\/\/www.iemj.org\/es\/#organization"},"potentialAction":[{"@type":"SearchAction","target":{"@type":"EntryPoint","urlTemplate":"https:\/\/www.iemj.org\/es\/?s={search_term_string}"},"query-input":{"@type":"PropertyValueSpecification","valueRequired":true,"valueName":"search_term_string"}}],"inLanguage":"es"},{"@type":"Organization","@id":"https:\/\/www.iemj.org\/es\/#organization","name":"Institut Europ\u00e9en des Musiques Juives","url":"https:\/\/www.iemj.org\/es\/","logo":{"@type":"ImageObject","inLanguage":"es","@id":"https:\/\/www.iemj.org\/es\/#\/schema\/logo\/image\/","url":"https:\/\/www.iemj.org\/wp-content\/uploads\/2021\/09\/Logo-IEMJ-Paypal.jpg","contentUrl":"https:\/\/www.iemj.org\/wp-content\/uploads\/2021\/09\/Logo-IEMJ-Paypal.jpg","width":150,"height":50,"caption":"Institut Europ\u00e9en des Musiques Juives"},"image":{"@id":"https:\/\/www.iemj.org\/es\/#\/schema\/logo\/image\/"},"sameAs":["https:\/\/www.facebook.com\/MusiquesJuives\/","https:\/\/www.instagram.com\/musiquesjuives\/","https:\/\/www.youtube.com\/user\/musiquesjuives"]},{"@type":"Person","@id":"https:\/\/www.iemj.org\/es\/#\/schema\/person\/906134402c29d5c76e7b726261dd4bbd","name":"Herv\u00e9 Roten","image":{"@type":"ImageObject","inLanguage":"es","@id":"https:\/\/secure.gravatar.com\/avatar\/f96ad2db538a26481f18384936b5cd0610c92d390c4dc382209216d455f685ff?s=96&d=mm&r=g","url":"https:\/\/secure.gravatar.com\/avatar\/f96ad2db538a26481f18384936b5cd0610c92d390c4dc382209216d455f685ff?s=96&d=mm&r=g","contentUrl":"https:\/\/secure.gravatar.com\/avatar\/f96ad2db538a26481f18384936b5cd0610c92d390c4dc382209216d455f685ff?s=96&d=mm&r=g","caption":"Herv\u00e9 Roten"}}]}},"_links":{"self":[{"href":"https:\/\/www.iemj.org\/es\/wp-json\/wp\/v2\/posts\/65272","targetHints":{"allow":["GET"]}}],"collection":[{"href":"https:\/\/www.iemj.org\/es\/wp-json\/wp\/v2\/posts"}],"about":[{"href":"https:\/\/www.iemj.org\/es\/wp-json\/wp\/v2\/types\/post"}],"author":[{"embeddable":true,"href":"https:\/\/www.iemj.org\/es\/wp-json\/wp\/v2\/users\/1045"}],"replies":[{"embeddable":true,"href":"https:\/\/www.iemj.org\/es\/wp-json\/wp\/v2\/comments?post=65272"}],"version-history":[{"count":0,"href":"https:\/\/www.iemj.org\/es\/wp-json\/wp\/v2\/posts\/65272\/revisions"}],"wp:featuredmedia":[{"embeddable":true,"href":"https:\/\/www.iemj.org\/es\/wp-json\/wp\/v2\/media\/111182"}],"wp:attachment":[{"href":"https:\/\/www.iemj.org\/es\/wp-json\/wp\/v2\/media?parent=65272"}],"wp:term":[{"taxonomy":"category","embeddable":true,"href":"https:\/\/www.iemj.org\/es\/wp-json\/wp\/v2\/categories?post=65272"},{"taxonomy":"post_tag","embeddable":true,"href":"https:\/\/www.iemj.org\/es\/wp-json\/wp\/v2\/tags?post=65272"},{"taxonomy":"technique","embeddable":true,"href":"https:\/\/www.iemj.org\/es\/wp-json\/wp\/v2\/technique?post=65272"},{"taxonomy":"squelettes","embeddable":true,"href":"https:\/\/www.iemj.org\/es\/wp-json\/wp\/v2\/squelettes?post=65272"},{"taxonomy":"sujet","embeddable":true,"href":"https:\/\/www.iemj.org\/es\/wp-json\/wp\/v2\/sujet?post=65272"},{"taxonomy":"formation","embeddable":true,"href":"https:\/\/www.iemj.org\/es\/wp-json\/wp\/v2\/formation?post=65272"},{"taxonomy":"genre","embeddable":true,"href":"https:\/\/www.iemj.org\/es\/wp-json\/wp\/v2\/genre?post=65272"},{"taxonomy":"fonds","embeddable":true,"href":"https:\/\/www.iemj.org\/es\/wp-json\/wp\/v2\/fonds?post=65272"},{"taxonomy":"tradition","embeddable":true,"href":"https:\/\/www.iemj.org\/es\/wp-json\/wp\/v2\/tradition?post=65272"},{"taxonomy":"type-de-contenu","embeddable":true,"href":"https:\/\/www.iemj.org\/es\/wp-json\/wp\/v2\/type-de-contenu?post=65272"},{"taxonomy":"interprete-compositeur","embeddable":true,"href":"https:\/\/www.iemj.org\/es\/wp-json\/wp\/v2\/interprete-compositeur?post=65272"},{"taxonomy":"frise","embeddable":true,"href":"https:\/\/www.iemj.org\/es\/wp-json\/wp\/v2\/frise?post=65272"},{"taxonomy":"type-devenement","embeddable":true,"href":"https:\/\/www.iemj.org\/es\/wp-json\/wp\/v2\/type-devenement?post=65272"},{"taxonomy":"tableaux-liens-externes","embeddable":true,"href":"https:\/\/www.iemj.org\/es\/wp-json\/wp\/v2\/tableaux-liens-externes?post=65272"}],"curies":[{"name":"wp","href":"https:\/\/api.w.org\/{rel}","templated":true}]}}