{"id":66485,"date":"2019-06-25T16:46:45","date_gmt":"2019-06-25T14:46:45","guid":{"rendered":"https:\/\/www.iemj.org\/videos-musique-et-cuisine-juives\/"},"modified":"2024-12-10T12:29:43","modified_gmt":"2024-12-10T11:29:43","slug":"videos-musique-et-cuisine-juives","status":"publish","type":"post","link":"https:\/\/www.iemj.org\/es\/videos-musique-et-cuisine-juives\/","title":{"rendered":"M\u00fasica y comida jud\u00edas"},"content":{"rendered":"<p><strong>Tres pel\u00edculas de humor producidas por el IEMJ durante una conferencia de Herv\u00e9 Roten en la CBL, sobre el tema \u00abM\u00fasica y cocina jud\u00eda\u00bb en las tradiciones \u00eddish, judeoespa\u00f1ola y oriental<\/strong><\/p>\n<p>La cocina jud\u00eda es un idioma por derecho propio. Enraizada en la madre jud\u00eda, nutre a los hijos de sus traumas y los ancla en su identidad jud\u00eda. Todos estos platos que nos gustaron u odiamos, los evocamos con fervor, pasados \u200b\u200bnuestros 40 a\u00f1os. Las burekas de nuestra madre, su sublime h\u00edgado picado, su cusc\u00fas real, nos trasladan a una infancia bendita donde la vida era sencilla: o com\u00edamos lo que ten\u00edamos en el plato, \u00a1o \u00e9ramos los responsables de la inminente muerte de nuestra madre! Pero la cocina jud\u00eda no se trata solo de culpa, tambi\u00e9n se trata de las papilas gustativas. Tanto es as\u00ed que muchos artistas la cantan con humor y nostalgia, como veremos en los videos a continuaci\u00f3n&#8230;<\/p>\n<h2>M\u00fasica y cocina yiddish<\/h2>\n<p><iframe title=\"Yiddish music and cuisine (English Version)\" width=\"640\" height=\"480\" src=\"https:\/\/www.youtube.com\/embed\/0lXnDF0YtdU?feature=oembed\" frameborder=\"0\" allow=\"accelerometer; autoplay; clipboard-write; encrypted-media; gyroscope; picture-in-picture; web-share\" referrerpolicy=\"strict-origin-when-cross-origin\" allowfullscreen><\/iframe><\/p>\n<p>Los siguientes extractos:<br \/>\n<strong>00:08<\/strong> Gefilte Fish &#8211; Henri Gerro<br \/>\n<strong>01:19<\/strong> La carpe farcie (sobre una melod\u00eda de Schubert) &#8211; Cyrille Gerstenhaber<br \/>\n<strong>02:20<\/strong> Bulbes &#8211; Lilliana Treves Alcalay<br \/>\n<strong>04:40<\/strong> Pierozki-varnitchkes &#8211; Ino Toper<\/p>\n<h2>M\u00fasica y cocina judeoespa\u00f1ola<\/h2>\n<p><iframe src=\"https:\/\/www.youtube.com\/embed\/O0jm6kTsEbY\" width=\"560\" height=\"315\" frameborder=\"0\" allowfullscreen=\"allowfullscreen\"><\/iframe><\/p>\n<p>Los siguientes extractos:<br \/>\n<strong>00:18<\/strong> Siete modos de guizados en la berenjena &#8211; Shira U&#8217;tfila<br \/>\n<strong>01:53<\/strong> El festin de hanuk\u00e0h &#8211; Berta Aguado<br \/>\n<strong>03:12<\/strong> Oy que buena ke fue la ora &#8211; Judith Cohen<br \/>\n<strong>04:36 <\/strong> Una Muchacha en Selanica &#8211; H\u00e9l\u00e8ne Engel<\/p>\n<h2>M\u00fasica y cocina orientales<\/h2>\n<p><iframe src=\"https:\/\/www.youtube.com\/embed\/bWJqu7LlKjM\" width=\"560\" height=\"315\" frameborder=\"0\" allowfullscreen=\"allowfullscreen\"><\/iframe><\/p>\n<p>Los siguientes extractos:<br \/>\n<strong>00:18<\/strong> Fais-moi du couscous ch\u00e9ri &#8211; Bob Azzam<br \/>\n<strong>02:15<\/strong> Les merguez &#8211; Blond Blond<br \/>\n<strong>04:23<\/strong> Oran Oran &#8211; Maurice El Medioni<br \/>\n<strong>07:18<\/strong> Velanou iech falafel &#8211; Barukh Nadav<\/p>\n<p><a href=\"https:\/\/www.iemj.org\/es\/cuisine-et-musique-juives\/\" target=\"_blank\" rel=\"noopener\">Vea la conferencia M\u00fasica y cocina jud\u00eda en el Cercle Bernard Lazare (en franc\u00e9s)<\/a><\/p>\n","protected":false},"excerpt":{"rendered":"<p>Tres pel\u00edculas de humor producidas por el IEMJ durante una conferencia de Herv\u00e9 Roten en la CBL, sobre el tema \u00abM\u00fasica y cocina jud\u00eda\u00bb en las tradiciones \u00eddish, judeoespa\u00f1ola y<\/p>\n","protected":false},"author":1052,"featured_media":66486,"comment_status":"closed","ping_status":"open","sticky":false,"template":"","format":"standard","meta":{"_acf_changed":false,"footnotes":""},"categories":[1532],"tags":[],"technique":[],"squelettes":[],"sujet":[],"formation":[],"genre":[1889,1915,1863],"fonds":[],"tradition":[],"type-de-contenu":[],"interprete-compositeur":[],"frise":[],"type-devenement":[],"tableaux-liens-externes":[],"class_list":["post-66485","post","type-post","status-publish","format-standard","has-post-thumbnail","hentry","category-programas-tv-videos-es","genre-judeo-espanol-es","genre-oriental-es","genre-yiddish-es"],"acf":[],"yoast_head":"<!-- This site is optimized with the Yoast SEO plugin v27.3 - https:\/\/yoast.com\/product\/yoast-seo-wordpress\/ -->\n<title>M\u00fasica y comida jud\u00edas - Institut Europ\u00e9en des Musiques Juives<\/title>\n<meta name=\"robots\" content=\"index, follow, max-snippet:-1, max-image-preview:large, max-video-preview:-1\" \/>\n<link rel=\"canonical\" href=\"https:\/\/www.iemj.org\/es\/videos-musique-et-cuisine-juives\/\" \/>\n<meta property=\"og:locale\" content=\"es_ES\" \/>\n<meta property=\"og:type\" content=\"article\" \/>\n<meta property=\"og:title\" content=\"M\u00fasica y comida jud\u00edas - Institut Europ\u00e9en des Musiques Juives\" \/>\n<meta property=\"og:description\" content=\"Tres pel\u00edculas de humor producidas por el IEMJ durante una conferencia de Herv\u00e9 Roten en la CBL, sobre el tema \u00abM\u00fasica y cocina jud\u00eda\u00bb en las tradiciones \u00eddish, judeoespa\u00f1ola y\" \/>\n<meta property=\"og:url\" content=\"https:\/\/www.iemj.org\/es\/videos-musique-et-cuisine-juives\/\" \/>\n<meta property=\"og:site_name\" content=\"Institut Europ\u00e9en des Musiques Juives\" \/>\n<meta property=\"article:publisher\" content=\"https:\/\/www.facebook.com\/MusiquesJuives\/\" \/>\n<meta property=\"article:published_time\" content=\"2019-06-25T14:46:45+00:00\" \/>\n<meta property=\"article:modified_time\" content=\"2024-12-10T11:29:43+00:00\" \/>\n<meta property=\"og:image\" content=\"https:\/\/www.iemj.org\/wp-content\/uploads\/2019\/06\/arton4231-e1617278813628.jpg\" \/>\n\t<meta property=\"og:image:width\" content=\"350\" \/>\n\t<meta property=\"og:image:height\" content=\"329\" \/>\n\t<meta property=\"og:image:type\" content=\"image\/jpeg\" \/>\n<meta name=\"author\" content=\"Lea Couderc\" \/>\n<meta name=\"twitter:card\" content=\"summary_large_image\" \/>\n<meta name=\"twitter:label1\" content=\"Escrito por\" \/>\n\t<meta name=\"twitter:data1\" content=\"Lea Couderc\" \/>\n\t<meta name=\"twitter:label2\" content=\"Tiempo de lectura\" \/>\n\t<meta name=\"twitter:data2\" content=\"2 minutos\" \/>\n<script type=\"application\/ld+json\" class=\"yoast-schema-graph\">{\"@context\":\"https:\\\/\\\/schema.org\",\"@graph\":[{\"@type\":\"Article\",\"@id\":\"https:\\\/\\\/www.iemj.org\\\/es\\\/videos-musique-et-cuisine-juives\\\/#article\",\"isPartOf\":{\"@id\":\"https:\\\/\\\/www.iemj.org\\\/es\\\/videos-musique-et-cuisine-juives\\\/\"},\"author\":{\"name\":\"Lea Couderc\",\"@id\":\"https:\\\/\\\/www.iemj.org\\\/es\\\/#\\\/schema\\\/person\\\/e2ad57f2c4be119c7ed8ab79036807a9\"},\"headline\":\"M\u00fasica y comida jud\u00edas\",\"datePublished\":\"2019-06-25T14:46:45+00:00\",\"dateModified\":\"2024-12-10T11:29:43+00:00\",\"mainEntityOfPage\":{\"@id\":\"https:\\\/\\\/www.iemj.org\\\/es\\\/videos-musique-et-cuisine-juives\\\/\"},\"wordCount\":312,\"publisher\":{\"@id\":\"https:\\\/\\\/www.iemj.org\\\/es\\\/#organization\"},\"image\":{\"@id\":\"https:\\\/\\\/www.iemj.org\\\/es\\\/videos-musique-et-cuisine-juives\\\/#primaryimage\"},\"thumbnailUrl\":\"https:\\\/\\\/www.iemj.org\\\/wp-content\\\/uploads\\\/2019\\\/06\\\/arton4231-e1617278813628.jpg\",\"articleSection\":[\"Programas TV \\\/ V\u00eddeos\"],\"inLanguage\":\"es\"},{\"@type\":\"WebPage\",\"@id\":\"https:\\\/\\\/www.iemj.org\\\/es\\\/videos-musique-et-cuisine-juives\\\/\",\"url\":\"https:\\\/\\\/www.iemj.org\\\/es\\\/videos-musique-et-cuisine-juives\\\/\",\"name\":\"M\u00fasica y comida jud\u00edas - Institut Europ\u00e9en des Musiques Juives\",\"isPartOf\":{\"@id\":\"https:\\\/\\\/www.iemj.org\\\/es\\\/#website\"},\"primaryImageOfPage\":{\"@id\":\"https:\\\/\\\/www.iemj.org\\\/es\\\/videos-musique-et-cuisine-juives\\\/#primaryimage\"},\"image\":{\"@id\":\"https:\\\/\\\/www.iemj.org\\\/es\\\/videos-musique-et-cuisine-juives\\\/#primaryimage\"},\"thumbnailUrl\":\"https:\\\/\\\/www.iemj.org\\\/wp-content\\\/uploads\\\/2019\\\/06\\\/arton4231-e1617278813628.jpg\",\"datePublished\":\"2019-06-25T14:46:45+00:00\",\"dateModified\":\"2024-12-10T11:29:43+00:00\",\"breadcrumb\":{\"@id\":\"https:\\\/\\\/www.iemj.org\\\/es\\\/videos-musique-et-cuisine-juives\\\/#breadcrumb\"},\"inLanguage\":\"es\",\"potentialAction\":[{\"@type\":\"ReadAction\",\"target\":[\"https:\\\/\\\/www.iemj.org\\\/es\\\/videos-musique-et-cuisine-juives\\\/\"]}]},{\"@type\":\"ImageObject\",\"inLanguage\":\"es\",\"@id\":\"https:\\\/\\\/www.iemj.org\\\/es\\\/videos-musique-et-cuisine-juives\\\/#primaryimage\",\"url\":\"https:\\\/\\\/www.iemj.org\\\/wp-content\\\/uploads\\\/2019\\\/06\\\/arton4231-e1617278813628.jpg\",\"contentUrl\":\"https:\\\/\\\/www.iemj.org\\\/wp-content\\\/uploads\\\/2019\\\/06\\\/arton4231-e1617278813628.jpg\",\"width\":350,\"height\":329},{\"@type\":\"BreadcrumbList\",\"@id\":\"https:\\\/\\\/www.iemj.org\\\/es\\\/videos-musique-et-cuisine-juives\\\/#breadcrumb\",\"itemListElement\":[{\"@type\":\"ListItem\",\"position\":1,\"name\":\"Accueil\",\"item\":\"https:\\\/\\\/www.iemj.org\\\/es\\\/\"},{\"@type\":\"ListItem\",\"position\":2,\"name\":\"M\u00fasica y comida jud\u00edas\"}]},{\"@type\":\"WebSite\",\"@id\":\"https:\\\/\\\/www.iemj.org\\\/es\\\/#website\",\"url\":\"https:\\\/\\\/www.iemj.org\\\/es\\\/\",\"name\":\"Institut Europ\u00e9en des Musiques Juives\",\"description\":\"Des traditions musicales \u00e0 la port\u00e9e de tous\",\"publisher\":{\"@id\":\"https:\\\/\\\/www.iemj.org\\\/es\\\/#organization\"},\"potentialAction\":[{\"@type\":\"SearchAction\",\"target\":{\"@type\":\"EntryPoint\",\"urlTemplate\":\"https:\\\/\\\/www.iemj.org\\\/es\\\/?s={search_term_string}\"},\"query-input\":{\"@type\":\"PropertyValueSpecification\",\"valueRequired\":true,\"valueName\":\"search_term_string\"}}],\"inLanguage\":\"es\"},{\"@type\":\"Organization\",\"@id\":\"https:\\\/\\\/www.iemj.org\\\/es\\\/#organization\",\"name\":\"Institut Europ\u00e9en des Musiques Juives\",\"url\":\"https:\\\/\\\/www.iemj.org\\\/es\\\/\",\"logo\":{\"@type\":\"ImageObject\",\"inLanguage\":\"es\",\"@id\":\"https:\\\/\\\/www.iemj.org\\\/es\\\/#\\\/schema\\\/logo\\\/image\\\/\",\"url\":\"https:\\\/\\\/www.iemj.org\\\/wp-content\\\/uploads\\\/2021\\\/09\\\/Logo-IEMJ-Paypal.jpg\",\"contentUrl\":\"https:\\\/\\\/www.iemj.org\\\/wp-content\\\/uploads\\\/2021\\\/09\\\/Logo-IEMJ-Paypal.jpg\",\"width\":150,\"height\":50,\"caption\":\"Institut Europ\u00e9en des Musiques Juives\"},\"image\":{\"@id\":\"https:\\\/\\\/www.iemj.org\\\/es\\\/#\\\/schema\\\/logo\\\/image\\\/\"},\"sameAs\":[\"https:\\\/\\\/www.facebook.com\\\/MusiquesJuives\\\/\",\"https:\\\/\\\/www.instagram.com\\\/musiquesjuives\\\/\",\"https:\\\/\\\/www.youtube.com\\\/user\\\/musiquesjuives\"]},{\"@type\":\"Person\",\"@id\":\"https:\\\/\\\/www.iemj.org\\\/es\\\/#\\\/schema\\\/person\\\/e2ad57f2c4be119c7ed8ab79036807a9\",\"name\":\"Lea Couderc\",\"image\":{\"@type\":\"ImageObject\",\"inLanguage\":\"es\",\"@id\":\"https:\\\/\\\/secure.gravatar.com\\\/avatar\\\/46ee021475d60aeff17a7e490b79dea5a5684bb392ab7fd1494027411df8ba23?s=96&d=mm&r=g\",\"url\":\"https:\\\/\\\/secure.gravatar.com\\\/avatar\\\/46ee021475d60aeff17a7e490b79dea5a5684bb392ab7fd1494027411df8ba23?s=96&d=mm&r=g\",\"contentUrl\":\"https:\\\/\\\/secure.gravatar.com\\\/avatar\\\/46ee021475d60aeff17a7e490b79dea5a5684bb392ab7fd1494027411df8ba23?s=96&d=mm&r=g\",\"caption\":\"Lea Couderc\"}}]}<\/script>\n<!-- \/ Yoast SEO plugin. -->","yoast_head_json":{"title":"M\u00fasica y comida jud\u00edas - Institut Europ\u00e9en des Musiques Juives","robots":{"index":"index","follow":"follow","max-snippet":"max-snippet:-1","max-image-preview":"max-image-preview:large","max-video-preview":"max-video-preview:-1"},"canonical":"https:\/\/www.iemj.org\/es\/videos-musique-et-cuisine-juives\/","og_locale":"es_ES","og_type":"article","og_title":"M\u00fasica y comida jud\u00edas - Institut Europ\u00e9en des Musiques Juives","og_description":"Tres pel\u00edculas de humor producidas por el IEMJ durante una conferencia de Herv\u00e9 Roten en la CBL, sobre el tema \u00abM\u00fasica y cocina jud\u00eda\u00bb en las tradiciones \u00eddish, judeoespa\u00f1ola y","og_url":"https:\/\/www.iemj.org\/es\/videos-musique-et-cuisine-juives\/","og_site_name":"Institut Europ\u00e9en des Musiques Juives","article_publisher":"https:\/\/www.facebook.com\/MusiquesJuives\/","article_published_time":"2019-06-25T14:46:45+00:00","article_modified_time":"2024-12-10T11:29:43+00:00","og_image":[{"width":350,"height":329,"url":"https:\/\/www.iemj.org\/wp-content\/uploads\/2019\/06\/arton4231-e1617278813628.jpg","type":"image\/jpeg"}],"author":"Lea Couderc","twitter_card":"summary_large_image","twitter_misc":{"Escrito por":"Lea Couderc","Tiempo de lectura":"2 minutos"},"schema":{"@context":"https:\/\/schema.org","@graph":[{"@type":"Article","@id":"https:\/\/www.iemj.org\/es\/videos-musique-et-cuisine-juives\/#article","isPartOf":{"@id":"https:\/\/www.iemj.org\/es\/videos-musique-et-cuisine-juives\/"},"author":{"name":"Lea Couderc","@id":"https:\/\/www.iemj.org\/es\/#\/schema\/person\/e2ad57f2c4be119c7ed8ab79036807a9"},"headline":"M\u00fasica y comida jud\u00edas","datePublished":"2019-06-25T14:46:45+00:00","dateModified":"2024-12-10T11:29:43+00:00","mainEntityOfPage":{"@id":"https:\/\/www.iemj.org\/es\/videos-musique-et-cuisine-juives\/"},"wordCount":312,"publisher":{"@id":"https:\/\/www.iemj.org\/es\/#organization"},"image":{"@id":"https:\/\/www.iemj.org\/es\/videos-musique-et-cuisine-juives\/#primaryimage"},"thumbnailUrl":"https:\/\/www.iemj.org\/wp-content\/uploads\/2019\/06\/arton4231-e1617278813628.jpg","articleSection":["Programas TV \/ V\u00eddeos"],"inLanguage":"es"},{"@type":"WebPage","@id":"https:\/\/www.iemj.org\/es\/videos-musique-et-cuisine-juives\/","url":"https:\/\/www.iemj.org\/es\/videos-musique-et-cuisine-juives\/","name":"M\u00fasica y comida jud\u00edas - Institut Europ\u00e9en des Musiques Juives","isPartOf":{"@id":"https:\/\/www.iemj.org\/es\/#website"},"primaryImageOfPage":{"@id":"https:\/\/www.iemj.org\/es\/videos-musique-et-cuisine-juives\/#primaryimage"},"image":{"@id":"https:\/\/www.iemj.org\/es\/videos-musique-et-cuisine-juives\/#primaryimage"},"thumbnailUrl":"https:\/\/www.iemj.org\/wp-content\/uploads\/2019\/06\/arton4231-e1617278813628.jpg","datePublished":"2019-06-25T14:46:45+00:00","dateModified":"2024-12-10T11:29:43+00:00","breadcrumb":{"@id":"https:\/\/www.iemj.org\/es\/videos-musique-et-cuisine-juives\/#breadcrumb"},"inLanguage":"es","potentialAction":[{"@type":"ReadAction","target":["https:\/\/www.iemj.org\/es\/videos-musique-et-cuisine-juives\/"]}]},{"@type":"ImageObject","inLanguage":"es","@id":"https:\/\/www.iemj.org\/es\/videos-musique-et-cuisine-juives\/#primaryimage","url":"https:\/\/www.iemj.org\/wp-content\/uploads\/2019\/06\/arton4231-e1617278813628.jpg","contentUrl":"https:\/\/www.iemj.org\/wp-content\/uploads\/2019\/06\/arton4231-e1617278813628.jpg","width":350,"height":329},{"@type":"BreadcrumbList","@id":"https:\/\/www.iemj.org\/es\/videos-musique-et-cuisine-juives\/#breadcrumb","itemListElement":[{"@type":"ListItem","position":1,"name":"Accueil","item":"https:\/\/www.iemj.org\/es\/"},{"@type":"ListItem","position":2,"name":"M\u00fasica y comida jud\u00edas"}]},{"@type":"WebSite","@id":"https:\/\/www.iemj.org\/es\/#website","url":"https:\/\/www.iemj.org\/es\/","name":"Institut Europ\u00e9en des Musiques Juives","description":"Des traditions musicales \u00e0 la port\u00e9e de tous","publisher":{"@id":"https:\/\/www.iemj.org\/es\/#organization"},"potentialAction":[{"@type":"SearchAction","target":{"@type":"EntryPoint","urlTemplate":"https:\/\/www.iemj.org\/es\/?s={search_term_string}"},"query-input":{"@type":"PropertyValueSpecification","valueRequired":true,"valueName":"search_term_string"}}],"inLanguage":"es"},{"@type":"Organization","@id":"https:\/\/www.iemj.org\/es\/#organization","name":"Institut Europ\u00e9en des Musiques Juives","url":"https:\/\/www.iemj.org\/es\/","logo":{"@type":"ImageObject","inLanguage":"es","@id":"https:\/\/www.iemj.org\/es\/#\/schema\/logo\/image\/","url":"https:\/\/www.iemj.org\/wp-content\/uploads\/2021\/09\/Logo-IEMJ-Paypal.jpg","contentUrl":"https:\/\/www.iemj.org\/wp-content\/uploads\/2021\/09\/Logo-IEMJ-Paypal.jpg","width":150,"height":50,"caption":"Institut Europ\u00e9en des Musiques Juives"},"image":{"@id":"https:\/\/www.iemj.org\/es\/#\/schema\/logo\/image\/"},"sameAs":["https:\/\/www.facebook.com\/MusiquesJuives\/","https:\/\/www.instagram.com\/musiquesjuives\/","https:\/\/www.youtube.com\/user\/musiquesjuives"]},{"@type":"Person","@id":"https:\/\/www.iemj.org\/es\/#\/schema\/person\/e2ad57f2c4be119c7ed8ab79036807a9","name":"Lea Couderc","image":{"@type":"ImageObject","inLanguage":"es","@id":"https:\/\/secure.gravatar.com\/avatar\/46ee021475d60aeff17a7e490b79dea5a5684bb392ab7fd1494027411df8ba23?s=96&d=mm&r=g","url":"https:\/\/secure.gravatar.com\/avatar\/46ee021475d60aeff17a7e490b79dea5a5684bb392ab7fd1494027411df8ba23?s=96&d=mm&r=g","contentUrl":"https:\/\/secure.gravatar.com\/avatar\/46ee021475d60aeff17a7e490b79dea5a5684bb392ab7fd1494027411df8ba23?s=96&d=mm&r=g","caption":"Lea Couderc"}}]}},"_links":{"self":[{"href":"https:\/\/www.iemj.org\/es\/wp-json\/wp\/v2\/posts\/66485","targetHints":{"allow":["GET"]}}],"collection":[{"href":"https:\/\/www.iemj.org\/es\/wp-json\/wp\/v2\/posts"}],"about":[{"href":"https:\/\/www.iemj.org\/es\/wp-json\/wp\/v2\/types\/post"}],"author":[{"embeddable":true,"href":"https:\/\/www.iemj.org\/es\/wp-json\/wp\/v2\/users\/1052"}],"replies":[{"embeddable":true,"href":"https:\/\/www.iemj.org\/es\/wp-json\/wp\/v2\/comments?post=66485"}],"version-history":[{"count":0,"href":"https:\/\/www.iemj.org\/es\/wp-json\/wp\/v2\/posts\/66485\/revisions"}],"wp:featuredmedia":[{"embeddable":true,"href":"https:\/\/www.iemj.org\/es\/wp-json\/wp\/v2\/media\/66486"}],"wp:attachment":[{"href":"https:\/\/www.iemj.org\/es\/wp-json\/wp\/v2\/media?parent=66485"}],"wp:term":[{"taxonomy":"category","embeddable":true,"href":"https:\/\/www.iemj.org\/es\/wp-json\/wp\/v2\/categories?post=66485"},{"taxonomy":"post_tag","embeddable":true,"href":"https:\/\/www.iemj.org\/es\/wp-json\/wp\/v2\/tags?post=66485"},{"taxonomy":"technique","embeddable":true,"href":"https:\/\/www.iemj.org\/es\/wp-json\/wp\/v2\/technique?post=66485"},{"taxonomy":"squelettes","embeddable":true,"href":"https:\/\/www.iemj.org\/es\/wp-json\/wp\/v2\/squelettes?post=66485"},{"taxonomy":"sujet","embeddable":true,"href":"https:\/\/www.iemj.org\/es\/wp-json\/wp\/v2\/sujet?post=66485"},{"taxonomy":"formation","embeddable":true,"href":"https:\/\/www.iemj.org\/es\/wp-json\/wp\/v2\/formation?post=66485"},{"taxonomy":"genre","embeddable":true,"href":"https:\/\/www.iemj.org\/es\/wp-json\/wp\/v2\/genre?post=66485"},{"taxonomy":"fonds","embeddable":true,"href":"https:\/\/www.iemj.org\/es\/wp-json\/wp\/v2\/fonds?post=66485"},{"taxonomy":"tradition","embeddable":true,"href":"https:\/\/www.iemj.org\/es\/wp-json\/wp\/v2\/tradition?post=66485"},{"taxonomy":"type-de-contenu","embeddable":true,"href":"https:\/\/www.iemj.org\/es\/wp-json\/wp\/v2\/type-de-contenu?post=66485"},{"taxonomy":"interprete-compositeur","embeddable":true,"href":"https:\/\/www.iemj.org\/es\/wp-json\/wp\/v2\/interprete-compositeur?post=66485"},{"taxonomy":"frise","embeddable":true,"href":"https:\/\/www.iemj.org\/es\/wp-json\/wp\/v2\/frise?post=66485"},{"taxonomy":"type-devenement","embeddable":true,"href":"https:\/\/www.iemj.org\/es\/wp-json\/wp\/v2\/type-devenement?post=66485"},{"taxonomy":"tableaux-liens-externes","embeddable":true,"href":"https:\/\/www.iemj.org\/es\/wp-json\/wp\/v2\/tableaux-liens-externes?post=66485"}],"curies":[{"name":"wp","href":"https:\/\/api.w.org\/{rel}","templated":true}]}}