{"id":66612,"date":"2019-04-10T18:04:04","date_gmt":"2019-04-10T16:04:04","guid":{"rendered":"https:\/\/www.iemj.org\/whose-is-this-song\/"},"modified":"2021-11-23T11:44:03","modified_gmt":"2021-11-23T10:44:03","slug":"whose-is-this-song","status":"publish","type":"post","link":"https:\/\/www.iemj.org\/es\/whose-is-this-song\/","title":{"rendered":"Whose is this Song?"},"content":{"rendered":"<p class=\"post_excerpt\">Bien conocida de las comunidades jud\u00edas del mundo entero, la melod\u00eda de <em><strong>Usk\u00fcdara<\/strong><\/em>, <em><strong>Fel shara<\/strong><\/em> o <em><strong>Terk in America<\/strong><\/em>, es conocida dondequiera, de Turqu\u00eda hasta los Estados Unidos, pasando por Marruecos o Serbia, est\u00e1 algunas vez cantada en la sinagoga. \u00bfPero de d\u00f3nde proviene esta canci\u00f3n?<\/p>\n<p>Es el sujeto del documental realizado en 2003 por Adela Peeva, que se interesa tambi\u00e9n en la regi\u00f3n de la pen\u00ednsula balc\u00e1nica.<\/p>\n<p class=\"post_excerpt\">La directora b\u00falgara Adela Peeva cuenta su periplo a trav\u00e9s de la pen\u00ednsula balc\u00e1nica, para encontrar de d\u00f3nde viene esta famosa canci\u00f3n con numerosos nombres: <em>Usk\u00fcdara<\/em>, <em>Katibim<\/em>, <em>Ruse kose curo ima\u0161<\/em>, <em>Terk in America<\/em>, <em>Anadolka<\/em>, <em>Mu n\u00eb basht\u00ebn t\u00ebnde<\/em>, <em>Ya Banat Iskandaria<\/em>&#8230;.<\/p>\n<p>Adela Peeva se va a la encuentra de los habitantes de Serbia, de Bosnia, de Macedonia, de Turqu\u00eda, as\u00ed como los de su pa\u00eds Bulgaria. Todos, excepto muy pocos, reivindican esta canci\u00f3n como siendo tradicional de su pa\u00eds. Las conversaciones est\u00e1n empeoradas, y algunas veces hasta un giro pol\u00edtico. Tenemos que recordar que esta pel\u00edcula ha sido rodado el d\u00eda siguiente de la guerra en Yugoslavia.<\/p>\n<p>Canci\u00f3n de amor, canci\u00f3n de guerra, las letras cambian en cada versi\u00f3n, aunque la melod\u00eda queda la misma.<\/p>\n<p>\u00bfUna canci\u00f3n que une? \u00bfO que divide?<\/p>\n<p>A la vez agradable, divertido, interesante y algunas veces preocupante, esta pel\u00edcula, con una intenci\u00f3n etnomusic\u00f3logica, es una maravilla varias veces recompensada.<\/p>\n<p><a href=\"http:\/\/www.adelamedia.net\/movies\/whose-is-this-song.php\" target=\"_blank\" rel=\"noopener\">Visitar la pagina Internet de la directora para tener m\u00e1s informaciones y pedir la pel\u00edcula<\/a><\/p>\n<p><a href=\"https:\/\/www.iemj.org\/es\/uskudara-fel-shara-terk-in-america-et-cetera\/\" target=\"_blank\" rel=\"noopener\">Escuchar la lista de reproducci\u00f3n Usk\u00fcdara &#8211; Histoire d\u2019une m\u00e9lodie turque qui a beaucoup voyag\u00e9 (Usk\u00fcdara &#8211; Historia de una melod\u00eda turca que ha viajado mucho)<\/a><\/p>\n\n\n<figure class=\"wp-block-video\"><video height=\"576\" style=\"aspect-ratio: 720 \/ 576;\" width=\"720\" controls src=\"https:\/\/www.iemj.org\/wp-content\/uploads\/2019\/04\/montage_whose_is_this_songs_-_terk_in_america.mp4\"><\/video><figcaption>Extracto del documental <em>Whose is this Song?<\/em><\/figcaption><\/figure>\n\n\n\n<p><\/p>\n","protected":false},"excerpt":{"rendered":"<p>Bien conocida de las comunidades jud\u00edas del mundo entero, la melod\u00eda de Usk\u00fcdara, Fel shara o Terk in America, es conocida dondequiera, de Turqu\u00eda hasta los Estados Unidos, pasando por<\/p>\n","protected":false},"author":1048,"featured_media":66613,"comment_status":"closed","ping_status":"open","sticky":false,"template":"","format":"standard","meta":{"_acf_changed":false,"footnotes":""},"categories":[1532],"tags":[],"technique":[],"squelettes":[],"sujet":[],"formation":[],"genre":[],"fonds":[],"tradition":[],"type-de-contenu":[],"interprete-compositeur":[],"frise":[],"type-devenement":[],"tableaux-liens-externes":[],"class_list":["post-66612","post","type-post","status-publish","format-standard","has-post-thumbnail","hentry","category-programas-tv-videos-es"],"acf":[],"yoast_head":"<!-- This site is optimized with the Yoast SEO plugin v27.3 - https:\/\/yoast.com\/product\/yoast-seo-wordpress\/ -->\n<title>Whose is this Song? - Institut Europ\u00e9en des Musiques Juives<\/title>\n<meta name=\"robots\" content=\"index, follow, max-snippet:-1, max-image-preview:large, max-video-preview:-1\" \/>\n<link rel=\"canonical\" href=\"https:\/\/www.iemj.org\/es\/whose-is-this-song\/\" \/>\n<meta property=\"og:locale\" content=\"es_ES\" \/>\n<meta property=\"og:type\" content=\"article\" \/>\n<meta property=\"og:title\" content=\"Whose is this Song? - Institut Europ\u00e9en des Musiques Juives\" \/>\n<meta property=\"og:description\" content=\"Bien conocida de las comunidades jud\u00edas del mundo entero, la melod\u00eda de Usk\u00fcdara, Fel shara o Terk in America, es conocida dondequiera, de Turqu\u00eda hasta los Estados Unidos, pasando por\" \/>\n<meta property=\"og:url\" content=\"https:\/\/www.iemj.org\/es\/whose-is-this-song\/\" \/>\n<meta property=\"og:site_name\" content=\"Institut Europ\u00e9en des Musiques Juives\" \/>\n<meta property=\"article:publisher\" content=\"https:\/\/www.facebook.com\/MusiquesJuives\/\" \/>\n<meta property=\"article:published_time\" content=\"2019-04-10T16:04:04+00:00\" \/>\n<meta property=\"article:modified_time\" content=\"2021-11-23T10:44:03+00:00\" \/>\n<meta property=\"og:image\" content=\"https:\/\/www.iemj.org\/wp-content\/uploads\/2019\/04\/arton4082-e1617279574486.jpg\" \/>\n\t<meta property=\"og:image:width\" content=\"267\" \/>\n\t<meta property=\"og:image:height\" content=\"330\" \/>\n\t<meta property=\"og:image:type\" content=\"image\/jpeg\" \/>\n<meta name=\"author\" content=\"Jean-Gabriel Davis\" \/>\n<meta name=\"twitter:card\" content=\"summary_large_image\" \/>\n<meta name=\"twitter:label1\" content=\"Escrito por\" \/>\n\t<meta name=\"twitter:data1\" content=\"Jean-Gabriel Davis\" \/>\n\t<meta name=\"twitter:label2\" content=\"Tiempo de lectura\" \/>\n\t<meta name=\"twitter:data2\" content=\"2 minutos\" \/>\n<script type=\"application\/ld+json\" class=\"yoast-schema-graph\">{\"@context\":\"https:\\\/\\\/schema.org\",\"@graph\":[{\"@type\":\"Article\",\"@id\":\"https:\\\/\\\/www.iemj.org\\\/es\\\/whose-is-this-song\\\/#article\",\"isPartOf\":{\"@id\":\"https:\\\/\\\/www.iemj.org\\\/es\\\/whose-is-this-song\\\/\"},\"author\":{\"name\":\"Jean-Gabriel Davis\",\"@id\":\"https:\\\/\\\/www.iemj.org\\\/es\\\/#\\\/schema\\\/person\\\/c9bc1c386a3749579a2d675e72a18666\"},\"headline\":\"Whose is this Song?\",\"datePublished\":\"2019-04-10T16:04:04+00:00\",\"dateModified\":\"2021-11-23T10:44:03+00:00\",\"mainEntityOfPage\":{\"@id\":\"https:\\\/\\\/www.iemj.org\\\/es\\\/whose-is-this-song\\\/\"},\"wordCount\":317,\"publisher\":{\"@id\":\"https:\\\/\\\/www.iemj.org\\\/es\\\/#organization\"},\"image\":{\"@id\":\"https:\\\/\\\/www.iemj.org\\\/es\\\/whose-is-this-song\\\/#primaryimage\"},\"thumbnailUrl\":\"https:\\\/\\\/www.iemj.org\\\/wp-content\\\/uploads\\\/2019\\\/04\\\/arton4082-e1617279574486.jpg\",\"articleSection\":[\"Programas TV \\\/ V\u00eddeos\"],\"inLanguage\":\"es\"},{\"@type\":\"WebPage\",\"@id\":\"https:\\\/\\\/www.iemj.org\\\/es\\\/whose-is-this-song\\\/\",\"url\":\"https:\\\/\\\/www.iemj.org\\\/es\\\/whose-is-this-song\\\/\",\"name\":\"Whose is this Song? - Institut Europ\u00e9en des Musiques Juives\",\"isPartOf\":{\"@id\":\"https:\\\/\\\/www.iemj.org\\\/es\\\/#website\"},\"primaryImageOfPage\":{\"@id\":\"https:\\\/\\\/www.iemj.org\\\/es\\\/whose-is-this-song\\\/#primaryimage\"},\"image\":{\"@id\":\"https:\\\/\\\/www.iemj.org\\\/es\\\/whose-is-this-song\\\/#primaryimage\"},\"thumbnailUrl\":\"https:\\\/\\\/www.iemj.org\\\/wp-content\\\/uploads\\\/2019\\\/04\\\/arton4082-e1617279574486.jpg\",\"datePublished\":\"2019-04-10T16:04:04+00:00\",\"dateModified\":\"2021-11-23T10:44:03+00:00\",\"breadcrumb\":{\"@id\":\"https:\\\/\\\/www.iemj.org\\\/es\\\/whose-is-this-song\\\/#breadcrumb\"},\"inLanguage\":\"es\",\"potentialAction\":[{\"@type\":\"ReadAction\",\"target\":[\"https:\\\/\\\/www.iemj.org\\\/es\\\/whose-is-this-song\\\/\"]}]},{\"@type\":\"ImageObject\",\"inLanguage\":\"es\",\"@id\":\"https:\\\/\\\/www.iemj.org\\\/es\\\/whose-is-this-song\\\/#primaryimage\",\"url\":\"https:\\\/\\\/www.iemj.org\\\/wp-content\\\/uploads\\\/2019\\\/04\\\/arton4082-e1617279574486.jpg\",\"contentUrl\":\"https:\\\/\\\/www.iemj.org\\\/wp-content\\\/uploads\\\/2019\\\/04\\\/arton4082-e1617279574486.jpg\",\"width\":267,\"height\":330},{\"@type\":\"BreadcrumbList\",\"@id\":\"https:\\\/\\\/www.iemj.org\\\/es\\\/whose-is-this-song\\\/#breadcrumb\",\"itemListElement\":[{\"@type\":\"ListItem\",\"position\":1,\"name\":\"Accueil\",\"item\":\"https:\\\/\\\/www.iemj.org\\\/es\\\/\"},{\"@type\":\"ListItem\",\"position\":2,\"name\":\"Whose is this Song?\"}]},{\"@type\":\"WebSite\",\"@id\":\"https:\\\/\\\/www.iemj.org\\\/es\\\/#website\",\"url\":\"https:\\\/\\\/www.iemj.org\\\/es\\\/\",\"name\":\"Institut Europ\u00e9en des Musiques Juives\",\"description\":\"Des traditions musicales \u00e0 la port\u00e9e de tous\",\"publisher\":{\"@id\":\"https:\\\/\\\/www.iemj.org\\\/es\\\/#organization\"},\"potentialAction\":[{\"@type\":\"SearchAction\",\"target\":{\"@type\":\"EntryPoint\",\"urlTemplate\":\"https:\\\/\\\/www.iemj.org\\\/es\\\/?s={search_term_string}\"},\"query-input\":{\"@type\":\"PropertyValueSpecification\",\"valueRequired\":true,\"valueName\":\"search_term_string\"}}],\"inLanguage\":\"es\"},{\"@type\":\"Organization\",\"@id\":\"https:\\\/\\\/www.iemj.org\\\/es\\\/#organization\",\"name\":\"Institut Europ\u00e9en des Musiques Juives\",\"url\":\"https:\\\/\\\/www.iemj.org\\\/es\\\/\",\"logo\":{\"@type\":\"ImageObject\",\"inLanguage\":\"es\",\"@id\":\"https:\\\/\\\/www.iemj.org\\\/es\\\/#\\\/schema\\\/logo\\\/image\\\/\",\"url\":\"https:\\\/\\\/www.iemj.org\\\/wp-content\\\/uploads\\\/2021\\\/09\\\/Logo-IEMJ-Paypal.jpg\",\"contentUrl\":\"https:\\\/\\\/www.iemj.org\\\/wp-content\\\/uploads\\\/2021\\\/09\\\/Logo-IEMJ-Paypal.jpg\",\"width\":150,\"height\":50,\"caption\":\"Institut Europ\u00e9en des Musiques Juives\"},\"image\":{\"@id\":\"https:\\\/\\\/www.iemj.org\\\/es\\\/#\\\/schema\\\/logo\\\/image\\\/\"},\"sameAs\":[\"https:\\\/\\\/www.facebook.com\\\/MusiquesJuives\\\/\",\"https:\\\/\\\/www.instagram.com\\\/musiquesjuives\\\/\",\"https:\\\/\\\/www.youtube.com\\\/user\\\/musiquesjuives\"]},{\"@type\":\"Person\",\"@id\":\"https:\\\/\\\/www.iemj.org\\\/es\\\/#\\\/schema\\\/person\\\/c9bc1c386a3749579a2d675e72a18666\",\"name\":\"Jean-Gabriel Davis\",\"image\":{\"@type\":\"ImageObject\",\"inLanguage\":\"es\",\"@id\":\"https:\\\/\\\/secure.gravatar.com\\\/avatar\\\/2b90d67bdf392c9b3a21fab87c0fa7edaf1fb3a058172a1ffd61033fcec7aec1?s=96&d=mm&r=g\",\"url\":\"https:\\\/\\\/secure.gravatar.com\\\/avatar\\\/2b90d67bdf392c9b3a21fab87c0fa7edaf1fb3a058172a1ffd61033fcec7aec1?s=96&d=mm&r=g\",\"contentUrl\":\"https:\\\/\\\/secure.gravatar.com\\\/avatar\\\/2b90d67bdf392c9b3a21fab87c0fa7edaf1fb3a058172a1ffd61033fcec7aec1?s=96&d=mm&r=g\",\"caption\":\"Jean-Gabriel Davis\"}}]}<\/script>\n<!-- \/ Yoast SEO plugin. -->","yoast_head_json":{"title":"Whose is this Song? - Institut Europ\u00e9en des Musiques Juives","robots":{"index":"index","follow":"follow","max-snippet":"max-snippet:-1","max-image-preview":"max-image-preview:large","max-video-preview":"max-video-preview:-1"},"canonical":"https:\/\/www.iemj.org\/es\/whose-is-this-song\/","og_locale":"es_ES","og_type":"article","og_title":"Whose is this Song? - Institut Europ\u00e9en des Musiques Juives","og_description":"Bien conocida de las comunidades jud\u00edas del mundo entero, la melod\u00eda de Usk\u00fcdara, Fel shara o Terk in America, es conocida dondequiera, de Turqu\u00eda hasta los Estados Unidos, pasando por","og_url":"https:\/\/www.iemj.org\/es\/whose-is-this-song\/","og_site_name":"Institut Europ\u00e9en des Musiques Juives","article_publisher":"https:\/\/www.facebook.com\/MusiquesJuives\/","article_published_time":"2019-04-10T16:04:04+00:00","article_modified_time":"2021-11-23T10:44:03+00:00","og_image":[{"width":267,"height":330,"url":"https:\/\/www.iemj.org\/wp-content\/uploads\/2019\/04\/arton4082-e1617279574486.jpg","type":"image\/jpeg"}],"author":"Jean-Gabriel Davis","twitter_card":"summary_large_image","twitter_misc":{"Escrito por":"Jean-Gabriel Davis","Tiempo de lectura":"2 minutos"},"schema":{"@context":"https:\/\/schema.org","@graph":[{"@type":"Article","@id":"https:\/\/www.iemj.org\/es\/whose-is-this-song\/#article","isPartOf":{"@id":"https:\/\/www.iemj.org\/es\/whose-is-this-song\/"},"author":{"name":"Jean-Gabriel Davis","@id":"https:\/\/www.iemj.org\/es\/#\/schema\/person\/c9bc1c386a3749579a2d675e72a18666"},"headline":"Whose is this Song?","datePublished":"2019-04-10T16:04:04+00:00","dateModified":"2021-11-23T10:44:03+00:00","mainEntityOfPage":{"@id":"https:\/\/www.iemj.org\/es\/whose-is-this-song\/"},"wordCount":317,"publisher":{"@id":"https:\/\/www.iemj.org\/es\/#organization"},"image":{"@id":"https:\/\/www.iemj.org\/es\/whose-is-this-song\/#primaryimage"},"thumbnailUrl":"https:\/\/www.iemj.org\/wp-content\/uploads\/2019\/04\/arton4082-e1617279574486.jpg","articleSection":["Programas TV \/ V\u00eddeos"],"inLanguage":"es"},{"@type":"WebPage","@id":"https:\/\/www.iemj.org\/es\/whose-is-this-song\/","url":"https:\/\/www.iemj.org\/es\/whose-is-this-song\/","name":"Whose is this Song? - Institut Europ\u00e9en des Musiques Juives","isPartOf":{"@id":"https:\/\/www.iemj.org\/es\/#website"},"primaryImageOfPage":{"@id":"https:\/\/www.iemj.org\/es\/whose-is-this-song\/#primaryimage"},"image":{"@id":"https:\/\/www.iemj.org\/es\/whose-is-this-song\/#primaryimage"},"thumbnailUrl":"https:\/\/www.iemj.org\/wp-content\/uploads\/2019\/04\/arton4082-e1617279574486.jpg","datePublished":"2019-04-10T16:04:04+00:00","dateModified":"2021-11-23T10:44:03+00:00","breadcrumb":{"@id":"https:\/\/www.iemj.org\/es\/whose-is-this-song\/#breadcrumb"},"inLanguage":"es","potentialAction":[{"@type":"ReadAction","target":["https:\/\/www.iemj.org\/es\/whose-is-this-song\/"]}]},{"@type":"ImageObject","inLanguage":"es","@id":"https:\/\/www.iemj.org\/es\/whose-is-this-song\/#primaryimage","url":"https:\/\/www.iemj.org\/wp-content\/uploads\/2019\/04\/arton4082-e1617279574486.jpg","contentUrl":"https:\/\/www.iemj.org\/wp-content\/uploads\/2019\/04\/arton4082-e1617279574486.jpg","width":267,"height":330},{"@type":"BreadcrumbList","@id":"https:\/\/www.iemj.org\/es\/whose-is-this-song\/#breadcrumb","itemListElement":[{"@type":"ListItem","position":1,"name":"Accueil","item":"https:\/\/www.iemj.org\/es\/"},{"@type":"ListItem","position":2,"name":"Whose is this Song?"}]},{"@type":"WebSite","@id":"https:\/\/www.iemj.org\/es\/#website","url":"https:\/\/www.iemj.org\/es\/","name":"Institut Europ\u00e9en des Musiques Juives","description":"Des traditions musicales \u00e0 la port\u00e9e de tous","publisher":{"@id":"https:\/\/www.iemj.org\/es\/#organization"},"potentialAction":[{"@type":"SearchAction","target":{"@type":"EntryPoint","urlTemplate":"https:\/\/www.iemj.org\/es\/?s={search_term_string}"},"query-input":{"@type":"PropertyValueSpecification","valueRequired":true,"valueName":"search_term_string"}}],"inLanguage":"es"},{"@type":"Organization","@id":"https:\/\/www.iemj.org\/es\/#organization","name":"Institut Europ\u00e9en des Musiques Juives","url":"https:\/\/www.iemj.org\/es\/","logo":{"@type":"ImageObject","inLanguage":"es","@id":"https:\/\/www.iemj.org\/es\/#\/schema\/logo\/image\/","url":"https:\/\/www.iemj.org\/wp-content\/uploads\/2021\/09\/Logo-IEMJ-Paypal.jpg","contentUrl":"https:\/\/www.iemj.org\/wp-content\/uploads\/2021\/09\/Logo-IEMJ-Paypal.jpg","width":150,"height":50,"caption":"Institut Europ\u00e9en des Musiques Juives"},"image":{"@id":"https:\/\/www.iemj.org\/es\/#\/schema\/logo\/image\/"},"sameAs":["https:\/\/www.facebook.com\/MusiquesJuives\/","https:\/\/www.instagram.com\/musiquesjuives\/","https:\/\/www.youtube.com\/user\/musiquesjuives"]},{"@type":"Person","@id":"https:\/\/www.iemj.org\/es\/#\/schema\/person\/c9bc1c386a3749579a2d675e72a18666","name":"Jean-Gabriel Davis","image":{"@type":"ImageObject","inLanguage":"es","@id":"https:\/\/secure.gravatar.com\/avatar\/2b90d67bdf392c9b3a21fab87c0fa7edaf1fb3a058172a1ffd61033fcec7aec1?s=96&d=mm&r=g","url":"https:\/\/secure.gravatar.com\/avatar\/2b90d67bdf392c9b3a21fab87c0fa7edaf1fb3a058172a1ffd61033fcec7aec1?s=96&d=mm&r=g","contentUrl":"https:\/\/secure.gravatar.com\/avatar\/2b90d67bdf392c9b3a21fab87c0fa7edaf1fb3a058172a1ffd61033fcec7aec1?s=96&d=mm&r=g","caption":"Jean-Gabriel Davis"}}]}},"_links":{"self":[{"href":"https:\/\/www.iemj.org\/es\/wp-json\/wp\/v2\/posts\/66612","targetHints":{"allow":["GET"]}}],"collection":[{"href":"https:\/\/www.iemj.org\/es\/wp-json\/wp\/v2\/posts"}],"about":[{"href":"https:\/\/www.iemj.org\/es\/wp-json\/wp\/v2\/types\/post"}],"author":[{"embeddable":true,"href":"https:\/\/www.iemj.org\/es\/wp-json\/wp\/v2\/users\/1048"}],"replies":[{"embeddable":true,"href":"https:\/\/www.iemj.org\/es\/wp-json\/wp\/v2\/comments?post=66612"}],"version-history":[{"count":0,"href":"https:\/\/www.iemj.org\/es\/wp-json\/wp\/v2\/posts\/66612\/revisions"}],"wp:featuredmedia":[{"embeddable":true,"href":"https:\/\/www.iemj.org\/es\/wp-json\/wp\/v2\/media\/66613"}],"wp:attachment":[{"href":"https:\/\/www.iemj.org\/es\/wp-json\/wp\/v2\/media?parent=66612"}],"wp:term":[{"taxonomy":"category","embeddable":true,"href":"https:\/\/www.iemj.org\/es\/wp-json\/wp\/v2\/categories?post=66612"},{"taxonomy":"post_tag","embeddable":true,"href":"https:\/\/www.iemj.org\/es\/wp-json\/wp\/v2\/tags?post=66612"},{"taxonomy":"technique","embeddable":true,"href":"https:\/\/www.iemj.org\/es\/wp-json\/wp\/v2\/technique?post=66612"},{"taxonomy":"squelettes","embeddable":true,"href":"https:\/\/www.iemj.org\/es\/wp-json\/wp\/v2\/squelettes?post=66612"},{"taxonomy":"sujet","embeddable":true,"href":"https:\/\/www.iemj.org\/es\/wp-json\/wp\/v2\/sujet?post=66612"},{"taxonomy":"formation","embeddable":true,"href":"https:\/\/www.iemj.org\/es\/wp-json\/wp\/v2\/formation?post=66612"},{"taxonomy":"genre","embeddable":true,"href":"https:\/\/www.iemj.org\/es\/wp-json\/wp\/v2\/genre?post=66612"},{"taxonomy":"fonds","embeddable":true,"href":"https:\/\/www.iemj.org\/es\/wp-json\/wp\/v2\/fonds?post=66612"},{"taxonomy":"tradition","embeddable":true,"href":"https:\/\/www.iemj.org\/es\/wp-json\/wp\/v2\/tradition?post=66612"},{"taxonomy":"type-de-contenu","embeddable":true,"href":"https:\/\/www.iemj.org\/es\/wp-json\/wp\/v2\/type-de-contenu?post=66612"},{"taxonomy":"interprete-compositeur","embeddable":true,"href":"https:\/\/www.iemj.org\/es\/wp-json\/wp\/v2\/interprete-compositeur?post=66612"},{"taxonomy":"frise","embeddable":true,"href":"https:\/\/www.iemj.org\/es\/wp-json\/wp\/v2\/frise?post=66612"},{"taxonomy":"type-devenement","embeddable":true,"href":"https:\/\/www.iemj.org\/es\/wp-json\/wp\/v2\/type-devenement?post=66612"},{"taxonomy":"tableaux-liens-externes","embeddable":true,"href":"https:\/\/www.iemj.org\/es\/wp-json\/wp\/v2\/tableaux-liens-externes?post=66612"}],"curies":[{"name":"wp","href":"https:\/\/api.w.org\/{rel}","templated":true}]}}