{"id":68519,"date":"2021-01-13T17:50:04","date_gmt":"2021-01-13T16:50:04","guid":{"rendered":"https:\/\/www.iemj.org\/les-chants-de-shabbat\/"},"modified":"2025-09-10T17:42:27","modified_gmt":"2025-09-10T15:42:27","slug":"les-chants-de-shabbat","status":"publish","type":"post","link":"https:\/\/www.iemj.org\/es\/les-chants-de-shabbat\/","title":{"rendered":"Los cantos de shabat"},"content":{"rendered":"<p>El shabat, d\u00eda libre, es una instituci\u00f3n de la vida jud\u00eda. Y las canciones que marcan este d\u00eda especial desempe\u00f1an un papel importante, tanto en la sinagoga como en casa.<\/p>\n<p>Seg\u00fan la Biblia hebrea, Dios cre\u00f3 el cielo y la tierra en seis d\u00edas y descans\u00f3 en el s\u00e9ptimo. Este d\u00eda fue bendecido, proclamado santo y establecido como d\u00eda de descanso (\u00c9xodo 20:8-11). En la tradici\u00f3n jud\u00eda, el s\u00e1bado, s\u00e9ptimo d\u00eda de la semana, comienza el viernes al atardecer y termina el s\u00e1bado por la noche con la aparici\u00f3n de tres estrellas, aproximadamente cuarenta minutos despu\u00e9s de la puesta de sol.<\/p>\n<p>La ra\u00edz de la palabra \u00abshabat\u00bb (en hebreo: \u05e9\u05d1\u05ea) deriva del hebreo <em>shev<\/em> (\u05e9\u05d1), o <em>lashevet<\/em> (\u05dc\u05e9\u05d1\u05ea), que significa \u00absentarse\u00bb. El Shabat es, entonces, un d\u00eda de descanso, al margen del tiempo y de las contingencias materiales, un d\u00eda en el que las actividades se reducen al m\u00ednimo para volver a lo esencial: la familia y los momentos compartidos, como las comidas, la oraci\u00f3n y el estudio de la Tor\u00e1.<\/p>\n<p>El canto es una parte importante de los rituales del Shabat, como el encendido de las velas, el <em>Kiddush<\/em> (bendici\u00f3n del vino) del viernes por la noche, el <a href=\"https:\/\/es.wikipedia.org\/wiki\/Birkat_Hamaz%C3%B3n\" target=\"_blank\" rel=\"noopener\"><em>Birkat hamazone<\/em><\/a> (acci\u00f3n de gracias al final de la comida) y la <a href=\"https:\/\/es.wikipedia.org\/wiki\/Havdalah\" target=\"_blank\" rel=\"noopener\"><em>Havdala<\/em><\/a> (el \u00faltimo <em>Kiddush<\/em> al final del Shabat). El canto tambi\u00e9n est\u00e1 omnipresente durante los cinco servicios y las cuatro comidas del Shabat.<\/p>\n<p><img fetchpriority=\"high\" decoding=\"async\" class=\" alignright size-full wp-image-30485\" src=\"https:\/\/www.iemj.org\/wp-content\/uploads\/2021\/01\/repas_de_shabbat.jpg\" alt=\"repas_de_shabbat.jpg\" width=\"275\" height=\"185\" align=\"right\" \/>La bienvenida al Shabat (<em>Kabbalat Shabat<\/em>) comienza el viernes antes del anochecer con himnos como el <em>Ana Bekoa&#8217;h<\/em> (oraci\u00f3n atribuida por el Talmud a Rab\u00ed Nejunia ben Hakanah), <a href=\"https:\/\/es.wikipedia.org\/wiki\/Lej%C3%A1_Dod%C3%AD\" target=\"_blank\" rel=\"noopener\"><em>Lekha dodi<\/em><\/a><\/p>\n<p>(oraci\u00f3n atribuida por el Talmud a Rab\u00ed Nejunia ben Hakanah), <a href=\"https:\/\/es.wikipedia.org\/wiki\/Lej%C3%A1_Dod%C3%AD\" target=\"_blank\" rel=\"noopener\"><em>Lekha dodi<\/em><\/a> (atribuido al cabalista Rab\u00ed Salom\u00f3n Halevi Alkabetz) o el C\u00e1ntico de los c\u00e1nticos (<em>Shir hashirim<\/em>). Los piyyutim\u00a0<a href=\"https:\/\/es.wikipedia.org\/wiki\/Shalom_alejem_(saludo)\" target=\"_blank\" rel=\"noopener\"><em>Shalom Alekhem<\/em><\/a> y\u00a0<a href=\"https:\/\/www.jewishvirtuallibrary.org\/eshet-hayil\"><em>Eshet Hayil<\/em><\/a> (Proverbios 31:10-31) se cantan en casa antes el <em>Kiddush<\/em> del viernes por la noche. En introduccion a la oracion de la noche, cantamos los <a href=\"https:\/\/www.iemj.org\/es\/les-psaumes-autour-des-psaumes-92-et-93\/\" target=\"_blank\" rel=\"noopener\">salmos 92 y 93<\/a>. El poema <em>Ya ribon<\/em>, escrita por Israel Najara (1555-1628), est\u00e1 cantado durante la comida del viernes por la noche.<\/p>\n<p><a href=\"https:\/\/www.iemj.org\/wp-content\/uploads\/2021\/01\/01_chalom_alechem_benjamin_herv_houzy_extrait_.mp3\"><img decoding=\"async\" class=\"alignleft\" src=\"https:\/\/www.iemj.org\/wp-content\/uploads\/2021\/09\/Fichier-son-IEMJ.jpg\" alt=\"\" width=\"52\" height=\"52\" \/><\/a><a href=\"https:\/\/www.iemj.org\/wp-content\/uploads\/2021\/01\/01_chalom_alechem_benjamin_herv_houzy_extrait_.mp3\">Chalom alechem &#8211; Benjamin Herv\u00e9 Houzy (Extracto)<\/a><\/p>\n<p>\u00a0<\/p>\n<p><a href=\"https:\/\/www.iemj.org\/wp-content\/uploads\/2021\/01\/02_echet_hayil_philippe_darmon_extrait_.mp3\"><img decoding=\"async\" class=\"alignleft\" src=\"https:\/\/www.iemj.org\/wp-content\/uploads\/2021\/09\/Fichier-son-IEMJ.jpg\" alt=\"\" width=\"52\" height=\"52\" \/><\/a><\/p>\n<p><a href=\"https:\/\/www.iemj.org\/wp-content\/uploads\/2021\/01\/02_echet_hayil_philippe_darmon_extrait_.mp3\">Echet Hayil &#8211; Philippe Darmon (Extracto)<\/a><\/p>\n<p>\u00a0<\/p>\n<p><a href=\"https:\/\/www.iemj.org\/wp-content\/uploads\/2021\/01\/03_ya_ribon_yehoram_gaon_extrait_.mp3\"><img decoding=\"async\" class=\"alignleft\" src=\"https:\/\/www.iemj.org\/wp-content\/uploads\/2021\/09\/Fichier-son-IEMJ.jpg\" alt=\"\" width=\"52\" height=\"52\" \/><\/a><a href=\"https:\/\/www.iemj.org\/wp-content\/uploads\/2021\/01\/03_ya_ribon_yehoram_gaon_extrait_.mp3\">Ya ribon &#8211; Yehoram Gaon (Extracto)<\/a><\/p>\n<p>\u00a0<\/p>\n<p><img decoding=\"async\" class=\" alignright size-full wp-image-30493\" src=\"https:\/\/www.iemj.org\/wp-content\/uploads\/2021\/01\/priere_a_la_syna_redim.jpg\" alt=\"priere_a_la_syna_redim.jpg\" width=\"275\" height=\"182\" align=\"right\" \/><\/p>\n<p>El servicio del s\u00e1bado por la ma\u00f1ana (<em>Sha&#8217;harit<\/em>) es particularmente largo, como incluye, adem\u00e1s de las oraciones habituales, la adici\u00f3n de piyyutim (<em>El Adon, La-El barouch<\/em>), la lectura de la Tor\u00e1 y la Haftarah, seguida del servicio adicional de <em>Musaf<\/em>. El servicio Min&#8217;ha se canta al final de la tarde, antes de la tercera comida. A continuaci\u00f3n, el <em>Motsei Shabat<\/em>, la oraci\u00f3n de la noche que cierra el descanso sab\u00e1tico.<\/p>\n<p><a href=\"https:\/\/www.iemj.org\/wp-content\/uploads\/2021\/01\/04_el_adon_gilles_dorai_extrait_.mp3\" target=\"_blank\" rel=\"noopener\"><img decoding=\"async\" class=\"alignleft\" src=\"https:\/\/www.iemj.org\/wp-content\/uploads\/2021\/09\/Fichier-son-IEMJ.jpg\" alt=\"\" width=\"52\" height=\"52\" \/><\/a><a href=\"https:\/\/www.iemj.org\/wp-content\/uploads\/2021\/01\/04_el_adon_gilles_dorai_extrait_.mp3\" target=\"_blank\" rel=\"noopener\">El Adon &#8211; Gilles Dorai (Extracto)<\/a><\/p>\n<p>\u00a0<\/p>\n<p><img loading=\"lazy\" decoding=\"async\" class=\" alignleft size-full wp-image-30497\" src=\"https:\/\/www.iemj.org\/wp-content\/uploads\/2021\/01\/juifs_yemenites.jpg\" alt=\"juifs_yemenites.jpg\" width=\"275\" height=\"183\" align=\"left\" \/>Durante las comidas de Shabat, marcadas por la abundancia de alimentos, se acostumbra a cantar poemas religiosos llamados <em>Zemirot<\/em> (o <em>Tish nigunim<\/em> entre los jasidim), como <em>Deror Yikra<\/em>, <em>Ki eshmera shabat<\/em> (un texto de Abraham Ibn Ezra, uno de los autores y poetas m\u00e1s prol\u00edficos y brillantes del Siglo de Oro espa\u00f1ol del siglo XII) o <a href=\"https:\/\/es.wikipedia.org\/wiki\/Yedid_Nefesh\" target=\"_blank\" rel=\"noopener\">Yedid nefesh<\/a>, tradicionalmente cantado al final de la tarde durante la tercera comida (Seouda Shelishit). El final del Shabat tambi\u00e9n se acompa\u00f1a de cantos como <em>Hamavdil ben kodesh lekhol, Elyahu hanavi<\/em> o <em>Laner velivsamim<\/em>, interpretadas en particular por los jud\u00edos yemen\u00edes.<\/p>\n<p>\u00a0<\/p>\n<p><a href=\"https:\/\/www.iemj.org\/wp-content\/uploads\/2021\/01\/05_deror_yikra_chansons_de_shabbat_extrait_.mp3\" target=\"_blank\" rel=\"noopener\"><img decoding=\"async\" class=\"alignleft\" src=\"https:\/\/www.iemj.org\/wp-content\/uploads\/2021\/09\/Fichier-son-IEMJ.jpg\" alt=\"\" width=\"52\" height=\"52\" \/><\/a><a href=\"https:\/\/www.iemj.org\/wp-content\/uploads\/2021\/01\/05_deror_yikra_chansons_de_shabbat_extrait_.mp3\" target=\"_blank\" rel=\"noopener\">Deror Yikra &#8211; Chansons de Shabbat (Extracto)<\/a><\/p>\n<p>\u00a0<\/p>\n<p><a href=\"https:\/\/www.iemj.org\/wp-content\/uploads\/2021\/01\/06_ki_eshmera_shabbat_ouriel_elbilia_extrait_.mp3\" target=\"_blank\" rel=\"noopener\"><img decoding=\"async\" class=\"alignleft\" src=\"https:\/\/www.iemj.org\/wp-content\/uploads\/2021\/09\/Fichier-son-IEMJ.jpg\" alt=\"\" width=\"52\" height=\"52\" \/><\/a><a href=\"https:\/\/www.iemj.org\/wp-content\/uploads\/2021\/01\/06_ki_eshmera_shabbat_ouriel_elbilia_extrait_.mp3\" target=\"_blank\" rel=\"noopener\">Ki eshmera shabbat &#8211; Ouriel Elbilia (Extracto)<\/a><\/p>\n<p>\u00a0<\/p>\n<p><a href=\"https:\/\/www.iemj.org\/wp-content\/uploads\/2021\/01\/07_yedid_nefesh_duo_reim_extrait_.mp3\" target=\"_blank\" rel=\"noopener\"><img decoding=\"async\" class=\"alignleft\" src=\"https:\/\/www.iemj.org\/wp-content\/uploads\/2021\/09\/Fichier-son-IEMJ.jpg\" alt=\"\" width=\"52\" height=\"52\" \/><\/a><a href=\"https:\/\/www.iemj.org\/wp-content\/uploads\/2021\/01\/07_yedid_nefesh_duo_reim_extrait_.mp3\" target=\"_blank\" rel=\"noopener\">Yedid nefesh &#8211; Duo Reim (Extracto)<\/a><\/p>\n<p>\u00a0<\/p>\n<p><a href=\"https:\/\/www.iemj.org\/wp-content\/uploads\/2021\/01\/08_laner_velivsamim_air_y_m_nite__ofra_haza_extrait_.mp3\" target=\"_blank\" rel=\"noopener\"><img decoding=\"async\" class=\"alignleft\" src=\"https:\/\/www.iemj.org\/wp-content\/uploads\/2021\/09\/Fichier-son-IEMJ.jpg\" alt=\"\" width=\"52\" height=\"52\" \/><\/a><a href=\"https:\/\/www.iemj.org\/wp-content\/uploads\/2021\/01\/08_laner_velivsamim_air_y_m_nite__ofra_haza_extrait_.mp3\" target=\"_blank\" rel=\"noopener\">Laner Velivsamim (air y\u00e9m\u00e9nite) &#8211; Ofra Haza (Extracto)<\/a><\/p>\n<p>\u00a0<\/p>\n<p>Por \u00faltimo, hay que se\u00f1alar que las melod\u00edas, y a veces incluso los textos de la poes\u00eda religiosa, var\u00edan seg\u00fan el origen de los fieles. As\u00ed, el piyyut <em>Lekha<\/em> <em>dodi<\/em>, que marca el comienzo del s\u00e1bado, \u00a1se canta en todas las comunidades jud\u00edas con cientos de melod\u00edas diferentes! La m\u00fasica es, entonces, un verdadero marcador de identidad, un elemento de cohesi\u00f3n o, a veces, de discordia cuando el cantor, el rabino o el director de la oraci\u00f3n deciden cambiar la melod\u00eda tradicional de la comunidad sin consultar a los fieles.<\/p>\n<p><a href=\"https:\/\/www.iemj.org\/wp-content\/uploads\/2021\/01\/04_el_adon_gilles_dorai_extrait_.mp3\" target=\"_blank\" rel=\"noopener\"><img decoding=\"async\" class=\"alignleft\" src=\"https:\/\/www.iemj.org\/wp-content\/uploads\/2021\/09\/Fichier-son-IEMJ.jpg\" alt=\"\" width=\"52\" height=\"52\" \/><\/a><a href=\"https:\/\/www.iemj.org\/wp-content\/uploads\/2021\/01\/09_lekha_dodi_pot-pourri_airs_s_farades___itsik_eshel.mp3\">Lekha Dodi (popurr\u00ed melod\u00edas sefard\u00edes) &#8211; Itsik Eshel<\/a><\/p>\n<p>\u00a0<\/p>\n<p><strong>Escuchar:<\/strong><br \/><a href=\"https:\/\/www.iemj.org\/es\/les-chants-de-shabbat-dans-le-rite-ashkenaze-de-louest\/\" target=\"_blank\" rel=\"noopener\">Los cantos de shabat en el rito asquenaz\u00ed del Oeste<\/a><br \/><a href=\"https:\/\/www.iemj.org\/es\/les-chants-de-shabbat-dans-le-rite-marocain\/\" target=\"_blank\" rel=\"noopener\">Los cantos de shabat en el rito marroqu\u00ed<\/a><br \/><a href=\"https:\/\/www.iemj.org\/es\/les-chants-de-shabbat-dans-le-rite-algerien\/\" target=\"_blank\" rel=\"noopener\">Los cantos de shabat en el rito argelino<\/a><br \/><a href=\"https:\/\/www.iemj.org\/es\/les-chants-de-shabbat-dans-les-rites-italiens\/\" target=\"_blank\" rel=\"noopener\">Los cantos de shabat en los ritos italianos<\/a><br \/><a href=\"https:\/\/www.iemj.org\/es\/les-chants-de-shabbat-dans-le-rite-tunisien\/\" target=\"_blank\" rel=\"noopener\">Los cantos de shabat en el rito tunecino<\/a><br \/><a href=\"https:\/\/www.iemj.org\/es\/les-chants-de-shabbat-dans-le-rite-ashkenaze-de-lest\/\" target=\"_blank\" rel=\"noopener\">Los cantos de shabat en el rito asquenaz\u00ed del Este<\/a><br \/><a href=\"https:\/\/www.iemj.org\/es\/les-chants-de-shabbat-dans-les-rites-comtadin-et-portugais\/\" target=\"_blank\" rel=\"noopener\">Los cantos de shabat en los ritos comtad\u00edn y portugu\u00e9s<\/a><br \/><a href=\"https:\/\/www.iemj.org\/es\/les-chants-de-shabbat-hassidiques\/\" target=\"_blank\" rel=\"noopener\">Los cantos de shabat jas\u00eddicos<\/a><br \/><a href=\"https:\/\/www.iemj.org\/es\/les-chants-de-shabbat-dans-le-rite-ethiopien\/\" target=\"_blank\" rel=\"noopener\">Los cantos de shabat en el rito et\u00edope<\/a><\/p>\n<p><a href=\"http:\/\/www.rachelnet.net\/F\/?func=find-c&amp;ccl_term=WMA+%3D+shabbat&amp;local_base=iemcg\">Consultar el cat\u00e1logo de nuestras colecciones y escuchar extractos de cantos de shabat<br \/><\/a><\/p>\n\n\n<h2 class=\"wp-block-heading\"><\/h2>\n\n\n<div class=\"wp-block-image\">\n<figure class=\"aligncenter size-large\"><img loading=\"lazy\" decoding=\"async\" width=\"1024\" height=\"133\" src=\"https:\/\/www.iemj.org\/wp-content\/uploads\/2024\/03\/AUDIO-PLAYER-1024x133.png\" alt=\"\" class=\"wp-image-110610\" srcset=\"https:\/\/www.iemj.org\/wp-content\/uploads\/2024\/03\/AUDIO-PLAYER-1024x133.png 1024w, https:\/\/www.iemj.org\/wp-content\/uploads\/2024\/03\/AUDIO-PLAYER-300x39.png 300w, https:\/\/www.iemj.org\/wp-content\/uploads\/2024\/03\/AUDIO-PLAYER-768x100.png 768w, https:\/\/www.iemj.org\/wp-content\/uploads\/2024\/03\/AUDIO-PLAYER-600x78.png 600w, https:\/\/www.iemj.org\/wp-content\/uploads\/2024\/03\/AUDIO-PLAYER.png 1210w\" sizes=\"(max-width: 1024px) 100vw, 1024px\" \/><\/figure>\n<\/div>\n\n\n<div class=\"wp-block-file\"><a href=\"https:\/\/www.iemj.org\/wp-content\/uploads\/2021\/01\/01_chalom_alechem_benjamin_herv_houzy_extrait_.mp3\">Chalom alechem &#8211; Benjamin Herv\u00e9 Houzy (Extrait)<\/a><\/div>\n\n\n\n<div class=\"wp-block-file\"><a href=\"https:\/\/www.iemj.org\/wp-content\/uploads\/2021\/01\/02_echet_hayil_philippe_darmon_extrait_.mp3\">Echet Hayil &#8211; Philippe Darmon (Extrait)<\/a><\/div>\n\n\n\n<div class=\"wp-block-file\"><a href=\"https:\/\/www.iemj.org\/wp-content\/uploads\/2021\/01\/03_ya_ribon_yehoram_gaon_extrait_.mp3\">Ya ribon &#8211; Yehoram Gaon (Extrait)<\/a><\/div>\n\n\n\n<div class=\"wp-block-file\"><a href=\"https:\/\/www.iemj.org\/wp-content\/uploads\/2021\/01\/04_el_adon_gilles_dorai_extrait_.mp3\">El Adon &#8211; Gilles Dorai (Extrait)<\/a><\/div>\n\n\n\n<div class=\"wp-block-file\"><a href=\"https:\/\/www.iemj.org\/wp-content\/uploads\/2021\/01\/05_deror_yikra_chansons_de_shabbat_extrait_.mp3\">Deror Yikra &#8211; Chansons de Shabbat (Extrait)<\/a><\/div>\n\n\n\n<div class=\"wp-block-file\"><a href=\"https:\/\/www.iemj.org\/wp-content\/uploads\/2021\/01\/06_ki_eshmera_shabbat_ouriel_elbilia_extrait_.mp3\">Ki eshmera shabbat &#8211; Ouriel Elbilia (Extrait)<\/a><\/div>\n\n\n\n<div class=\"wp-block-file\"><a href=\"https:\/\/www.iemj.org\/wp-content\/uploads\/2021\/01\/07_yedid_nefesh_duo_reim_extrait_.mp3\">Yedid nefesh &#8211; Duo Reim (Extrait)<\/a><\/div>\n\n\n\n<div class=\"wp-block-file\"><a href=\"https:\/\/www.iemj.org\/wp-content\/uploads\/2021\/01\/08_laner_velivsamim_air_y_m_nite__ofra_haza_extrait_.mp3\">Laner Velivsamim (air y\u00e9m\u00e9nite) &#8211; Ofra Haza (Extrait)<\/a><\/div>\n\n\n\n<div class=\"wp-block-file\"><a href=\"https:\/\/www.iemj.org\/wp-content\/uploads\/2021\/01\/09_lekha_dodi_pot-pourri_airs_s_farades___itsik_eshel.mp3\">Lekha Dodi (pot-pourri airs sefarades) &#8211; Itsik Eshel<\/a><\/div>\n","protected":false},"excerpt":{"rendered":"<p>El shabat, d\u00eda libre, es una instituci\u00f3n de la vida jud\u00eda. Y las canciones que marcan este d\u00eda especial desempe\u00f1an un papel importante, tanto en la sinagoga como en casa.<\/p>\n","protected":false},"author":1045,"featured_media":68520,"comment_status":"closed","ping_status":"closed","sticky":false,"template":"","format":"standard","meta":{"_acf_changed":false,"footnotes":""},"categories":[1408,1411],"tags":[],"technique":[],"squelettes":[],"sujet":[1854],"formation":[],"genre":[1890],"fonds":[],"tradition":[],"type-de-contenu":[],"interprete-compositeur":[],"frise":[],"type-devenement":[],"tableaux-liens-externes":[],"class_list":["post-68519","post","type-post","status-publish","format-standard","has-post-thumbnail","hentry","category-articulos-de-fondo-es","category-musica-liturgica-es","sujet-shabat-es","genre-liturgia-es"],"acf":[],"yoast_head":"<!-- This site is optimized with the Yoast SEO plugin v27.3 - https:\/\/yoast.com\/product\/yoast-seo-wordpress\/ -->\n<title>Los cantos de shabat - Institut Europ\u00e9en des Musiques Juives<\/title>\n<meta name=\"robots\" content=\"index, follow, max-snippet:-1, max-image-preview:large, max-video-preview:-1\" \/>\n<link rel=\"canonical\" href=\"https:\/\/www.iemj.org\/es\/les-chants-de-shabbat\/\" \/>\n<meta property=\"og:locale\" content=\"es_ES\" \/>\n<meta property=\"og:type\" content=\"article\" \/>\n<meta property=\"og:title\" content=\"Los cantos de shabat - Institut Europ\u00e9en des Musiques Juives\" \/>\n<meta property=\"og:description\" content=\"El shabat, d\u00eda libre, es una instituci\u00f3n de la vida jud\u00eda. Y las canciones que marcan este d\u00eda especial desempe\u00f1an un papel importante, tanto en la sinagoga como en casa.\" \/>\n<meta property=\"og:url\" content=\"https:\/\/www.iemj.org\/es\/les-chants-de-shabbat\/\" \/>\n<meta property=\"og:site_name\" content=\"Institut Europ\u00e9en des Musiques Juives\" \/>\n<meta property=\"article:publisher\" content=\"https:\/\/www.facebook.com\/MusiquesJuives\/\" \/>\n<meta property=\"article:published_time\" content=\"2021-01-13T16:50:04+00:00\" \/>\n<meta property=\"article:modified_time\" content=\"2025-09-10T15:42:27+00:00\" \/>\n<meta property=\"og:image\" content=\"https:\/\/www.iemj.org\/wp-content\/uploads\/2021\/01\/arton4964-e1617183261311.jpg\" \/>\n\t<meta property=\"og:image:width\" content=\"350\" \/>\n\t<meta property=\"og:image:height\" content=\"371\" \/>\n\t<meta property=\"og:image:type\" content=\"image\/jpeg\" \/>\n<meta name=\"author\" content=\"Herv\u00e9 Roten\" \/>\n<meta name=\"twitter:card\" content=\"summary_large_image\" \/>\n<meta name=\"twitter:label1\" content=\"Escrito por\" \/>\n\t<meta name=\"twitter:data1\" content=\"Herv\u00e9 Roten\" \/>\n\t<meta name=\"twitter:label2\" content=\"Tiempo de lectura\" \/>\n\t<meta name=\"twitter:data2\" content=\"7 minutos\" \/>\n<script type=\"application\/ld+json\" class=\"yoast-schema-graph\">{\"@context\":\"https:\\\/\\\/schema.org\",\"@graph\":[{\"@type\":\"Article\",\"@id\":\"https:\\\/\\\/www.iemj.org\\\/es\\\/les-chants-de-shabbat\\\/#article\",\"isPartOf\":{\"@id\":\"https:\\\/\\\/www.iemj.org\\\/es\\\/les-chants-de-shabbat\\\/\"},\"author\":{\"name\":\"Herv\u00e9 Roten\",\"@id\":\"https:\\\/\\\/www.iemj.org\\\/es\\\/#\\\/schema\\\/person\\\/906134402c29d5c76e7b726261dd4bbd\"},\"headline\":\"Los cantos de shabat\",\"datePublished\":\"2021-01-13T16:50:04+00:00\",\"dateModified\":\"2025-09-10T15:42:27+00:00\",\"mainEntityOfPage\":{\"@id\":\"https:\\\/\\\/www.iemj.org\\\/es\\\/les-chants-de-shabbat\\\/\"},\"wordCount\":883,\"publisher\":{\"@id\":\"https:\\\/\\\/www.iemj.org\\\/es\\\/#organization\"},\"image\":{\"@id\":\"https:\\\/\\\/www.iemj.org\\\/es\\\/les-chants-de-shabbat\\\/#primaryimage\"},\"thumbnailUrl\":\"https:\\\/\\\/www.iemj.org\\\/wp-content\\\/uploads\\\/2021\\\/01\\\/arton4964-e1617183261311.jpg\",\"articleSection\":[\"Art\u00edculos de fondo\",\"M\u00fasica lit\u00fargica\"],\"inLanguage\":\"es\"},{\"@type\":\"WebPage\",\"@id\":\"https:\\\/\\\/www.iemj.org\\\/es\\\/les-chants-de-shabbat\\\/\",\"url\":\"https:\\\/\\\/www.iemj.org\\\/es\\\/les-chants-de-shabbat\\\/\",\"name\":\"Los cantos de shabat - Institut Europ\u00e9en des Musiques Juives\",\"isPartOf\":{\"@id\":\"https:\\\/\\\/www.iemj.org\\\/es\\\/#website\"},\"primaryImageOfPage\":{\"@id\":\"https:\\\/\\\/www.iemj.org\\\/es\\\/les-chants-de-shabbat\\\/#primaryimage\"},\"image\":{\"@id\":\"https:\\\/\\\/www.iemj.org\\\/es\\\/les-chants-de-shabbat\\\/#primaryimage\"},\"thumbnailUrl\":\"https:\\\/\\\/www.iemj.org\\\/wp-content\\\/uploads\\\/2021\\\/01\\\/arton4964-e1617183261311.jpg\",\"datePublished\":\"2021-01-13T16:50:04+00:00\",\"dateModified\":\"2025-09-10T15:42:27+00:00\",\"breadcrumb\":{\"@id\":\"https:\\\/\\\/www.iemj.org\\\/es\\\/les-chants-de-shabbat\\\/#breadcrumb\"},\"inLanguage\":\"es\",\"potentialAction\":[{\"@type\":\"ReadAction\",\"target\":[\"https:\\\/\\\/www.iemj.org\\\/es\\\/les-chants-de-shabbat\\\/\"]}]},{\"@type\":\"ImageObject\",\"inLanguage\":\"es\",\"@id\":\"https:\\\/\\\/www.iemj.org\\\/es\\\/les-chants-de-shabbat\\\/#primaryimage\",\"url\":\"https:\\\/\\\/www.iemj.org\\\/wp-content\\\/uploads\\\/2021\\\/01\\\/arton4964-e1617183261311.jpg\",\"contentUrl\":\"https:\\\/\\\/www.iemj.org\\\/wp-content\\\/uploads\\\/2021\\\/01\\\/arton4964-e1617183261311.jpg\",\"width\":350,\"height\":371},{\"@type\":\"BreadcrumbList\",\"@id\":\"https:\\\/\\\/www.iemj.org\\\/es\\\/les-chants-de-shabbat\\\/#breadcrumb\",\"itemListElement\":[{\"@type\":\"ListItem\",\"position\":1,\"name\":\"Accueil\",\"item\":\"https:\\\/\\\/www.iemj.org\\\/es\\\/\"},{\"@type\":\"ListItem\",\"position\":2,\"name\":\"Los cantos de shabat\"}]},{\"@type\":\"WebSite\",\"@id\":\"https:\\\/\\\/www.iemj.org\\\/es\\\/#website\",\"url\":\"https:\\\/\\\/www.iemj.org\\\/es\\\/\",\"name\":\"Institut Europ\u00e9en des Musiques Juives\",\"description\":\"Des traditions musicales \u00e0 la port\u00e9e de tous\",\"publisher\":{\"@id\":\"https:\\\/\\\/www.iemj.org\\\/es\\\/#organization\"},\"potentialAction\":[{\"@type\":\"SearchAction\",\"target\":{\"@type\":\"EntryPoint\",\"urlTemplate\":\"https:\\\/\\\/www.iemj.org\\\/es\\\/?s={search_term_string}\"},\"query-input\":{\"@type\":\"PropertyValueSpecification\",\"valueRequired\":true,\"valueName\":\"search_term_string\"}}],\"inLanguage\":\"es\"},{\"@type\":\"Organization\",\"@id\":\"https:\\\/\\\/www.iemj.org\\\/es\\\/#organization\",\"name\":\"Institut Europ\u00e9en des Musiques Juives\",\"url\":\"https:\\\/\\\/www.iemj.org\\\/es\\\/\",\"logo\":{\"@type\":\"ImageObject\",\"inLanguage\":\"es\",\"@id\":\"https:\\\/\\\/www.iemj.org\\\/es\\\/#\\\/schema\\\/logo\\\/image\\\/\",\"url\":\"https:\\\/\\\/www.iemj.org\\\/wp-content\\\/uploads\\\/2021\\\/09\\\/Logo-IEMJ-Paypal.jpg\",\"contentUrl\":\"https:\\\/\\\/www.iemj.org\\\/wp-content\\\/uploads\\\/2021\\\/09\\\/Logo-IEMJ-Paypal.jpg\",\"width\":150,\"height\":50,\"caption\":\"Institut Europ\u00e9en des Musiques Juives\"},\"image\":{\"@id\":\"https:\\\/\\\/www.iemj.org\\\/es\\\/#\\\/schema\\\/logo\\\/image\\\/\"},\"sameAs\":[\"https:\\\/\\\/www.facebook.com\\\/MusiquesJuives\\\/\",\"https:\\\/\\\/www.instagram.com\\\/musiquesjuives\\\/\",\"https:\\\/\\\/www.youtube.com\\\/user\\\/musiquesjuives\"]},{\"@type\":\"Person\",\"@id\":\"https:\\\/\\\/www.iemj.org\\\/es\\\/#\\\/schema\\\/person\\\/906134402c29d5c76e7b726261dd4bbd\",\"name\":\"Herv\u00e9 Roten\",\"image\":{\"@type\":\"ImageObject\",\"inLanguage\":\"es\",\"@id\":\"https:\\\/\\\/secure.gravatar.com\\\/avatar\\\/f96ad2db538a26481f18384936b5cd0610c92d390c4dc382209216d455f685ff?s=96&d=mm&r=g\",\"url\":\"https:\\\/\\\/secure.gravatar.com\\\/avatar\\\/f96ad2db538a26481f18384936b5cd0610c92d390c4dc382209216d455f685ff?s=96&d=mm&r=g\",\"contentUrl\":\"https:\\\/\\\/secure.gravatar.com\\\/avatar\\\/f96ad2db538a26481f18384936b5cd0610c92d390c4dc382209216d455f685ff?s=96&d=mm&r=g\",\"caption\":\"Herv\u00e9 Roten\"}}]}<\/script>\n<!-- \/ Yoast SEO plugin. -->","yoast_head_json":{"title":"Los cantos de shabat - Institut Europ\u00e9en des Musiques Juives","robots":{"index":"index","follow":"follow","max-snippet":"max-snippet:-1","max-image-preview":"max-image-preview:large","max-video-preview":"max-video-preview:-1"},"canonical":"https:\/\/www.iemj.org\/es\/les-chants-de-shabbat\/","og_locale":"es_ES","og_type":"article","og_title":"Los cantos de shabat - Institut Europ\u00e9en des Musiques Juives","og_description":"El shabat, d\u00eda libre, es una instituci\u00f3n de la vida jud\u00eda. Y las canciones que marcan este d\u00eda especial desempe\u00f1an un papel importante, tanto en la sinagoga como en casa.","og_url":"https:\/\/www.iemj.org\/es\/les-chants-de-shabbat\/","og_site_name":"Institut Europ\u00e9en des Musiques Juives","article_publisher":"https:\/\/www.facebook.com\/MusiquesJuives\/","article_published_time":"2021-01-13T16:50:04+00:00","article_modified_time":"2025-09-10T15:42:27+00:00","og_image":[{"width":350,"height":371,"url":"https:\/\/www.iemj.org\/wp-content\/uploads\/2021\/01\/arton4964-e1617183261311.jpg","type":"image\/jpeg"}],"author":"Herv\u00e9 Roten","twitter_card":"summary_large_image","twitter_misc":{"Escrito por":"Herv\u00e9 Roten","Tiempo de lectura":"7 minutos"},"schema":{"@context":"https:\/\/schema.org","@graph":[{"@type":"Article","@id":"https:\/\/www.iemj.org\/es\/les-chants-de-shabbat\/#article","isPartOf":{"@id":"https:\/\/www.iemj.org\/es\/les-chants-de-shabbat\/"},"author":{"name":"Herv\u00e9 Roten","@id":"https:\/\/www.iemj.org\/es\/#\/schema\/person\/906134402c29d5c76e7b726261dd4bbd"},"headline":"Los cantos de shabat","datePublished":"2021-01-13T16:50:04+00:00","dateModified":"2025-09-10T15:42:27+00:00","mainEntityOfPage":{"@id":"https:\/\/www.iemj.org\/es\/les-chants-de-shabbat\/"},"wordCount":883,"publisher":{"@id":"https:\/\/www.iemj.org\/es\/#organization"},"image":{"@id":"https:\/\/www.iemj.org\/es\/les-chants-de-shabbat\/#primaryimage"},"thumbnailUrl":"https:\/\/www.iemj.org\/wp-content\/uploads\/2021\/01\/arton4964-e1617183261311.jpg","articleSection":["Art\u00edculos de fondo","M\u00fasica lit\u00fargica"],"inLanguage":"es"},{"@type":"WebPage","@id":"https:\/\/www.iemj.org\/es\/les-chants-de-shabbat\/","url":"https:\/\/www.iemj.org\/es\/les-chants-de-shabbat\/","name":"Los cantos de shabat - Institut Europ\u00e9en des Musiques Juives","isPartOf":{"@id":"https:\/\/www.iemj.org\/es\/#website"},"primaryImageOfPage":{"@id":"https:\/\/www.iemj.org\/es\/les-chants-de-shabbat\/#primaryimage"},"image":{"@id":"https:\/\/www.iemj.org\/es\/les-chants-de-shabbat\/#primaryimage"},"thumbnailUrl":"https:\/\/www.iemj.org\/wp-content\/uploads\/2021\/01\/arton4964-e1617183261311.jpg","datePublished":"2021-01-13T16:50:04+00:00","dateModified":"2025-09-10T15:42:27+00:00","breadcrumb":{"@id":"https:\/\/www.iemj.org\/es\/les-chants-de-shabbat\/#breadcrumb"},"inLanguage":"es","potentialAction":[{"@type":"ReadAction","target":["https:\/\/www.iemj.org\/es\/les-chants-de-shabbat\/"]}]},{"@type":"ImageObject","inLanguage":"es","@id":"https:\/\/www.iemj.org\/es\/les-chants-de-shabbat\/#primaryimage","url":"https:\/\/www.iemj.org\/wp-content\/uploads\/2021\/01\/arton4964-e1617183261311.jpg","contentUrl":"https:\/\/www.iemj.org\/wp-content\/uploads\/2021\/01\/arton4964-e1617183261311.jpg","width":350,"height":371},{"@type":"BreadcrumbList","@id":"https:\/\/www.iemj.org\/es\/les-chants-de-shabbat\/#breadcrumb","itemListElement":[{"@type":"ListItem","position":1,"name":"Accueil","item":"https:\/\/www.iemj.org\/es\/"},{"@type":"ListItem","position":2,"name":"Los cantos de shabat"}]},{"@type":"WebSite","@id":"https:\/\/www.iemj.org\/es\/#website","url":"https:\/\/www.iemj.org\/es\/","name":"Institut Europ\u00e9en des Musiques Juives","description":"Des traditions musicales \u00e0 la port\u00e9e de tous","publisher":{"@id":"https:\/\/www.iemj.org\/es\/#organization"},"potentialAction":[{"@type":"SearchAction","target":{"@type":"EntryPoint","urlTemplate":"https:\/\/www.iemj.org\/es\/?s={search_term_string}"},"query-input":{"@type":"PropertyValueSpecification","valueRequired":true,"valueName":"search_term_string"}}],"inLanguage":"es"},{"@type":"Organization","@id":"https:\/\/www.iemj.org\/es\/#organization","name":"Institut Europ\u00e9en des Musiques Juives","url":"https:\/\/www.iemj.org\/es\/","logo":{"@type":"ImageObject","inLanguage":"es","@id":"https:\/\/www.iemj.org\/es\/#\/schema\/logo\/image\/","url":"https:\/\/www.iemj.org\/wp-content\/uploads\/2021\/09\/Logo-IEMJ-Paypal.jpg","contentUrl":"https:\/\/www.iemj.org\/wp-content\/uploads\/2021\/09\/Logo-IEMJ-Paypal.jpg","width":150,"height":50,"caption":"Institut Europ\u00e9en des Musiques Juives"},"image":{"@id":"https:\/\/www.iemj.org\/es\/#\/schema\/logo\/image\/"},"sameAs":["https:\/\/www.facebook.com\/MusiquesJuives\/","https:\/\/www.instagram.com\/musiquesjuives\/","https:\/\/www.youtube.com\/user\/musiquesjuives"]},{"@type":"Person","@id":"https:\/\/www.iemj.org\/es\/#\/schema\/person\/906134402c29d5c76e7b726261dd4bbd","name":"Herv\u00e9 Roten","image":{"@type":"ImageObject","inLanguage":"es","@id":"https:\/\/secure.gravatar.com\/avatar\/f96ad2db538a26481f18384936b5cd0610c92d390c4dc382209216d455f685ff?s=96&d=mm&r=g","url":"https:\/\/secure.gravatar.com\/avatar\/f96ad2db538a26481f18384936b5cd0610c92d390c4dc382209216d455f685ff?s=96&d=mm&r=g","contentUrl":"https:\/\/secure.gravatar.com\/avatar\/f96ad2db538a26481f18384936b5cd0610c92d390c4dc382209216d455f685ff?s=96&d=mm&r=g","caption":"Herv\u00e9 Roten"}}]}},"_links":{"self":[{"href":"https:\/\/www.iemj.org\/es\/wp-json\/wp\/v2\/posts\/68519","targetHints":{"allow":["GET"]}}],"collection":[{"href":"https:\/\/www.iemj.org\/es\/wp-json\/wp\/v2\/posts"}],"about":[{"href":"https:\/\/www.iemj.org\/es\/wp-json\/wp\/v2\/types\/post"}],"author":[{"embeddable":true,"href":"https:\/\/www.iemj.org\/es\/wp-json\/wp\/v2\/users\/1045"}],"replies":[{"embeddable":true,"href":"https:\/\/www.iemj.org\/es\/wp-json\/wp\/v2\/comments?post=68519"}],"version-history":[{"count":0,"href":"https:\/\/www.iemj.org\/es\/wp-json\/wp\/v2\/posts\/68519\/revisions"}],"wp:featuredmedia":[{"embeddable":true,"href":"https:\/\/www.iemj.org\/es\/wp-json\/wp\/v2\/media\/68520"}],"wp:attachment":[{"href":"https:\/\/www.iemj.org\/es\/wp-json\/wp\/v2\/media?parent=68519"}],"wp:term":[{"taxonomy":"category","embeddable":true,"href":"https:\/\/www.iemj.org\/es\/wp-json\/wp\/v2\/categories?post=68519"},{"taxonomy":"post_tag","embeddable":true,"href":"https:\/\/www.iemj.org\/es\/wp-json\/wp\/v2\/tags?post=68519"},{"taxonomy":"technique","embeddable":true,"href":"https:\/\/www.iemj.org\/es\/wp-json\/wp\/v2\/technique?post=68519"},{"taxonomy":"squelettes","embeddable":true,"href":"https:\/\/www.iemj.org\/es\/wp-json\/wp\/v2\/squelettes?post=68519"},{"taxonomy":"sujet","embeddable":true,"href":"https:\/\/www.iemj.org\/es\/wp-json\/wp\/v2\/sujet?post=68519"},{"taxonomy":"formation","embeddable":true,"href":"https:\/\/www.iemj.org\/es\/wp-json\/wp\/v2\/formation?post=68519"},{"taxonomy":"genre","embeddable":true,"href":"https:\/\/www.iemj.org\/es\/wp-json\/wp\/v2\/genre?post=68519"},{"taxonomy":"fonds","embeddable":true,"href":"https:\/\/www.iemj.org\/es\/wp-json\/wp\/v2\/fonds?post=68519"},{"taxonomy":"tradition","embeddable":true,"href":"https:\/\/www.iemj.org\/es\/wp-json\/wp\/v2\/tradition?post=68519"},{"taxonomy":"type-de-contenu","embeddable":true,"href":"https:\/\/www.iemj.org\/es\/wp-json\/wp\/v2\/type-de-contenu?post=68519"},{"taxonomy":"interprete-compositeur","embeddable":true,"href":"https:\/\/www.iemj.org\/es\/wp-json\/wp\/v2\/interprete-compositeur?post=68519"},{"taxonomy":"frise","embeddable":true,"href":"https:\/\/www.iemj.org\/es\/wp-json\/wp\/v2\/frise?post=68519"},{"taxonomy":"type-devenement","embeddable":true,"href":"https:\/\/www.iemj.org\/es\/wp-json\/wp\/v2\/type-devenement?post=68519"},{"taxonomy":"tableaux-liens-externes","embeddable":true,"href":"https:\/\/www.iemj.org\/es\/wp-json\/wp\/v2\/tableaux-liens-externes?post=68519"}],"curies":[{"name":"wp","href":"https:\/\/api.w.org\/{rel}","templated":true}]}}