{"id":68553,"date":"2021-02-17T11:37:52","date_gmt":"2021-02-17T10:37:52","guid":{"rendered":"https:\/\/www.iemj.org\/les-chants-de-shabbat-hassidiques\/"},"modified":"2024-02-15T17:33:26","modified_gmt":"2024-02-15T16:33:26","slug":"les-chants-de-shabbat-hassidiques","status":"publish","type":"post","link":"https:\/\/www.iemj.org\/es\/les-chants-de-shabbat-hassidiques\/","title":{"rendered":"Los cantos de shabat jas\u00eddicos"},"content":{"rendered":"<p><strong>Una selecci\u00f3n de cantos de Shabat de las diferentes dinast\u00edas jas\u00eddicas (Gur, Loubavitch, Bratslav&#8230;) junto a interpretaciones m\u00e1s contempor\u00e1neas de Shlomo Carlebach, Mordechai Ben David, Avraham Fried o Yaakov Shwekey<\/strong><\/p>\n<p><!--more--><\/p>\n<p>El shabat, d\u00eda libre, es una instituci\u00f3n de la vida jud\u00eda. Y los cantos que dan el ritmo en este d\u00eda particular, tiente un lugar importante, tan en la sinagoga con los cinco oficios de <em>Kabbalat shabbat <\/em>a <em>Motsei shabbat<\/em>, como en la casa con los rituales de encendido de las velas, el <em>Kiddoush<\/em> (bendici\u00f3n del vino) del viernes por la noche, el <a href=\"https:\/\/es.wikipedia.org\/wiki\/Birkat_Hamaz%C3%B3n\" target=\"_blank\" rel=\"noopener\"><em>Birkat hamazone<\/em><\/a> (acci\u00f3n de gracia al fin de la comida), o la <em><a href=\"https:\/\/es.wikipedia.org\/wiki\/Havdalah\" target=\"_blank\" rel=\"noopener\">Havdala<\/a><\/em> (\u00faltimo <em>Kiddoush<\/em> cerrando el shabat). Es tambi\u00e9n de costumbre cantar, durante cuatro comidas de shabat, numerosas poes\u00edas religiosas llamadas <em>Zemirot <\/em>(o <em>Tish nigunim<\/em> en el jas\u00eddismo).<\/p>\n<p>El shabat permite as\u00ed buscar su voz interior a trav\u00e9s de su voz exterior.<\/p>\n<p>La siguiente lista de reproducci\u00f3n presenta una selecci\u00f3n de oraciones y nigunim (melod\u00edas) de Shabat de todo el mundo donde se ha extendido el movimiento m\u00edstico jas\u00eddico desde su creaci\u00f3n en Podolia a la mitad del siglo XVIII por Israel ben Eliezer Baal Shem Tov. Las melod\u00edas jas\u00eddicas son generalmente f\u00e1ciles de memorizar, como es el caso de nuestra lista de reproducci\u00f3n, que incluye melod\u00edas tradicionales de las diferentes dinast\u00edas jas\u00eddicas (Gur, Loubavitch, Bratslav&#8230;) junto a interpretaciones m\u00e1s contempor\u00e1neas de <a href=\"https:\/\/en.wikipedia.org\/wiki\/Shlomo_Carlebach_(musician)\" target=\"_blank\" rel=\"noopener\">Shlomo Carlebach<\/a>, <a href=\"https:\/\/en.wikipedia.org\/wiki\/Mordechai_Ben_David\" target=\"_blank\" rel=\"noopener\">Mordechai Ben David<\/a>, <a href=\"https:\/\/www.iemj.org\/en\/fried-avraham-1959\/\" target=\"_blank\" rel=\"noopener\">Avraham Fried<\/a> o <a href=\"https:\/\/en.wikipedia.org\/wiki\/Shwekey\" target=\"_blank\" rel=\"noopener\">Yaakov Shwekey<\/a>&#8230;<\/p>\n<p><a href=\"https:\/\/www.iemj.org\/es\/les-chants-de-shabbat\/\">Leer el art\u00edculo en los cantos de shabat<\/a><br \/><a href=\"https:\/\/www.iemj.org\/es\/le-hassidisme-et-ses-musiques\/\" target=\"_blank\" rel=\"noopener\">Leer el art\u00edculo en El jas\u00eddismo y sus m\u00fasicas<\/a><br \/><a href=\"https:\/\/www.iemj.org\/es\/?s=hassidique\" target=\"_blank\" rel=\"noopener\">Profundizar el sujeto y escuchar otras m\u00fasicas jas\u00eddicas<\/a><\/p>\n\n\n<figure class=\"wp-block-image size-large\"><img fetchpriority=\"high\" decoding=\"async\" width=\"1024\" height=\"146\" src=\"https:\/\/www.iemj.org\/wp-content\/uploads\/2023\/01\/Bandeau-Playlist_ES2-1024x146.jpg\" alt=\"\" class=\"wp-image-93117\" srcset=\"https:\/\/www.iemj.org\/wp-content\/uploads\/2023\/01\/Bandeau-Playlist_ES2-1024x146.jpg 1024w, https:\/\/www.iemj.org\/wp-content\/uploads\/2023\/01\/Bandeau-Playlist_ES2-300x43.jpg 300w, https:\/\/www.iemj.org\/wp-content\/uploads\/2023\/01\/Bandeau-Playlist_ES2-768x110.jpg 768w, https:\/\/www.iemj.org\/wp-content\/uploads\/2023\/01\/Bandeau-Playlist_ES2-1536x220.jpg 1536w, https:\/\/www.iemj.org\/wp-content\/uploads\/2023\/01\/Bandeau-Playlist_ES2-600x86.jpg 600w, https:\/\/www.iemj.org\/wp-content\/uploads\/2023\/01\/Bandeau-Playlist_ES2.jpg 1608w\" sizes=\"(max-width: 1024px) 100vw, 1024px\" \/><\/figure>\n\n\n\n<div class=\"wp-block-file\"><a id=\"wp-block-file--media-10c9cd93-dee5-4f99-bc98-a240b80d20e2\" href=\"https:\/\/www.iemj.org\/wp-content\/uploads\/2021\/02\/01_shalom_aleicheim_mordechai_ben_david_extrait_.mp3\">Shalom Aleicheim &#8211; Mordechai Ben David (Extrait)<\/a><\/div>\n\n\n\n<div class=\"wp-block-file\"><a id=\"wp-block-file--media-6addd462-3908-4148-9c71-516fd0813db7\" href=\"https:\/\/www.iemj.org\/wp-content\/uploads\/2021\/02\/02_vetaher_libbenu_effi_netzer_singers.mp3\">Vetaher Libbenu &#8211; Effi Netzer Singers<\/a><\/div>\n\n\n\n<div class=\"wp-block-file\"><a id=\"wp-block-file--media-78f23e5e-dbb8-49a4-b60f-f2ee011810bf\" href=\"https:\/\/www.iemj.org\/wp-content\/uploads\/2021\/02\/03_uveyom_hashabat_effi_netzer_singers.mp3\">Uveyom hashabat &#8211; Effi Netzer Singers<\/a><\/div>\n\n\n\n<div class=\"wp-block-file\"><a id=\"wp-block-file--media-d21c69ef-11b0-489b-a3d5-ff3afb7450e5\" href=\"https:\/\/www.iemj.org\/wp-content\/uploads\/2021\/02\/04_lecha_dodi_hasidic_tune__nira_rabinovitz.mp3\">Lecha Dodi (Hasidic tune) &#8211; Nira Rabinovitz<\/a><\/div>\n\n\n\n<div class=\"wp-block-file\"><a id=\"wp-block-file--media-1c65c9ff-154f-4a33-9cf3-acaec2513531\" href=\"https:\/\/www.iemj.org\/wp-content\/uploads\/2021\/02\/05_sabbath-festival_nigun_loubavitch_extrait_.mp3\">Sabbath festival nigun (Loubavitch) (Extrait) <\/a><\/div>\n\n\n\n<div class=\"wp-block-file\"><a id=\"wp-block-file--media-f4210875-f338-4c4e-8e55-ce037cd93ec3\" href=\"https:\/\/www.iemj.org\/wp-content\/uploads\/2021\/02\/06_shabbos_kodsheinu_rebbe_nachman_s_songs_extrait_.mp3\">Shabbos kodsheinu &#8211; Rebbe Nachman&#8217;s Songs (Extrait)<\/a><\/div>\n\n\n\n<div class=\"wp-block-file\"><a id=\"wp-block-file--media-9fbd9a01-29c5-48da-89fa-55d7decc7e48\" href=\"https:\/\/www.iemj.org\/wp-content\/uploads\/2021\/02\/07_march_tune_for_lekhah_dodi_gur_hasidim_choir_extrait_.mp3\">March Tune for Lekhah Dodi &#8211; Gur Hasidim choir (Extrait)<\/a><\/div>\n\n\n\n<div class=\"wp-block-file\"><a id=\"wp-block-file--media-910a12e8-594b-45ec-9caa-010afd028421\" href=\"https:\/\/www.iemj.org\/wp-content\/uploads\/2021\/02\/08_rejoicing_niggun_for_deror_yiqera_avrohom_weingarten.mp3\">Rejoicing Niggun for Deror Yiqera &#8211; Avrohom Weingarten<\/a><\/div>\n\n\n\n<div class=\"wp-block-file\"><a id=\"wp-block-file--media-c08018cd-dc13-42f7-961f-da85199d5a3e\" href=\"https:\/\/www.iemj.org\/wp-content\/uploads\/2021\/02\/09_eshes_chayil_carlebach_shlomo_extrait_.mp3\">Eshes Chayil &#8211; Carlebach Shlomo (Extrait)<\/a><\/div>\n\n\n\n<div class=\"wp-block-file\"><a id=\"wp-block-file--media-82a62bbf-4f58-4df3-a603-badee2db59b5\" href=\"https:\/\/www.iemj.org\/wp-content\/uploads\/2021\/02\/10_yedid_nefesh_yaakov_shwekey_extrait_.mp3\">Yedid Nefesh &#8211; Yaakov Shwekey (Extrait)<\/a><\/div>\n\n\n\n<div class=\"wp-block-file\"><a id=\"wp-block-file--media-c17c6923-91b7-4a61-8a5e-a3f5414e4ccc\" href=\"https:\/\/www.iemj.org\/wp-content\/uploads\/2021\/02\/11_keil_adon_mordechai_ben_david.mp3\">Keil Adon &#8211; Mordechai Ben David<\/a><\/div>\n\n\n\n<div class=\"wp-block-file\"><a id=\"wp-block-file--media-00356ce4-80b4-4bd3-9b71-ba55a652de3e\" href=\"https:\/\/www.iemj.org\/wp-content\/uploads\/2021\/02\/12_koh_ribon_avraham_fried_extrait_.mp3\">Koh Ribon &#8211; Avraham Fried (Extrait)<\/a><\/div>\n","protected":false},"excerpt":{"rendered":"<p>Una selecci\u00f3n de cantos de Shabat de las diferentes dinast\u00edas jas\u00eddicas (Gur, Loubavitch, Bratslav&#8230;) junto a interpretaciones m\u00e1s contempor\u00e1neas de Shlomo Carlebach, Mordechai Ben David, Avraham Fried o Yaakov Shwekey<\/p>\n","protected":false},"author":1045,"featured_media":68554,"comment_status":"closed","ping_status":"closed","sticky":false,"template":"","format":"standard","meta":{"_acf_changed":false,"footnotes":""},"categories":[1535],"tags":[],"technique":[],"squelettes":[],"sujet":[1854],"formation":[],"genre":[1890],"fonds":[],"tradition":[],"type-de-contenu":[],"interprete-compositeur":[],"frise":[],"type-devenement":[],"tableaux-liens-externes":[],"class_list":["post-68553","post","type-post","status-publish","format-standard","has-post-thumbnail","hentry","category-listas-de-reproduccion-es","sujet-shabat-es","genre-liturgia-es"],"acf":[],"yoast_head":"<!-- This site is optimized with the Yoast SEO plugin v27.3 - https:\/\/yoast.com\/product\/yoast-seo-wordpress\/ -->\n<title>Los cantos de shabat jas\u00eddicos - Institut Europ\u00e9en des Musiques Juives<\/title>\n<meta name=\"robots\" content=\"index, follow, max-snippet:-1, max-image-preview:large, max-video-preview:-1\" \/>\n<link rel=\"canonical\" href=\"https:\/\/www.iemj.org\/es\/les-chants-de-shabbat-hassidiques\/\" \/>\n<meta property=\"og:locale\" content=\"es_ES\" \/>\n<meta property=\"og:type\" content=\"article\" \/>\n<meta property=\"og:title\" content=\"Los cantos de shabat jas\u00eddicos - Institut Europ\u00e9en des Musiques Juives\" \/>\n<meta property=\"og:description\" content=\"Una selecci\u00f3n de cantos de Shabat de las diferentes dinast\u00edas jas\u00eddicas (Gur, Loubavitch, Bratslav&#8230;) junto a interpretaciones m\u00e1s contempor\u00e1neas de Shlomo Carlebach, Mordechai Ben David, Avraham Fried o Yaakov Shwekey\" \/>\n<meta property=\"og:url\" content=\"https:\/\/www.iemj.org\/es\/les-chants-de-shabbat-hassidiques\/\" \/>\n<meta property=\"og:site_name\" content=\"Institut Europ\u00e9en des Musiques Juives\" \/>\n<meta property=\"article:publisher\" content=\"https:\/\/www.facebook.com\/MusiquesJuives\/\" \/>\n<meta property=\"article:published_time\" content=\"2021-02-17T10:37:52+00:00\" \/>\n<meta property=\"article:modified_time\" content=\"2024-02-15T16:33:26+00:00\" \/>\n<meta property=\"og:image\" content=\"https:\/\/www.iemj.org\/wp-content\/uploads\/2021\/02\/arton5028-e1618484302778.jpg\" \/>\n\t<meta property=\"og:image:width\" content=\"350\" \/>\n\t<meta property=\"og:image:height\" content=\"350\" \/>\n\t<meta property=\"og:image:type\" content=\"image\/jpeg\" \/>\n<meta name=\"author\" content=\"Herv\u00e9 Roten\" \/>\n<meta name=\"twitter:card\" content=\"summary_large_image\" \/>\n<meta name=\"twitter:label1\" content=\"Escrito por\" \/>\n\t<meta name=\"twitter:data1\" content=\"Herv\u00e9 Roten\" \/>\n\t<meta name=\"twitter:label2\" content=\"Tiempo de lectura\" \/>\n\t<meta name=\"twitter:data2\" content=\"3 minutos\" \/>\n<script type=\"application\/ld+json\" class=\"yoast-schema-graph\">{\"@context\":\"https:\\\/\\\/schema.org\",\"@graph\":[{\"@type\":\"Article\",\"@id\":\"https:\\\/\\\/www.iemj.org\\\/es\\\/les-chants-de-shabbat-hassidiques\\\/#article\",\"isPartOf\":{\"@id\":\"https:\\\/\\\/www.iemj.org\\\/es\\\/les-chants-de-shabbat-hassidiques\\\/\"},\"author\":{\"name\":\"Herv\u00e9 Roten\",\"@id\":\"https:\\\/\\\/www.iemj.org\\\/es\\\/#\\\/schema\\\/person\\\/906134402c29d5c76e7b726261dd4bbd\"},\"headline\":\"Los cantos de shabat jas\u00eddicos\",\"datePublished\":\"2021-02-17T10:37:52+00:00\",\"dateModified\":\"2024-02-15T16:33:26+00:00\",\"mainEntityOfPage\":{\"@id\":\"https:\\\/\\\/www.iemj.org\\\/es\\\/les-chants-de-shabbat-hassidiques\\\/\"},\"wordCount\":384,\"publisher\":{\"@id\":\"https:\\\/\\\/www.iemj.org\\\/es\\\/#organization\"},\"image\":{\"@id\":\"https:\\\/\\\/www.iemj.org\\\/es\\\/les-chants-de-shabbat-hassidiques\\\/#primaryimage\"},\"thumbnailUrl\":\"https:\\\/\\\/www.iemj.org\\\/wp-content\\\/uploads\\\/2021\\\/02\\\/arton5028-e1618484302778.jpg\",\"articleSection\":[\"Listas de reproducci\u00f3n\"],\"inLanguage\":\"es\"},{\"@type\":\"WebPage\",\"@id\":\"https:\\\/\\\/www.iemj.org\\\/es\\\/les-chants-de-shabbat-hassidiques\\\/\",\"url\":\"https:\\\/\\\/www.iemj.org\\\/es\\\/les-chants-de-shabbat-hassidiques\\\/\",\"name\":\"Los cantos de shabat jas\u00eddicos - Institut Europ\u00e9en des Musiques Juives\",\"isPartOf\":{\"@id\":\"https:\\\/\\\/www.iemj.org\\\/es\\\/#website\"},\"primaryImageOfPage\":{\"@id\":\"https:\\\/\\\/www.iemj.org\\\/es\\\/les-chants-de-shabbat-hassidiques\\\/#primaryimage\"},\"image\":{\"@id\":\"https:\\\/\\\/www.iemj.org\\\/es\\\/les-chants-de-shabbat-hassidiques\\\/#primaryimage\"},\"thumbnailUrl\":\"https:\\\/\\\/www.iemj.org\\\/wp-content\\\/uploads\\\/2021\\\/02\\\/arton5028-e1618484302778.jpg\",\"datePublished\":\"2021-02-17T10:37:52+00:00\",\"dateModified\":\"2024-02-15T16:33:26+00:00\",\"breadcrumb\":{\"@id\":\"https:\\\/\\\/www.iemj.org\\\/es\\\/les-chants-de-shabbat-hassidiques\\\/#breadcrumb\"},\"inLanguage\":\"es\",\"potentialAction\":[{\"@type\":\"ReadAction\",\"target\":[\"https:\\\/\\\/www.iemj.org\\\/es\\\/les-chants-de-shabbat-hassidiques\\\/\"]}]},{\"@type\":\"ImageObject\",\"inLanguage\":\"es\",\"@id\":\"https:\\\/\\\/www.iemj.org\\\/es\\\/les-chants-de-shabbat-hassidiques\\\/#primaryimage\",\"url\":\"https:\\\/\\\/www.iemj.org\\\/wp-content\\\/uploads\\\/2021\\\/02\\\/arton5028-e1618484302778.jpg\",\"contentUrl\":\"https:\\\/\\\/www.iemj.org\\\/wp-content\\\/uploads\\\/2021\\\/02\\\/arton5028-e1618484302778.jpg\",\"width\":350,\"height\":350},{\"@type\":\"BreadcrumbList\",\"@id\":\"https:\\\/\\\/www.iemj.org\\\/es\\\/les-chants-de-shabbat-hassidiques\\\/#breadcrumb\",\"itemListElement\":[{\"@type\":\"ListItem\",\"position\":1,\"name\":\"Accueil\",\"item\":\"https:\\\/\\\/www.iemj.org\\\/es\\\/\"},{\"@type\":\"ListItem\",\"position\":2,\"name\":\"Los cantos de shabat jas\u00eddicos\"}]},{\"@type\":\"WebSite\",\"@id\":\"https:\\\/\\\/www.iemj.org\\\/es\\\/#website\",\"url\":\"https:\\\/\\\/www.iemj.org\\\/es\\\/\",\"name\":\"Institut Europ\u00e9en des Musiques Juives\",\"description\":\"Des traditions musicales \u00e0 la port\u00e9e de tous\",\"publisher\":{\"@id\":\"https:\\\/\\\/www.iemj.org\\\/es\\\/#organization\"},\"potentialAction\":[{\"@type\":\"SearchAction\",\"target\":{\"@type\":\"EntryPoint\",\"urlTemplate\":\"https:\\\/\\\/www.iemj.org\\\/es\\\/?s={search_term_string}\"},\"query-input\":{\"@type\":\"PropertyValueSpecification\",\"valueRequired\":true,\"valueName\":\"search_term_string\"}}],\"inLanguage\":\"es\"},{\"@type\":\"Organization\",\"@id\":\"https:\\\/\\\/www.iemj.org\\\/es\\\/#organization\",\"name\":\"Institut Europ\u00e9en des Musiques Juives\",\"url\":\"https:\\\/\\\/www.iemj.org\\\/es\\\/\",\"logo\":{\"@type\":\"ImageObject\",\"inLanguage\":\"es\",\"@id\":\"https:\\\/\\\/www.iemj.org\\\/es\\\/#\\\/schema\\\/logo\\\/image\\\/\",\"url\":\"https:\\\/\\\/www.iemj.org\\\/wp-content\\\/uploads\\\/2021\\\/09\\\/Logo-IEMJ-Paypal.jpg\",\"contentUrl\":\"https:\\\/\\\/www.iemj.org\\\/wp-content\\\/uploads\\\/2021\\\/09\\\/Logo-IEMJ-Paypal.jpg\",\"width\":150,\"height\":50,\"caption\":\"Institut Europ\u00e9en des Musiques Juives\"},\"image\":{\"@id\":\"https:\\\/\\\/www.iemj.org\\\/es\\\/#\\\/schema\\\/logo\\\/image\\\/\"},\"sameAs\":[\"https:\\\/\\\/www.facebook.com\\\/MusiquesJuives\\\/\",\"https:\\\/\\\/www.instagram.com\\\/musiquesjuives\\\/\",\"https:\\\/\\\/www.youtube.com\\\/user\\\/musiquesjuives\"]},{\"@type\":\"Person\",\"@id\":\"https:\\\/\\\/www.iemj.org\\\/es\\\/#\\\/schema\\\/person\\\/906134402c29d5c76e7b726261dd4bbd\",\"name\":\"Herv\u00e9 Roten\",\"image\":{\"@type\":\"ImageObject\",\"inLanguage\":\"es\",\"@id\":\"https:\\\/\\\/secure.gravatar.com\\\/avatar\\\/f96ad2db538a26481f18384936b5cd0610c92d390c4dc382209216d455f685ff?s=96&d=mm&r=g\",\"url\":\"https:\\\/\\\/secure.gravatar.com\\\/avatar\\\/f96ad2db538a26481f18384936b5cd0610c92d390c4dc382209216d455f685ff?s=96&d=mm&r=g\",\"contentUrl\":\"https:\\\/\\\/secure.gravatar.com\\\/avatar\\\/f96ad2db538a26481f18384936b5cd0610c92d390c4dc382209216d455f685ff?s=96&d=mm&r=g\",\"caption\":\"Herv\u00e9 Roten\"}}]}<\/script>\n<!-- \/ Yoast SEO plugin. -->","yoast_head_json":{"title":"Los cantos de shabat jas\u00eddicos - Institut Europ\u00e9en des Musiques Juives","robots":{"index":"index","follow":"follow","max-snippet":"max-snippet:-1","max-image-preview":"max-image-preview:large","max-video-preview":"max-video-preview:-1"},"canonical":"https:\/\/www.iemj.org\/es\/les-chants-de-shabbat-hassidiques\/","og_locale":"es_ES","og_type":"article","og_title":"Los cantos de shabat jas\u00eddicos - Institut Europ\u00e9en des Musiques Juives","og_description":"Una selecci\u00f3n de cantos de Shabat de las diferentes dinast\u00edas jas\u00eddicas (Gur, Loubavitch, Bratslav&#8230;) junto a interpretaciones m\u00e1s contempor\u00e1neas de Shlomo Carlebach, Mordechai Ben David, Avraham Fried o Yaakov Shwekey","og_url":"https:\/\/www.iemj.org\/es\/les-chants-de-shabbat-hassidiques\/","og_site_name":"Institut Europ\u00e9en des Musiques Juives","article_publisher":"https:\/\/www.facebook.com\/MusiquesJuives\/","article_published_time":"2021-02-17T10:37:52+00:00","article_modified_time":"2024-02-15T16:33:26+00:00","og_image":[{"width":350,"height":350,"url":"https:\/\/www.iemj.org\/wp-content\/uploads\/2021\/02\/arton5028-e1618484302778.jpg","type":"image\/jpeg"}],"author":"Herv\u00e9 Roten","twitter_card":"summary_large_image","twitter_misc":{"Escrito por":"Herv\u00e9 Roten","Tiempo de lectura":"3 minutos"},"schema":{"@context":"https:\/\/schema.org","@graph":[{"@type":"Article","@id":"https:\/\/www.iemj.org\/es\/les-chants-de-shabbat-hassidiques\/#article","isPartOf":{"@id":"https:\/\/www.iemj.org\/es\/les-chants-de-shabbat-hassidiques\/"},"author":{"name":"Herv\u00e9 Roten","@id":"https:\/\/www.iemj.org\/es\/#\/schema\/person\/906134402c29d5c76e7b726261dd4bbd"},"headline":"Los cantos de shabat jas\u00eddicos","datePublished":"2021-02-17T10:37:52+00:00","dateModified":"2024-02-15T16:33:26+00:00","mainEntityOfPage":{"@id":"https:\/\/www.iemj.org\/es\/les-chants-de-shabbat-hassidiques\/"},"wordCount":384,"publisher":{"@id":"https:\/\/www.iemj.org\/es\/#organization"},"image":{"@id":"https:\/\/www.iemj.org\/es\/les-chants-de-shabbat-hassidiques\/#primaryimage"},"thumbnailUrl":"https:\/\/www.iemj.org\/wp-content\/uploads\/2021\/02\/arton5028-e1618484302778.jpg","articleSection":["Listas de reproducci\u00f3n"],"inLanguage":"es"},{"@type":"WebPage","@id":"https:\/\/www.iemj.org\/es\/les-chants-de-shabbat-hassidiques\/","url":"https:\/\/www.iemj.org\/es\/les-chants-de-shabbat-hassidiques\/","name":"Los cantos de shabat jas\u00eddicos - Institut Europ\u00e9en des Musiques Juives","isPartOf":{"@id":"https:\/\/www.iemj.org\/es\/#website"},"primaryImageOfPage":{"@id":"https:\/\/www.iemj.org\/es\/les-chants-de-shabbat-hassidiques\/#primaryimage"},"image":{"@id":"https:\/\/www.iemj.org\/es\/les-chants-de-shabbat-hassidiques\/#primaryimage"},"thumbnailUrl":"https:\/\/www.iemj.org\/wp-content\/uploads\/2021\/02\/arton5028-e1618484302778.jpg","datePublished":"2021-02-17T10:37:52+00:00","dateModified":"2024-02-15T16:33:26+00:00","breadcrumb":{"@id":"https:\/\/www.iemj.org\/es\/les-chants-de-shabbat-hassidiques\/#breadcrumb"},"inLanguage":"es","potentialAction":[{"@type":"ReadAction","target":["https:\/\/www.iemj.org\/es\/les-chants-de-shabbat-hassidiques\/"]}]},{"@type":"ImageObject","inLanguage":"es","@id":"https:\/\/www.iemj.org\/es\/les-chants-de-shabbat-hassidiques\/#primaryimage","url":"https:\/\/www.iemj.org\/wp-content\/uploads\/2021\/02\/arton5028-e1618484302778.jpg","contentUrl":"https:\/\/www.iemj.org\/wp-content\/uploads\/2021\/02\/arton5028-e1618484302778.jpg","width":350,"height":350},{"@type":"BreadcrumbList","@id":"https:\/\/www.iemj.org\/es\/les-chants-de-shabbat-hassidiques\/#breadcrumb","itemListElement":[{"@type":"ListItem","position":1,"name":"Accueil","item":"https:\/\/www.iemj.org\/es\/"},{"@type":"ListItem","position":2,"name":"Los cantos de shabat jas\u00eddicos"}]},{"@type":"WebSite","@id":"https:\/\/www.iemj.org\/es\/#website","url":"https:\/\/www.iemj.org\/es\/","name":"Institut Europ\u00e9en des Musiques Juives","description":"Des traditions musicales \u00e0 la port\u00e9e de tous","publisher":{"@id":"https:\/\/www.iemj.org\/es\/#organization"},"potentialAction":[{"@type":"SearchAction","target":{"@type":"EntryPoint","urlTemplate":"https:\/\/www.iemj.org\/es\/?s={search_term_string}"},"query-input":{"@type":"PropertyValueSpecification","valueRequired":true,"valueName":"search_term_string"}}],"inLanguage":"es"},{"@type":"Organization","@id":"https:\/\/www.iemj.org\/es\/#organization","name":"Institut Europ\u00e9en des Musiques Juives","url":"https:\/\/www.iemj.org\/es\/","logo":{"@type":"ImageObject","inLanguage":"es","@id":"https:\/\/www.iemj.org\/es\/#\/schema\/logo\/image\/","url":"https:\/\/www.iemj.org\/wp-content\/uploads\/2021\/09\/Logo-IEMJ-Paypal.jpg","contentUrl":"https:\/\/www.iemj.org\/wp-content\/uploads\/2021\/09\/Logo-IEMJ-Paypal.jpg","width":150,"height":50,"caption":"Institut Europ\u00e9en des Musiques Juives"},"image":{"@id":"https:\/\/www.iemj.org\/es\/#\/schema\/logo\/image\/"},"sameAs":["https:\/\/www.facebook.com\/MusiquesJuives\/","https:\/\/www.instagram.com\/musiquesjuives\/","https:\/\/www.youtube.com\/user\/musiquesjuives"]},{"@type":"Person","@id":"https:\/\/www.iemj.org\/es\/#\/schema\/person\/906134402c29d5c76e7b726261dd4bbd","name":"Herv\u00e9 Roten","image":{"@type":"ImageObject","inLanguage":"es","@id":"https:\/\/secure.gravatar.com\/avatar\/f96ad2db538a26481f18384936b5cd0610c92d390c4dc382209216d455f685ff?s=96&d=mm&r=g","url":"https:\/\/secure.gravatar.com\/avatar\/f96ad2db538a26481f18384936b5cd0610c92d390c4dc382209216d455f685ff?s=96&d=mm&r=g","contentUrl":"https:\/\/secure.gravatar.com\/avatar\/f96ad2db538a26481f18384936b5cd0610c92d390c4dc382209216d455f685ff?s=96&d=mm&r=g","caption":"Herv\u00e9 Roten"}}]}},"_links":{"self":[{"href":"https:\/\/www.iemj.org\/es\/wp-json\/wp\/v2\/posts\/68553","targetHints":{"allow":["GET"]}}],"collection":[{"href":"https:\/\/www.iemj.org\/es\/wp-json\/wp\/v2\/posts"}],"about":[{"href":"https:\/\/www.iemj.org\/es\/wp-json\/wp\/v2\/types\/post"}],"author":[{"embeddable":true,"href":"https:\/\/www.iemj.org\/es\/wp-json\/wp\/v2\/users\/1045"}],"replies":[{"embeddable":true,"href":"https:\/\/www.iemj.org\/es\/wp-json\/wp\/v2\/comments?post=68553"}],"version-history":[{"count":0,"href":"https:\/\/www.iemj.org\/es\/wp-json\/wp\/v2\/posts\/68553\/revisions"}],"wp:featuredmedia":[{"embeddable":true,"href":"https:\/\/www.iemj.org\/es\/wp-json\/wp\/v2\/media\/68554"}],"wp:attachment":[{"href":"https:\/\/www.iemj.org\/es\/wp-json\/wp\/v2\/media?parent=68553"}],"wp:term":[{"taxonomy":"category","embeddable":true,"href":"https:\/\/www.iemj.org\/es\/wp-json\/wp\/v2\/categories?post=68553"},{"taxonomy":"post_tag","embeddable":true,"href":"https:\/\/www.iemj.org\/es\/wp-json\/wp\/v2\/tags?post=68553"},{"taxonomy":"technique","embeddable":true,"href":"https:\/\/www.iemj.org\/es\/wp-json\/wp\/v2\/technique?post=68553"},{"taxonomy":"squelettes","embeddable":true,"href":"https:\/\/www.iemj.org\/es\/wp-json\/wp\/v2\/squelettes?post=68553"},{"taxonomy":"sujet","embeddable":true,"href":"https:\/\/www.iemj.org\/es\/wp-json\/wp\/v2\/sujet?post=68553"},{"taxonomy":"formation","embeddable":true,"href":"https:\/\/www.iemj.org\/es\/wp-json\/wp\/v2\/formation?post=68553"},{"taxonomy":"genre","embeddable":true,"href":"https:\/\/www.iemj.org\/es\/wp-json\/wp\/v2\/genre?post=68553"},{"taxonomy":"fonds","embeddable":true,"href":"https:\/\/www.iemj.org\/es\/wp-json\/wp\/v2\/fonds?post=68553"},{"taxonomy":"tradition","embeddable":true,"href":"https:\/\/www.iemj.org\/es\/wp-json\/wp\/v2\/tradition?post=68553"},{"taxonomy":"type-de-contenu","embeddable":true,"href":"https:\/\/www.iemj.org\/es\/wp-json\/wp\/v2\/type-de-contenu?post=68553"},{"taxonomy":"interprete-compositeur","embeddable":true,"href":"https:\/\/www.iemj.org\/es\/wp-json\/wp\/v2\/interprete-compositeur?post=68553"},{"taxonomy":"frise","embeddable":true,"href":"https:\/\/www.iemj.org\/es\/wp-json\/wp\/v2\/frise?post=68553"},{"taxonomy":"type-devenement","embeddable":true,"href":"https:\/\/www.iemj.org\/es\/wp-json\/wp\/v2\/type-devenement?post=68553"},{"taxonomy":"tableaux-liens-externes","embeddable":true,"href":"https:\/\/www.iemj.org\/es\/wp-json\/wp\/v2\/tableaux-liens-externes?post=68553"}],"curies":[{"name":"wp","href":"https:\/\/api.w.org\/{rel}","templated":true}]}}