{"id":68577,"date":"2021-02-15T14:40:17","date_gmt":"2021-02-15T13:40:17","guid":{"rendered":"https:\/\/www.iemj.org\/les-chants-de-shabbat-dans-les-rites-comtadin-et-portugais\/"},"modified":"2024-02-15T17:40:23","modified_gmt":"2024-02-15T16:40:23","slug":"les-chants-de-shabbat-dans-les-rites-comtadin-et-portugais","status":"publish","type":"post","link":"https:\/\/www.iemj.org\/es\/les-chants-de-shabbat-dans-les-rites-comtadin-et-portugais\/","title":{"rendered":"Los cantos de shabat en los ritos comtad\u00edn y portugu\u00e9s"},"content":{"rendered":"<p><strong>Una selecci\u00f3n de canciones de Shabat de las comunidades de rito portugu\u00e9s (\u00c1msterdam, Londres, Par\u00eds, Burdeos, Bayona, Nueva York, Curazao&#8230;) y del Comtat venaissin, interpretadas por Abraham Lopes Cardoso, Shimon Haliwa, Eliezer Abinun, Adolphe Attia, Malkiel Benamara, Gilbert L\u00e9on y muchos otros<\/strong><\/p>\n<p><!--more--><\/p>\n<p>El shabat, d\u00eda libre, es una instituci\u00f3n de la vida jud\u00eda. Y los cantos que dan el ritmo en este d\u00eda particular, tiente un lugar importante, tan en la sinagoga con los cinco oficios de\u00a0<em>Kabbalat shabbat\u00a0<\/em>a\u00a0<em>Motsei shabbat<\/em>, como en la casa con los rituales de encendido de las velas, el\u00a0<em>Kiddoush<\/em>\u00a0(bendici\u00f3n del vino) del viernes por la noche, el\u00a0<a href=\"https:\/\/es.wikipedia.org\/wiki\/Birkat_Hamaz%C3%B3n\" target=\"_blank\" rel=\"noopener\"><em>Birkat hamazone<\/em><\/a>\u00a0(acci\u00f3n de gracia al fin de la comida), o la\u00a0<em><a href=\"https:\/\/es.wikipedia.org\/wiki\/Havdalah\" target=\"_blank\" rel=\"noopener\">Havdala<\/a><\/em>\u00a0(\u00faltimo\u00a0<em>Kiddoush<\/em>\u00a0cerrando el shabat). Es tambi\u00e9n de costumbre cantar, durante cuatro comidas de shabat, numerosas poes\u00edas religiosas llamadas\u00a0<em>Zemirot\u00a0<\/em>(o\u00a0<em>Tish nigunim<\/em>\u00a0en el jas\u00eddismo).<\/p>\n<p>El shabat permite as\u00ed buscar su voz interior a trav\u00e9s de su voz exterior.<\/p>\n<p>La lista de reproducci\u00f3n que sigue os presenta una selecci\u00f3n de cantos de shabat en los ritos comtadin y portugu\u00e9s.<\/p>\n<p>Los Jud\u00edos del <a href=\"https:\/\/es.wikipedia.org\/wiki\/Condado_Venaissin\" target=\"_blank\" rel=\"noopener\">Condado Venaissin<\/a> (Carpentras, Avi\u00f1\u00f3n, Cavaillon y l\u2019Isle-sur-la-Sorgue), que no fueron muchos m\u00e1s que dos mil, descend\u00edan de los jud\u00edos languedocianos y provenzales expulsados del reino de Francia en los siglos XIV y XV, de manera que su rito es el que su rito es el que tiene m\u00e1s arraigo en suelo franc\u00e9s. Los rituales, primero manuscritos y luego impresos en el siglo XVIII, han conservado las oraciones en uso. Pero los cantos s\u00f3lo se transmit\u00edan oralmente y se habr\u00edan perdido irremediablemente si en 1885, por iniciativa del Gran Rabino Jonas Weyl y de la Consistoire Isra\u00e9lite de Marsella [Consistorio Israelita de Marsella], dos israelitas de Aix-en-Provence, Jules-Salomon y Mardoch\u00e9e Cr\u00e9mieu, no los hubieran recogido de los \u00faltimos cantantes y reunido en un libro titulado Chants h\u00e9bra\u00efques suivant le rite des communaut\u00e9s isra\u00e9lites de l&#8217;ancien Comtat Venaissin [Cantos hebreos siguiendo el rito de las comunidades israelitas del antiguo Condado Venaissin].<\/p>\n<p>El rito portugu\u00e9s (tambi\u00e9n conocido como rito \u00abhispano-portugu\u00e9s\u00bb) est\u00e1 vinculado a la historia de los marranos, los jud\u00edos convertidos por la fuerza al cristianismo en 1391. Huyendo de los autos de fes de las inquisiciones espa\u00f1ola y portuguesa establecidas respectivamente en 1481 y 1536, varios centenares de marranos se unieron a las comunidades jud\u00edas existentes (como las de \u00c1msterdam, de Londres, de Livorno o de Hamburgo) donde volvieron abiertamente al juda\u00edsmo. Otros, ampar\u00e1ndose en su identidad cristiana, se instalaron en Burdeos, luego en la regi\u00f3n de Bayona, a mediados del siglo XVI. Posteriormente, se tejieron intercambios -sobre todo comerciales- entre las diferentes comunidades portuguesas y la pr\u00e1ctica de este rito se extendi\u00f3 hasta Nueva York y en las colonias holandesas, como Curazao.<\/p>\n<p>Hay que destacar que la mayor\u00eda de las piezas de esta lista de reproducci\u00f3n son, para las necesidades de la grabaci\u00f3n, acompa\u00f1ados de instrumentos de m\u00fasica, lo que no es el caso durante los shabat en la mayor\u00eda de las sinagogas. Encontramos algunas de las melod\u00edas portuguesas est\u00e1n influenciadas por la m\u00fasica occidental de los siglos XVIII y XIX.<\/p>\n<p><a href=\"https:\/\/www.iemj.org\/es\/les-chants-de-shabbat\/\" target=\"_blank\" rel=\"noopener\">Leer el art\u00edculo en los cantos de shabat<\/a><br \/><a href=\"https:\/\/www.iemj.org\/es\/les-traditions-musicales-judeo-portugaises-en-france-2\/\" target=\"_blank\" rel=\"noopener\">M\u00e1s informaciones sobre las tradiciones musicales Judeo-Portuguesas en Francia<\/a><br \/><a href=\"https:\/\/www.iemj.org\/es\/produit\/musiques-judeo-francaises-des-xviiie-et-xixe-siecles\/\" target=\"_blank\" rel=\"noopener\">Pedir el CD Musiques jud\u00e9o-fran\u00e7aises des XVIIIe et XIXe si\u00e8cles [M\u00fasicas judeo-francesas de los siglos XVIII y XIX]<\/a><br \/><a href=\"https:\/\/www.iemj.org\/es\/produit\/musiques-de-la-synagogue-de-bordeaux\/\" target=\"_blank\" rel=\"noopener\">Pedir el CD Musiques de la synagogue de Bordeaux (rite portugais) [M\u00fasicas de la sinagoga de Burdeos (rito portugu\u00e9s)]<\/a><\/p>\n\n\n<figure class=\"wp-block-image size-large\"><img fetchpriority=\"high\" decoding=\"async\" width=\"1024\" height=\"146\" src=\"https:\/\/www.iemj.org\/wp-content\/uploads\/2023\/01\/Bandeau-Playlist_ES2-1024x146.jpg\" alt=\"\" class=\"wp-image-93117\" srcset=\"https:\/\/www.iemj.org\/wp-content\/uploads\/2023\/01\/Bandeau-Playlist_ES2-1024x146.jpg 1024w, https:\/\/www.iemj.org\/wp-content\/uploads\/2023\/01\/Bandeau-Playlist_ES2-300x43.jpg 300w, https:\/\/www.iemj.org\/wp-content\/uploads\/2023\/01\/Bandeau-Playlist_ES2-768x110.jpg 768w, https:\/\/www.iemj.org\/wp-content\/uploads\/2023\/01\/Bandeau-Playlist_ES2-1536x220.jpg 1536w, https:\/\/www.iemj.org\/wp-content\/uploads\/2023\/01\/Bandeau-Playlist_ES2-600x86.jpg 600w, https:\/\/www.iemj.org\/wp-content\/uploads\/2023\/01\/Bandeau-Playlist_ES2.jpg 1608w\" sizes=\"(max-width: 1024px) 100vw, 1024px\" \/><\/figure>\n\n\n\n<div class=\"wp-block-file\"><a id=\"wp-block-file--media-61c32916-3a96-43be-b642-0754a617ab43\" href=\"https:\/\/www.iemj.org\/wp-content\/uploads\/2021\/02\/01_lekha_dodi_adolphe_attia_rite_comtadin_.mp3\">Lekha dodi &#8211; Adolphe Attia (rite comtadin)<\/a><\/div>\n\n\n\n<div class=\"wp-block-file\"><a id=\"wp-block-file--media-01d69632-0ad3-4cdd-8621-aef3417eda10\" href=\"https:\/\/www.iemj.org\/wp-content\/uploads\/2021\/02\/02_yitgadal_kaddish__adolphe_attia_rite_comtadin_.mp3\">Yitgadal (Kaddish) &#8211; Adolphe Attia (rite comtadin)<\/a><\/div>\n\n\n\n<div class=\"wp-block-file\"><a id=\"wp-block-file--media-e7e3939d-7e82-46f2-927b-ac38af8d7bcb\" href=\"https:\/\/www.iemj.org\/wp-content\/uploads\/2021\/02\/03_az_yachir_mocheh_adolphe_attia_rite_comtadin_.mp3\">Az yachir Mocheh &#8211; Adolphe Attia (rite comtadin) <\/a><\/div>\n\n\n\n<div class=\"wp-block-file\"><a id=\"wp-block-file--media-53f9929a-2ea4-406b-b5cc-1756f5cc2b0a\" href=\"https:\/\/www.iemj.org\/wp-content\/uploads\/2021\/02\/04_tsour_michelo_nekouda_corinne_drai_et_alain_huet_rite_comtadin_extrait_.mp3\">Tsour michelo &#8211; Nekouda : Corinne Drai et Alain Huet (rite comtadin) (Extrait)<\/a><\/div>\n\n\n\n<div class=\"wp-block-file\"><a id=\"wp-block-file--media-ad041c05-54fb-4a5e-9970-9a80f0af30ca\" href=\"https:\/\/www.iemj.org\/wp-content\/uploads\/2021\/02\/05_hamake_partie_du_emet_choeur_orf_o_rite_portugais_bayonne_extrait_.mp3\">Hamake (partie du Emet) &#8211; Choeur Orf\u00e9o (rite portugais, Bayonne) (Extrait)<\/a><\/div>\n\n\n\n<div class=\"wp-block-file\"><a id=\"wp-block-file--media-856dbace-a229-43a1-a508-0dffe0d0dfc3\" href=\"https:\/\/www.iemj.org\/wp-content\/uploads\/2021\/02\/06_raou_banim_emile_jonas_malkiel_benamara_et_adolphe_attia_rite_portugais_paris_.mp3\">Raou banim &#8211; Emile Jonas &#8211; Malkiel Benamara et Adolphe Attia (rite portugais, Paris)<\/a><\/div>\n\n\n\n<div class=\"wp-block-file\"><a id=\"wp-block-file--media-244f0e9e-7cea-4caa-b4df-24c16eb93114\" href=\"https:\/\/www.iemj.org\/wp-content\/uploads\/2021\/02\/07_en_kelohenu_eliezer_abinun_rite_portugais_londres_.mp3\">En Kelohenu &#8211; Eliezer Abinun (rite portugais, Londres) <\/a><\/div>\n\n\n\n<div class=\"wp-block-file\"><a id=\"wp-block-file--media-9f3d8e3a-45d7-4b74-9912-ca8ce03a66b4\" href=\"https:\/\/www.iemj.org\/wp-content\/uploads\/2021\/02\/08_keter-abraham_lopes_cardozo_rite_portugais_amsterdam_new_york_extrait_.mp3\">Keter &#8211; Abraham Lopes Cardozo (rite portugais, Amsterdam, New York) (Extrait)<\/a><\/div>\n\n\n\n<div class=\"wp-block-file\"><a id=\"wp-block-file--media-f019942d-ea1e-4e26-8c3b-fd43af42e0b3\" href=\"https:\/\/www.iemj.org\/wp-content\/uploads\/2021\/02\/09_yom_hashishi-abraham_lopes_cardozo_rite_portugais_amsterdam_new_york_.mp3\">Yom Hashishi &#8211; Abraham Lopes Cardozo (rite portugais, Amsterdam, New York)<\/a><\/div>\n\n\n\n<div class=\"wp-block-file\"><a id=\"wp-block-file--media-e6d0a4bc-4510-4a1a-a06c-96e8846819be\" href=\"https:\/\/www.iemj.org\/wp-content\/uploads\/2021\/02\/10_kiddoush_du_vendredi_soir_gilbert_l_on_rite_portugais_bordeaux_.mp3\">Kiddoush du vendredi soir &#8211; Gilbert L\u00e9on (rite portugais, Bordeaux)<\/a><\/div>\n\n\n\n<div class=\"wp-block-file\"><a id=\"wp-block-file--media-9710e5a6-cd5e-4192-a9fb-316d73c60fab\" href=\"https:\/\/www.iemj.org\/wp-content\/uploads\/2021\/02\/11_kamti_lehalel_shimon_haliwa_rite_portugais_amsterdam_extrait_.mp3\">Kamti lehalel &#8211; Shimon Haliwa (rite portugais, Amsterdam) (Extrait) <\/a><\/div>\n\n\n\n<div class=\"wp-block-file\"><a id=\"wp-block-file--media-6f463e4a-c69b-46b5-bce1-14d2b121c7dd\" href=\"https:\/\/www.iemj.org\/wp-content\/uploads\/2021\/02\/12_bendigamos_rite_portugais_cura_ao_.mp3\">Bendigamos (rite portugais, Cura\u00e7ao)<\/a><\/div>\n\n\n\n<div class=\"wp-block-file\"><a id=\"wp-block-file--media-83f0e79e-0cfd-4c9e-950d-2eb6adf4e718\" href=\"https:\/\/www.iemj.org\/wp-content\/uploads\/2021\/02\/13_yigdal_rite_portugais_cura_ao_.mp3\">Yigdal (rite portugais, Cura\u00e7ao)<\/a><\/div>\n\n\n\n<div class=\"wp-block-file\"><a id=\"wp-block-file--media-912c83c4-127a-4e35-a6b9-4939a8e2b5fd\" href=\"https:\/\/www.iemj.org\/wp-content\/uploads\/2021\/02\/14_lekha_dodi_rite_portugais_cura_ao_.mp3\">Lekha dodi (rite portugais, Cura\u00e7ao)<\/a><\/div>\n","protected":false},"excerpt":{"rendered":"<p>Una selecci\u00f3n de canciones de Shabat de las comunidades de rito portugu\u00e9s (\u00c1msterdam, Londres, Par\u00eds, Burdeos, Bayona, Nueva York, Curazao&#8230;) y del Comtat venaissin, interpretadas por Abraham Lopes Cardoso, Shimon<\/p>\n","protected":false},"author":1045,"featured_media":68578,"comment_status":"closed","ping_status":"closed","sticky":false,"template":"","format":"standard","meta":{"_acf_changed":false,"footnotes":""},"categories":[1535],"tags":[],"technique":[],"squelettes":[],"sujet":[1854],"formation":[],"genre":[1890],"fonds":[],"tradition":[1981,1973],"type-de-contenu":[],"interprete-compositeur":[],"frise":[],"type-devenement":[],"tableaux-liens-externes":[],"class_list":["post-68577","post","type-post","status-publish","format-standard","has-post-thumbnail","hentry","category-listas-de-reproduccion-es","sujet-shabat-es","genre-liturgia-es","tradition-rito-comtadin-es","tradition-rito-judeo-portugues-es"],"acf":[],"yoast_head":"<!-- This site is optimized with the Yoast SEO plugin v27.3 - https:\/\/yoast.com\/product\/yoast-seo-wordpress\/ -->\n<title>Los cantos de shabat en los ritos comtad\u00edn y portugu\u00e9s - Institut Europ\u00e9en des Musiques Juives<\/title>\n<meta name=\"robots\" content=\"index, follow, max-snippet:-1, max-image-preview:large, max-video-preview:-1\" \/>\n<link rel=\"canonical\" href=\"https:\/\/www.iemj.org\/es\/les-chants-de-shabbat-dans-les-rites-comtadin-et-portugais\/\" \/>\n<meta property=\"og:locale\" content=\"es_ES\" \/>\n<meta property=\"og:type\" content=\"article\" \/>\n<meta property=\"og:title\" content=\"Los cantos de shabat en los ritos comtad\u00edn y portugu\u00e9s - Institut Europ\u00e9en des Musiques Juives\" \/>\n<meta property=\"og:description\" content=\"Una selecci\u00f3n de canciones de Shabat de las comunidades de rito portugu\u00e9s (\u00c1msterdam, Londres, Par\u00eds, Burdeos, Bayona, Nueva York, Curazao&#8230;) y del Comtat venaissin, interpretadas por Abraham Lopes Cardoso, Shimon\" \/>\n<meta property=\"og:url\" content=\"https:\/\/www.iemj.org\/es\/les-chants-de-shabbat-dans-les-rites-comtadin-et-portugais\/\" \/>\n<meta property=\"og:site_name\" content=\"Institut Europ\u00e9en des Musiques Juives\" \/>\n<meta property=\"article:publisher\" content=\"https:\/\/www.facebook.com\/MusiquesJuives\/\" \/>\n<meta property=\"article:published_time\" content=\"2021-02-15T13:40:17+00:00\" \/>\n<meta property=\"article:modified_time\" content=\"2024-02-15T16:40:23+00:00\" \/>\n<meta property=\"og:image\" content=\"https:\/\/www.iemj.org\/wp-content\/uploads\/2021\/02\/arton5024-e1618491688483.jpg\" \/>\n\t<meta property=\"og:image:width\" content=\"350\" \/>\n\t<meta property=\"og:image:height\" content=\"350\" \/>\n\t<meta property=\"og:image:type\" content=\"image\/jpeg\" \/>\n<meta name=\"author\" content=\"Herv\u00e9 Roten\" \/>\n<meta name=\"twitter:card\" content=\"summary_large_image\" \/>\n<meta name=\"twitter:label1\" content=\"Escrito por\" \/>\n\t<meta name=\"twitter:data1\" content=\"Herv\u00e9 Roten\" \/>\n\t<meta name=\"twitter:label2\" content=\"Tiempo de lectura\" \/>\n\t<meta name=\"twitter:data2\" content=\"4 minutos\" \/>\n<script type=\"application\/ld+json\" class=\"yoast-schema-graph\">{\"@context\":\"https:\\\/\\\/schema.org\",\"@graph\":[{\"@type\":\"Article\",\"@id\":\"https:\\\/\\\/www.iemj.org\\\/es\\\/les-chants-de-shabbat-dans-les-rites-comtadin-et-portugais\\\/#article\",\"isPartOf\":{\"@id\":\"https:\\\/\\\/www.iemj.org\\\/es\\\/les-chants-de-shabbat-dans-les-rites-comtadin-et-portugais\\\/\"},\"author\":{\"name\":\"Herv\u00e9 Roten\",\"@id\":\"https:\\\/\\\/www.iemj.org\\\/es\\\/#\\\/schema\\\/person\\\/906134402c29d5c76e7b726261dd4bbd\"},\"headline\":\"Los cantos de shabat en los ritos comtad\u00edn y portugu\u00e9s\",\"datePublished\":\"2021-02-15T13:40:17+00:00\",\"dateModified\":\"2024-02-15T16:40:23+00:00\",\"mainEntityOfPage\":{\"@id\":\"https:\\\/\\\/www.iemj.org\\\/es\\\/les-chants-de-shabbat-dans-les-rites-comtadin-et-portugais\\\/\"},\"wordCount\":762,\"publisher\":{\"@id\":\"https:\\\/\\\/www.iemj.org\\\/es\\\/#organization\"},\"image\":{\"@id\":\"https:\\\/\\\/www.iemj.org\\\/es\\\/les-chants-de-shabbat-dans-les-rites-comtadin-et-portugais\\\/#primaryimage\"},\"thumbnailUrl\":\"https:\\\/\\\/www.iemj.org\\\/wp-content\\\/uploads\\\/2021\\\/02\\\/arton5024-e1618491688483.jpg\",\"articleSection\":[\"Listas de reproducci\u00f3n\"],\"inLanguage\":\"es\"},{\"@type\":\"WebPage\",\"@id\":\"https:\\\/\\\/www.iemj.org\\\/es\\\/les-chants-de-shabbat-dans-les-rites-comtadin-et-portugais\\\/\",\"url\":\"https:\\\/\\\/www.iemj.org\\\/es\\\/les-chants-de-shabbat-dans-les-rites-comtadin-et-portugais\\\/\",\"name\":\"Los cantos de shabat en los ritos comtad\u00edn y portugu\u00e9s - Institut Europ\u00e9en des Musiques Juives\",\"isPartOf\":{\"@id\":\"https:\\\/\\\/www.iemj.org\\\/es\\\/#website\"},\"primaryImageOfPage\":{\"@id\":\"https:\\\/\\\/www.iemj.org\\\/es\\\/les-chants-de-shabbat-dans-les-rites-comtadin-et-portugais\\\/#primaryimage\"},\"image\":{\"@id\":\"https:\\\/\\\/www.iemj.org\\\/es\\\/les-chants-de-shabbat-dans-les-rites-comtadin-et-portugais\\\/#primaryimage\"},\"thumbnailUrl\":\"https:\\\/\\\/www.iemj.org\\\/wp-content\\\/uploads\\\/2021\\\/02\\\/arton5024-e1618491688483.jpg\",\"datePublished\":\"2021-02-15T13:40:17+00:00\",\"dateModified\":\"2024-02-15T16:40:23+00:00\",\"breadcrumb\":{\"@id\":\"https:\\\/\\\/www.iemj.org\\\/es\\\/les-chants-de-shabbat-dans-les-rites-comtadin-et-portugais\\\/#breadcrumb\"},\"inLanguage\":\"es\",\"potentialAction\":[{\"@type\":\"ReadAction\",\"target\":[\"https:\\\/\\\/www.iemj.org\\\/es\\\/les-chants-de-shabbat-dans-les-rites-comtadin-et-portugais\\\/\"]}]},{\"@type\":\"ImageObject\",\"inLanguage\":\"es\",\"@id\":\"https:\\\/\\\/www.iemj.org\\\/es\\\/les-chants-de-shabbat-dans-les-rites-comtadin-et-portugais\\\/#primaryimage\",\"url\":\"https:\\\/\\\/www.iemj.org\\\/wp-content\\\/uploads\\\/2021\\\/02\\\/arton5024-e1618491688483.jpg\",\"contentUrl\":\"https:\\\/\\\/www.iemj.org\\\/wp-content\\\/uploads\\\/2021\\\/02\\\/arton5024-e1618491688483.jpg\",\"width\":350,\"height\":350},{\"@type\":\"BreadcrumbList\",\"@id\":\"https:\\\/\\\/www.iemj.org\\\/es\\\/les-chants-de-shabbat-dans-les-rites-comtadin-et-portugais\\\/#breadcrumb\",\"itemListElement\":[{\"@type\":\"ListItem\",\"position\":1,\"name\":\"Accueil\",\"item\":\"https:\\\/\\\/www.iemj.org\\\/es\\\/\"},{\"@type\":\"ListItem\",\"position\":2,\"name\":\"Los cantos de shabat en los ritos comtad\u00edn y portugu\u00e9s\"}]},{\"@type\":\"WebSite\",\"@id\":\"https:\\\/\\\/www.iemj.org\\\/es\\\/#website\",\"url\":\"https:\\\/\\\/www.iemj.org\\\/es\\\/\",\"name\":\"Institut Europ\u00e9en des Musiques Juives\",\"description\":\"Des traditions musicales \u00e0 la port\u00e9e de tous\",\"publisher\":{\"@id\":\"https:\\\/\\\/www.iemj.org\\\/es\\\/#organization\"},\"potentialAction\":[{\"@type\":\"SearchAction\",\"target\":{\"@type\":\"EntryPoint\",\"urlTemplate\":\"https:\\\/\\\/www.iemj.org\\\/es\\\/?s={search_term_string}\"},\"query-input\":{\"@type\":\"PropertyValueSpecification\",\"valueRequired\":true,\"valueName\":\"search_term_string\"}}],\"inLanguage\":\"es\"},{\"@type\":\"Organization\",\"@id\":\"https:\\\/\\\/www.iemj.org\\\/es\\\/#organization\",\"name\":\"Institut Europ\u00e9en des Musiques Juives\",\"url\":\"https:\\\/\\\/www.iemj.org\\\/es\\\/\",\"logo\":{\"@type\":\"ImageObject\",\"inLanguage\":\"es\",\"@id\":\"https:\\\/\\\/www.iemj.org\\\/es\\\/#\\\/schema\\\/logo\\\/image\\\/\",\"url\":\"https:\\\/\\\/www.iemj.org\\\/wp-content\\\/uploads\\\/2021\\\/09\\\/Logo-IEMJ-Paypal.jpg\",\"contentUrl\":\"https:\\\/\\\/www.iemj.org\\\/wp-content\\\/uploads\\\/2021\\\/09\\\/Logo-IEMJ-Paypal.jpg\",\"width\":150,\"height\":50,\"caption\":\"Institut Europ\u00e9en des Musiques Juives\"},\"image\":{\"@id\":\"https:\\\/\\\/www.iemj.org\\\/es\\\/#\\\/schema\\\/logo\\\/image\\\/\"},\"sameAs\":[\"https:\\\/\\\/www.facebook.com\\\/MusiquesJuives\\\/\",\"https:\\\/\\\/www.instagram.com\\\/musiquesjuives\\\/\",\"https:\\\/\\\/www.youtube.com\\\/user\\\/musiquesjuives\"]},{\"@type\":\"Person\",\"@id\":\"https:\\\/\\\/www.iemj.org\\\/es\\\/#\\\/schema\\\/person\\\/906134402c29d5c76e7b726261dd4bbd\",\"name\":\"Herv\u00e9 Roten\",\"image\":{\"@type\":\"ImageObject\",\"inLanguage\":\"es\",\"@id\":\"https:\\\/\\\/secure.gravatar.com\\\/avatar\\\/f96ad2db538a26481f18384936b5cd0610c92d390c4dc382209216d455f685ff?s=96&d=mm&r=g\",\"url\":\"https:\\\/\\\/secure.gravatar.com\\\/avatar\\\/f96ad2db538a26481f18384936b5cd0610c92d390c4dc382209216d455f685ff?s=96&d=mm&r=g\",\"contentUrl\":\"https:\\\/\\\/secure.gravatar.com\\\/avatar\\\/f96ad2db538a26481f18384936b5cd0610c92d390c4dc382209216d455f685ff?s=96&d=mm&r=g\",\"caption\":\"Herv\u00e9 Roten\"}}]}<\/script>\n<!-- \/ Yoast SEO plugin. -->","yoast_head_json":{"title":"Los cantos de shabat en los ritos comtad\u00edn y portugu\u00e9s - Institut Europ\u00e9en des Musiques Juives","robots":{"index":"index","follow":"follow","max-snippet":"max-snippet:-1","max-image-preview":"max-image-preview:large","max-video-preview":"max-video-preview:-1"},"canonical":"https:\/\/www.iemj.org\/es\/les-chants-de-shabbat-dans-les-rites-comtadin-et-portugais\/","og_locale":"es_ES","og_type":"article","og_title":"Los cantos de shabat en los ritos comtad\u00edn y portugu\u00e9s - Institut Europ\u00e9en des Musiques Juives","og_description":"Una selecci\u00f3n de canciones de Shabat de las comunidades de rito portugu\u00e9s (\u00c1msterdam, Londres, Par\u00eds, Burdeos, Bayona, Nueva York, Curazao&#8230;) y del Comtat venaissin, interpretadas por Abraham Lopes Cardoso, Shimon","og_url":"https:\/\/www.iemj.org\/es\/les-chants-de-shabbat-dans-les-rites-comtadin-et-portugais\/","og_site_name":"Institut Europ\u00e9en des Musiques Juives","article_publisher":"https:\/\/www.facebook.com\/MusiquesJuives\/","article_published_time":"2021-02-15T13:40:17+00:00","article_modified_time":"2024-02-15T16:40:23+00:00","og_image":[{"width":350,"height":350,"url":"https:\/\/www.iemj.org\/wp-content\/uploads\/2021\/02\/arton5024-e1618491688483.jpg","type":"image\/jpeg"}],"author":"Herv\u00e9 Roten","twitter_card":"summary_large_image","twitter_misc":{"Escrito por":"Herv\u00e9 Roten","Tiempo de lectura":"4 minutos"},"schema":{"@context":"https:\/\/schema.org","@graph":[{"@type":"Article","@id":"https:\/\/www.iemj.org\/es\/les-chants-de-shabbat-dans-les-rites-comtadin-et-portugais\/#article","isPartOf":{"@id":"https:\/\/www.iemj.org\/es\/les-chants-de-shabbat-dans-les-rites-comtadin-et-portugais\/"},"author":{"name":"Herv\u00e9 Roten","@id":"https:\/\/www.iemj.org\/es\/#\/schema\/person\/906134402c29d5c76e7b726261dd4bbd"},"headline":"Los cantos de shabat en los ritos comtad\u00edn y portugu\u00e9s","datePublished":"2021-02-15T13:40:17+00:00","dateModified":"2024-02-15T16:40:23+00:00","mainEntityOfPage":{"@id":"https:\/\/www.iemj.org\/es\/les-chants-de-shabbat-dans-les-rites-comtadin-et-portugais\/"},"wordCount":762,"publisher":{"@id":"https:\/\/www.iemj.org\/es\/#organization"},"image":{"@id":"https:\/\/www.iemj.org\/es\/les-chants-de-shabbat-dans-les-rites-comtadin-et-portugais\/#primaryimage"},"thumbnailUrl":"https:\/\/www.iemj.org\/wp-content\/uploads\/2021\/02\/arton5024-e1618491688483.jpg","articleSection":["Listas de reproducci\u00f3n"],"inLanguage":"es"},{"@type":"WebPage","@id":"https:\/\/www.iemj.org\/es\/les-chants-de-shabbat-dans-les-rites-comtadin-et-portugais\/","url":"https:\/\/www.iemj.org\/es\/les-chants-de-shabbat-dans-les-rites-comtadin-et-portugais\/","name":"Los cantos de shabat en los ritos comtad\u00edn y portugu\u00e9s - Institut Europ\u00e9en des Musiques Juives","isPartOf":{"@id":"https:\/\/www.iemj.org\/es\/#website"},"primaryImageOfPage":{"@id":"https:\/\/www.iemj.org\/es\/les-chants-de-shabbat-dans-les-rites-comtadin-et-portugais\/#primaryimage"},"image":{"@id":"https:\/\/www.iemj.org\/es\/les-chants-de-shabbat-dans-les-rites-comtadin-et-portugais\/#primaryimage"},"thumbnailUrl":"https:\/\/www.iemj.org\/wp-content\/uploads\/2021\/02\/arton5024-e1618491688483.jpg","datePublished":"2021-02-15T13:40:17+00:00","dateModified":"2024-02-15T16:40:23+00:00","breadcrumb":{"@id":"https:\/\/www.iemj.org\/es\/les-chants-de-shabbat-dans-les-rites-comtadin-et-portugais\/#breadcrumb"},"inLanguage":"es","potentialAction":[{"@type":"ReadAction","target":["https:\/\/www.iemj.org\/es\/les-chants-de-shabbat-dans-les-rites-comtadin-et-portugais\/"]}]},{"@type":"ImageObject","inLanguage":"es","@id":"https:\/\/www.iemj.org\/es\/les-chants-de-shabbat-dans-les-rites-comtadin-et-portugais\/#primaryimage","url":"https:\/\/www.iemj.org\/wp-content\/uploads\/2021\/02\/arton5024-e1618491688483.jpg","contentUrl":"https:\/\/www.iemj.org\/wp-content\/uploads\/2021\/02\/arton5024-e1618491688483.jpg","width":350,"height":350},{"@type":"BreadcrumbList","@id":"https:\/\/www.iemj.org\/es\/les-chants-de-shabbat-dans-les-rites-comtadin-et-portugais\/#breadcrumb","itemListElement":[{"@type":"ListItem","position":1,"name":"Accueil","item":"https:\/\/www.iemj.org\/es\/"},{"@type":"ListItem","position":2,"name":"Los cantos de shabat en los ritos comtad\u00edn y portugu\u00e9s"}]},{"@type":"WebSite","@id":"https:\/\/www.iemj.org\/es\/#website","url":"https:\/\/www.iemj.org\/es\/","name":"Institut Europ\u00e9en des Musiques Juives","description":"Des traditions musicales \u00e0 la port\u00e9e de tous","publisher":{"@id":"https:\/\/www.iemj.org\/es\/#organization"},"potentialAction":[{"@type":"SearchAction","target":{"@type":"EntryPoint","urlTemplate":"https:\/\/www.iemj.org\/es\/?s={search_term_string}"},"query-input":{"@type":"PropertyValueSpecification","valueRequired":true,"valueName":"search_term_string"}}],"inLanguage":"es"},{"@type":"Organization","@id":"https:\/\/www.iemj.org\/es\/#organization","name":"Institut Europ\u00e9en des Musiques Juives","url":"https:\/\/www.iemj.org\/es\/","logo":{"@type":"ImageObject","inLanguage":"es","@id":"https:\/\/www.iemj.org\/es\/#\/schema\/logo\/image\/","url":"https:\/\/www.iemj.org\/wp-content\/uploads\/2021\/09\/Logo-IEMJ-Paypal.jpg","contentUrl":"https:\/\/www.iemj.org\/wp-content\/uploads\/2021\/09\/Logo-IEMJ-Paypal.jpg","width":150,"height":50,"caption":"Institut Europ\u00e9en des Musiques Juives"},"image":{"@id":"https:\/\/www.iemj.org\/es\/#\/schema\/logo\/image\/"},"sameAs":["https:\/\/www.facebook.com\/MusiquesJuives\/","https:\/\/www.instagram.com\/musiquesjuives\/","https:\/\/www.youtube.com\/user\/musiquesjuives"]},{"@type":"Person","@id":"https:\/\/www.iemj.org\/es\/#\/schema\/person\/906134402c29d5c76e7b726261dd4bbd","name":"Herv\u00e9 Roten","image":{"@type":"ImageObject","inLanguage":"es","@id":"https:\/\/secure.gravatar.com\/avatar\/f96ad2db538a26481f18384936b5cd0610c92d390c4dc382209216d455f685ff?s=96&d=mm&r=g","url":"https:\/\/secure.gravatar.com\/avatar\/f96ad2db538a26481f18384936b5cd0610c92d390c4dc382209216d455f685ff?s=96&d=mm&r=g","contentUrl":"https:\/\/secure.gravatar.com\/avatar\/f96ad2db538a26481f18384936b5cd0610c92d390c4dc382209216d455f685ff?s=96&d=mm&r=g","caption":"Herv\u00e9 Roten"}}]}},"_links":{"self":[{"href":"https:\/\/www.iemj.org\/es\/wp-json\/wp\/v2\/posts\/68577","targetHints":{"allow":["GET"]}}],"collection":[{"href":"https:\/\/www.iemj.org\/es\/wp-json\/wp\/v2\/posts"}],"about":[{"href":"https:\/\/www.iemj.org\/es\/wp-json\/wp\/v2\/types\/post"}],"author":[{"embeddable":true,"href":"https:\/\/www.iemj.org\/es\/wp-json\/wp\/v2\/users\/1045"}],"replies":[{"embeddable":true,"href":"https:\/\/www.iemj.org\/es\/wp-json\/wp\/v2\/comments?post=68577"}],"version-history":[{"count":0,"href":"https:\/\/www.iemj.org\/es\/wp-json\/wp\/v2\/posts\/68577\/revisions"}],"wp:featuredmedia":[{"embeddable":true,"href":"https:\/\/www.iemj.org\/es\/wp-json\/wp\/v2\/media\/68578"}],"wp:attachment":[{"href":"https:\/\/www.iemj.org\/es\/wp-json\/wp\/v2\/media?parent=68577"}],"wp:term":[{"taxonomy":"category","embeddable":true,"href":"https:\/\/www.iemj.org\/es\/wp-json\/wp\/v2\/categories?post=68577"},{"taxonomy":"post_tag","embeddable":true,"href":"https:\/\/www.iemj.org\/es\/wp-json\/wp\/v2\/tags?post=68577"},{"taxonomy":"technique","embeddable":true,"href":"https:\/\/www.iemj.org\/es\/wp-json\/wp\/v2\/technique?post=68577"},{"taxonomy":"squelettes","embeddable":true,"href":"https:\/\/www.iemj.org\/es\/wp-json\/wp\/v2\/squelettes?post=68577"},{"taxonomy":"sujet","embeddable":true,"href":"https:\/\/www.iemj.org\/es\/wp-json\/wp\/v2\/sujet?post=68577"},{"taxonomy":"formation","embeddable":true,"href":"https:\/\/www.iemj.org\/es\/wp-json\/wp\/v2\/formation?post=68577"},{"taxonomy":"genre","embeddable":true,"href":"https:\/\/www.iemj.org\/es\/wp-json\/wp\/v2\/genre?post=68577"},{"taxonomy":"fonds","embeddable":true,"href":"https:\/\/www.iemj.org\/es\/wp-json\/wp\/v2\/fonds?post=68577"},{"taxonomy":"tradition","embeddable":true,"href":"https:\/\/www.iemj.org\/es\/wp-json\/wp\/v2\/tradition?post=68577"},{"taxonomy":"type-de-contenu","embeddable":true,"href":"https:\/\/www.iemj.org\/es\/wp-json\/wp\/v2\/type-de-contenu?post=68577"},{"taxonomy":"interprete-compositeur","embeddable":true,"href":"https:\/\/www.iemj.org\/es\/wp-json\/wp\/v2\/interprete-compositeur?post=68577"},{"taxonomy":"frise","embeddable":true,"href":"https:\/\/www.iemj.org\/es\/wp-json\/wp\/v2\/frise?post=68577"},{"taxonomy":"type-devenement","embeddable":true,"href":"https:\/\/www.iemj.org\/es\/wp-json\/wp\/v2\/type-devenement?post=68577"},{"taxonomy":"tableaux-liens-externes","embeddable":true,"href":"https:\/\/www.iemj.org\/es\/wp-json\/wp\/v2\/tableaux-liens-externes?post=68577"}],"curies":[{"name":"wp","href":"https:\/\/api.w.org\/{rel}","templated":true}]}}