{"id":68878,"date":"2021-01-20T13:37:54","date_gmt":"2021-01-20T12:37:54","guid":{"rendered":"https:\/\/www.iemj.org\/les-chants-de-shabbat-dans-le-rite-algerien\/"},"modified":"2024-02-16T15:40:12","modified_gmt":"2024-02-16T14:40:12","slug":"les-chants-de-shabbat-dans-le-rite-algerien","status":"publish","type":"post","link":"https:\/\/www.iemj.org\/es\/les-chants-de-shabbat-dans-le-rite-algerien\/","title":{"rendered":"Los cantos de shabat en el rito argelino"},"content":{"rendered":"<p><strong>Una selecci\u00f3n de cantos de shabat de Argelia interpretados por Georges Haik, Haim Harboun, Andr\u00e9 Taieb, Adolphe Attia, Albert Bouadana, Malkiel Benamara, Philippe Darmon, Enrico Macias<\/strong><\/p>\n<p><!--more--><\/p>\n<p>El shabat, d\u00eda libre, es una instituci\u00f3n de la vida jud\u00eda. Y los cantos que dan el ritmo en este d\u00eda particular, tienen un lugar importante, tan en la sinagoga con los cinco oficios de <em>Kabbalat shabbat <\/em>en <em>Motsei shabbat<\/em>, como en la casa con los rituales de encendido de las velas, el <em>Kiddoush <\/em>(bendici\u00f3n del vino) del viernes por la noche, el <a href=\"https:\/\/es.wikipedia.org\/wiki\/Birkat_Hamaz%C3%B3n\" target=\"_blank\" rel=\"noopener\">Birkat hamazone<\/a> (acci\u00f3n de gracia al fin de la comida), o la <a href=\"https:\/\/fr.wikipedia.org\/wiki\/Havdalah\"><em>H<\/em><\/a><a href=\"https:\/\/es.wikipedia.org\/wiki\/Havdalah\" target=\"_blank\" rel=\"noopener\">avdala<\/a> (\u00faltimo <em>Kiddoush <\/em>cerrando el shabat). Es tambi\u00e9n de costumbre cantar, durante cuatro comidas de shabat, numerosas poes\u00edas religiosas llamadas <em>Zemirot <\/em>(o\u00a0<em>Tish nigunim<\/em>\u00a0en en el jas\u00eddismo).<\/p>\n<p>El shabat permite as\u00ed buscar su voz interior a trav\u00e9s de su voz exterior.<\/p>\n<p>La lista de reproducci\u00f3n siguiente os presenta una selecci\u00f3n de melod\u00edas de shabat interpretadas por cantores originarios de Tremec\u00e9n, Constantina o Argel, como especialmente Georges Haik, Haim Harboun, Andr\u00e9 Taieb, Adolphe Attia, Philippe y Jonathan Darmon&#8230; Hay que destacar que muchas de piezas de esta lista de reproducci\u00f3n son, para las necesidades de la grabaci\u00f3n, acompa\u00f1ados de instrumentos de m\u00fasica, cuya la pr\u00e1ctica es prohibida durante el shabat en la mayor\u00eda de las comunidades jud\u00edas.<\/p>\n<p><a href=\"https:\/\/www.iemj.org\/es\/les-chants-de-shabbat\/\" target=\"_blank\" rel=\"noopener\">Leer el art\u00edculo en los cantos de shabat<\/a><\/p>\n\n\n<figure class=\"wp-block-image size-large\"><img fetchpriority=\"high\" decoding=\"async\" width=\"1024\" height=\"146\" src=\"https:\/\/www.iemj.org\/wp-content\/uploads\/2023\/01\/Bandeau-Playlist_ES2-1024x146.jpg\" alt=\"\" class=\"wp-image-93117\" srcset=\"https:\/\/www.iemj.org\/wp-content\/uploads\/2023\/01\/Bandeau-Playlist_ES2-1024x146.jpg 1024w, https:\/\/www.iemj.org\/wp-content\/uploads\/2023\/01\/Bandeau-Playlist_ES2-300x43.jpg 300w, https:\/\/www.iemj.org\/wp-content\/uploads\/2023\/01\/Bandeau-Playlist_ES2-768x110.jpg 768w, https:\/\/www.iemj.org\/wp-content\/uploads\/2023\/01\/Bandeau-Playlist_ES2-1536x220.jpg 1536w, https:\/\/www.iemj.org\/wp-content\/uploads\/2023\/01\/Bandeau-Playlist_ES2-600x86.jpg 600w, https:\/\/www.iemj.org\/wp-content\/uploads\/2023\/01\/Bandeau-Playlist_ES2.jpg 1608w\" sizes=\"(max-width: 1024px) 100vw, 1024px\" \/><\/figure>\n\n\n\n<div class=\"wp-block-file\"><a id=\"wp-block-file--media-984d5701-1e09-4c01-ac8c-e22745e12dbe\" href=\"https:\/\/www.iemj.org\/wp-content\/uploads\/2021\/01\/01_yah_ribonn_alam_-_haim_harboun.mp3\">Yah Ribonn alam &#8211; Haim Harboun<\/a><\/div>\n\n\n\n<div class=\"wp-block-file\"><a id=\"wp-block-file--media-605608f7-9215-49d7-88a4-18b034e17ce2\" href=\"https:\/\/www.iemj.org\/wp-content\/uploads\/2021\/01\/02_sortie_de_la_thora_du_samedi_matin_tlemcen_.mp3\">Sortie de la Thora du samedi matin (Tlemcen)<\/a><\/div>\n\n\n\n<div class=\"wp-block-file\"><a id=\"wp-block-file--media-6299b6e3-8c82-4da3-8f15-73c9e3732ae6\" href=\"https:\/\/www.iemj.org\/wp-content\/uploads\/2021\/01\/03_el_adon_tlemcen_.mp3\">El Adon (Tlemcen) <\/a><\/div>\n\n\n\n<div class=\"wp-block-file\"><a id=\"wp-block-file--media-40c52257-3598-4f9e-a365-7718b706389e\" href=\"https:\/\/www.iemj.org\/wp-content\/uploads\/2021\/01\/04_quedoushah_-_andre_taieb_constantine_extrait_.mp3\">Quedoushah &#8211; Andr\u00e9 Taieb (Constantine) (Extrait)<\/a><\/div>\n\n\n\n<div class=\"wp-block-file\"><a id=\"wp-block-file--media-bb51fb81-aa0f-48d9-9fc4-5b0c19fb321f\" href=\"https:\/\/www.iemj.org\/wp-content\/uploads\/2021\/01\/05_hashkivenou_-_andre_taieb_constantine_.mp3\">Hashkivenou &#8211; Andr\u00e9 Taieb (Constantine)<\/a><\/div>\n\n\n\n<div class=\"wp-block-file\"><a id=\"wp-block-file--media-3574449d-ea1d-41b8-84b2-ba46dfb687d7\" href=\"https:\/\/www.iemj.org\/wp-content\/uploads\/2021\/01\/06_igdal_elokim_hai_-_enrico_macias_extrait_.mp3\">Igdal elohim hai &#8211; Enrico Macias (Extrait)<\/a><\/div>\n\n\n\n<div class=\"wp-block-file\"><a id=\"wp-block-file--media-384e535d-7e6d-4a29-b5e4-7c31e5eaaa1a\" href=\"https:\/\/www.iemj.org\/wp-content\/uploads\/2021\/01\/07_bar_yohai_-_adolphe_attia_albert_bouadana_malkiel_benamara_et_philippe_darmon_extrait_.mp3\">Bar Yohai &#8211; Adolphe Attia Albert Bouadana Malkiel Benamara et Philippe Darmon (Extrait)<\/a><\/div>\n\n\n\n<div class=\"wp-block-file\"><a id=\"wp-block-file--media-03eb4c71-7fc5-437c-a34c-a4cc357ead06\" href=\"https:\/\/www.iemj.org\/wp-content\/uploads\/2021\/01\/08_bar_yohai_-_jonathan_et_philippe_darmon_-_maurice_el_medioni_piano_extrait_.mp3\">Bar Yohai &#8211; Jonathan et Philippe Darmon, Maurice el Medioni (piano) (Extrait)<\/a><\/div>\n\n\n\n<div class=\"wp-block-file\"><a id=\"wp-block-file--media-2a572fa0-d644-42f6-834f-e9bba8d25335\" href=\"https:\/\/www.iemj.org\/wp-content\/uploads\/2021\/01\/09_bemotse_yom_menouha_havdala_alger__philippe_darmon_-_maurice_el_medioni_piano_extrait_.mp3\">Bemotse Yom Menouha (Havdala) (Alger) &#8211; Philippe Darmon, Maurice el Medioni (piano) (Extrait) <\/a><\/div>\n","protected":false},"excerpt":{"rendered":"<p>Una selecci\u00f3n de cantos de shabat de Argelia interpretados por Georges Haik, Haim Harboun, Andr\u00e9 Taieb, Adolphe Attia, Albert Bouadana, Malkiel Benamara, Philippe Darmon, Enrico Macias<\/p>\n","protected":false},"author":1045,"featured_media":68879,"comment_status":"closed","ping_status":"closed","sticky":false,"template":"","format":"standard","meta":{"_acf_changed":false,"footnotes":""},"categories":[1535],"tags":[],"technique":[],"squelettes":[],"sujet":[1854],"formation":[],"genre":[1890],"fonds":[],"tradition":[1987],"type-de-contenu":[],"interprete-compositeur":[],"frise":[],"type-devenement":[],"tableaux-liens-externes":[],"class_list":["post-68878","post","type-post","status-publish","format-standard","has-post-thumbnail","hentry","category-listas-de-reproduccion-es","sujet-shabat-es","genre-liturgia-es","tradition-rito-argelino-es"],"acf":[],"yoast_head":"<!-- This site is optimized with the Yoast SEO plugin v27.3 - https:\/\/yoast.com\/product\/yoast-seo-wordpress\/ -->\n<title>Los cantos de shabat en el rito argelino - Institut Europ\u00e9en des Musiques Juives<\/title>\n<meta name=\"robots\" content=\"index, follow, max-snippet:-1, max-image-preview:large, max-video-preview:-1\" \/>\n<link rel=\"canonical\" href=\"https:\/\/www.iemj.org\/es\/les-chants-de-shabbat-dans-le-rite-algerien\/\" \/>\n<meta property=\"og:locale\" content=\"es_ES\" \/>\n<meta property=\"og:type\" content=\"article\" \/>\n<meta property=\"og:title\" content=\"Los cantos de shabat en el rito argelino - Institut Europ\u00e9en des Musiques Juives\" \/>\n<meta property=\"og:description\" content=\"Una selecci\u00f3n de cantos de shabat de Argelia interpretados por Georges Haik, Haim Harboun, Andr\u00e9 Taieb, Adolphe Attia, Albert Bouadana, Malkiel Benamara, Philippe Darmon, Enrico Macias\" \/>\n<meta property=\"og:url\" content=\"https:\/\/www.iemj.org\/es\/les-chants-de-shabbat-dans-le-rite-algerien\/\" \/>\n<meta property=\"og:site_name\" content=\"Institut Europ\u00e9en des Musiques Juives\" \/>\n<meta property=\"article:publisher\" content=\"https:\/\/www.facebook.com\/MusiquesJuives\/\" \/>\n<meta property=\"article:published_time\" content=\"2021-01-20T12:37:54+00:00\" \/>\n<meta property=\"article:modified_time\" content=\"2024-02-16T14:40:12+00:00\" \/>\n<meta property=\"og:image\" content=\"https:\/\/www.iemj.org\/wp-content\/uploads\/2021\/01\/arton4980-e1618493033136.jpg\" \/>\n\t<meta property=\"og:image:width\" content=\"350\" \/>\n\t<meta property=\"og:image:height\" content=\"348\" \/>\n\t<meta property=\"og:image:type\" content=\"image\/jpeg\" \/>\n<meta name=\"author\" content=\"Herv\u00e9 Roten\" \/>\n<meta name=\"twitter:card\" content=\"summary_large_image\" \/>\n<meta name=\"twitter:label1\" content=\"Escrito por\" \/>\n\t<meta name=\"twitter:data1\" content=\"Herv\u00e9 Roten\" \/>\n\t<meta name=\"twitter:label2\" content=\"Tiempo de lectura\" \/>\n\t<meta name=\"twitter:data2\" content=\"2 minutos\" \/>\n<script type=\"application\/ld+json\" class=\"yoast-schema-graph\">{\"@context\":\"https:\\\/\\\/schema.org\",\"@graph\":[{\"@type\":\"Article\",\"@id\":\"https:\\\/\\\/www.iemj.org\\\/es\\\/les-chants-de-shabbat-dans-le-rite-algerien\\\/#article\",\"isPartOf\":{\"@id\":\"https:\\\/\\\/www.iemj.org\\\/es\\\/les-chants-de-shabbat-dans-le-rite-algerien\\\/\"},\"author\":{\"name\":\"Herv\u00e9 Roten\",\"@id\":\"https:\\\/\\\/www.iemj.org\\\/es\\\/#\\\/schema\\\/person\\\/906134402c29d5c76e7b726261dd4bbd\"},\"headline\":\"Los cantos de shabat en el rito argelino\",\"datePublished\":\"2021-01-20T12:37:54+00:00\",\"dateModified\":\"2024-02-16T14:40:12+00:00\",\"mainEntityOfPage\":{\"@id\":\"https:\\\/\\\/www.iemj.org\\\/es\\\/les-chants-de-shabbat-dans-le-rite-algerien\\\/\"},\"wordCount\":331,\"publisher\":{\"@id\":\"https:\\\/\\\/www.iemj.org\\\/es\\\/#organization\"},\"image\":{\"@id\":\"https:\\\/\\\/www.iemj.org\\\/es\\\/les-chants-de-shabbat-dans-le-rite-algerien\\\/#primaryimage\"},\"thumbnailUrl\":\"https:\\\/\\\/www.iemj.org\\\/wp-content\\\/uploads\\\/2021\\\/01\\\/arton4980-e1618493033136.jpg\",\"articleSection\":[\"Listas de reproducci\u00f3n\"],\"inLanguage\":\"es\"},{\"@type\":\"WebPage\",\"@id\":\"https:\\\/\\\/www.iemj.org\\\/es\\\/les-chants-de-shabbat-dans-le-rite-algerien\\\/\",\"url\":\"https:\\\/\\\/www.iemj.org\\\/es\\\/les-chants-de-shabbat-dans-le-rite-algerien\\\/\",\"name\":\"Los cantos de shabat en el rito argelino - Institut Europ\u00e9en des Musiques Juives\",\"isPartOf\":{\"@id\":\"https:\\\/\\\/www.iemj.org\\\/es\\\/#website\"},\"primaryImageOfPage\":{\"@id\":\"https:\\\/\\\/www.iemj.org\\\/es\\\/les-chants-de-shabbat-dans-le-rite-algerien\\\/#primaryimage\"},\"image\":{\"@id\":\"https:\\\/\\\/www.iemj.org\\\/es\\\/les-chants-de-shabbat-dans-le-rite-algerien\\\/#primaryimage\"},\"thumbnailUrl\":\"https:\\\/\\\/www.iemj.org\\\/wp-content\\\/uploads\\\/2021\\\/01\\\/arton4980-e1618493033136.jpg\",\"datePublished\":\"2021-01-20T12:37:54+00:00\",\"dateModified\":\"2024-02-16T14:40:12+00:00\",\"breadcrumb\":{\"@id\":\"https:\\\/\\\/www.iemj.org\\\/es\\\/les-chants-de-shabbat-dans-le-rite-algerien\\\/#breadcrumb\"},\"inLanguage\":\"es\",\"potentialAction\":[{\"@type\":\"ReadAction\",\"target\":[\"https:\\\/\\\/www.iemj.org\\\/es\\\/les-chants-de-shabbat-dans-le-rite-algerien\\\/\"]}]},{\"@type\":\"ImageObject\",\"inLanguage\":\"es\",\"@id\":\"https:\\\/\\\/www.iemj.org\\\/es\\\/les-chants-de-shabbat-dans-le-rite-algerien\\\/#primaryimage\",\"url\":\"https:\\\/\\\/www.iemj.org\\\/wp-content\\\/uploads\\\/2021\\\/01\\\/arton4980-e1618493033136.jpg\",\"contentUrl\":\"https:\\\/\\\/www.iemj.org\\\/wp-content\\\/uploads\\\/2021\\\/01\\\/arton4980-e1618493033136.jpg\",\"width\":350,\"height\":348},{\"@type\":\"BreadcrumbList\",\"@id\":\"https:\\\/\\\/www.iemj.org\\\/es\\\/les-chants-de-shabbat-dans-le-rite-algerien\\\/#breadcrumb\",\"itemListElement\":[{\"@type\":\"ListItem\",\"position\":1,\"name\":\"Accueil\",\"item\":\"https:\\\/\\\/www.iemj.org\\\/es\\\/\"},{\"@type\":\"ListItem\",\"position\":2,\"name\":\"Los cantos de shabat en el rito argelino\"}]},{\"@type\":\"WebSite\",\"@id\":\"https:\\\/\\\/www.iemj.org\\\/es\\\/#website\",\"url\":\"https:\\\/\\\/www.iemj.org\\\/es\\\/\",\"name\":\"Institut Europ\u00e9en des Musiques Juives\",\"description\":\"Des traditions musicales \u00e0 la port\u00e9e de tous\",\"publisher\":{\"@id\":\"https:\\\/\\\/www.iemj.org\\\/es\\\/#organization\"},\"potentialAction\":[{\"@type\":\"SearchAction\",\"target\":{\"@type\":\"EntryPoint\",\"urlTemplate\":\"https:\\\/\\\/www.iemj.org\\\/es\\\/?s={search_term_string}\"},\"query-input\":{\"@type\":\"PropertyValueSpecification\",\"valueRequired\":true,\"valueName\":\"search_term_string\"}}],\"inLanguage\":\"es\"},{\"@type\":\"Organization\",\"@id\":\"https:\\\/\\\/www.iemj.org\\\/es\\\/#organization\",\"name\":\"Institut Europ\u00e9en des Musiques Juives\",\"url\":\"https:\\\/\\\/www.iemj.org\\\/es\\\/\",\"logo\":{\"@type\":\"ImageObject\",\"inLanguage\":\"es\",\"@id\":\"https:\\\/\\\/www.iemj.org\\\/es\\\/#\\\/schema\\\/logo\\\/image\\\/\",\"url\":\"https:\\\/\\\/www.iemj.org\\\/wp-content\\\/uploads\\\/2021\\\/09\\\/Logo-IEMJ-Paypal.jpg\",\"contentUrl\":\"https:\\\/\\\/www.iemj.org\\\/wp-content\\\/uploads\\\/2021\\\/09\\\/Logo-IEMJ-Paypal.jpg\",\"width\":150,\"height\":50,\"caption\":\"Institut Europ\u00e9en des Musiques Juives\"},\"image\":{\"@id\":\"https:\\\/\\\/www.iemj.org\\\/es\\\/#\\\/schema\\\/logo\\\/image\\\/\"},\"sameAs\":[\"https:\\\/\\\/www.facebook.com\\\/MusiquesJuives\\\/\",\"https:\\\/\\\/www.instagram.com\\\/musiquesjuives\\\/\",\"https:\\\/\\\/www.youtube.com\\\/user\\\/musiquesjuives\"]},{\"@type\":\"Person\",\"@id\":\"https:\\\/\\\/www.iemj.org\\\/es\\\/#\\\/schema\\\/person\\\/906134402c29d5c76e7b726261dd4bbd\",\"name\":\"Herv\u00e9 Roten\",\"image\":{\"@type\":\"ImageObject\",\"inLanguage\":\"es\",\"@id\":\"https:\\\/\\\/secure.gravatar.com\\\/avatar\\\/f96ad2db538a26481f18384936b5cd0610c92d390c4dc382209216d455f685ff?s=96&d=mm&r=g\",\"url\":\"https:\\\/\\\/secure.gravatar.com\\\/avatar\\\/f96ad2db538a26481f18384936b5cd0610c92d390c4dc382209216d455f685ff?s=96&d=mm&r=g\",\"contentUrl\":\"https:\\\/\\\/secure.gravatar.com\\\/avatar\\\/f96ad2db538a26481f18384936b5cd0610c92d390c4dc382209216d455f685ff?s=96&d=mm&r=g\",\"caption\":\"Herv\u00e9 Roten\"}}]}<\/script>\n<!-- \/ Yoast SEO plugin. -->","yoast_head_json":{"title":"Los cantos de shabat en el rito argelino - Institut Europ\u00e9en des Musiques Juives","robots":{"index":"index","follow":"follow","max-snippet":"max-snippet:-1","max-image-preview":"max-image-preview:large","max-video-preview":"max-video-preview:-1"},"canonical":"https:\/\/www.iemj.org\/es\/les-chants-de-shabbat-dans-le-rite-algerien\/","og_locale":"es_ES","og_type":"article","og_title":"Los cantos de shabat en el rito argelino - Institut Europ\u00e9en des Musiques Juives","og_description":"Una selecci\u00f3n de cantos de shabat de Argelia interpretados por Georges Haik, Haim Harboun, Andr\u00e9 Taieb, Adolphe Attia, Albert Bouadana, Malkiel Benamara, Philippe Darmon, Enrico Macias","og_url":"https:\/\/www.iemj.org\/es\/les-chants-de-shabbat-dans-le-rite-algerien\/","og_site_name":"Institut Europ\u00e9en des Musiques Juives","article_publisher":"https:\/\/www.facebook.com\/MusiquesJuives\/","article_published_time":"2021-01-20T12:37:54+00:00","article_modified_time":"2024-02-16T14:40:12+00:00","og_image":[{"width":350,"height":348,"url":"https:\/\/www.iemj.org\/wp-content\/uploads\/2021\/01\/arton4980-e1618493033136.jpg","type":"image\/jpeg"}],"author":"Herv\u00e9 Roten","twitter_card":"summary_large_image","twitter_misc":{"Escrito por":"Herv\u00e9 Roten","Tiempo de lectura":"2 minutos"},"schema":{"@context":"https:\/\/schema.org","@graph":[{"@type":"Article","@id":"https:\/\/www.iemj.org\/es\/les-chants-de-shabbat-dans-le-rite-algerien\/#article","isPartOf":{"@id":"https:\/\/www.iemj.org\/es\/les-chants-de-shabbat-dans-le-rite-algerien\/"},"author":{"name":"Herv\u00e9 Roten","@id":"https:\/\/www.iemj.org\/es\/#\/schema\/person\/906134402c29d5c76e7b726261dd4bbd"},"headline":"Los cantos de shabat en el rito argelino","datePublished":"2021-01-20T12:37:54+00:00","dateModified":"2024-02-16T14:40:12+00:00","mainEntityOfPage":{"@id":"https:\/\/www.iemj.org\/es\/les-chants-de-shabbat-dans-le-rite-algerien\/"},"wordCount":331,"publisher":{"@id":"https:\/\/www.iemj.org\/es\/#organization"},"image":{"@id":"https:\/\/www.iemj.org\/es\/les-chants-de-shabbat-dans-le-rite-algerien\/#primaryimage"},"thumbnailUrl":"https:\/\/www.iemj.org\/wp-content\/uploads\/2021\/01\/arton4980-e1618493033136.jpg","articleSection":["Listas de reproducci\u00f3n"],"inLanguage":"es"},{"@type":"WebPage","@id":"https:\/\/www.iemj.org\/es\/les-chants-de-shabbat-dans-le-rite-algerien\/","url":"https:\/\/www.iemj.org\/es\/les-chants-de-shabbat-dans-le-rite-algerien\/","name":"Los cantos de shabat en el rito argelino - Institut Europ\u00e9en des Musiques Juives","isPartOf":{"@id":"https:\/\/www.iemj.org\/es\/#website"},"primaryImageOfPage":{"@id":"https:\/\/www.iemj.org\/es\/les-chants-de-shabbat-dans-le-rite-algerien\/#primaryimage"},"image":{"@id":"https:\/\/www.iemj.org\/es\/les-chants-de-shabbat-dans-le-rite-algerien\/#primaryimage"},"thumbnailUrl":"https:\/\/www.iemj.org\/wp-content\/uploads\/2021\/01\/arton4980-e1618493033136.jpg","datePublished":"2021-01-20T12:37:54+00:00","dateModified":"2024-02-16T14:40:12+00:00","breadcrumb":{"@id":"https:\/\/www.iemj.org\/es\/les-chants-de-shabbat-dans-le-rite-algerien\/#breadcrumb"},"inLanguage":"es","potentialAction":[{"@type":"ReadAction","target":["https:\/\/www.iemj.org\/es\/les-chants-de-shabbat-dans-le-rite-algerien\/"]}]},{"@type":"ImageObject","inLanguage":"es","@id":"https:\/\/www.iemj.org\/es\/les-chants-de-shabbat-dans-le-rite-algerien\/#primaryimage","url":"https:\/\/www.iemj.org\/wp-content\/uploads\/2021\/01\/arton4980-e1618493033136.jpg","contentUrl":"https:\/\/www.iemj.org\/wp-content\/uploads\/2021\/01\/arton4980-e1618493033136.jpg","width":350,"height":348},{"@type":"BreadcrumbList","@id":"https:\/\/www.iemj.org\/es\/les-chants-de-shabbat-dans-le-rite-algerien\/#breadcrumb","itemListElement":[{"@type":"ListItem","position":1,"name":"Accueil","item":"https:\/\/www.iemj.org\/es\/"},{"@type":"ListItem","position":2,"name":"Los cantos de shabat en el rito argelino"}]},{"@type":"WebSite","@id":"https:\/\/www.iemj.org\/es\/#website","url":"https:\/\/www.iemj.org\/es\/","name":"Institut Europ\u00e9en des Musiques Juives","description":"Des traditions musicales \u00e0 la port\u00e9e de tous","publisher":{"@id":"https:\/\/www.iemj.org\/es\/#organization"},"potentialAction":[{"@type":"SearchAction","target":{"@type":"EntryPoint","urlTemplate":"https:\/\/www.iemj.org\/es\/?s={search_term_string}"},"query-input":{"@type":"PropertyValueSpecification","valueRequired":true,"valueName":"search_term_string"}}],"inLanguage":"es"},{"@type":"Organization","@id":"https:\/\/www.iemj.org\/es\/#organization","name":"Institut Europ\u00e9en des Musiques Juives","url":"https:\/\/www.iemj.org\/es\/","logo":{"@type":"ImageObject","inLanguage":"es","@id":"https:\/\/www.iemj.org\/es\/#\/schema\/logo\/image\/","url":"https:\/\/www.iemj.org\/wp-content\/uploads\/2021\/09\/Logo-IEMJ-Paypal.jpg","contentUrl":"https:\/\/www.iemj.org\/wp-content\/uploads\/2021\/09\/Logo-IEMJ-Paypal.jpg","width":150,"height":50,"caption":"Institut Europ\u00e9en des Musiques Juives"},"image":{"@id":"https:\/\/www.iemj.org\/es\/#\/schema\/logo\/image\/"},"sameAs":["https:\/\/www.facebook.com\/MusiquesJuives\/","https:\/\/www.instagram.com\/musiquesjuives\/","https:\/\/www.youtube.com\/user\/musiquesjuives"]},{"@type":"Person","@id":"https:\/\/www.iemj.org\/es\/#\/schema\/person\/906134402c29d5c76e7b726261dd4bbd","name":"Herv\u00e9 Roten","image":{"@type":"ImageObject","inLanguage":"es","@id":"https:\/\/secure.gravatar.com\/avatar\/f96ad2db538a26481f18384936b5cd0610c92d390c4dc382209216d455f685ff?s=96&d=mm&r=g","url":"https:\/\/secure.gravatar.com\/avatar\/f96ad2db538a26481f18384936b5cd0610c92d390c4dc382209216d455f685ff?s=96&d=mm&r=g","contentUrl":"https:\/\/secure.gravatar.com\/avatar\/f96ad2db538a26481f18384936b5cd0610c92d390c4dc382209216d455f685ff?s=96&d=mm&r=g","caption":"Herv\u00e9 Roten"}}]}},"_links":{"self":[{"href":"https:\/\/www.iemj.org\/es\/wp-json\/wp\/v2\/posts\/68878","targetHints":{"allow":["GET"]}}],"collection":[{"href":"https:\/\/www.iemj.org\/es\/wp-json\/wp\/v2\/posts"}],"about":[{"href":"https:\/\/www.iemj.org\/es\/wp-json\/wp\/v2\/types\/post"}],"author":[{"embeddable":true,"href":"https:\/\/www.iemj.org\/es\/wp-json\/wp\/v2\/users\/1045"}],"replies":[{"embeddable":true,"href":"https:\/\/www.iemj.org\/es\/wp-json\/wp\/v2\/comments?post=68878"}],"version-history":[{"count":0,"href":"https:\/\/www.iemj.org\/es\/wp-json\/wp\/v2\/posts\/68878\/revisions"}],"wp:featuredmedia":[{"embeddable":true,"href":"https:\/\/www.iemj.org\/es\/wp-json\/wp\/v2\/media\/68879"}],"wp:attachment":[{"href":"https:\/\/www.iemj.org\/es\/wp-json\/wp\/v2\/media?parent=68878"}],"wp:term":[{"taxonomy":"category","embeddable":true,"href":"https:\/\/www.iemj.org\/es\/wp-json\/wp\/v2\/categories?post=68878"},{"taxonomy":"post_tag","embeddable":true,"href":"https:\/\/www.iemj.org\/es\/wp-json\/wp\/v2\/tags?post=68878"},{"taxonomy":"technique","embeddable":true,"href":"https:\/\/www.iemj.org\/es\/wp-json\/wp\/v2\/technique?post=68878"},{"taxonomy":"squelettes","embeddable":true,"href":"https:\/\/www.iemj.org\/es\/wp-json\/wp\/v2\/squelettes?post=68878"},{"taxonomy":"sujet","embeddable":true,"href":"https:\/\/www.iemj.org\/es\/wp-json\/wp\/v2\/sujet?post=68878"},{"taxonomy":"formation","embeddable":true,"href":"https:\/\/www.iemj.org\/es\/wp-json\/wp\/v2\/formation?post=68878"},{"taxonomy":"genre","embeddable":true,"href":"https:\/\/www.iemj.org\/es\/wp-json\/wp\/v2\/genre?post=68878"},{"taxonomy":"fonds","embeddable":true,"href":"https:\/\/www.iemj.org\/es\/wp-json\/wp\/v2\/fonds?post=68878"},{"taxonomy":"tradition","embeddable":true,"href":"https:\/\/www.iemj.org\/es\/wp-json\/wp\/v2\/tradition?post=68878"},{"taxonomy":"type-de-contenu","embeddable":true,"href":"https:\/\/www.iemj.org\/es\/wp-json\/wp\/v2\/type-de-contenu?post=68878"},{"taxonomy":"interprete-compositeur","embeddable":true,"href":"https:\/\/www.iemj.org\/es\/wp-json\/wp\/v2\/interprete-compositeur?post=68878"},{"taxonomy":"frise","embeddable":true,"href":"https:\/\/www.iemj.org\/es\/wp-json\/wp\/v2\/frise?post=68878"},{"taxonomy":"type-devenement","embeddable":true,"href":"https:\/\/www.iemj.org\/es\/wp-json\/wp\/v2\/type-devenement?post=68878"},{"taxonomy":"tableaux-liens-externes","embeddable":true,"href":"https:\/\/www.iemj.org\/es\/wp-json\/wp\/v2\/tableaux-liens-externes?post=68878"}],"curies":[{"name":"wp","href":"https:\/\/api.w.org\/{rel}","templated":true}]}}