{"id":69385,"date":"2016-09-14T10:26:50","date_gmt":"2016-09-14T08:26:50","guid":{"rendered":"https:\/\/www.iemj.org\/les-chants-judeo-espagnols-2\/"},"modified":"2025-05-27T12:32:06","modified_gmt":"2025-05-27T10:32:06","slug":"les-chants-judeo-espagnols-2","status":"publish","type":"post","link":"https:\/\/www.iemj.org\/es\/les-chants-judeo-espagnols-2\/","title":{"rendered":"Los cantos judeo-espa\u00f1oles 2"},"content":{"rendered":"<p><strong>M\u00fasicas en judeo-espa\u00f1ol, idioma vern\u00e1culo de los descendientes de los jud\u00edos expulsados de la pen\u00ednsula ib\u00e9rica en 1492 y 1497<\/strong><\/p>\n<p><!--more-->Despu\u00e9s de su expulsi\u00f3n, los jud\u00edos sefard\u00edes (el t\u00e9rmino significa \u00abEspa\u00f1a\u00bb en hebreo) establecieron nuevas comunidades en la regi\u00f3n mediterr\u00e1nea, especialmente en estas regiones dependientes del imperio otomano: Turqu\u00eda, Grecia, Bosnia, Bulgaria, Siria y Palestina.<\/p>\n<p>Desde el final de los a\u00f1os 60, el cat\u00e1logo de cantos populares judeo-espa\u00f1oles est\u00e1 de moda en Europa, en Am\u00e9rica del Norte, en Am\u00e9rica Latina y en Israel. Pero en la mayor\u00eda, o la totalidad, discos puestos en el mercado son grabaciones realizados por int\u00e9rpretes profesionales a partir de transcripciones musicales proviniendo de las antolog\u00edas y arregladas. Existe poco grabaciones de estos cantos en una interpretaci\u00f3n verdaderamente tradicional.<\/p>\n<p><img fetchpriority=\"high\" decoding=\"async\" class=\" wp-image-11572 alignright\" src=\"https:\/\/www.iemj.org\/wp-content\/uploads\/2016\/09\/doc_judeo-espagnol_2_500px_75.jpg\" alt=\"doc_judeo-espagnol_2_500px_75.jpg\" width=\"216\" height=\"256\" align=\"middle\" srcset=\"https:\/\/www.iemj.org\/wp-content\/uploads\/2016\/09\/doc_judeo-espagnol_2_500px_75.jpg 375w, https:\/\/www.iemj.org\/wp-content\/uploads\/2016\/09\/doc_judeo-espagnol_2_500px_75-253x300.jpg 253w\" sizes=\"(max-width: 216px) 100vw, 216px\" \/>La lista de reproducci\u00f3n que os proponemos m\u00e1s abajo es representativa de esta diversidad de interpretaciones.<\/p>\n<ul>\n<li><a href=\"https:\/\/www.iemj.org\/es\/le-chant-des-juifs-sefarades\/\" target=\"_blank\" rel=\"noopener\">M\u00e1s informaciones sobre el canto judeo-espa\u00f1ol<\/a><\/li>\n<li><a href=\"http:\/\/www.sephardicmusic.org\/about.htm\" target=\"_blank\" rel=\"noopener\">Visitar el sitio de Jo\u00ebl Bresler: Sephardic Music: A century of recordings<\/a><\/li>\n<li><a href=\"https:\/\/www.iemj.org\/le-renouveau-des-musiques-judeo-espagnoles\/\" target=\"_blank\" rel=\"noopener\">Escuchar la emisi\u00f3n de radio: La renovaci\u00f3n de las m\u00fasicas judeo-espa\u00f1olas, presentada por Herv\u00e9 Roten<\/a><\/li>\n<li><a href=\"https:\/\/www.iemj.org\/es\/les-chants-judeo-espagnols-3\/\" target=\"_blank\" rel=\"noopener\">Escuchar la lista de reproducci\u00f3n: Cantos judeo-espa\u00f1oles 3<\/a><\/li>\n<li><a href=\"https:\/\/www.iemj.org\/es\/les-chants-judeo-espagnols-1\/\" target=\"_blank\" rel=\"noopener\">Escuchar la lista de reproducci\u00f3n: Cantos judeo-espa\u00f1oles 1<\/a><\/li>\n<\/ul>\n\n<div class=\"wp-block-image\">\n<figure class=\"aligncenter size-large\"><img decoding=\"async\" width=\"1024\" height=\"133\" src=\"https:\/\/www.iemj.org\/wp-content\/uploads\/2024\/03\/AUDIO-PLAYER-1024x133.png\" alt=\"\" class=\"wp-image-110610\" srcset=\"https:\/\/www.iemj.org\/wp-content\/uploads\/2024\/03\/AUDIO-PLAYER-1024x133.png 1024w, https:\/\/www.iemj.org\/wp-content\/uploads\/2024\/03\/AUDIO-PLAYER-300x39.png 300w, https:\/\/www.iemj.org\/wp-content\/uploads\/2024\/03\/AUDIO-PLAYER-768x100.png 768w, https:\/\/www.iemj.org\/wp-content\/uploads\/2024\/03\/AUDIO-PLAYER-600x78.png 600w, https:\/\/www.iemj.org\/wp-content\/uploads\/2024\/03\/AUDIO-PLAYER.png 1210w\" sizes=\"(max-width: 1024px) 100vw, 1024px\" \/><\/figure>\n<\/div>\n\n\n<h2 class=\"wp-block-heading\"><\/h2>\n\n\n\n<div class=\"wp-block-file\"><a href=\"https:\/\/www.iemj.org\/wp-content\/uploads\/2016\/09\/dize_la_nuestra_novia_-_cantos_judeo-espanoles_de_marruecos.mp3\">Dize La Nuestra Novia &#8211; Cantos Judeo-espanoles de Marruecos<\/a><\/div>\n\n\n\n<div class=\"wp-block-file\"><a href=\"https:\/\/www.iemj.org\/wp-content\/uploads\/2016\/09\/la_esposica_-_joaquin_diaz.mp3\">La Esposica &#8211; Joaquin DIAZ<\/a><\/div>\n\n\n\n<div class=\"wp-block-file\"><a href=\"https:\/\/www.iemj.org\/wp-content\/uploads\/2016\/09\/la_vida_es_un_pasahe_-_henriette_azen.mp3\">La Vida Es Un Pasahe &#8211; Henriette AZEN<\/a><\/div>\n\n\n\n<div class=\"wp-block-file\"><a href=\"https:\/\/www.iemj.org\/wp-content\/uploads\/2016\/09\/por_la_puerta_yo_pasi_-_sarah_gorby.mp3\">Por la Puerta Yo Pasi &#8211; Sarah GORBY<\/a><\/div>\n\n\n\n<div class=\"wp-block-file\"><a href=\"https:\/\/www.iemj.org\/wp-content\/uploads\/2016\/09\/sez_mezes_dunula_-_el_nadav_raphael_yair.mp3\">Sez Mezes, Dunula &#8211; El NADAV, Raphael YAIR<\/a><\/div>\n\n\n\n<div class=\"wp-block-file\"><a href=\"https:\/\/www.iemj.org\/wp-content\/uploads\/2016\/09\/tres_hermanicas_eran_-_sarah_gorby.mp3\">Tres Hermanicas Eran &#8211; Sarah GORBY<\/a><\/div>\n\n\n\n<div class=\"wp-block-file\"><a href=\"https:\/\/www.iemj.org\/wp-content\/uploads\/2016\/09\/tu_ojitos_joya_mia_-_cantos_judeo-espanoles_de_marruecos.mp3\">Tu Ojitos Joya Mia &#8211; Cantos Judeo-espanoles de Marruecos<\/a><\/div>\n\n\n\n<div class=\"wp-block-file\"><a href=\"https:\/\/www.iemj.org\/wp-content\/uploads\/2016\/09\/una_hira_tiene_el_rey_-_esther_lamandier.mp3\">Una Hira Tiene El Rey &#8211; Esther LAMANDIER<\/a><\/div>\n\n\n\n<div class=\"wp-block-file\"><a href=\"https:\/\/www.iemj.org\/wp-content\/uploads\/2016\/09\/yo_menamori_d_un_aire_-_cantes_y_romansas_populares_judeo-espagnoles.mp3\">Yo Menamori D&#8217;un Aire &#8211; Cantes Y Romansas Populares Judeo-espagnoles<\/a><\/div>\n\n\n\n<div class=\"wp-block-file\"><a href=\"https:\/\/www.iemj.org\/wp-content\/uploads\/2016\/09\/yodukha_rayonay_-_yitshak_levy.mp3\">Yodukha Rayonay &#8211; yitshak LEVY<\/a><\/div>\n","protected":false},"excerpt":{"rendered":"<p>M\u00fasicas en judeo-espa\u00f1ol, idioma vern\u00e1culo de los descendientes de los jud\u00edos expulsados de la pen\u00ednsula ib\u00e9rica en 1492 y 1497<\/p>\n","protected":false},"author":1052,"featured_media":69386,"comment_status":"closed","ping_status":"open","sticky":false,"template":"","format":"standard","meta":{"_acf_changed":false,"footnotes":""},"categories":[1535],"tags":[],"technique":[],"squelettes":[],"sujet":[],"formation":[],"genre":[1889],"fonds":[],"tradition":[],"type-de-contenu":[],"interprete-compositeur":[],"frise":[],"type-devenement":[],"tableaux-liens-externes":[],"class_list":["post-69385","post","type-post","status-publish","format-standard","has-post-thumbnail","hentry","category-listas-de-reproduccion-es","genre-judeo-espanol-es"],"acf":[],"yoast_head":"<!-- This site is optimized with the Yoast SEO plugin v27.3 - https:\/\/yoast.com\/product\/yoast-seo-wordpress\/ -->\n<title>Los cantos judeo-espa\u00f1oles 2 - Institut Europ\u00e9en des Musiques Juives<\/title>\n<meta name=\"robots\" content=\"index, follow, max-snippet:-1, max-image-preview:large, max-video-preview:-1\" \/>\n<link rel=\"canonical\" href=\"https:\/\/www.iemj.org\/es\/les-chants-judeo-espagnols-2\/\" \/>\n<meta property=\"og:locale\" content=\"es_ES\" \/>\n<meta property=\"og:type\" content=\"article\" \/>\n<meta property=\"og:title\" content=\"Los cantos judeo-espa\u00f1oles 2 - Institut Europ\u00e9en des Musiques Juives\" \/>\n<meta property=\"og:description\" content=\"M\u00fasicas en judeo-espa\u00f1ol, idioma vern\u00e1culo de los descendientes de los jud\u00edos expulsados de la pen\u00ednsula ib\u00e9rica en 1492 y 1497\" \/>\n<meta property=\"og:url\" content=\"https:\/\/www.iemj.org\/es\/les-chants-judeo-espagnols-2\/\" \/>\n<meta property=\"og:site_name\" content=\"Institut Europ\u00e9en des Musiques Juives\" \/>\n<meta property=\"article:publisher\" content=\"https:\/\/www.facebook.com\/MusiquesJuives\/\" \/>\n<meta property=\"article:published_time\" content=\"2016-09-14T08:26:50+00:00\" \/>\n<meta property=\"article:modified_time\" content=\"2025-05-27T10:32:06+00:00\" \/>\n<meta property=\"og:image\" content=\"https:\/\/www.iemj.org\/wp-content\/uploads\/2016\/09\/arton1840.jpg\" \/>\n\t<meta property=\"og:image:width\" content=\"500\" \/>\n\t<meta property=\"og:image:height\" content=\"415\" \/>\n\t<meta property=\"og:image:type\" content=\"image\/jpeg\" \/>\n<meta name=\"author\" content=\"Lea Couderc\" \/>\n<meta name=\"twitter:card\" content=\"summary_large_image\" \/>\n<meta name=\"twitter:label1\" content=\"Escrito por\" \/>\n\t<meta name=\"twitter:data1\" content=\"Lea Couderc\" \/>\n\t<meta name=\"twitter:label2\" content=\"Tiempo de lectura\" \/>\n\t<meta name=\"twitter:data2\" content=\"2 minutos\" \/>\n<script type=\"application\/ld+json\" class=\"yoast-schema-graph\">{\"@context\":\"https:\\\/\\\/schema.org\",\"@graph\":[{\"@type\":\"Article\",\"@id\":\"https:\\\/\\\/www.iemj.org\\\/es\\\/les-chants-judeo-espagnols-2\\\/#article\",\"isPartOf\":{\"@id\":\"https:\\\/\\\/www.iemj.org\\\/es\\\/les-chants-judeo-espagnols-2\\\/\"},\"author\":{\"name\":\"Lea Couderc\",\"@id\":\"https:\\\/\\\/www.iemj.org\\\/es\\\/#\\\/schema\\\/person\\\/e2ad57f2c4be119c7ed8ab79036807a9\"},\"headline\":\"Los cantos judeo-espa\u00f1oles 2\",\"datePublished\":\"2016-09-14T08:26:50+00:00\",\"dateModified\":\"2025-05-27T10:32:06+00:00\",\"mainEntityOfPage\":{\"@id\":\"https:\\\/\\\/www.iemj.org\\\/es\\\/les-chants-judeo-espagnols-2\\\/\"},\"wordCount\":301,\"publisher\":{\"@id\":\"https:\\\/\\\/www.iemj.org\\\/es\\\/#organization\"},\"image\":{\"@id\":\"https:\\\/\\\/www.iemj.org\\\/es\\\/les-chants-judeo-espagnols-2\\\/#primaryimage\"},\"thumbnailUrl\":\"https:\\\/\\\/www.iemj.org\\\/wp-content\\\/uploads\\\/2016\\\/09\\\/arton1840.jpg\",\"articleSection\":[\"Listas de reproducci\u00f3n\"],\"inLanguage\":\"es\"},{\"@type\":\"WebPage\",\"@id\":\"https:\\\/\\\/www.iemj.org\\\/es\\\/les-chants-judeo-espagnols-2\\\/\",\"url\":\"https:\\\/\\\/www.iemj.org\\\/es\\\/les-chants-judeo-espagnols-2\\\/\",\"name\":\"Los cantos judeo-espa\u00f1oles 2 - Institut Europ\u00e9en des Musiques Juives\",\"isPartOf\":{\"@id\":\"https:\\\/\\\/www.iemj.org\\\/es\\\/#website\"},\"primaryImageOfPage\":{\"@id\":\"https:\\\/\\\/www.iemj.org\\\/es\\\/les-chants-judeo-espagnols-2\\\/#primaryimage\"},\"image\":{\"@id\":\"https:\\\/\\\/www.iemj.org\\\/es\\\/les-chants-judeo-espagnols-2\\\/#primaryimage\"},\"thumbnailUrl\":\"https:\\\/\\\/www.iemj.org\\\/wp-content\\\/uploads\\\/2016\\\/09\\\/arton1840.jpg\",\"datePublished\":\"2016-09-14T08:26:50+00:00\",\"dateModified\":\"2025-05-27T10:32:06+00:00\",\"breadcrumb\":{\"@id\":\"https:\\\/\\\/www.iemj.org\\\/es\\\/les-chants-judeo-espagnols-2\\\/#breadcrumb\"},\"inLanguage\":\"es\",\"potentialAction\":[{\"@type\":\"ReadAction\",\"target\":[\"https:\\\/\\\/www.iemj.org\\\/es\\\/les-chants-judeo-espagnols-2\\\/\"]}]},{\"@type\":\"ImageObject\",\"inLanguage\":\"es\",\"@id\":\"https:\\\/\\\/www.iemj.org\\\/es\\\/les-chants-judeo-espagnols-2\\\/#primaryimage\",\"url\":\"https:\\\/\\\/www.iemj.org\\\/wp-content\\\/uploads\\\/2016\\\/09\\\/arton1840.jpg\",\"contentUrl\":\"https:\\\/\\\/www.iemj.org\\\/wp-content\\\/uploads\\\/2016\\\/09\\\/arton1840.jpg\",\"width\":500,\"height\":415},{\"@type\":\"BreadcrumbList\",\"@id\":\"https:\\\/\\\/www.iemj.org\\\/es\\\/les-chants-judeo-espagnols-2\\\/#breadcrumb\",\"itemListElement\":[{\"@type\":\"ListItem\",\"position\":1,\"name\":\"Accueil\",\"item\":\"https:\\\/\\\/www.iemj.org\\\/es\\\/\"},{\"@type\":\"ListItem\",\"position\":2,\"name\":\"Los cantos judeo-espa\u00f1oles 2\"}]},{\"@type\":\"WebSite\",\"@id\":\"https:\\\/\\\/www.iemj.org\\\/es\\\/#website\",\"url\":\"https:\\\/\\\/www.iemj.org\\\/es\\\/\",\"name\":\"Institut Europ\u00e9en des Musiques Juives\",\"description\":\"Des traditions musicales \u00e0 la port\u00e9e de tous\",\"publisher\":{\"@id\":\"https:\\\/\\\/www.iemj.org\\\/es\\\/#organization\"},\"potentialAction\":[{\"@type\":\"SearchAction\",\"target\":{\"@type\":\"EntryPoint\",\"urlTemplate\":\"https:\\\/\\\/www.iemj.org\\\/es\\\/?s={search_term_string}\"},\"query-input\":{\"@type\":\"PropertyValueSpecification\",\"valueRequired\":true,\"valueName\":\"search_term_string\"}}],\"inLanguage\":\"es\"},{\"@type\":\"Organization\",\"@id\":\"https:\\\/\\\/www.iemj.org\\\/es\\\/#organization\",\"name\":\"Institut Europ\u00e9en des Musiques Juives\",\"url\":\"https:\\\/\\\/www.iemj.org\\\/es\\\/\",\"logo\":{\"@type\":\"ImageObject\",\"inLanguage\":\"es\",\"@id\":\"https:\\\/\\\/www.iemj.org\\\/es\\\/#\\\/schema\\\/logo\\\/image\\\/\",\"url\":\"https:\\\/\\\/www.iemj.org\\\/wp-content\\\/uploads\\\/2021\\\/09\\\/Logo-IEMJ-Paypal.jpg\",\"contentUrl\":\"https:\\\/\\\/www.iemj.org\\\/wp-content\\\/uploads\\\/2021\\\/09\\\/Logo-IEMJ-Paypal.jpg\",\"width\":150,\"height\":50,\"caption\":\"Institut Europ\u00e9en des Musiques Juives\"},\"image\":{\"@id\":\"https:\\\/\\\/www.iemj.org\\\/es\\\/#\\\/schema\\\/logo\\\/image\\\/\"},\"sameAs\":[\"https:\\\/\\\/www.facebook.com\\\/MusiquesJuives\\\/\",\"https:\\\/\\\/www.instagram.com\\\/musiquesjuives\\\/\",\"https:\\\/\\\/www.youtube.com\\\/user\\\/musiquesjuives\"]},{\"@type\":\"Person\",\"@id\":\"https:\\\/\\\/www.iemj.org\\\/es\\\/#\\\/schema\\\/person\\\/e2ad57f2c4be119c7ed8ab79036807a9\",\"name\":\"Lea Couderc\",\"image\":{\"@type\":\"ImageObject\",\"inLanguage\":\"es\",\"@id\":\"https:\\\/\\\/secure.gravatar.com\\\/avatar\\\/46ee021475d60aeff17a7e490b79dea5a5684bb392ab7fd1494027411df8ba23?s=96&d=mm&r=g\",\"url\":\"https:\\\/\\\/secure.gravatar.com\\\/avatar\\\/46ee021475d60aeff17a7e490b79dea5a5684bb392ab7fd1494027411df8ba23?s=96&d=mm&r=g\",\"contentUrl\":\"https:\\\/\\\/secure.gravatar.com\\\/avatar\\\/46ee021475d60aeff17a7e490b79dea5a5684bb392ab7fd1494027411df8ba23?s=96&d=mm&r=g\",\"caption\":\"Lea Couderc\"}}]}<\/script>\n<!-- \/ Yoast SEO plugin. -->","yoast_head_json":{"title":"Los cantos judeo-espa\u00f1oles 2 - Institut Europ\u00e9en des Musiques Juives","robots":{"index":"index","follow":"follow","max-snippet":"max-snippet:-1","max-image-preview":"max-image-preview:large","max-video-preview":"max-video-preview:-1"},"canonical":"https:\/\/www.iemj.org\/es\/les-chants-judeo-espagnols-2\/","og_locale":"es_ES","og_type":"article","og_title":"Los cantos judeo-espa\u00f1oles 2 - Institut Europ\u00e9en des Musiques Juives","og_description":"M\u00fasicas en judeo-espa\u00f1ol, idioma vern\u00e1culo de los descendientes de los jud\u00edos expulsados de la pen\u00ednsula ib\u00e9rica en 1492 y 1497","og_url":"https:\/\/www.iemj.org\/es\/les-chants-judeo-espagnols-2\/","og_site_name":"Institut Europ\u00e9en des Musiques Juives","article_publisher":"https:\/\/www.facebook.com\/MusiquesJuives\/","article_published_time":"2016-09-14T08:26:50+00:00","article_modified_time":"2025-05-27T10:32:06+00:00","og_image":[{"width":500,"height":415,"url":"https:\/\/www.iemj.org\/wp-content\/uploads\/2016\/09\/arton1840.jpg","type":"image\/jpeg"}],"author":"Lea Couderc","twitter_card":"summary_large_image","twitter_misc":{"Escrito por":"Lea Couderc","Tiempo de lectura":"2 minutos"},"schema":{"@context":"https:\/\/schema.org","@graph":[{"@type":"Article","@id":"https:\/\/www.iemj.org\/es\/les-chants-judeo-espagnols-2\/#article","isPartOf":{"@id":"https:\/\/www.iemj.org\/es\/les-chants-judeo-espagnols-2\/"},"author":{"name":"Lea Couderc","@id":"https:\/\/www.iemj.org\/es\/#\/schema\/person\/e2ad57f2c4be119c7ed8ab79036807a9"},"headline":"Los cantos judeo-espa\u00f1oles 2","datePublished":"2016-09-14T08:26:50+00:00","dateModified":"2025-05-27T10:32:06+00:00","mainEntityOfPage":{"@id":"https:\/\/www.iemj.org\/es\/les-chants-judeo-espagnols-2\/"},"wordCount":301,"publisher":{"@id":"https:\/\/www.iemj.org\/es\/#organization"},"image":{"@id":"https:\/\/www.iemj.org\/es\/les-chants-judeo-espagnols-2\/#primaryimage"},"thumbnailUrl":"https:\/\/www.iemj.org\/wp-content\/uploads\/2016\/09\/arton1840.jpg","articleSection":["Listas de reproducci\u00f3n"],"inLanguage":"es"},{"@type":"WebPage","@id":"https:\/\/www.iemj.org\/es\/les-chants-judeo-espagnols-2\/","url":"https:\/\/www.iemj.org\/es\/les-chants-judeo-espagnols-2\/","name":"Los cantos judeo-espa\u00f1oles 2 - Institut Europ\u00e9en des Musiques Juives","isPartOf":{"@id":"https:\/\/www.iemj.org\/es\/#website"},"primaryImageOfPage":{"@id":"https:\/\/www.iemj.org\/es\/les-chants-judeo-espagnols-2\/#primaryimage"},"image":{"@id":"https:\/\/www.iemj.org\/es\/les-chants-judeo-espagnols-2\/#primaryimage"},"thumbnailUrl":"https:\/\/www.iemj.org\/wp-content\/uploads\/2016\/09\/arton1840.jpg","datePublished":"2016-09-14T08:26:50+00:00","dateModified":"2025-05-27T10:32:06+00:00","breadcrumb":{"@id":"https:\/\/www.iemj.org\/es\/les-chants-judeo-espagnols-2\/#breadcrumb"},"inLanguage":"es","potentialAction":[{"@type":"ReadAction","target":["https:\/\/www.iemj.org\/es\/les-chants-judeo-espagnols-2\/"]}]},{"@type":"ImageObject","inLanguage":"es","@id":"https:\/\/www.iemj.org\/es\/les-chants-judeo-espagnols-2\/#primaryimage","url":"https:\/\/www.iemj.org\/wp-content\/uploads\/2016\/09\/arton1840.jpg","contentUrl":"https:\/\/www.iemj.org\/wp-content\/uploads\/2016\/09\/arton1840.jpg","width":500,"height":415},{"@type":"BreadcrumbList","@id":"https:\/\/www.iemj.org\/es\/les-chants-judeo-espagnols-2\/#breadcrumb","itemListElement":[{"@type":"ListItem","position":1,"name":"Accueil","item":"https:\/\/www.iemj.org\/es\/"},{"@type":"ListItem","position":2,"name":"Los cantos judeo-espa\u00f1oles 2"}]},{"@type":"WebSite","@id":"https:\/\/www.iemj.org\/es\/#website","url":"https:\/\/www.iemj.org\/es\/","name":"Institut Europ\u00e9en des Musiques Juives","description":"Des traditions musicales \u00e0 la port\u00e9e de tous","publisher":{"@id":"https:\/\/www.iemj.org\/es\/#organization"},"potentialAction":[{"@type":"SearchAction","target":{"@type":"EntryPoint","urlTemplate":"https:\/\/www.iemj.org\/es\/?s={search_term_string}"},"query-input":{"@type":"PropertyValueSpecification","valueRequired":true,"valueName":"search_term_string"}}],"inLanguage":"es"},{"@type":"Organization","@id":"https:\/\/www.iemj.org\/es\/#organization","name":"Institut Europ\u00e9en des Musiques Juives","url":"https:\/\/www.iemj.org\/es\/","logo":{"@type":"ImageObject","inLanguage":"es","@id":"https:\/\/www.iemj.org\/es\/#\/schema\/logo\/image\/","url":"https:\/\/www.iemj.org\/wp-content\/uploads\/2021\/09\/Logo-IEMJ-Paypal.jpg","contentUrl":"https:\/\/www.iemj.org\/wp-content\/uploads\/2021\/09\/Logo-IEMJ-Paypal.jpg","width":150,"height":50,"caption":"Institut Europ\u00e9en des Musiques Juives"},"image":{"@id":"https:\/\/www.iemj.org\/es\/#\/schema\/logo\/image\/"},"sameAs":["https:\/\/www.facebook.com\/MusiquesJuives\/","https:\/\/www.instagram.com\/musiquesjuives\/","https:\/\/www.youtube.com\/user\/musiquesjuives"]},{"@type":"Person","@id":"https:\/\/www.iemj.org\/es\/#\/schema\/person\/e2ad57f2c4be119c7ed8ab79036807a9","name":"Lea Couderc","image":{"@type":"ImageObject","inLanguage":"es","@id":"https:\/\/secure.gravatar.com\/avatar\/46ee021475d60aeff17a7e490b79dea5a5684bb392ab7fd1494027411df8ba23?s=96&d=mm&r=g","url":"https:\/\/secure.gravatar.com\/avatar\/46ee021475d60aeff17a7e490b79dea5a5684bb392ab7fd1494027411df8ba23?s=96&d=mm&r=g","contentUrl":"https:\/\/secure.gravatar.com\/avatar\/46ee021475d60aeff17a7e490b79dea5a5684bb392ab7fd1494027411df8ba23?s=96&d=mm&r=g","caption":"Lea Couderc"}}]}},"_links":{"self":[{"href":"https:\/\/www.iemj.org\/es\/wp-json\/wp\/v2\/posts\/69385","targetHints":{"allow":["GET"]}}],"collection":[{"href":"https:\/\/www.iemj.org\/es\/wp-json\/wp\/v2\/posts"}],"about":[{"href":"https:\/\/www.iemj.org\/es\/wp-json\/wp\/v2\/types\/post"}],"author":[{"embeddable":true,"href":"https:\/\/www.iemj.org\/es\/wp-json\/wp\/v2\/users\/1052"}],"replies":[{"embeddable":true,"href":"https:\/\/www.iemj.org\/es\/wp-json\/wp\/v2\/comments?post=69385"}],"version-history":[{"count":0,"href":"https:\/\/www.iemj.org\/es\/wp-json\/wp\/v2\/posts\/69385\/revisions"}],"wp:featuredmedia":[{"embeddable":true,"href":"https:\/\/www.iemj.org\/es\/wp-json\/wp\/v2\/media\/69386"}],"wp:attachment":[{"href":"https:\/\/www.iemj.org\/es\/wp-json\/wp\/v2\/media?parent=69385"}],"wp:term":[{"taxonomy":"category","embeddable":true,"href":"https:\/\/www.iemj.org\/es\/wp-json\/wp\/v2\/categories?post=69385"},{"taxonomy":"post_tag","embeddable":true,"href":"https:\/\/www.iemj.org\/es\/wp-json\/wp\/v2\/tags?post=69385"},{"taxonomy":"technique","embeddable":true,"href":"https:\/\/www.iemj.org\/es\/wp-json\/wp\/v2\/technique?post=69385"},{"taxonomy":"squelettes","embeddable":true,"href":"https:\/\/www.iemj.org\/es\/wp-json\/wp\/v2\/squelettes?post=69385"},{"taxonomy":"sujet","embeddable":true,"href":"https:\/\/www.iemj.org\/es\/wp-json\/wp\/v2\/sujet?post=69385"},{"taxonomy":"formation","embeddable":true,"href":"https:\/\/www.iemj.org\/es\/wp-json\/wp\/v2\/formation?post=69385"},{"taxonomy":"genre","embeddable":true,"href":"https:\/\/www.iemj.org\/es\/wp-json\/wp\/v2\/genre?post=69385"},{"taxonomy":"fonds","embeddable":true,"href":"https:\/\/www.iemj.org\/es\/wp-json\/wp\/v2\/fonds?post=69385"},{"taxonomy":"tradition","embeddable":true,"href":"https:\/\/www.iemj.org\/es\/wp-json\/wp\/v2\/tradition?post=69385"},{"taxonomy":"type-de-contenu","embeddable":true,"href":"https:\/\/www.iemj.org\/es\/wp-json\/wp\/v2\/type-de-contenu?post=69385"},{"taxonomy":"interprete-compositeur","embeddable":true,"href":"https:\/\/www.iemj.org\/es\/wp-json\/wp\/v2\/interprete-compositeur?post=69385"},{"taxonomy":"frise","embeddable":true,"href":"https:\/\/www.iemj.org\/es\/wp-json\/wp\/v2\/frise?post=69385"},{"taxonomy":"type-devenement","embeddable":true,"href":"https:\/\/www.iemj.org\/es\/wp-json\/wp\/v2\/type-devenement?post=69385"},{"taxonomy":"tableaux-liens-externes","embeddable":true,"href":"https:\/\/www.iemj.org\/es\/wp-json\/wp\/v2\/tableaux-liens-externes?post=69385"}],"curies":[{"name":"wp","href":"https:\/\/api.w.org\/{rel}","templated":true}]}}