{"id":70257,"date":"2021-10-04T13:03:51","date_gmt":"2021-10-04T11:03:51","guid":{"rendered":"https:\/\/www.iemj.org\/dorothee-a-bikhele-lider\/"},"modified":"2025-10-16T18:00:58","modified_gmt":"2025-10-16T16:00:58","slug":"dorothee-a-bikhele-lider","status":"publish","type":"post","link":"https:\/\/www.iemj.org\/es\/dorothee-a-bikhele-lider\/","title":{"rendered":"Doroth\u00e9e &#8211; A bikhele Lider"},"content":{"rendered":"<p>Homenaje a Doroth\u00e9e Vienney, profesora de yiddish fallecida el 23 de febrero de 2021 a los 86 a\u00f1os, este bikhele lider (peque\u00f1o libro de canto) de Isabelle Georges es una joya por su sencillez, su intimidad y su belleza.<\/p>\n<p>Comienza con un libro, una recopilaci\u00f3n de varios textos que incluyen una breve biograf\u00eda de Doroth\u00e9e Vienney, letras de canciones en franc\u00e9s y en yiddish, un chiste, una receta, un poema, testimonios de amistad&#8230; Aprendemos en particular c\u00f3mo escap\u00f3 de la barbarie nazi durante su infancia, la muerte de su padre, el paso a la zona libre, el campo de internamiento de Douadic, la separaci\u00f3n de sus hermanos y su reencuentro en 1944, as\u00ed como su vida de posguerra y su aprendizaje de idiomas, incluido el yiddish, que m\u00e1s tarde ense\u00f1ar\u00eda.<\/p>\n<p>Luego, mientras hojeas el libro, debes escuchar el CD que lo acompa\u00f1a. Ocho canciones en yiddish, e incluso en franc\u00e9s, cantadas por Isabelle Georges, la famosa cantante de la voz de terciopelo. Canciones que reflejan todos los sentimientos del alma yiddish: la nostalgia <em>(Di hoydlke<\/em>, <em>Du du<\/em>), la tristeza (<em>Zol zayn<\/em>,<em> Shtil di nakht<\/em> <em>is <img fetchpriority=\"high\" decoding=\"async\" class=\"wp-image-68743 alignright\" src=\"https:\/\/www.iemj.org\/wp-content\/uploads\/2021\/10\/Isabelle-Georges-Dorothee-294x300.png\" alt=\"\" width=\"293\" height=\"298\" srcset=\"https:\/\/www.iemj.org\/wp-content\/uploads\/2021\/10\/Isabelle-Georges-Dorothee-294x300.png 294w, https:\/\/www.iemj.org\/wp-content\/uploads\/2021\/10\/Isabelle-Georges-Dorothee.png 446w\" sizes=\"(max-width: 293px) 100vw, 293px\" \/>oysgeshternt<\/em>), o la alegr\u00eda (<em>Shpil zhe mir a lidele in yiddish<\/em>, <em>Kum Leybke tantsn<\/em>). Las diferentes instrumentaciones nos sumergen en un ambiente \u00edntimo, triste o festivo. Ya sea en d\u00fao con el guitarrista J\u00e9r\u00f4me Brajtman, que tambi\u00e9n arregl\u00f3 la m\u00fasica de casi todas las canciones, o en un grupo m\u00e1s amplio con el Cuarteto Anouman o el pianista Frederik Steenbrink, estas canciones revelan el amor que Isabelle Georges sent\u00eda por la gran dama Doroth\u00e9e Vienney.<\/p>\n<p>Y aunque el yiddish no sea nuestra cultura, nuestra lengua, aunque no conozcamos a Doroth\u00e9e Vienney, no podemos permanecer insensibles ante tanta franqueza y belleza, tanto literaria como musical.<\/p>\n<p>\u00ab\u00a1No llores porque se ha acabado, sino al\u00e9grate porque ha ocurrido!\u00bb<br \/>\u05f0\u05f2\u05e0\u05d8 \u05e0\u05d9\u05e9\u05d8 \u05f0\ufb1f\u05dc \u05e1&#8217;\u05d0\u05d9\u05d6 \u05d2\u05e2\u05e2\u05e0\u05d3\u05d9\u05e7\u05d8, \u05e9\u05de\u05f2\u05db\u05dc\u05d8 \u05f0\ufb1f\u05dc \u05e1&#8217;\u05d0\u05d9\u05d6 \u05d2\u05e2\u05e9\u05e2\u05df !<br \/>Vaynt nisht vayl s&#8217;iz geendikt, shmaykhlt vayl s&#8217;iz geshen !<\/p>\n<p>Isabelle Georges<\/p>\n<p>\u00abTodo mensaje de amor, por peque\u00f1o que sea, necesita ser expresado. \u00c9ste tambi\u00e9n canta y desea existir en nombre de otros, que quiz\u00e1s se reconozcan.<\/p>\n<p>J\u00e9r\u00f4me Brajtman<\/p>\n<p>Un libro-disco con hermosas ilustraciones de Myriam Racine, apoyado por la Maison de la Culture Yiddish, la Fondation pour la M\u00e9moire de la Shoah y la asociaci\u00f3n Yiddish Pour Tous.<\/p>\n<p><a href=\"https:\/\/www.isabellegeorges.com\/\" target=\"_blank\" rel=\"noopener\">Visite el sitio web de Isabelle Georges<\/a><\/p>\n<p><a href=\"https:\/\/www.isabellegeorges.com\/produit\/dorothee-a-bikhele-lider-cd-livre\/\" target=\"_blank\" rel=\"noopener\">Comprar el libro CD <em>Doroth\u00e9e &#8211; A bikhele Lider<\/em><\/a><\/p>\n\n\n<figure class=\"wp-block-embed is-type-video is-provider-youtube wp-block-embed-youtube wp-embed-aspect-16-9 wp-has-aspect-ratio\"><div class=\"wp-block-embed__wrapper\">\n<iframe title=\"Isabelle Georges Di Hoydlke (A. Gendler)\" width=\"640\" height=\"360\" src=\"https:\/\/www.youtube.com\/embed\/cT4N4xvfdDc?feature=oembed\" frameborder=\"0\" allow=\"accelerometer; autoplay; clipboard-write; encrypted-media; gyroscope; picture-in-picture; web-share\" referrerpolicy=\"strict-origin-when-cross-origin\" allowfullscreen><\/iframe>\n<\/div><\/figure>\n\n\n<div class=\"wp-block-image\">\n<figure class=\"aligncenter size-large\"><img decoding=\"async\" width=\"1024\" height=\"133\" src=\"https:\/\/www.iemj.org\/wp-content\/uploads\/2024\/03\/AUDIO-PLAYER-1024x133.png\" alt=\"\" class=\"wp-image-110610\" srcset=\"https:\/\/www.iemj.org\/wp-content\/uploads\/2024\/03\/AUDIO-PLAYER-1024x133.png 1024w, https:\/\/www.iemj.org\/wp-content\/uploads\/2024\/03\/AUDIO-PLAYER-300x39.png 300w, https:\/\/www.iemj.org\/wp-content\/uploads\/2024\/03\/AUDIO-PLAYER-768x100.png 768w, https:\/\/www.iemj.org\/wp-content\/uploads\/2024\/03\/AUDIO-PLAYER-600x78.png 600w, https:\/\/www.iemj.org\/wp-content\/uploads\/2024\/03\/AUDIO-PLAYER.png 1210w\" sizes=\"(max-width: 1024px) 100vw, 1024px\" \/><\/figure>\n<\/div>","protected":false},"excerpt":{"rendered":"<p>Homenaje a Doroth\u00e9e Vienney, profesora de yiddish fallecida el 23 de febrero de 2021 a los 86 a\u00f1os, este bikhele lider (peque\u00f1o libro de canto) de Isabelle Georges es una<\/p>\n","protected":false},"author":5,"featured_media":68679,"comment_status":"closed","ping_status":"closed","sticky":false,"template":"","format":"standard","meta":{"_acf_changed":false,"footnotes":""},"categories":[1568,1577,1565],"tags":[],"technique":[],"squelettes":[],"sujet":[],"formation":[],"genre":[1863],"fonds":[],"tradition":[],"type-de-contenu":[],"interprete-compositeur":[],"frise":[],"type-devenement":[],"tableaux-liens-externes":[],"class_list":["post-70257","post","type-post","status-publish","format-standard","has-post-thumbnail","hentry","category-cd-es","category-libros-articulos-es","category-ultimas-adquisiciones-es","genre-yiddish-es"],"acf":[],"yoast_head":"<!-- This site is optimized with the Yoast SEO plugin v27.3 - https:\/\/yoast.com\/product\/yoast-seo-wordpress\/ -->\n<title>Doroth\u00e9e - A bikhele Lider - Institut Europ\u00e9en des Musiques Juives<\/title>\n<meta name=\"robots\" content=\"index, follow, max-snippet:-1, max-image-preview:large, max-video-preview:-1\" \/>\n<link rel=\"canonical\" href=\"https:\/\/www.iemj.org\/es\/dorothee-a-bikhele-lider\/\" \/>\n<meta property=\"og:locale\" content=\"es_ES\" \/>\n<meta property=\"og:type\" content=\"article\" \/>\n<meta property=\"og:title\" content=\"Doroth\u00e9e - A bikhele Lider - Institut Europ\u00e9en des Musiques Juives\" \/>\n<meta property=\"og:description\" content=\"Homenaje a Doroth\u00e9e Vienney, profesora de yiddish fallecida el 23 de febrero de 2021 a los 86 a\u00f1os, este bikhele lider (peque\u00f1o libro de canto) de Isabelle Georges es una\" \/>\n<meta property=\"og:url\" content=\"https:\/\/www.iemj.org\/es\/dorothee-a-bikhele-lider\/\" \/>\n<meta property=\"og:site_name\" content=\"Institut Europ\u00e9en des Musiques Juives\" \/>\n<meta property=\"article:publisher\" content=\"https:\/\/www.facebook.com\/MusiquesJuives\/\" \/>\n<meta property=\"article:published_time\" content=\"2021-10-04T11:03:51+00:00\" \/>\n<meta property=\"article:modified_time\" content=\"2025-10-16T16:00:58+00:00\" \/>\n<meta property=\"og:image\" content=\"https:\/\/www.iemj.org\/wp-content\/uploads\/2021\/10\/L_879_VIG-e1633343410133.jpg\" \/>\n\t<meta property=\"og:image:width\" content=\"400\" \/>\n\t<meta property=\"og:image:height\" content=\"514\" \/>\n\t<meta property=\"og:image:type\" content=\"image\/jpeg\" \/>\n<meta name=\"author\" content=\"Jacqueline ROTEN\" \/>\n<meta name=\"twitter:card\" content=\"summary_large_image\" \/>\n<meta name=\"twitter:label1\" content=\"Escrito por\" \/>\n\t<meta name=\"twitter:data1\" content=\"Jacqueline ROTEN\" \/>\n\t<meta name=\"twitter:label2\" content=\"Tiempo de lectura\" \/>\n\t<meta name=\"twitter:data2\" content=\"3 minutos\" \/>\n<script type=\"application\/ld+json\" class=\"yoast-schema-graph\">{\"@context\":\"https:\\\/\\\/schema.org\",\"@graph\":[{\"@type\":\"Article\",\"@id\":\"https:\\\/\\\/www.iemj.org\\\/es\\\/dorothee-a-bikhele-lider\\\/#article\",\"isPartOf\":{\"@id\":\"https:\\\/\\\/www.iemj.org\\\/es\\\/dorothee-a-bikhele-lider\\\/\"},\"author\":{\"name\":\"Jacqueline ROTEN\",\"@id\":\"https:\\\/\\\/www.iemj.org\\\/es\\\/#\\\/schema\\\/person\\\/358e26c18aca017fcc4cc15437f7279c\"},\"headline\":\"Doroth\u00e9e &#8211; A bikhele Lider\",\"datePublished\":\"2021-10-04T11:03:51+00:00\",\"dateModified\":\"2025-10-16T16:00:58+00:00\",\"mainEntityOfPage\":{\"@id\":\"https:\\\/\\\/www.iemj.org\\\/es\\\/dorothee-a-bikhele-lider\\\/\"},\"wordCount\":427,\"publisher\":{\"@id\":\"https:\\\/\\\/www.iemj.org\\\/es\\\/#organization\"},\"image\":{\"@id\":\"https:\\\/\\\/www.iemj.org\\\/es\\\/dorothee-a-bikhele-lider\\\/#primaryimage\"},\"thumbnailUrl\":\"https:\\\/\\\/www.iemj.org\\\/wp-content\\\/uploads\\\/2021\\\/10\\\/L_879_VIG-e1633343410133.jpg\",\"articleSection\":[\"CD\",\"Libros, art\u00edculos\",\"\u00daltimas adquisiciones\"],\"inLanguage\":\"es\"},{\"@type\":\"WebPage\",\"@id\":\"https:\\\/\\\/www.iemj.org\\\/es\\\/dorothee-a-bikhele-lider\\\/\",\"url\":\"https:\\\/\\\/www.iemj.org\\\/es\\\/dorothee-a-bikhele-lider\\\/\",\"name\":\"Doroth\u00e9e - A bikhele Lider - Institut Europ\u00e9en des Musiques Juives\",\"isPartOf\":{\"@id\":\"https:\\\/\\\/www.iemj.org\\\/es\\\/#website\"},\"primaryImageOfPage\":{\"@id\":\"https:\\\/\\\/www.iemj.org\\\/es\\\/dorothee-a-bikhele-lider\\\/#primaryimage\"},\"image\":{\"@id\":\"https:\\\/\\\/www.iemj.org\\\/es\\\/dorothee-a-bikhele-lider\\\/#primaryimage\"},\"thumbnailUrl\":\"https:\\\/\\\/www.iemj.org\\\/wp-content\\\/uploads\\\/2021\\\/10\\\/L_879_VIG-e1633343410133.jpg\",\"datePublished\":\"2021-10-04T11:03:51+00:00\",\"dateModified\":\"2025-10-16T16:00:58+00:00\",\"breadcrumb\":{\"@id\":\"https:\\\/\\\/www.iemj.org\\\/es\\\/dorothee-a-bikhele-lider\\\/#breadcrumb\"},\"inLanguage\":\"es\",\"potentialAction\":[{\"@type\":\"ReadAction\",\"target\":[\"https:\\\/\\\/www.iemj.org\\\/es\\\/dorothee-a-bikhele-lider\\\/\"]}]},{\"@type\":\"ImageObject\",\"inLanguage\":\"es\",\"@id\":\"https:\\\/\\\/www.iemj.org\\\/es\\\/dorothee-a-bikhele-lider\\\/#primaryimage\",\"url\":\"https:\\\/\\\/www.iemj.org\\\/wp-content\\\/uploads\\\/2021\\\/10\\\/L_879_VIG-e1633343410133.jpg\",\"contentUrl\":\"https:\\\/\\\/www.iemj.org\\\/wp-content\\\/uploads\\\/2021\\\/10\\\/L_879_VIG-e1633343410133.jpg\",\"width\":400,\"height\":514},{\"@type\":\"BreadcrumbList\",\"@id\":\"https:\\\/\\\/www.iemj.org\\\/es\\\/dorothee-a-bikhele-lider\\\/#breadcrumb\",\"itemListElement\":[{\"@type\":\"ListItem\",\"position\":1,\"name\":\"Accueil\",\"item\":\"https:\\\/\\\/www.iemj.org\\\/es\\\/\"},{\"@type\":\"ListItem\",\"position\":2,\"name\":\"Doroth\u00e9e &#8211; A bikhele Lider\"}]},{\"@type\":\"WebSite\",\"@id\":\"https:\\\/\\\/www.iemj.org\\\/es\\\/#website\",\"url\":\"https:\\\/\\\/www.iemj.org\\\/es\\\/\",\"name\":\"Institut Europ\u00e9en des Musiques Juives\",\"description\":\"Des traditions musicales \u00e0 la port\u00e9e de tous\",\"publisher\":{\"@id\":\"https:\\\/\\\/www.iemj.org\\\/es\\\/#organization\"},\"potentialAction\":[{\"@type\":\"SearchAction\",\"target\":{\"@type\":\"EntryPoint\",\"urlTemplate\":\"https:\\\/\\\/www.iemj.org\\\/es\\\/?s={search_term_string}\"},\"query-input\":{\"@type\":\"PropertyValueSpecification\",\"valueRequired\":true,\"valueName\":\"search_term_string\"}}],\"inLanguage\":\"es\"},{\"@type\":\"Organization\",\"@id\":\"https:\\\/\\\/www.iemj.org\\\/es\\\/#organization\",\"name\":\"Institut Europ\u00e9en des Musiques Juives\",\"url\":\"https:\\\/\\\/www.iemj.org\\\/es\\\/\",\"logo\":{\"@type\":\"ImageObject\",\"inLanguage\":\"es\",\"@id\":\"https:\\\/\\\/www.iemj.org\\\/es\\\/#\\\/schema\\\/logo\\\/image\\\/\",\"url\":\"https:\\\/\\\/www.iemj.org\\\/wp-content\\\/uploads\\\/2021\\\/09\\\/Logo-IEMJ-Paypal.jpg\",\"contentUrl\":\"https:\\\/\\\/www.iemj.org\\\/wp-content\\\/uploads\\\/2021\\\/09\\\/Logo-IEMJ-Paypal.jpg\",\"width\":150,\"height\":50,\"caption\":\"Institut Europ\u00e9en des Musiques Juives\"},\"image\":{\"@id\":\"https:\\\/\\\/www.iemj.org\\\/es\\\/#\\\/schema\\\/logo\\\/image\\\/\"},\"sameAs\":[\"https:\\\/\\\/www.facebook.com\\\/MusiquesJuives\\\/\",\"https:\\\/\\\/www.instagram.com\\\/musiquesjuives\\\/\",\"https:\\\/\\\/www.youtube.com\\\/user\\\/musiquesjuives\"]},{\"@type\":\"Person\",\"@id\":\"https:\\\/\\\/www.iemj.org\\\/es\\\/#\\\/schema\\\/person\\\/358e26c18aca017fcc4cc15437f7279c\",\"name\":\"Jacqueline ROTEN\",\"image\":{\"@type\":\"ImageObject\",\"inLanguage\":\"es\",\"@id\":\"https:\\\/\\\/secure.gravatar.com\\\/avatar\\\/5964256d6c6957de3a3505278957e0fb2a35119ac47ea41827a65301213c810b?s=96&d=mm&r=g\",\"url\":\"https:\\\/\\\/secure.gravatar.com\\\/avatar\\\/5964256d6c6957de3a3505278957e0fb2a35119ac47ea41827a65301213c810b?s=96&d=mm&r=g\",\"contentUrl\":\"https:\\\/\\\/secure.gravatar.com\\\/avatar\\\/5964256d6c6957de3a3505278957e0fb2a35119ac47ea41827a65301213c810b?s=96&d=mm&r=g\",\"caption\":\"Jacqueline ROTEN\"}}]}<\/script>\n<!-- \/ Yoast SEO plugin. -->","yoast_head_json":{"title":"Doroth\u00e9e - A bikhele Lider - Institut Europ\u00e9en des Musiques Juives","robots":{"index":"index","follow":"follow","max-snippet":"max-snippet:-1","max-image-preview":"max-image-preview:large","max-video-preview":"max-video-preview:-1"},"canonical":"https:\/\/www.iemj.org\/es\/dorothee-a-bikhele-lider\/","og_locale":"es_ES","og_type":"article","og_title":"Doroth\u00e9e - A bikhele Lider - Institut Europ\u00e9en des Musiques Juives","og_description":"Homenaje a Doroth\u00e9e Vienney, profesora de yiddish fallecida el 23 de febrero de 2021 a los 86 a\u00f1os, este bikhele lider (peque\u00f1o libro de canto) de Isabelle Georges es una","og_url":"https:\/\/www.iemj.org\/es\/dorothee-a-bikhele-lider\/","og_site_name":"Institut Europ\u00e9en des Musiques Juives","article_publisher":"https:\/\/www.facebook.com\/MusiquesJuives\/","article_published_time":"2021-10-04T11:03:51+00:00","article_modified_time":"2025-10-16T16:00:58+00:00","og_image":[{"width":400,"height":514,"url":"https:\/\/www.iemj.org\/wp-content\/uploads\/2021\/10\/L_879_VIG-e1633343410133.jpg","type":"image\/jpeg"}],"author":"Jacqueline ROTEN","twitter_card":"summary_large_image","twitter_misc":{"Escrito por":"Jacqueline ROTEN","Tiempo de lectura":"3 minutos"},"schema":{"@context":"https:\/\/schema.org","@graph":[{"@type":"Article","@id":"https:\/\/www.iemj.org\/es\/dorothee-a-bikhele-lider\/#article","isPartOf":{"@id":"https:\/\/www.iemj.org\/es\/dorothee-a-bikhele-lider\/"},"author":{"name":"Jacqueline ROTEN","@id":"https:\/\/www.iemj.org\/es\/#\/schema\/person\/358e26c18aca017fcc4cc15437f7279c"},"headline":"Doroth\u00e9e &#8211; A bikhele Lider","datePublished":"2021-10-04T11:03:51+00:00","dateModified":"2025-10-16T16:00:58+00:00","mainEntityOfPage":{"@id":"https:\/\/www.iemj.org\/es\/dorothee-a-bikhele-lider\/"},"wordCount":427,"publisher":{"@id":"https:\/\/www.iemj.org\/es\/#organization"},"image":{"@id":"https:\/\/www.iemj.org\/es\/dorothee-a-bikhele-lider\/#primaryimage"},"thumbnailUrl":"https:\/\/www.iemj.org\/wp-content\/uploads\/2021\/10\/L_879_VIG-e1633343410133.jpg","articleSection":["CD","Libros, art\u00edculos","\u00daltimas adquisiciones"],"inLanguage":"es"},{"@type":"WebPage","@id":"https:\/\/www.iemj.org\/es\/dorothee-a-bikhele-lider\/","url":"https:\/\/www.iemj.org\/es\/dorothee-a-bikhele-lider\/","name":"Doroth\u00e9e - A bikhele Lider - Institut Europ\u00e9en des Musiques Juives","isPartOf":{"@id":"https:\/\/www.iemj.org\/es\/#website"},"primaryImageOfPage":{"@id":"https:\/\/www.iemj.org\/es\/dorothee-a-bikhele-lider\/#primaryimage"},"image":{"@id":"https:\/\/www.iemj.org\/es\/dorothee-a-bikhele-lider\/#primaryimage"},"thumbnailUrl":"https:\/\/www.iemj.org\/wp-content\/uploads\/2021\/10\/L_879_VIG-e1633343410133.jpg","datePublished":"2021-10-04T11:03:51+00:00","dateModified":"2025-10-16T16:00:58+00:00","breadcrumb":{"@id":"https:\/\/www.iemj.org\/es\/dorothee-a-bikhele-lider\/#breadcrumb"},"inLanguage":"es","potentialAction":[{"@type":"ReadAction","target":["https:\/\/www.iemj.org\/es\/dorothee-a-bikhele-lider\/"]}]},{"@type":"ImageObject","inLanguage":"es","@id":"https:\/\/www.iemj.org\/es\/dorothee-a-bikhele-lider\/#primaryimage","url":"https:\/\/www.iemj.org\/wp-content\/uploads\/2021\/10\/L_879_VIG-e1633343410133.jpg","contentUrl":"https:\/\/www.iemj.org\/wp-content\/uploads\/2021\/10\/L_879_VIG-e1633343410133.jpg","width":400,"height":514},{"@type":"BreadcrumbList","@id":"https:\/\/www.iemj.org\/es\/dorothee-a-bikhele-lider\/#breadcrumb","itemListElement":[{"@type":"ListItem","position":1,"name":"Accueil","item":"https:\/\/www.iemj.org\/es\/"},{"@type":"ListItem","position":2,"name":"Doroth\u00e9e &#8211; A bikhele Lider"}]},{"@type":"WebSite","@id":"https:\/\/www.iemj.org\/es\/#website","url":"https:\/\/www.iemj.org\/es\/","name":"Institut Europ\u00e9en des Musiques Juives","description":"Des traditions musicales \u00e0 la port\u00e9e de tous","publisher":{"@id":"https:\/\/www.iemj.org\/es\/#organization"},"potentialAction":[{"@type":"SearchAction","target":{"@type":"EntryPoint","urlTemplate":"https:\/\/www.iemj.org\/es\/?s={search_term_string}"},"query-input":{"@type":"PropertyValueSpecification","valueRequired":true,"valueName":"search_term_string"}}],"inLanguage":"es"},{"@type":"Organization","@id":"https:\/\/www.iemj.org\/es\/#organization","name":"Institut Europ\u00e9en des Musiques Juives","url":"https:\/\/www.iemj.org\/es\/","logo":{"@type":"ImageObject","inLanguage":"es","@id":"https:\/\/www.iemj.org\/es\/#\/schema\/logo\/image\/","url":"https:\/\/www.iemj.org\/wp-content\/uploads\/2021\/09\/Logo-IEMJ-Paypal.jpg","contentUrl":"https:\/\/www.iemj.org\/wp-content\/uploads\/2021\/09\/Logo-IEMJ-Paypal.jpg","width":150,"height":50,"caption":"Institut Europ\u00e9en des Musiques Juives"},"image":{"@id":"https:\/\/www.iemj.org\/es\/#\/schema\/logo\/image\/"},"sameAs":["https:\/\/www.facebook.com\/MusiquesJuives\/","https:\/\/www.instagram.com\/musiquesjuives\/","https:\/\/www.youtube.com\/user\/musiquesjuives"]},{"@type":"Person","@id":"https:\/\/www.iemj.org\/es\/#\/schema\/person\/358e26c18aca017fcc4cc15437f7279c","name":"Jacqueline ROTEN","image":{"@type":"ImageObject","inLanguage":"es","@id":"https:\/\/secure.gravatar.com\/avatar\/5964256d6c6957de3a3505278957e0fb2a35119ac47ea41827a65301213c810b?s=96&d=mm&r=g","url":"https:\/\/secure.gravatar.com\/avatar\/5964256d6c6957de3a3505278957e0fb2a35119ac47ea41827a65301213c810b?s=96&d=mm&r=g","contentUrl":"https:\/\/secure.gravatar.com\/avatar\/5964256d6c6957de3a3505278957e0fb2a35119ac47ea41827a65301213c810b?s=96&d=mm&r=g","caption":"Jacqueline ROTEN"}}]}},"_links":{"self":[{"href":"https:\/\/www.iemj.org\/es\/wp-json\/wp\/v2\/posts\/70257","targetHints":{"allow":["GET"]}}],"collection":[{"href":"https:\/\/www.iemj.org\/es\/wp-json\/wp\/v2\/posts"}],"about":[{"href":"https:\/\/www.iemj.org\/es\/wp-json\/wp\/v2\/types\/post"}],"author":[{"embeddable":true,"href":"https:\/\/www.iemj.org\/es\/wp-json\/wp\/v2\/users\/5"}],"replies":[{"embeddable":true,"href":"https:\/\/www.iemj.org\/es\/wp-json\/wp\/v2\/comments?post=70257"}],"version-history":[{"count":1,"href":"https:\/\/www.iemj.org\/es\/wp-json\/wp\/v2\/posts\/70257\/revisions"}],"predecessor-version":[{"id":127082,"href":"https:\/\/www.iemj.org\/es\/wp-json\/wp\/v2\/posts\/70257\/revisions\/127082"}],"wp:featuredmedia":[{"embeddable":true,"href":"https:\/\/www.iemj.org\/es\/wp-json\/wp\/v2\/media\/68679"}],"wp:attachment":[{"href":"https:\/\/www.iemj.org\/es\/wp-json\/wp\/v2\/media?parent=70257"}],"wp:term":[{"taxonomy":"category","embeddable":true,"href":"https:\/\/www.iemj.org\/es\/wp-json\/wp\/v2\/categories?post=70257"},{"taxonomy":"post_tag","embeddable":true,"href":"https:\/\/www.iemj.org\/es\/wp-json\/wp\/v2\/tags?post=70257"},{"taxonomy":"technique","embeddable":true,"href":"https:\/\/www.iemj.org\/es\/wp-json\/wp\/v2\/technique?post=70257"},{"taxonomy":"squelettes","embeddable":true,"href":"https:\/\/www.iemj.org\/es\/wp-json\/wp\/v2\/squelettes?post=70257"},{"taxonomy":"sujet","embeddable":true,"href":"https:\/\/www.iemj.org\/es\/wp-json\/wp\/v2\/sujet?post=70257"},{"taxonomy":"formation","embeddable":true,"href":"https:\/\/www.iemj.org\/es\/wp-json\/wp\/v2\/formation?post=70257"},{"taxonomy":"genre","embeddable":true,"href":"https:\/\/www.iemj.org\/es\/wp-json\/wp\/v2\/genre?post=70257"},{"taxonomy":"fonds","embeddable":true,"href":"https:\/\/www.iemj.org\/es\/wp-json\/wp\/v2\/fonds?post=70257"},{"taxonomy":"tradition","embeddable":true,"href":"https:\/\/www.iemj.org\/es\/wp-json\/wp\/v2\/tradition?post=70257"},{"taxonomy":"type-de-contenu","embeddable":true,"href":"https:\/\/www.iemj.org\/es\/wp-json\/wp\/v2\/type-de-contenu?post=70257"},{"taxonomy":"interprete-compositeur","embeddable":true,"href":"https:\/\/www.iemj.org\/es\/wp-json\/wp\/v2\/interprete-compositeur?post=70257"},{"taxonomy":"frise","embeddable":true,"href":"https:\/\/www.iemj.org\/es\/wp-json\/wp\/v2\/frise?post=70257"},{"taxonomy":"type-devenement","embeddable":true,"href":"https:\/\/www.iemj.org\/es\/wp-json\/wp\/v2\/type-devenement?post=70257"},{"taxonomy":"tableaux-liens-externes","embeddable":true,"href":"https:\/\/www.iemj.org\/es\/wp-json\/wp\/v2\/tableaux-liens-externes?post=70257"}],"curies":[{"name":"wp","href":"https:\/\/api.w.org\/{rel}","templated":true}]}}