{"id":70686,"date":"2019-02-20T12:20:38","date_gmt":"2019-02-20T11:20:38","guid":{"rendered":"https:\/\/www.iemj.org\/kurt-weill-1900-1950\/"},"modified":"2025-07-09T13:35:28","modified_gmt":"2025-07-09T11:35:28","slug":"kurt-weill-1900-1950","status":"publish","type":"post","link":"https:\/\/www.iemj.org\/es\/kurt-weill-1900-1950\/","title":{"rendered":"Kurt Weill (1900-1950)"},"content":{"rendered":"<p><strong>Una selecci\u00f3n de composiciones de Kurt Weill parcialmente inspiradas en el juda\u00edsmo<\/strong><\/p>\n<p><!--more--><\/p>\n<p><a href=\"https:\/\/www.iemj.org\/es\/weill-kurt-1900-1950\/\" target=\"_blank\" rel=\"noopener\">Kurt Julian Weill<\/a>\u00a0es un compositor alem\u00e1n nacido en Dessau el 2 marzo 1900 y muerto en Nueva York el 3 de abril de 1950.<\/p>\n<p>Hijo del cantor de la sinagoga de Dessau, Albert Weill, comenz\u00f3 sus primeros intentos de composici\u00f3n musical en 1913.<\/p>\n<p>Kurt Weill comenz\u00f3 sus proyectos de \u00f3pera en 1925. Su primera colaboraci\u00f3n con Bertolt Brecht en 1927 (<em>L\u2019Op\u00e9ra de quat\u2019sous<\/em> [<em>La \u00f3pera de los tres centavos<\/em>]) es determinante para su futura obra.<\/p>\n<p>Cre\u00f3 una nueva forma de entretenimiento popular: a medio camino entre el teatro y la \u00f3pera, su m\u00fasica tom\u00f3 prestados el jazz y el cabaret.<\/p>\n<p>Esta \u00e9poca es una transici\u00f3n para el compositor: colabora con la soprano austriaca Lotte Lenya, que se vuelve r\u00e1pidamente su musa y interprete privilegiada. Ahora inseparables, el d\u00fao se cas\u00f3 y forma una leyenda.<\/p>\n<p>En 1933, huyendo del nazismo, se instal\u00f3 en Par\u00eds, antes de emigrar a Estados Unidos en 1935. Una obra mayor\u00eda de los primeros tiempos del exilio es <em>Der Weg des Verheissung\/The Eternal Road<\/em>, una pieza b\u00edblica, que presenta la historia del pueblo jud\u00edo.<\/p>\n<p>Muri\u00f3 el 3 de abril de 1950 en Nueva York durante su trabajo en la comedia musical <em>Huckleberry Finn<\/em>, basada en la obra de Mark Twain.<\/p>\n<p><a href=\"https:\/\/www.iemj.org\/es\/weill-kurt-1900-1950\/\" target=\"_blank\" rel=\"noopener\">Consultar la biograf\u00eda de Kurt Weill<\/a><br \/><a href=\"http:\/\/www.rachelnet.net\/F\/?func=find-c&amp;ccl_term=WRD+%3D+kurt+weill&amp;local_base=iemcg\" target=\"_blank\" rel=\"noopener\">Consultar nuestros archivos sobre Kurt Weill<\/a><\/p>\n\n\n<figure class=\"wp-block-embed is-type-video is-provider-youtube wp-block-embed-youtube wp-embed-aspect-16-9 wp-has-aspect-ratio\"><div class=\"wp-block-embed__wrapper\">\n<iframe title=\"Kurt Weill | Youkali par le Trio Fauve et Ang\u00e8le Chemin\" width=\"640\" height=\"360\" src=\"https:\/\/www.youtube.com\/embed\/8nQEFcfohow?feature=oembed\" frameborder=\"0\" allow=\"accelerometer; autoplay; clipboard-write; encrypted-media; gyroscope; picture-in-picture; web-share\" referrerpolicy=\"strict-origin-when-cross-origin\" allowfullscreen><\/iframe>\n<\/div><figcaption class=\"wp-element-caption\"><strong>Youkali de Kurt Weill por el terceto Fauve y Ang\u00e8le Chemin<\/strong><\/figcaption><\/figure>\n\n\n\n<figure class=\"wp-block-video\"><video height=\"576\" style=\"aspect-ratio: 720 \/ 576;\" width=\"720\" controls src=\"https:\/\/www.iemj.org\/wp-content\/uploads\/2019\/02\/la_complainte_de_mackie-2.mp4\"><\/video><figcaption class=\"wp-element-caption\"><strong>La endecha de Mackie<\/strong><\/figcaption><\/figure>\n\n\n<div class=\"wp-block-image\">\n<figure class=\"aligncenter size-large\"><img fetchpriority=\"high\" decoding=\"async\" width=\"1024\" height=\"133\" src=\"https:\/\/www.iemj.org\/wp-content\/uploads\/2024\/03\/AUDIO-PLAYER-1024x133.png\" alt=\"\" class=\"wp-image-110610\" srcset=\"https:\/\/www.iemj.org\/wp-content\/uploads\/2024\/03\/AUDIO-PLAYER-1024x133.png 1024w, https:\/\/www.iemj.org\/wp-content\/uploads\/2024\/03\/AUDIO-PLAYER-300x39.png 300w, https:\/\/www.iemj.org\/wp-content\/uploads\/2024\/03\/AUDIO-PLAYER-768x100.png 768w, https:\/\/www.iemj.org\/wp-content\/uploads\/2024\/03\/AUDIO-PLAYER-600x78.png 600w, https:\/\/www.iemj.org\/wp-content\/uploads\/2024\/03\/AUDIO-PLAYER.png 1210w\" sizes=\"(max-width: 1024px) 100vw, 1024px\" \/><\/figure>\n<\/div>","protected":false},"excerpt":{"rendered":"<p>Una selecci\u00f3n de composiciones de Kurt Weill parcialmente inspiradas en el juda\u00edsmo<\/p>\n","protected":false},"author":1052,"featured_media":70687,"comment_status":"closed","ping_status":"open","sticky":false,"template":"","format":"standard","meta":{"_acf_changed":false,"footnotes":""},"categories":[1535],"tags":[],"technique":[],"squelettes":[],"sujet":[],"formation":[],"genre":[1899],"fonds":[],"tradition":[],"type-de-contenu":[],"interprete-compositeur":[3231],"frise":[],"type-devenement":[],"tableaux-liens-externes":[],"class_list":["post-70686","post","type-post","status-publish","format-standard","has-post-thumbnail","hentry","category-listas-de-reproduccion-es","genre-musica-clasica-es","interprete-compositeur-kurt-weill-es"],"acf":[],"yoast_head":"<!-- This site is optimized with the Yoast SEO plugin v27.3 - https:\/\/yoast.com\/product\/yoast-seo-wordpress\/ -->\n<title>Kurt Weill (1900-1950) - Institut Europ\u00e9en des Musiques Juives<\/title>\n<meta name=\"robots\" content=\"index, follow, max-snippet:-1, max-image-preview:large, max-video-preview:-1\" \/>\n<link rel=\"canonical\" href=\"https:\/\/www.iemj.org\/es\/kurt-weill-1900-1950\/\" \/>\n<meta property=\"og:locale\" content=\"es_ES\" \/>\n<meta property=\"og:type\" content=\"article\" \/>\n<meta property=\"og:title\" content=\"Kurt Weill (1900-1950) - Institut Europ\u00e9en des Musiques Juives\" \/>\n<meta property=\"og:description\" content=\"Una selecci\u00f3n de composiciones de Kurt Weill parcialmente inspiradas en el juda\u00edsmo\" \/>\n<meta property=\"og:url\" content=\"https:\/\/www.iemj.org\/es\/kurt-weill-1900-1950\/\" \/>\n<meta property=\"og:site_name\" content=\"Institut Europ\u00e9en des Musiques Juives\" \/>\n<meta property=\"article:publisher\" content=\"https:\/\/www.facebook.com\/MusiquesJuives\/\" \/>\n<meta property=\"article:published_time\" content=\"2019-02-20T11:20:38+00:00\" \/>\n<meta property=\"article:modified_time\" content=\"2025-07-09T11:35:28+00:00\" \/>\n<meta property=\"og:image\" content=\"https:\/\/www.iemj.org\/wp-content\/uploads\/2019\/02\/arton3958-e1635930598138.jpg\" \/>\n\t<meta property=\"og:image:width\" content=\"350\" \/>\n\t<meta property=\"og:image:height\" content=\"428\" \/>\n\t<meta property=\"og:image:type\" content=\"image\/jpeg\" \/>\n<meta name=\"author\" content=\"Lea Couderc\" \/>\n<meta name=\"twitter:card\" content=\"summary_large_image\" \/>\n<meta name=\"twitter:label1\" content=\"Escrito por\" \/>\n\t<meta name=\"twitter:data1\" content=\"Lea Couderc\" \/>\n\t<meta name=\"twitter:label2\" content=\"Tiempo de lectura\" \/>\n\t<meta name=\"twitter:data2\" content=\"2 minutos\" \/>\n<script type=\"application\/ld+json\" class=\"yoast-schema-graph\">{\"@context\":\"https:\\\/\\\/schema.org\",\"@graph\":[{\"@type\":\"Article\",\"@id\":\"https:\\\/\\\/www.iemj.org\\\/es\\\/kurt-weill-1900-1950\\\/#article\",\"isPartOf\":{\"@id\":\"https:\\\/\\\/www.iemj.org\\\/es\\\/kurt-weill-1900-1950\\\/\"},\"author\":{\"name\":\"Lea Couderc\",\"@id\":\"https:\\\/\\\/www.iemj.org\\\/es\\\/#\\\/schema\\\/person\\\/e2ad57f2c4be119c7ed8ab79036807a9\"},\"headline\":\"Kurt Weill (1900-1950)\",\"datePublished\":\"2019-02-20T11:20:38+00:00\",\"dateModified\":\"2025-07-09T11:35:28+00:00\",\"mainEntityOfPage\":{\"@id\":\"https:\\\/\\\/www.iemj.org\\\/es\\\/kurt-weill-1900-1950\\\/\"},\"wordCount\":258,\"publisher\":{\"@id\":\"https:\\\/\\\/www.iemj.org\\\/es\\\/#organization\"},\"image\":{\"@id\":\"https:\\\/\\\/www.iemj.org\\\/es\\\/kurt-weill-1900-1950\\\/#primaryimage\"},\"thumbnailUrl\":\"https:\\\/\\\/www.iemj.org\\\/wp-content\\\/uploads\\\/2019\\\/02\\\/arton3958-e1635930598138.jpg\",\"articleSection\":[\"Listas de reproducci\u00f3n\"],\"inLanguage\":\"es\"},{\"@type\":\"WebPage\",\"@id\":\"https:\\\/\\\/www.iemj.org\\\/es\\\/kurt-weill-1900-1950\\\/\",\"url\":\"https:\\\/\\\/www.iemj.org\\\/es\\\/kurt-weill-1900-1950\\\/\",\"name\":\"Kurt Weill (1900-1950) - Institut Europ\u00e9en des Musiques Juives\",\"isPartOf\":{\"@id\":\"https:\\\/\\\/www.iemj.org\\\/es\\\/#website\"},\"primaryImageOfPage\":{\"@id\":\"https:\\\/\\\/www.iemj.org\\\/es\\\/kurt-weill-1900-1950\\\/#primaryimage\"},\"image\":{\"@id\":\"https:\\\/\\\/www.iemj.org\\\/es\\\/kurt-weill-1900-1950\\\/#primaryimage\"},\"thumbnailUrl\":\"https:\\\/\\\/www.iemj.org\\\/wp-content\\\/uploads\\\/2019\\\/02\\\/arton3958-e1635930598138.jpg\",\"datePublished\":\"2019-02-20T11:20:38+00:00\",\"dateModified\":\"2025-07-09T11:35:28+00:00\",\"breadcrumb\":{\"@id\":\"https:\\\/\\\/www.iemj.org\\\/es\\\/kurt-weill-1900-1950\\\/#breadcrumb\"},\"inLanguage\":\"es\",\"potentialAction\":[{\"@type\":\"ReadAction\",\"target\":[\"https:\\\/\\\/www.iemj.org\\\/es\\\/kurt-weill-1900-1950\\\/\"]}]},{\"@type\":\"ImageObject\",\"inLanguage\":\"es\",\"@id\":\"https:\\\/\\\/www.iemj.org\\\/es\\\/kurt-weill-1900-1950\\\/#primaryimage\",\"url\":\"https:\\\/\\\/www.iemj.org\\\/wp-content\\\/uploads\\\/2019\\\/02\\\/arton3958-e1635930598138.jpg\",\"contentUrl\":\"https:\\\/\\\/www.iemj.org\\\/wp-content\\\/uploads\\\/2019\\\/02\\\/arton3958-e1635930598138.jpg\",\"width\":350,\"height\":428},{\"@type\":\"BreadcrumbList\",\"@id\":\"https:\\\/\\\/www.iemj.org\\\/es\\\/kurt-weill-1900-1950\\\/#breadcrumb\",\"itemListElement\":[{\"@type\":\"ListItem\",\"position\":1,\"name\":\"Accueil\",\"item\":\"https:\\\/\\\/www.iemj.org\\\/es\\\/\"},{\"@type\":\"ListItem\",\"position\":2,\"name\":\"Kurt Weill (1900-1950)\"}]},{\"@type\":\"WebSite\",\"@id\":\"https:\\\/\\\/www.iemj.org\\\/es\\\/#website\",\"url\":\"https:\\\/\\\/www.iemj.org\\\/es\\\/\",\"name\":\"Institut Europ\u00e9en des Musiques Juives\",\"description\":\"Des traditions musicales \u00e0 la port\u00e9e de tous\",\"publisher\":{\"@id\":\"https:\\\/\\\/www.iemj.org\\\/es\\\/#organization\"},\"potentialAction\":[{\"@type\":\"SearchAction\",\"target\":{\"@type\":\"EntryPoint\",\"urlTemplate\":\"https:\\\/\\\/www.iemj.org\\\/es\\\/?s={search_term_string}\"},\"query-input\":{\"@type\":\"PropertyValueSpecification\",\"valueRequired\":true,\"valueName\":\"search_term_string\"}}],\"inLanguage\":\"es\"},{\"@type\":\"Organization\",\"@id\":\"https:\\\/\\\/www.iemj.org\\\/es\\\/#organization\",\"name\":\"Institut Europ\u00e9en des Musiques Juives\",\"url\":\"https:\\\/\\\/www.iemj.org\\\/es\\\/\",\"logo\":{\"@type\":\"ImageObject\",\"inLanguage\":\"es\",\"@id\":\"https:\\\/\\\/www.iemj.org\\\/es\\\/#\\\/schema\\\/logo\\\/image\\\/\",\"url\":\"https:\\\/\\\/www.iemj.org\\\/wp-content\\\/uploads\\\/2021\\\/09\\\/Logo-IEMJ-Paypal.jpg\",\"contentUrl\":\"https:\\\/\\\/www.iemj.org\\\/wp-content\\\/uploads\\\/2021\\\/09\\\/Logo-IEMJ-Paypal.jpg\",\"width\":150,\"height\":50,\"caption\":\"Institut Europ\u00e9en des Musiques Juives\"},\"image\":{\"@id\":\"https:\\\/\\\/www.iemj.org\\\/es\\\/#\\\/schema\\\/logo\\\/image\\\/\"},\"sameAs\":[\"https:\\\/\\\/www.facebook.com\\\/MusiquesJuives\\\/\",\"https:\\\/\\\/www.instagram.com\\\/musiquesjuives\\\/\",\"https:\\\/\\\/www.youtube.com\\\/user\\\/musiquesjuives\"]},{\"@type\":\"Person\",\"@id\":\"https:\\\/\\\/www.iemj.org\\\/es\\\/#\\\/schema\\\/person\\\/e2ad57f2c4be119c7ed8ab79036807a9\",\"name\":\"Lea Couderc\",\"image\":{\"@type\":\"ImageObject\",\"inLanguage\":\"es\",\"@id\":\"https:\\\/\\\/secure.gravatar.com\\\/avatar\\\/46ee021475d60aeff17a7e490b79dea5a5684bb392ab7fd1494027411df8ba23?s=96&d=mm&r=g\",\"url\":\"https:\\\/\\\/secure.gravatar.com\\\/avatar\\\/46ee021475d60aeff17a7e490b79dea5a5684bb392ab7fd1494027411df8ba23?s=96&d=mm&r=g\",\"contentUrl\":\"https:\\\/\\\/secure.gravatar.com\\\/avatar\\\/46ee021475d60aeff17a7e490b79dea5a5684bb392ab7fd1494027411df8ba23?s=96&d=mm&r=g\",\"caption\":\"Lea Couderc\"}}]}<\/script>\n<!-- \/ Yoast SEO plugin. -->","yoast_head_json":{"title":"Kurt Weill (1900-1950) - Institut Europ\u00e9en des Musiques Juives","robots":{"index":"index","follow":"follow","max-snippet":"max-snippet:-1","max-image-preview":"max-image-preview:large","max-video-preview":"max-video-preview:-1"},"canonical":"https:\/\/www.iemj.org\/es\/kurt-weill-1900-1950\/","og_locale":"es_ES","og_type":"article","og_title":"Kurt Weill (1900-1950) - Institut Europ\u00e9en des Musiques Juives","og_description":"Una selecci\u00f3n de composiciones de Kurt Weill parcialmente inspiradas en el juda\u00edsmo","og_url":"https:\/\/www.iemj.org\/es\/kurt-weill-1900-1950\/","og_site_name":"Institut Europ\u00e9en des Musiques Juives","article_publisher":"https:\/\/www.facebook.com\/MusiquesJuives\/","article_published_time":"2019-02-20T11:20:38+00:00","article_modified_time":"2025-07-09T11:35:28+00:00","og_image":[{"width":350,"height":428,"url":"https:\/\/www.iemj.org\/wp-content\/uploads\/2019\/02\/arton3958-e1635930598138.jpg","type":"image\/jpeg"}],"author":"Lea Couderc","twitter_card":"summary_large_image","twitter_misc":{"Escrito por":"Lea Couderc","Tiempo de lectura":"2 minutos"},"schema":{"@context":"https:\/\/schema.org","@graph":[{"@type":"Article","@id":"https:\/\/www.iemj.org\/es\/kurt-weill-1900-1950\/#article","isPartOf":{"@id":"https:\/\/www.iemj.org\/es\/kurt-weill-1900-1950\/"},"author":{"name":"Lea Couderc","@id":"https:\/\/www.iemj.org\/es\/#\/schema\/person\/e2ad57f2c4be119c7ed8ab79036807a9"},"headline":"Kurt Weill (1900-1950)","datePublished":"2019-02-20T11:20:38+00:00","dateModified":"2025-07-09T11:35:28+00:00","mainEntityOfPage":{"@id":"https:\/\/www.iemj.org\/es\/kurt-weill-1900-1950\/"},"wordCount":258,"publisher":{"@id":"https:\/\/www.iemj.org\/es\/#organization"},"image":{"@id":"https:\/\/www.iemj.org\/es\/kurt-weill-1900-1950\/#primaryimage"},"thumbnailUrl":"https:\/\/www.iemj.org\/wp-content\/uploads\/2019\/02\/arton3958-e1635930598138.jpg","articleSection":["Listas de reproducci\u00f3n"],"inLanguage":"es"},{"@type":"WebPage","@id":"https:\/\/www.iemj.org\/es\/kurt-weill-1900-1950\/","url":"https:\/\/www.iemj.org\/es\/kurt-weill-1900-1950\/","name":"Kurt Weill (1900-1950) - Institut Europ\u00e9en des Musiques Juives","isPartOf":{"@id":"https:\/\/www.iemj.org\/es\/#website"},"primaryImageOfPage":{"@id":"https:\/\/www.iemj.org\/es\/kurt-weill-1900-1950\/#primaryimage"},"image":{"@id":"https:\/\/www.iemj.org\/es\/kurt-weill-1900-1950\/#primaryimage"},"thumbnailUrl":"https:\/\/www.iemj.org\/wp-content\/uploads\/2019\/02\/arton3958-e1635930598138.jpg","datePublished":"2019-02-20T11:20:38+00:00","dateModified":"2025-07-09T11:35:28+00:00","breadcrumb":{"@id":"https:\/\/www.iemj.org\/es\/kurt-weill-1900-1950\/#breadcrumb"},"inLanguage":"es","potentialAction":[{"@type":"ReadAction","target":["https:\/\/www.iemj.org\/es\/kurt-weill-1900-1950\/"]}]},{"@type":"ImageObject","inLanguage":"es","@id":"https:\/\/www.iemj.org\/es\/kurt-weill-1900-1950\/#primaryimage","url":"https:\/\/www.iemj.org\/wp-content\/uploads\/2019\/02\/arton3958-e1635930598138.jpg","contentUrl":"https:\/\/www.iemj.org\/wp-content\/uploads\/2019\/02\/arton3958-e1635930598138.jpg","width":350,"height":428},{"@type":"BreadcrumbList","@id":"https:\/\/www.iemj.org\/es\/kurt-weill-1900-1950\/#breadcrumb","itemListElement":[{"@type":"ListItem","position":1,"name":"Accueil","item":"https:\/\/www.iemj.org\/es\/"},{"@type":"ListItem","position":2,"name":"Kurt Weill (1900-1950)"}]},{"@type":"WebSite","@id":"https:\/\/www.iemj.org\/es\/#website","url":"https:\/\/www.iemj.org\/es\/","name":"Institut Europ\u00e9en des Musiques Juives","description":"Des traditions musicales \u00e0 la port\u00e9e de tous","publisher":{"@id":"https:\/\/www.iemj.org\/es\/#organization"},"potentialAction":[{"@type":"SearchAction","target":{"@type":"EntryPoint","urlTemplate":"https:\/\/www.iemj.org\/es\/?s={search_term_string}"},"query-input":{"@type":"PropertyValueSpecification","valueRequired":true,"valueName":"search_term_string"}}],"inLanguage":"es"},{"@type":"Organization","@id":"https:\/\/www.iemj.org\/es\/#organization","name":"Institut Europ\u00e9en des Musiques Juives","url":"https:\/\/www.iemj.org\/es\/","logo":{"@type":"ImageObject","inLanguage":"es","@id":"https:\/\/www.iemj.org\/es\/#\/schema\/logo\/image\/","url":"https:\/\/www.iemj.org\/wp-content\/uploads\/2021\/09\/Logo-IEMJ-Paypal.jpg","contentUrl":"https:\/\/www.iemj.org\/wp-content\/uploads\/2021\/09\/Logo-IEMJ-Paypal.jpg","width":150,"height":50,"caption":"Institut Europ\u00e9en des Musiques Juives"},"image":{"@id":"https:\/\/www.iemj.org\/es\/#\/schema\/logo\/image\/"},"sameAs":["https:\/\/www.facebook.com\/MusiquesJuives\/","https:\/\/www.instagram.com\/musiquesjuives\/","https:\/\/www.youtube.com\/user\/musiquesjuives"]},{"@type":"Person","@id":"https:\/\/www.iemj.org\/es\/#\/schema\/person\/e2ad57f2c4be119c7ed8ab79036807a9","name":"Lea Couderc","image":{"@type":"ImageObject","inLanguage":"es","@id":"https:\/\/secure.gravatar.com\/avatar\/46ee021475d60aeff17a7e490b79dea5a5684bb392ab7fd1494027411df8ba23?s=96&d=mm&r=g","url":"https:\/\/secure.gravatar.com\/avatar\/46ee021475d60aeff17a7e490b79dea5a5684bb392ab7fd1494027411df8ba23?s=96&d=mm&r=g","contentUrl":"https:\/\/secure.gravatar.com\/avatar\/46ee021475d60aeff17a7e490b79dea5a5684bb392ab7fd1494027411df8ba23?s=96&d=mm&r=g","caption":"Lea Couderc"}}]}},"_links":{"self":[{"href":"https:\/\/www.iemj.org\/es\/wp-json\/wp\/v2\/posts\/70686","targetHints":{"allow":["GET"]}}],"collection":[{"href":"https:\/\/www.iemj.org\/es\/wp-json\/wp\/v2\/posts"}],"about":[{"href":"https:\/\/www.iemj.org\/es\/wp-json\/wp\/v2\/types\/post"}],"author":[{"embeddable":true,"href":"https:\/\/www.iemj.org\/es\/wp-json\/wp\/v2\/users\/1052"}],"replies":[{"embeddable":true,"href":"https:\/\/www.iemj.org\/es\/wp-json\/wp\/v2\/comments?post=70686"}],"version-history":[{"count":0,"href":"https:\/\/www.iemj.org\/es\/wp-json\/wp\/v2\/posts\/70686\/revisions"}],"wp:featuredmedia":[{"embeddable":true,"href":"https:\/\/www.iemj.org\/es\/wp-json\/wp\/v2\/media\/70687"}],"wp:attachment":[{"href":"https:\/\/www.iemj.org\/es\/wp-json\/wp\/v2\/media?parent=70686"}],"wp:term":[{"taxonomy":"category","embeddable":true,"href":"https:\/\/www.iemj.org\/es\/wp-json\/wp\/v2\/categories?post=70686"},{"taxonomy":"post_tag","embeddable":true,"href":"https:\/\/www.iemj.org\/es\/wp-json\/wp\/v2\/tags?post=70686"},{"taxonomy":"technique","embeddable":true,"href":"https:\/\/www.iemj.org\/es\/wp-json\/wp\/v2\/technique?post=70686"},{"taxonomy":"squelettes","embeddable":true,"href":"https:\/\/www.iemj.org\/es\/wp-json\/wp\/v2\/squelettes?post=70686"},{"taxonomy":"sujet","embeddable":true,"href":"https:\/\/www.iemj.org\/es\/wp-json\/wp\/v2\/sujet?post=70686"},{"taxonomy":"formation","embeddable":true,"href":"https:\/\/www.iemj.org\/es\/wp-json\/wp\/v2\/formation?post=70686"},{"taxonomy":"genre","embeddable":true,"href":"https:\/\/www.iemj.org\/es\/wp-json\/wp\/v2\/genre?post=70686"},{"taxonomy":"fonds","embeddable":true,"href":"https:\/\/www.iemj.org\/es\/wp-json\/wp\/v2\/fonds?post=70686"},{"taxonomy":"tradition","embeddable":true,"href":"https:\/\/www.iemj.org\/es\/wp-json\/wp\/v2\/tradition?post=70686"},{"taxonomy":"type-de-contenu","embeddable":true,"href":"https:\/\/www.iemj.org\/es\/wp-json\/wp\/v2\/type-de-contenu?post=70686"},{"taxonomy":"interprete-compositeur","embeddable":true,"href":"https:\/\/www.iemj.org\/es\/wp-json\/wp\/v2\/interprete-compositeur?post=70686"},{"taxonomy":"frise","embeddable":true,"href":"https:\/\/www.iemj.org\/es\/wp-json\/wp\/v2\/frise?post=70686"},{"taxonomy":"type-devenement","embeddable":true,"href":"https:\/\/www.iemj.org\/es\/wp-json\/wp\/v2\/type-devenement?post=70686"},{"taxonomy":"tableaux-liens-externes","embeddable":true,"href":"https:\/\/www.iemj.org\/es\/wp-json\/wp\/v2\/tableaux-liens-externes?post=70686"}],"curies":[{"name":"wp","href":"https:\/\/api.w.org\/{rel}","templated":true}]}}