{"id":71164,"date":"2017-02-21T17:04:05","date_gmt":"2017-02-21T16:04:05","guid":{"rendered":"https:\/\/www.iemj.org\/offenbach-jacques-1819-1880\/"},"modified":"2025-09-08T15:43:46","modified_gmt":"2025-09-08T13:43:46","slug":"offenbach-jacques-1819-1880","status":"publish","type":"post","link":"https:\/\/www.iemj.org\/es\/offenbach-jacques-1819-1880\/","title":{"rendered":"Offenbach, Jacques (1819-1880)"},"content":{"rendered":"<p>Jacob Offenbach naci\u00f3 en Colonia el 20 de junio de 1819. Es el hijo de Isaac Eberst\u00a0 (1779-1850) m\u00fasico y cantante en la sinagoga. Originario de Offenbach del Meno, Isaac Eberst adopta el apellido de Offenbach alrededor de 1810, en virtud del decreto napole\u00f3nico del 28 de julio de 1808, que imponga a todas las jud\u00edos del imperio de coger \u00abun apellido definitivo\u00bb, de manera facilitar el censo y la gesti\u00f3n del registro civil de estos.<\/p>\n<p>Jacob Offenbach (que m\u00e1s tarde se llamar\u00e1 Jacques) empieza a componer desde la edad de nueve a\u00f1os. Violoncelista y m\u00fasico talentoso, ha sido enviado desde la edad de los 14 a\u00f1os al Conservatorio de M\u00fasica de Par\u00eds, con su hermano Julius. Paralelamente a esto, a partir del 1er de diciembre de 1833, Jacques Offenbach estar\u00e1 en carga \u00abde la formaci\u00f3n y de la direcci\u00f3n del coro\u00bb de la sinagoga Notre-Dame de Nazareth en Par\u00eds, funci\u00f3n que va a tener solo s\u00e9is meses en respuesta a un desacuerdo con las autoridades rab\u00ednicas de la sinagoga que le reprochan tocar en un orquesta el d\u00eda del Sabbat.<\/p>\n<p>Despu\u00e9s de un a\u00f1o pasado en el conservatorio, Offenbach, cuyo el comportamiento es juzgado demasiado distra\u00eddo, se ve en la obligaci\u00f3n de dejarlo. A continuaci\u00f3n, integra el orquesta del \u00f3pera c\u00f3mica y se hace distinguir por Jacques F. Hal\u00e9vy, compositor, que le dar\u00e1 clases. En este lapso, su reputaci\u00f3n crece. Compuesta algunas m\u00fasicas de escena para el \u00f3pera c\u00f3mica y se presenta conciertos al violoncelo de los 1839.<\/p>\n<p>Se hace conocer gracias a melod\u00edas ligeras, y se vuelve director musical de la <strong>Com\u00e9die-Fran\u00e7aise<\/strong> en 1847. Emulo de Rossini y de Mozart, es el creador de la <strong>Op\u00e9ra bouffe<\/strong> francesa<span class=\"footnote_referrer\"><a role=\"button\" tabindex=\"0\" onclick=\"footnote_moveToReference_71164_1('footnote_plugin_reference_71164_1_1');\" onkeypress=\"footnote_moveToReference_71164_1('footnote_plugin_reference_71164_1_1');\" ><sup id=\"footnote_plugin_tooltip_71164_1_1\" class=\"footnote_plugin_tooltip_text\">[1]<\/sup><\/a><span id=\"footnote_plugin_tooltip_text_71164_1_1\" class=\"footnote_tooltip\">op\u00e9ra-bouffe : Como el \u00f3pera c\u00f3mica y la opereta, el op\u00e9ra-bouffe presenta una sucesi\u00f3n de escenas cantadas y de di\u00e1logos hablados. Pero, mientras que el \u00f3pera c\u00f3mica puede tratar de temas&nbsp;&#x2026; <span class=\"footnote_tooltip_continue\"  onclick=\"footnote_moveToReference_71164_1('footnote_plugin_reference_71164_1_1');\">Lire la suite<\/span><\/span><\/span><script type=\"text\/javascript\"> jQuery('#footnote_plugin_tooltip_71164_1_1').tooltip({ tip: '#footnote_plugin_tooltip_text_71164_1_1', tipClass: 'footnote_tooltip', effect: 'fade', predelay: 0, fadeInSpeed: 200, delay: 400, fadeOutSpeed: 200, position: 'top center', relative: true, offset: [-7, 0], });<\/script>. Ocho a\u00f1os m\u00e1s tarde, decid\u00ed abrir su teatro para producir sus obras: la sala de los Bouffes-Parisiens, inaugurada en 1855. Es a este momento que fue creado con \u00e9xito el primer opera bouffe de Offenbach <em>Orph\u00e9e aux Enfers<\/em>\u00a0(Orfeo en los infiernos) (1858). Sus operas siguientes (<em>La Grande-Duchesse de G\u00e9rolstein<\/em> [<em>La gran duquesa de G\u00e9rolstein<\/em>],\u00a0<em>La Vie parisienne <\/em>[La vida parisina],\u00a0<em>Les Brigands <\/em>[<em>Los bandidos<\/em>]<em>)<\/em> han sida muy bien acogidas<em>.<\/em> La \u00e9poca calificada de \u00abfiesta imperial\u00bb cuyo Offenbach ha vuelto en quince a\u00f1os de la una de las figuras emblem\u00e1ticas, es brutalmente interrumpidas por la guerra franco-prusiana de 1870. Siempre atento al gusto del publico, entonces Offenbach opta por la <strong>op\u00e9ra-bouffe-f\u00e9\u00e9rie<\/strong> (<em>Le Roi Carotte<\/em> [<em>El Rey Zanahoria<\/em>]) pues por la <strong>opera patri\u00f3tica<\/strong> (La Fille du Tambour-Major [<em>La hija del tambor mayor<\/em>]).<\/p>\n<p>Offenbach muri\u00f3 algunos meses antes del lanzamiento de la opera que le traer\u00e1 el reconocimiento que quer\u00eda tanto, Les Contes d&#8217;Hoffmann (Los cuentos de Hoffmann) &#8211; uno de las operas francesas m\u00e1s tocados de hoy en d\u00eda.<\/p>\n<p>Jacques Offenbach es el autor de algunos cantos de sinagogas (<em>Ashamnou<\/em>,\u00a0<em>Tavo lefanecha<\/em>\u2026) compuestos en la ocasi\u00f3n de las visitas a su padre en Colonia<span class=\"footnote_referrer\"><a role=\"button\" tabindex=\"0\" onclick=\"footnote_moveToReference_71164_1('footnote_plugin_reference_71164_1_2');\" onkeypress=\"footnote_moveToReference_71164_1('footnote_plugin_reference_71164_1_2');\" ><sup id=\"footnote_plugin_tooltip_71164_1_2\" class=\"footnote_plugin_tooltip_text\">[2]<\/sup><\/a><span id=\"footnote_plugin_tooltip_text_71164_1_2\" class=\"footnote_tooltip\">Estos dos arias han sido publicados en 1997 en el CD <a href=\"https:\/\/www.iemj.org\/es\/gesange-aus-der-synagogue-chants-of-the-synagogue\/\" target=\"_blank\" rel=\"noopener\">Gesa\u0308nge aus der Synagoge \/ Chants of the synagogue<\/a>, Vol. 2 Koch Schwann Aulos.<\/span><\/span><script type=\"text\/javascript\"> jQuery('#footnote_plugin_tooltip_71164_1_2').tooltip({ tip: '#footnote_plugin_tooltip_text_71164_1_2', tipClass: 'footnote_tooltip', effect: 'fade', predelay: 0, fadeInSpeed: 200, delay: 400, fadeOutSpeed: 200, position: 'top center', relative: true, offset: [-7, 0], });<\/script>. A la edad de 16 a\u00f1os, ha escrito tambi\u00e9n una continuaci\u00f3n de valses sobre motivos israelitas del siglo XV, intitulado R\u00e9becca (1837, no editado).<\/p>\n<p><a href=\"https:\/\/www.napoleon.org\/histoire-des-2-empires\/biographies\/offenbach-jacques-1819-1880-compositeur\/\">M\u00e1s informaci\u00f3n<\/a><\/p>\n<ul>\n<li><a href=\"https:\/\/www.iemj.org\/en\/classique-vous-avez-dit-classique-jacques-offenbach-2\/\" target=\"_blank\" rel=\"noopener\">Escuchar la emisi\u00f3n de radio de Laure Schnapper consagrada a Jacques Offenbach del 9 de noviembre de 2016, Juda\u00efques FM (94,8)<\/a><\/li>\n<li><a href=\"https:\/\/www.iemj.org\/en\/classique-vous-avez-dit-classique-two-broadcasts-dedicated-to-jacques-offenbach\/\" target=\"_blank\" rel=\"noopener\">Escuchar los 2 emisiones de radio de Laure Schnapper consagradas a \u00abJacques Offenbach y a la publicaci\u00f3n de libro &#8216;M. Offenbach nous \u00e9crit\u00bb (\u00abSe\u00f1or Offenbach nos escribe\u00bb) de los 16 &amp; 30 de enero de 2019.<\/a><\/li>\n<\/ul>\n\n\n<h2 class=\"wp-block-heading\"><\/h2>\n\n\n<div class=\"wp-block-image\">\n<figure class=\"aligncenter size-large\"><img fetchpriority=\"high\" decoding=\"async\" width=\"1024\" height=\"133\" src=\"https:\/\/www.iemj.org\/wp-content\/uploads\/2024\/03\/AUDIO-PLAYER-1024x133.png\" alt=\"\" class=\"wp-image-110610\" srcset=\"https:\/\/www.iemj.org\/wp-content\/uploads\/2024\/03\/AUDIO-PLAYER-1024x133.png 1024w, https:\/\/www.iemj.org\/wp-content\/uploads\/2024\/03\/AUDIO-PLAYER-300x39.png 300w, https:\/\/www.iemj.org\/wp-content\/uploads\/2024\/03\/AUDIO-PLAYER-768x100.png 768w, https:\/\/www.iemj.org\/wp-content\/uploads\/2024\/03\/AUDIO-PLAYER-600x78.png 600w, https:\/\/www.iemj.org\/wp-content\/uploads\/2024\/03\/AUDIO-PLAYER.png 1210w\" sizes=\"(max-width: 1024px) 100vw, 1024px\" \/><\/figure>\n<\/div>\n\n\n<div class=\"wp-block-file\"><a id=\"wp-block-file--media-148dc279-197f-4c34-b189-6f2411f510fb\" href=\"https:\/\/www.iemj.org\/wp-content\/uploads\/2017\/02\/grande_valse_extrait_-_jacques_offenbach-2.mp3\">Grande valse (EXTRAIT) &#8211; Jacques Offenbach<\/a><\/div>\n<div class=\"speaker-mute footnotes_reference_container\"> <div class=\"footnote_container_prepare\"><p><span role=\"button\" tabindex=\"0\" class=\"footnote_reference_container_label pointer\" onclick=\"footnote_expand_collapse_reference_container_71164_1();\">&#x202F;<\/span><span role=\"button\" tabindex=\"0\" class=\"footnote_reference_container_collapse_button\" style=\"display: none;\" onclick=\"footnote_expand_collapse_reference_container_71164_1();\">[<a id=\"footnote_reference_container_collapse_button_71164_1\">+<\/a>]<\/span><\/p><\/div> <div id=\"footnote_references_container_71164_1\" style=\"\"><table class=\"footnotes_table footnote-reference-container\"><caption class=\"accessibility\">References<\/caption> <tbody> \r\n\r\n<tr class=\"footnotes_plugin_reference_row\"> <th scope=\"row\" class=\"footnote_plugin_index_combi pointer\"  onclick=\"footnote_moveToAnchor_71164_1('footnote_plugin_tooltip_71164_1_1');\"><a id=\"footnote_plugin_reference_71164_1_1\" class=\"footnote_backlink\">1<\/a><\/th> <td class=\"footnote_plugin_text\"><strong>op\u00e9ra-bouffe<\/strong> : Como el \u00f3pera c\u00f3mica y la opereta, el op\u00e9ra-bouffe presenta una sucesi\u00f3n de escenas cantadas y de di\u00e1logos hablados. Pero, mientras que el \u00f3pera c\u00f3mica puede tratar de temas \u00abserios\u00bb, y la opereta de historias mejor sentimentales, la op\u00e9ra bouffe es unicamente \u00abbouffon\u00bb, par\u00f3dica o sat\u00edrica, de car\u00e1cter ligero o sarc\u00e1stico. El genero sera particularmente encargado por Francis Poulenc (1899-1963) con <em>Les Mamelles de Tir\u00e9sias<\/em> (<em>Las tetas de Tiresias<\/em>).<\/td><\/tr>\r\n\r\n<tr class=\"footnotes_plugin_reference_row\"> <th scope=\"row\" class=\"footnote_plugin_index_combi pointer\"  onclick=\"footnote_moveToAnchor_71164_1('footnote_plugin_tooltip_71164_1_2');\"><a id=\"footnote_plugin_reference_71164_1_2\" class=\"footnote_backlink\">2<\/a><\/th> <td class=\"footnote_plugin_text\">Estos dos arias han sido publicados en 1997 en el CD <a href=\"https:\/\/www.iemj.org\/es\/gesange-aus-der-synagogue-chants-of-the-synagogue\/\" target=\"_blank\" rel=\"noopener\">Gesa\u0308nge aus der Synagoge \/ Chants of the synagogue<\/a>, Vol. 2 Koch Schwann Aulos.<\/td><\/tr>\r\n\r\n <\/tbody> <\/table> <\/div><\/div><script type=\"text\/javascript\"> function footnote_expand_reference_container_71164_1() { jQuery('#footnote_references_container_71164_1').show(); jQuery('#footnote_reference_container_collapse_button_71164_1').text('\u2212'); } function footnote_collapse_reference_container_71164_1() { jQuery('#footnote_references_container_71164_1').hide(); jQuery('#footnote_reference_container_collapse_button_71164_1').text('+'); } function footnote_expand_collapse_reference_container_71164_1() { if (jQuery('#footnote_references_container_71164_1').is(':hidden')) { footnote_expand_reference_container_71164_1(); } else { footnote_collapse_reference_container_71164_1(); } } function footnote_moveToReference_71164_1(p_str_TargetID) { footnote_expand_reference_container_71164_1(); var l_obj_Target = jQuery('#' + p_str_TargetID); if (l_obj_Target.length) { jQuery( 'html, body' ).delay( 0 ); jQuery('html, body').animate({ scrollTop: l_obj_Target.offset().top - window.innerHeight * 0.2 }, 380); } } function footnote_moveToAnchor_71164_1(p_str_TargetID) { footnote_expand_reference_container_71164_1(); var l_obj_Target = jQuery('#' + p_str_TargetID); if (l_obj_Target.length) { jQuery( 'html, body' ).delay( 0 ); jQuery('html, body').animate({ scrollTop: l_obj_Target.offset().top - window.innerHeight * 0.2 }, 380); } }<\/script>","protected":false},"excerpt":{"rendered":"<p>Jacob Offenbach naci\u00f3 en Colonia el 20 de junio de 1819. Es el hijo de Isaac Eberst\u00a0 (1779-1850) m\u00fasico y cantante en la sinagoga. Originario de Offenbach del Meno, Isaac<\/p>\n","protected":false},"author":1052,"featured_media":71165,"comment_status":"closed","ping_status":"closed","sticky":false,"template":"","format":"standard","meta":{"_acf_changed":false,"footnotes":""},"categories":[1417],"tags":[],"technique":[],"squelettes":[],"sujet":[],"formation":[],"genre":[1899],"fonds":[],"tradition":[],"type-de-contenu":[],"interprete-compositeur":[3200],"frise":[],"type-devenement":[],"tableaux-liens-externes":[],"class_list":["post-71164","post","type-post","status-publish","format-standard","has-post-thumbnail","hentry","category-biografias-es","genre-musica-clasica-es","interprete-compositeur-jacques-offenbach-es-2"],"acf":[],"yoast_head":"<!-- This site is optimized with the Yoast SEO plugin v27.3 - https:\/\/yoast.com\/product\/yoast-seo-wordpress\/ -->\n<title>Offenbach, Jacques (1819-1880) - Institut Europ\u00e9en des Musiques Juives<\/title>\n<meta name=\"robots\" content=\"index, follow, max-snippet:-1, max-image-preview:large, max-video-preview:-1\" \/>\n<link rel=\"canonical\" href=\"https:\/\/www.iemj.org\/es\/offenbach-jacques-1819-1880\/\" \/>\n<meta property=\"og:locale\" content=\"es_ES\" \/>\n<meta property=\"og:type\" content=\"article\" \/>\n<meta property=\"og:title\" content=\"Offenbach, Jacques (1819-1880) - Institut Europ\u00e9en des Musiques Juives\" \/>\n<meta property=\"og:description\" content=\"Jacob Offenbach naci\u00f3 en Colonia el 20 de junio de 1819. Es el hijo de Isaac Eberst\u00a0 (1779-1850) m\u00fasico y cantante en la sinagoga. Originario de Offenbach del Meno, Isaac\" \/>\n<meta property=\"og:url\" content=\"https:\/\/www.iemj.org\/es\/offenbach-jacques-1819-1880\/\" \/>\n<meta property=\"og:site_name\" content=\"Institut Europ\u00e9en des Musiques Juives\" \/>\n<meta property=\"article:publisher\" content=\"https:\/\/www.facebook.com\/MusiquesJuives\/\" \/>\n<meta property=\"article:published_time\" content=\"2017-02-21T16:04:05+00:00\" \/>\n<meta property=\"article:modified_time\" content=\"2025-09-08T13:43:46+00:00\" \/>\n<meta property=\"og:image\" content=\"https:\/\/www.iemj.org\/wp-content\/uploads\/2017\/02\/arton2113.jpg\" \/>\n\t<meta property=\"og:image:width\" content=\"174\" \/>\n\t<meta property=\"og:image:height\" content=\"216\" \/>\n\t<meta property=\"og:image:type\" content=\"image\/jpeg\" \/>\n<meta name=\"author\" content=\"Lea Couderc\" \/>\n<meta name=\"twitter:card\" content=\"summary_large_image\" \/>\n<meta name=\"twitter:label1\" content=\"Escrito por\" \/>\n\t<meta name=\"twitter:data1\" content=\"Lea Couderc\" \/>\n\t<meta name=\"twitter:label2\" content=\"Tiempo de lectura\" \/>\n\t<meta name=\"twitter:data2\" content=\"4 minutos\" \/>\n<script type=\"application\/ld+json\" class=\"yoast-schema-graph\">{\"@context\":\"https:\\\/\\\/schema.org\",\"@graph\":[{\"@type\":\"Article\",\"@id\":\"https:\\\/\\\/www.iemj.org\\\/es\\\/offenbach-jacques-1819-1880\\\/#article\",\"isPartOf\":{\"@id\":\"https:\\\/\\\/www.iemj.org\\\/es\\\/offenbach-jacques-1819-1880\\\/\"},\"author\":{\"name\":\"Lea Couderc\",\"@id\":\"https:\\\/\\\/www.iemj.org\\\/es\\\/#\\\/schema\\\/person\\\/e2ad57f2c4be119c7ed8ab79036807a9\"},\"headline\":\"Offenbach, Jacques (1819-1880)\",\"datePublished\":\"2017-02-21T16:04:05+00:00\",\"dateModified\":\"2025-09-08T13:43:46+00:00\",\"mainEntityOfPage\":{\"@id\":\"https:\\\/\\\/www.iemj.org\\\/es\\\/offenbach-jacques-1819-1880\\\/\"},\"wordCount\":705,\"publisher\":{\"@id\":\"https:\\\/\\\/www.iemj.org\\\/es\\\/#organization\"},\"image\":{\"@id\":\"https:\\\/\\\/www.iemj.org\\\/es\\\/offenbach-jacques-1819-1880\\\/#primaryimage\"},\"thumbnailUrl\":\"https:\\\/\\\/www.iemj.org\\\/wp-content\\\/uploads\\\/2017\\\/02\\\/arton2113.jpg\",\"articleSection\":[\"Biograf\u00edas\"],\"inLanguage\":\"es\"},{\"@type\":\"WebPage\",\"@id\":\"https:\\\/\\\/www.iemj.org\\\/es\\\/offenbach-jacques-1819-1880\\\/\",\"url\":\"https:\\\/\\\/www.iemj.org\\\/es\\\/offenbach-jacques-1819-1880\\\/\",\"name\":\"Offenbach, Jacques (1819-1880) - Institut Europ\u00e9en des Musiques Juives\",\"isPartOf\":{\"@id\":\"https:\\\/\\\/www.iemj.org\\\/es\\\/#website\"},\"primaryImageOfPage\":{\"@id\":\"https:\\\/\\\/www.iemj.org\\\/es\\\/offenbach-jacques-1819-1880\\\/#primaryimage\"},\"image\":{\"@id\":\"https:\\\/\\\/www.iemj.org\\\/es\\\/offenbach-jacques-1819-1880\\\/#primaryimage\"},\"thumbnailUrl\":\"https:\\\/\\\/www.iemj.org\\\/wp-content\\\/uploads\\\/2017\\\/02\\\/arton2113.jpg\",\"datePublished\":\"2017-02-21T16:04:05+00:00\",\"dateModified\":\"2025-09-08T13:43:46+00:00\",\"breadcrumb\":{\"@id\":\"https:\\\/\\\/www.iemj.org\\\/es\\\/offenbach-jacques-1819-1880\\\/#breadcrumb\"},\"inLanguage\":\"es\",\"potentialAction\":[{\"@type\":\"ReadAction\",\"target\":[\"https:\\\/\\\/www.iemj.org\\\/es\\\/offenbach-jacques-1819-1880\\\/\"]}]},{\"@type\":\"ImageObject\",\"inLanguage\":\"es\",\"@id\":\"https:\\\/\\\/www.iemj.org\\\/es\\\/offenbach-jacques-1819-1880\\\/#primaryimage\",\"url\":\"https:\\\/\\\/www.iemj.org\\\/wp-content\\\/uploads\\\/2017\\\/02\\\/arton2113.jpg\",\"contentUrl\":\"https:\\\/\\\/www.iemj.org\\\/wp-content\\\/uploads\\\/2017\\\/02\\\/arton2113.jpg\",\"width\":174,\"height\":216},{\"@type\":\"BreadcrumbList\",\"@id\":\"https:\\\/\\\/www.iemj.org\\\/es\\\/offenbach-jacques-1819-1880\\\/#breadcrumb\",\"itemListElement\":[{\"@type\":\"ListItem\",\"position\":1,\"name\":\"Accueil\",\"item\":\"https:\\\/\\\/www.iemj.org\\\/es\\\/\"},{\"@type\":\"ListItem\",\"position\":2,\"name\":\"Offenbach, Jacques (1819-1880)\"}]},{\"@type\":\"WebSite\",\"@id\":\"https:\\\/\\\/www.iemj.org\\\/es\\\/#website\",\"url\":\"https:\\\/\\\/www.iemj.org\\\/es\\\/\",\"name\":\"Institut Europ\u00e9en des Musiques Juives\",\"description\":\"Des traditions musicales \u00e0 la port\u00e9e de tous\",\"publisher\":{\"@id\":\"https:\\\/\\\/www.iemj.org\\\/es\\\/#organization\"},\"potentialAction\":[{\"@type\":\"SearchAction\",\"target\":{\"@type\":\"EntryPoint\",\"urlTemplate\":\"https:\\\/\\\/www.iemj.org\\\/es\\\/?s={search_term_string}\"},\"query-input\":{\"@type\":\"PropertyValueSpecification\",\"valueRequired\":true,\"valueName\":\"search_term_string\"}}],\"inLanguage\":\"es\"},{\"@type\":\"Organization\",\"@id\":\"https:\\\/\\\/www.iemj.org\\\/es\\\/#organization\",\"name\":\"Institut Europ\u00e9en des Musiques Juives\",\"url\":\"https:\\\/\\\/www.iemj.org\\\/es\\\/\",\"logo\":{\"@type\":\"ImageObject\",\"inLanguage\":\"es\",\"@id\":\"https:\\\/\\\/www.iemj.org\\\/es\\\/#\\\/schema\\\/logo\\\/image\\\/\",\"url\":\"https:\\\/\\\/www.iemj.org\\\/wp-content\\\/uploads\\\/2021\\\/09\\\/Logo-IEMJ-Paypal.jpg\",\"contentUrl\":\"https:\\\/\\\/www.iemj.org\\\/wp-content\\\/uploads\\\/2021\\\/09\\\/Logo-IEMJ-Paypal.jpg\",\"width\":150,\"height\":50,\"caption\":\"Institut Europ\u00e9en des Musiques Juives\"},\"image\":{\"@id\":\"https:\\\/\\\/www.iemj.org\\\/es\\\/#\\\/schema\\\/logo\\\/image\\\/\"},\"sameAs\":[\"https:\\\/\\\/www.facebook.com\\\/MusiquesJuives\\\/\",\"https:\\\/\\\/www.instagram.com\\\/musiquesjuives\\\/\",\"https:\\\/\\\/www.youtube.com\\\/user\\\/musiquesjuives\"]},{\"@type\":\"Person\",\"@id\":\"https:\\\/\\\/www.iemj.org\\\/es\\\/#\\\/schema\\\/person\\\/e2ad57f2c4be119c7ed8ab79036807a9\",\"name\":\"Lea Couderc\",\"image\":{\"@type\":\"ImageObject\",\"inLanguage\":\"es\",\"@id\":\"https:\\\/\\\/secure.gravatar.com\\\/avatar\\\/46ee021475d60aeff17a7e490b79dea5a5684bb392ab7fd1494027411df8ba23?s=96&d=mm&r=g\",\"url\":\"https:\\\/\\\/secure.gravatar.com\\\/avatar\\\/46ee021475d60aeff17a7e490b79dea5a5684bb392ab7fd1494027411df8ba23?s=96&d=mm&r=g\",\"contentUrl\":\"https:\\\/\\\/secure.gravatar.com\\\/avatar\\\/46ee021475d60aeff17a7e490b79dea5a5684bb392ab7fd1494027411df8ba23?s=96&d=mm&r=g\",\"caption\":\"Lea Couderc\"}}]}<\/script>\n<!-- \/ Yoast SEO plugin. -->","yoast_head_json":{"title":"Offenbach, Jacques (1819-1880) - Institut Europ\u00e9en des Musiques Juives","robots":{"index":"index","follow":"follow","max-snippet":"max-snippet:-1","max-image-preview":"max-image-preview:large","max-video-preview":"max-video-preview:-1"},"canonical":"https:\/\/www.iemj.org\/es\/offenbach-jacques-1819-1880\/","og_locale":"es_ES","og_type":"article","og_title":"Offenbach, Jacques (1819-1880) - Institut Europ\u00e9en des Musiques Juives","og_description":"Jacob Offenbach naci\u00f3 en Colonia el 20 de junio de 1819. Es el hijo de Isaac Eberst\u00a0 (1779-1850) m\u00fasico y cantante en la sinagoga. Originario de Offenbach del Meno, Isaac","og_url":"https:\/\/www.iemj.org\/es\/offenbach-jacques-1819-1880\/","og_site_name":"Institut Europ\u00e9en des Musiques Juives","article_publisher":"https:\/\/www.facebook.com\/MusiquesJuives\/","article_published_time":"2017-02-21T16:04:05+00:00","article_modified_time":"2025-09-08T13:43:46+00:00","og_image":[{"width":174,"height":216,"url":"https:\/\/www.iemj.org\/wp-content\/uploads\/2017\/02\/arton2113.jpg","type":"image\/jpeg"}],"author":"Lea Couderc","twitter_card":"summary_large_image","twitter_misc":{"Escrito por":"Lea Couderc","Tiempo de lectura":"4 minutos"},"schema":{"@context":"https:\/\/schema.org","@graph":[{"@type":"Article","@id":"https:\/\/www.iemj.org\/es\/offenbach-jacques-1819-1880\/#article","isPartOf":{"@id":"https:\/\/www.iemj.org\/es\/offenbach-jacques-1819-1880\/"},"author":{"name":"Lea Couderc","@id":"https:\/\/www.iemj.org\/es\/#\/schema\/person\/e2ad57f2c4be119c7ed8ab79036807a9"},"headline":"Offenbach, Jacques (1819-1880)","datePublished":"2017-02-21T16:04:05+00:00","dateModified":"2025-09-08T13:43:46+00:00","mainEntityOfPage":{"@id":"https:\/\/www.iemj.org\/es\/offenbach-jacques-1819-1880\/"},"wordCount":705,"publisher":{"@id":"https:\/\/www.iemj.org\/es\/#organization"},"image":{"@id":"https:\/\/www.iemj.org\/es\/offenbach-jacques-1819-1880\/#primaryimage"},"thumbnailUrl":"https:\/\/www.iemj.org\/wp-content\/uploads\/2017\/02\/arton2113.jpg","articleSection":["Biograf\u00edas"],"inLanguage":"es"},{"@type":"WebPage","@id":"https:\/\/www.iemj.org\/es\/offenbach-jacques-1819-1880\/","url":"https:\/\/www.iemj.org\/es\/offenbach-jacques-1819-1880\/","name":"Offenbach, Jacques (1819-1880) - Institut Europ\u00e9en des Musiques Juives","isPartOf":{"@id":"https:\/\/www.iemj.org\/es\/#website"},"primaryImageOfPage":{"@id":"https:\/\/www.iemj.org\/es\/offenbach-jacques-1819-1880\/#primaryimage"},"image":{"@id":"https:\/\/www.iemj.org\/es\/offenbach-jacques-1819-1880\/#primaryimage"},"thumbnailUrl":"https:\/\/www.iemj.org\/wp-content\/uploads\/2017\/02\/arton2113.jpg","datePublished":"2017-02-21T16:04:05+00:00","dateModified":"2025-09-08T13:43:46+00:00","breadcrumb":{"@id":"https:\/\/www.iemj.org\/es\/offenbach-jacques-1819-1880\/#breadcrumb"},"inLanguage":"es","potentialAction":[{"@type":"ReadAction","target":["https:\/\/www.iemj.org\/es\/offenbach-jacques-1819-1880\/"]}]},{"@type":"ImageObject","inLanguage":"es","@id":"https:\/\/www.iemj.org\/es\/offenbach-jacques-1819-1880\/#primaryimage","url":"https:\/\/www.iemj.org\/wp-content\/uploads\/2017\/02\/arton2113.jpg","contentUrl":"https:\/\/www.iemj.org\/wp-content\/uploads\/2017\/02\/arton2113.jpg","width":174,"height":216},{"@type":"BreadcrumbList","@id":"https:\/\/www.iemj.org\/es\/offenbach-jacques-1819-1880\/#breadcrumb","itemListElement":[{"@type":"ListItem","position":1,"name":"Accueil","item":"https:\/\/www.iemj.org\/es\/"},{"@type":"ListItem","position":2,"name":"Offenbach, Jacques (1819-1880)"}]},{"@type":"WebSite","@id":"https:\/\/www.iemj.org\/es\/#website","url":"https:\/\/www.iemj.org\/es\/","name":"Institut Europ\u00e9en des Musiques Juives","description":"Des traditions musicales \u00e0 la port\u00e9e de tous","publisher":{"@id":"https:\/\/www.iemj.org\/es\/#organization"},"potentialAction":[{"@type":"SearchAction","target":{"@type":"EntryPoint","urlTemplate":"https:\/\/www.iemj.org\/es\/?s={search_term_string}"},"query-input":{"@type":"PropertyValueSpecification","valueRequired":true,"valueName":"search_term_string"}}],"inLanguage":"es"},{"@type":"Organization","@id":"https:\/\/www.iemj.org\/es\/#organization","name":"Institut Europ\u00e9en des Musiques Juives","url":"https:\/\/www.iemj.org\/es\/","logo":{"@type":"ImageObject","inLanguage":"es","@id":"https:\/\/www.iemj.org\/es\/#\/schema\/logo\/image\/","url":"https:\/\/www.iemj.org\/wp-content\/uploads\/2021\/09\/Logo-IEMJ-Paypal.jpg","contentUrl":"https:\/\/www.iemj.org\/wp-content\/uploads\/2021\/09\/Logo-IEMJ-Paypal.jpg","width":150,"height":50,"caption":"Institut Europ\u00e9en des Musiques Juives"},"image":{"@id":"https:\/\/www.iemj.org\/es\/#\/schema\/logo\/image\/"},"sameAs":["https:\/\/www.facebook.com\/MusiquesJuives\/","https:\/\/www.instagram.com\/musiquesjuives\/","https:\/\/www.youtube.com\/user\/musiquesjuives"]},{"@type":"Person","@id":"https:\/\/www.iemj.org\/es\/#\/schema\/person\/e2ad57f2c4be119c7ed8ab79036807a9","name":"Lea Couderc","image":{"@type":"ImageObject","inLanguage":"es","@id":"https:\/\/secure.gravatar.com\/avatar\/46ee021475d60aeff17a7e490b79dea5a5684bb392ab7fd1494027411df8ba23?s=96&d=mm&r=g","url":"https:\/\/secure.gravatar.com\/avatar\/46ee021475d60aeff17a7e490b79dea5a5684bb392ab7fd1494027411df8ba23?s=96&d=mm&r=g","contentUrl":"https:\/\/secure.gravatar.com\/avatar\/46ee021475d60aeff17a7e490b79dea5a5684bb392ab7fd1494027411df8ba23?s=96&d=mm&r=g","caption":"Lea Couderc"}}]}},"_links":{"self":[{"href":"https:\/\/www.iemj.org\/es\/wp-json\/wp\/v2\/posts\/71164","targetHints":{"allow":["GET"]}}],"collection":[{"href":"https:\/\/www.iemj.org\/es\/wp-json\/wp\/v2\/posts"}],"about":[{"href":"https:\/\/www.iemj.org\/es\/wp-json\/wp\/v2\/types\/post"}],"author":[{"embeddable":true,"href":"https:\/\/www.iemj.org\/es\/wp-json\/wp\/v2\/users\/1052"}],"replies":[{"embeddable":true,"href":"https:\/\/www.iemj.org\/es\/wp-json\/wp\/v2\/comments?post=71164"}],"version-history":[{"count":0,"href":"https:\/\/www.iemj.org\/es\/wp-json\/wp\/v2\/posts\/71164\/revisions"}],"wp:featuredmedia":[{"embeddable":true,"href":"https:\/\/www.iemj.org\/es\/wp-json\/wp\/v2\/media\/71165"}],"wp:attachment":[{"href":"https:\/\/www.iemj.org\/es\/wp-json\/wp\/v2\/media?parent=71164"}],"wp:term":[{"taxonomy":"category","embeddable":true,"href":"https:\/\/www.iemj.org\/es\/wp-json\/wp\/v2\/categories?post=71164"},{"taxonomy":"post_tag","embeddable":true,"href":"https:\/\/www.iemj.org\/es\/wp-json\/wp\/v2\/tags?post=71164"},{"taxonomy":"technique","embeddable":true,"href":"https:\/\/www.iemj.org\/es\/wp-json\/wp\/v2\/technique?post=71164"},{"taxonomy":"squelettes","embeddable":true,"href":"https:\/\/www.iemj.org\/es\/wp-json\/wp\/v2\/squelettes?post=71164"},{"taxonomy":"sujet","embeddable":true,"href":"https:\/\/www.iemj.org\/es\/wp-json\/wp\/v2\/sujet?post=71164"},{"taxonomy":"formation","embeddable":true,"href":"https:\/\/www.iemj.org\/es\/wp-json\/wp\/v2\/formation?post=71164"},{"taxonomy":"genre","embeddable":true,"href":"https:\/\/www.iemj.org\/es\/wp-json\/wp\/v2\/genre?post=71164"},{"taxonomy":"fonds","embeddable":true,"href":"https:\/\/www.iemj.org\/es\/wp-json\/wp\/v2\/fonds?post=71164"},{"taxonomy":"tradition","embeddable":true,"href":"https:\/\/www.iemj.org\/es\/wp-json\/wp\/v2\/tradition?post=71164"},{"taxonomy":"type-de-contenu","embeddable":true,"href":"https:\/\/www.iemj.org\/es\/wp-json\/wp\/v2\/type-de-contenu?post=71164"},{"taxonomy":"interprete-compositeur","embeddable":true,"href":"https:\/\/www.iemj.org\/es\/wp-json\/wp\/v2\/interprete-compositeur?post=71164"},{"taxonomy":"frise","embeddable":true,"href":"https:\/\/www.iemj.org\/es\/wp-json\/wp\/v2\/frise?post=71164"},{"taxonomy":"type-devenement","embeddable":true,"href":"https:\/\/www.iemj.org\/es\/wp-json\/wp\/v2\/type-devenement?post=71164"},{"taxonomy":"tableaux-liens-externes","embeddable":true,"href":"https:\/\/www.iemj.org\/es\/wp-json\/wp\/v2\/tableaux-liens-externes?post=71164"}],"curies":[{"name":"wp","href":"https:\/\/api.w.org\/{rel}","templated":true}]}}