{"id":71233,"date":"2019-01-16T10:47:37","date_gmt":"2019-01-16T09:47:37","guid":{"rendered":"https:\/\/www.iemj.org\/sulzer-salomon-1804-1890\/"},"modified":"2025-09-09T17:17:25","modified_gmt":"2025-09-09T15:17:25","slug":"sulzer-salomon-1804-1890","status":"publish","type":"post","link":"https:\/\/www.iemj.org\/es\/sulzer-salomon-1804-1890\/","title":{"rendered":"Sulzer, Salomon (1804-1890)"},"content":{"rendered":"<p>Salomon Sulzer naci\u00f3 el 30 de marzo de 1804 en Hohenems (Austria). Su familia, cuya tenia el nombre de Loewy (Levi antes 1813, era originario de Sulz (Austria), de donde proviene probablamente el apellido de \u00abSulzer\u00bb. En 1748, la familia Sulzer se instal\u00f3 en Hohenems, a una decena de km al norte de Sulz, y esta aqu\u00ed que va a nacer el joven Salomon Sulzer.<\/p>\n<p>En cuanto a una edad muy joven, Salomon Sulze se inicia al canto lit\u00fargico con los <em>hazzanim<\/em> (<em>jaz\u00e1n<\/em>) de Endingen (Suiza), de Karlsruhe (Alemania), y m\u00e1s tarde con Salomon Eichberg, cantor en Hohenems y D\u00fcsseldorf. En 1820, a la edad de 16 anos, Sulzer obtuvo el puesto de cantor y jefe de coro en su ciudad natal de Hohenems. Asum\u00ed esta carga durante cinco a\u00f1os, durante las cuales ha modernizado la liturgia y ha introducido la m\u00fasica coral durante los oficios.<\/p>\n<p><img fetchpriority=\"high\" decoding=\"async\" class=\" alignright size-full wp-image-71256\" src=\"https:\/\/www.iemj.org\/wp-content\/uploads\/2019\/01\/young_salomon_sulzer001_redim_verticale_250.jpg\" alt=\"young_salomon_sulzer001_redim_verticale_250.jpg\" width=\"208\" height=\"250\" align=\"right\" \/>En 1826, a la demanda del rabbi modernista Isaak Noah Mannheimer de Viena (Austria), fue nombrado cantor principal en la nueva sinagoga Seitenstettengasse de Viena donde va a quedar 54 anos. Reorganiz\u00f3 las partes musicales de la liturgia jud\u00eda, conservando las melod\u00edas y los cantos tradicionales, armonizando seg\u00fan las concepciones musicales de su tiempo. Esta reforma de los cantos lit\u00fargicas, que aspiraba a instaurar un \u00abservicio ordenado\u00bb (<em>Geordneter Gottesdienst<\/em>) en lugar del car\u00e1cter improvisado del canto de los jaz\u00e1n, ha sido completamente adoptada por los sinagogas reformadas de la mitad del siglo XIX.<\/p>\n<p>Fuera del juda\u00edsmo vien\u00e9s, Sulzer ha sido reconocido como una personalidad importante del mundo musical y su maravilloso timbre de bar\u00edtono era famoso mas all\u00e1 de los limites de la ciudad. Los compositores Franz Schubert, Franz Liszt, Giacomo Meyerbeer, Robert Schumann y Niccolo Paganini hac\u00edan parte de sus numerosos admiradores y amigos que se iban a menudo en el templo de la ciudad de Viena para escuchar a Sulzer.<\/p>\n<p><img decoding=\"async\" class=\" alignleft size-full wp-image-71257\" src=\"https:\/\/www.iemj.org\/wp-content\/uploads\/2019\/01\/300px-old_salomon_sulzer001_redim_verticale_285.jpg\" alt=\"300px-old_salomon_sulzer001_redim_verticale_285.jpg\" width=\"187\" height=\"285\" align=\"left\" \/>Sulzer public\u00f3 un gran numero de partituras, cuyas sus propias composiciones, as\u00ed que las de otros compositores. Escrib\u00ed tambi\u00e9n piezas profanas (cuyas algunas sobre poemas de Goethe) y, como cantor, fue particularmente distinguido por sus interpretaciones de los <em>Lieder<\/em>\u00a0de Schubert. Pregunt\u00f3 por cierto a este ultimo escribir la m\u00fasica para un salmo en hebreo, lo que Schubert hizo para el salmo 92:\u00a0<em>Mizmor shir leyom hashabbat, Tov lehodos<\/em>\u2026 que fue cantado en la sinagoga de Viena para Sulzer el mismo durante el verano 1828.<\/p>\n<p>Entre 1840 y 1865 (o 1866), Sulzer public\u00f3 su elemento fundamental:\u00a0<em>Shir Zion<\/em>\u00a0(Le chant de Sion [El canto de Sion]), una selecci\u00f3n de dos vol\u00famenes para el sabbat y las fiestas jud\u00edas, incluido Rosh Hashana et Yom Kippour, para oficiante, coro y respuestas de asamblea, con un acompa\u00f1amiento opcional al \u00f3rgano. Esta selecci\u00f3n es un compromiso entre el canto tradicional sinagogal (para el oficiante) y elementos pareciendo a la liturgia protestante para el coro.<\/p>\n<p><img decoding=\"async\" class=\" alignright size-full wp-image-71258\" src=\"https:\/\/www.iemj.org\/wp-content\/uploads\/2019\/01\/schir_zion_ausschnitt_redim_verticale_300.jpg\" alt=\"schir_zion_ausschnitt_redim_verticale_300.jpg\" width=\"221\" height=\"300\" align=\"right\" \/>Este trabajo de compilaci\u00f3n y de modernizaci\u00f3n del canto lit\u00fargico ha costado a Sulzer el apodo de \u00abpadre de la m\u00fasica sinagogal moderna\u00bb. Y sus escritos musicales y su influencia quedaron mucho tiempo despu\u00e9s de su fallecimiento el 17 enero de 1890 en Viena.<\/p>\n<p>Notemos por fin que Sulzer ha publicado un peque\u00f1o volumen de cantos intitulado <em>Duda\u2019im<\/em>\u00a0 y un cierto numero de composiciones laicas y sagradas. En todas sus composiciones lit\u00fargicas, una atenci\u00f3n particular ha sido llevada al texto hebreo y a su prosodia. La recopilaci\u00f3n <em>Zwanzig Ges\u00e4nge f\u00fcr den Israelitischen Gottesdienst<\/em>\u00a0(Viena, 1892), ha sido imprimida a t\u00edtulo p\u00f3stumo.<\/p>\n<p>Fuentes:<br \/><a href=\"https:\/\/www.britannica.com\/biography\/Salomon-Sulzer\">Encyclopaedia Britannica<\/a><br \/><a href=\"https:\/\/fr.wikipedia.org\/wiki\/Salomon_Sulzer\" target=\"_blank\" rel=\"noopener\">Wikipedia Salomon Sulzer<\/a><br \/><a href=\"http:\/\/www.jm-hohenems.at\/en\/jewish-quarter\/biographies\/salomon-sulzer\">J\u00fcdisches Museum Hohenemes <\/a><\/p>\n<p><a href=\"https:\/\/www.iemj.org\/es\/chants-liturgiques-de-salomon-sulzer-1804-1890\/\" target=\"_blank\" rel=\"noopener\">Escuchar una selecci\u00f3n de obras de Salomon Sulzer<\/a><\/p>\n<p><iframe src=\"https:\/\/www.youtube.com\/embed\/UCVJs4PHzgM\" width=\"560\" height=\"315\" frameborder=\"0\" allowfullscreen=\"allowfullscreen\"><\/iframe><\/p>\n\n\n<h2 class=\"wp-block-heading\"><\/h2>\n\n\n<div class=\"wp-block-image\">\n<figure class=\"aligncenter size-large\"><img loading=\"lazy\" decoding=\"async\" width=\"1024\" height=\"133\" src=\"https:\/\/www.iemj.org\/wp-content\/uploads\/2024\/03\/AUDIO-PLAYER-1024x133.png\" alt=\"\" class=\"wp-image-110610\" srcset=\"https:\/\/www.iemj.org\/wp-content\/uploads\/2024\/03\/AUDIO-PLAYER-1024x133.png 1024w, https:\/\/www.iemj.org\/wp-content\/uploads\/2024\/03\/AUDIO-PLAYER-300x39.png 300w, https:\/\/www.iemj.org\/wp-content\/uploads\/2024\/03\/AUDIO-PLAYER-768x100.png 768w, https:\/\/www.iemj.org\/wp-content\/uploads\/2024\/03\/AUDIO-PLAYER-600x78.png 600w, https:\/\/www.iemj.org\/wp-content\/uploads\/2024\/03\/AUDIO-PLAYER.png 1210w\" sizes=\"(max-width: 1024px) 100vw, 1024px\" \/><\/figure>\n<\/div>\n\n\n<div class=\"wp-block-file\"><a href=\"https:\/\/www.iemj.org\/wp-content\/uploads\/2019\/01\/psaume_92_tow_lehodos_-_franz_schubert.mp3\">Psaume 92 Tow Lehodos &#8211; Franz Schubert<\/a><\/div>\n","protected":false},"excerpt":{"rendered":"<p>Salomon Sulzer naci\u00f3 el 30 de marzo de 1804 en Hohenems (Austria). Su familia, cuya tenia el nombre de Loewy (Levi antes 1813, era originario de Sulz (Austria), de donde<\/p>\n","protected":false},"author":5,"featured_media":71234,"comment_status":"closed","ping_status":"closed","sticky":false,"template":"","format":"standard","meta":{"_acf_changed":false,"footnotes":""},"categories":[1417],"tags":[],"technique":[],"squelettes":[],"sujet":[],"formation":[],"genre":[],"fonds":[],"tradition":[],"type-de-contenu":[],"interprete-compositeur":[],"frise":[],"type-devenement":[],"tableaux-liens-externes":[],"class_list":["post-71233","post","type-post","status-publish","format-standard","has-post-thumbnail","hentry","category-biografias-es"],"acf":[],"yoast_head":"<!-- This site is optimized with the Yoast SEO plugin v27.3 - https:\/\/yoast.com\/product\/yoast-seo-wordpress\/ -->\n<title>Sulzer, Salomon (1804-1890) - Institut Europ\u00e9en des Musiques Juives<\/title>\n<meta name=\"robots\" content=\"index, follow, max-snippet:-1, max-image-preview:large, max-video-preview:-1\" \/>\n<link rel=\"canonical\" href=\"https:\/\/www.iemj.org\/es\/sulzer-salomon-1804-1890\/\" \/>\n<meta property=\"og:locale\" content=\"es_ES\" \/>\n<meta property=\"og:type\" content=\"article\" \/>\n<meta property=\"og:title\" content=\"Sulzer, Salomon (1804-1890) - Institut Europ\u00e9en des Musiques Juives\" \/>\n<meta property=\"og:description\" content=\"Salomon Sulzer naci\u00f3 el 30 de marzo de 1804 en Hohenems (Austria). Su familia, cuya tenia el nombre de Loewy (Levi antes 1813, era originario de Sulz (Austria), de donde\" \/>\n<meta property=\"og:url\" content=\"https:\/\/www.iemj.org\/es\/sulzer-salomon-1804-1890\/\" \/>\n<meta property=\"og:site_name\" content=\"Institut Europ\u00e9en des Musiques Juives\" \/>\n<meta property=\"article:publisher\" content=\"https:\/\/www.facebook.com\/MusiquesJuives\/\" \/>\n<meta property=\"article:published_time\" content=\"2019-01-16T09:47:37+00:00\" \/>\n<meta property=\"article:modified_time\" content=\"2025-09-09T15:17:25+00:00\" \/>\n<meta property=\"og:image\" content=\"https:\/\/www.iemj.org\/wp-content\/uploads\/2019\/01\/arton3889-e1617023387857.jpg\" \/>\n\t<meta property=\"og:image:width\" content=\"164\" \/>\n\t<meta property=\"og:image:height\" content=\"218\" \/>\n\t<meta property=\"og:image:type\" content=\"image\/jpeg\" \/>\n<meta name=\"author\" content=\"Jacqueline ROTEN\" \/>\n<meta name=\"twitter:card\" content=\"summary_large_image\" \/>\n<meta name=\"twitter:label1\" content=\"Escrito por\" \/>\n\t<meta name=\"twitter:data1\" content=\"Jacqueline ROTEN\" \/>\n\t<meta name=\"twitter:label2\" content=\"Tiempo de lectura\" \/>\n\t<meta name=\"twitter:data2\" content=\"5 minutos\" \/>\n<script type=\"application\/ld+json\" class=\"yoast-schema-graph\">{\"@context\":\"https:\\\/\\\/schema.org\",\"@graph\":[{\"@type\":\"Article\",\"@id\":\"https:\\\/\\\/www.iemj.org\\\/es\\\/sulzer-salomon-1804-1890\\\/#article\",\"isPartOf\":{\"@id\":\"https:\\\/\\\/www.iemj.org\\\/es\\\/sulzer-salomon-1804-1890\\\/\"},\"author\":{\"name\":\"Jacqueline ROTEN\",\"@id\":\"https:\\\/\\\/www.iemj.org\\\/es\\\/#\\\/schema\\\/person\\\/358e26c18aca017fcc4cc15437f7279c\"},\"headline\":\"Sulzer, Salomon (1804-1890)\",\"datePublished\":\"2019-01-16T09:47:37+00:00\",\"dateModified\":\"2025-09-09T15:17:25+00:00\",\"mainEntityOfPage\":{\"@id\":\"https:\\\/\\\/www.iemj.org\\\/es\\\/sulzer-salomon-1804-1890\\\/\"},\"wordCount\":618,\"publisher\":{\"@id\":\"https:\\\/\\\/www.iemj.org\\\/es\\\/#organization\"},\"image\":{\"@id\":\"https:\\\/\\\/www.iemj.org\\\/es\\\/sulzer-salomon-1804-1890\\\/#primaryimage\"},\"thumbnailUrl\":\"https:\\\/\\\/www.iemj.org\\\/wp-content\\\/uploads\\\/2019\\\/01\\\/arton3889-e1617023387857.jpg\",\"articleSection\":[\"Biograf\u00edas\"],\"inLanguage\":\"es\"},{\"@type\":\"WebPage\",\"@id\":\"https:\\\/\\\/www.iemj.org\\\/es\\\/sulzer-salomon-1804-1890\\\/\",\"url\":\"https:\\\/\\\/www.iemj.org\\\/es\\\/sulzer-salomon-1804-1890\\\/\",\"name\":\"Sulzer, Salomon (1804-1890) - Institut Europ\u00e9en des Musiques Juives\",\"isPartOf\":{\"@id\":\"https:\\\/\\\/www.iemj.org\\\/es\\\/#website\"},\"primaryImageOfPage\":{\"@id\":\"https:\\\/\\\/www.iemj.org\\\/es\\\/sulzer-salomon-1804-1890\\\/#primaryimage\"},\"image\":{\"@id\":\"https:\\\/\\\/www.iemj.org\\\/es\\\/sulzer-salomon-1804-1890\\\/#primaryimage\"},\"thumbnailUrl\":\"https:\\\/\\\/www.iemj.org\\\/wp-content\\\/uploads\\\/2019\\\/01\\\/arton3889-e1617023387857.jpg\",\"datePublished\":\"2019-01-16T09:47:37+00:00\",\"dateModified\":\"2025-09-09T15:17:25+00:00\",\"breadcrumb\":{\"@id\":\"https:\\\/\\\/www.iemj.org\\\/es\\\/sulzer-salomon-1804-1890\\\/#breadcrumb\"},\"inLanguage\":\"es\",\"potentialAction\":[{\"@type\":\"ReadAction\",\"target\":[\"https:\\\/\\\/www.iemj.org\\\/es\\\/sulzer-salomon-1804-1890\\\/\"]}]},{\"@type\":\"ImageObject\",\"inLanguage\":\"es\",\"@id\":\"https:\\\/\\\/www.iemj.org\\\/es\\\/sulzer-salomon-1804-1890\\\/#primaryimage\",\"url\":\"https:\\\/\\\/www.iemj.org\\\/wp-content\\\/uploads\\\/2019\\\/01\\\/arton3889-e1617023387857.jpg\",\"contentUrl\":\"https:\\\/\\\/www.iemj.org\\\/wp-content\\\/uploads\\\/2019\\\/01\\\/arton3889-e1617023387857.jpg\",\"width\":164,\"height\":218},{\"@type\":\"BreadcrumbList\",\"@id\":\"https:\\\/\\\/www.iemj.org\\\/es\\\/sulzer-salomon-1804-1890\\\/#breadcrumb\",\"itemListElement\":[{\"@type\":\"ListItem\",\"position\":1,\"name\":\"Accueil\",\"item\":\"https:\\\/\\\/www.iemj.org\\\/es\\\/\"},{\"@type\":\"ListItem\",\"position\":2,\"name\":\"Sulzer, Salomon (1804-1890)\"}]},{\"@type\":\"WebSite\",\"@id\":\"https:\\\/\\\/www.iemj.org\\\/es\\\/#website\",\"url\":\"https:\\\/\\\/www.iemj.org\\\/es\\\/\",\"name\":\"Institut Europ\u00e9en des Musiques Juives\",\"description\":\"Des traditions musicales \u00e0 la port\u00e9e de tous\",\"publisher\":{\"@id\":\"https:\\\/\\\/www.iemj.org\\\/es\\\/#organization\"},\"potentialAction\":[{\"@type\":\"SearchAction\",\"target\":{\"@type\":\"EntryPoint\",\"urlTemplate\":\"https:\\\/\\\/www.iemj.org\\\/es\\\/?s={search_term_string}\"},\"query-input\":{\"@type\":\"PropertyValueSpecification\",\"valueRequired\":true,\"valueName\":\"search_term_string\"}}],\"inLanguage\":\"es\"},{\"@type\":\"Organization\",\"@id\":\"https:\\\/\\\/www.iemj.org\\\/es\\\/#organization\",\"name\":\"Institut Europ\u00e9en des Musiques Juives\",\"url\":\"https:\\\/\\\/www.iemj.org\\\/es\\\/\",\"logo\":{\"@type\":\"ImageObject\",\"inLanguage\":\"es\",\"@id\":\"https:\\\/\\\/www.iemj.org\\\/es\\\/#\\\/schema\\\/logo\\\/image\\\/\",\"url\":\"https:\\\/\\\/www.iemj.org\\\/wp-content\\\/uploads\\\/2021\\\/09\\\/Logo-IEMJ-Paypal.jpg\",\"contentUrl\":\"https:\\\/\\\/www.iemj.org\\\/wp-content\\\/uploads\\\/2021\\\/09\\\/Logo-IEMJ-Paypal.jpg\",\"width\":150,\"height\":50,\"caption\":\"Institut Europ\u00e9en des Musiques Juives\"},\"image\":{\"@id\":\"https:\\\/\\\/www.iemj.org\\\/es\\\/#\\\/schema\\\/logo\\\/image\\\/\"},\"sameAs\":[\"https:\\\/\\\/www.facebook.com\\\/MusiquesJuives\\\/\",\"https:\\\/\\\/www.instagram.com\\\/musiquesjuives\\\/\",\"https:\\\/\\\/www.youtube.com\\\/user\\\/musiquesjuives\"]},{\"@type\":\"Person\",\"@id\":\"https:\\\/\\\/www.iemj.org\\\/es\\\/#\\\/schema\\\/person\\\/358e26c18aca017fcc4cc15437f7279c\",\"name\":\"Jacqueline ROTEN\",\"image\":{\"@type\":\"ImageObject\",\"inLanguage\":\"es\",\"@id\":\"https:\\\/\\\/secure.gravatar.com\\\/avatar\\\/5964256d6c6957de3a3505278957e0fb2a35119ac47ea41827a65301213c810b?s=96&d=mm&r=g\",\"url\":\"https:\\\/\\\/secure.gravatar.com\\\/avatar\\\/5964256d6c6957de3a3505278957e0fb2a35119ac47ea41827a65301213c810b?s=96&d=mm&r=g\",\"contentUrl\":\"https:\\\/\\\/secure.gravatar.com\\\/avatar\\\/5964256d6c6957de3a3505278957e0fb2a35119ac47ea41827a65301213c810b?s=96&d=mm&r=g\",\"caption\":\"Jacqueline ROTEN\"}}]}<\/script>\n<!-- \/ Yoast SEO plugin. -->","yoast_head_json":{"title":"Sulzer, Salomon (1804-1890) - Institut Europ\u00e9en des Musiques Juives","robots":{"index":"index","follow":"follow","max-snippet":"max-snippet:-1","max-image-preview":"max-image-preview:large","max-video-preview":"max-video-preview:-1"},"canonical":"https:\/\/www.iemj.org\/es\/sulzer-salomon-1804-1890\/","og_locale":"es_ES","og_type":"article","og_title":"Sulzer, Salomon (1804-1890) - Institut Europ\u00e9en des Musiques Juives","og_description":"Salomon Sulzer naci\u00f3 el 30 de marzo de 1804 en Hohenems (Austria). Su familia, cuya tenia el nombre de Loewy (Levi antes 1813, era originario de Sulz (Austria), de donde","og_url":"https:\/\/www.iemj.org\/es\/sulzer-salomon-1804-1890\/","og_site_name":"Institut Europ\u00e9en des Musiques Juives","article_publisher":"https:\/\/www.facebook.com\/MusiquesJuives\/","article_published_time":"2019-01-16T09:47:37+00:00","article_modified_time":"2025-09-09T15:17:25+00:00","og_image":[{"width":164,"height":218,"url":"https:\/\/www.iemj.org\/wp-content\/uploads\/2019\/01\/arton3889-e1617023387857.jpg","type":"image\/jpeg"}],"author":"Jacqueline ROTEN","twitter_card":"summary_large_image","twitter_misc":{"Escrito por":"Jacqueline ROTEN","Tiempo de lectura":"5 minutos"},"schema":{"@context":"https:\/\/schema.org","@graph":[{"@type":"Article","@id":"https:\/\/www.iemj.org\/es\/sulzer-salomon-1804-1890\/#article","isPartOf":{"@id":"https:\/\/www.iemj.org\/es\/sulzer-salomon-1804-1890\/"},"author":{"name":"Jacqueline ROTEN","@id":"https:\/\/www.iemj.org\/es\/#\/schema\/person\/358e26c18aca017fcc4cc15437f7279c"},"headline":"Sulzer, Salomon (1804-1890)","datePublished":"2019-01-16T09:47:37+00:00","dateModified":"2025-09-09T15:17:25+00:00","mainEntityOfPage":{"@id":"https:\/\/www.iemj.org\/es\/sulzer-salomon-1804-1890\/"},"wordCount":618,"publisher":{"@id":"https:\/\/www.iemj.org\/es\/#organization"},"image":{"@id":"https:\/\/www.iemj.org\/es\/sulzer-salomon-1804-1890\/#primaryimage"},"thumbnailUrl":"https:\/\/www.iemj.org\/wp-content\/uploads\/2019\/01\/arton3889-e1617023387857.jpg","articleSection":["Biograf\u00edas"],"inLanguage":"es"},{"@type":"WebPage","@id":"https:\/\/www.iemj.org\/es\/sulzer-salomon-1804-1890\/","url":"https:\/\/www.iemj.org\/es\/sulzer-salomon-1804-1890\/","name":"Sulzer, Salomon (1804-1890) - Institut Europ\u00e9en des Musiques Juives","isPartOf":{"@id":"https:\/\/www.iemj.org\/es\/#website"},"primaryImageOfPage":{"@id":"https:\/\/www.iemj.org\/es\/sulzer-salomon-1804-1890\/#primaryimage"},"image":{"@id":"https:\/\/www.iemj.org\/es\/sulzer-salomon-1804-1890\/#primaryimage"},"thumbnailUrl":"https:\/\/www.iemj.org\/wp-content\/uploads\/2019\/01\/arton3889-e1617023387857.jpg","datePublished":"2019-01-16T09:47:37+00:00","dateModified":"2025-09-09T15:17:25+00:00","breadcrumb":{"@id":"https:\/\/www.iemj.org\/es\/sulzer-salomon-1804-1890\/#breadcrumb"},"inLanguage":"es","potentialAction":[{"@type":"ReadAction","target":["https:\/\/www.iemj.org\/es\/sulzer-salomon-1804-1890\/"]}]},{"@type":"ImageObject","inLanguage":"es","@id":"https:\/\/www.iemj.org\/es\/sulzer-salomon-1804-1890\/#primaryimage","url":"https:\/\/www.iemj.org\/wp-content\/uploads\/2019\/01\/arton3889-e1617023387857.jpg","contentUrl":"https:\/\/www.iemj.org\/wp-content\/uploads\/2019\/01\/arton3889-e1617023387857.jpg","width":164,"height":218},{"@type":"BreadcrumbList","@id":"https:\/\/www.iemj.org\/es\/sulzer-salomon-1804-1890\/#breadcrumb","itemListElement":[{"@type":"ListItem","position":1,"name":"Accueil","item":"https:\/\/www.iemj.org\/es\/"},{"@type":"ListItem","position":2,"name":"Sulzer, Salomon (1804-1890)"}]},{"@type":"WebSite","@id":"https:\/\/www.iemj.org\/es\/#website","url":"https:\/\/www.iemj.org\/es\/","name":"Institut Europ\u00e9en des Musiques Juives","description":"Des traditions musicales \u00e0 la port\u00e9e de tous","publisher":{"@id":"https:\/\/www.iemj.org\/es\/#organization"},"potentialAction":[{"@type":"SearchAction","target":{"@type":"EntryPoint","urlTemplate":"https:\/\/www.iemj.org\/es\/?s={search_term_string}"},"query-input":{"@type":"PropertyValueSpecification","valueRequired":true,"valueName":"search_term_string"}}],"inLanguage":"es"},{"@type":"Organization","@id":"https:\/\/www.iemj.org\/es\/#organization","name":"Institut Europ\u00e9en des Musiques Juives","url":"https:\/\/www.iemj.org\/es\/","logo":{"@type":"ImageObject","inLanguage":"es","@id":"https:\/\/www.iemj.org\/es\/#\/schema\/logo\/image\/","url":"https:\/\/www.iemj.org\/wp-content\/uploads\/2021\/09\/Logo-IEMJ-Paypal.jpg","contentUrl":"https:\/\/www.iemj.org\/wp-content\/uploads\/2021\/09\/Logo-IEMJ-Paypal.jpg","width":150,"height":50,"caption":"Institut Europ\u00e9en des Musiques Juives"},"image":{"@id":"https:\/\/www.iemj.org\/es\/#\/schema\/logo\/image\/"},"sameAs":["https:\/\/www.facebook.com\/MusiquesJuives\/","https:\/\/www.instagram.com\/musiquesjuives\/","https:\/\/www.youtube.com\/user\/musiquesjuives"]},{"@type":"Person","@id":"https:\/\/www.iemj.org\/es\/#\/schema\/person\/358e26c18aca017fcc4cc15437f7279c","name":"Jacqueline ROTEN","image":{"@type":"ImageObject","inLanguage":"es","@id":"https:\/\/secure.gravatar.com\/avatar\/5964256d6c6957de3a3505278957e0fb2a35119ac47ea41827a65301213c810b?s=96&d=mm&r=g","url":"https:\/\/secure.gravatar.com\/avatar\/5964256d6c6957de3a3505278957e0fb2a35119ac47ea41827a65301213c810b?s=96&d=mm&r=g","contentUrl":"https:\/\/secure.gravatar.com\/avatar\/5964256d6c6957de3a3505278957e0fb2a35119ac47ea41827a65301213c810b?s=96&d=mm&r=g","caption":"Jacqueline ROTEN"}}]}},"_links":{"self":[{"href":"https:\/\/www.iemj.org\/es\/wp-json\/wp\/v2\/posts\/71233","targetHints":{"allow":["GET"]}}],"collection":[{"href":"https:\/\/www.iemj.org\/es\/wp-json\/wp\/v2\/posts"}],"about":[{"href":"https:\/\/www.iemj.org\/es\/wp-json\/wp\/v2\/types\/post"}],"author":[{"embeddable":true,"href":"https:\/\/www.iemj.org\/es\/wp-json\/wp\/v2\/users\/5"}],"replies":[{"embeddable":true,"href":"https:\/\/www.iemj.org\/es\/wp-json\/wp\/v2\/comments?post=71233"}],"version-history":[{"count":0,"href":"https:\/\/www.iemj.org\/es\/wp-json\/wp\/v2\/posts\/71233\/revisions"}],"wp:featuredmedia":[{"embeddable":true,"href":"https:\/\/www.iemj.org\/es\/wp-json\/wp\/v2\/media\/71234"}],"wp:attachment":[{"href":"https:\/\/www.iemj.org\/es\/wp-json\/wp\/v2\/media?parent=71233"}],"wp:term":[{"taxonomy":"category","embeddable":true,"href":"https:\/\/www.iemj.org\/es\/wp-json\/wp\/v2\/categories?post=71233"},{"taxonomy":"post_tag","embeddable":true,"href":"https:\/\/www.iemj.org\/es\/wp-json\/wp\/v2\/tags?post=71233"},{"taxonomy":"technique","embeddable":true,"href":"https:\/\/www.iemj.org\/es\/wp-json\/wp\/v2\/technique?post=71233"},{"taxonomy":"squelettes","embeddable":true,"href":"https:\/\/www.iemj.org\/es\/wp-json\/wp\/v2\/squelettes?post=71233"},{"taxonomy":"sujet","embeddable":true,"href":"https:\/\/www.iemj.org\/es\/wp-json\/wp\/v2\/sujet?post=71233"},{"taxonomy":"formation","embeddable":true,"href":"https:\/\/www.iemj.org\/es\/wp-json\/wp\/v2\/formation?post=71233"},{"taxonomy":"genre","embeddable":true,"href":"https:\/\/www.iemj.org\/es\/wp-json\/wp\/v2\/genre?post=71233"},{"taxonomy":"fonds","embeddable":true,"href":"https:\/\/www.iemj.org\/es\/wp-json\/wp\/v2\/fonds?post=71233"},{"taxonomy":"tradition","embeddable":true,"href":"https:\/\/www.iemj.org\/es\/wp-json\/wp\/v2\/tradition?post=71233"},{"taxonomy":"type-de-contenu","embeddable":true,"href":"https:\/\/www.iemj.org\/es\/wp-json\/wp\/v2\/type-de-contenu?post=71233"},{"taxonomy":"interprete-compositeur","embeddable":true,"href":"https:\/\/www.iemj.org\/es\/wp-json\/wp\/v2\/interprete-compositeur?post=71233"},{"taxonomy":"frise","embeddable":true,"href":"https:\/\/www.iemj.org\/es\/wp-json\/wp\/v2\/frise?post=71233"},{"taxonomy":"type-devenement","embeddable":true,"href":"https:\/\/www.iemj.org\/es\/wp-json\/wp\/v2\/type-devenement?post=71233"},{"taxonomy":"tableaux-liens-externes","embeddable":true,"href":"https:\/\/www.iemj.org\/es\/wp-json\/wp\/v2\/tableaux-liens-externes?post=71233"}],"curies":[{"name":"wp","href":"https:\/\/api.w.org\/{rel}","templated":true}]}}