{"id":71362,"date":"2016-12-20T11:42:48","date_gmt":"2016-12-20T10:42:48","guid":{"rendered":"https:\/\/www.iemj.org\/hanouka-la-selection-musicale-de-liemj-2eme-partie\/"},"modified":"2025-06-19T12:21:50","modified_gmt":"2025-06-19T10:21:50","slug":"hanouka-la-selection-musicale-de-liemj-2eme-partie","status":"publish","type":"post","link":"https:\/\/www.iemj.org\/es\/hanouka-la-selection-musicale-de-liemj-2eme-partie\/","title":{"rendered":"Januc\u00e1: La selecci\u00f3n musical del IEMJ, Parte 2"},"content":{"rendered":"<p><strong>La fiesta de Januc\u00e1 es propicia al canto y a la alegr\u00eda.<\/strong><br \/><strong>Aqu\u00ed esta una segunda selecci\u00f3n de canciones a escuchar&#8230; o a cantar<\/strong><br \/><!--more--><\/p>\n<p>Januc\u00e1 o \u00abinauguraci\u00f3n\u00bb en hebreo es la fiesta que conmemora la reinauguraci\u00f3n del altar en el segundo Templo de Jerusal\u00e9n. Seg\u00fan la tradici\u00f3n, despu\u00e9s de que el Templo fuera saqueado y profanado por los sel\u00e9ucidas, los sacerdotes encontraron un peque\u00f1o frasco que conten\u00eda suficiente aceite sagrado para iluminar el Templo durante un d\u00eda. La peque\u00f1a cantidad de aceite ardi\u00f3 durante ocho d\u00edas, ocho d\u00edas que sirvieron para iluminar y purificar el Templo de Jerusal\u00e9n.<\/p>\n<p>Conocida como la \u00abFiesta de las Luces\u00bb, Januc\u00e1 es una de las fiestas favoritas de los ni\u00f1os. Durante ocho d\u00edas se encienden velas, se comen latkes y dulces, se hacen regalos y se cantan canciones en familia.<\/p>\n<p><img fetchpriority=\"high\" decoding=\"async\" class=\"size-full wp-image-12548 alignright\" src=\"https:\/\/www.iemj.org\/wp-content\/uploads\/2016\/12\/doc_2_hanouka_500px70-2.jpg\" alt=\"doc_2_hanouka_500px70-2.jpg\" width=\"350\" height=\"273\" align=\"middle\" srcset=\"https:\/\/www.iemj.org\/wp-content\/uploads\/2016\/12\/doc_2_hanouka_500px70-2.jpg 350w, https:\/\/www.iemj.org\/wp-content\/uploads\/2016\/12\/doc_2_hanouka_500px70-2-300x234.jpg 300w\" sizes=\"(max-width: 350px) 100vw, 350px\" \/><\/p>\n<p><a href=\"https:\/\/www.iemj.org\/es\/hanouka-la-selection-musicale-de-liemj-1ere-partie\/\" target=\"_blank\" rel=\"noopener\">Escuchar la lista de reproducci\u00f3n Januc\u00e1 Parte 1<\/a><br \/><a href=\"https:\/\/www.iemj.org\/es\/chanukah-voices-of-lights\/\" target=\"_blank\" rel=\"noopener\">Escuchar la emisi\u00f3n de radio: Hanouka, voix de lumi\u00e8re [Januc\u00e1, voz de luz], presentada por Herv\u00e9 Roten (en franc\u00e9s)<\/a><br \/><a href=\"https:\/\/www.iemj.org\/es\/hidden-sides-of-jewish-music-chanukah\/\" target=\"_blank\" rel=\"noopener\">Escuchar la emisi\u00f3n de radio: Les faces cach\u00e9es de la musique juive: Chanuka [Las caras imprescindibles de la m\u00fasica jud\u00eda: Januc\u00e1], presentada por H\u00e9l\u00e8ne Engel<\/a><\/p>\n<\/p>\n\n\n<h2 class=\"wp-block-heading\"><\/h2>\n\n\n<div class=\"wp-block-image\">\n<figure class=\"aligncenter size-large\"><img decoding=\"async\" width=\"1024\" height=\"133\" src=\"https:\/\/www.iemj.org\/wp-content\/uploads\/2024\/03\/AUDIO-PLAYER-1024x133.png\" alt=\"\" class=\"wp-image-110610\" srcset=\"https:\/\/www.iemj.org\/wp-content\/uploads\/2024\/03\/AUDIO-PLAYER-1024x133.png 1024w, https:\/\/www.iemj.org\/wp-content\/uploads\/2024\/03\/AUDIO-PLAYER-300x39.png 300w, https:\/\/www.iemj.org\/wp-content\/uploads\/2024\/03\/AUDIO-PLAYER-768x100.png 768w, https:\/\/www.iemj.org\/wp-content\/uploads\/2024\/03\/AUDIO-PLAYER-600x78.png 600w, https:\/\/www.iemj.org\/wp-content\/uploads\/2024\/03\/AUDIO-PLAYER.png 1210w\" sizes=\"(max-width: 1024px) 100vw, 1024px\" \/><\/figure>\n<\/div>\n\n\n<div class=\"wp-block-file\"><a id=\"wp-block-file--media-1e5e2e65-05ef-49e0-8e47-4af1bf40e6c5\" href=\"https:\/\/www.iemj.org\/wp-content\/uploads\/2016\/12\/banu_choshech_legaresh_-_efrat_ben_israel.mp3\">Banu Choshech Legaresh &#8211; Efrat Ben ISRAEL<\/a><\/div>\n\n\n\n<div class=\"wp-block-file\"><a id=\"wp-block-file--media-38b79b8d-9840-4b08-8484-d91c5e8b830c\" href=\"https:\/\/www.iemj.org\/wp-content\/uploads\/2016\/12\/chanukkah_b_rachot_extrait_-_israel_alter.mp3\">Chanukkah b&#8217;rachot (EXTRAIT) &#8211; Israel ALTER<\/a><\/div>\n\n\n\n<div class=\"wp-block-file\"><a id=\"wp-block-file--media-81307259-6cd4-42d3-9cb9-b87b8aa2ed08\" href=\"https:\/\/www.iemj.org\/wp-content\/uploads\/2016\/12\/ha_erev_babayit_-_30_chanukah_songs_for_children.mp3\">Ha\u2019erev babayit &#8211; 30 Chanukah songs for Children<\/a><\/div>\n\n\n\n<div class=\"wp-block-file\"><a id=\"wp-block-file--media-9c070d1f-57d4-4503-b017-abf863c6cde3\" href=\"https:\/\/www.iemj.org\/wp-content\/uploads\/2016\/12\/hanoukiya_li_yesh_extrait_-_chanson_de_hanouka.mp3\">Hanoukiya Li Yesh (EXTRAIT) &#8211; Chanson de Hanouka<\/a><\/div>\n\n\n\n<div class=\"wp-block-file\"><a id=\"wp-block-file--media-f6f35fba-7437-4352-828d-c4104ed94abe\" href=\"https:\/\/www.iemj.org\/wp-content\/uploads\/2016\/12\/maoz_tsour_-_marcel_papier.mp3\">Maoz Tsour &#8211; Marcel PAPIER<\/a><\/div>\n\n\n\n<div class=\"wp-block-file\"><a id=\"wp-block-file--media-d0f3be9f-a19c-47b3-ba88-7d597bc1f246\" href=\"https:\/\/www.iemj.org\/wp-content\/uploads\/2016\/12\/ner_li_-_30_chanukah_songs_for_children.mp3\">Ner li &#8211; 30 Chanukah songs for Children<\/a><\/div>\n\n\n\n<div class=\"wp-block-file\"><a id=\"wp-block-file--media-33d3fd07-71a4-4603-bdff-107fbeeaa679\" href=\"https:\/\/www.iemj.org\/wp-content\/uploads\/2016\/12\/sevivon_sov_sov_sov_-_chana_leslau.mp3\">Sevivon Sov Sov Sov &#8211; Chana LESLAU<\/a><\/div>\n\n\n\n<div class=\"wp-block-file\"><a id=\"wp-block-file--media-1b703e76-b535-4fa8-b77c-a8adc30b39d0\" href=\"https:\/\/www.iemj.org\/wp-content\/uploads\/2016\/12\/simou_chemen_-_marcel_papier.mp3\">Simou chemen &#8211; Marcel PAPIER<\/a><\/div>\n","protected":false},"excerpt":{"rendered":"<p>La fiesta de Januc\u00e1 es propicia al canto y a la alegr\u00eda.Aqu\u00ed esta una segunda selecci\u00f3n de canciones a escuchar&#8230; o a cantar<\/p>\n","protected":false},"author":1052,"featured_media":71363,"comment_status":"closed","ping_status":"open","sticky":false,"template":"","format":"standard","meta":{"_acf_changed":false,"footnotes":""},"categories":[1535],"tags":[],"technique":[],"squelettes":[],"sujet":[1742],"formation":[],"genre":[1890],"fonds":[],"tradition":[],"type-de-contenu":[],"interprete-compositeur":[],"frise":[],"type-devenement":[],"tableaux-liens-externes":[],"class_list":["post-71362","post","type-post","status-publish","format-standard","has-post-thumbnail","hentry","category-listas-de-reproduccion-es","sujet-januca-es","genre-liturgia-es"],"acf":[],"yoast_head":"<!-- This site is optimized with the Yoast SEO plugin v27.3 - https:\/\/yoast.com\/product\/yoast-seo-wordpress\/ -->\n<title>Januc\u00e1: La selecci\u00f3n musical del IEMJ, Parte 2 - Institut Europ\u00e9en des Musiques Juives<\/title>\n<meta name=\"robots\" content=\"index, follow, max-snippet:-1, max-image-preview:large, max-video-preview:-1\" \/>\n<link rel=\"canonical\" href=\"https:\/\/www.iemj.org\/es\/hanouka-la-selection-musicale-de-liemj-2eme-partie\/\" \/>\n<meta property=\"og:locale\" content=\"es_ES\" \/>\n<meta property=\"og:type\" content=\"article\" \/>\n<meta property=\"og:title\" content=\"Januc\u00e1: La selecci\u00f3n musical del IEMJ, Parte 2 - Institut Europ\u00e9en des Musiques Juives\" \/>\n<meta property=\"og:description\" content=\"La fiesta de Januc\u00e1 es propicia al canto y a la alegr\u00eda.Aqu\u00ed esta una segunda selecci\u00f3n de canciones a escuchar&#8230; o a cantar\" \/>\n<meta property=\"og:url\" content=\"https:\/\/www.iemj.org\/es\/hanouka-la-selection-musicale-de-liemj-2eme-partie\/\" \/>\n<meta property=\"og:site_name\" content=\"Institut Europ\u00e9en des Musiques Juives\" \/>\n<meta property=\"article:publisher\" content=\"https:\/\/www.facebook.com\/MusiquesJuives\/\" \/>\n<meta property=\"article:published_time\" content=\"2016-12-20T10:42:48+00:00\" \/>\n<meta property=\"article:modified_time\" content=\"2025-06-19T10:21:50+00:00\" \/>\n<meta property=\"og:image\" content=\"https:\/\/www.iemj.org\/wp-content\/uploads\/2016\/12\/arton2001.jpg\" \/>\n\t<meta property=\"og:image:width\" content=\"500\" \/>\n\t<meta property=\"og:image:height\" content=\"451\" \/>\n\t<meta property=\"og:image:type\" content=\"image\/jpeg\" \/>\n<meta name=\"author\" content=\"Lea Couderc\" \/>\n<meta name=\"twitter:card\" content=\"summary_large_image\" \/>\n<meta name=\"twitter:label1\" content=\"Escrito por\" \/>\n\t<meta name=\"twitter:data1\" content=\"Lea Couderc\" \/>\n\t<meta name=\"twitter:label2\" content=\"Tiempo de lectura\" \/>\n\t<meta name=\"twitter:data2\" content=\"2 minutos\" \/>\n<script type=\"application\/ld+json\" class=\"yoast-schema-graph\">{\"@context\":\"https:\\\/\\\/schema.org\",\"@graph\":[{\"@type\":\"Article\",\"@id\":\"https:\\\/\\\/www.iemj.org\\\/es\\\/hanouka-la-selection-musicale-de-liemj-2eme-partie\\\/#article\",\"isPartOf\":{\"@id\":\"https:\\\/\\\/www.iemj.org\\\/es\\\/hanouka-la-selection-musicale-de-liemj-2eme-partie\\\/\"},\"author\":{\"name\":\"Lea Couderc\",\"@id\":\"https:\\\/\\\/www.iemj.org\\\/es\\\/#\\\/schema\\\/person\\\/e2ad57f2c4be119c7ed8ab79036807a9\"},\"headline\":\"Januc\u00e1: La selecci\u00f3n musical del IEMJ, Parte 2\",\"datePublished\":\"2016-12-20T10:42:48+00:00\",\"dateModified\":\"2025-06-19T10:21:50+00:00\",\"mainEntityOfPage\":{\"@id\":\"https:\\\/\\\/www.iemj.org\\\/es\\\/hanouka-la-selection-musicale-de-liemj-2eme-partie\\\/\"},\"wordCount\":276,\"publisher\":{\"@id\":\"https:\\\/\\\/www.iemj.org\\\/es\\\/#organization\"},\"image\":{\"@id\":\"https:\\\/\\\/www.iemj.org\\\/es\\\/hanouka-la-selection-musicale-de-liemj-2eme-partie\\\/#primaryimage\"},\"thumbnailUrl\":\"https:\\\/\\\/www.iemj.org\\\/wp-content\\\/uploads\\\/2016\\\/12\\\/arton2001.jpg\",\"articleSection\":[\"Listas de reproducci\u00f3n\"],\"inLanguage\":\"es\"},{\"@type\":\"WebPage\",\"@id\":\"https:\\\/\\\/www.iemj.org\\\/es\\\/hanouka-la-selection-musicale-de-liemj-2eme-partie\\\/\",\"url\":\"https:\\\/\\\/www.iemj.org\\\/es\\\/hanouka-la-selection-musicale-de-liemj-2eme-partie\\\/\",\"name\":\"Januc\u00e1: La selecci\u00f3n musical del IEMJ, Parte 2 - Institut Europ\u00e9en des Musiques Juives\",\"isPartOf\":{\"@id\":\"https:\\\/\\\/www.iemj.org\\\/es\\\/#website\"},\"primaryImageOfPage\":{\"@id\":\"https:\\\/\\\/www.iemj.org\\\/es\\\/hanouka-la-selection-musicale-de-liemj-2eme-partie\\\/#primaryimage\"},\"image\":{\"@id\":\"https:\\\/\\\/www.iemj.org\\\/es\\\/hanouka-la-selection-musicale-de-liemj-2eme-partie\\\/#primaryimage\"},\"thumbnailUrl\":\"https:\\\/\\\/www.iemj.org\\\/wp-content\\\/uploads\\\/2016\\\/12\\\/arton2001.jpg\",\"datePublished\":\"2016-12-20T10:42:48+00:00\",\"dateModified\":\"2025-06-19T10:21:50+00:00\",\"breadcrumb\":{\"@id\":\"https:\\\/\\\/www.iemj.org\\\/es\\\/hanouka-la-selection-musicale-de-liemj-2eme-partie\\\/#breadcrumb\"},\"inLanguage\":\"es\",\"potentialAction\":[{\"@type\":\"ReadAction\",\"target\":[\"https:\\\/\\\/www.iemj.org\\\/es\\\/hanouka-la-selection-musicale-de-liemj-2eme-partie\\\/\"]}]},{\"@type\":\"ImageObject\",\"inLanguage\":\"es\",\"@id\":\"https:\\\/\\\/www.iemj.org\\\/es\\\/hanouka-la-selection-musicale-de-liemj-2eme-partie\\\/#primaryimage\",\"url\":\"https:\\\/\\\/www.iemj.org\\\/wp-content\\\/uploads\\\/2016\\\/12\\\/arton2001.jpg\",\"contentUrl\":\"https:\\\/\\\/www.iemj.org\\\/wp-content\\\/uploads\\\/2016\\\/12\\\/arton2001.jpg\",\"width\":500,\"height\":451},{\"@type\":\"BreadcrumbList\",\"@id\":\"https:\\\/\\\/www.iemj.org\\\/es\\\/hanouka-la-selection-musicale-de-liemj-2eme-partie\\\/#breadcrumb\",\"itemListElement\":[{\"@type\":\"ListItem\",\"position\":1,\"name\":\"Accueil\",\"item\":\"https:\\\/\\\/www.iemj.org\\\/es\\\/\"},{\"@type\":\"ListItem\",\"position\":2,\"name\":\"Januc\u00e1: La selecci\u00f3n musical del IEMJ, Parte 2\"}]},{\"@type\":\"WebSite\",\"@id\":\"https:\\\/\\\/www.iemj.org\\\/es\\\/#website\",\"url\":\"https:\\\/\\\/www.iemj.org\\\/es\\\/\",\"name\":\"Institut Europ\u00e9en des Musiques Juives\",\"description\":\"Des traditions musicales \u00e0 la port\u00e9e de tous\",\"publisher\":{\"@id\":\"https:\\\/\\\/www.iemj.org\\\/es\\\/#organization\"},\"potentialAction\":[{\"@type\":\"SearchAction\",\"target\":{\"@type\":\"EntryPoint\",\"urlTemplate\":\"https:\\\/\\\/www.iemj.org\\\/es\\\/?s={search_term_string}\"},\"query-input\":{\"@type\":\"PropertyValueSpecification\",\"valueRequired\":true,\"valueName\":\"search_term_string\"}}],\"inLanguage\":\"es\"},{\"@type\":\"Organization\",\"@id\":\"https:\\\/\\\/www.iemj.org\\\/es\\\/#organization\",\"name\":\"Institut Europ\u00e9en des Musiques Juives\",\"url\":\"https:\\\/\\\/www.iemj.org\\\/es\\\/\",\"logo\":{\"@type\":\"ImageObject\",\"inLanguage\":\"es\",\"@id\":\"https:\\\/\\\/www.iemj.org\\\/es\\\/#\\\/schema\\\/logo\\\/image\\\/\",\"url\":\"https:\\\/\\\/www.iemj.org\\\/wp-content\\\/uploads\\\/2021\\\/09\\\/Logo-IEMJ-Paypal.jpg\",\"contentUrl\":\"https:\\\/\\\/www.iemj.org\\\/wp-content\\\/uploads\\\/2021\\\/09\\\/Logo-IEMJ-Paypal.jpg\",\"width\":150,\"height\":50,\"caption\":\"Institut Europ\u00e9en des Musiques Juives\"},\"image\":{\"@id\":\"https:\\\/\\\/www.iemj.org\\\/es\\\/#\\\/schema\\\/logo\\\/image\\\/\"},\"sameAs\":[\"https:\\\/\\\/www.facebook.com\\\/MusiquesJuives\\\/\",\"https:\\\/\\\/www.instagram.com\\\/musiquesjuives\\\/\",\"https:\\\/\\\/www.youtube.com\\\/user\\\/musiquesjuives\"]},{\"@type\":\"Person\",\"@id\":\"https:\\\/\\\/www.iemj.org\\\/es\\\/#\\\/schema\\\/person\\\/e2ad57f2c4be119c7ed8ab79036807a9\",\"name\":\"Lea Couderc\",\"image\":{\"@type\":\"ImageObject\",\"inLanguage\":\"es\",\"@id\":\"https:\\\/\\\/secure.gravatar.com\\\/avatar\\\/46ee021475d60aeff17a7e490b79dea5a5684bb392ab7fd1494027411df8ba23?s=96&d=mm&r=g\",\"url\":\"https:\\\/\\\/secure.gravatar.com\\\/avatar\\\/46ee021475d60aeff17a7e490b79dea5a5684bb392ab7fd1494027411df8ba23?s=96&d=mm&r=g\",\"contentUrl\":\"https:\\\/\\\/secure.gravatar.com\\\/avatar\\\/46ee021475d60aeff17a7e490b79dea5a5684bb392ab7fd1494027411df8ba23?s=96&d=mm&r=g\",\"caption\":\"Lea Couderc\"}}]}<\/script>\n<!-- \/ Yoast SEO plugin. -->","yoast_head_json":{"title":"Januc\u00e1: La selecci\u00f3n musical del IEMJ, Parte 2 - Institut Europ\u00e9en des Musiques Juives","robots":{"index":"index","follow":"follow","max-snippet":"max-snippet:-1","max-image-preview":"max-image-preview:large","max-video-preview":"max-video-preview:-1"},"canonical":"https:\/\/www.iemj.org\/es\/hanouka-la-selection-musicale-de-liemj-2eme-partie\/","og_locale":"es_ES","og_type":"article","og_title":"Januc\u00e1: La selecci\u00f3n musical del IEMJ, Parte 2 - Institut Europ\u00e9en des Musiques Juives","og_description":"La fiesta de Januc\u00e1 es propicia al canto y a la alegr\u00eda.Aqu\u00ed esta una segunda selecci\u00f3n de canciones a escuchar&#8230; o a cantar","og_url":"https:\/\/www.iemj.org\/es\/hanouka-la-selection-musicale-de-liemj-2eme-partie\/","og_site_name":"Institut Europ\u00e9en des Musiques Juives","article_publisher":"https:\/\/www.facebook.com\/MusiquesJuives\/","article_published_time":"2016-12-20T10:42:48+00:00","article_modified_time":"2025-06-19T10:21:50+00:00","og_image":[{"width":500,"height":451,"url":"https:\/\/www.iemj.org\/wp-content\/uploads\/2016\/12\/arton2001.jpg","type":"image\/jpeg"}],"author":"Lea Couderc","twitter_card":"summary_large_image","twitter_misc":{"Escrito por":"Lea Couderc","Tiempo de lectura":"2 minutos"},"schema":{"@context":"https:\/\/schema.org","@graph":[{"@type":"Article","@id":"https:\/\/www.iemj.org\/es\/hanouka-la-selection-musicale-de-liemj-2eme-partie\/#article","isPartOf":{"@id":"https:\/\/www.iemj.org\/es\/hanouka-la-selection-musicale-de-liemj-2eme-partie\/"},"author":{"name":"Lea Couderc","@id":"https:\/\/www.iemj.org\/es\/#\/schema\/person\/e2ad57f2c4be119c7ed8ab79036807a9"},"headline":"Januc\u00e1: La selecci\u00f3n musical del IEMJ, Parte 2","datePublished":"2016-12-20T10:42:48+00:00","dateModified":"2025-06-19T10:21:50+00:00","mainEntityOfPage":{"@id":"https:\/\/www.iemj.org\/es\/hanouka-la-selection-musicale-de-liemj-2eme-partie\/"},"wordCount":276,"publisher":{"@id":"https:\/\/www.iemj.org\/es\/#organization"},"image":{"@id":"https:\/\/www.iemj.org\/es\/hanouka-la-selection-musicale-de-liemj-2eme-partie\/#primaryimage"},"thumbnailUrl":"https:\/\/www.iemj.org\/wp-content\/uploads\/2016\/12\/arton2001.jpg","articleSection":["Listas de reproducci\u00f3n"],"inLanguage":"es"},{"@type":"WebPage","@id":"https:\/\/www.iemj.org\/es\/hanouka-la-selection-musicale-de-liemj-2eme-partie\/","url":"https:\/\/www.iemj.org\/es\/hanouka-la-selection-musicale-de-liemj-2eme-partie\/","name":"Januc\u00e1: La selecci\u00f3n musical del IEMJ, Parte 2 - Institut Europ\u00e9en des Musiques Juives","isPartOf":{"@id":"https:\/\/www.iemj.org\/es\/#website"},"primaryImageOfPage":{"@id":"https:\/\/www.iemj.org\/es\/hanouka-la-selection-musicale-de-liemj-2eme-partie\/#primaryimage"},"image":{"@id":"https:\/\/www.iemj.org\/es\/hanouka-la-selection-musicale-de-liemj-2eme-partie\/#primaryimage"},"thumbnailUrl":"https:\/\/www.iemj.org\/wp-content\/uploads\/2016\/12\/arton2001.jpg","datePublished":"2016-12-20T10:42:48+00:00","dateModified":"2025-06-19T10:21:50+00:00","breadcrumb":{"@id":"https:\/\/www.iemj.org\/es\/hanouka-la-selection-musicale-de-liemj-2eme-partie\/#breadcrumb"},"inLanguage":"es","potentialAction":[{"@type":"ReadAction","target":["https:\/\/www.iemj.org\/es\/hanouka-la-selection-musicale-de-liemj-2eme-partie\/"]}]},{"@type":"ImageObject","inLanguage":"es","@id":"https:\/\/www.iemj.org\/es\/hanouka-la-selection-musicale-de-liemj-2eme-partie\/#primaryimage","url":"https:\/\/www.iemj.org\/wp-content\/uploads\/2016\/12\/arton2001.jpg","contentUrl":"https:\/\/www.iemj.org\/wp-content\/uploads\/2016\/12\/arton2001.jpg","width":500,"height":451},{"@type":"BreadcrumbList","@id":"https:\/\/www.iemj.org\/es\/hanouka-la-selection-musicale-de-liemj-2eme-partie\/#breadcrumb","itemListElement":[{"@type":"ListItem","position":1,"name":"Accueil","item":"https:\/\/www.iemj.org\/es\/"},{"@type":"ListItem","position":2,"name":"Januc\u00e1: La selecci\u00f3n musical del IEMJ, Parte 2"}]},{"@type":"WebSite","@id":"https:\/\/www.iemj.org\/es\/#website","url":"https:\/\/www.iemj.org\/es\/","name":"Institut Europ\u00e9en des Musiques Juives","description":"Des traditions musicales \u00e0 la port\u00e9e de tous","publisher":{"@id":"https:\/\/www.iemj.org\/es\/#organization"},"potentialAction":[{"@type":"SearchAction","target":{"@type":"EntryPoint","urlTemplate":"https:\/\/www.iemj.org\/es\/?s={search_term_string}"},"query-input":{"@type":"PropertyValueSpecification","valueRequired":true,"valueName":"search_term_string"}}],"inLanguage":"es"},{"@type":"Organization","@id":"https:\/\/www.iemj.org\/es\/#organization","name":"Institut Europ\u00e9en des Musiques Juives","url":"https:\/\/www.iemj.org\/es\/","logo":{"@type":"ImageObject","inLanguage":"es","@id":"https:\/\/www.iemj.org\/es\/#\/schema\/logo\/image\/","url":"https:\/\/www.iemj.org\/wp-content\/uploads\/2021\/09\/Logo-IEMJ-Paypal.jpg","contentUrl":"https:\/\/www.iemj.org\/wp-content\/uploads\/2021\/09\/Logo-IEMJ-Paypal.jpg","width":150,"height":50,"caption":"Institut Europ\u00e9en des Musiques Juives"},"image":{"@id":"https:\/\/www.iemj.org\/es\/#\/schema\/logo\/image\/"},"sameAs":["https:\/\/www.facebook.com\/MusiquesJuives\/","https:\/\/www.instagram.com\/musiquesjuives\/","https:\/\/www.youtube.com\/user\/musiquesjuives"]},{"@type":"Person","@id":"https:\/\/www.iemj.org\/es\/#\/schema\/person\/e2ad57f2c4be119c7ed8ab79036807a9","name":"Lea Couderc","image":{"@type":"ImageObject","inLanguage":"es","@id":"https:\/\/secure.gravatar.com\/avatar\/46ee021475d60aeff17a7e490b79dea5a5684bb392ab7fd1494027411df8ba23?s=96&d=mm&r=g","url":"https:\/\/secure.gravatar.com\/avatar\/46ee021475d60aeff17a7e490b79dea5a5684bb392ab7fd1494027411df8ba23?s=96&d=mm&r=g","contentUrl":"https:\/\/secure.gravatar.com\/avatar\/46ee021475d60aeff17a7e490b79dea5a5684bb392ab7fd1494027411df8ba23?s=96&d=mm&r=g","caption":"Lea Couderc"}}]}},"_links":{"self":[{"href":"https:\/\/www.iemj.org\/es\/wp-json\/wp\/v2\/posts\/71362","targetHints":{"allow":["GET"]}}],"collection":[{"href":"https:\/\/www.iemj.org\/es\/wp-json\/wp\/v2\/posts"}],"about":[{"href":"https:\/\/www.iemj.org\/es\/wp-json\/wp\/v2\/types\/post"}],"author":[{"embeddable":true,"href":"https:\/\/www.iemj.org\/es\/wp-json\/wp\/v2\/users\/1052"}],"replies":[{"embeddable":true,"href":"https:\/\/www.iemj.org\/es\/wp-json\/wp\/v2\/comments?post=71362"}],"version-history":[{"count":0,"href":"https:\/\/www.iemj.org\/es\/wp-json\/wp\/v2\/posts\/71362\/revisions"}],"wp:featuredmedia":[{"embeddable":true,"href":"https:\/\/www.iemj.org\/es\/wp-json\/wp\/v2\/media\/71363"}],"wp:attachment":[{"href":"https:\/\/www.iemj.org\/es\/wp-json\/wp\/v2\/media?parent=71362"}],"wp:term":[{"taxonomy":"category","embeddable":true,"href":"https:\/\/www.iemj.org\/es\/wp-json\/wp\/v2\/categories?post=71362"},{"taxonomy":"post_tag","embeddable":true,"href":"https:\/\/www.iemj.org\/es\/wp-json\/wp\/v2\/tags?post=71362"},{"taxonomy":"technique","embeddable":true,"href":"https:\/\/www.iemj.org\/es\/wp-json\/wp\/v2\/technique?post=71362"},{"taxonomy":"squelettes","embeddable":true,"href":"https:\/\/www.iemj.org\/es\/wp-json\/wp\/v2\/squelettes?post=71362"},{"taxonomy":"sujet","embeddable":true,"href":"https:\/\/www.iemj.org\/es\/wp-json\/wp\/v2\/sujet?post=71362"},{"taxonomy":"formation","embeddable":true,"href":"https:\/\/www.iemj.org\/es\/wp-json\/wp\/v2\/formation?post=71362"},{"taxonomy":"genre","embeddable":true,"href":"https:\/\/www.iemj.org\/es\/wp-json\/wp\/v2\/genre?post=71362"},{"taxonomy":"fonds","embeddable":true,"href":"https:\/\/www.iemj.org\/es\/wp-json\/wp\/v2\/fonds?post=71362"},{"taxonomy":"tradition","embeddable":true,"href":"https:\/\/www.iemj.org\/es\/wp-json\/wp\/v2\/tradition?post=71362"},{"taxonomy":"type-de-contenu","embeddable":true,"href":"https:\/\/www.iemj.org\/es\/wp-json\/wp\/v2\/type-de-contenu?post=71362"},{"taxonomy":"interprete-compositeur","embeddable":true,"href":"https:\/\/www.iemj.org\/es\/wp-json\/wp\/v2\/interprete-compositeur?post=71362"},{"taxonomy":"frise","embeddable":true,"href":"https:\/\/www.iemj.org\/es\/wp-json\/wp\/v2\/frise?post=71362"},{"taxonomy":"type-devenement","embeddable":true,"href":"https:\/\/www.iemj.org\/es\/wp-json\/wp\/v2\/type-devenement?post=71362"},{"taxonomy":"tableaux-liens-externes","embeddable":true,"href":"https:\/\/www.iemj.org\/es\/wp-json\/wp\/v2\/tableaux-liens-externes?post=71362"}],"curies":[{"name":"wp","href":"https:\/\/api.w.org\/{rel}","templated":true}]}}