{"id":71386,"date":"2015-12-02T21:00:00","date_gmt":"2015-12-02T20:00:00","guid":{"rendered":"https:\/\/www.iemj.org\/hanouka-la-selection-musicale-de-liemj-1ere-partie\/"},"modified":"2025-04-16T19:24:00","modified_gmt":"2025-04-16T17:24:00","slug":"hanouka-la-selection-musicale-de-liemj-1ere-partie","status":"publish","type":"post","link":"https:\/\/www.iemj.org\/es\/hanouka-la-selection-musicale-de-liemj-1ere-partie\/","title":{"rendered":"Januc\u00e1: La selecci\u00f3n musical del IEMJ, Parte 1"},"content":{"rendered":"<p class=\"post_excerpt\"><strong>La fiesta de Januc\u00e1 es propicia al canto y a la alegr\u00eda.<br \/>Aqu\u00ed esta una segunda selecci\u00f3n de canciones a escuchar\u2026 o a cantar<\/strong><\/p>\n<p><!--more-->Januc\u00e1 o \u201cinauguraci\u00f3n\u201d en hebreo es la fiesta que conmemora la reinauguraci\u00f3n del altar en el segundo Templo de Jerusal\u00e9n. Seg\u00fan la tradici\u00f3n, despu\u00e9s de que el Templo fuera saqueado y profanado por los sel\u00e9ucidas, los sacerdotes encontraron un peque\u00f1o frasco que conten\u00eda suficiente aceite sagrado para iluminar el Templo durante un d\u00eda. La peque\u00f1a cantidad de aceite ardi\u00f3 durante ocho d\u00edas, ocho d\u00edas que sirvieron para iluminar y purificar el Templo de Jerusal\u00e9n.<\/p>\n<p><img fetchpriority=\"high\" decoding=\"async\" class=\" alignright  wp-image-8570\" src=\"https:\/\/www.iemj.org\/wp-content\/uploads\/2015\/12\/doc_3_hanouka_500px70.jpg\" alt=\"doc_3_hanouka_500px70.jpg\" width=\"272\" height=\"321\" align=\"right\" \/>Conocida como la \u201cFiesta de las Luces\u201d, Januc\u00e1 es una de las fiestas favoritas de los ni\u00f1os. Durante ocho d\u00edas se encienden velas, se comen latkes y dulces, se hacen regalos y se cantan canciones en familia.<\/p>\n<p><a href=\"https:\/\/www.iemj.org\/es\/hanouka-la-selection-musicale-de-liemj-2eme-partie\/\" target=\"_blank\" rel=\"noopener\">Escuchar la lista de reproducci\u00f3n Januc\u00e1 Parte 2<\/a><br \/><a href=\"https:\/\/www.iemj.org\/es\/chanukah-voices-of-lights\/\" target=\"_blank\" rel=\"noopener\">Escuchar la emisi\u00f3n de radio: Hanouka, voix de lumi\u00e8re [Januc\u00e1, voz de luz], presentada por Herv\u00e9 Roten (en franc\u00e9s)<\/a><br \/><a href=\"https:\/\/www.iemj.org\/es\/hidden-sides-of-jewish-music-chanukah\/\" target=\"_blank\" rel=\"noopener\">Escuchar la emisi\u00f3n de radio: Les faces cach\u00e9es de la musique juive : Chanuka [Las caras imprescindibles de la m\u00fasica jud\u00eda: Januc\u00e1], presentada por H\u00e9l\u00e8ne Engel (en franc\u00e9s)<\/a><\/p>\n\n<div class=\"wp-block-image\">\n<figure class=\"aligncenter size-large is-resized\"><img decoding=\"async\" width=\"1024\" height=\"133\" src=\"https:\/\/www.iemj.org\/wp-content\/uploads\/2024\/03\/AUDIO-PLAYER-1024x133.png\" alt=\"\" class=\"wp-image-110610\" style=\"width:1225px;height:auto\" srcset=\"https:\/\/www.iemj.org\/wp-content\/uploads\/2024\/03\/AUDIO-PLAYER-1024x133.png 1024w, https:\/\/www.iemj.org\/wp-content\/uploads\/2024\/03\/AUDIO-PLAYER-300x39.png 300w, https:\/\/www.iemj.org\/wp-content\/uploads\/2024\/03\/AUDIO-PLAYER-768x100.png 768w, https:\/\/www.iemj.org\/wp-content\/uploads\/2024\/03\/AUDIO-PLAYER-600x78.png 600w, https:\/\/www.iemj.org\/wp-content\/uploads\/2024\/03\/AUDIO-PLAYER.png 1210w\" sizes=\"(max-width: 1024px) 100vw, 1024px\" \/><\/figure>\n<\/div>\n\n\n<div class=\"wp-block-file\"><a id=\"wp-block-file--media-580e4b92-bbeb-4529-a421-b3b3c6dd3ce2\" href=\"https:\/\/www.iemj.org\/wp-content\/uploads\/2015\/12\/d33-30_38_15.mp3\">Khanuke Oy Khanuke, chant\u00e9 par Benya<\/a><\/div>\n\n\n\n<div class=\"wp-block-file\"><a id=\"wp-block-file--media-224fb619-7a04-40c2-95c5-3d52e4eb0342\" href=\"https:\/\/www.iemj.org\/wp-content\/uploads\/2015\/12\/ochos_kandelicas_voice_of_the_turtle.mp3\">Ochos kandelicas, Voice of the turtle<\/a><\/div>\n\n\n\n<div class=\"wp-block-file\"><a id=\"wp-block-file--media-6b296736-4ace-4201-ade2-71a5a48eaf73\" href=\"https:\/\/www.iemj.org\/wp-content\/uploads\/2015\/12\/d45-17_23_02.mp3\">Le Chandelier, R\u00e9gine [R\u00e9gina Zilberberg] , compos\u00e9e par Emil Stern, paroles : Eddy marnay<\/a><\/div>\n\n\n\n<div class=\"wp-block-file\"><a id=\"wp-block-file--media-8393c12f-69da-44bb-a636-2adaedf33fe7\" href=\"https:\/\/www.iemj.org\/wp-content\/uploads\/2015\/12\/cd_143a_17.mp3\">Yevanim Niqbezu \u2019alay, The Hassidic Niggun as Sung by the Hassidim. Vol. 1<\/a><\/div>\n\n\n\n<div class=\"wp-block-file\"><a id=\"wp-block-file--media-943a609c-a733-4992-ac7a-46beaf3244ad\" href=\"https:\/\/www.iemj.org\/wp-content\/uploads\/2015\/12\/19_the_dreydl_song.mp3\">The dreydl song, Klezmer Conservatory Band<\/a><\/div>\n\n\n\n<div class=\"wp-block-file\"><a id=\"wp-block-file--media-e4d02f90-c86a-4ef2-9e18-74f01b65d41d\" href=\"https:\/\/www.iemj.org\/wp-content\/uploads\/2015\/12\/11_el_festin_de_hanukah.mp3\">El festin de Hanukah, Bienvenida Aguado<\/a><\/div>\n\n\n\n<div class=\"wp-block-file\"><a id=\"wp-block-file--media-fa525949-61c2-4d0e-b262-e14d5eb04c7d\" href=\"https:\/\/www.iemj.org\/wp-content\/uploads\/2015\/12\/25_chnei_zetim.mp3\">Chnei zetim, Adolphe Attia, Musiques jud\u00e9o-fran\u00e7aises des 18 et 19e si\u00e8cles <\/a><\/div>\n\n\n\n<div class=\"wp-block-file\"><a id=\"wp-block-file--media-892bf60e-5f9b-4fc8-9aa1-d739e5671994\" href=\"https:\/\/www.iemj.org\/wp-content\/uploads\/2015\/12\/mus3_benediction1_maoz_tsour_heyman.mp3\">B\u00e9n\u00e9dictions de Hannouca et Maoz Tzour, Michel Heymann, Airs Liturgiques Achk\u00e9nazes Traditionnels<\/a><\/div>\n\n\n\n<div class=\"wp-block-file\"><a id=\"wp-block-file--media-5c857369-9e60-4edc-9495-d840c67bf363\" href=\"https:\/\/www.iemj.org\/wp-content\/uploads\/2015\/12\/cd_75_04.mp3\">El banco, Blond-Blond, Tr\u00e9sor de la chanson jud\u00e9o-arabe<\/a><\/div>\n\n\n\n<div class=\"wp-block-file\"><a id=\"wp-block-file--media-cf788fa4-684c-4142-a7f8-2707d81dc5a5\" href=\"https:\/\/www.iemj.org\/wp-content\/uploads\/2015\/12\/hanukkah_moroccan-david_kaddosh_hanerot_halalu_berakhot_mizmor.mp3\">Hanerot halalu berakhot mizmor, David Kaddosh<\/a><\/div>\n\n\n\n<div class=\"wp-block-file\"><a id=\"wp-block-file--media-ef2a1126-4fec-43aa-887e-e5d3554136ec\" href=\"https:\/\/www.iemj.org\/wp-content\/uploads\/2015\/12\/mus1_haendel_judas_hava_narima.mp3\">Judas hava narima, Haendel<\/a><\/div>\n\n\n\n<div class=\"wp-block-file\"><a id=\"wp-block-file--media-e7e0247a-66b8-40dc-9cb8-c6e0f9fa9343\" href=\"https:\/\/www.iemj.org\/wp-content\/uploads\/2015\/12\/mus9_sovivon_sof_sof_sof_cd_214_06.mp3\">Sevivon sov sov sov<\/a><\/div>\n","protected":false},"excerpt":{"rendered":"<p>La fiesta de Januc\u00e1 es propicia al canto y a la alegr\u00eda.Aqu\u00ed esta una segunda selecci\u00f3n de canciones a escuchar\u2026 o a cantar<\/p>\n","protected":false},"author":1048,"featured_media":71387,"comment_status":"closed","ping_status":"open","sticky":false,"template":"","format":"standard","meta":{"_acf_changed":false,"footnotes":""},"categories":[1535],"tags":[],"technique":[],"squelettes":[],"sujet":[1742],"formation":[],"genre":[1890],"fonds":[],"tradition":[],"type-de-contenu":[],"interprete-compositeur":[],"frise":[],"type-devenement":[],"tableaux-liens-externes":[],"class_list":["post-71386","post","type-post","status-publish","format-standard","has-post-thumbnail","hentry","category-listas-de-reproduccion-es","sujet-januca-es","genre-liturgia-es"],"acf":[],"yoast_head":"<!-- This site is optimized with the Yoast SEO plugin v27.3 - https:\/\/yoast.com\/product\/yoast-seo-wordpress\/ -->\n<title>Januc\u00e1: La selecci\u00f3n musical del IEMJ, Parte 1 - Institut Europ\u00e9en des Musiques Juives<\/title>\n<meta name=\"robots\" content=\"index, follow, max-snippet:-1, max-image-preview:large, max-video-preview:-1\" \/>\n<link rel=\"canonical\" href=\"https:\/\/www.iemj.org\/es\/hanouka-la-selection-musicale-de-liemj-1ere-partie\/\" \/>\n<meta property=\"og:locale\" content=\"es_ES\" \/>\n<meta property=\"og:type\" content=\"article\" \/>\n<meta property=\"og:title\" content=\"Januc\u00e1: La selecci\u00f3n musical del IEMJ, Parte 1 - Institut Europ\u00e9en des Musiques Juives\" \/>\n<meta property=\"og:description\" content=\"La fiesta de Januc\u00e1 es propicia al canto y a la alegr\u00eda.Aqu\u00ed esta una segunda selecci\u00f3n de canciones a escuchar\u2026 o a cantar\" \/>\n<meta property=\"og:url\" content=\"https:\/\/www.iemj.org\/es\/hanouka-la-selection-musicale-de-liemj-1ere-partie\/\" \/>\n<meta property=\"og:site_name\" content=\"Institut Europ\u00e9en des Musiques Juives\" \/>\n<meta property=\"article:publisher\" content=\"https:\/\/www.facebook.com\/MusiquesJuives\/\" \/>\n<meta property=\"article:published_time\" content=\"2015-12-02T20:00:00+00:00\" \/>\n<meta property=\"article:modified_time\" content=\"2025-04-16T17:24:00+00:00\" \/>\n<meta property=\"og:image\" content=\"https:\/\/www.iemj.org\/wp-content\/uploads\/2015\/12\/arton1287.jpg\" \/>\n\t<meta property=\"og:image:width\" content=\"500\" \/>\n\t<meta property=\"og:image:height\" content=\"451\" \/>\n\t<meta property=\"og:image:type\" content=\"image\/jpeg\" \/>\n<meta name=\"author\" content=\"Jean-Gabriel Davis\" \/>\n<meta name=\"twitter:card\" content=\"summary_large_image\" \/>\n<meta name=\"twitter:label1\" content=\"Escrito por\" \/>\n\t<meta name=\"twitter:data1\" content=\"Jean-Gabriel Davis\" \/>\n\t<meta name=\"twitter:label2\" content=\"Tiempo de lectura\" \/>\n\t<meta name=\"twitter:data2\" content=\"3 minutos\" \/>\n<script type=\"application\/ld+json\" class=\"yoast-schema-graph\">{\"@context\":\"https:\\\/\\\/schema.org\",\"@graph\":[{\"@type\":\"Article\",\"@id\":\"https:\\\/\\\/www.iemj.org\\\/es\\\/hanouka-la-selection-musicale-de-liemj-1ere-partie\\\/#article\",\"isPartOf\":{\"@id\":\"https:\\\/\\\/www.iemj.org\\\/es\\\/hanouka-la-selection-musicale-de-liemj-1ere-partie\\\/\"},\"author\":{\"name\":\"Jean-Gabriel Davis\",\"@id\":\"https:\\\/\\\/www.iemj.org\\\/es\\\/#\\\/schema\\\/person\\\/c9bc1c386a3749579a2d675e72a18666\"},\"headline\":\"Januc\u00e1: La selecci\u00f3n musical del IEMJ, Parte 1\",\"datePublished\":\"2015-12-02T20:00:00+00:00\",\"dateModified\":\"2025-04-16T17:24:00+00:00\",\"mainEntityOfPage\":{\"@id\":\"https:\\\/\\\/www.iemj.org\\\/es\\\/hanouka-la-selection-musicale-de-liemj-1ere-partie\\\/\"},\"wordCount\":328,\"publisher\":{\"@id\":\"https:\\\/\\\/www.iemj.org\\\/es\\\/#organization\"},\"image\":{\"@id\":\"https:\\\/\\\/www.iemj.org\\\/es\\\/hanouka-la-selection-musicale-de-liemj-1ere-partie\\\/#primaryimage\"},\"thumbnailUrl\":\"https:\\\/\\\/www.iemj.org\\\/wp-content\\\/uploads\\\/2015\\\/12\\\/arton1287.jpg\",\"articleSection\":[\"Listas de reproducci\u00f3n\"],\"inLanguage\":\"es\"},{\"@type\":\"WebPage\",\"@id\":\"https:\\\/\\\/www.iemj.org\\\/es\\\/hanouka-la-selection-musicale-de-liemj-1ere-partie\\\/\",\"url\":\"https:\\\/\\\/www.iemj.org\\\/es\\\/hanouka-la-selection-musicale-de-liemj-1ere-partie\\\/\",\"name\":\"Januc\u00e1: La selecci\u00f3n musical del IEMJ, Parte 1 - Institut Europ\u00e9en des Musiques Juives\",\"isPartOf\":{\"@id\":\"https:\\\/\\\/www.iemj.org\\\/es\\\/#website\"},\"primaryImageOfPage\":{\"@id\":\"https:\\\/\\\/www.iemj.org\\\/es\\\/hanouka-la-selection-musicale-de-liemj-1ere-partie\\\/#primaryimage\"},\"image\":{\"@id\":\"https:\\\/\\\/www.iemj.org\\\/es\\\/hanouka-la-selection-musicale-de-liemj-1ere-partie\\\/#primaryimage\"},\"thumbnailUrl\":\"https:\\\/\\\/www.iemj.org\\\/wp-content\\\/uploads\\\/2015\\\/12\\\/arton1287.jpg\",\"datePublished\":\"2015-12-02T20:00:00+00:00\",\"dateModified\":\"2025-04-16T17:24:00+00:00\",\"breadcrumb\":{\"@id\":\"https:\\\/\\\/www.iemj.org\\\/es\\\/hanouka-la-selection-musicale-de-liemj-1ere-partie\\\/#breadcrumb\"},\"inLanguage\":\"es\",\"potentialAction\":[{\"@type\":\"ReadAction\",\"target\":[\"https:\\\/\\\/www.iemj.org\\\/es\\\/hanouka-la-selection-musicale-de-liemj-1ere-partie\\\/\"]}]},{\"@type\":\"ImageObject\",\"inLanguage\":\"es\",\"@id\":\"https:\\\/\\\/www.iemj.org\\\/es\\\/hanouka-la-selection-musicale-de-liemj-1ere-partie\\\/#primaryimage\",\"url\":\"https:\\\/\\\/www.iemj.org\\\/wp-content\\\/uploads\\\/2015\\\/12\\\/arton1287.jpg\",\"contentUrl\":\"https:\\\/\\\/www.iemj.org\\\/wp-content\\\/uploads\\\/2015\\\/12\\\/arton1287.jpg\",\"width\":500,\"height\":451},{\"@type\":\"BreadcrumbList\",\"@id\":\"https:\\\/\\\/www.iemj.org\\\/es\\\/hanouka-la-selection-musicale-de-liemj-1ere-partie\\\/#breadcrumb\",\"itemListElement\":[{\"@type\":\"ListItem\",\"position\":1,\"name\":\"Accueil\",\"item\":\"https:\\\/\\\/www.iemj.org\\\/es\\\/\"},{\"@type\":\"ListItem\",\"position\":2,\"name\":\"Januc\u00e1: La selecci\u00f3n musical del IEMJ, Parte 1\"}]},{\"@type\":\"WebSite\",\"@id\":\"https:\\\/\\\/www.iemj.org\\\/es\\\/#website\",\"url\":\"https:\\\/\\\/www.iemj.org\\\/es\\\/\",\"name\":\"Institut Europ\u00e9en des Musiques Juives\",\"description\":\"Des traditions musicales \u00e0 la port\u00e9e de tous\",\"publisher\":{\"@id\":\"https:\\\/\\\/www.iemj.org\\\/es\\\/#organization\"},\"potentialAction\":[{\"@type\":\"SearchAction\",\"target\":{\"@type\":\"EntryPoint\",\"urlTemplate\":\"https:\\\/\\\/www.iemj.org\\\/es\\\/?s={search_term_string}\"},\"query-input\":{\"@type\":\"PropertyValueSpecification\",\"valueRequired\":true,\"valueName\":\"search_term_string\"}}],\"inLanguage\":\"es\"},{\"@type\":\"Organization\",\"@id\":\"https:\\\/\\\/www.iemj.org\\\/es\\\/#organization\",\"name\":\"Institut Europ\u00e9en des Musiques Juives\",\"url\":\"https:\\\/\\\/www.iemj.org\\\/es\\\/\",\"logo\":{\"@type\":\"ImageObject\",\"inLanguage\":\"es\",\"@id\":\"https:\\\/\\\/www.iemj.org\\\/es\\\/#\\\/schema\\\/logo\\\/image\\\/\",\"url\":\"https:\\\/\\\/www.iemj.org\\\/wp-content\\\/uploads\\\/2021\\\/09\\\/Logo-IEMJ-Paypal.jpg\",\"contentUrl\":\"https:\\\/\\\/www.iemj.org\\\/wp-content\\\/uploads\\\/2021\\\/09\\\/Logo-IEMJ-Paypal.jpg\",\"width\":150,\"height\":50,\"caption\":\"Institut Europ\u00e9en des Musiques Juives\"},\"image\":{\"@id\":\"https:\\\/\\\/www.iemj.org\\\/es\\\/#\\\/schema\\\/logo\\\/image\\\/\"},\"sameAs\":[\"https:\\\/\\\/www.facebook.com\\\/MusiquesJuives\\\/\",\"https:\\\/\\\/www.instagram.com\\\/musiquesjuives\\\/\",\"https:\\\/\\\/www.youtube.com\\\/user\\\/musiquesjuives\"]},{\"@type\":\"Person\",\"@id\":\"https:\\\/\\\/www.iemj.org\\\/es\\\/#\\\/schema\\\/person\\\/c9bc1c386a3749579a2d675e72a18666\",\"name\":\"Jean-Gabriel Davis\",\"image\":{\"@type\":\"ImageObject\",\"inLanguage\":\"es\",\"@id\":\"https:\\\/\\\/secure.gravatar.com\\\/avatar\\\/2b90d67bdf392c9b3a21fab87c0fa7edaf1fb3a058172a1ffd61033fcec7aec1?s=96&d=mm&r=g\",\"url\":\"https:\\\/\\\/secure.gravatar.com\\\/avatar\\\/2b90d67bdf392c9b3a21fab87c0fa7edaf1fb3a058172a1ffd61033fcec7aec1?s=96&d=mm&r=g\",\"contentUrl\":\"https:\\\/\\\/secure.gravatar.com\\\/avatar\\\/2b90d67bdf392c9b3a21fab87c0fa7edaf1fb3a058172a1ffd61033fcec7aec1?s=96&d=mm&r=g\",\"caption\":\"Jean-Gabriel Davis\"}}]}<\/script>\n<!-- \/ Yoast SEO plugin. -->","yoast_head_json":{"title":"Januc\u00e1: La selecci\u00f3n musical del IEMJ, Parte 1 - Institut Europ\u00e9en des Musiques Juives","robots":{"index":"index","follow":"follow","max-snippet":"max-snippet:-1","max-image-preview":"max-image-preview:large","max-video-preview":"max-video-preview:-1"},"canonical":"https:\/\/www.iemj.org\/es\/hanouka-la-selection-musicale-de-liemj-1ere-partie\/","og_locale":"es_ES","og_type":"article","og_title":"Januc\u00e1: La selecci\u00f3n musical del IEMJ, Parte 1 - Institut Europ\u00e9en des Musiques Juives","og_description":"La fiesta de Januc\u00e1 es propicia al canto y a la alegr\u00eda.Aqu\u00ed esta una segunda selecci\u00f3n de canciones a escuchar\u2026 o a cantar","og_url":"https:\/\/www.iemj.org\/es\/hanouka-la-selection-musicale-de-liemj-1ere-partie\/","og_site_name":"Institut Europ\u00e9en des Musiques Juives","article_publisher":"https:\/\/www.facebook.com\/MusiquesJuives\/","article_published_time":"2015-12-02T20:00:00+00:00","article_modified_time":"2025-04-16T17:24:00+00:00","og_image":[{"width":500,"height":451,"url":"https:\/\/www.iemj.org\/wp-content\/uploads\/2015\/12\/arton1287.jpg","type":"image\/jpeg"}],"author":"Jean-Gabriel Davis","twitter_card":"summary_large_image","twitter_misc":{"Escrito por":"Jean-Gabriel Davis","Tiempo de lectura":"3 minutos"},"schema":{"@context":"https:\/\/schema.org","@graph":[{"@type":"Article","@id":"https:\/\/www.iemj.org\/es\/hanouka-la-selection-musicale-de-liemj-1ere-partie\/#article","isPartOf":{"@id":"https:\/\/www.iemj.org\/es\/hanouka-la-selection-musicale-de-liemj-1ere-partie\/"},"author":{"name":"Jean-Gabriel Davis","@id":"https:\/\/www.iemj.org\/es\/#\/schema\/person\/c9bc1c386a3749579a2d675e72a18666"},"headline":"Januc\u00e1: La selecci\u00f3n musical del IEMJ, Parte 1","datePublished":"2015-12-02T20:00:00+00:00","dateModified":"2025-04-16T17:24:00+00:00","mainEntityOfPage":{"@id":"https:\/\/www.iemj.org\/es\/hanouka-la-selection-musicale-de-liemj-1ere-partie\/"},"wordCount":328,"publisher":{"@id":"https:\/\/www.iemj.org\/es\/#organization"},"image":{"@id":"https:\/\/www.iemj.org\/es\/hanouka-la-selection-musicale-de-liemj-1ere-partie\/#primaryimage"},"thumbnailUrl":"https:\/\/www.iemj.org\/wp-content\/uploads\/2015\/12\/arton1287.jpg","articleSection":["Listas de reproducci\u00f3n"],"inLanguage":"es"},{"@type":"WebPage","@id":"https:\/\/www.iemj.org\/es\/hanouka-la-selection-musicale-de-liemj-1ere-partie\/","url":"https:\/\/www.iemj.org\/es\/hanouka-la-selection-musicale-de-liemj-1ere-partie\/","name":"Januc\u00e1: La selecci\u00f3n musical del IEMJ, Parte 1 - Institut Europ\u00e9en des Musiques Juives","isPartOf":{"@id":"https:\/\/www.iemj.org\/es\/#website"},"primaryImageOfPage":{"@id":"https:\/\/www.iemj.org\/es\/hanouka-la-selection-musicale-de-liemj-1ere-partie\/#primaryimage"},"image":{"@id":"https:\/\/www.iemj.org\/es\/hanouka-la-selection-musicale-de-liemj-1ere-partie\/#primaryimage"},"thumbnailUrl":"https:\/\/www.iemj.org\/wp-content\/uploads\/2015\/12\/arton1287.jpg","datePublished":"2015-12-02T20:00:00+00:00","dateModified":"2025-04-16T17:24:00+00:00","breadcrumb":{"@id":"https:\/\/www.iemj.org\/es\/hanouka-la-selection-musicale-de-liemj-1ere-partie\/#breadcrumb"},"inLanguage":"es","potentialAction":[{"@type":"ReadAction","target":["https:\/\/www.iemj.org\/es\/hanouka-la-selection-musicale-de-liemj-1ere-partie\/"]}]},{"@type":"ImageObject","inLanguage":"es","@id":"https:\/\/www.iemj.org\/es\/hanouka-la-selection-musicale-de-liemj-1ere-partie\/#primaryimage","url":"https:\/\/www.iemj.org\/wp-content\/uploads\/2015\/12\/arton1287.jpg","contentUrl":"https:\/\/www.iemj.org\/wp-content\/uploads\/2015\/12\/arton1287.jpg","width":500,"height":451},{"@type":"BreadcrumbList","@id":"https:\/\/www.iemj.org\/es\/hanouka-la-selection-musicale-de-liemj-1ere-partie\/#breadcrumb","itemListElement":[{"@type":"ListItem","position":1,"name":"Accueil","item":"https:\/\/www.iemj.org\/es\/"},{"@type":"ListItem","position":2,"name":"Januc\u00e1: La selecci\u00f3n musical del IEMJ, Parte 1"}]},{"@type":"WebSite","@id":"https:\/\/www.iemj.org\/es\/#website","url":"https:\/\/www.iemj.org\/es\/","name":"Institut Europ\u00e9en des Musiques Juives","description":"Des traditions musicales \u00e0 la port\u00e9e de tous","publisher":{"@id":"https:\/\/www.iemj.org\/es\/#organization"},"potentialAction":[{"@type":"SearchAction","target":{"@type":"EntryPoint","urlTemplate":"https:\/\/www.iemj.org\/es\/?s={search_term_string}"},"query-input":{"@type":"PropertyValueSpecification","valueRequired":true,"valueName":"search_term_string"}}],"inLanguage":"es"},{"@type":"Organization","@id":"https:\/\/www.iemj.org\/es\/#organization","name":"Institut Europ\u00e9en des Musiques Juives","url":"https:\/\/www.iemj.org\/es\/","logo":{"@type":"ImageObject","inLanguage":"es","@id":"https:\/\/www.iemj.org\/es\/#\/schema\/logo\/image\/","url":"https:\/\/www.iemj.org\/wp-content\/uploads\/2021\/09\/Logo-IEMJ-Paypal.jpg","contentUrl":"https:\/\/www.iemj.org\/wp-content\/uploads\/2021\/09\/Logo-IEMJ-Paypal.jpg","width":150,"height":50,"caption":"Institut Europ\u00e9en des Musiques Juives"},"image":{"@id":"https:\/\/www.iemj.org\/es\/#\/schema\/logo\/image\/"},"sameAs":["https:\/\/www.facebook.com\/MusiquesJuives\/","https:\/\/www.instagram.com\/musiquesjuives\/","https:\/\/www.youtube.com\/user\/musiquesjuives"]},{"@type":"Person","@id":"https:\/\/www.iemj.org\/es\/#\/schema\/person\/c9bc1c386a3749579a2d675e72a18666","name":"Jean-Gabriel Davis","image":{"@type":"ImageObject","inLanguage":"es","@id":"https:\/\/secure.gravatar.com\/avatar\/2b90d67bdf392c9b3a21fab87c0fa7edaf1fb3a058172a1ffd61033fcec7aec1?s=96&d=mm&r=g","url":"https:\/\/secure.gravatar.com\/avatar\/2b90d67bdf392c9b3a21fab87c0fa7edaf1fb3a058172a1ffd61033fcec7aec1?s=96&d=mm&r=g","contentUrl":"https:\/\/secure.gravatar.com\/avatar\/2b90d67bdf392c9b3a21fab87c0fa7edaf1fb3a058172a1ffd61033fcec7aec1?s=96&d=mm&r=g","caption":"Jean-Gabriel Davis"}}]}},"_links":{"self":[{"href":"https:\/\/www.iemj.org\/es\/wp-json\/wp\/v2\/posts\/71386","targetHints":{"allow":["GET"]}}],"collection":[{"href":"https:\/\/www.iemj.org\/es\/wp-json\/wp\/v2\/posts"}],"about":[{"href":"https:\/\/www.iemj.org\/es\/wp-json\/wp\/v2\/types\/post"}],"author":[{"embeddable":true,"href":"https:\/\/www.iemj.org\/es\/wp-json\/wp\/v2\/users\/1048"}],"replies":[{"embeddable":true,"href":"https:\/\/www.iemj.org\/es\/wp-json\/wp\/v2\/comments?post=71386"}],"version-history":[{"count":0,"href":"https:\/\/www.iemj.org\/es\/wp-json\/wp\/v2\/posts\/71386\/revisions"}],"wp:featuredmedia":[{"embeddable":true,"href":"https:\/\/www.iemj.org\/es\/wp-json\/wp\/v2\/media\/71387"}],"wp:attachment":[{"href":"https:\/\/www.iemj.org\/es\/wp-json\/wp\/v2\/media?parent=71386"}],"wp:term":[{"taxonomy":"category","embeddable":true,"href":"https:\/\/www.iemj.org\/es\/wp-json\/wp\/v2\/categories?post=71386"},{"taxonomy":"post_tag","embeddable":true,"href":"https:\/\/www.iemj.org\/es\/wp-json\/wp\/v2\/tags?post=71386"},{"taxonomy":"technique","embeddable":true,"href":"https:\/\/www.iemj.org\/es\/wp-json\/wp\/v2\/technique?post=71386"},{"taxonomy":"squelettes","embeddable":true,"href":"https:\/\/www.iemj.org\/es\/wp-json\/wp\/v2\/squelettes?post=71386"},{"taxonomy":"sujet","embeddable":true,"href":"https:\/\/www.iemj.org\/es\/wp-json\/wp\/v2\/sujet?post=71386"},{"taxonomy":"formation","embeddable":true,"href":"https:\/\/www.iemj.org\/es\/wp-json\/wp\/v2\/formation?post=71386"},{"taxonomy":"genre","embeddable":true,"href":"https:\/\/www.iemj.org\/es\/wp-json\/wp\/v2\/genre?post=71386"},{"taxonomy":"fonds","embeddable":true,"href":"https:\/\/www.iemj.org\/es\/wp-json\/wp\/v2\/fonds?post=71386"},{"taxonomy":"tradition","embeddable":true,"href":"https:\/\/www.iemj.org\/es\/wp-json\/wp\/v2\/tradition?post=71386"},{"taxonomy":"type-de-contenu","embeddable":true,"href":"https:\/\/www.iemj.org\/es\/wp-json\/wp\/v2\/type-de-contenu?post=71386"},{"taxonomy":"interprete-compositeur","embeddable":true,"href":"https:\/\/www.iemj.org\/es\/wp-json\/wp\/v2\/interprete-compositeur?post=71386"},{"taxonomy":"frise","embeddable":true,"href":"https:\/\/www.iemj.org\/es\/wp-json\/wp\/v2\/frise?post=71386"},{"taxonomy":"type-devenement","embeddable":true,"href":"https:\/\/www.iemj.org\/es\/wp-json\/wp\/v2\/type-devenement?post=71386"},{"taxonomy":"tableaux-liens-externes","embeddable":true,"href":"https:\/\/www.iemj.org\/es\/wp-json\/wp\/v2\/tableaux-liens-externes?post=71386"}],"curies":[{"name":"wp","href":"https:\/\/api.w.org\/{rel}","templated":true}]}}