{"id":71635,"date":"2016-04-20T12:22:41","date_gmt":"2016-04-20T10:22:41","guid":{"rendered":"https:\/\/www.iemj.org\/pessah-1ere-partie\/"},"modified":"2025-03-31T17:27:26","modified_gmt":"2025-03-31T15:27:26","slug":"pessah-1ere-partie","status":"publish","type":"post","link":"https:\/\/www.iemj.org\/es\/pessah-1ere-partie\/","title":{"rendered":"Pesaj \u2013 1a Parte"},"content":{"rendered":"<p><strong>Una selecci\u00f3n de las m\u00e1s bonitas melod\u00edas de Pesaj<\/strong><\/p>\n<p>Pesaj, en hebreo \u00abpasar por encima\u00bb, se refiere al \u00e9xodo del pueblo jud\u00edo de la tierra de Egipto, y nos recuerda que durante las Diez Plagas infligidas a los egipcios, Dios mat\u00f3 a todos los primog\u00e9nitos egipcios pero pas\u00f3 por encima de las casas jud\u00edas y las preserv\u00f3&#8230;<\/p>\n<p>La fiesta de Pesaj, que tiene lugar a principios de la primavera, est\u00e1 marcada por una comida familiar, el Seder. El Seder comienza tradicionalmente con el jefe de familia mencionando el pan \u00e1cimo, la matz\u00e1, pan que no tuvo tiempo de subir cuando los hebreos huyeron.<\/p>\n<p><img fetchpriority=\"high\" decoding=\"async\" class=\"size-full wp-image-10243 alignright\" src=\"https:\/\/www.iemj.org\/wp-content\/uploads\/2016\/04\/doc_1_pessah_500px_plus_petit.jpg\" alt=\"doc_1_pessah_500px_plus_petit.jpg\" width=\"260\" height=\"260\" align=\"middle\" srcset=\"https:\/\/www.iemj.org\/wp-content\/uploads\/2016\/04\/doc_1_pessah_500px_plus_petit.jpg 260w, https:\/\/www.iemj.org\/wp-content\/uploads\/2016\/04\/doc_1_pessah_500px_plus_petit-150x150.jpg 150w, https:\/\/www.iemj.org\/wp-content\/uploads\/2016\/04\/doc_1_pessah_500px_plus_petit-100x100.jpg 100w\" sizes=\"(max-width: 260px) 100vw, 260px\" \/><\/p>\n<p>M\u00e1s tarde, el miembro m\u00e1s joven de la familia hace cuatro preguntas, todas ellas empezando por \u00abMa nishtana halayla haz\u00e9&#8230;\u00bb \u00ab\u00bfPor qu\u00e9 esta noche es diferente a las dem\u00e1s? \u00ab<\/p>\n<p>El seder termina con la b\u00fasqueda del Afikoman, una media pieza de matz\u00e1 que se apartaba al principio de la comida, para comerla como postre despu\u00e9s de la misma, supuestamente lo \u00faltimo que se come del seder de Pesaj, para mantener el sabor del pan \u00e1cimo en la boca.<\/p>\n<p><img decoding=\"async\" class=\" wp-image-10245 alignleft\" src=\"https:\/\/www.iemj.org\/wp-content\/uploads\/2016\/04\/doc_2_pessah_500px_plus_petit.jpg\" alt=\"doc_2_pessah_500px_plus_petit.jpg\" width=\"212\" height=\"213\" align=\"right\" srcset=\"https:\/\/www.iemj.org\/wp-content\/uploads\/2016\/04\/doc_2_pessah_500px_plus_petit.jpg 300w, https:\/\/www.iemj.org\/wp-content\/uploads\/2016\/04\/doc_2_pessah_500px_plus_petit-298x300.jpg 298w, https:\/\/www.iemj.org\/wp-content\/uploads\/2016\/04\/doc_2_pessah_500px_plus_petit-150x150.jpg 150w, https:\/\/www.iemj.org\/wp-content\/uploads\/2016\/04\/doc_2_pessah_500px_plus_petit-100x100.jpg 100w\" sizes=\"(max-width: 212px) 100vw, 212px\" \/><\/p>\n<p>Tradicionalmente, el cabeza de familia esconde el afikoman para permitir mantener a los ni\u00f1os despiertos durante el largo ritual del seder.<\/p>\n<ul>\n<li><a href=\"https:\/\/www.iemj.org\/es\/pessah-2eme-partie\/\" target=\"_blank\" rel=\"noopener\">Escuchar la lista de reproducci\u00f3n: Pesaj (2<strong><sup>a<\/sup><\/strong> parte)<\/a><\/li>\n<li><a href=\"https:\/\/www.iemj.org\/es\/music-from-passover-seder-journey-into-the-musical-traditions-of-passover\/\" target=\"_blank\" rel=\"noopener\">Escuchar la emisi\u00f3n de radio: Musiques du Seder de Pessah \u2013 Voyage au sein des traditions musicales de la P\u00e2ques juive [M\u00fasicas del Seder de Pesaj\u2013 Viaje en el seno de las tradiciones musicales de la Pascua jud\u00eda]<\/a><\/li>\n<\/ul>\n\n<div class=\"wp-block-image\">\n<figure class=\"aligncenter size-large\"><img decoding=\"async\" width=\"1024\" height=\"133\" src=\"https:\/\/www.iemj.org\/wp-content\/uploads\/2024\/03\/AUDIO-PLAYER-1024x133.png\" alt=\"\" class=\"wp-image-110610\" srcset=\"https:\/\/www.iemj.org\/wp-content\/uploads\/2024\/03\/AUDIO-PLAYER-1024x133.png 1024w, https:\/\/www.iemj.org\/wp-content\/uploads\/2024\/03\/AUDIO-PLAYER-300x39.png 300w, https:\/\/www.iemj.org\/wp-content\/uploads\/2024\/03\/AUDIO-PLAYER-768x100.png 768w, https:\/\/www.iemj.org\/wp-content\/uploads\/2024\/03\/AUDIO-PLAYER-600x78.png 600w, https:\/\/www.iemj.org\/wp-content\/uploads\/2024\/03\/AUDIO-PLAYER.png 1210w\" sizes=\"(max-width: 1024px) 100vw, 1024px\" \/><\/figure>\n<\/div>\n\n\n<div class=\"wp-block-file\"><a id=\"wp-block-file--media-ecf011b3-9f4d-44c4-a6c4-3443836a773c\" href=\"https:\/\/www.iemj.org\/wp-content\/uploads\/2016\/04\/avadim_hayinu_-_51_holiday_songs_for_eyal_t.mp3\"> Ma nishtana &#8211; Hanan YOVEL<\/a><\/div>\n\n\n\n<div class=\"wp-block-file\"><a id=\"wp-block-file--media-c262e91b-be3d-4770-b33c-0f3e3e7df8f7\" href=\"https:\/\/www.iemj.org\/wp-content\/uploads\/2016\/04\/debut_du_seder_-_philippe_darmon.mp3\">D\u00e9but du Seder &#8211; Philippe DARMON<\/a><\/div>\n\n\n\n<div class=\"wp-block-file\"><a id=\"wp-block-file--media-b43a99ee-4cd6-4058-bef3-2b98bd35eed9\" href=\"https:\/\/www.iemj.org\/wp-content\/uploads\/2016\/04\/empezar_quiero_contar_-_keren_esther.mp3\">Empezar Quiero Contar &#8211; Keren ESTHER<\/a><\/div>\n\n\n\n<div class=\"wp-block-file\"><a id=\"wp-block-file--media-349320a2-640c-4326-8385-0a0bf934483f\" href=\"https:\/\/www.iemj.org\/wp-content\/uploads\/2016\/04\/leil_shimurim_la_nuit_de_pesah_-_ensemble_alla_francesca.mp3\">Leil shimurim (La nuit de Pesah) &#8211; Ensemble Alla Francesca<\/a><\/div>\n\n\n\n<div class=\"wp-block-file\"><a id=\"wp-block-file--media-601f9aef-2e7d-4d0c-af81-1477554b52f0\" href=\"https:\/\/www.iemj.org\/wp-content\/uploads\/2016\/04\/ma_nishtana_-_hanan_yovel_t.mp3\">Ma nishtana &#8211; 51 Holiday Songs for Eyal<\/a><\/div>\n\n\n\n<div class=\"wp-block-file\"><a id=\"wp-block-file--media-0b6b4a37-43cb-4037-86fa-8dbd2ff462dd\" href=\"https:\/\/www.iemj.org\/wp-content\/uploads\/2016\/04\/mizmor_ledavid_abou_ladonay_-_didier_kassabi.mp3\">Mizmor ledavid abou ladonay &#8211; Didier KASSABI<\/a><\/div>\n\n\n\n<div class=\"wp-block-file\"><a id=\"wp-block-file--media-cbefcb79-199e-4e21-9f2a-685c9403382b\" href=\"https:\/\/www.iemj.org\/wp-content\/uploads\/2016\/04\/un_cabri_had_gadya_-_adolphe_attia.mp3\">Un cabri (Had gadya) &#8211; Adolphe ATTIA<\/a><\/div>\n\n\n\n<div class=\"wp-block-file\"><a id=\"wp-block-file--media-34010483-0b3c-4562-bfff-327f354076e1\" href=\"https:\/\/www.iemj.org\/wp-content\/uploads\/2016\/04\/vehi_cheamda_chant_de_la_hagadda_-_rabbin_jean_schwartz_laszlo_karvaly.mp3\">Vehi Cheamda (chant de la Hagadda) &#8211; Rabbin Jean SCHWARTZ, Laszlo KARVALY<\/a><\/div>\n\n\n\n<div class=\"wp-block-file\"><a id=\"wp-block-file--media-c08d7d5c-540f-4562-a30c-117291126542\" href=\"https:\/\/www.iemj.org\/wp-content\/uploads\/2016\/04\/when_israel_went_out_of_egypt_-_yehoram_gaon_t.mp3\">When Isra\u00ebl went out of Egypt &#8211; Yehoram GAON<\/a><\/div>\n\n\n\n<div class=\"wp-block-file\"><a id=\"wp-block-file--media-9eb8a1e5-c790-4f36-95ae-6ded229abe5b\" href=\"https:\/\/www.iemj.org\/wp-content\/uploads\/2016\/04\/lecture_de_la_haggadah_extraits_-_elie_dayane.mp3\">Lecture de la Haggadah (extrait) &#8211; Elie DAYANE<\/a><\/div>\n","protected":false},"excerpt":{"rendered":"<p>Una selecci\u00f3n de las m\u00e1s bonitas melod\u00edas de Pesaj Pesaj, en hebreo \u00abpasar por encima\u00bb, se refiere al \u00e9xodo del pueblo jud\u00edo de la tierra de Egipto, y nos recuerda<\/p>\n","protected":false},"author":1052,"featured_media":111233,"comment_status":"closed","ping_status":"open","sticky":false,"template":"","format":"standard","meta":{"_acf_changed":false,"footnotes":""},"categories":[1535],"tags":[],"technique":[],"squelettes":[],"sujet":[1826],"formation":[],"genre":[],"fonds":[],"tradition":[],"type-de-contenu":[],"interprete-compositeur":[],"frise":[],"type-devenement":[],"tableaux-liens-externes":[],"class_list":["post-71635","post","type-post","status-publish","format-standard","has-post-thumbnail","hentry","category-listas-de-reproduccion-es","sujet-pesaj-es"],"acf":[],"yoast_head":"<!-- This site is optimized with the Yoast SEO plugin v27.3 - https:\/\/yoast.com\/product\/yoast-seo-wordpress\/ -->\n<title>Pesaj \u2013 1a Parte - Institut Europ\u00e9en des Musiques Juives<\/title>\n<meta name=\"robots\" content=\"index, follow, max-snippet:-1, max-image-preview:large, max-video-preview:-1\" \/>\n<link rel=\"canonical\" href=\"https:\/\/www.iemj.org\/es\/pessah-1ere-partie\/\" \/>\n<meta property=\"og:locale\" content=\"es_ES\" \/>\n<meta property=\"og:type\" content=\"article\" \/>\n<meta property=\"og:title\" content=\"Pesaj \u2013 1a Parte - Institut Europ\u00e9en des Musiques Juives\" \/>\n<meta property=\"og:description\" content=\"Una selecci\u00f3n de las m\u00e1s bonitas melod\u00edas de Pesaj Pesaj, en hebreo \u00abpasar por encima\u00bb, se refiere al \u00e9xodo del pueblo jud\u00edo de la tierra de Egipto, y nos recuerda\" \/>\n<meta property=\"og:url\" content=\"https:\/\/www.iemj.org\/es\/pessah-1ere-partie\/\" \/>\n<meta property=\"og:site_name\" content=\"Institut Europ\u00e9en des Musiques Juives\" \/>\n<meta property=\"article:publisher\" content=\"https:\/\/www.facebook.com\/MusiquesJuives\/\" \/>\n<meta property=\"article:published_time\" content=\"2016-04-20T10:22:41+00:00\" \/>\n<meta property=\"article:modified_time\" content=\"2025-03-31T15:27:26+00:00\" \/>\n<meta property=\"og:image\" content=\"https:\/\/www.iemj.org\/wp-content\/uploads\/2016\/04\/Logo-playlist-Pessah1.jpg\" \/>\n\t<meta property=\"og:image:width\" content=\"500\" \/>\n\t<meta property=\"og:image:height\" content=\"500\" \/>\n\t<meta property=\"og:image:type\" content=\"image\/jpeg\" \/>\n<meta name=\"author\" content=\"Lea Couderc\" \/>\n<meta name=\"twitter:card\" content=\"summary_large_image\" \/>\n<meta name=\"twitter:label1\" content=\"Escrito por\" \/>\n\t<meta name=\"twitter:data1\" content=\"Lea Couderc\" \/>\n\t<meta name=\"twitter:label2\" content=\"Tiempo de lectura\" \/>\n\t<meta name=\"twitter:data2\" content=\"3 minutos\" \/>\n<script type=\"application\/ld+json\" class=\"yoast-schema-graph\">{\"@context\":\"https:\\\/\\\/schema.org\",\"@graph\":[{\"@type\":\"Article\",\"@id\":\"https:\\\/\\\/www.iemj.org\\\/es\\\/pessah-1ere-partie\\\/#article\",\"isPartOf\":{\"@id\":\"https:\\\/\\\/www.iemj.org\\\/es\\\/pessah-1ere-partie\\\/\"},\"author\":{\"name\":\"Lea Couderc\",\"@id\":\"https:\\\/\\\/www.iemj.org\\\/es\\\/#\\\/schema\\\/person\\\/e2ad57f2c4be119c7ed8ab79036807a9\"},\"headline\":\"Pesaj \u2013 1a Parte\",\"datePublished\":\"2016-04-20T10:22:41+00:00\",\"dateModified\":\"2025-03-31T15:27:26+00:00\",\"mainEntityOfPage\":{\"@id\":\"https:\\\/\\\/www.iemj.org\\\/es\\\/pessah-1ere-partie\\\/\"},\"wordCount\":346,\"publisher\":{\"@id\":\"https:\\\/\\\/www.iemj.org\\\/es\\\/#organization\"},\"image\":{\"@id\":\"https:\\\/\\\/www.iemj.org\\\/es\\\/pessah-1ere-partie\\\/#primaryimage\"},\"thumbnailUrl\":\"https:\\\/\\\/www.iemj.org\\\/wp-content\\\/uploads\\\/2016\\\/04\\\/Logo-playlist-Pessah1.jpg\",\"articleSection\":[\"Listas de reproducci\u00f3n\"],\"inLanguage\":\"es\"},{\"@type\":\"WebPage\",\"@id\":\"https:\\\/\\\/www.iemj.org\\\/es\\\/pessah-1ere-partie\\\/\",\"url\":\"https:\\\/\\\/www.iemj.org\\\/es\\\/pessah-1ere-partie\\\/\",\"name\":\"Pesaj \u2013 1a Parte - Institut Europ\u00e9en des Musiques Juives\",\"isPartOf\":{\"@id\":\"https:\\\/\\\/www.iemj.org\\\/es\\\/#website\"},\"primaryImageOfPage\":{\"@id\":\"https:\\\/\\\/www.iemj.org\\\/es\\\/pessah-1ere-partie\\\/#primaryimage\"},\"image\":{\"@id\":\"https:\\\/\\\/www.iemj.org\\\/es\\\/pessah-1ere-partie\\\/#primaryimage\"},\"thumbnailUrl\":\"https:\\\/\\\/www.iemj.org\\\/wp-content\\\/uploads\\\/2016\\\/04\\\/Logo-playlist-Pessah1.jpg\",\"datePublished\":\"2016-04-20T10:22:41+00:00\",\"dateModified\":\"2025-03-31T15:27:26+00:00\",\"breadcrumb\":{\"@id\":\"https:\\\/\\\/www.iemj.org\\\/es\\\/pessah-1ere-partie\\\/#breadcrumb\"},\"inLanguage\":\"es\",\"potentialAction\":[{\"@type\":\"ReadAction\",\"target\":[\"https:\\\/\\\/www.iemj.org\\\/es\\\/pessah-1ere-partie\\\/\"]}]},{\"@type\":\"ImageObject\",\"inLanguage\":\"es\",\"@id\":\"https:\\\/\\\/www.iemj.org\\\/es\\\/pessah-1ere-partie\\\/#primaryimage\",\"url\":\"https:\\\/\\\/www.iemj.org\\\/wp-content\\\/uploads\\\/2016\\\/04\\\/Logo-playlist-Pessah1.jpg\",\"contentUrl\":\"https:\\\/\\\/www.iemj.org\\\/wp-content\\\/uploads\\\/2016\\\/04\\\/Logo-playlist-Pessah1.jpg\",\"width\":500,\"height\":500},{\"@type\":\"BreadcrumbList\",\"@id\":\"https:\\\/\\\/www.iemj.org\\\/es\\\/pessah-1ere-partie\\\/#breadcrumb\",\"itemListElement\":[{\"@type\":\"ListItem\",\"position\":1,\"name\":\"Accueil\",\"item\":\"https:\\\/\\\/www.iemj.org\\\/es\\\/\"},{\"@type\":\"ListItem\",\"position\":2,\"name\":\"Pesaj \u2013 1a Parte\"}]},{\"@type\":\"WebSite\",\"@id\":\"https:\\\/\\\/www.iemj.org\\\/es\\\/#website\",\"url\":\"https:\\\/\\\/www.iemj.org\\\/es\\\/\",\"name\":\"Institut Europ\u00e9en des Musiques Juives\",\"description\":\"Des traditions musicales \u00e0 la port\u00e9e de tous\",\"publisher\":{\"@id\":\"https:\\\/\\\/www.iemj.org\\\/es\\\/#organization\"},\"potentialAction\":[{\"@type\":\"SearchAction\",\"target\":{\"@type\":\"EntryPoint\",\"urlTemplate\":\"https:\\\/\\\/www.iemj.org\\\/es\\\/?s={search_term_string}\"},\"query-input\":{\"@type\":\"PropertyValueSpecification\",\"valueRequired\":true,\"valueName\":\"search_term_string\"}}],\"inLanguage\":\"es\"},{\"@type\":\"Organization\",\"@id\":\"https:\\\/\\\/www.iemj.org\\\/es\\\/#organization\",\"name\":\"Institut Europ\u00e9en des Musiques Juives\",\"url\":\"https:\\\/\\\/www.iemj.org\\\/es\\\/\",\"logo\":{\"@type\":\"ImageObject\",\"inLanguage\":\"es\",\"@id\":\"https:\\\/\\\/www.iemj.org\\\/es\\\/#\\\/schema\\\/logo\\\/image\\\/\",\"url\":\"https:\\\/\\\/www.iemj.org\\\/wp-content\\\/uploads\\\/2021\\\/09\\\/Logo-IEMJ-Paypal.jpg\",\"contentUrl\":\"https:\\\/\\\/www.iemj.org\\\/wp-content\\\/uploads\\\/2021\\\/09\\\/Logo-IEMJ-Paypal.jpg\",\"width\":150,\"height\":50,\"caption\":\"Institut Europ\u00e9en des Musiques Juives\"},\"image\":{\"@id\":\"https:\\\/\\\/www.iemj.org\\\/es\\\/#\\\/schema\\\/logo\\\/image\\\/\"},\"sameAs\":[\"https:\\\/\\\/www.facebook.com\\\/MusiquesJuives\\\/\",\"https:\\\/\\\/www.instagram.com\\\/musiquesjuives\\\/\",\"https:\\\/\\\/www.youtube.com\\\/user\\\/musiquesjuives\"]},{\"@type\":\"Person\",\"@id\":\"https:\\\/\\\/www.iemj.org\\\/es\\\/#\\\/schema\\\/person\\\/e2ad57f2c4be119c7ed8ab79036807a9\",\"name\":\"Lea Couderc\",\"image\":{\"@type\":\"ImageObject\",\"inLanguage\":\"es\",\"@id\":\"https:\\\/\\\/secure.gravatar.com\\\/avatar\\\/46ee021475d60aeff17a7e490b79dea5a5684bb392ab7fd1494027411df8ba23?s=96&d=mm&r=g\",\"url\":\"https:\\\/\\\/secure.gravatar.com\\\/avatar\\\/46ee021475d60aeff17a7e490b79dea5a5684bb392ab7fd1494027411df8ba23?s=96&d=mm&r=g\",\"contentUrl\":\"https:\\\/\\\/secure.gravatar.com\\\/avatar\\\/46ee021475d60aeff17a7e490b79dea5a5684bb392ab7fd1494027411df8ba23?s=96&d=mm&r=g\",\"caption\":\"Lea Couderc\"}}]}<\/script>\n<!-- \/ Yoast SEO plugin. -->","yoast_head_json":{"title":"Pesaj \u2013 1a Parte - Institut Europ\u00e9en des Musiques Juives","robots":{"index":"index","follow":"follow","max-snippet":"max-snippet:-1","max-image-preview":"max-image-preview:large","max-video-preview":"max-video-preview:-1"},"canonical":"https:\/\/www.iemj.org\/es\/pessah-1ere-partie\/","og_locale":"es_ES","og_type":"article","og_title":"Pesaj \u2013 1a Parte - Institut Europ\u00e9en des Musiques Juives","og_description":"Una selecci\u00f3n de las m\u00e1s bonitas melod\u00edas de Pesaj Pesaj, en hebreo \u00abpasar por encima\u00bb, se refiere al \u00e9xodo del pueblo jud\u00edo de la tierra de Egipto, y nos recuerda","og_url":"https:\/\/www.iemj.org\/es\/pessah-1ere-partie\/","og_site_name":"Institut Europ\u00e9en des Musiques Juives","article_publisher":"https:\/\/www.facebook.com\/MusiquesJuives\/","article_published_time":"2016-04-20T10:22:41+00:00","article_modified_time":"2025-03-31T15:27:26+00:00","og_image":[{"width":500,"height":500,"url":"https:\/\/www.iemj.org\/wp-content\/uploads\/2016\/04\/Logo-playlist-Pessah1.jpg","type":"image\/jpeg"}],"author":"Lea Couderc","twitter_card":"summary_large_image","twitter_misc":{"Escrito por":"Lea Couderc","Tiempo de lectura":"3 minutos"},"schema":{"@context":"https:\/\/schema.org","@graph":[{"@type":"Article","@id":"https:\/\/www.iemj.org\/es\/pessah-1ere-partie\/#article","isPartOf":{"@id":"https:\/\/www.iemj.org\/es\/pessah-1ere-partie\/"},"author":{"name":"Lea Couderc","@id":"https:\/\/www.iemj.org\/es\/#\/schema\/person\/e2ad57f2c4be119c7ed8ab79036807a9"},"headline":"Pesaj \u2013 1a Parte","datePublished":"2016-04-20T10:22:41+00:00","dateModified":"2025-03-31T15:27:26+00:00","mainEntityOfPage":{"@id":"https:\/\/www.iemj.org\/es\/pessah-1ere-partie\/"},"wordCount":346,"publisher":{"@id":"https:\/\/www.iemj.org\/es\/#organization"},"image":{"@id":"https:\/\/www.iemj.org\/es\/pessah-1ere-partie\/#primaryimage"},"thumbnailUrl":"https:\/\/www.iemj.org\/wp-content\/uploads\/2016\/04\/Logo-playlist-Pessah1.jpg","articleSection":["Listas de reproducci\u00f3n"],"inLanguage":"es"},{"@type":"WebPage","@id":"https:\/\/www.iemj.org\/es\/pessah-1ere-partie\/","url":"https:\/\/www.iemj.org\/es\/pessah-1ere-partie\/","name":"Pesaj \u2013 1a Parte - Institut Europ\u00e9en des Musiques Juives","isPartOf":{"@id":"https:\/\/www.iemj.org\/es\/#website"},"primaryImageOfPage":{"@id":"https:\/\/www.iemj.org\/es\/pessah-1ere-partie\/#primaryimage"},"image":{"@id":"https:\/\/www.iemj.org\/es\/pessah-1ere-partie\/#primaryimage"},"thumbnailUrl":"https:\/\/www.iemj.org\/wp-content\/uploads\/2016\/04\/Logo-playlist-Pessah1.jpg","datePublished":"2016-04-20T10:22:41+00:00","dateModified":"2025-03-31T15:27:26+00:00","breadcrumb":{"@id":"https:\/\/www.iemj.org\/es\/pessah-1ere-partie\/#breadcrumb"},"inLanguage":"es","potentialAction":[{"@type":"ReadAction","target":["https:\/\/www.iemj.org\/es\/pessah-1ere-partie\/"]}]},{"@type":"ImageObject","inLanguage":"es","@id":"https:\/\/www.iemj.org\/es\/pessah-1ere-partie\/#primaryimage","url":"https:\/\/www.iemj.org\/wp-content\/uploads\/2016\/04\/Logo-playlist-Pessah1.jpg","contentUrl":"https:\/\/www.iemj.org\/wp-content\/uploads\/2016\/04\/Logo-playlist-Pessah1.jpg","width":500,"height":500},{"@type":"BreadcrumbList","@id":"https:\/\/www.iemj.org\/es\/pessah-1ere-partie\/#breadcrumb","itemListElement":[{"@type":"ListItem","position":1,"name":"Accueil","item":"https:\/\/www.iemj.org\/es\/"},{"@type":"ListItem","position":2,"name":"Pesaj \u2013 1a Parte"}]},{"@type":"WebSite","@id":"https:\/\/www.iemj.org\/es\/#website","url":"https:\/\/www.iemj.org\/es\/","name":"Institut Europ\u00e9en des Musiques Juives","description":"Des traditions musicales \u00e0 la port\u00e9e de tous","publisher":{"@id":"https:\/\/www.iemj.org\/es\/#organization"},"potentialAction":[{"@type":"SearchAction","target":{"@type":"EntryPoint","urlTemplate":"https:\/\/www.iemj.org\/es\/?s={search_term_string}"},"query-input":{"@type":"PropertyValueSpecification","valueRequired":true,"valueName":"search_term_string"}}],"inLanguage":"es"},{"@type":"Organization","@id":"https:\/\/www.iemj.org\/es\/#organization","name":"Institut Europ\u00e9en des Musiques Juives","url":"https:\/\/www.iemj.org\/es\/","logo":{"@type":"ImageObject","inLanguage":"es","@id":"https:\/\/www.iemj.org\/es\/#\/schema\/logo\/image\/","url":"https:\/\/www.iemj.org\/wp-content\/uploads\/2021\/09\/Logo-IEMJ-Paypal.jpg","contentUrl":"https:\/\/www.iemj.org\/wp-content\/uploads\/2021\/09\/Logo-IEMJ-Paypal.jpg","width":150,"height":50,"caption":"Institut Europ\u00e9en des Musiques Juives"},"image":{"@id":"https:\/\/www.iemj.org\/es\/#\/schema\/logo\/image\/"},"sameAs":["https:\/\/www.facebook.com\/MusiquesJuives\/","https:\/\/www.instagram.com\/musiquesjuives\/","https:\/\/www.youtube.com\/user\/musiquesjuives"]},{"@type":"Person","@id":"https:\/\/www.iemj.org\/es\/#\/schema\/person\/e2ad57f2c4be119c7ed8ab79036807a9","name":"Lea Couderc","image":{"@type":"ImageObject","inLanguage":"es","@id":"https:\/\/secure.gravatar.com\/avatar\/46ee021475d60aeff17a7e490b79dea5a5684bb392ab7fd1494027411df8ba23?s=96&d=mm&r=g","url":"https:\/\/secure.gravatar.com\/avatar\/46ee021475d60aeff17a7e490b79dea5a5684bb392ab7fd1494027411df8ba23?s=96&d=mm&r=g","contentUrl":"https:\/\/secure.gravatar.com\/avatar\/46ee021475d60aeff17a7e490b79dea5a5684bb392ab7fd1494027411df8ba23?s=96&d=mm&r=g","caption":"Lea Couderc"}}]}},"_links":{"self":[{"href":"https:\/\/www.iemj.org\/es\/wp-json\/wp\/v2\/posts\/71635","targetHints":{"allow":["GET"]}}],"collection":[{"href":"https:\/\/www.iemj.org\/es\/wp-json\/wp\/v2\/posts"}],"about":[{"href":"https:\/\/www.iemj.org\/es\/wp-json\/wp\/v2\/types\/post"}],"author":[{"embeddable":true,"href":"https:\/\/www.iemj.org\/es\/wp-json\/wp\/v2\/users\/1052"}],"replies":[{"embeddable":true,"href":"https:\/\/www.iemj.org\/es\/wp-json\/wp\/v2\/comments?post=71635"}],"version-history":[{"count":0,"href":"https:\/\/www.iemj.org\/es\/wp-json\/wp\/v2\/posts\/71635\/revisions"}],"wp:featuredmedia":[{"embeddable":true,"href":"https:\/\/www.iemj.org\/es\/wp-json\/wp\/v2\/media\/111233"}],"wp:attachment":[{"href":"https:\/\/www.iemj.org\/es\/wp-json\/wp\/v2\/media?parent=71635"}],"wp:term":[{"taxonomy":"category","embeddable":true,"href":"https:\/\/www.iemj.org\/es\/wp-json\/wp\/v2\/categories?post=71635"},{"taxonomy":"post_tag","embeddable":true,"href":"https:\/\/www.iemj.org\/es\/wp-json\/wp\/v2\/tags?post=71635"},{"taxonomy":"technique","embeddable":true,"href":"https:\/\/www.iemj.org\/es\/wp-json\/wp\/v2\/technique?post=71635"},{"taxonomy":"squelettes","embeddable":true,"href":"https:\/\/www.iemj.org\/es\/wp-json\/wp\/v2\/squelettes?post=71635"},{"taxonomy":"sujet","embeddable":true,"href":"https:\/\/www.iemj.org\/es\/wp-json\/wp\/v2\/sujet?post=71635"},{"taxonomy":"formation","embeddable":true,"href":"https:\/\/www.iemj.org\/es\/wp-json\/wp\/v2\/formation?post=71635"},{"taxonomy":"genre","embeddable":true,"href":"https:\/\/www.iemj.org\/es\/wp-json\/wp\/v2\/genre?post=71635"},{"taxonomy":"fonds","embeddable":true,"href":"https:\/\/www.iemj.org\/es\/wp-json\/wp\/v2\/fonds?post=71635"},{"taxonomy":"tradition","embeddable":true,"href":"https:\/\/www.iemj.org\/es\/wp-json\/wp\/v2\/tradition?post=71635"},{"taxonomy":"type-de-contenu","embeddable":true,"href":"https:\/\/www.iemj.org\/es\/wp-json\/wp\/v2\/type-de-contenu?post=71635"},{"taxonomy":"interprete-compositeur","embeddable":true,"href":"https:\/\/www.iemj.org\/es\/wp-json\/wp\/v2\/interprete-compositeur?post=71635"},{"taxonomy":"frise","embeddable":true,"href":"https:\/\/www.iemj.org\/es\/wp-json\/wp\/v2\/frise?post=71635"},{"taxonomy":"type-devenement","embeddable":true,"href":"https:\/\/www.iemj.org\/es\/wp-json\/wp\/v2\/type-devenement?post=71635"},{"taxonomy":"tableaux-liens-externes","embeddable":true,"href":"https:\/\/www.iemj.org\/es\/wp-json\/wp\/v2\/tableaux-liens-externes?post=71635"}],"curies":[{"name":"wp","href":"https:\/\/api.w.org\/{rel}","templated":true}]}}