{"id":71668,"date":"2016-04-26T09:39:26","date_gmt":"2016-04-26T07:39:26","guid":{"rendered":"https:\/\/www.iemj.org\/pessah-2eme-partie\/"},"modified":"2025-04-08T12:17:56","modified_gmt":"2025-04-08T10:17:56","slug":"pessah-2eme-partie","status":"publish","type":"post","link":"https:\/\/www.iemj.org\/es\/pessah-2eme-partie\/","title":{"rendered":"Pesaj \u2013 2a Parte"},"content":{"rendered":"<p><strong>Una segunda selecci\u00f3n de las m\u00e1s bonitas melod\u00edas de Pesaj y de su Seder<\/strong><\/p>\n<p>Pesaj, en hebreo \u00abpasar por encima\u00bb, se refiere al \u00e9xodo del pueblo jud\u00edo de la tierra de Egipto, y nos recuerda que durante las Diez Plagas infligidas a los egipcios, Dios mat\u00f3 a todos los primog\u00e9nitos egipcios pero pas\u00f3 por encima de las casas jud\u00edas y las preserv\u00f3&#8230;<\/p>\n<p>La fiesta de Pesaj, que tiene lugar a principios de la primavera, est\u00e1 marcada por una comida familiar, el S\u00e9der.<\/p>\n<p><span style=\"font-size: inherit;\"><img decoding=\"async\" class=\" alignright size-full wp-image-10325\" src=\"https:\/\/www.iemj.org\/wp-content\/uploads\/2016\/04\/doc_5_pessah_500px_35pc.jpg\" alt=\"doc_5_pessah_500px_35pc.jpg\" width=\"175\" height=\"175\" align=\"right\" srcset=\"https:\/\/www.iemj.org\/wp-content\/uploads\/2016\/04\/doc_5_pessah_500px_35pc.jpg 175w, https:\/\/www.iemj.org\/wp-content\/uploads\/2016\/04\/doc_5_pessah_500px_35pc-150x150.jpg 150w, https:\/\/www.iemj.org\/wp-content\/uploads\/2016\/04\/doc_5_pessah_500px_35pc-100x100.jpg 100w\" sizes=\"(max-width: 175px) 100vw, 175px\" \/><\/span><\/p>\n<p>El Seder comienza tradicionalmente con el jefe de familia mencionando el pan \u00e1cimo, la matz\u00e1, pan que no tuvo tiempo de subir cuando los hebreos huyeron.<\/p>\n<p>M\u00e1s tarde, el miembro m\u00e1s joven de la familia hace cuatro preguntas, todas ellas empezando por \u00abMa nishtana halayla haz\u00e9&#8230;\u00bb \u00ab\u00bfPor qu\u00e9 esta noche es diferente a las dem\u00e1s? \u00ab.<\/p>\n<p><img decoding=\"async\" class=\" alignleft size-full wp-image-10329\" src=\"https:\/\/www.iemj.org\/wp-content\/uploads\/2016\/04\/doc_4_pessah_500px_35pc.jpg\" alt=\"doc_4_pessah_500px_35pc.jpg\" width=\"175\" height=\"176\" align=\"left\" srcset=\"https:\/\/www.iemj.org\/wp-content\/uploads\/2016\/04\/doc_4_pessah_500px_35pc.jpg 175w, https:\/\/www.iemj.org\/wp-content\/uploads\/2016\/04\/doc_4_pessah_500px_35pc-150x150.jpg 150w, https:\/\/www.iemj.org\/wp-content\/uploads\/2016\/04\/doc_4_pessah_500px_35pc-100x100.jpg 100w\" sizes=\"(max-width: 175px) 100vw, 175px\" \/><\/p>\n<p>El seder termina con la b\u00fasqueda del Afikoman, una media pieza de matz\u00e1 que se apartaba al principio de la comida, para comerla como postre despu\u00e9s de la misma, supuestamente lo \u00faltimo que se come del seder de Pesaj, para mantener el sabor del pan \u00e1cimo en la boca. Tradicionalmente, el cabeza de familia esconde el afikoman para permitir mantener a los ni\u00f1os despiertos durante el largo ritual del seder.<\/p>\n<p><img fetchpriority=\"high\" decoding=\"async\" class=\"alignright wp-image-10327 size-full\" src=\"https:\/\/www.iemj.org\/wp-content\/uploads\/2016\/04\/doc_3_pessah500px_r-e1713193551305.jpg\" alt=\"doc_3_pessah500px_r.jpg\" width=\"366\" height=\"250\" align=\"middle\" srcset=\"https:\/\/www.iemj.org\/wp-content\/uploads\/2016\/04\/doc_3_pessah500px_r-e1713193551305.jpg 366w, https:\/\/www.iemj.org\/wp-content\/uploads\/2016\/04\/doc_3_pessah500px_r-e1713193551305-300x205.jpg 300w\" sizes=\"(max-width: 366px) 100vw, 366px\" \/><\/p>\n<ul>\n<li><a href=\"https:\/\/www.iemj.org\/es\/pessah-1ere-partie\/\" target=\"_blank\" rel=\"noopener\">Escuchar la lista de reproducci\u00f3n: Pesaj (1a parte)<\/a><\/li>\n<li><a href=\"https:\/\/www.iemj.org\/es\/music-from-passover-seder-journey-into-the-musical-traditions-of-passover\/\" target=\"_blank\" rel=\"noopener\">Escuchar la emisi\u00f3n de radio: Musiques du Seder de Pessah \u2013 Voyage au sein des traditions musicales de la P\u00e2ques juive [M\u00fasicas del Seder de Pesaj\u2013 Viaje en el seno de las tradiciones musicales de la Pascua jud\u00eda]<\/a><\/li>\n<\/ul>\n\n<div class=\"wp-block-image\">\n<figure class=\"aligncenter size-large\"><img loading=\"lazy\" decoding=\"async\" width=\"1024\" height=\"133\" src=\"https:\/\/www.iemj.org\/wp-content\/uploads\/2024\/03\/AUDIO-PLAYER-1024x133.png\" alt=\"\" class=\"wp-image-110610\" srcset=\"https:\/\/www.iemj.org\/wp-content\/uploads\/2024\/03\/AUDIO-PLAYER-1024x133.png 1024w, https:\/\/www.iemj.org\/wp-content\/uploads\/2024\/03\/AUDIO-PLAYER-300x39.png 300w, https:\/\/www.iemj.org\/wp-content\/uploads\/2024\/03\/AUDIO-PLAYER-768x100.png 768w, https:\/\/www.iemj.org\/wp-content\/uploads\/2024\/03\/AUDIO-PLAYER-600x78.png 600w, https:\/\/www.iemj.org\/wp-content\/uploads\/2024\/03\/AUDIO-PLAYER.png 1210w\" sizes=\"(max-width: 1024px) 100vw, 1024px\" \/><\/figure>\n<\/div>\n\n\n<div class=\"wp-block-file\"><a id=\"wp-block-file--media-df0f116c-6bc0-4fc7-8e47-32b354fcfcc9\" href=\"https:\/\/www.iemj.org\/wp-content\/uploads\/2016\/04\/haggada_de_paque_-_nathan_cohen_t.mp3\">Haggada de P\u00e2que &#8211; rite tunisien &#8211; Nathan COHEN<\/a><\/div>\n\n\n\n<div class=\"wp-block-file\"><a id=\"wp-block-file--media-268d0f47-74ae-4005-bb16-dac5d74da730\" href=\"https:\/\/www.iemj.org\/wp-content\/uploads\/2016\/04\/ma_nishtana_-_nira_rabinovitz.mp3\">Ma nishtana &#8211; rite ashkenaze &#8211; Nira RABINOVITZ<\/a><\/div>\n\n\n\n<div class=\"wp-block-file\"><a id=\"wp-block-file--media-976b8399-a411-4159-a589-d8c29ee67587\" href=\"https:\/\/www.iemj.org\/wp-content\/uploads\/2016\/04\/ha_lah_ma_anya_-_danin_delmin_t.mp3\">Ha Lah&#8217;Ma Anya &#8211; Danin DELMIN<\/a><\/div>\n\n\n\n<div class=\"wp-block-file\"><a id=\"wp-block-file--media-6cfb202e-f801-45d0-885d-15548a9e0fd6\" href=\"https:\/\/www.iemj.org\/wp-content\/uploads\/2016\/04\/dayenu_-_tzena_tzena.mp3\">Dayenu &#8211; Ray MUSIKER<\/a><\/div>\n\n\n\n<div class=\"wp-block-file\"><a id=\"wp-block-file--media-fc08d86c-e085-451f-8d8a-7ee75a05aba3\" href=\"https:\/\/www.iemj.org\/wp-content\/uploads\/2016\/04\/dayeynu_-_dave_tarras_t.mp3\">Dayeynu &#8211; Dave TARRAS<\/a><\/div>\n\n\n\n<div class=\"wp-block-file\"><a id=\"wp-block-file--media-70d54566-02d0-4c80-82b1-c2e68c0fd876\" href=\"https:\/\/www.iemj.org\/wp-content\/uploads\/2016\/04\/moche_batevah_-_51_holiday_songs_for_eyal_t.mp3\">Moche Batevah &#8211; 51 Holiday Songs for Eyal<\/a><\/div>\n\n\n\n<div class=\"wp-block-file\"><a id=\"wp-block-file--media-d81a7892-b296-41f5-be57-792c1ab85483\" href=\"https:\/\/www.iemj.org\/wp-content\/uploads\/2016\/04\/had_gadya_-_shula_chen_t.mp3\">Had Gadya &#8211; Shula CHEN<\/a><\/div>\n","protected":false},"excerpt":{"rendered":"<p>Una segunda selecci\u00f3n de las m\u00e1s bonitas melod\u00edas de Pesaj y de su Seder Pesaj, en hebreo \u00abpasar por encima\u00bb, se refiere al \u00e9xodo del pueblo jud\u00edo de la tierra<\/p>\n","protected":false},"author":1052,"featured_media":111206,"comment_status":"closed","ping_status":"open","sticky":false,"template":"","format":"standard","meta":{"_acf_changed":false,"footnotes":""},"categories":[1535],"tags":[],"technique":[],"squelettes":[],"sujet":[1826],"formation":[],"genre":[],"fonds":[],"tradition":[],"type-de-contenu":[],"interprete-compositeur":[],"frise":[],"type-devenement":[],"tableaux-liens-externes":[],"class_list":["post-71668","post","type-post","status-publish","format-standard","has-post-thumbnail","hentry","category-listas-de-reproduccion-es","sujet-pesaj-es"],"acf":[],"yoast_head":"<!-- This site is optimized with the Yoast SEO plugin v27.3 - https:\/\/yoast.com\/product\/yoast-seo-wordpress\/ -->\n<title>Pesaj \u2013 2a Parte - Institut Europ\u00e9en des Musiques Juives<\/title>\n<meta name=\"robots\" content=\"index, follow, max-snippet:-1, max-image-preview:large, max-video-preview:-1\" \/>\n<link rel=\"canonical\" href=\"https:\/\/www.iemj.org\/es\/pessah-2eme-partie\/\" \/>\n<meta property=\"og:locale\" content=\"es_ES\" \/>\n<meta property=\"og:type\" content=\"article\" \/>\n<meta property=\"og:title\" content=\"Pesaj \u2013 2a Parte - Institut Europ\u00e9en des Musiques Juives\" \/>\n<meta property=\"og:description\" content=\"Una segunda selecci\u00f3n de las m\u00e1s bonitas melod\u00edas de Pesaj y de su Seder Pesaj, en hebreo \u00abpasar por encima\u00bb, se refiere al \u00e9xodo del pueblo jud\u00edo de la tierra\" \/>\n<meta property=\"og:url\" content=\"https:\/\/www.iemj.org\/es\/pessah-2eme-partie\/\" \/>\n<meta property=\"og:site_name\" content=\"Institut Europ\u00e9en des Musiques Juives\" \/>\n<meta property=\"article:publisher\" content=\"https:\/\/www.facebook.com\/MusiquesJuives\/\" \/>\n<meta property=\"article:published_time\" content=\"2016-04-26T07:39:26+00:00\" \/>\n<meta property=\"article:modified_time\" content=\"2025-04-08T10:17:56+00:00\" \/>\n<meta property=\"og:image\" content=\"https:\/\/www.iemj.org\/wp-content\/uploads\/2016\/04\/Logo-playlist-Pessah2.jpg\" \/>\n\t<meta property=\"og:image:width\" content=\"500\" \/>\n\t<meta property=\"og:image:height\" content=\"500\" \/>\n\t<meta property=\"og:image:type\" content=\"image\/jpeg\" \/>\n<meta name=\"author\" content=\"Lea Couderc\" \/>\n<meta name=\"twitter:card\" content=\"summary_large_image\" \/>\n<meta name=\"twitter:label1\" content=\"Escrito por\" \/>\n\t<meta name=\"twitter:data1\" content=\"Lea Couderc\" \/>\n\t<meta name=\"twitter:label2\" content=\"Tiempo de lectura\" \/>\n\t<meta name=\"twitter:data2\" content=\"3 minutos\" \/>\n<script type=\"application\/ld+json\" class=\"yoast-schema-graph\">{\"@context\":\"https:\\\/\\\/schema.org\",\"@graph\":[{\"@type\":\"Article\",\"@id\":\"https:\\\/\\\/www.iemj.org\\\/es\\\/pessah-2eme-partie\\\/#article\",\"isPartOf\":{\"@id\":\"https:\\\/\\\/www.iemj.org\\\/es\\\/pessah-2eme-partie\\\/\"},\"author\":{\"name\":\"Lea Couderc\",\"@id\":\"https:\\\/\\\/www.iemj.org\\\/es\\\/#\\\/schema\\\/person\\\/e2ad57f2c4be119c7ed8ab79036807a9\"},\"headline\":\"Pesaj \u2013 2a Parte\",\"datePublished\":\"2016-04-26T07:39:26+00:00\",\"dateModified\":\"2025-04-08T10:17:56+00:00\",\"mainEntityOfPage\":{\"@id\":\"https:\\\/\\\/www.iemj.org\\\/es\\\/pessah-2eme-partie\\\/\"},\"wordCount\":318,\"publisher\":{\"@id\":\"https:\\\/\\\/www.iemj.org\\\/es\\\/#organization\"},\"image\":{\"@id\":\"https:\\\/\\\/www.iemj.org\\\/es\\\/pessah-2eme-partie\\\/#primaryimage\"},\"thumbnailUrl\":\"https:\\\/\\\/www.iemj.org\\\/wp-content\\\/uploads\\\/2016\\\/04\\\/Logo-playlist-Pessah2.jpg\",\"articleSection\":[\"Listas de reproducci\u00f3n\"],\"inLanguage\":\"es\"},{\"@type\":\"WebPage\",\"@id\":\"https:\\\/\\\/www.iemj.org\\\/es\\\/pessah-2eme-partie\\\/\",\"url\":\"https:\\\/\\\/www.iemj.org\\\/es\\\/pessah-2eme-partie\\\/\",\"name\":\"Pesaj \u2013 2a Parte - Institut Europ\u00e9en des Musiques Juives\",\"isPartOf\":{\"@id\":\"https:\\\/\\\/www.iemj.org\\\/es\\\/#website\"},\"primaryImageOfPage\":{\"@id\":\"https:\\\/\\\/www.iemj.org\\\/es\\\/pessah-2eme-partie\\\/#primaryimage\"},\"image\":{\"@id\":\"https:\\\/\\\/www.iemj.org\\\/es\\\/pessah-2eme-partie\\\/#primaryimage\"},\"thumbnailUrl\":\"https:\\\/\\\/www.iemj.org\\\/wp-content\\\/uploads\\\/2016\\\/04\\\/Logo-playlist-Pessah2.jpg\",\"datePublished\":\"2016-04-26T07:39:26+00:00\",\"dateModified\":\"2025-04-08T10:17:56+00:00\",\"breadcrumb\":{\"@id\":\"https:\\\/\\\/www.iemj.org\\\/es\\\/pessah-2eme-partie\\\/#breadcrumb\"},\"inLanguage\":\"es\",\"potentialAction\":[{\"@type\":\"ReadAction\",\"target\":[\"https:\\\/\\\/www.iemj.org\\\/es\\\/pessah-2eme-partie\\\/\"]}]},{\"@type\":\"ImageObject\",\"inLanguage\":\"es\",\"@id\":\"https:\\\/\\\/www.iemj.org\\\/es\\\/pessah-2eme-partie\\\/#primaryimage\",\"url\":\"https:\\\/\\\/www.iemj.org\\\/wp-content\\\/uploads\\\/2016\\\/04\\\/Logo-playlist-Pessah2.jpg\",\"contentUrl\":\"https:\\\/\\\/www.iemj.org\\\/wp-content\\\/uploads\\\/2016\\\/04\\\/Logo-playlist-Pessah2.jpg\",\"width\":500,\"height\":500},{\"@type\":\"BreadcrumbList\",\"@id\":\"https:\\\/\\\/www.iemj.org\\\/es\\\/pessah-2eme-partie\\\/#breadcrumb\",\"itemListElement\":[{\"@type\":\"ListItem\",\"position\":1,\"name\":\"Accueil\",\"item\":\"https:\\\/\\\/www.iemj.org\\\/es\\\/\"},{\"@type\":\"ListItem\",\"position\":2,\"name\":\"Pesaj \u2013 2a Parte\"}]},{\"@type\":\"WebSite\",\"@id\":\"https:\\\/\\\/www.iemj.org\\\/es\\\/#website\",\"url\":\"https:\\\/\\\/www.iemj.org\\\/es\\\/\",\"name\":\"Institut Europ\u00e9en des Musiques Juives\",\"description\":\"Des traditions musicales \u00e0 la port\u00e9e de tous\",\"publisher\":{\"@id\":\"https:\\\/\\\/www.iemj.org\\\/es\\\/#organization\"},\"potentialAction\":[{\"@type\":\"SearchAction\",\"target\":{\"@type\":\"EntryPoint\",\"urlTemplate\":\"https:\\\/\\\/www.iemj.org\\\/es\\\/?s={search_term_string}\"},\"query-input\":{\"@type\":\"PropertyValueSpecification\",\"valueRequired\":true,\"valueName\":\"search_term_string\"}}],\"inLanguage\":\"es\"},{\"@type\":\"Organization\",\"@id\":\"https:\\\/\\\/www.iemj.org\\\/es\\\/#organization\",\"name\":\"Institut Europ\u00e9en des Musiques Juives\",\"url\":\"https:\\\/\\\/www.iemj.org\\\/es\\\/\",\"logo\":{\"@type\":\"ImageObject\",\"inLanguage\":\"es\",\"@id\":\"https:\\\/\\\/www.iemj.org\\\/es\\\/#\\\/schema\\\/logo\\\/image\\\/\",\"url\":\"https:\\\/\\\/www.iemj.org\\\/wp-content\\\/uploads\\\/2021\\\/09\\\/Logo-IEMJ-Paypal.jpg\",\"contentUrl\":\"https:\\\/\\\/www.iemj.org\\\/wp-content\\\/uploads\\\/2021\\\/09\\\/Logo-IEMJ-Paypal.jpg\",\"width\":150,\"height\":50,\"caption\":\"Institut Europ\u00e9en des Musiques Juives\"},\"image\":{\"@id\":\"https:\\\/\\\/www.iemj.org\\\/es\\\/#\\\/schema\\\/logo\\\/image\\\/\"},\"sameAs\":[\"https:\\\/\\\/www.facebook.com\\\/MusiquesJuives\\\/\",\"https:\\\/\\\/www.instagram.com\\\/musiquesjuives\\\/\",\"https:\\\/\\\/www.youtube.com\\\/user\\\/musiquesjuives\"]},{\"@type\":\"Person\",\"@id\":\"https:\\\/\\\/www.iemj.org\\\/es\\\/#\\\/schema\\\/person\\\/e2ad57f2c4be119c7ed8ab79036807a9\",\"name\":\"Lea Couderc\",\"image\":{\"@type\":\"ImageObject\",\"inLanguage\":\"es\",\"@id\":\"https:\\\/\\\/secure.gravatar.com\\\/avatar\\\/46ee021475d60aeff17a7e490b79dea5a5684bb392ab7fd1494027411df8ba23?s=96&d=mm&r=g\",\"url\":\"https:\\\/\\\/secure.gravatar.com\\\/avatar\\\/46ee021475d60aeff17a7e490b79dea5a5684bb392ab7fd1494027411df8ba23?s=96&d=mm&r=g\",\"contentUrl\":\"https:\\\/\\\/secure.gravatar.com\\\/avatar\\\/46ee021475d60aeff17a7e490b79dea5a5684bb392ab7fd1494027411df8ba23?s=96&d=mm&r=g\",\"caption\":\"Lea Couderc\"}}]}<\/script>\n<!-- \/ Yoast SEO plugin. -->","yoast_head_json":{"title":"Pesaj \u2013 2a Parte - Institut Europ\u00e9en des Musiques Juives","robots":{"index":"index","follow":"follow","max-snippet":"max-snippet:-1","max-image-preview":"max-image-preview:large","max-video-preview":"max-video-preview:-1"},"canonical":"https:\/\/www.iemj.org\/es\/pessah-2eme-partie\/","og_locale":"es_ES","og_type":"article","og_title":"Pesaj \u2013 2a Parte - Institut Europ\u00e9en des Musiques Juives","og_description":"Una segunda selecci\u00f3n de las m\u00e1s bonitas melod\u00edas de Pesaj y de su Seder Pesaj, en hebreo \u00abpasar por encima\u00bb, se refiere al \u00e9xodo del pueblo jud\u00edo de la tierra","og_url":"https:\/\/www.iemj.org\/es\/pessah-2eme-partie\/","og_site_name":"Institut Europ\u00e9en des Musiques Juives","article_publisher":"https:\/\/www.facebook.com\/MusiquesJuives\/","article_published_time":"2016-04-26T07:39:26+00:00","article_modified_time":"2025-04-08T10:17:56+00:00","og_image":[{"width":500,"height":500,"url":"https:\/\/www.iemj.org\/wp-content\/uploads\/2016\/04\/Logo-playlist-Pessah2.jpg","type":"image\/jpeg"}],"author":"Lea Couderc","twitter_card":"summary_large_image","twitter_misc":{"Escrito por":"Lea Couderc","Tiempo de lectura":"3 minutos"},"schema":{"@context":"https:\/\/schema.org","@graph":[{"@type":"Article","@id":"https:\/\/www.iemj.org\/es\/pessah-2eme-partie\/#article","isPartOf":{"@id":"https:\/\/www.iemj.org\/es\/pessah-2eme-partie\/"},"author":{"name":"Lea Couderc","@id":"https:\/\/www.iemj.org\/es\/#\/schema\/person\/e2ad57f2c4be119c7ed8ab79036807a9"},"headline":"Pesaj \u2013 2a Parte","datePublished":"2016-04-26T07:39:26+00:00","dateModified":"2025-04-08T10:17:56+00:00","mainEntityOfPage":{"@id":"https:\/\/www.iemj.org\/es\/pessah-2eme-partie\/"},"wordCount":318,"publisher":{"@id":"https:\/\/www.iemj.org\/es\/#organization"},"image":{"@id":"https:\/\/www.iemj.org\/es\/pessah-2eme-partie\/#primaryimage"},"thumbnailUrl":"https:\/\/www.iemj.org\/wp-content\/uploads\/2016\/04\/Logo-playlist-Pessah2.jpg","articleSection":["Listas de reproducci\u00f3n"],"inLanguage":"es"},{"@type":"WebPage","@id":"https:\/\/www.iemj.org\/es\/pessah-2eme-partie\/","url":"https:\/\/www.iemj.org\/es\/pessah-2eme-partie\/","name":"Pesaj \u2013 2a Parte - Institut Europ\u00e9en des Musiques Juives","isPartOf":{"@id":"https:\/\/www.iemj.org\/es\/#website"},"primaryImageOfPage":{"@id":"https:\/\/www.iemj.org\/es\/pessah-2eme-partie\/#primaryimage"},"image":{"@id":"https:\/\/www.iemj.org\/es\/pessah-2eme-partie\/#primaryimage"},"thumbnailUrl":"https:\/\/www.iemj.org\/wp-content\/uploads\/2016\/04\/Logo-playlist-Pessah2.jpg","datePublished":"2016-04-26T07:39:26+00:00","dateModified":"2025-04-08T10:17:56+00:00","breadcrumb":{"@id":"https:\/\/www.iemj.org\/es\/pessah-2eme-partie\/#breadcrumb"},"inLanguage":"es","potentialAction":[{"@type":"ReadAction","target":["https:\/\/www.iemj.org\/es\/pessah-2eme-partie\/"]}]},{"@type":"ImageObject","inLanguage":"es","@id":"https:\/\/www.iemj.org\/es\/pessah-2eme-partie\/#primaryimage","url":"https:\/\/www.iemj.org\/wp-content\/uploads\/2016\/04\/Logo-playlist-Pessah2.jpg","contentUrl":"https:\/\/www.iemj.org\/wp-content\/uploads\/2016\/04\/Logo-playlist-Pessah2.jpg","width":500,"height":500},{"@type":"BreadcrumbList","@id":"https:\/\/www.iemj.org\/es\/pessah-2eme-partie\/#breadcrumb","itemListElement":[{"@type":"ListItem","position":1,"name":"Accueil","item":"https:\/\/www.iemj.org\/es\/"},{"@type":"ListItem","position":2,"name":"Pesaj \u2013 2a Parte"}]},{"@type":"WebSite","@id":"https:\/\/www.iemj.org\/es\/#website","url":"https:\/\/www.iemj.org\/es\/","name":"Institut Europ\u00e9en des Musiques Juives","description":"Des traditions musicales \u00e0 la port\u00e9e de tous","publisher":{"@id":"https:\/\/www.iemj.org\/es\/#organization"},"potentialAction":[{"@type":"SearchAction","target":{"@type":"EntryPoint","urlTemplate":"https:\/\/www.iemj.org\/es\/?s={search_term_string}"},"query-input":{"@type":"PropertyValueSpecification","valueRequired":true,"valueName":"search_term_string"}}],"inLanguage":"es"},{"@type":"Organization","@id":"https:\/\/www.iemj.org\/es\/#organization","name":"Institut Europ\u00e9en des Musiques Juives","url":"https:\/\/www.iemj.org\/es\/","logo":{"@type":"ImageObject","inLanguage":"es","@id":"https:\/\/www.iemj.org\/es\/#\/schema\/logo\/image\/","url":"https:\/\/www.iemj.org\/wp-content\/uploads\/2021\/09\/Logo-IEMJ-Paypal.jpg","contentUrl":"https:\/\/www.iemj.org\/wp-content\/uploads\/2021\/09\/Logo-IEMJ-Paypal.jpg","width":150,"height":50,"caption":"Institut Europ\u00e9en des Musiques Juives"},"image":{"@id":"https:\/\/www.iemj.org\/es\/#\/schema\/logo\/image\/"},"sameAs":["https:\/\/www.facebook.com\/MusiquesJuives\/","https:\/\/www.instagram.com\/musiquesjuives\/","https:\/\/www.youtube.com\/user\/musiquesjuives"]},{"@type":"Person","@id":"https:\/\/www.iemj.org\/es\/#\/schema\/person\/e2ad57f2c4be119c7ed8ab79036807a9","name":"Lea Couderc","image":{"@type":"ImageObject","inLanguage":"es","@id":"https:\/\/secure.gravatar.com\/avatar\/46ee021475d60aeff17a7e490b79dea5a5684bb392ab7fd1494027411df8ba23?s=96&d=mm&r=g","url":"https:\/\/secure.gravatar.com\/avatar\/46ee021475d60aeff17a7e490b79dea5a5684bb392ab7fd1494027411df8ba23?s=96&d=mm&r=g","contentUrl":"https:\/\/secure.gravatar.com\/avatar\/46ee021475d60aeff17a7e490b79dea5a5684bb392ab7fd1494027411df8ba23?s=96&d=mm&r=g","caption":"Lea Couderc"}}]}},"_links":{"self":[{"href":"https:\/\/www.iemj.org\/es\/wp-json\/wp\/v2\/posts\/71668","targetHints":{"allow":["GET"]}}],"collection":[{"href":"https:\/\/www.iemj.org\/es\/wp-json\/wp\/v2\/posts"}],"about":[{"href":"https:\/\/www.iemj.org\/es\/wp-json\/wp\/v2\/types\/post"}],"author":[{"embeddable":true,"href":"https:\/\/www.iemj.org\/es\/wp-json\/wp\/v2\/users\/1052"}],"replies":[{"embeddable":true,"href":"https:\/\/www.iemj.org\/es\/wp-json\/wp\/v2\/comments?post=71668"}],"version-history":[{"count":0,"href":"https:\/\/www.iemj.org\/es\/wp-json\/wp\/v2\/posts\/71668\/revisions"}],"wp:featuredmedia":[{"embeddable":true,"href":"https:\/\/www.iemj.org\/es\/wp-json\/wp\/v2\/media\/111206"}],"wp:attachment":[{"href":"https:\/\/www.iemj.org\/es\/wp-json\/wp\/v2\/media?parent=71668"}],"wp:term":[{"taxonomy":"category","embeddable":true,"href":"https:\/\/www.iemj.org\/es\/wp-json\/wp\/v2\/categories?post=71668"},{"taxonomy":"post_tag","embeddable":true,"href":"https:\/\/www.iemj.org\/es\/wp-json\/wp\/v2\/tags?post=71668"},{"taxonomy":"technique","embeddable":true,"href":"https:\/\/www.iemj.org\/es\/wp-json\/wp\/v2\/technique?post=71668"},{"taxonomy":"squelettes","embeddable":true,"href":"https:\/\/www.iemj.org\/es\/wp-json\/wp\/v2\/squelettes?post=71668"},{"taxonomy":"sujet","embeddable":true,"href":"https:\/\/www.iemj.org\/es\/wp-json\/wp\/v2\/sujet?post=71668"},{"taxonomy":"formation","embeddable":true,"href":"https:\/\/www.iemj.org\/es\/wp-json\/wp\/v2\/formation?post=71668"},{"taxonomy":"genre","embeddable":true,"href":"https:\/\/www.iemj.org\/es\/wp-json\/wp\/v2\/genre?post=71668"},{"taxonomy":"fonds","embeddable":true,"href":"https:\/\/www.iemj.org\/es\/wp-json\/wp\/v2\/fonds?post=71668"},{"taxonomy":"tradition","embeddable":true,"href":"https:\/\/www.iemj.org\/es\/wp-json\/wp\/v2\/tradition?post=71668"},{"taxonomy":"type-de-contenu","embeddable":true,"href":"https:\/\/www.iemj.org\/es\/wp-json\/wp\/v2\/type-de-contenu?post=71668"},{"taxonomy":"interprete-compositeur","embeddable":true,"href":"https:\/\/www.iemj.org\/es\/wp-json\/wp\/v2\/interprete-compositeur?post=71668"},{"taxonomy":"frise","embeddable":true,"href":"https:\/\/www.iemj.org\/es\/wp-json\/wp\/v2\/frise?post=71668"},{"taxonomy":"type-devenement","embeddable":true,"href":"https:\/\/www.iemj.org\/es\/wp-json\/wp\/v2\/type-devenement?post=71668"},{"taxonomy":"tableaux-liens-externes","embeddable":true,"href":"https:\/\/www.iemj.org\/es\/wp-json\/wp\/v2\/tableaux-liens-externes?post=71668"}],"curies":[{"name":"wp","href":"https:\/\/api.w.org\/{rel}","templated":true}]}}