{"id":71700,"date":"2021-02-03T15:47:27","date_gmt":"2021-02-03T14:47:27","guid":{"rendered":"https:\/\/www.iemj.org\/fromental-halevy-airs-dopera-et-chants-synagogaux\/"},"modified":"2024-02-15T18:07:17","modified_gmt":"2024-02-15T17:07:17","slug":"fromental-halevy-airs-dopera-et-chants-synagogaux","status":"publish","type":"post","link":"https:\/\/www.iemj.org\/es\/fromental-halevy-airs-dopera-et-chants-synagogaux\/","title":{"rendered":"Fromental Hal\u00e9vy, melod\u00edas de \u00f3pera y cantos sinagogales"},"content":{"rendered":"<div id=\"tw-target-text-container\" class=\"tw-ta-container F0azHf tw-nfl\" tabindex=\"0\">\n<div id=\"tw-target-text-container\" class=\"tw-ta-container F0azHf tw-nfl\" tabindex=\"0\">\n<p id=\"tw-target-text\" class=\"tw-data-text tw-text-large tw-ta\" dir=\"ltr\" data-placeholder=\"Traduction\"><strong><span class=\"Y2IQFc\" lang=\"es\">La siguiente lista de reproducci\u00f3n ofrece un extracto de la \u00f3pera La Juive (1835), seguido de varios salmos, como Mizmor lessodo (ps. 100), Adochem Zehonorou (ps. 115), Min hametsar (ps. 118) o incluso Mimaamakim (ps. 130), interpretada por el coro de L\u00e9on Algazi, Marcel Lorrand y el coro de la sinagoga de Estrasburgo, Michel Heymann, La Truite Lyrique y las Polifon\u00edas hebreas de Estrasburgo dirigidas por Hector Sabo<\/span><\/strong><\/p>\n<\/div>\n<p class=\"tw-data-text tw-text-large tw-ta\" dir=\"ltr\" data-placeholder=\"Traduction\"><!--more-->Compositor prol\u00edfico del siglo XIX, <a href=\"https:\/\/www.iemj.org\/es\/halevy-jacques-francois-fromental-elie-1799-1862\/\">Fromental Hal\u00e9vy (1799-1862)<\/a> compuso cerca de 37 \u00f3peras (cuya La Juive [La Jud\u00eda] que tuvo un gran \u00e9xito), numerosas melod\u00edas, d\u00faos y otras romanzas. Nacido en una familia jud\u00eda originaria de Baviera y de Lorena, Fromental Hal\u00e9vy se benefici\u00f3 de la emancipaci\u00f3n de los Jud\u00edos de Francia para seguir una carrera musical que le llev\u00f3 a la cima de la fama. Considerado en su \u00e9poca como uno de los maestros de la m\u00fasica francesa, junto con Rossini, Auber y Meyerbeer, Fromental Hal\u00e9vy no olvid\u00f3 sus or\u00edgenes y compuso nada menos que diez piezas en hebreo (siete salmos y tres oraciones) para el culto consistorio israelita.<\/p>\n<\/div>\n<p>La lista de reproducci\u00f3n os propone la melod\u00eda m\u00e1s conocida de su \u00f3pera <em>La Juive<\/em> [<em>La Jud\u00eda<\/em>] (1835)\u00a0: la <em>Cavatine d\u2019El\u00e9azar <\/em>[<em>Cavatina de El\u00e9azar<\/em>] o <em>Rachel, quand du Seigneur<\/em>, seguido por diversos salmos, como <em>Mizmor lessodo <\/em>(s. 100), <em>Adochem Zehonorou <\/em>(ps. 115), <em>Min hametsar <\/em>(ps. 118) o <em>Mimaamakim <\/em>(ps. 130), interpretados por el coro de L\u00e9on Algazi, Marcel Lorrand y el coro de la sinagoga de Estrasburgo, Michel Heymann, La Truite Lyrique y las polifon\u00edas hebreas de Estrasburgo dirigidas por Hector Sabo.<\/p>\n<p>\u00a1Que lo disfrutes!<\/p>\n\n\n<figure class=\"wp-block-image size-large\"><img fetchpriority=\"high\" decoding=\"async\" width=\"1024\" height=\"146\" src=\"https:\/\/www.iemj.org\/wp-content\/uploads\/2023\/01\/Bandeau-Playlist_ES2-1024x146.jpg\" alt=\"\" class=\"wp-image-93117\" srcset=\"https:\/\/www.iemj.org\/wp-content\/uploads\/2023\/01\/Bandeau-Playlist_ES2-1024x146.jpg 1024w, https:\/\/www.iemj.org\/wp-content\/uploads\/2023\/01\/Bandeau-Playlist_ES2-300x43.jpg 300w, https:\/\/www.iemj.org\/wp-content\/uploads\/2023\/01\/Bandeau-Playlist_ES2-768x110.jpg 768w, https:\/\/www.iemj.org\/wp-content\/uploads\/2023\/01\/Bandeau-Playlist_ES2-1536x220.jpg 1536w, https:\/\/www.iemj.org\/wp-content\/uploads\/2023\/01\/Bandeau-Playlist_ES2-600x86.jpg 600w, https:\/\/www.iemj.org\/wp-content\/uploads\/2023\/01\/Bandeau-Playlist_ES2.jpg 1608w\" sizes=\"(max-width: 1024px) 100vw, 1024px\" \/><\/figure>\n\n\n\n<div class=\"wp-block-file\"><a id=\"wp-block-file--media-67efe4f6-aa35-4ce9-a68f-f9474f2e56a0\" href=\"https:\/\/www.iemj.org\/wp-content\/uploads\/2021\/01\/01_la_juive_op_ra_de_f_hal_vy__cavatine_d_el_azar_cesar_vezzani.mp3\">La Juive (op\u00e9ra de F. Hal\u00e9vy) &#8211; Cavatine d&#8217;El\u00e9azar &#8211; Cesar Vezzani<\/a><\/div>\n\n\n\n<div class=\"wp-block-file\"><a id=\"wp-block-file--media-3036546b-9ec8-430a-aa3c-f5f44c8e9b27\" href=\"https:\/\/www.iemj.org\/wp-content\/uploads\/2021\/01\/02_hodou_ladona_ps_118_-_hallel__f_hal_vy_marcel_lebreton_solo_et_choeur_dirig_par_l_on_algazi.mp3\">Hodou ladona\u00ef  (ps. 118 &#8211; Hallel) &#8211; Hal\u00e9vy &#8211; Marcel Lebreton (t\u00e9nor) et ch\u0153ur dirig\u00e9 par L\u00e9on Algazi<\/a><\/div>\n\n\n\n<div class=\"wp-block-file\"><a id=\"wp-block-file--media-735741b0-8aa0-4e2a-a196-a04a31c76e24\" href=\"https:\/\/www.iemj.org\/wp-content\/uploads\/2021\/01\/03_odekho_ps_118_21_marcel_lorand_et_choeur_de_la_grande_synagogue_de_strasbourg_extrait_.mp3\">Odekho (ps 118, 21) &#8211; Hal\u00e9vy &#8211; Marcel Lorand et Choeur de la grande synagogue de Strasbourg (Extrait)<\/a><\/div>\n\n\n\n<div class=\"wp-block-file\"><a id=\"wp-block-file--media-1550c270-d5ba-4f23-a0d9-596d2286c5c2\" href=\"https:\/\/www.iemj.org\/wp-content\/uploads\/2021\/01\/04_adochem_zehonorou_ps_115__michel_heymann_extrait_.mp3\">Adochem Ze&#8217;honorou (ps. 115) &#8211; Hal\u00e9vy &#8211; Michel Heymann (Extrait)<\/a><\/div>\n\n\n\n<div class=\"wp-block-file\"><a id=\"wp-block-file--media-00b7f4d0-27d8-4d9e-b28c-b838cf353346\" href=\"https:\/\/www.iemj.org\/wp-content\/uploads\/2021\/01\/05_mizmor_lessodo_ps_100_choeur_mixte_mezzo_solo_et_orgue_extrait_.mp3\">Mizmor lessodo (ps. 100) &#8211; Hal\u00e9vy &#8211; Magdalena Lukovic (Mezzo solo) et La truite lyrique (Extrait)<\/a><\/div>\n\n\n\n<div class=\"wp-block-file\"><a id=\"wp-block-file--media-ed8fc604-cac1-4fb6-a5a7-1745ac2aef9c\" href=\"https:\/\/www.iemj.org\/wp-content\/uploads\/2021\/01\/06_mimaamakim_ps_130__marche_fun_bre_arrgt_fl_te_et_piano__micael_berger_et_l_o_sabo_extrait_.mp3\">Mimaamakim (ps. 130) n\u00b01 Marche fun\u00e8bre &#8211; Hal\u00e9vy &#8211; Micael Berger (fl\u00fbte) et L\u00e9o Sabo (piano), arrangement : Hector Sabo (Extrait)<\/a><\/div>\n\n\n\n<div class=\"wp-block-file\"><a id=\"wp-block-file--media-311af64a-4beb-4754-a201-f40503651e26\" href=\"https:\/\/www.iemj.org\/wp-content\/uploads\/2021\/01\/07_mimaamakim_ps_130__air_basse_solo_et_piano_jean_moissonnier_et_l_o_sabo_extrait_.mp3\">Mimaamakim (ps. 130) n\u00b03 Air &#8211; Hal\u00e9vy &#8211; Jean Moissonnier (Basse solo) et L\u00e9o Sabo (piano) (Extrait)<\/a><\/div>\n\n\n\n<div class=\"wp-block-file\"><a id=\"wp-block-file--media-c5dd9c6f-5efb-4d8e-b6db-e70165342184\" href=\"https:\/\/www.iemj.org\/wp-content\/uploads\/2021\/01\/08_mimaamakim_ps_130__choeur_la_truite_lyrique_et_les_polyphonies_h_bra_ques_de_strasbourg_extrait_.mp3\">Mimaamakim (ps. 130) n\u00b02 Ch\u0153ur &#8211; Hal\u00e9vy &#8211; Ensembles La Truite Lyrique et les polyphonies h\u00e9bra\u00efques de Strasbourg (Extrait)<\/a><\/div>\n\n\n\n<div class=\"wp-block-file\"><a id=\"wp-block-file--media-9649436f-0c44-42c4-b238-d992f356b03b\" href=\"https:\/\/www.iemj.org\/wp-content\/uploads\/2021\/01\/09_min_hamestar_ps_118__la_truite_lyrique_et_les_polyphonies_h_bra_ques_de_strasbourg_hector_sabo_extrait_.mp3\">Min hametsar (ps 118) &#8211; Hal\u00e9vy &#8211; Ensembles La Truite Lyrique et les polyphonies h\u00e9bra\u00efques de Strasbourg (Extrait)<\/a><\/div>\n\n\n\n<p><\/p>\n","protected":false},"excerpt":{"rendered":"<p>La siguiente lista de reproducci\u00f3n ofrece un extracto de la \u00f3pera La Juive (1835), seguido de varios salmos, como Mizmor lessodo (ps. 100), Adochem Zehonorou (ps. 115), Min hametsar (ps.<\/p>\n","protected":false},"author":1045,"featured_media":71701,"comment_status":"closed","ping_status":"closed","sticky":false,"template":"","format":"standard","meta":{"_acf_changed":false,"footnotes":""},"categories":[1535],"tags":[],"technique":[],"squelettes":[],"sujet":[],"formation":[],"genre":[1899],"fonds":[],"tradition":[],"type-de-contenu":[],"interprete-compositeur":[],"frise":[],"type-devenement":[],"tableaux-liens-externes":[],"class_list":["post-71700","post","type-post","status-publish","format-standard","has-post-thumbnail","hentry","category-listas-de-reproduccion-es","genre-musica-clasica-es"],"acf":[],"yoast_head":"<!-- This site is optimized with the Yoast SEO plugin v27.3 - https:\/\/yoast.com\/product\/yoast-seo-wordpress\/ -->\n<title>Fromental Hal\u00e9vy, melod\u00edas de \u00f3pera y cantos sinagogales - Institut Europ\u00e9en des Musiques Juives<\/title>\n<meta name=\"robots\" content=\"index, follow, max-snippet:-1, max-image-preview:large, max-video-preview:-1\" \/>\n<link rel=\"canonical\" href=\"https:\/\/www.iemj.org\/es\/fromental-halevy-airs-dopera-et-chants-synagogaux\/\" \/>\n<meta property=\"og:locale\" content=\"es_ES\" \/>\n<meta property=\"og:type\" content=\"article\" \/>\n<meta property=\"og:title\" content=\"Fromental Hal\u00e9vy, melod\u00edas de \u00f3pera y cantos sinagogales - Institut Europ\u00e9en des Musiques Juives\" \/>\n<meta property=\"og:description\" content=\"La siguiente lista de reproducci\u00f3n ofrece un extracto de la \u00f3pera La Juive (1835), seguido de varios salmos, como Mizmor lessodo (ps. 100), Adochem Zehonorou (ps. 115), Min hametsar (ps.\" \/>\n<meta property=\"og:url\" content=\"https:\/\/www.iemj.org\/es\/fromental-halevy-airs-dopera-et-chants-synagogaux\/\" \/>\n<meta property=\"og:site_name\" content=\"Institut Europ\u00e9en des Musiques Juives\" \/>\n<meta property=\"article:publisher\" content=\"https:\/\/www.facebook.com\/MusiquesJuives\/\" \/>\n<meta property=\"article:published_time\" content=\"2021-02-03T14:47:27+00:00\" \/>\n<meta property=\"article:modified_time\" content=\"2024-02-15T17:07:17+00:00\" \/>\n<meta property=\"og:image\" content=\"https:\/\/www.iemj.org\/wp-content\/uploads\/2021\/02\/arton5001.jpg\" \/>\n\t<meta property=\"og:image:width\" content=\"300\" \/>\n\t<meta property=\"og:image:height\" content=\"300\" \/>\n\t<meta property=\"og:image:type\" content=\"image\/jpeg\" \/>\n<meta name=\"author\" content=\"Herv\u00e9 Roten\" \/>\n<meta name=\"twitter:card\" content=\"summary_large_image\" \/>\n<meta name=\"twitter:label1\" content=\"Escrito por\" \/>\n\t<meta name=\"twitter:data1\" content=\"Herv\u00e9 Roten\" \/>\n\t<meta name=\"twitter:label2\" content=\"Tiempo de lectura\" \/>\n\t<meta name=\"twitter:data2\" content=\"3 minutos\" \/>\n<script type=\"application\/ld+json\" class=\"yoast-schema-graph\">{\"@context\":\"https:\\\/\\\/schema.org\",\"@graph\":[{\"@type\":\"Article\",\"@id\":\"https:\\\/\\\/www.iemj.org\\\/es\\\/fromental-halevy-airs-dopera-et-chants-synagogaux\\\/#article\",\"isPartOf\":{\"@id\":\"https:\\\/\\\/www.iemj.org\\\/es\\\/fromental-halevy-airs-dopera-et-chants-synagogaux\\\/\"},\"author\":{\"name\":\"Herv\u00e9 Roten\",\"@id\":\"https:\\\/\\\/www.iemj.org\\\/es\\\/#\\\/schema\\\/person\\\/906134402c29d5c76e7b726261dd4bbd\"},\"headline\":\"Fromental Hal\u00e9vy, melod\u00edas de \u00f3pera y cantos sinagogales\",\"datePublished\":\"2021-02-03T14:47:27+00:00\",\"dateModified\":\"2024-02-15T17:07:17+00:00\",\"mainEntityOfPage\":{\"@id\":\"https:\\\/\\\/www.iemj.org\\\/es\\\/fromental-halevy-airs-dopera-et-chants-synagogaux\\\/\"},\"wordCount\":450,\"publisher\":{\"@id\":\"https:\\\/\\\/www.iemj.org\\\/es\\\/#organization\"},\"image\":{\"@id\":\"https:\\\/\\\/www.iemj.org\\\/es\\\/fromental-halevy-airs-dopera-et-chants-synagogaux\\\/#primaryimage\"},\"thumbnailUrl\":\"https:\\\/\\\/www.iemj.org\\\/wp-content\\\/uploads\\\/2021\\\/02\\\/arton5001.jpg\",\"articleSection\":[\"Listas de reproducci\u00f3n\"],\"inLanguage\":\"es\"},{\"@type\":\"WebPage\",\"@id\":\"https:\\\/\\\/www.iemj.org\\\/es\\\/fromental-halevy-airs-dopera-et-chants-synagogaux\\\/\",\"url\":\"https:\\\/\\\/www.iemj.org\\\/es\\\/fromental-halevy-airs-dopera-et-chants-synagogaux\\\/\",\"name\":\"Fromental Hal\u00e9vy, melod\u00edas de \u00f3pera y cantos sinagogales - Institut Europ\u00e9en des Musiques Juives\",\"isPartOf\":{\"@id\":\"https:\\\/\\\/www.iemj.org\\\/es\\\/#website\"},\"primaryImageOfPage\":{\"@id\":\"https:\\\/\\\/www.iemj.org\\\/es\\\/fromental-halevy-airs-dopera-et-chants-synagogaux\\\/#primaryimage\"},\"image\":{\"@id\":\"https:\\\/\\\/www.iemj.org\\\/es\\\/fromental-halevy-airs-dopera-et-chants-synagogaux\\\/#primaryimage\"},\"thumbnailUrl\":\"https:\\\/\\\/www.iemj.org\\\/wp-content\\\/uploads\\\/2021\\\/02\\\/arton5001.jpg\",\"datePublished\":\"2021-02-03T14:47:27+00:00\",\"dateModified\":\"2024-02-15T17:07:17+00:00\",\"breadcrumb\":{\"@id\":\"https:\\\/\\\/www.iemj.org\\\/es\\\/fromental-halevy-airs-dopera-et-chants-synagogaux\\\/#breadcrumb\"},\"inLanguage\":\"es\",\"potentialAction\":[{\"@type\":\"ReadAction\",\"target\":[\"https:\\\/\\\/www.iemj.org\\\/es\\\/fromental-halevy-airs-dopera-et-chants-synagogaux\\\/\"]}]},{\"@type\":\"ImageObject\",\"inLanguage\":\"es\",\"@id\":\"https:\\\/\\\/www.iemj.org\\\/es\\\/fromental-halevy-airs-dopera-et-chants-synagogaux\\\/#primaryimage\",\"url\":\"https:\\\/\\\/www.iemj.org\\\/wp-content\\\/uploads\\\/2021\\\/02\\\/arton5001.jpg\",\"contentUrl\":\"https:\\\/\\\/www.iemj.org\\\/wp-content\\\/uploads\\\/2021\\\/02\\\/arton5001.jpg\",\"width\":300,\"height\":300},{\"@type\":\"BreadcrumbList\",\"@id\":\"https:\\\/\\\/www.iemj.org\\\/es\\\/fromental-halevy-airs-dopera-et-chants-synagogaux\\\/#breadcrumb\",\"itemListElement\":[{\"@type\":\"ListItem\",\"position\":1,\"name\":\"Accueil\",\"item\":\"https:\\\/\\\/www.iemj.org\\\/es\\\/\"},{\"@type\":\"ListItem\",\"position\":2,\"name\":\"Fromental Hal\u00e9vy, melod\u00edas de \u00f3pera y cantos sinagogales\"}]},{\"@type\":\"WebSite\",\"@id\":\"https:\\\/\\\/www.iemj.org\\\/es\\\/#website\",\"url\":\"https:\\\/\\\/www.iemj.org\\\/es\\\/\",\"name\":\"Institut Europ\u00e9en des Musiques Juives\",\"description\":\"Des traditions musicales \u00e0 la port\u00e9e de tous\",\"publisher\":{\"@id\":\"https:\\\/\\\/www.iemj.org\\\/es\\\/#organization\"},\"potentialAction\":[{\"@type\":\"SearchAction\",\"target\":{\"@type\":\"EntryPoint\",\"urlTemplate\":\"https:\\\/\\\/www.iemj.org\\\/es\\\/?s={search_term_string}\"},\"query-input\":{\"@type\":\"PropertyValueSpecification\",\"valueRequired\":true,\"valueName\":\"search_term_string\"}}],\"inLanguage\":\"es\"},{\"@type\":\"Organization\",\"@id\":\"https:\\\/\\\/www.iemj.org\\\/es\\\/#organization\",\"name\":\"Institut Europ\u00e9en des Musiques Juives\",\"url\":\"https:\\\/\\\/www.iemj.org\\\/es\\\/\",\"logo\":{\"@type\":\"ImageObject\",\"inLanguage\":\"es\",\"@id\":\"https:\\\/\\\/www.iemj.org\\\/es\\\/#\\\/schema\\\/logo\\\/image\\\/\",\"url\":\"https:\\\/\\\/www.iemj.org\\\/wp-content\\\/uploads\\\/2021\\\/09\\\/Logo-IEMJ-Paypal.jpg\",\"contentUrl\":\"https:\\\/\\\/www.iemj.org\\\/wp-content\\\/uploads\\\/2021\\\/09\\\/Logo-IEMJ-Paypal.jpg\",\"width\":150,\"height\":50,\"caption\":\"Institut Europ\u00e9en des Musiques Juives\"},\"image\":{\"@id\":\"https:\\\/\\\/www.iemj.org\\\/es\\\/#\\\/schema\\\/logo\\\/image\\\/\"},\"sameAs\":[\"https:\\\/\\\/www.facebook.com\\\/MusiquesJuives\\\/\",\"https:\\\/\\\/www.instagram.com\\\/musiquesjuives\\\/\",\"https:\\\/\\\/www.youtube.com\\\/user\\\/musiquesjuives\"]},{\"@type\":\"Person\",\"@id\":\"https:\\\/\\\/www.iemj.org\\\/es\\\/#\\\/schema\\\/person\\\/906134402c29d5c76e7b726261dd4bbd\",\"name\":\"Herv\u00e9 Roten\",\"image\":{\"@type\":\"ImageObject\",\"inLanguage\":\"es\",\"@id\":\"https:\\\/\\\/secure.gravatar.com\\\/avatar\\\/f96ad2db538a26481f18384936b5cd0610c92d390c4dc382209216d455f685ff?s=96&d=mm&r=g\",\"url\":\"https:\\\/\\\/secure.gravatar.com\\\/avatar\\\/f96ad2db538a26481f18384936b5cd0610c92d390c4dc382209216d455f685ff?s=96&d=mm&r=g\",\"contentUrl\":\"https:\\\/\\\/secure.gravatar.com\\\/avatar\\\/f96ad2db538a26481f18384936b5cd0610c92d390c4dc382209216d455f685ff?s=96&d=mm&r=g\",\"caption\":\"Herv\u00e9 Roten\"}}]}<\/script>\n<!-- \/ Yoast SEO plugin. -->","yoast_head_json":{"title":"Fromental Hal\u00e9vy, melod\u00edas de \u00f3pera y cantos sinagogales - Institut Europ\u00e9en des Musiques Juives","robots":{"index":"index","follow":"follow","max-snippet":"max-snippet:-1","max-image-preview":"max-image-preview:large","max-video-preview":"max-video-preview:-1"},"canonical":"https:\/\/www.iemj.org\/es\/fromental-halevy-airs-dopera-et-chants-synagogaux\/","og_locale":"es_ES","og_type":"article","og_title":"Fromental Hal\u00e9vy, melod\u00edas de \u00f3pera y cantos sinagogales - Institut Europ\u00e9en des Musiques Juives","og_description":"La siguiente lista de reproducci\u00f3n ofrece un extracto de la \u00f3pera La Juive (1835), seguido de varios salmos, como Mizmor lessodo (ps. 100), Adochem Zehonorou (ps. 115), Min hametsar (ps.","og_url":"https:\/\/www.iemj.org\/es\/fromental-halevy-airs-dopera-et-chants-synagogaux\/","og_site_name":"Institut Europ\u00e9en des Musiques Juives","article_publisher":"https:\/\/www.facebook.com\/MusiquesJuives\/","article_published_time":"2021-02-03T14:47:27+00:00","article_modified_time":"2024-02-15T17:07:17+00:00","og_image":[{"width":300,"height":300,"url":"https:\/\/www.iemj.org\/wp-content\/uploads\/2021\/02\/arton5001.jpg","type":"image\/jpeg"}],"author":"Herv\u00e9 Roten","twitter_card":"summary_large_image","twitter_misc":{"Escrito por":"Herv\u00e9 Roten","Tiempo de lectura":"3 minutos"},"schema":{"@context":"https:\/\/schema.org","@graph":[{"@type":"Article","@id":"https:\/\/www.iemj.org\/es\/fromental-halevy-airs-dopera-et-chants-synagogaux\/#article","isPartOf":{"@id":"https:\/\/www.iemj.org\/es\/fromental-halevy-airs-dopera-et-chants-synagogaux\/"},"author":{"name":"Herv\u00e9 Roten","@id":"https:\/\/www.iemj.org\/es\/#\/schema\/person\/906134402c29d5c76e7b726261dd4bbd"},"headline":"Fromental Hal\u00e9vy, melod\u00edas de \u00f3pera y cantos sinagogales","datePublished":"2021-02-03T14:47:27+00:00","dateModified":"2024-02-15T17:07:17+00:00","mainEntityOfPage":{"@id":"https:\/\/www.iemj.org\/es\/fromental-halevy-airs-dopera-et-chants-synagogaux\/"},"wordCount":450,"publisher":{"@id":"https:\/\/www.iemj.org\/es\/#organization"},"image":{"@id":"https:\/\/www.iemj.org\/es\/fromental-halevy-airs-dopera-et-chants-synagogaux\/#primaryimage"},"thumbnailUrl":"https:\/\/www.iemj.org\/wp-content\/uploads\/2021\/02\/arton5001.jpg","articleSection":["Listas de reproducci\u00f3n"],"inLanguage":"es"},{"@type":"WebPage","@id":"https:\/\/www.iemj.org\/es\/fromental-halevy-airs-dopera-et-chants-synagogaux\/","url":"https:\/\/www.iemj.org\/es\/fromental-halevy-airs-dopera-et-chants-synagogaux\/","name":"Fromental Hal\u00e9vy, melod\u00edas de \u00f3pera y cantos sinagogales - Institut Europ\u00e9en des Musiques Juives","isPartOf":{"@id":"https:\/\/www.iemj.org\/es\/#website"},"primaryImageOfPage":{"@id":"https:\/\/www.iemj.org\/es\/fromental-halevy-airs-dopera-et-chants-synagogaux\/#primaryimage"},"image":{"@id":"https:\/\/www.iemj.org\/es\/fromental-halevy-airs-dopera-et-chants-synagogaux\/#primaryimage"},"thumbnailUrl":"https:\/\/www.iemj.org\/wp-content\/uploads\/2021\/02\/arton5001.jpg","datePublished":"2021-02-03T14:47:27+00:00","dateModified":"2024-02-15T17:07:17+00:00","breadcrumb":{"@id":"https:\/\/www.iemj.org\/es\/fromental-halevy-airs-dopera-et-chants-synagogaux\/#breadcrumb"},"inLanguage":"es","potentialAction":[{"@type":"ReadAction","target":["https:\/\/www.iemj.org\/es\/fromental-halevy-airs-dopera-et-chants-synagogaux\/"]}]},{"@type":"ImageObject","inLanguage":"es","@id":"https:\/\/www.iemj.org\/es\/fromental-halevy-airs-dopera-et-chants-synagogaux\/#primaryimage","url":"https:\/\/www.iemj.org\/wp-content\/uploads\/2021\/02\/arton5001.jpg","contentUrl":"https:\/\/www.iemj.org\/wp-content\/uploads\/2021\/02\/arton5001.jpg","width":300,"height":300},{"@type":"BreadcrumbList","@id":"https:\/\/www.iemj.org\/es\/fromental-halevy-airs-dopera-et-chants-synagogaux\/#breadcrumb","itemListElement":[{"@type":"ListItem","position":1,"name":"Accueil","item":"https:\/\/www.iemj.org\/es\/"},{"@type":"ListItem","position":2,"name":"Fromental Hal\u00e9vy, melod\u00edas de \u00f3pera y cantos sinagogales"}]},{"@type":"WebSite","@id":"https:\/\/www.iemj.org\/es\/#website","url":"https:\/\/www.iemj.org\/es\/","name":"Institut Europ\u00e9en des Musiques Juives","description":"Des traditions musicales \u00e0 la port\u00e9e de tous","publisher":{"@id":"https:\/\/www.iemj.org\/es\/#organization"},"potentialAction":[{"@type":"SearchAction","target":{"@type":"EntryPoint","urlTemplate":"https:\/\/www.iemj.org\/es\/?s={search_term_string}"},"query-input":{"@type":"PropertyValueSpecification","valueRequired":true,"valueName":"search_term_string"}}],"inLanguage":"es"},{"@type":"Organization","@id":"https:\/\/www.iemj.org\/es\/#organization","name":"Institut Europ\u00e9en des Musiques Juives","url":"https:\/\/www.iemj.org\/es\/","logo":{"@type":"ImageObject","inLanguage":"es","@id":"https:\/\/www.iemj.org\/es\/#\/schema\/logo\/image\/","url":"https:\/\/www.iemj.org\/wp-content\/uploads\/2021\/09\/Logo-IEMJ-Paypal.jpg","contentUrl":"https:\/\/www.iemj.org\/wp-content\/uploads\/2021\/09\/Logo-IEMJ-Paypal.jpg","width":150,"height":50,"caption":"Institut Europ\u00e9en des Musiques Juives"},"image":{"@id":"https:\/\/www.iemj.org\/es\/#\/schema\/logo\/image\/"},"sameAs":["https:\/\/www.facebook.com\/MusiquesJuives\/","https:\/\/www.instagram.com\/musiquesjuives\/","https:\/\/www.youtube.com\/user\/musiquesjuives"]},{"@type":"Person","@id":"https:\/\/www.iemj.org\/es\/#\/schema\/person\/906134402c29d5c76e7b726261dd4bbd","name":"Herv\u00e9 Roten","image":{"@type":"ImageObject","inLanguage":"es","@id":"https:\/\/secure.gravatar.com\/avatar\/f96ad2db538a26481f18384936b5cd0610c92d390c4dc382209216d455f685ff?s=96&d=mm&r=g","url":"https:\/\/secure.gravatar.com\/avatar\/f96ad2db538a26481f18384936b5cd0610c92d390c4dc382209216d455f685ff?s=96&d=mm&r=g","contentUrl":"https:\/\/secure.gravatar.com\/avatar\/f96ad2db538a26481f18384936b5cd0610c92d390c4dc382209216d455f685ff?s=96&d=mm&r=g","caption":"Herv\u00e9 Roten"}}]}},"_links":{"self":[{"href":"https:\/\/www.iemj.org\/es\/wp-json\/wp\/v2\/posts\/71700","targetHints":{"allow":["GET"]}}],"collection":[{"href":"https:\/\/www.iemj.org\/es\/wp-json\/wp\/v2\/posts"}],"about":[{"href":"https:\/\/www.iemj.org\/es\/wp-json\/wp\/v2\/types\/post"}],"author":[{"embeddable":true,"href":"https:\/\/www.iemj.org\/es\/wp-json\/wp\/v2\/users\/1045"}],"replies":[{"embeddable":true,"href":"https:\/\/www.iemj.org\/es\/wp-json\/wp\/v2\/comments?post=71700"}],"version-history":[{"count":0,"href":"https:\/\/www.iemj.org\/es\/wp-json\/wp\/v2\/posts\/71700\/revisions"}],"wp:featuredmedia":[{"embeddable":true,"href":"https:\/\/www.iemj.org\/es\/wp-json\/wp\/v2\/media\/71701"}],"wp:attachment":[{"href":"https:\/\/www.iemj.org\/es\/wp-json\/wp\/v2\/media?parent=71700"}],"wp:term":[{"taxonomy":"category","embeddable":true,"href":"https:\/\/www.iemj.org\/es\/wp-json\/wp\/v2\/categories?post=71700"},{"taxonomy":"post_tag","embeddable":true,"href":"https:\/\/www.iemj.org\/es\/wp-json\/wp\/v2\/tags?post=71700"},{"taxonomy":"technique","embeddable":true,"href":"https:\/\/www.iemj.org\/es\/wp-json\/wp\/v2\/technique?post=71700"},{"taxonomy":"squelettes","embeddable":true,"href":"https:\/\/www.iemj.org\/es\/wp-json\/wp\/v2\/squelettes?post=71700"},{"taxonomy":"sujet","embeddable":true,"href":"https:\/\/www.iemj.org\/es\/wp-json\/wp\/v2\/sujet?post=71700"},{"taxonomy":"formation","embeddable":true,"href":"https:\/\/www.iemj.org\/es\/wp-json\/wp\/v2\/formation?post=71700"},{"taxonomy":"genre","embeddable":true,"href":"https:\/\/www.iemj.org\/es\/wp-json\/wp\/v2\/genre?post=71700"},{"taxonomy":"fonds","embeddable":true,"href":"https:\/\/www.iemj.org\/es\/wp-json\/wp\/v2\/fonds?post=71700"},{"taxonomy":"tradition","embeddable":true,"href":"https:\/\/www.iemj.org\/es\/wp-json\/wp\/v2\/tradition?post=71700"},{"taxonomy":"type-de-contenu","embeddable":true,"href":"https:\/\/www.iemj.org\/es\/wp-json\/wp\/v2\/type-de-contenu?post=71700"},{"taxonomy":"interprete-compositeur","embeddable":true,"href":"https:\/\/www.iemj.org\/es\/wp-json\/wp\/v2\/interprete-compositeur?post=71700"},{"taxonomy":"frise","embeddable":true,"href":"https:\/\/www.iemj.org\/es\/wp-json\/wp\/v2\/frise?post=71700"},{"taxonomy":"type-devenement","embeddable":true,"href":"https:\/\/www.iemj.org\/es\/wp-json\/wp\/v2\/type-devenement?post=71700"},{"taxonomy":"tableaux-liens-externes","embeddable":true,"href":"https:\/\/www.iemj.org\/es\/wp-json\/wp\/v2\/tableaux-liens-externes?post=71700"}],"curies":[{"name":"wp","href":"https:\/\/api.w.org\/{rel}","templated":true}]}}