{"id":71794,"date":"2020-06-17T15:07:35","date_gmt":"2020-06-17T13:07:35","guid":{"rendered":"https:\/\/www.iemj.org\/fete-de-la-musique-version-orientale\/"},"modified":"2025-08-19T17:39:21","modified_gmt":"2025-08-19T15:39:21","slug":"fete-de-la-musique-version-orientale","status":"publish","type":"post","link":"https:\/\/www.iemj.org\/es\/fete-de-la-musique-version-orientale\/","title":{"rendered":"Fiesta de la m\u00fasica&#8230; \u00a1versi\u00f3n oriental!"},"content":{"rendered":"<p id=\"tw-target-text\" class=\"tw-data-text tw-text-large tw-ta\" dir=\"ltr\" data-placeholder=\"Traduction\"><strong><span class=\"Y2IQFc\" lang=\"es\">\u00a1El 21 de junio celebramos la m\u00fasica! Descubra nuestra selecci\u00f3n de canciones orientales festivas y bailables del norte de \u00c1frica y Oriente Medio<\/span><\/strong><\/p>\n<p><!--more--><\/p>\n<p>La Fiesta de la m\u00fasica, precursora de los bonitos d\u00edas de verano, nos invita naturalmente al baile y al canto.<\/p>\n<p>Ven a bailar y cantar al ritmo de una lista de reproducci\u00f3n de las m\u00e1s bellas baladas musicales orientales.<\/p>\n<p><em>Marhaba lamoussika <\/em>(Bienvenida a la m\u00fasica)<\/p>\n\n<div class=\"wp-block-image\">\n<figure class=\"aligncenter size-large\"><img fetchpriority=\"high\" decoding=\"async\" width=\"1024\" height=\"133\" src=\"https:\/\/www.iemj.org\/wp-content\/uploads\/2024\/03\/AUDIO-PLAYER-1024x133.png\" alt=\"\" class=\"wp-image-110610\" srcset=\"https:\/\/www.iemj.org\/wp-content\/uploads\/2024\/03\/AUDIO-PLAYER-1024x133.png 1024w, https:\/\/www.iemj.org\/wp-content\/uploads\/2024\/03\/AUDIO-PLAYER-300x39.png 300w, https:\/\/www.iemj.org\/wp-content\/uploads\/2024\/03\/AUDIO-PLAYER-768x100.png 768w, https:\/\/www.iemj.org\/wp-content\/uploads\/2024\/03\/AUDIO-PLAYER-600x78.png 600w, https:\/\/www.iemj.org\/wp-content\/uploads\/2024\/03\/AUDIO-PLAYER.png 1210w\" sizes=\"(max-width: 1024px) 100vw, 1024px\" \/><\/figure>\n<\/div>\n\n\n<div class=\"wp-block-file\"><a id=\"wp-block-file--media-8619f17d-774c-48d1-a159-733bd1f7c976\" href=\"https:\/\/www.iemj.org\/wp-content\/uploads\/2020\/06\/01_les_reines_de_saba_dorbia-tourne-autour-de-moi.mp3\">Dorbia tourne autour de moi &#8211; Les Reines De Saba<\/a><\/div>\n\n\n\n<div class=\"wp-block-file\"><a id=\"wp-block-file--media-3b7b9167-cbf3-4752-923c-2ed68c55ba75\" href=\"https:\/\/www.iemj.org\/wp-content\/uploads\/2020\/06\/02_ishtar_-_yalla_bina_yalla.mp3\">Yalla bina yalla &#8211; Ishtar<\/a><\/div>\n\n\n\n<div class=\"wp-block-file\"><a id=\"wp-block-file--media-4f15c105-5905-4aac-88f6-108262669ade\" href=\"https:\/\/www.iemj.org\/wp-content\/uploads\/2020\/06\/03_cheb-rayan_dana-dana.mp3\">Dana dana &#8211; Cheb Rayan<\/a><\/div>\n\n\n\n<div class=\"wp-block-file\"><a id=\"wp-block-file--media-346d22c9-4ec3-44de-a028-551b8b2a1007\" href=\"https:\/\/www.iemj.org\/wp-content\/uploads\/2020\/06\/04_rachid_taha_ya_rayah.mp3\">Ya rayah &#8211; Rachid Taha<\/a><\/div>\n\n\n\n<div class=\"wp-block-file\"><a id=\"wp-block-file--media-615f9d3a-6e18-40eb-a09c-5c79ba5ec9bc\" href=\"https:\/\/www.iemj.org\/wp-content\/uploads\/2020\/06\/05_groupe_aiwa_habib-galbi.mp3\">Habib galbi &#8211; Groupe Aiwa<\/a><\/div>\n\n\n\n<div class=\"wp-block-file\"><a id=\"wp-block-file--media-c443ea51-6456-4810-9822-798ea32f0fae\" href=\"https:\/\/www.iemj.org\/wp-content\/uploads\/2020\/06\/06_amr-diab_nour-el-ein.mp3\">Nour el ein &#8211; Amr Diab<\/a><\/div>\n\n\n\n<div class=\"wp-block-file\"><a id=\"wp-block-file--media-a2949fd4-c22a-4752-85f5-fbf07997c69e\" href=\"https:\/\/www.iemj.org\/wp-content\/uploads\/2020\/06\/07_warda_batwanis-beek.mp3\">Batwanis beek &#8211; Warda<\/a><\/div>\n\n\n\n<div class=\"wp-block-file\"><a id=\"wp-block-file--media-556690a1-2184-4e2b-a817-388751536fa5\" href=\"https:\/\/www.iemj.org\/wp-content\/uploads\/2020\/06\/08_nasreen_qadri_ziv_yehezkel_sawah.mp3\">Sawah &#8211; Nasreen Qadri et Ziv Yehezkel<\/a><\/div>\n\n\n\n<div class=\"wp-block-file\"><a id=\"wp-block-file--media-c24afb01-d971-47c5-8cd3-386c7d7c71b5\" href=\"https:\/\/www.iemj.org\/wp-content\/uploads\/2020\/06\/09_amal-maher_alf-leila-wa-leila.mp3\">Alf leila wa leila &#8211; Amal Maher <\/a><\/div>\n\n\n\n<div class=\"wp-block-file\"><a id=\"wp-block-file--media-67a40194-5292-4ed4-a3d3-366b15345aa8\" href=\"https:\/\/www.iemj.org\/wp-content\/uploads\/2020\/06\/10_ghalia-benali-feat-tom-cohen_lamouni-li-gharou-menni.mp3\">Lamouni li gharou menni &#8211; Ghalia Benali et Tom Cohen<\/a><\/div>\n","protected":false},"excerpt":{"rendered":"<p>\u00a1El 21 de junio celebramos la m\u00fasica! Descubra nuestra selecci\u00f3n de canciones orientales festivas y bailables del norte de \u00c1frica y Oriente Medio<\/p>\n","protected":false},"author":1927,"featured_media":71795,"comment_status":"closed","ping_status":"closed","sticky":false,"template":"","format":"standard","meta":{"_acf_changed":false,"footnotes":""},"categories":[1535],"tags":[],"technique":[],"squelettes":[],"sujet":[],"formation":[],"genre":[],"fonds":[],"tradition":[],"type-de-contenu":[],"interprete-compositeur":[],"frise":[],"type-devenement":[],"tableaux-liens-externes":[],"class_list":["post-71794","post","type-post","status-publish","format-standard","has-post-thumbnail","hentry","category-listas-de-reproduccion-es"],"acf":[],"yoast_head":"<!-- This site is optimized with the Yoast SEO plugin v27.3 - https:\/\/yoast.com\/product\/yoast-seo-wordpress\/ -->\n<title>Fiesta de la m\u00fasica... \u00a1versi\u00f3n oriental! - Institut Europ\u00e9en des Musiques Juives<\/title>\n<meta name=\"robots\" content=\"index, follow, max-snippet:-1, max-image-preview:large, max-video-preview:-1\" \/>\n<link rel=\"canonical\" href=\"https:\/\/www.iemj.org\/es\/fete-de-la-musique-version-orientale\/\" \/>\n<meta property=\"og:locale\" content=\"es_ES\" \/>\n<meta property=\"og:type\" content=\"article\" \/>\n<meta property=\"og:title\" content=\"Fiesta de la m\u00fasica... \u00a1versi\u00f3n oriental! - Institut Europ\u00e9en des Musiques Juives\" \/>\n<meta property=\"og:description\" content=\"\u00a1El 21 de junio celebramos la m\u00fasica! Descubra nuestra selecci\u00f3n de canciones orientales festivas y bailables del norte de \u00c1frica y Oriente Medio\" \/>\n<meta property=\"og:url\" content=\"https:\/\/www.iemj.org\/es\/fete-de-la-musique-version-orientale\/\" \/>\n<meta property=\"og:site_name\" content=\"Institut Europ\u00e9en des Musiques Juives\" \/>\n<meta property=\"article:publisher\" content=\"https:\/\/www.facebook.com\/MusiquesJuives\/\" \/>\n<meta property=\"article:published_time\" content=\"2020-06-17T13:07:35+00:00\" \/>\n<meta property=\"article:modified_time\" content=\"2025-08-19T15:39:21+00:00\" \/>\n<meta property=\"og:image\" content=\"https:\/\/www.iemj.org\/wp-content\/uploads\/2020\/06\/arton4777-e1618500830927.jpg\" \/>\n\t<meta property=\"og:image:width\" content=\"350\" \/>\n\t<meta property=\"og:image:height\" content=\"432\" \/>\n\t<meta property=\"og:image:type\" content=\"image\/jpeg\" \/>\n<meta name=\"author\" content=\"Avner Azoulay\" \/>\n<meta name=\"twitter:card\" content=\"summary_large_image\" \/>\n<meta name=\"twitter:label1\" content=\"Escrito por\" \/>\n\t<meta name=\"twitter:data1\" content=\"Avner Azoulay\" \/>\n\t<meta name=\"twitter:label2\" content=\"Tiempo de lectura\" \/>\n\t<meta name=\"twitter:data2\" content=\"2 minutos\" \/>\n<script type=\"application\/ld+json\" class=\"yoast-schema-graph\">{\"@context\":\"https:\\\/\\\/schema.org\",\"@graph\":[{\"@type\":\"Article\",\"@id\":\"https:\\\/\\\/www.iemj.org\\\/es\\\/fete-de-la-musique-version-orientale\\\/#article\",\"isPartOf\":{\"@id\":\"https:\\\/\\\/www.iemj.org\\\/es\\\/fete-de-la-musique-version-orientale\\\/\"},\"author\":{\"name\":\"Avner Azoulay\",\"@id\":\"https:\\\/\\\/www.iemj.org\\\/es\\\/#\\\/schema\\\/person\\\/a58cd365d504c8b7ff85749e8bdb460f\"},\"headline\":\"Fiesta de la m\u00fasica&#8230; \u00a1versi\u00f3n oriental!\",\"datePublished\":\"2020-06-17T13:07:35+00:00\",\"dateModified\":\"2025-08-19T15:39:21+00:00\",\"mainEntityOfPage\":{\"@id\":\"https:\\\/\\\/www.iemj.org\\\/es\\\/fete-de-la-musique-version-orientale\\\/\"},\"wordCount\":146,\"publisher\":{\"@id\":\"https:\\\/\\\/www.iemj.org\\\/es\\\/#organization\"},\"image\":{\"@id\":\"https:\\\/\\\/www.iemj.org\\\/es\\\/fete-de-la-musique-version-orientale\\\/#primaryimage\"},\"thumbnailUrl\":\"https:\\\/\\\/www.iemj.org\\\/wp-content\\\/uploads\\\/2020\\\/06\\\/arton4777-e1618500830927.jpg\",\"articleSection\":[\"Listas de reproducci\u00f3n\"],\"inLanguage\":\"es\"},{\"@type\":\"WebPage\",\"@id\":\"https:\\\/\\\/www.iemj.org\\\/es\\\/fete-de-la-musique-version-orientale\\\/\",\"url\":\"https:\\\/\\\/www.iemj.org\\\/es\\\/fete-de-la-musique-version-orientale\\\/\",\"name\":\"Fiesta de la m\u00fasica... \u00a1versi\u00f3n oriental! - Institut Europ\u00e9en des Musiques Juives\",\"isPartOf\":{\"@id\":\"https:\\\/\\\/www.iemj.org\\\/es\\\/#website\"},\"primaryImageOfPage\":{\"@id\":\"https:\\\/\\\/www.iemj.org\\\/es\\\/fete-de-la-musique-version-orientale\\\/#primaryimage\"},\"image\":{\"@id\":\"https:\\\/\\\/www.iemj.org\\\/es\\\/fete-de-la-musique-version-orientale\\\/#primaryimage\"},\"thumbnailUrl\":\"https:\\\/\\\/www.iemj.org\\\/wp-content\\\/uploads\\\/2020\\\/06\\\/arton4777-e1618500830927.jpg\",\"datePublished\":\"2020-06-17T13:07:35+00:00\",\"dateModified\":\"2025-08-19T15:39:21+00:00\",\"breadcrumb\":{\"@id\":\"https:\\\/\\\/www.iemj.org\\\/es\\\/fete-de-la-musique-version-orientale\\\/#breadcrumb\"},\"inLanguage\":\"es\",\"potentialAction\":[{\"@type\":\"ReadAction\",\"target\":[\"https:\\\/\\\/www.iemj.org\\\/es\\\/fete-de-la-musique-version-orientale\\\/\"]}]},{\"@type\":\"ImageObject\",\"inLanguage\":\"es\",\"@id\":\"https:\\\/\\\/www.iemj.org\\\/es\\\/fete-de-la-musique-version-orientale\\\/#primaryimage\",\"url\":\"https:\\\/\\\/www.iemj.org\\\/wp-content\\\/uploads\\\/2020\\\/06\\\/arton4777-e1618500830927.jpg\",\"contentUrl\":\"https:\\\/\\\/www.iemj.org\\\/wp-content\\\/uploads\\\/2020\\\/06\\\/arton4777-e1618500830927.jpg\",\"width\":350,\"height\":432},{\"@type\":\"BreadcrumbList\",\"@id\":\"https:\\\/\\\/www.iemj.org\\\/es\\\/fete-de-la-musique-version-orientale\\\/#breadcrumb\",\"itemListElement\":[{\"@type\":\"ListItem\",\"position\":1,\"name\":\"Accueil\",\"item\":\"https:\\\/\\\/www.iemj.org\\\/es\\\/\"},{\"@type\":\"ListItem\",\"position\":2,\"name\":\"Fiesta de la m\u00fasica&#8230; \u00a1versi\u00f3n oriental!\"}]},{\"@type\":\"WebSite\",\"@id\":\"https:\\\/\\\/www.iemj.org\\\/es\\\/#website\",\"url\":\"https:\\\/\\\/www.iemj.org\\\/es\\\/\",\"name\":\"Institut Europ\u00e9en des Musiques Juives\",\"description\":\"Des traditions musicales \u00e0 la port\u00e9e de tous\",\"publisher\":{\"@id\":\"https:\\\/\\\/www.iemj.org\\\/es\\\/#organization\"},\"potentialAction\":[{\"@type\":\"SearchAction\",\"target\":{\"@type\":\"EntryPoint\",\"urlTemplate\":\"https:\\\/\\\/www.iemj.org\\\/es\\\/?s={search_term_string}\"},\"query-input\":{\"@type\":\"PropertyValueSpecification\",\"valueRequired\":true,\"valueName\":\"search_term_string\"}}],\"inLanguage\":\"es\"},{\"@type\":\"Organization\",\"@id\":\"https:\\\/\\\/www.iemj.org\\\/es\\\/#organization\",\"name\":\"Institut Europ\u00e9en des Musiques Juives\",\"url\":\"https:\\\/\\\/www.iemj.org\\\/es\\\/\",\"logo\":{\"@type\":\"ImageObject\",\"inLanguage\":\"es\",\"@id\":\"https:\\\/\\\/www.iemj.org\\\/es\\\/#\\\/schema\\\/logo\\\/image\\\/\",\"url\":\"https:\\\/\\\/www.iemj.org\\\/wp-content\\\/uploads\\\/2021\\\/09\\\/Logo-IEMJ-Paypal.jpg\",\"contentUrl\":\"https:\\\/\\\/www.iemj.org\\\/wp-content\\\/uploads\\\/2021\\\/09\\\/Logo-IEMJ-Paypal.jpg\",\"width\":150,\"height\":50,\"caption\":\"Institut Europ\u00e9en des Musiques Juives\"},\"image\":{\"@id\":\"https:\\\/\\\/www.iemj.org\\\/es\\\/#\\\/schema\\\/logo\\\/image\\\/\"},\"sameAs\":[\"https:\\\/\\\/www.facebook.com\\\/MusiquesJuives\\\/\",\"https:\\\/\\\/www.instagram.com\\\/musiquesjuives\\\/\",\"https:\\\/\\\/www.youtube.com\\\/user\\\/musiquesjuives\"]},{\"@type\":\"Person\",\"@id\":\"https:\\\/\\\/www.iemj.org\\\/es\\\/#\\\/schema\\\/person\\\/a58cd365d504c8b7ff85749e8bdb460f\",\"name\":\"Avner Azoulay\",\"image\":{\"@type\":\"ImageObject\",\"inLanguage\":\"es\",\"@id\":\"https:\\\/\\\/secure.gravatar.com\\\/avatar\\\/7bb6a05b44696c1b7a4f1f8b5ed8c02b0bdeb6f98aa51e671f0957030fafc587?s=96&d=mm&r=g\",\"url\":\"https:\\\/\\\/secure.gravatar.com\\\/avatar\\\/7bb6a05b44696c1b7a4f1f8b5ed8c02b0bdeb6f98aa51e671f0957030fafc587?s=96&d=mm&r=g\",\"contentUrl\":\"https:\\\/\\\/secure.gravatar.com\\\/avatar\\\/7bb6a05b44696c1b7a4f1f8b5ed8c02b0bdeb6f98aa51e671f0957030fafc587?s=96&d=mm&r=g\",\"caption\":\"Avner Azoulay\"}}]}<\/script>\n<!-- \/ Yoast SEO plugin. -->","yoast_head_json":{"title":"Fiesta de la m\u00fasica... \u00a1versi\u00f3n oriental! - Institut Europ\u00e9en des Musiques Juives","robots":{"index":"index","follow":"follow","max-snippet":"max-snippet:-1","max-image-preview":"max-image-preview:large","max-video-preview":"max-video-preview:-1"},"canonical":"https:\/\/www.iemj.org\/es\/fete-de-la-musique-version-orientale\/","og_locale":"es_ES","og_type":"article","og_title":"Fiesta de la m\u00fasica... \u00a1versi\u00f3n oriental! - Institut Europ\u00e9en des Musiques Juives","og_description":"\u00a1El 21 de junio celebramos la m\u00fasica! Descubra nuestra selecci\u00f3n de canciones orientales festivas y bailables del norte de \u00c1frica y Oriente Medio","og_url":"https:\/\/www.iemj.org\/es\/fete-de-la-musique-version-orientale\/","og_site_name":"Institut Europ\u00e9en des Musiques Juives","article_publisher":"https:\/\/www.facebook.com\/MusiquesJuives\/","article_published_time":"2020-06-17T13:07:35+00:00","article_modified_time":"2025-08-19T15:39:21+00:00","og_image":[{"width":350,"height":432,"url":"https:\/\/www.iemj.org\/wp-content\/uploads\/2020\/06\/arton4777-e1618500830927.jpg","type":"image\/jpeg"}],"author":"Avner Azoulay","twitter_card":"summary_large_image","twitter_misc":{"Escrito por":"Avner Azoulay","Tiempo de lectura":"2 minutos"},"schema":{"@context":"https:\/\/schema.org","@graph":[{"@type":"Article","@id":"https:\/\/www.iemj.org\/es\/fete-de-la-musique-version-orientale\/#article","isPartOf":{"@id":"https:\/\/www.iemj.org\/es\/fete-de-la-musique-version-orientale\/"},"author":{"name":"Avner Azoulay","@id":"https:\/\/www.iemj.org\/es\/#\/schema\/person\/a58cd365d504c8b7ff85749e8bdb460f"},"headline":"Fiesta de la m\u00fasica&#8230; \u00a1versi\u00f3n oriental!","datePublished":"2020-06-17T13:07:35+00:00","dateModified":"2025-08-19T15:39:21+00:00","mainEntityOfPage":{"@id":"https:\/\/www.iemj.org\/es\/fete-de-la-musique-version-orientale\/"},"wordCount":146,"publisher":{"@id":"https:\/\/www.iemj.org\/es\/#organization"},"image":{"@id":"https:\/\/www.iemj.org\/es\/fete-de-la-musique-version-orientale\/#primaryimage"},"thumbnailUrl":"https:\/\/www.iemj.org\/wp-content\/uploads\/2020\/06\/arton4777-e1618500830927.jpg","articleSection":["Listas de reproducci\u00f3n"],"inLanguage":"es"},{"@type":"WebPage","@id":"https:\/\/www.iemj.org\/es\/fete-de-la-musique-version-orientale\/","url":"https:\/\/www.iemj.org\/es\/fete-de-la-musique-version-orientale\/","name":"Fiesta de la m\u00fasica... \u00a1versi\u00f3n oriental! - Institut Europ\u00e9en des Musiques Juives","isPartOf":{"@id":"https:\/\/www.iemj.org\/es\/#website"},"primaryImageOfPage":{"@id":"https:\/\/www.iemj.org\/es\/fete-de-la-musique-version-orientale\/#primaryimage"},"image":{"@id":"https:\/\/www.iemj.org\/es\/fete-de-la-musique-version-orientale\/#primaryimage"},"thumbnailUrl":"https:\/\/www.iemj.org\/wp-content\/uploads\/2020\/06\/arton4777-e1618500830927.jpg","datePublished":"2020-06-17T13:07:35+00:00","dateModified":"2025-08-19T15:39:21+00:00","breadcrumb":{"@id":"https:\/\/www.iemj.org\/es\/fete-de-la-musique-version-orientale\/#breadcrumb"},"inLanguage":"es","potentialAction":[{"@type":"ReadAction","target":["https:\/\/www.iemj.org\/es\/fete-de-la-musique-version-orientale\/"]}]},{"@type":"ImageObject","inLanguage":"es","@id":"https:\/\/www.iemj.org\/es\/fete-de-la-musique-version-orientale\/#primaryimage","url":"https:\/\/www.iemj.org\/wp-content\/uploads\/2020\/06\/arton4777-e1618500830927.jpg","contentUrl":"https:\/\/www.iemj.org\/wp-content\/uploads\/2020\/06\/arton4777-e1618500830927.jpg","width":350,"height":432},{"@type":"BreadcrumbList","@id":"https:\/\/www.iemj.org\/es\/fete-de-la-musique-version-orientale\/#breadcrumb","itemListElement":[{"@type":"ListItem","position":1,"name":"Accueil","item":"https:\/\/www.iemj.org\/es\/"},{"@type":"ListItem","position":2,"name":"Fiesta de la m\u00fasica&#8230; \u00a1versi\u00f3n oriental!"}]},{"@type":"WebSite","@id":"https:\/\/www.iemj.org\/es\/#website","url":"https:\/\/www.iemj.org\/es\/","name":"Institut Europ\u00e9en des Musiques Juives","description":"Des traditions musicales \u00e0 la port\u00e9e de tous","publisher":{"@id":"https:\/\/www.iemj.org\/es\/#organization"},"potentialAction":[{"@type":"SearchAction","target":{"@type":"EntryPoint","urlTemplate":"https:\/\/www.iemj.org\/es\/?s={search_term_string}"},"query-input":{"@type":"PropertyValueSpecification","valueRequired":true,"valueName":"search_term_string"}}],"inLanguage":"es"},{"@type":"Organization","@id":"https:\/\/www.iemj.org\/es\/#organization","name":"Institut Europ\u00e9en des Musiques Juives","url":"https:\/\/www.iemj.org\/es\/","logo":{"@type":"ImageObject","inLanguage":"es","@id":"https:\/\/www.iemj.org\/es\/#\/schema\/logo\/image\/","url":"https:\/\/www.iemj.org\/wp-content\/uploads\/2021\/09\/Logo-IEMJ-Paypal.jpg","contentUrl":"https:\/\/www.iemj.org\/wp-content\/uploads\/2021\/09\/Logo-IEMJ-Paypal.jpg","width":150,"height":50,"caption":"Institut Europ\u00e9en des Musiques Juives"},"image":{"@id":"https:\/\/www.iemj.org\/es\/#\/schema\/logo\/image\/"},"sameAs":["https:\/\/www.facebook.com\/MusiquesJuives\/","https:\/\/www.instagram.com\/musiquesjuives\/","https:\/\/www.youtube.com\/user\/musiquesjuives"]},{"@type":"Person","@id":"https:\/\/www.iemj.org\/es\/#\/schema\/person\/a58cd365d504c8b7ff85749e8bdb460f","name":"Avner Azoulay","image":{"@type":"ImageObject","inLanguage":"es","@id":"https:\/\/secure.gravatar.com\/avatar\/7bb6a05b44696c1b7a4f1f8b5ed8c02b0bdeb6f98aa51e671f0957030fafc587?s=96&d=mm&r=g","url":"https:\/\/secure.gravatar.com\/avatar\/7bb6a05b44696c1b7a4f1f8b5ed8c02b0bdeb6f98aa51e671f0957030fafc587?s=96&d=mm&r=g","contentUrl":"https:\/\/secure.gravatar.com\/avatar\/7bb6a05b44696c1b7a4f1f8b5ed8c02b0bdeb6f98aa51e671f0957030fafc587?s=96&d=mm&r=g","caption":"Avner Azoulay"}}]}},"_links":{"self":[{"href":"https:\/\/www.iemj.org\/es\/wp-json\/wp\/v2\/posts\/71794","targetHints":{"allow":["GET"]}}],"collection":[{"href":"https:\/\/www.iemj.org\/es\/wp-json\/wp\/v2\/posts"}],"about":[{"href":"https:\/\/www.iemj.org\/es\/wp-json\/wp\/v2\/types\/post"}],"author":[{"embeddable":true,"href":"https:\/\/www.iemj.org\/es\/wp-json\/wp\/v2\/users\/1927"}],"replies":[{"embeddable":true,"href":"https:\/\/www.iemj.org\/es\/wp-json\/wp\/v2\/comments?post=71794"}],"version-history":[{"count":0,"href":"https:\/\/www.iemj.org\/es\/wp-json\/wp\/v2\/posts\/71794\/revisions"}],"wp:featuredmedia":[{"embeddable":true,"href":"https:\/\/www.iemj.org\/es\/wp-json\/wp\/v2\/media\/71795"}],"wp:attachment":[{"href":"https:\/\/www.iemj.org\/es\/wp-json\/wp\/v2\/media?parent=71794"}],"wp:term":[{"taxonomy":"category","embeddable":true,"href":"https:\/\/www.iemj.org\/es\/wp-json\/wp\/v2\/categories?post=71794"},{"taxonomy":"post_tag","embeddable":true,"href":"https:\/\/www.iemj.org\/es\/wp-json\/wp\/v2\/tags?post=71794"},{"taxonomy":"technique","embeddable":true,"href":"https:\/\/www.iemj.org\/es\/wp-json\/wp\/v2\/technique?post=71794"},{"taxonomy":"squelettes","embeddable":true,"href":"https:\/\/www.iemj.org\/es\/wp-json\/wp\/v2\/squelettes?post=71794"},{"taxonomy":"sujet","embeddable":true,"href":"https:\/\/www.iemj.org\/es\/wp-json\/wp\/v2\/sujet?post=71794"},{"taxonomy":"formation","embeddable":true,"href":"https:\/\/www.iemj.org\/es\/wp-json\/wp\/v2\/formation?post=71794"},{"taxonomy":"genre","embeddable":true,"href":"https:\/\/www.iemj.org\/es\/wp-json\/wp\/v2\/genre?post=71794"},{"taxonomy":"fonds","embeddable":true,"href":"https:\/\/www.iemj.org\/es\/wp-json\/wp\/v2\/fonds?post=71794"},{"taxonomy":"tradition","embeddable":true,"href":"https:\/\/www.iemj.org\/es\/wp-json\/wp\/v2\/tradition?post=71794"},{"taxonomy":"type-de-contenu","embeddable":true,"href":"https:\/\/www.iemj.org\/es\/wp-json\/wp\/v2\/type-de-contenu?post=71794"},{"taxonomy":"interprete-compositeur","embeddable":true,"href":"https:\/\/www.iemj.org\/es\/wp-json\/wp\/v2\/interprete-compositeur?post=71794"},{"taxonomy":"frise","embeddable":true,"href":"https:\/\/www.iemj.org\/es\/wp-json\/wp\/v2\/frise?post=71794"},{"taxonomy":"type-devenement","embeddable":true,"href":"https:\/\/www.iemj.org\/es\/wp-json\/wp\/v2\/type-devenement?post=71794"},{"taxonomy":"tableaux-liens-externes","embeddable":true,"href":"https:\/\/www.iemj.org\/es\/wp-json\/wp\/v2\/tableaux-liens-externes?post=71794"}],"curies":[{"name":"wp","href":"https:\/\/api.w.org\/{rel}","templated":true}]}}