{"id":71910,"date":"2020-06-16T15:34:33","date_gmt":"2020-06-16T13:34:33","guid":{"rendered":"https:\/\/www.iemj.org\/fete-de-la-musique-version-ashkenaze\/"},"modified":"2025-08-19T17:17:43","modified_gmt":"2025-08-19T15:17:43","slug":"fete-de-la-musique-version-ashkenaze","status":"publish","type":"post","link":"https:\/\/www.iemj.org\/es\/fete-de-la-musique-version-ashkenaze\/","title":{"rendered":"Fiesta de la m\u00fasica&#8230; \u00a1versi\u00f3n asquenaz\u00ed!"},"content":{"rendered":"<div id=\"tw-target-text-container\" class=\"tw-ta-container F0azHf tw-nfl\" tabindex=\"0\">\n<p id=\"tw-target-text\" class=\"tw-data-text tw-text-large tw-ta\" dir=\"ltr\" data-placeholder=\"Traduction\"><strong><span class=\"Y2IQFc\" lang=\"es\">\u00a1El 21 de junio celebramos la m\u00fasica! Descubre nuestra selecci\u00f3n de m\u00fasica klezmer y canciones en idish, que te har\u00e1n bailar y saltar por todas partes, \u00a1y dar la bienvenida a la dulzura del verano con alegr\u00eda!<\/span><\/strong><\/p>\n<\/div>\n<p><!--more--><\/p>\n<p>El verano llega, y con el, \u00a1las ganas de mover y bailar sobre m\u00fasicas festivas! Este 21 de junio, \u00a1celebramos la fiesta de la m\u00fasica! Entonces, si siente <em>shpilk\u00e8s<\/em> en los <em>tukh\u00e8s<\/em>, y que quer\u00e9is <em>tantsn <\/em>sobre m\u00fasica <em>l\u00e8b\u00e8dik<\/em>, \u00a1disfruta de esta lista de reproducci\u00f3n de m\u00fasica klezmer y de canciones yiddish!<\/p>\n\n<div class=\"wp-block-image\">\n<figure class=\"aligncenter size-large\"><img fetchpriority=\"high\" decoding=\"async\" width=\"1024\" height=\"133\" src=\"https:\/\/www.iemj.org\/wp-content\/uploads\/2024\/03\/AUDIO-PLAYER-1024x133.png\" alt=\"\" class=\"wp-image-110610\" srcset=\"https:\/\/www.iemj.org\/wp-content\/uploads\/2024\/03\/AUDIO-PLAYER-1024x133.png 1024w, https:\/\/www.iemj.org\/wp-content\/uploads\/2024\/03\/AUDIO-PLAYER-300x39.png 300w, https:\/\/www.iemj.org\/wp-content\/uploads\/2024\/03\/AUDIO-PLAYER-768x100.png 768w, https:\/\/www.iemj.org\/wp-content\/uploads\/2024\/03\/AUDIO-PLAYER-600x78.png 600w, https:\/\/www.iemj.org\/wp-content\/uploads\/2024\/03\/AUDIO-PLAYER.png 1210w\" sizes=\"(max-width: 1024px) 100vw, 1024px\" \/><\/figure>\n<\/div>\n\n\n<div class=\"wp-block-file\"><a id=\"wp-block-file--media-e2d65839-fad1-4852-bd46-4a8a8400a086\" href=\"https:\/\/www.iemj.org\/wp-content\/uploads\/2020\/06\/d33-30_514_07.mp3\">Freilechs &#8211; Giora Feidman<\/a><\/div>\n\n\n\n<div class=\"wp-block-file\"><a id=\"wp-block-file--media-b0380f3b-2d12-40b4-b1b6-a4cd5102b54d\" href=\"https:\/\/www.iemj.org\/wp-content\/uploads\/2020\/06\/cd_269a_12.mp3\">An Eyropeyische Kolomeyke &#8211; Raderman\u2019s &amp; Beckerman\u2019s Orchestra<\/a><\/div>\n\n\n\n<div class=\"wp-block-file\"><a id=\"wp-block-file--media-151e6adf-6796-416b-bd44-9bf30a37ce33\" href=\"https:\/\/www.iemj.org\/wp-content\/uploads\/2020\/06\/cd_617_05.mp3\">Sirba de Leon Schwartz &#8211; Trio Weisberger-Branthomme-Trestian<\/a><\/div>\n\n\n\n<div class=\"wp-block-file\"><a id=\"wp-block-file--media-43babb00-7eff-4081-9d64-78fbd0603ae3\" href=\"https:\/\/www.iemj.org\/wp-content\/uploads\/2020\/06\/cd_648_14.mp3\">Hostu mikh lib &#8211; Yerushe<\/a><\/div>\n\n\n\n<div class=\"wp-block-file\"><a id=\"wp-block-file--media-ecfe4cbd-7db7-4649-be09-e9e88a73ccff\" href=\"https:\/\/www.iemj.org\/wp-content\/uploads\/2020\/06\/cd_269d_02-2.mp3\">Yiddisher Charleston &#8211; The Gilt Edged Four<\/a><\/div>\n\n\n\n<div class=\"wp-block-file\"><a id=\"wp-block-file--media-6c47d614-2639-4a3c-8ce8-350c1f86d848\" href=\"https:\/\/www.iemj.org\/wp-content\/uploads\/2020\/06\/cd_1320_01.mp3\">Shtetl Medley: In Odess\u2019 \/ Yas &#8211; Klezmer Plus !<\/a><\/div>\n\n\n\n<div class=\"wp-block-file\"><a id=\"wp-block-file--media-1d1ea179-2841-4147-a94d-5270f9d4bfba\" href=\"https:\/\/www.iemj.org\/wp-content\/uploads\/2020\/06\/d33-30_11_16.mp3\">Oy Tate s\u2019iz Gut &#8211; Naftule Brandwein<\/a><\/div>\n\n\n\n<div class=\"wp-block-file\"><a id=\"wp-block-file--media-aeb495d4-576d-425e-956c-80576d51256d\" href=\"https:\/\/www.iemj.org\/wp-content\/uploads\/2020\/06\/cd_269a_01.mp3\">Gefilte Fisch &#8211; Henri Gerro<\/a><\/div>\n\n\n\n<div class=\"wp-block-file\"><a id=\"wp-block-file--media-ca155943-8a2f-482f-935a-971290a907e1\" href=\"https:\/\/www.iemj.org\/wp-content\/uploads\/2020\/06\/d33-30_83_09.mp3\">Negative Nifty &#8211; The Klezmorim<\/a><\/div>\n\n\n\n<div class=\"wp-block-file\"><a id=\"wp-block-file--media-32d68dc9-aeef-4193-9ff7-9805dd3c6188\" href=\"https:\/\/www.iemj.org\/wp-content\/uploads\/2020\/06\/d33-30_636_01.mp3\">A Galitsianer Tantsel &#8211; Zev Feldman, Andy Statman<\/a><\/div>\n\n\n\n<div class=\"wp-block-file\"><a id=\"wp-block-file--media-80390693-57e3-4a59-a6e5-b57d48b26601\" href=\"https:\/\/www.iemj.org\/wp-content\/uploads\/2020\/06\/d33-30_1935_06.mp3\">Dzhankoye &#8211; The Klezmatics<\/a><\/div>\n\n\n\n<div class=\"wp-block-file\"><a id=\"wp-block-file--media-cf6e3f60-8dee-4f73-ad47-989fab4630ac\" href=\"https:\/\/www.iemj.org\/wp-content\/uploads\/2020\/06\/d33-30_1059_01.mp3\">Lebn Zol Palestina &#8211; Kapelye<\/a><\/div>\n\n\n\n<div class=\"wp-block-file\"><a id=\"wp-block-file--media-bd0c8b30-0ab0-4e4b-9e39-0b04cd563879\" href=\"https:\/\/www.iemj.org\/wp-content\/uploads\/2020\/06\/d78-25_333_02.mp3\">Odessa mama &#8211; Pesach Burstein<\/a><\/div>\n\n\n\n<div class=\"wp-block-file\"><a id=\"wp-block-file--media-c1480f3f-92eb-4659-b105-bf9b7a470aa8\" href=\"https:\/\/www.iemj.org\/wp-content\/uploads\/2020\/06\/k7_565_01_bis-2.mp3\">Lebedik un freylech &#8211; The Klezmer Conservatory Band<\/a><\/div>\n\n\n\n<div class=\"wp-block-file\"><a id=\"wp-block-file--media-623b77ab-82ac-41fc-a94c-5ec9e509a593\" href=\"https:\/\/www.iemj.org\/wp-content\/uploads\/2020\/06\/d33-30_63_13-2.mp3\">Machateyneste Mayne &#8211; Th\u00e9odore Bikel<\/a><\/div>\n","protected":false},"excerpt":{"rendered":"<p>\u00a1El 21 de junio celebramos la m\u00fasica! Descubre nuestra selecci\u00f3n de m\u00fasica klezmer y canciones en idish, que te har\u00e1n bailar y saltar por todas partes, \u00a1y dar la bienvenida<\/p>\n","protected":false},"author":1048,"featured_media":71911,"comment_status":"closed","ping_status":"closed","sticky":false,"template":"","format":"standard","meta":{"_acf_changed":false,"footnotes":""},"categories":[1535],"tags":[],"technique":[],"squelettes":[],"sujet":[],"formation":[],"genre":[1876,1863],"fonds":[],"tradition":[],"type-de-contenu":[],"interprete-compositeur":[],"frise":[],"type-devenement":[],"tableaux-liens-externes":[],"class_list":["post-71910","post","type-post","status-publish","format-standard","has-post-thumbnail","hentry","category-listas-de-reproduccion-es","genre-klezmer-es","genre-yiddish-es"],"acf":[],"yoast_head":"<!-- This site is optimized with the Yoast SEO plugin v27.3 - https:\/\/yoast.com\/product\/yoast-seo-wordpress\/ -->\n<title>Fiesta de la m\u00fasica... \u00a1versi\u00f3n asquenaz\u00ed! - Institut Europ\u00e9en des Musiques Juives<\/title>\n<meta name=\"robots\" content=\"index, follow, max-snippet:-1, max-image-preview:large, max-video-preview:-1\" \/>\n<link rel=\"canonical\" href=\"https:\/\/www.iemj.org\/es\/fete-de-la-musique-version-ashkenaze\/\" \/>\n<meta property=\"og:locale\" content=\"es_ES\" \/>\n<meta property=\"og:type\" content=\"article\" \/>\n<meta property=\"og:title\" content=\"Fiesta de la m\u00fasica... \u00a1versi\u00f3n asquenaz\u00ed! - Institut Europ\u00e9en des Musiques Juives\" \/>\n<meta property=\"og:description\" content=\"\u00a1El 21 de junio celebramos la m\u00fasica! Descubre nuestra selecci\u00f3n de m\u00fasica klezmer y canciones en idish, que te har\u00e1n bailar y saltar por todas partes, \u00a1y dar la bienvenida\" \/>\n<meta property=\"og:url\" content=\"https:\/\/www.iemj.org\/es\/fete-de-la-musique-version-ashkenaze\/\" \/>\n<meta property=\"og:site_name\" content=\"Institut Europ\u00e9en des Musiques Juives\" \/>\n<meta property=\"article:publisher\" content=\"https:\/\/www.facebook.com\/MusiquesJuives\/\" \/>\n<meta property=\"article:published_time\" content=\"2020-06-16T13:34:33+00:00\" \/>\n<meta property=\"article:modified_time\" content=\"2025-08-19T15:17:43+00:00\" \/>\n<meta property=\"og:image\" content=\"https:\/\/www.iemj.org\/wp-content\/uploads\/2020\/06\/arton4774-e1618501913958.jpg\" \/>\n\t<meta property=\"og:image:width\" content=\"350\" \/>\n\t<meta property=\"og:image:height\" content=\"421\" \/>\n\t<meta property=\"og:image:type\" content=\"image\/jpeg\" \/>\n<meta name=\"author\" content=\"Jean-Gabriel Davis\" \/>\n<meta name=\"twitter:card\" content=\"summary_large_image\" \/>\n<meta name=\"twitter:label1\" content=\"Escrito por\" \/>\n\t<meta name=\"twitter:data1\" content=\"Jean-Gabriel Davis\" \/>\n\t<meta name=\"twitter:label2\" content=\"Tiempo de lectura\" \/>\n\t<meta name=\"twitter:data2\" content=\"2 minutos\" \/>\n<script type=\"application\/ld+json\" class=\"yoast-schema-graph\">{\"@context\":\"https:\\\/\\\/schema.org\",\"@graph\":[{\"@type\":\"Article\",\"@id\":\"https:\\\/\\\/www.iemj.org\\\/es\\\/fete-de-la-musique-version-ashkenaze\\\/#article\",\"isPartOf\":{\"@id\":\"https:\\\/\\\/www.iemj.org\\\/es\\\/fete-de-la-musique-version-ashkenaze\\\/\"},\"author\":{\"name\":\"Jean-Gabriel Davis\",\"@id\":\"https:\\\/\\\/www.iemj.org\\\/es\\\/#\\\/schema\\\/person\\\/c9bc1c386a3749579a2d675e72a18666\"},\"headline\":\"Fiesta de la m\u00fasica&#8230; \u00a1versi\u00f3n asquenaz\u00ed!\",\"datePublished\":\"2020-06-16T13:34:33+00:00\",\"dateModified\":\"2025-08-19T15:17:43+00:00\",\"mainEntityOfPage\":{\"@id\":\"https:\\\/\\\/www.iemj.org\\\/es\\\/fete-de-la-musique-version-ashkenaze\\\/\"},\"wordCount\":205,\"publisher\":{\"@id\":\"https:\\\/\\\/www.iemj.org\\\/es\\\/#organization\"},\"image\":{\"@id\":\"https:\\\/\\\/www.iemj.org\\\/es\\\/fete-de-la-musique-version-ashkenaze\\\/#primaryimage\"},\"thumbnailUrl\":\"https:\\\/\\\/www.iemj.org\\\/wp-content\\\/uploads\\\/2020\\\/06\\\/arton4774-e1618501913958.jpg\",\"articleSection\":[\"Listas de reproducci\u00f3n\"],\"inLanguage\":\"es\"},{\"@type\":\"WebPage\",\"@id\":\"https:\\\/\\\/www.iemj.org\\\/es\\\/fete-de-la-musique-version-ashkenaze\\\/\",\"url\":\"https:\\\/\\\/www.iemj.org\\\/es\\\/fete-de-la-musique-version-ashkenaze\\\/\",\"name\":\"Fiesta de la m\u00fasica... \u00a1versi\u00f3n asquenaz\u00ed! - Institut Europ\u00e9en des Musiques Juives\",\"isPartOf\":{\"@id\":\"https:\\\/\\\/www.iemj.org\\\/es\\\/#website\"},\"primaryImageOfPage\":{\"@id\":\"https:\\\/\\\/www.iemj.org\\\/es\\\/fete-de-la-musique-version-ashkenaze\\\/#primaryimage\"},\"image\":{\"@id\":\"https:\\\/\\\/www.iemj.org\\\/es\\\/fete-de-la-musique-version-ashkenaze\\\/#primaryimage\"},\"thumbnailUrl\":\"https:\\\/\\\/www.iemj.org\\\/wp-content\\\/uploads\\\/2020\\\/06\\\/arton4774-e1618501913958.jpg\",\"datePublished\":\"2020-06-16T13:34:33+00:00\",\"dateModified\":\"2025-08-19T15:17:43+00:00\",\"breadcrumb\":{\"@id\":\"https:\\\/\\\/www.iemj.org\\\/es\\\/fete-de-la-musique-version-ashkenaze\\\/#breadcrumb\"},\"inLanguage\":\"es\",\"potentialAction\":[{\"@type\":\"ReadAction\",\"target\":[\"https:\\\/\\\/www.iemj.org\\\/es\\\/fete-de-la-musique-version-ashkenaze\\\/\"]}]},{\"@type\":\"ImageObject\",\"inLanguage\":\"es\",\"@id\":\"https:\\\/\\\/www.iemj.org\\\/es\\\/fete-de-la-musique-version-ashkenaze\\\/#primaryimage\",\"url\":\"https:\\\/\\\/www.iemj.org\\\/wp-content\\\/uploads\\\/2020\\\/06\\\/arton4774-e1618501913958.jpg\",\"contentUrl\":\"https:\\\/\\\/www.iemj.org\\\/wp-content\\\/uploads\\\/2020\\\/06\\\/arton4774-e1618501913958.jpg\",\"width\":350,\"height\":421},{\"@type\":\"BreadcrumbList\",\"@id\":\"https:\\\/\\\/www.iemj.org\\\/es\\\/fete-de-la-musique-version-ashkenaze\\\/#breadcrumb\",\"itemListElement\":[{\"@type\":\"ListItem\",\"position\":1,\"name\":\"Accueil\",\"item\":\"https:\\\/\\\/www.iemj.org\\\/es\\\/\"},{\"@type\":\"ListItem\",\"position\":2,\"name\":\"Fiesta de la m\u00fasica&#8230; \u00a1versi\u00f3n asquenaz\u00ed!\"}]},{\"@type\":\"WebSite\",\"@id\":\"https:\\\/\\\/www.iemj.org\\\/es\\\/#website\",\"url\":\"https:\\\/\\\/www.iemj.org\\\/es\\\/\",\"name\":\"Institut Europ\u00e9en des Musiques Juives\",\"description\":\"Des traditions musicales \u00e0 la port\u00e9e de tous\",\"publisher\":{\"@id\":\"https:\\\/\\\/www.iemj.org\\\/es\\\/#organization\"},\"potentialAction\":[{\"@type\":\"SearchAction\",\"target\":{\"@type\":\"EntryPoint\",\"urlTemplate\":\"https:\\\/\\\/www.iemj.org\\\/es\\\/?s={search_term_string}\"},\"query-input\":{\"@type\":\"PropertyValueSpecification\",\"valueRequired\":true,\"valueName\":\"search_term_string\"}}],\"inLanguage\":\"es\"},{\"@type\":\"Organization\",\"@id\":\"https:\\\/\\\/www.iemj.org\\\/es\\\/#organization\",\"name\":\"Institut Europ\u00e9en des Musiques Juives\",\"url\":\"https:\\\/\\\/www.iemj.org\\\/es\\\/\",\"logo\":{\"@type\":\"ImageObject\",\"inLanguage\":\"es\",\"@id\":\"https:\\\/\\\/www.iemj.org\\\/es\\\/#\\\/schema\\\/logo\\\/image\\\/\",\"url\":\"https:\\\/\\\/www.iemj.org\\\/wp-content\\\/uploads\\\/2021\\\/09\\\/Logo-IEMJ-Paypal.jpg\",\"contentUrl\":\"https:\\\/\\\/www.iemj.org\\\/wp-content\\\/uploads\\\/2021\\\/09\\\/Logo-IEMJ-Paypal.jpg\",\"width\":150,\"height\":50,\"caption\":\"Institut Europ\u00e9en des Musiques Juives\"},\"image\":{\"@id\":\"https:\\\/\\\/www.iemj.org\\\/es\\\/#\\\/schema\\\/logo\\\/image\\\/\"},\"sameAs\":[\"https:\\\/\\\/www.facebook.com\\\/MusiquesJuives\\\/\",\"https:\\\/\\\/www.instagram.com\\\/musiquesjuives\\\/\",\"https:\\\/\\\/www.youtube.com\\\/user\\\/musiquesjuives\"]},{\"@type\":\"Person\",\"@id\":\"https:\\\/\\\/www.iemj.org\\\/es\\\/#\\\/schema\\\/person\\\/c9bc1c386a3749579a2d675e72a18666\",\"name\":\"Jean-Gabriel Davis\",\"image\":{\"@type\":\"ImageObject\",\"inLanguage\":\"es\",\"@id\":\"https:\\\/\\\/secure.gravatar.com\\\/avatar\\\/2b90d67bdf392c9b3a21fab87c0fa7edaf1fb3a058172a1ffd61033fcec7aec1?s=96&d=mm&r=g\",\"url\":\"https:\\\/\\\/secure.gravatar.com\\\/avatar\\\/2b90d67bdf392c9b3a21fab87c0fa7edaf1fb3a058172a1ffd61033fcec7aec1?s=96&d=mm&r=g\",\"contentUrl\":\"https:\\\/\\\/secure.gravatar.com\\\/avatar\\\/2b90d67bdf392c9b3a21fab87c0fa7edaf1fb3a058172a1ffd61033fcec7aec1?s=96&d=mm&r=g\",\"caption\":\"Jean-Gabriel Davis\"}}]}<\/script>\n<!-- \/ Yoast SEO plugin. -->","yoast_head_json":{"title":"Fiesta de la m\u00fasica... \u00a1versi\u00f3n asquenaz\u00ed! - Institut Europ\u00e9en des Musiques Juives","robots":{"index":"index","follow":"follow","max-snippet":"max-snippet:-1","max-image-preview":"max-image-preview:large","max-video-preview":"max-video-preview:-1"},"canonical":"https:\/\/www.iemj.org\/es\/fete-de-la-musique-version-ashkenaze\/","og_locale":"es_ES","og_type":"article","og_title":"Fiesta de la m\u00fasica... \u00a1versi\u00f3n asquenaz\u00ed! - Institut Europ\u00e9en des Musiques Juives","og_description":"\u00a1El 21 de junio celebramos la m\u00fasica! Descubre nuestra selecci\u00f3n de m\u00fasica klezmer y canciones en idish, que te har\u00e1n bailar y saltar por todas partes, \u00a1y dar la bienvenida","og_url":"https:\/\/www.iemj.org\/es\/fete-de-la-musique-version-ashkenaze\/","og_site_name":"Institut Europ\u00e9en des Musiques Juives","article_publisher":"https:\/\/www.facebook.com\/MusiquesJuives\/","article_published_time":"2020-06-16T13:34:33+00:00","article_modified_time":"2025-08-19T15:17:43+00:00","og_image":[{"width":350,"height":421,"url":"https:\/\/www.iemj.org\/wp-content\/uploads\/2020\/06\/arton4774-e1618501913958.jpg","type":"image\/jpeg"}],"author":"Jean-Gabriel Davis","twitter_card":"summary_large_image","twitter_misc":{"Escrito por":"Jean-Gabriel Davis","Tiempo de lectura":"2 minutos"},"schema":{"@context":"https:\/\/schema.org","@graph":[{"@type":"Article","@id":"https:\/\/www.iemj.org\/es\/fete-de-la-musique-version-ashkenaze\/#article","isPartOf":{"@id":"https:\/\/www.iemj.org\/es\/fete-de-la-musique-version-ashkenaze\/"},"author":{"name":"Jean-Gabriel Davis","@id":"https:\/\/www.iemj.org\/es\/#\/schema\/person\/c9bc1c386a3749579a2d675e72a18666"},"headline":"Fiesta de la m\u00fasica&#8230; \u00a1versi\u00f3n asquenaz\u00ed!","datePublished":"2020-06-16T13:34:33+00:00","dateModified":"2025-08-19T15:17:43+00:00","mainEntityOfPage":{"@id":"https:\/\/www.iemj.org\/es\/fete-de-la-musique-version-ashkenaze\/"},"wordCount":205,"publisher":{"@id":"https:\/\/www.iemj.org\/es\/#organization"},"image":{"@id":"https:\/\/www.iemj.org\/es\/fete-de-la-musique-version-ashkenaze\/#primaryimage"},"thumbnailUrl":"https:\/\/www.iemj.org\/wp-content\/uploads\/2020\/06\/arton4774-e1618501913958.jpg","articleSection":["Listas de reproducci\u00f3n"],"inLanguage":"es"},{"@type":"WebPage","@id":"https:\/\/www.iemj.org\/es\/fete-de-la-musique-version-ashkenaze\/","url":"https:\/\/www.iemj.org\/es\/fete-de-la-musique-version-ashkenaze\/","name":"Fiesta de la m\u00fasica... \u00a1versi\u00f3n asquenaz\u00ed! - Institut Europ\u00e9en des Musiques Juives","isPartOf":{"@id":"https:\/\/www.iemj.org\/es\/#website"},"primaryImageOfPage":{"@id":"https:\/\/www.iemj.org\/es\/fete-de-la-musique-version-ashkenaze\/#primaryimage"},"image":{"@id":"https:\/\/www.iemj.org\/es\/fete-de-la-musique-version-ashkenaze\/#primaryimage"},"thumbnailUrl":"https:\/\/www.iemj.org\/wp-content\/uploads\/2020\/06\/arton4774-e1618501913958.jpg","datePublished":"2020-06-16T13:34:33+00:00","dateModified":"2025-08-19T15:17:43+00:00","breadcrumb":{"@id":"https:\/\/www.iemj.org\/es\/fete-de-la-musique-version-ashkenaze\/#breadcrumb"},"inLanguage":"es","potentialAction":[{"@type":"ReadAction","target":["https:\/\/www.iemj.org\/es\/fete-de-la-musique-version-ashkenaze\/"]}]},{"@type":"ImageObject","inLanguage":"es","@id":"https:\/\/www.iemj.org\/es\/fete-de-la-musique-version-ashkenaze\/#primaryimage","url":"https:\/\/www.iemj.org\/wp-content\/uploads\/2020\/06\/arton4774-e1618501913958.jpg","contentUrl":"https:\/\/www.iemj.org\/wp-content\/uploads\/2020\/06\/arton4774-e1618501913958.jpg","width":350,"height":421},{"@type":"BreadcrumbList","@id":"https:\/\/www.iemj.org\/es\/fete-de-la-musique-version-ashkenaze\/#breadcrumb","itemListElement":[{"@type":"ListItem","position":1,"name":"Accueil","item":"https:\/\/www.iemj.org\/es\/"},{"@type":"ListItem","position":2,"name":"Fiesta de la m\u00fasica&#8230; \u00a1versi\u00f3n asquenaz\u00ed!"}]},{"@type":"WebSite","@id":"https:\/\/www.iemj.org\/es\/#website","url":"https:\/\/www.iemj.org\/es\/","name":"Institut Europ\u00e9en des Musiques Juives","description":"Des traditions musicales \u00e0 la port\u00e9e de tous","publisher":{"@id":"https:\/\/www.iemj.org\/es\/#organization"},"potentialAction":[{"@type":"SearchAction","target":{"@type":"EntryPoint","urlTemplate":"https:\/\/www.iemj.org\/es\/?s={search_term_string}"},"query-input":{"@type":"PropertyValueSpecification","valueRequired":true,"valueName":"search_term_string"}}],"inLanguage":"es"},{"@type":"Organization","@id":"https:\/\/www.iemj.org\/es\/#organization","name":"Institut Europ\u00e9en des Musiques Juives","url":"https:\/\/www.iemj.org\/es\/","logo":{"@type":"ImageObject","inLanguage":"es","@id":"https:\/\/www.iemj.org\/es\/#\/schema\/logo\/image\/","url":"https:\/\/www.iemj.org\/wp-content\/uploads\/2021\/09\/Logo-IEMJ-Paypal.jpg","contentUrl":"https:\/\/www.iemj.org\/wp-content\/uploads\/2021\/09\/Logo-IEMJ-Paypal.jpg","width":150,"height":50,"caption":"Institut Europ\u00e9en des Musiques Juives"},"image":{"@id":"https:\/\/www.iemj.org\/es\/#\/schema\/logo\/image\/"},"sameAs":["https:\/\/www.facebook.com\/MusiquesJuives\/","https:\/\/www.instagram.com\/musiquesjuives\/","https:\/\/www.youtube.com\/user\/musiquesjuives"]},{"@type":"Person","@id":"https:\/\/www.iemj.org\/es\/#\/schema\/person\/c9bc1c386a3749579a2d675e72a18666","name":"Jean-Gabriel Davis","image":{"@type":"ImageObject","inLanguage":"es","@id":"https:\/\/secure.gravatar.com\/avatar\/2b90d67bdf392c9b3a21fab87c0fa7edaf1fb3a058172a1ffd61033fcec7aec1?s=96&d=mm&r=g","url":"https:\/\/secure.gravatar.com\/avatar\/2b90d67bdf392c9b3a21fab87c0fa7edaf1fb3a058172a1ffd61033fcec7aec1?s=96&d=mm&r=g","contentUrl":"https:\/\/secure.gravatar.com\/avatar\/2b90d67bdf392c9b3a21fab87c0fa7edaf1fb3a058172a1ffd61033fcec7aec1?s=96&d=mm&r=g","caption":"Jean-Gabriel Davis"}}]}},"_links":{"self":[{"href":"https:\/\/www.iemj.org\/es\/wp-json\/wp\/v2\/posts\/71910","targetHints":{"allow":["GET"]}}],"collection":[{"href":"https:\/\/www.iemj.org\/es\/wp-json\/wp\/v2\/posts"}],"about":[{"href":"https:\/\/www.iemj.org\/es\/wp-json\/wp\/v2\/types\/post"}],"author":[{"embeddable":true,"href":"https:\/\/www.iemj.org\/es\/wp-json\/wp\/v2\/users\/1048"}],"replies":[{"embeddable":true,"href":"https:\/\/www.iemj.org\/es\/wp-json\/wp\/v2\/comments?post=71910"}],"version-history":[{"count":0,"href":"https:\/\/www.iemj.org\/es\/wp-json\/wp\/v2\/posts\/71910\/revisions"}],"wp:featuredmedia":[{"embeddable":true,"href":"https:\/\/www.iemj.org\/es\/wp-json\/wp\/v2\/media\/71911"}],"wp:attachment":[{"href":"https:\/\/www.iemj.org\/es\/wp-json\/wp\/v2\/media?parent=71910"}],"wp:term":[{"taxonomy":"category","embeddable":true,"href":"https:\/\/www.iemj.org\/es\/wp-json\/wp\/v2\/categories?post=71910"},{"taxonomy":"post_tag","embeddable":true,"href":"https:\/\/www.iemj.org\/es\/wp-json\/wp\/v2\/tags?post=71910"},{"taxonomy":"technique","embeddable":true,"href":"https:\/\/www.iemj.org\/es\/wp-json\/wp\/v2\/technique?post=71910"},{"taxonomy":"squelettes","embeddable":true,"href":"https:\/\/www.iemj.org\/es\/wp-json\/wp\/v2\/squelettes?post=71910"},{"taxonomy":"sujet","embeddable":true,"href":"https:\/\/www.iemj.org\/es\/wp-json\/wp\/v2\/sujet?post=71910"},{"taxonomy":"formation","embeddable":true,"href":"https:\/\/www.iemj.org\/es\/wp-json\/wp\/v2\/formation?post=71910"},{"taxonomy":"genre","embeddable":true,"href":"https:\/\/www.iemj.org\/es\/wp-json\/wp\/v2\/genre?post=71910"},{"taxonomy":"fonds","embeddable":true,"href":"https:\/\/www.iemj.org\/es\/wp-json\/wp\/v2\/fonds?post=71910"},{"taxonomy":"tradition","embeddable":true,"href":"https:\/\/www.iemj.org\/es\/wp-json\/wp\/v2\/tradition?post=71910"},{"taxonomy":"type-de-contenu","embeddable":true,"href":"https:\/\/www.iemj.org\/es\/wp-json\/wp\/v2\/type-de-contenu?post=71910"},{"taxonomy":"interprete-compositeur","embeddable":true,"href":"https:\/\/www.iemj.org\/es\/wp-json\/wp\/v2\/interprete-compositeur?post=71910"},{"taxonomy":"frise","embeddable":true,"href":"https:\/\/www.iemj.org\/es\/wp-json\/wp\/v2\/frise?post=71910"},{"taxonomy":"type-devenement","embeddable":true,"href":"https:\/\/www.iemj.org\/es\/wp-json\/wp\/v2\/type-devenement?post=71910"},{"taxonomy":"tableaux-liens-externes","embeddable":true,"href":"https:\/\/www.iemj.org\/es\/wp-json\/wp\/v2\/tableaux-liens-externes?post=71910"}],"curies":[{"name":"wp","href":"https:\/\/api.w.org\/{rel}","templated":true}]}}