{"id":72049,"date":"2019-04-02T17:56:17","date_gmt":"2019-04-02T15:56:17","guid":{"rendered":"https:\/\/www.iemj.org\/collection-archives\/"},"modified":"2025-07-10T18:10:20","modified_gmt":"2025-07-10T16:10:20","slug":"collection-archives","status":"publish","type":"post","link":"https:\/\/www.iemj.org\/es\/collection-archives\/","title":{"rendered":"Colecci\u00f3n Archives (Archivos)"},"content":{"rendered":"<div id=\"tw-target-text-container\" class=\"tw-ta-container F0azHf tw-nfl\" tabindex=\"0\">\n<p id=\"tw-target-text\" class=\"tw-data-text tw-text-large tw-ta\" dir=\"ltr\" data-placeholder=\"Traduction\"><strong><span class=\"Y2IQFc\" lang=\"es\">Ofrecemos aqu\u00ed una selecci\u00f3n de las mejores piezas de la colecci\u00f3n Archives de las Ediciones de IEMJ <\/span><\/strong><\/p>\n<\/div>\n<p>La colecci\u00f3n \u00ab <span style=\"color: #2e2efe;\"><b>Archives<\/b><\/span> \u00bb (Archivos) permite escuchar de nuevo grabaciones de antolog\u00eda completamente remasterizados.<\/p>\n<p><img fetchpriority=\"high\" decoding=\"async\" class=\" aligncenter size-full wp-image-11202\" src=\"https:\/\/www.iemj.org\/wp-content\/uploads\/2019\/03\/coll_archives_def_500px.jpg\" alt=\"coll_archives_def_500px.jpg\" width=\"600\" height=\"210\" align=\"middle\" srcset=\"https:\/\/www.iemj.org\/wp-content\/uploads\/2019\/03\/coll_archives_def_500px.jpg 600w, https:\/\/www.iemj.org\/wp-content\/uploads\/2019\/03\/coll_archives_def_500px-300x105.jpg 300w\" sizes=\"(max-width: 600px) 100vw, 600px\" \/><\/p>\n<p>Visite nuestra p\u00e1gina de <a href=\"https:\/\/www.youtube.com\/channel\/UCQ-cavbRAyuAB_X6fGfnGJg\" target=\"_blank\" rel=\"noopener\">YouTube<\/a> para escuchar m\u00e1s<br \/><a href=\"https:\/\/www.iemj.org\/es\/categorie-produit\/cd-es\/ediciones-del-iemj-es\/coleccion-archivos\/\" target=\"_blank\" rel=\"noopener\">Pedir nuestros discos y partituras sobre la tienda online del IEMJ<\/a><\/p>\n\n<div class=\"wp-block-image\">\n<figure class=\"aligncenter size-large\"><img decoding=\"async\" width=\"1024\" height=\"133\" src=\"https:\/\/www.iemj.org\/wp-content\/uploads\/2024\/03\/AUDIO-PLAYER-1024x133.png\" alt=\"\" class=\"wp-image-110610\" srcset=\"https:\/\/www.iemj.org\/wp-content\/uploads\/2024\/03\/AUDIO-PLAYER-1024x133.png 1024w, https:\/\/www.iemj.org\/wp-content\/uploads\/2024\/03\/AUDIO-PLAYER-300x39.png 300w, https:\/\/www.iemj.org\/wp-content\/uploads\/2024\/03\/AUDIO-PLAYER-768x100.png 768w, https:\/\/www.iemj.org\/wp-content\/uploads\/2024\/03\/AUDIO-PLAYER-600x78.png 600w, https:\/\/www.iemj.org\/wp-content\/uploads\/2024\/03\/AUDIO-PLAYER.png 1210w\" sizes=\"(max-width: 1024px) 100vw, 1024px\" \/><\/figure>\n<\/div>\n\n\n<h2 class=\"wp-block-heading\"><\/h2>\n\n\n\n<div class=\"wp-block-file\"><a href=\"https:\/\/www.iemj.org\/wp-content\/uploads\/2016\/06\/ich_benk_nuch_dir_-_richard_inger_collection_archives_cd1_.mp3\">Ich Benk Nuch Dir &#8211; Richard Inger (Collection Archives CD1)<\/a><\/div>\n\n\n\n<div class=\"wp-block-file\"><a href=\"https:\/\/www.iemj.org\/wp-content\/uploads\/2016\/06\/schisterlech_-_elvira_boczkowska_simon_nussbaum_max_neufeld_collection_archives_cd2_.mp3\">Schisterlech &#8211; Elvira Boczkowska, Simon Nussbaum, Max Neufeld (Collection Archives CD2)<\/a><\/div>\n\n\n\n<div class=\"wp-block-file\"><a href=\"https:\/\/www.iemj.org\/wp-content\/uploads\/2016\/06\/warsche_-_adi_starski_collection_archives_cd3_.mp3\">Warsche &#8211; Adi Starski (Collection Archives CD3)<\/a><\/div>\n\n\n\n<div class=\"wp-block-file\"><a href=\"https:\/\/www.iemj.org\/wp-content\/uploads\/2016\/06\/der_feuierlescher_-_dave_cash_collection_archives_cd4_.mp3\">Der Feuierlescher &#8211; Dave Cash (Collection Archives CD4)<\/a><\/div>\n\n\n\n<div class=\"wp-block-file\"><a href=\"https:\/\/www.iemj.org\/wp-content\/uploads\/2016\/06\/tchornia_chale_-_sarah_gorby_collection_archives_cd5_.mp3\">Tchornia Chale &#8211; Sarah Gorby (Collection Archives CD5)<\/a><\/div>\n\n\n\n<div class=\"wp-block-file\"><a href=\"https:\/\/www.iemj.org\/wp-content\/uploads\/2016\/06\/artzeinu_-_zaludkowski_ben_baruch_collection_archives_cd6_.mp3\">Artzeinu &#8211; Zaludkowski Ben Baruch (Collection Archives CD6)<\/a><\/div>\n\n\n\n<div class=\"wp-block-file\"><a href=\"https:\/\/www.iemj.org\/wp-content\/uploads\/2019\/04\/ich_bin_a_fartiker_-_henri_gerro_cda_05_.mp3\">Ich Bin a fartiker &#8211; Henri Gerro (Collection Archives CD5)<\/a><\/div>\n\n\n\n<div class=\"wp-block-file\"><a href=\"https:\/\/www.iemj.org\/wp-content\/uploads\/2019\/04\/riwka_ben_zabes_-bernard_potock_cda_02_.mp3\">Riwka Ben Zabes -Bernard Potock (Collection Archives CD2)<\/a><\/div>\n\n\n\n<div class=\"wp-block-file\"><a href=\"https:\/\/www.iemj.org\/wp-content\/uploads\/2019\/04\/tzigane_toujours_-_toscano_cda_03_.mp3\">Tzigane toujours &#8211; Toscano (Collection Archives CD3)<\/a><\/div>\n\n\n\n<div class=\"wp-block-file\"><a href=\"https:\/\/www.iemj.org\/wp-content\/uploads\/2019\/04\/yosel_ber_-_bernard_potock_cda_06_.mp3\">Yosel Ber &#8211; Bernard Potock (Collection Archives CD6)<\/a><\/div>\n","protected":false},"excerpt":{"rendered":"<p>Ofrecemos aqu\u00ed una selecci\u00f3n de las mejores piezas de la colecci\u00f3n Archives de las Ediciones de IEMJ La colecci\u00f3n \u00ab Archives \u00bb (Archivos) permite escuchar de nuevo grabaciones de antolog\u00eda<\/p>\n","protected":false},"author":1052,"featured_media":72050,"comment_status":"closed","ping_status":"closed","sticky":false,"template":"","format":"standard","meta":{"_acf_changed":false,"footnotes":""},"categories":[1535],"tags":[],"technique":[],"squelettes":[],"sujet":[],"formation":[],"genre":[],"fonds":[],"tradition":[],"type-de-contenu":[],"interprete-compositeur":[],"frise":[],"type-devenement":[],"tableaux-liens-externes":[],"class_list":["post-72049","post","type-post","status-publish","format-standard","has-post-thumbnail","hentry","category-listas-de-reproduccion-es"],"acf":[],"yoast_head":"<!-- This site is optimized with the Yoast SEO plugin v27.3 - https:\/\/yoast.com\/product\/yoast-seo-wordpress\/ -->\n<title>Colecci\u00f3n Archives (Archivos) - Institut Europ\u00e9en des Musiques Juives<\/title>\n<meta name=\"robots\" content=\"index, follow, max-snippet:-1, max-image-preview:large, max-video-preview:-1\" \/>\n<link rel=\"canonical\" href=\"https:\/\/www.iemj.org\/es\/collection-archives\/\" \/>\n<meta property=\"og:locale\" content=\"es_ES\" \/>\n<meta property=\"og:type\" content=\"article\" \/>\n<meta property=\"og:title\" content=\"Colecci\u00f3n Archives (Archivos) - Institut Europ\u00e9en des Musiques Juives\" \/>\n<meta property=\"og:description\" content=\"Ofrecemos aqu\u00ed una selecci\u00f3n de las mejores piezas de la colecci\u00f3n Archives de las Ediciones de IEMJ La colecci\u00f3n \u00ab Archives \u00bb (Archivos) permite escuchar de nuevo grabaciones de antolog\u00eda\" \/>\n<meta property=\"og:url\" content=\"https:\/\/www.iemj.org\/es\/collection-archives\/\" \/>\n<meta property=\"og:site_name\" content=\"Institut Europ\u00e9en des Musiques Juives\" \/>\n<meta property=\"article:publisher\" content=\"https:\/\/www.facebook.com\/MusiquesJuives\/\" \/>\n<meta property=\"article:published_time\" content=\"2019-04-02T15:56:17+00:00\" \/>\n<meta property=\"article:modified_time\" content=\"2025-07-10T16:10:20+00:00\" \/>\n<meta property=\"og:image\" content=\"https:\/\/www.iemj.org\/wp-content\/uploads\/2019\/04\/arton4065.jpg\" \/>\n\t<meta property=\"og:image:width\" content=\"500\" \/>\n\t<meta property=\"og:image:height\" content=\"500\" \/>\n\t<meta property=\"og:image:type\" content=\"image\/jpeg\" \/>\n<meta name=\"author\" content=\"Lea Couderc\" \/>\n<meta name=\"twitter:card\" content=\"summary_large_image\" \/>\n<meta name=\"twitter:label1\" content=\"Escrito por\" \/>\n\t<meta name=\"twitter:data1\" content=\"Lea Couderc\" \/>\n\t<meta name=\"twitter:label2\" content=\"Tiempo de lectura\" \/>\n\t<meta name=\"twitter:data2\" content=\"2 minutos\" \/>\n<script type=\"application\/ld+json\" class=\"yoast-schema-graph\">{\"@context\":\"https:\\\/\\\/schema.org\",\"@graph\":[{\"@type\":\"Article\",\"@id\":\"https:\\\/\\\/www.iemj.org\\\/es\\\/collection-archives\\\/#article\",\"isPartOf\":{\"@id\":\"https:\\\/\\\/www.iemj.org\\\/es\\\/collection-archives\\\/\"},\"author\":{\"name\":\"Lea Couderc\",\"@id\":\"https:\\\/\\\/www.iemj.org\\\/es\\\/#\\\/schema\\\/person\\\/e2ad57f2c4be119c7ed8ab79036807a9\"},\"headline\":\"Colecci\u00f3n Archives (Archivos)\",\"datePublished\":\"2019-04-02T15:56:17+00:00\",\"dateModified\":\"2025-07-10T16:10:20+00:00\",\"mainEntityOfPage\":{\"@id\":\"https:\\\/\\\/www.iemj.org\\\/es\\\/collection-archives\\\/\"},\"wordCount\":144,\"publisher\":{\"@id\":\"https:\\\/\\\/www.iemj.org\\\/es\\\/#organization\"},\"image\":{\"@id\":\"https:\\\/\\\/www.iemj.org\\\/es\\\/collection-archives\\\/#primaryimage\"},\"thumbnailUrl\":\"https:\\\/\\\/www.iemj.org\\\/wp-content\\\/uploads\\\/2019\\\/04\\\/arton4065.jpg\",\"articleSection\":[\"Listas de reproducci\u00f3n\"],\"inLanguage\":\"es\"},{\"@type\":\"WebPage\",\"@id\":\"https:\\\/\\\/www.iemj.org\\\/es\\\/collection-archives\\\/\",\"url\":\"https:\\\/\\\/www.iemj.org\\\/es\\\/collection-archives\\\/\",\"name\":\"Colecci\u00f3n Archives (Archivos) - Institut Europ\u00e9en des Musiques Juives\",\"isPartOf\":{\"@id\":\"https:\\\/\\\/www.iemj.org\\\/es\\\/#website\"},\"primaryImageOfPage\":{\"@id\":\"https:\\\/\\\/www.iemj.org\\\/es\\\/collection-archives\\\/#primaryimage\"},\"image\":{\"@id\":\"https:\\\/\\\/www.iemj.org\\\/es\\\/collection-archives\\\/#primaryimage\"},\"thumbnailUrl\":\"https:\\\/\\\/www.iemj.org\\\/wp-content\\\/uploads\\\/2019\\\/04\\\/arton4065.jpg\",\"datePublished\":\"2019-04-02T15:56:17+00:00\",\"dateModified\":\"2025-07-10T16:10:20+00:00\",\"breadcrumb\":{\"@id\":\"https:\\\/\\\/www.iemj.org\\\/es\\\/collection-archives\\\/#breadcrumb\"},\"inLanguage\":\"es\",\"potentialAction\":[{\"@type\":\"ReadAction\",\"target\":[\"https:\\\/\\\/www.iemj.org\\\/es\\\/collection-archives\\\/\"]}]},{\"@type\":\"ImageObject\",\"inLanguage\":\"es\",\"@id\":\"https:\\\/\\\/www.iemj.org\\\/es\\\/collection-archives\\\/#primaryimage\",\"url\":\"https:\\\/\\\/www.iemj.org\\\/wp-content\\\/uploads\\\/2019\\\/04\\\/arton4065.jpg\",\"contentUrl\":\"https:\\\/\\\/www.iemj.org\\\/wp-content\\\/uploads\\\/2019\\\/04\\\/arton4065.jpg\",\"width\":500,\"height\":500},{\"@type\":\"BreadcrumbList\",\"@id\":\"https:\\\/\\\/www.iemj.org\\\/es\\\/collection-archives\\\/#breadcrumb\",\"itemListElement\":[{\"@type\":\"ListItem\",\"position\":1,\"name\":\"Accueil\",\"item\":\"https:\\\/\\\/www.iemj.org\\\/es\\\/\"},{\"@type\":\"ListItem\",\"position\":2,\"name\":\"Colecci\u00f3n Archives (Archivos)\"}]},{\"@type\":\"WebSite\",\"@id\":\"https:\\\/\\\/www.iemj.org\\\/es\\\/#website\",\"url\":\"https:\\\/\\\/www.iemj.org\\\/es\\\/\",\"name\":\"Institut Europ\u00e9en des Musiques Juives\",\"description\":\"Des traditions musicales \u00e0 la port\u00e9e de tous\",\"publisher\":{\"@id\":\"https:\\\/\\\/www.iemj.org\\\/es\\\/#organization\"},\"potentialAction\":[{\"@type\":\"SearchAction\",\"target\":{\"@type\":\"EntryPoint\",\"urlTemplate\":\"https:\\\/\\\/www.iemj.org\\\/es\\\/?s={search_term_string}\"},\"query-input\":{\"@type\":\"PropertyValueSpecification\",\"valueRequired\":true,\"valueName\":\"search_term_string\"}}],\"inLanguage\":\"es\"},{\"@type\":\"Organization\",\"@id\":\"https:\\\/\\\/www.iemj.org\\\/es\\\/#organization\",\"name\":\"Institut Europ\u00e9en des Musiques Juives\",\"url\":\"https:\\\/\\\/www.iemj.org\\\/es\\\/\",\"logo\":{\"@type\":\"ImageObject\",\"inLanguage\":\"es\",\"@id\":\"https:\\\/\\\/www.iemj.org\\\/es\\\/#\\\/schema\\\/logo\\\/image\\\/\",\"url\":\"https:\\\/\\\/www.iemj.org\\\/wp-content\\\/uploads\\\/2021\\\/09\\\/Logo-IEMJ-Paypal.jpg\",\"contentUrl\":\"https:\\\/\\\/www.iemj.org\\\/wp-content\\\/uploads\\\/2021\\\/09\\\/Logo-IEMJ-Paypal.jpg\",\"width\":150,\"height\":50,\"caption\":\"Institut Europ\u00e9en des Musiques Juives\"},\"image\":{\"@id\":\"https:\\\/\\\/www.iemj.org\\\/es\\\/#\\\/schema\\\/logo\\\/image\\\/\"},\"sameAs\":[\"https:\\\/\\\/www.facebook.com\\\/MusiquesJuives\\\/\",\"https:\\\/\\\/www.instagram.com\\\/musiquesjuives\\\/\",\"https:\\\/\\\/www.youtube.com\\\/user\\\/musiquesjuives\"]},{\"@type\":\"Person\",\"@id\":\"https:\\\/\\\/www.iemj.org\\\/es\\\/#\\\/schema\\\/person\\\/e2ad57f2c4be119c7ed8ab79036807a9\",\"name\":\"Lea Couderc\",\"image\":{\"@type\":\"ImageObject\",\"inLanguage\":\"es\",\"@id\":\"https:\\\/\\\/secure.gravatar.com\\\/avatar\\\/46ee021475d60aeff17a7e490b79dea5a5684bb392ab7fd1494027411df8ba23?s=96&d=mm&r=g\",\"url\":\"https:\\\/\\\/secure.gravatar.com\\\/avatar\\\/46ee021475d60aeff17a7e490b79dea5a5684bb392ab7fd1494027411df8ba23?s=96&d=mm&r=g\",\"contentUrl\":\"https:\\\/\\\/secure.gravatar.com\\\/avatar\\\/46ee021475d60aeff17a7e490b79dea5a5684bb392ab7fd1494027411df8ba23?s=96&d=mm&r=g\",\"caption\":\"Lea Couderc\"}}]}<\/script>\n<!-- \/ Yoast SEO plugin. -->","yoast_head_json":{"title":"Colecci\u00f3n Archives (Archivos) - Institut Europ\u00e9en des Musiques Juives","robots":{"index":"index","follow":"follow","max-snippet":"max-snippet:-1","max-image-preview":"max-image-preview:large","max-video-preview":"max-video-preview:-1"},"canonical":"https:\/\/www.iemj.org\/es\/collection-archives\/","og_locale":"es_ES","og_type":"article","og_title":"Colecci\u00f3n Archives (Archivos) - Institut Europ\u00e9en des Musiques Juives","og_description":"Ofrecemos aqu\u00ed una selecci\u00f3n de las mejores piezas de la colecci\u00f3n Archives de las Ediciones de IEMJ La colecci\u00f3n \u00ab Archives \u00bb (Archivos) permite escuchar de nuevo grabaciones de antolog\u00eda","og_url":"https:\/\/www.iemj.org\/es\/collection-archives\/","og_site_name":"Institut Europ\u00e9en des Musiques Juives","article_publisher":"https:\/\/www.facebook.com\/MusiquesJuives\/","article_published_time":"2019-04-02T15:56:17+00:00","article_modified_time":"2025-07-10T16:10:20+00:00","og_image":[{"width":500,"height":500,"url":"https:\/\/www.iemj.org\/wp-content\/uploads\/2019\/04\/arton4065.jpg","type":"image\/jpeg"}],"author":"Lea Couderc","twitter_card":"summary_large_image","twitter_misc":{"Escrito por":"Lea Couderc","Tiempo de lectura":"2 minutos"},"schema":{"@context":"https:\/\/schema.org","@graph":[{"@type":"Article","@id":"https:\/\/www.iemj.org\/es\/collection-archives\/#article","isPartOf":{"@id":"https:\/\/www.iemj.org\/es\/collection-archives\/"},"author":{"name":"Lea Couderc","@id":"https:\/\/www.iemj.org\/es\/#\/schema\/person\/e2ad57f2c4be119c7ed8ab79036807a9"},"headline":"Colecci\u00f3n Archives (Archivos)","datePublished":"2019-04-02T15:56:17+00:00","dateModified":"2025-07-10T16:10:20+00:00","mainEntityOfPage":{"@id":"https:\/\/www.iemj.org\/es\/collection-archives\/"},"wordCount":144,"publisher":{"@id":"https:\/\/www.iemj.org\/es\/#organization"},"image":{"@id":"https:\/\/www.iemj.org\/es\/collection-archives\/#primaryimage"},"thumbnailUrl":"https:\/\/www.iemj.org\/wp-content\/uploads\/2019\/04\/arton4065.jpg","articleSection":["Listas de reproducci\u00f3n"],"inLanguage":"es"},{"@type":"WebPage","@id":"https:\/\/www.iemj.org\/es\/collection-archives\/","url":"https:\/\/www.iemj.org\/es\/collection-archives\/","name":"Colecci\u00f3n Archives (Archivos) - Institut Europ\u00e9en des Musiques Juives","isPartOf":{"@id":"https:\/\/www.iemj.org\/es\/#website"},"primaryImageOfPage":{"@id":"https:\/\/www.iemj.org\/es\/collection-archives\/#primaryimage"},"image":{"@id":"https:\/\/www.iemj.org\/es\/collection-archives\/#primaryimage"},"thumbnailUrl":"https:\/\/www.iemj.org\/wp-content\/uploads\/2019\/04\/arton4065.jpg","datePublished":"2019-04-02T15:56:17+00:00","dateModified":"2025-07-10T16:10:20+00:00","breadcrumb":{"@id":"https:\/\/www.iemj.org\/es\/collection-archives\/#breadcrumb"},"inLanguage":"es","potentialAction":[{"@type":"ReadAction","target":["https:\/\/www.iemj.org\/es\/collection-archives\/"]}]},{"@type":"ImageObject","inLanguage":"es","@id":"https:\/\/www.iemj.org\/es\/collection-archives\/#primaryimage","url":"https:\/\/www.iemj.org\/wp-content\/uploads\/2019\/04\/arton4065.jpg","contentUrl":"https:\/\/www.iemj.org\/wp-content\/uploads\/2019\/04\/arton4065.jpg","width":500,"height":500},{"@type":"BreadcrumbList","@id":"https:\/\/www.iemj.org\/es\/collection-archives\/#breadcrumb","itemListElement":[{"@type":"ListItem","position":1,"name":"Accueil","item":"https:\/\/www.iemj.org\/es\/"},{"@type":"ListItem","position":2,"name":"Colecci\u00f3n Archives (Archivos)"}]},{"@type":"WebSite","@id":"https:\/\/www.iemj.org\/es\/#website","url":"https:\/\/www.iemj.org\/es\/","name":"Institut Europ\u00e9en des Musiques Juives","description":"Des traditions musicales \u00e0 la port\u00e9e de tous","publisher":{"@id":"https:\/\/www.iemj.org\/es\/#organization"},"potentialAction":[{"@type":"SearchAction","target":{"@type":"EntryPoint","urlTemplate":"https:\/\/www.iemj.org\/es\/?s={search_term_string}"},"query-input":{"@type":"PropertyValueSpecification","valueRequired":true,"valueName":"search_term_string"}}],"inLanguage":"es"},{"@type":"Organization","@id":"https:\/\/www.iemj.org\/es\/#organization","name":"Institut Europ\u00e9en des Musiques Juives","url":"https:\/\/www.iemj.org\/es\/","logo":{"@type":"ImageObject","inLanguage":"es","@id":"https:\/\/www.iemj.org\/es\/#\/schema\/logo\/image\/","url":"https:\/\/www.iemj.org\/wp-content\/uploads\/2021\/09\/Logo-IEMJ-Paypal.jpg","contentUrl":"https:\/\/www.iemj.org\/wp-content\/uploads\/2021\/09\/Logo-IEMJ-Paypal.jpg","width":150,"height":50,"caption":"Institut Europ\u00e9en des Musiques Juives"},"image":{"@id":"https:\/\/www.iemj.org\/es\/#\/schema\/logo\/image\/"},"sameAs":["https:\/\/www.facebook.com\/MusiquesJuives\/","https:\/\/www.instagram.com\/musiquesjuives\/","https:\/\/www.youtube.com\/user\/musiquesjuives"]},{"@type":"Person","@id":"https:\/\/www.iemj.org\/es\/#\/schema\/person\/e2ad57f2c4be119c7ed8ab79036807a9","name":"Lea Couderc","image":{"@type":"ImageObject","inLanguage":"es","@id":"https:\/\/secure.gravatar.com\/avatar\/46ee021475d60aeff17a7e490b79dea5a5684bb392ab7fd1494027411df8ba23?s=96&d=mm&r=g","url":"https:\/\/secure.gravatar.com\/avatar\/46ee021475d60aeff17a7e490b79dea5a5684bb392ab7fd1494027411df8ba23?s=96&d=mm&r=g","contentUrl":"https:\/\/secure.gravatar.com\/avatar\/46ee021475d60aeff17a7e490b79dea5a5684bb392ab7fd1494027411df8ba23?s=96&d=mm&r=g","caption":"Lea Couderc"}}]}},"_links":{"self":[{"href":"https:\/\/www.iemj.org\/es\/wp-json\/wp\/v2\/posts\/72049","targetHints":{"allow":["GET"]}}],"collection":[{"href":"https:\/\/www.iemj.org\/es\/wp-json\/wp\/v2\/posts"}],"about":[{"href":"https:\/\/www.iemj.org\/es\/wp-json\/wp\/v2\/types\/post"}],"author":[{"embeddable":true,"href":"https:\/\/www.iemj.org\/es\/wp-json\/wp\/v2\/users\/1052"}],"replies":[{"embeddable":true,"href":"https:\/\/www.iemj.org\/es\/wp-json\/wp\/v2\/comments?post=72049"}],"version-history":[{"count":0,"href":"https:\/\/www.iemj.org\/es\/wp-json\/wp\/v2\/posts\/72049\/revisions"}],"wp:featuredmedia":[{"embeddable":true,"href":"https:\/\/www.iemj.org\/es\/wp-json\/wp\/v2\/media\/72050"}],"wp:attachment":[{"href":"https:\/\/www.iemj.org\/es\/wp-json\/wp\/v2\/media?parent=72049"}],"wp:term":[{"taxonomy":"category","embeddable":true,"href":"https:\/\/www.iemj.org\/es\/wp-json\/wp\/v2\/categories?post=72049"},{"taxonomy":"post_tag","embeddable":true,"href":"https:\/\/www.iemj.org\/es\/wp-json\/wp\/v2\/tags?post=72049"},{"taxonomy":"technique","embeddable":true,"href":"https:\/\/www.iemj.org\/es\/wp-json\/wp\/v2\/technique?post=72049"},{"taxonomy":"squelettes","embeddable":true,"href":"https:\/\/www.iemj.org\/es\/wp-json\/wp\/v2\/squelettes?post=72049"},{"taxonomy":"sujet","embeddable":true,"href":"https:\/\/www.iemj.org\/es\/wp-json\/wp\/v2\/sujet?post=72049"},{"taxonomy":"formation","embeddable":true,"href":"https:\/\/www.iemj.org\/es\/wp-json\/wp\/v2\/formation?post=72049"},{"taxonomy":"genre","embeddable":true,"href":"https:\/\/www.iemj.org\/es\/wp-json\/wp\/v2\/genre?post=72049"},{"taxonomy":"fonds","embeddable":true,"href":"https:\/\/www.iemj.org\/es\/wp-json\/wp\/v2\/fonds?post=72049"},{"taxonomy":"tradition","embeddable":true,"href":"https:\/\/www.iemj.org\/es\/wp-json\/wp\/v2\/tradition?post=72049"},{"taxonomy":"type-de-contenu","embeddable":true,"href":"https:\/\/www.iemj.org\/es\/wp-json\/wp\/v2\/type-de-contenu?post=72049"},{"taxonomy":"interprete-compositeur","embeddable":true,"href":"https:\/\/www.iemj.org\/es\/wp-json\/wp\/v2\/interprete-compositeur?post=72049"},{"taxonomy":"frise","embeddable":true,"href":"https:\/\/www.iemj.org\/es\/wp-json\/wp\/v2\/frise?post=72049"},{"taxonomy":"type-devenement","embeddable":true,"href":"https:\/\/www.iemj.org\/es\/wp-json\/wp\/v2\/type-devenement?post=72049"},{"taxonomy":"tableaux-liens-externes","embeddable":true,"href":"https:\/\/www.iemj.org\/es\/wp-json\/wp\/v2\/tableaux-liens-externes?post=72049"}],"curies":[{"name":"wp","href":"https:\/\/api.w.org\/{rel}","templated":true}]}}