{"id":72082,"date":"2019-04-02T17:49:10","date_gmt":"2019-04-02T15:49:10","guid":{"rendered":"https:\/\/www.iemj.org\/collection-patrimoine-musicaux-des-juifs-de-france\/"},"modified":"2025-02-25T17:08:51","modified_gmt":"2025-02-25T16:08:51","slug":"collection-patrimoine-musicaux-des-juifs-de-france","status":"publish","type":"post","link":"https:\/\/www.iemj.org\/es\/collection-patrimoine-musicaux-des-juifs-de-france\/","title":{"rendered":"Colecci\u00f3n Patrimoines Musicaux des Juifs de France (Patrimonios Musicales de los Jud\u00edos de Francia)"},"content":{"rendered":"<div id=\"tw-target-text-container\" class=\"tw-ta-container F0azHf tw-nfl\" tabindex=\"0\">\n<p><strong><span class=\"Y2IQFc\" lang=\"es\">Ofrecemos aqu\u00ed una selecci\u00f3n de las mejores piezas de la colecci\u00f3n Patrimoine Musicaux des Juifs de France publicada por Editions de l&#8217;IEMJ<\/span> <br \/><\/strong><\/p>\n<\/div>\n<p><!--more-->La colecci\u00f3n \u00ab <span style=\"color: #2e2efe;\"><b>Patrimoines Musicaux des Juifs de France<\/b><\/span> \u00bb, (Patrimonios Musicales de los Jud\u00edos de Francia), basada en una amplia documentaci\u00f3n musicol\u00f3gica, se centra en las tradiciones musicales de los jud\u00edos de Francia como parte integrante del patrimonio musical franc\u00e9s.<\/p>\n<p><strong>\u00a0<\/strong><\/p>\n<p><img fetchpriority=\"high\" decoding=\"async\" class=\" aligncenter size-full wp-image-11200\" src=\"https:\/\/www.iemj.org\/wp-content\/uploads\/2019\/03\/coll_pmjf_def_500px.jpg\" alt=\"coll_pmjf_def_500px.jpg\" width=\"600\" height=\"256\" align=\"middle\" srcset=\"https:\/\/www.iemj.org\/wp-content\/uploads\/2019\/03\/coll_pmjf_def_500px.jpg 600w, https:\/\/www.iemj.org\/wp-content\/uploads\/2019\/03\/coll_pmjf_def_500px-300x128.jpg 300w\" sizes=\"(max-width: 600px) 100vw, 600px\" \/><\/p>\n<p>Visite <a href=\"https:\/\/www.youtube.com\/channel\/UCQ-cavbRAyuAB_X6fGfnGJg\" target=\"_blank\" rel=\"noopener\">nuestra p\u00e1gina de YouTube\u00a0<\/a>para escuchar m\u00e1s<br \/><a href=\"https:\/\/www.iemj.org\/es\/categorie-produit\/cd-es\/ediciones-del-iemj-es\/coleccion-pmjf\/\" target=\"_blank\" rel=\"noopener\">Pedir nuestros discos y partituras sobre la tienda online del IEMJ<\/a><\/p>\n<p><img decoding=\"async\" class=\"alignnone  wp-image-110610\" src=\"https:\/\/www.iemj.org\/wp-content\/uploads\/2024\/03\/AUDIO-PLAYER-300x39.png\" alt=\"\" width=\"615\" height=\"80\" srcset=\"https:\/\/www.iemj.org\/wp-content\/uploads\/2024\/03\/AUDIO-PLAYER-300x39.png 300w, https:\/\/www.iemj.org\/wp-content\/uploads\/2024\/03\/AUDIO-PLAYER-1024x133.png 1024w, https:\/\/www.iemj.org\/wp-content\/uploads\/2024\/03\/AUDIO-PLAYER-768x100.png 768w, https:\/\/www.iemj.org\/wp-content\/uploads\/2024\/03\/AUDIO-PLAYER-600x78.png 600w, https:\/\/www.iemj.org\/wp-content\/uploads\/2024\/03\/AUDIO-PLAYER.png 1210w\" sizes=\"(max-width: 615px) 100vw, 615px\" \/><\/p>\n\n\n<h2 class=\"wp-block-heading\"><\/h2>\n\n\n\n<div class=\"wp-block-file\"><a href=\"https:\/\/www.iemj.org\/wp-content\/uploads\/2016\/06\/enoch_psaumes_103_-_musiques_judeo-francaises_du_18_et_19eme_siecle_collection_patrimoine_musical_des_juifs_de_france_vol._2_.mp3\">Enoch, Psaumes 103 &#8211; Musiques jud\u00e9o-fran\u00e7aises du 18 et 19\u00e8me si\u00e8cle (Collection Patrimoine Musical des Juifs de France Vol. 2)<\/a><\/div>\n\n\n\n<div class=\"wp-block-file\"><a href=\"https:\/\/www.iemj.org\/wp-content\/uploads\/2016\/06\/ani_maamin_-_shalom_berlinski_collection_patrimoine_musical_des_juifs_de_france_vol._3_.mp3\">Ani maamin &#8211; Shalom Berlinski (Collection Patrimoine Musical des Juifs de France Vol. 3)<\/a><\/div>\n\n\n\n<div class=\"wp-block-file\"><a href=\"https:\/\/www.iemj.org\/wp-content\/uploads\/2016\/06\/coplas_sefardies_op._8__no._12_-_alberto_hemsi_collection_patrimoine_musical_des_juifs_de_france_vol._4_.mp3\">Coplas Sefardies, Op. 8_ No. 12 &#8211; Alberto Hemsi (Collection Patrimoine Musical des Juifs de France Vol. 4)<\/a><\/div>\n\n\n\n<div class=\"wp-block-file\"><a href=\"https:\/\/www.iemj.org\/wp-content\/uploads\/2016\/06\/lune_magique_-_fernand_helphen_collection_patrimoine_musical_des_juifs_de_france_vol._5_.mp3\">Lune Magique &#8211; Fernand Halphen (Collection Patrimoine Musical des Juifs de France Vol. 5)<\/a><\/div>\n\n\n\n<div class=\"wp-block-file\"><a href=\"https:\/\/www.iemj.org\/wp-content\/uploads\/2016\/06\/sola_-_variation_ladino_collection_patrimoine_musical_des_juifs_de_france_vol._6_.mp3\">Sola &#8211; Variation Ladino (Collection Patrimoine Musical des Juifs de France Vol. 6)<\/a><\/div>\n\n\n\n<div class=\"wp-block-file\"><a href=\"https:\/\/www.iemj.org\/wp-content\/uploads\/2016\/06\/seul_sur_le_chemin_-_jacques_grober_collection_patrimoine_musical_des_juifs_de_france_vol._7_.mp3\">Seul sur le chemin &#8211; Jacques Grober (Collection Patrimoine Musical des Juifs de France Vol. 7)<\/a><\/div>\n\n\n\n<div class=\"wp-block-file\"><a href=\"https:\/\/www.iemj.org\/wp-content\/uploads\/2016\/06\/suite_yiddish__no._1_chant_-_serge_kaufmann_collection_patrimoine_musical_des_juifs_de_france_vol._8_.mp3\">Suite yiddish_ No. 1, Chant &#8211; Serge Kaufmann (Collection Patrimoine Musical des Juifs de France Vol. 8)<\/a><\/div>\n\n\n\n<div class=\"wp-block-file\"><a href=\"https:\/\/www.iemj.org\/wp-content\/uploads\/2016\/06\/kol_nidre_sonata_for_solo_violin_-_kol_nidre_collection_patrimoine_musical_des_juifs_de_france_vol._9_.mp3\">Kol Nidre Sonata for Solo Violin &#8211; Kol Nidre (Collection Patrimoine Musical des Juifs de France Vol. 9)<\/a><\/div>\n\n\n\n<div class=\"wp-block-file\"><a href=\"https:\/\/www.iemj.org\/wp-content\/uploads\/2016\/06\/kol_haneshama_-_musiques_juives_baroques_collection_patrimoine_musical_des_juifs_de_france_vol._10_.mp3\">Kol Haneshama &#8211; Musiques juives baroques (Collection Patrimoine Musical des Juifs de France Vol. 10)<\/a><\/div>\n\n\n\n<div class=\"wp-block-file\"><a href=\"https:\/\/www.iemj.org\/wp-content\/uploads\/2016\/06\/le-david_adonay_psaume_27_-_psaumes_des_juifs_de_constantine_collection_patrimoine_musical_des_juifs_de_france_vol._11_.mp3\">Le-David Adonay (Psaume 27) &#8211; Psaumes des juifs de Constantine (Collection Patrimoine Musical des Juifs de France Vol. 11)<\/a><\/div>\n\n\n\n<div class=\"wp-block-file\"><a href=\"https:\/\/www.iemj.org\/wp-content\/uploads\/2016\/06\/ne_puis_ma_grant_joie_celer_-_juifs_et_trouveres_collection_patrimoine_musical_des_juifs_de_france_vol._12_.mp3\">Ne puis ma grant joie celer &#8211; Juifs et Trouv\u00e8res (Collection Patrimoine Musical des Juifs de France Vol. 12)<\/a><\/div>\n\n\n\n<div class=\"wp-block-file\"><a href=\"https:\/\/www.iemj.org\/wp-content\/uploads\/2016\/06\/keter-_adolphe_attia_pmjf_01_.mp3\">Keter &#8211; Adolphe Attia (Collection Patrimoine Musical des Juifs de France Vol. 1)<\/a><\/div>\n","protected":false},"excerpt":{"rendered":"<p>Ofrecemos aqu\u00ed una selecci\u00f3n de las mejores piezas de la colecci\u00f3n Patrimoine Musicaux des Juifs de France publicada por Editions de l&#8217;IEMJ<\/p>\n","protected":false},"author":1052,"featured_media":72084,"comment_status":"closed","ping_status":"closed","sticky":false,"template":"","format":"standard","meta":{"_acf_changed":false,"footnotes":""},"categories":[1535],"tags":[],"technique":[],"squelettes":[],"sujet":[],"formation":[],"genre":[],"fonds":[],"tradition":[],"type-de-contenu":[],"interprete-compositeur":[],"frise":[],"type-devenement":[],"tableaux-liens-externes":[],"class_list":["post-72082","post","type-post","status-publish","format-standard","has-post-thumbnail","hentry","category-listas-de-reproduccion-es"],"acf":[],"yoast_head":"<!-- This site is optimized with the Yoast SEO plugin v27.3 - https:\/\/yoast.com\/product\/yoast-seo-wordpress\/ -->\n<title>Colecci\u00f3n Patrimoines Musicaux des Juifs de France (Patrimonios Musicales de los Jud\u00edos de Francia) - Institut Europ\u00e9en des Musiques Juives<\/title>\n<meta name=\"robots\" content=\"index, follow, max-snippet:-1, max-image-preview:large, max-video-preview:-1\" \/>\n<link rel=\"canonical\" href=\"https:\/\/www.iemj.org\/es\/collection-patrimoine-musicaux-des-juifs-de-france\/\" \/>\n<meta property=\"og:locale\" content=\"es_ES\" \/>\n<meta property=\"og:type\" content=\"article\" \/>\n<meta property=\"og:title\" content=\"Colecci\u00f3n Patrimoines Musicaux des Juifs de France (Patrimonios Musicales de los Jud\u00edos de Francia) - Institut Europ\u00e9en des Musiques Juives\" \/>\n<meta property=\"og:description\" content=\"Ofrecemos aqu\u00ed una selecci\u00f3n de las mejores piezas de la colecci\u00f3n Patrimoine Musicaux des Juifs de France publicada por Editions de l&#8217;IEMJ\" \/>\n<meta property=\"og:url\" content=\"https:\/\/www.iemj.org\/es\/collection-patrimoine-musicaux-des-juifs-de-france\/\" \/>\n<meta property=\"og:site_name\" content=\"Institut Europ\u00e9en des Musiques Juives\" \/>\n<meta property=\"article:publisher\" content=\"https:\/\/www.facebook.com\/MusiquesJuives\/\" \/>\n<meta property=\"article:published_time\" content=\"2019-04-02T15:49:10+00:00\" \/>\n<meta property=\"article:modified_time\" content=\"2025-02-25T16:08:51+00:00\" \/>\n<meta property=\"og:image\" content=\"https:\/\/www.iemj.org\/wp-content\/uploads\/2019\/04\/arton4063.jpg\" \/>\n\t<meta property=\"og:image:width\" content=\"500\" \/>\n\t<meta property=\"og:image:height\" content=\"500\" \/>\n\t<meta property=\"og:image:type\" content=\"image\/jpeg\" \/>\n<meta name=\"author\" content=\"Lea Couderc\" \/>\n<meta name=\"twitter:card\" content=\"summary_large_image\" \/>\n<meta name=\"twitter:label1\" content=\"Escrito por\" \/>\n\t<meta name=\"twitter:data1\" content=\"Lea Couderc\" \/>\n\t<meta name=\"twitter:label2\" content=\"Tiempo de lectura\" \/>\n\t<meta name=\"twitter:data2\" content=\"2 minutos\" \/>\n<script type=\"application\/ld+json\" class=\"yoast-schema-graph\">{\"@context\":\"https:\\\/\\\/schema.org\",\"@graph\":[{\"@type\":\"Article\",\"@id\":\"https:\\\/\\\/www.iemj.org\\\/es\\\/collection-patrimoine-musicaux-des-juifs-de-france\\\/#article\",\"isPartOf\":{\"@id\":\"https:\\\/\\\/www.iemj.org\\\/es\\\/collection-patrimoine-musicaux-des-juifs-de-france\\\/\"},\"author\":{\"name\":\"Lea Couderc\",\"@id\":\"https:\\\/\\\/www.iemj.org\\\/es\\\/#\\\/schema\\\/person\\\/e2ad57f2c4be119c7ed8ab79036807a9\"},\"headline\":\"Colecci\u00f3n Patrimoines Musicaux des Juifs de France (Patrimonios Musicales de los Jud\u00edos de Francia)\",\"datePublished\":\"2019-04-02T15:49:10+00:00\",\"dateModified\":\"2025-02-25T16:08:51+00:00\",\"mainEntityOfPage\":{\"@id\":\"https:\\\/\\\/www.iemj.org\\\/es\\\/collection-patrimoine-musicaux-des-juifs-de-france\\\/\"},\"wordCount\":289,\"publisher\":{\"@id\":\"https:\\\/\\\/www.iemj.org\\\/es\\\/#organization\"},\"image\":{\"@id\":\"https:\\\/\\\/www.iemj.org\\\/es\\\/collection-patrimoine-musicaux-des-juifs-de-france\\\/#primaryimage\"},\"thumbnailUrl\":\"https:\\\/\\\/www.iemj.org\\\/wp-content\\\/uploads\\\/2019\\\/04\\\/arton4063.jpg\",\"articleSection\":[\"Listas de reproducci\u00f3n\"],\"inLanguage\":\"es\"},{\"@type\":\"WebPage\",\"@id\":\"https:\\\/\\\/www.iemj.org\\\/es\\\/collection-patrimoine-musicaux-des-juifs-de-france\\\/\",\"url\":\"https:\\\/\\\/www.iemj.org\\\/es\\\/collection-patrimoine-musicaux-des-juifs-de-france\\\/\",\"name\":\"Colecci\u00f3n Patrimoines Musicaux des Juifs de France (Patrimonios Musicales de los Jud\u00edos de Francia) - Institut Europ\u00e9en des Musiques Juives\",\"isPartOf\":{\"@id\":\"https:\\\/\\\/www.iemj.org\\\/es\\\/#website\"},\"primaryImageOfPage\":{\"@id\":\"https:\\\/\\\/www.iemj.org\\\/es\\\/collection-patrimoine-musicaux-des-juifs-de-france\\\/#primaryimage\"},\"image\":{\"@id\":\"https:\\\/\\\/www.iemj.org\\\/es\\\/collection-patrimoine-musicaux-des-juifs-de-france\\\/#primaryimage\"},\"thumbnailUrl\":\"https:\\\/\\\/www.iemj.org\\\/wp-content\\\/uploads\\\/2019\\\/04\\\/arton4063.jpg\",\"datePublished\":\"2019-04-02T15:49:10+00:00\",\"dateModified\":\"2025-02-25T16:08:51+00:00\",\"breadcrumb\":{\"@id\":\"https:\\\/\\\/www.iemj.org\\\/es\\\/collection-patrimoine-musicaux-des-juifs-de-france\\\/#breadcrumb\"},\"inLanguage\":\"es\",\"potentialAction\":[{\"@type\":\"ReadAction\",\"target\":[\"https:\\\/\\\/www.iemj.org\\\/es\\\/collection-patrimoine-musicaux-des-juifs-de-france\\\/\"]}]},{\"@type\":\"ImageObject\",\"inLanguage\":\"es\",\"@id\":\"https:\\\/\\\/www.iemj.org\\\/es\\\/collection-patrimoine-musicaux-des-juifs-de-france\\\/#primaryimage\",\"url\":\"https:\\\/\\\/www.iemj.org\\\/wp-content\\\/uploads\\\/2019\\\/04\\\/arton4063.jpg\",\"contentUrl\":\"https:\\\/\\\/www.iemj.org\\\/wp-content\\\/uploads\\\/2019\\\/04\\\/arton4063.jpg\",\"width\":500,\"height\":500},{\"@type\":\"BreadcrumbList\",\"@id\":\"https:\\\/\\\/www.iemj.org\\\/es\\\/collection-patrimoine-musicaux-des-juifs-de-france\\\/#breadcrumb\",\"itemListElement\":[{\"@type\":\"ListItem\",\"position\":1,\"name\":\"Accueil\",\"item\":\"https:\\\/\\\/www.iemj.org\\\/es\\\/\"},{\"@type\":\"ListItem\",\"position\":2,\"name\":\"Colecci\u00f3n Patrimoines Musicaux des Juifs de France (Patrimonios Musicales de los Jud\u00edos de Francia)\"}]},{\"@type\":\"WebSite\",\"@id\":\"https:\\\/\\\/www.iemj.org\\\/es\\\/#website\",\"url\":\"https:\\\/\\\/www.iemj.org\\\/es\\\/\",\"name\":\"Institut Europ\u00e9en des Musiques Juives\",\"description\":\"Des traditions musicales \u00e0 la port\u00e9e de tous\",\"publisher\":{\"@id\":\"https:\\\/\\\/www.iemj.org\\\/es\\\/#organization\"},\"potentialAction\":[{\"@type\":\"SearchAction\",\"target\":{\"@type\":\"EntryPoint\",\"urlTemplate\":\"https:\\\/\\\/www.iemj.org\\\/es\\\/?s={search_term_string}\"},\"query-input\":{\"@type\":\"PropertyValueSpecification\",\"valueRequired\":true,\"valueName\":\"search_term_string\"}}],\"inLanguage\":\"es\"},{\"@type\":\"Organization\",\"@id\":\"https:\\\/\\\/www.iemj.org\\\/es\\\/#organization\",\"name\":\"Institut Europ\u00e9en des Musiques Juives\",\"url\":\"https:\\\/\\\/www.iemj.org\\\/es\\\/\",\"logo\":{\"@type\":\"ImageObject\",\"inLanguage\":\"es\",\"@id\":\"https:\\\/\\\/www.iemj.org\\\/es\\\/#\\\/schema\\\/logo\\\/image\\\/\",\"url\":\"https:\\\/\\\/www.iemj.org\\\/wp-content\\\/uploads\\\/2021\\\/09\\\/Logo-IEMJ-Paypal.jpg\",\"contentUrl\":\"https:\\\/\\\/www.iemj.org\\\/wp-content\\\/uploads\\\/2021\\\/09\\\/Logo-IEMJ-Paypal.jpg\",\"width\":150,\"height\":50,\"caption\":\"Institut Europ\u00e9en des Musiques Juives\"},\"image\":{\"@id\":\"https:\\\/\\\/www.iemj.org\\\/es\\\/#\\\/schema\\\/logo\\\/image\\\/\"},\"sameAs\":[\"https:\\\/\\\/www.facebook.com\\\/MusiquesJuives\\\/\",\"https:\\\/\\\/www.instagram.com\\\/musiquesjuives\\\/\",\"https:\\\/\\\/www.youtube.com\\\/user\\\/musiquesjuives\"]},{\"@type\":\"Person\",\"@id\":\"https:\\\/\\\/www.iemj.org\\\/es\\\/#\\\/schema\\\/person\\\/e2ad57f2c4be119c7ed8ab79036807a9\",\"name\":\"Lea Couderc\",\"image\":{\"@type\":\"ImageObject\",\"inLanguage\":\"es\",\"@id\":\"https:\\\/\\\/secure.gravatar.com\\\/avatar\\\/46ee021475d60aeff17a7e490b79dea5a5684bb392ab7fd1494027411df8ba23?s=96&d=mm&r=g\",\"url\":\"https:\\\/\\\/secure.gravatar.com\\\/avatar\\\/46ee021475d60aeff17a7e490b79dea5a5684bb392ab7fd1494027411df8ba23?s=96&d=mm&r=g\",\"contentUrl\":\"https:\\\/\\\/secure.gravatar.com\\\/avatar\\\/46ee021475d60aeff17a7e490b79dea5a5684bb392ab7fd1494027411df8ba23?s=96&d=mm&r=g\",\"caption\":\"Lea Couderc\"}}]}<\/script>\n<!-- \/ Yoast SEO plugin. -->","yoast_head_json":{"title":"Colecci\u00f3n Patrimoines Musicaux des Juifs de France (Patrimonios Musicales de los Jud\u00edos de Francia) - Institut Europ\u00e9en des Musiques Juives","robots":{"index":"index","follow":"follow","max-snippet":"max-snippet:-1","max-image-preview":"max-image-preview:large","max-video-preview":"max-video-preview:-1"},"canonical":"https:\/\/www.iemj.org\/es\/collection-patrimoine-musicaux-des-juifs-de-france\/","og_locale":"es_ES","og_type":"article","og_title":"Colecci\u00f3n Patrimoines Musicaux des Juifs de France (Patrimonios Musicales de los Jud\u00edos de Francia) - Institut Europ\u00e9en des Musiques Juives","og_description":"Ofrecemos aqu\u00ed una selecci\u00f3n de las mejores piezas de la colecci\u00f3n Patrimoine Musicaux des Juifs de France publicada por Editions de l&#8217;IEMJ","og_url":"https:\/\/www.iemj.org\/es\/collection-patrimoine-musicaux-des-juifs-de-france\/","og_site_name":"Institut Europ\u00e9en des Musiques Juives","article_publisher":"https:\/\/www.facebook.com\/MusiquesJuives\/","article_published_time":"2019-04-02T15:49:10+00:00","article_modified_time":"2025-02-25T16:08:51+00:00","og_image":[{"width":500,"height":500,"url":"https:\/\/www.iemj.org\/wp-content\/uploads\/2019\/04\/arton4063.jpg","type":"image\/jpeg"}],"author":"Lea Couderc","twitter_card":"summary_large_image","twitter_misc":{"Escrito por":"Lea Couderc","Tiempo de lectura":"2 minutos"},"schema":{"@context":"https:\/\/schema.org","@graph":[{"@type":"Article","@id":"https:\/\/www.iemj.org\/es\/collection-patrimoine-musicaux-des-juifs-de-france\/#article","isPartOf":{"@id":"https:\/\/www.iemj.org\/es\/collection-patrimoine-musicaux-des-juifs-de-france\/"},"author":{"name":"Lea Couderc","@id":"https:\/\/www.iemj.org\/es\/#\/schema\/person\/e2ad57f2c4be119c7ed8ab79036807a9"},"headline":"Colecci\u00f3n Patrimoines Musicaux des Juifs de France (Patrimonios Musicales de los Jud\u00edos de Francia)","datePublished":"2019-04-02T15:49:10+00:00","dateModified":"2025-02-25T16:08:51+00:00","mainEntityOfPage":{"@id":"https:\/\/www.iemj.org\/es\/collection-patrimoine-musicaux-des-juifs-de-france\/"},"wordCount":289,"publisher":{"@id":"https:\/\/www.iemj.org\/es\/#organization"},"image":{"@id":"https:\/\/www.iemj.org\/es\/collection-patrimoine-musicaux-des-juifs-de-france\/#primaryimage"},"thumbnailUrl":"https:\/\/www.iemj.org\/wp-content\/uploads\/2019\/04\/arton4063.jpg","articleSection":["Listas de reproducci\u00f3n"],"inLanguage":"es"},{"@type":"WebPage","@id":"https:\/\/www.iemj.org\/es\/collection-patrimoine-musicaux-des-juifs-de-france\/","url":"https:\/\/www.iemj.org\/es\/collection-patrimoine-musicaux-des-juifs-de-france\/","name":"Colecci\u00f3n Patrimoines Musicaux des Juifs de France (Patrimonios Musicales de los Jud\u00edos de Francia) - Institut Europ\u00e9en des Musiques Juives","isPartOf":{"@id":"https:\/\/www.iemj.org\/es\/#website"},"primaryImageOfPage":{"@id":"https:\/\/www.iemj.org\/es\/collection-patrimoine-musicaux-des-juifs-de-france\/#primaryimage"},"image":{"@id":"https:\/\/www.iemj.org\/es\/collection-patrimoine-musicaux-des-juifs-de-france\/#primaryimage"},"thumbnailUrl":"https:\/\/www.iemj.org\/wp-content\/uploads\/2019\/04\/arton4063.jpg","datePublished":"2019-04-02T15:49:10+00:00","dateModified":"2025-02-25T16:08:51+00:00","breadcrumb":{"@id":"https:\/\/www.iemj.org\/es\/collection-patrimoine-musicaux-des-juifs-de-france\/#breadcrumb"},"inLanguage":"es","potentialAction":[{"@type":"ReadAction","target":["https:\/\/www.iemj.org\/es\/collection-patrimoine-musicaux-des-juifs-de-france\/"]}]},{"@type":"ImageObject","inLanguage":"es","@id":"https:\/\/www.iemj.org\/es\/collection-patrimoine-musicaux-des-juifs-de-france\/#primaryimage","url":"https:\/\/www.iemj.org\/wp-content\/uploads\/2019\/04\/arton4063.jpg","contentUrl":"https:\/\/www.iemj.org\/wp-content\/uploads\/2019\/04\/arton4063.jpg","width":500,"height":500},{"@type":"BreadcrumbList","@id":"https:\/\/www.iemj.org\/es\/collection-patrimoine-musicaux-des-juifs-de-france\/#breadcrumb","itemListElement":[{"@type":"ListItem","position":1,"name":"Accueil","item":"https:\/\/www.iemj.org\/es\/"},{"@type":"ListItem","position":2,"name":"Colecci\u00f3n Patrimoines Musicaux des Juifs de France (Patrimonios Musicales de los Jud\u00edos de Francia)"}]},{"@type":"WebSite","@id":"https:\/\/www.iemj.org\/es\/#website","url":"https:\/\/www.iemj.org\/es\/","name":"Institut Europ\u00e9en des Musiques Juives","description":"Des traditions musicales \u00e0 la port\u00e9e de tous","publisher":{"@id":"https:\/\/www.iemj.org\/es\/#organization"},"potentialAction":[{"@type":"SearchAction","target":{"@type":"EntryPoint","urlTemplate":"https:\/\/www.iemj.org\/es\/?s={search_term_string}"},"query-input":{"@type":"PropertyValueSpecification","valueRequired":true,"valueName":"search_term_string"}}],"inLanguage":"es"},{"@type":"Organization","@id":"https:\/\/www.iemj.org\/es\/#organization","name":"Institut Europ\u00e9en des Musiques Juives","url":"https:\/\/www.iemj.org\/es\/","logo":{"@type":"ImageObject","inLanguage":"es","@id":"https:\/\/www.iemj.org\/es\/#\/schema\/logo\/image\/","url":"https:\/\/www.iemj.org\/wp-content\/uploads\/2021\/09\/Logo-IEMJ-Paypal.jpg","contentUrl":"https:\/\/www.iemj.org\/wp-content\/uploads\/2021\/09\/Logo-IEMJ-Paypal.jpg","width":150,"height":50,"caption":"Institut Europ\u00e9en des Musiques Juives"},"image":{"@id":"https:\/\/www.iemj.org\/es\/#\/schema\/logo\/image\/"},"sameAs":["https:\/\/www.facebook.com\/MusiquesJuives\/","https:\/\/www.instagram.com\/musiquesjuives\/","https:\/\/www.youtube.com\/user\/musiquesjuives"]},{"@type":"Person","@id":"https:\/\/www.iemj.org\/es\/#\/schema\/person\/e2ad57f2c4be119c7ed8ab79036807a9","name":"Lea Couderc","image":{"@type":"ImageObject","inLanguage":"es","@id":"https:\/\/secure.gravatar.com\/avatar\/46ee021475d60aeff17a7e490b79dea5a5684bb392ab7fd1494027411df8ba23?s=96&d=mm&r=g","url":"https:\/\/secure.gravatar.com\/avatar\/46ee021475d60aeff17a7e490b79dea5a5684bb392ab7fd1494027411df8ba23?s=96&d=mm&r=g","contentUrl":"https:\/\/secure.gravatar.com\/avatar\/46ee021475d60aeff17a7e490b79dea5a5684bb392ab7fd1494027411df8ba23?s=96&d=mm&r=g","caption":"Lea Couderc"}}]}},"_links":{"self":[{"href":"https:\/\/www.iemj.org\/es\/wp-json\/wp\/v2\/posts\/72082","targetHints":{"allow":["GET"]}}],"collection":[{"href":"https:\/\/www.iemj.org\/es\/wp-json\/wp\/v2\/posts"}],"about":[{"href":"https:\/\/www.iemj.org\/es\/wp-json\/wp\/v2\/types\/post"}],"author":[{"embeddable":true,"href":"https:\/\/www.iemj.org\/es\/wp-json\/wp\/v2\/users\/1052"}],"replies":[{"embeddable":true,"href":"https:\/\/www.iemj.org\/es\/wp-json\/wp\/v2\/comments?post=72082"}],"version-history":[{"count":0,"href":"https:\/\/www.iemj.org\/es\/wp-json\/wp\/v2\/posts\/72082\/revisions"}],"wp:featuredmedia":[{"embeddable":true,"href":"https:\/\/www.iemj.org\/es\/wp-json\/wp\/v2\/media\/72084"}],"wp:attachment":[{"href":"https:\/\/www.iemj.org\/es\/wp-json\/wp\/v2\/media?parent=72082"}],"wp:term":[{"taxonomy":"category","embeddable":true,"href":"https:\/\/www.iemj.org\/es\/wp-json\/wp\/v2\/categories?post=72082"},{"taxonomy":"post_tag","embeddable":true,"href":"https:\/\/www.iemj.org\/es\/wp-json\/wp\/v2\/tags?post=72082"},{"taxonomy":"technique","embeddable":true,"href":"https:\/\/www.iemj.org\/es\/wp-json\/wp\/v2\/technique?post=72082"},{"taxonomy":"squelettes","embeddable":true,"href":"https:\/\/www.iemj.org\/es\/wp-json\/wp\/v2\/squelettes?post=72082"},{"taxonomy":"sujet","embeddable":true,"href":"https:\/\/www.iemj.org\/es\/wp-json\/wp\/v2\/sujet?post=72082"},{"taxonomy":"formation","embeddable":true,"href":"https:\/\/www.iemj.org\/es\/wp-json\/wp\/v2\/formation?post=72082"},{"taxonomy":"genre","embeddable":true,"href":"https:\/\/www.iemj.org\/es\/wp-json\/wp\/v2\/genre?post=72082"},{"taxonomy":"fonds","embeddable":true,"href":"https:\/\/www.iemj.org\/es\/wp-json\/wp\/v2\/fonds?post=72082"},{"taxonomy":"tradition","embeddable":true,"href":"https:\/\/www.iemj.org\/es\/wp-json\/wp\/v2\/tradition?post=72082"},{"taxonomy":"type-de-contenu","embeddable":true,"href":"https:\/\/www.iemj.org\/es\/wp-json\/wp\/v2\/type-de-contenu?post=72082"},{"taxonomy":"interprete-compositeur","embeddable":true,"href":"https:\/\/www.iemj.org\/es\/wp-json\/wp\/v2\/interprete-compositeur?post=72082"},{"taxonomy":"frise","embeddable":true,"href":"https:\/\/www.iemj.org\/es\/wp-json\/wp\/v2\/frise?post=72082"},{"taxonomy":"type-devenement","embeddable":true,"href":"https:\/\/www.iemj.org\/es\/wp-json\/wp\/v2\/type-devenement?post=72082"},{"taxonomy":"tableaux-liens-externes","embeddable":true,"href":"https:\/\/www.iemj.org\/es\/wp-json\/wp\/v2\/tableaux-liens-externes?post=72082"}],"curies":[{"name":"wp","href":"https:\/\/api.w.org\/{rel}","templated":true}]}}