{"id":72177,"date":"2016-04-05T17:33:43","date_gmt":"2016-04-05T15:33:43","guid":{"rendered":"https:\/\/www.iemj.org\/chants-des-juifs-du-maroc-1\/"},"modified":"2025-05-27T11:18:07","modified_gmt":"2025-05-27T09:18:07","slug":"chants-des-juifs-du-maroc-1","status":"publish","type":"post","link":"https:\/\/www.iemj.org\/es\/chants-des-juifs-du-maroc-1\/","title":{"rendered":"CANCIONES DE LOS JUD\u00cdOS DE MARRUECOS 1"},"content":{"rendered":"<p><strong>La m\u00fasica judeo-marroqu\u00ed proviene de la fusi\u00f3n de las culturas marroqu\u00edes y andaluzas.<\/strong><\/p>\n<p>Con el desarrollo de los medios de grabaci\u00f3n y la democratizaci\u00f3n de los vinilos, la m\u00fasica de los Jud\u00edos de Marruecos ha sido difundido por todo el mundo, dando lugar a nuevos int\u00e9rpretes.<\/p>\n<p><img decoding=\"async\" class=\" alignright size-full wp-image-10064\" src=\"https:\/\/www.iemj.org\/wp-content\/uploads\/2016\/04\/cd_472_couv500px25.jpg\" alt=\"cd_472_couv500px25.jpg\" width=\"125\" height=\"121\" align=\"right\" \/><\/p>\n<p>Es el caso de Sami El Maghribi, cuyo verdadero nombre es Salomon Amzallag, que es uno de los pioneros de la canci\u00f3n cl\u00e1sica marroqu\u00ed. En el estilo musical del Cha\u00e2bi marroqu\u00ed (melod\u00eda popular), la cantante Raymonde El Bidaouia se impone junto a Cheikh Mwijo.<\/p>\n<p><img decoding=\"async\" class=\"wp-image-10066 size-full alignright\" src=\"https:\/\/www.iemj.org\/wp-content\/uploads\/2016\/04\/cd_638_couv500px25.jpg\" alt=\"cd_638_couv500px25.jpg\" width=\"125\" height=\"111\" align=\"left\" \/><\/p>\n<p>Artistas m\u00e1s contempor\u00e1neos como Vanessa Paloma, cantante judeoespa\u00f1ola especializada en el repertorio musical judeo-marroqu\u00ed, o Keren Esther, que nos muestra la profundidad de su herencia musical arrullada por las canciones judeoespa\u00f1olas de su madre originaria de T\u00e1nger.<\/p>\n<p><img fetchpriority=\"high\" decoding=\"async\" class=\" aligncenter size-full wp-image-10068\" src=\"https:\/\/www.iemj.org\/wp-content\/uploads\/2016\/04\/doc_maroc500px.jpg\" alt=\"doc_maroc500px.jpg\" width=\"500\" height=\"168\" align=\"middle\" srcset=\"https:\/\/www.iemj.org\/wp-content\/uploads\/2016\/04\/doc_maroc500px.jpg 500w, https:\/\/www.iemj.org\/wp-content\/uploads\/2016\/04\/doc_maroc500px-300x101.jpg 300w\" sizes=\"(max-width: 500px) 100vw, 500px\" \/><\/p>\n<p><a href=\"https:\/\/www.iemj.org\/le-chant-judeo-espagnol-des-femmes-du-maroc\/\" target=\"_blank\" rel=\"noopener\">Escuchar la emisi\u00f3n de radio: Le chant jud\u00e9o-espagnol des femmes du Maroc [El canto judeo-espa\u00f1ol de las mujeres de Marruecos], con Vanessa Paloma y Herv\u00e9 Roten<\/a><br \/><a href=\"https:\/\/www.iemj.org\/es\/produit\/fuente-nueva\/\" target=\"_blank\" rel=\"noopener\">Pedir el CD Fuente Nueva &#8211; chants traditionnels jud\u00e9o-marocain [Cantos tradicionales judeo-marroqu\u00edes] Colecci\u00f3n D\u00e9couvertes (Descubiertas) 4<\/a><br \/><a href=\"http:\/\/www.akadem.org\/sommaire\/themes\/culture\/musique\/musique-judeo-andalouse\/orchestre-chabab-al-andalous-de-rabat-04-03-2008-7214_416.php\" target=\"_blank\" rel=\"noopener\">Ver el Orquesta\u201d Chabab Al Andalous\u201d de Rabat, con Ha\u00efm Louk en el sitio de Akadem<\/a><\/p>\n\n<div class=\"wp-block-image\">\n<figure class=\"aligncenter size-large\"><img loading=\"lazy\" decoding=\"async\" width=\"1024\" height=\"133\" src=\"https:\/\/www.iemj.org\/wp-content\/uploads\/2024\/03\/AUDIO-PLAYER-1024x133.png\" alt=\"\" class=\"wp-image-110610\" srcset=\"https:\/\/www.iemj.org\/wp-content\/uploads\/2024\/03\/AUDIO-PLAYER-1024x133.png 1024w, https:\/\/www.iemj.org\/wp-content\/uploads\/2024\/03\/AUDIO-PLAYER-300x39.png 300w, https:\/\/www.iemj.org\/wp-content\/uploads\/2024\/03\/AUDIO-PLAYER-768x100.png 768w, https:\/\/www.iemj.org\/wp-content\/uploads\/2024\/03\/AUDIO-PLAYER-600x78.png 600w, https:\/\/www.iemj.org\/wp-content\/uploads\/2024\/03\/AUDIO-PLAYER.png 1210w\" sizes=\"(max-width: 1024px) 100vw, 1024px\" \/><\/figure>\n<\/div>\n\n\n<h2 class=\"wp-block-heading\"><\/h2>\n\n\n\n<div class=\"wp-block-file\"><a href=\"https:\/\/www.iemj.org\/wp-content\/uploads\/2016\/04\/aalass_bdito_-_assaraf.mp3\">Aalass Bdito &#8211; ASSARAF<\/a><\/div>\n\n\n\n<div class=\"wp-block-file\"><a href=\"https:\/\/www.iemj.org\/wp-content\/uploads\/2016\/04\/ahdi_ainek_min_aini_-_samy_elmaghribi.mp3\">Ahdi ainek min aini &#8211; Samy ELMAGHRIBI<\/a><\/div>\n\n\n\n<div class=\"wp-block-file\"><a href=\"https:\/\/www.iemj.org\/wp-content\/uploads\/2016\/04\/alelumbre_-_keren_esther.mp3\">Alelumbre &#8211; Keren ESTHER<\/a><\/div>\n\n\n\n<div class=\"wp-block-file\"><a href=\"https:\/\/www.iemj.org\/wp-content\/uploads\/2016\/04\/chir_melekh_-_victor_malka.mp3\">Chir Melekh &#8211; Victor MALKA<\/a><\/div>\n\n\n\n<div class=\"wp-block-file\"><a href=\"https:\/\/www.iemj.org\/wp-content\/uploads\/2016\/04\/fel_shara_-_keren_esther.mp3\">Fel Shara &#8211; Keren ESTHER<\/a><\/div>\n\n\n\n<div class=\"wp-block-file\"><a href=\"https:\/\/www.iemj.org\/wp-content\/uploads\/2016\/04\/gzali_houwa_sbadi_-_cheikh_mwijo.mp3\">Gzali Houwa Sbadi &#8211; Cheikh MWIJO<\/a><\/div>\n\n\n\n<div class=\"wp-block-file\"><a href=\"https:\/\/www.iemj.org\/wp-content\/uploads\/2016\/04\/lavava_y_suspirava_-_vanessa_paloma.mp3\">Lavava y Suspirava &#8211; Vanessa PALOMA<\/a><\/div>\n\n\n\n<div class=\"wp-block-file\"><a href=\"https:\/\/www.iemj.org\/wp-content\/uploads\/2016\/04\/mssat_ailaya_-_jo_amar.mp3\">Mssat Ailaya &#8211; Jo AMAR<\/a><\/div>\n\n\n\n<div class=\"wp-block-file\"><a href=\"https:\/\/www.iemj.org\/wp-content\/uploads\/2016\/04\/rah_khlani_mouimti_-_raymonde.mp3\">Rah Khlani Mouimti &#8211; Raymonde<\/a><\/div>\n\n\n\n<div class=\"wp-block-file\"><a href=\"https:\/\/www.iemj.org\/wp-content\/uploads\/2016\/04\/sadat_elghadar_-_charli.mp3\">Sadat Elghadar &#8211; CHARLI<\/a><\/div>\n\n\n\n<div class=\"wp-block-file\"><a href=\"https:\/\/www.iemj.org\/wp-content\/uploads\/2016\/04\/tsam_a_nafshi_le-el_temim_de_im_-_david_bouzaglo.mp3\">Tsam\u2019a Nafshi Le-el Temim De\u2019im &#8211; David BOUZAGLO<\/a><\/div>\n","protected":false},"excerpt":{"rendered":"<p>La m\u00fasica judeo-marroqu\u00ed proviene de la fusi\u00f3n de las culturas marroqu\u00edes y andaluzas. Con el desarrollo de los medios de grabaci\u00f3n y la democratizaci\u00f3n de los vinilos, la m\u00fasica de<\/p>\n","protected":false},"author":1052,"featured_media":72178,"comment_status":"closed","ping_status":"open","sticky":false,"template":"","format":"standard","meta":{"_acf_changed":false,"footnotes":""},"categories":[1535],"tags":[],"technique":[],"squelettes":[],"sujet":[],"formation":[],"genre":[],"fonds":[],"tradition":[],"type-de-contenu":[],"interprete-compositeur":[],"frise":[],"type-devenement":[],"tableaux-liens-externes":[],"class_list":["post-72177","post","type-post","status-publish","format-standard","has-post-thumbnail","hentry","category-listas-de-reproduccion-es"],"acf":[],"yoast_head":"<!-- This site is optimized with the Yoast SEO plugin v27.3 - https:\/\/yoast.com\/product\/yoast-seo-wordpress\/ -->\n<title>CANCIONES DE LOS JUD\u00cdOS DE MARRUECOS 1 - Institut Europ\u00e9en des Musiques Juives<\/title>\n<meta name=\"robots\" content=\"index, follow, max-snippet:-1, max-image-preview:large, max-video-preview:-1\" \/>\n<link rel=\"canonical\" href=\"https:\/\/www.iemj.org\/es\/chants-des-juifs-du-maroc-1\/\" \/>\n<meta property=\"og:locale\" content=\"es_ES\" \/>\n<meta property=\"og:type\" content=\"article\" \/>\n<meta property=\"og:title\" content=\"CANCIONES DE LOS JUD\u00cdOS DE MARRUECOS 1 - Institut Europ\u00e9en des Musiques Juives\" \/>\n<meta property=\"og:description\" content=\"La m\u00fasica judeo-marroqu\u00ed proviene de la fusi\u00f3n de las culturas marroqu\u00edes y andaluzas. Con el desarrollo de los medios de grabaci\u00f3n y la democratizaci\u00f3n de los vinilos, la m\u00fasica de\" \/>\n<meta property=\"og:url\" content=\"https:\/\/www.iemj.org\/es\/chants-des-juifs-du-maroc-1\/\" \/>\n<meta property=\"og:site_name\" content=\"Institut Europ\u00e9en des Musiques Juives\" \/>\n<meta property=\"article:publisher\" content=\"https:\/\/www.facebook.com\/MusiquesJuives\/\" \/>\n<meta property=\"article:published_time\" content=\"2016-04-05T15:33:43+00:00\" \/>\n<meta property=\"article:modified_time\" content=\"2025-05-27T09:18:07+00:00\" \/>\n<meta property=\"og:image\" content=\"https:\/\/www.iemj.org\/wp-content\/uploads\/2016\/04\/arton1583.jpg\" \/>\n\t<meta property=\"og:image:width\" content=\"500\" \/>\n\t<meta property=\"og:image:height\" content=\"649\" \/>\n\t<meta property=\"og:image:type\" content=\"image\/jpeg\" \/>\n<meta name=\"author\" content=\"Lea Couderc\" \/>\n<meta name=\"twitter:card\" content=\"summary_large_image\" \/>\n<meta name=\"twitter:label1\" content=\"Escrito por\" \/>\n\t<meta name=\"twitter:data1\" content=\"Lea Couderc\" \/>\n\t<meta name=\"twitter:label2\" content=\"Tiempo de lectura\" \/>\n\t<meta name=\"twitter:data2\" content=\"2 minutos\" \/>\n<script type=\"application\/ld+json\" class=\"yoast-schema-graph\">{\"@context\":\"https:\\\/\\\/schema.org\",\"@graph\":[{\"@type\":\"Article\",\"@id\":\"https:\\\/\\\/www.iemj.org\\\/es\\\/chants-des-juifs-du-maroc-1\\\/#article\",\"isPartOf\":{\"@id\":\"https:\\\/\\\/www.iemj.org\\\/es\\\/chants-des-juifs-du-maroc-1\\\/\"},\"author\":{\"name\":\"Lea Couderc\",\"@id\":\"https:\\\/\\\/www.iemj.org\\\/es\\\/#\\\/schema\\\/person\\\/e2ad57f2c4be119c7ed8ab79036807a9\"},\"headline\":\"CANCIONES DE LOS JUD\u00cdOS DE MARRUECOS 1\",\"datePublished\":\"2016-04-05T15:33:43+00:00\",\"dateModified\":\"2025-05-27T09:18:07+00:00\",\"mainEntityOfPage\":{\"@id\":\"https:\\\/\\\/www.iemj.org\\\/es\\\/chants-des-juifs-du-maroc-1\\\/\"},\"wordCount\":277,\"publisher\":{\"@id\":\"https:\\\/\\\/www.iemj.org\\\/es\\\/#organization\"},\"image\":{\"@id\":\"https:\\\/\\\/www.iemj.org\\\/es\\\/chants-des-juifs-du-maroc-1\\\/#primaryimage\"},\"thumbnailUrl\":\"https:\\\/\\\/www.iemj.org\\\/wp-content\\\/uploads\\\/2016\\\/04\\\/arton1583.jpg\",\"articleSection\":[\"Listas de reproducci\u00f3n\"],\"inLanguage\":\"es\"},{\"@type\":\"WebPage\",\"@id\":\"https:\\\/\\\/www.iemj.org\\\/es\\\/chants-des-juifs-du-maroc-1\\\/\",\"url\":\"https:\\\/\\\/www.iemj.org\\\/es\\\/chants-des-juifs-du-maroc-1\\\/\",\"name\":\"CANCIONES DE LOS JUD\u00cdOS DE MARRUECOS 1 - Institut Europ\u00e9en des Musiques Juives\",\"isPartOf\":{\"@id\":\"https:\\\/\\\/www.iemj.org\\\/es\\\/#website\"},\"primaryImageOfPage\":{\"@id\":\"https:\\\/\\\/www.iemj.org\\\/es\\\/chants-des-juifs-du-maroc-1\\\/#primaryimage\"},\"image\":{\"@id\":\"https:\\\/\\\/www.iemj.org\\\/es\\\/chants-des-juifs-du-maroc-1\\\/#primaryimage\"},\"thumbnailUrl\":\"https:\\\/\\\/www.iemj.org\\\/wp-content\\\/uploads\\\/2016\\\/04\\\/arton1583.jpg\",\"datePublished\":\"2016-04-05T15:33:43+00:00\",\"dateModified\":\"2025-05-27T09:18:07+00:00\",\"breadcrumb\":{\"@id\":\"https:\\\/\\\/www.iemj.org\\\/es\\\/chants-des-juifs-du-maroc-1\\\/#breadcrumb\"},\"inLanguage\":\"es\",\"potentialAction\":[{\"@type\":\"ReadAction\",\"target\":[\"https:\\\/\\\/www.iemj.org\\\/es\\\/chants-des-juifs-du-maroc-1\\\/\"]}]},{\"@type\":\"ImageObject\",\"inLanguage\":\"es\",\"@id\":\"https:\\\/\\\/www.iemj.org\\\/es\\\/chants-des-juifs-du-maroc-1\\\/#primaryimage\",\"url\":\"https:\\\/\\\/www.iemj.org\\\/wp-content\\\/uploads\\\/2016\\\/04\\\/arton1583.jpg\",\"contentUrl\":\"https:\\\/\\\/www.iemj.org\\\/wp-content\\\/uploads\\\/2016\\\/04\\\/arton1583.jpg\",\"width\":500,\"height\":649},{\"@type\":\"BreadcrumbList\",\"@id\":\"https:\\\/\\\/www.iemj.org\\\/es\\\/chants-des-juifs-du-maroc-1\\\/#breadcrumb\",\"itemListElement\":[{\"@type\":\"ListItem\",\"position\":1,\"name\":\"Accueil\",\"item\":\"https:\\\/\\\/www.iemj.org\\\/es\\\/\"},{\"@type\":\"ListItem\",\"position\":2,\"name\":\"CANCIONES DE LOS JUD\u00cdOS DE MARRUECOS 1\"}]},{\"@type\":\"WebSite\",\"@id\":\"https:\\\/\\\/www.iemj.org\\\/es\\\/#website\",\"url\":\"https:\\\/\\\/www.iemj.org\\\/es\\\/\",\"name\":\"Institut Europ\u00e9en des Musiques Juives\",\"description\":\"Des traditions musicales \u00e0 la port\u00e9e de tous\",\"publisher\":{\"@id\":\"https:\\\/\\\/www.iemj.org\\\/es\\\/#organization\"},\"potentialAction\":[{\"@type\":\"SearchAction\",\"target\":{\"@type\":\"EntryPoint\",\"urlTemplate\":\"https:\\\/\\\/www.iemj.org\\\/es\\\/?s={search_term_string}\"},\"query-input\":{\"@type\":\"PropertyValueSpecification\",\"valueRequired\":true,\"valueName\":\"search_term_string\"}}],\"inLanguage\":\"es\"},{\"@type\":\"Organization\",\"@id\":\"https:\\\/\\\/www.iemj.org\\\/es\\\/#organization\",\"name\":\"Institut Europ\u00e9en des Musiques Juives\",\"url\":\"https:\\\/\\\/www.iemj.org\\\/es\\\/\",\"logo\":{\"@type\":\"ImageObject\",\"inLanguage\":\"es\",\"@id\":\"https:\\\/\\\/www.iemj.org\\\/es\\\/#\\\/schema\\\/logo\\\/image\\\/\",\"url\":\"https:\\\/\\\/www.iemj.org\\\/wp-content\\\/uploads\\\/2021\\\/09\\\/Logo-IEMJ-Paypal.jpg\",\"contentUrl\":\"https:\\\/\\\/www.iemj.org\\\/wp-content\\\/uploads\\\/2021\\\/09\\\/Logo-IEMJ-Paypal.jpg\",\"width\":150,\"height\":50,\"caption\":\"Institut Europ\u00e9en des Musiques Juives\"},\"image\":{\"@id\":\"https:\\\/\\\/www.iemj.org\\\/es\\\/#\\\/schema\\\/logo\\\/image\\\/\"},\"sameAs\":[\"https:\\\/\\\/www.facebook.com\\\/MusiquesJuives\\\/\",\"https:\\\/\\\/www.instagram.com\\\/musiquesjuives\\\/\",\"https:\\\/\\\/www.youtube.com\\\/user\\\/musiquesjuives\"]},{\"@type\":\"Person\",\"@id\":\"https:\\\/\\\/www.iemj.org\\\/es\\\/#\\\/schema\\\/person\\\/e2ad57f2c4be119c7ed8ab79036807a9\",\"name\":\"Lea Couderc\",\"image\":{\"@type\":\"ImageObject\",\"inLanguage\":\"es\",\"@id\":\"https:\\\/\\\/secure.gravatar.com\\\/avatar\\\/46ee021475d60aeff17a7e490b79dea5a5684bb392ab7fd1494027411df8ba23?s=96&d=mm&r=g\",\"url\":\"https:\\\/\\\/secure.gravatar.com\\\/avatar\\\/46ee021475d60aeff17a7e490b79dea5a5684bb392ab7fd1494027411df8ba23?s=96&d=mm&r=g\",\"contentUrl\":\"https:\\\/\\\/secure.gravatar.com\\\/avatar\\\/46ee021475d60aeff17a7e490b79dea5a5684bb392ab7fd1494027411df8ba23?s=96&d=mm&r=g\",\"caption\":\"Lea Couderc\"}}]}<\/script>\n<!-- \/ Yoast SEO plugin. -->","yoast_head_json":{"title":"CANCIONES DE LOS JUD\u00cdOS DE MARRUECOS 1 - Institut Europ\u00e9en des Musiques Juives","robots":{"index":"index","follow":"follow","max-snippet":"max-snippet:-1","max-image-preview":"max-image-preview:large","max-video-preview":"max-video-preview:-1"},"canonical":"https:\/\/www.iemj.org\/es\/chants-des-juifs-du-maroc-1\/","og_locale":"es_ES","og_type":"article","og_title":"CANCIONES DE LOS JUD\u00cdOS DE MARRUECOS 1 - Institut Europ\u00e9en des Musiques Juives","og_description":"La m\u00fasica judeo-marroqu\u00ed proviene de la fusi\u00f3n de las culturas marroqu\u00edes y andaluzas. Con el desarrollo de los medios de grabaci\u00f3n y la democratizaci\u00f3n de los vinilos, la m\u00fasica de","og_url":"https:\/\/www.iemj.org\/es\/chants-des-juifs-du-maroc-1\/","og_site_name":"Institut Europ\u00e9en des Musiques Juives","article_publisher":"https:\/\/www.facebook.com\/MusiquesJuives\/","article_published_time":"2016-04-05T15:33:43+00:00","article_modified_time":"2025-05-27T09:18:07+00:00","og_image":[{"width":500,"height":649,"url":"https:\/\/www.iemj.org\/wp-content\/uploads\/2016\/04\/arton1583.jpg","type":"image\/jpeg"}],"author":"Lea Couderc","twitter_card":"summary_large_image","twitter_misc":{"Escrito por":"Lea Couderc","Tiempo de lectura":"2 minutos"},"schema":{"@context":"https:\/\/schema.org","@graph":[{"@type":"Article","@id":"https:\/\/www.iemj.org\/es\/chants-des-juifs-du-maroc-1\/#article","isPartOf":{"@id":"https:\/\/www.iemj.org\/es\/chants-des-juifs-du-maroc-1\/"},"author":{"name":"Lea Couderc","@id":"https:\/\/www.iemj.org\/es\/#\/schema\/person\/e2ad57f2c4be119c7ed8ab79036807a9"},"headline":"CANCIONES DE LOS JUD\u00cdOS DE MARRUECOS 1","datePublished":"2016-04-05T15:33:43+00:00","dateModified":"2025-05-27T09:18:07+00:00","mainEntityOfPage":{"@id":"https:\/\/www.iemj.org\/es\/chants-des-juifs-du-maroc-1\/"},"wordCount":277,"publisher":{"@id":"https:\/\/www.iemj.org\/es\/#organization"},"image":{"@id":"https:\/\/www.iemj.org\/es\/chants-des-juifs-du-maroc-1\/#primaryimage"},"thumbnailUrl":"https:\/\/www.iemj.org\/wp-content\/uploads\/2016\/04\/arton1583.jpg","articleSection":["Listas de reproducci\u00f3n"],"inLanguage":"es"},{"@type":"WebPage","@id":"https:\/\/www.iemj.org\/es\/chants-des-juifs-du-maroc-1\/","url":"https:\/\/www.iemj.org\/es\/chants-des-juifs-du-maroc-1\/","name":"CANCIONES DE LOS JUD\u00cdOS DE MARRUECOS 1 - Institut Europ\u00e9en des Musiques Juives","isPartOf":{"@id":"https:\/\/www.iemj.org\/es\/#website"},"primaryImageOfPage":{"@id":"https:\/\/www.iemj.org\/es\/chants-des-juifs-du-maroc-1\/#primaryimage"},"image":{"@id":"https:\/\/www.iemj.org\/es\/chants-des-juifs-du-maroc-1\/#primaryimage"},"thumbnailUrl":"https:\/\/www.iemj.org\/wp-content\/uploads\/2016\/04\/arton1583.jpg","datePublished":"2016-04-05T15:33:43+00:00","dateModified":"2025-05-27T09:18:07+00:00","breadcrumb":{"@id":"https:\/\/www.iemj.org\/es\/chants-des-juifs-du-maroc-1\/#breadcrumb"},"inLanguage":"es","potentialAction":[{"@type":"ReadAction","target":["https:\/\/www.iemj.org\/es\/chants-des-juifs-du-maroc-1\/"]}]},{"@type":"ImageObject","inLanguage":"es","@id":"https:\/\/www.iemj.org\/es\/chants-des-juifs-du-maroc-1\/#primaryimage","url":"https:\/\/www.iemj.org\/wp-content\/uploads\/2016\/04\/arton1583.jpg","contentUrl":"https:\/\/www.iemj.org\/wp-content\/uploads\/2016\/04\/arton1583.jpg","width":500,"height":649},{"@type":"BreadcrumbList","@id":"https:\/\/www.iemj.org\/es\/chants-des-juifs-du-maroc-1\/#breadcrumb","itemListElement":[{"@type":"ListItem","position":1,"name":"Accueil","item":"https:\/\/www.iemj.org\/es\/"},{"@type":"ListItem","position":2,"name":"CANCIONES DE LOS JUD\u00cdOS DE MARRUECOS 1"}]},{"@type":"WebSite","@id":"https:\/\/www.iemj.org\/es\/#website","url":"https:\/\/www.iemj.org\/es\/","name":"Institut Europ\u00e9en des Musiques Juives","description":"Des traditions musicales \u00e0 la port\u00e9e de tous","publisher":{"@id":"https:\/\/www.iemj.org\/es\/#organization"},"potentialAction":[{"@type":"SearchAction","target":{"@type":"EntryPoint","urlTemplate":"https:\/\/www.iemj.org\/es\/?s={search_term_string}"},"query-input":{"@type":"PropertyValueSpecification","valueRequired":true,"valueName":"search_term_string"}}],"inLanguage":"es"},{"@type":"Organization","@id":"https:\/\/www.iemj.org\/es\/#organization","name":"Institut Europ\u00e9en des Musiques Juives","url":"https:\/\/www.iemj.org\/es\/","logo":{"@type":"ImageObject","inLanguage":"es","@id":"https:\/\/www.iemj.org\/es\/#\/schema\/logo\/image\/","url":"https:\/\/www.iemj.org\/wp-content\/uploads\/2021\/09\/Logo-IEMJ-Paypal.jpg","contentUrl":"https:\/\/www.iemj.org\/wp-content\/uploads\/2021\/09\/Logo-IEMJ-Paypal.jpg","width":150,"height":50,"caption":"Institut Europ\u00e9en des Musiques Juives"},"image":{"@id":"https:\/\/www.iemj.org\/es\/#\/schema\/logo\/image\/"},"sameAs":["https:\/\/www.facebook.com\/MusiquesJuives\/","https:\/\/www.instagram.com\/musiquesjuives\/","https:\/\/www.youtube.com\/user\/musiquesjuives"]},{"@type":"Person","@id":"https:\/\/www.iemj.org\/es\/#\/schema\/person\/e2ad57f2c4be119c7ed8ab79036807a9","name":"Lea Couderc","image":{"@type":"ImageObject","inLanguage":"es","@id":"https:\/\/secure.gravatar.com\/avatar\/46ee021475d60aeff17a7e490b79dea5a5684bb392ab7fd1494027411df8ba23?s=96&d=mm&r=g","url":"https:\/\/secure.gravatar.com\/avatar\/46ee021475d60aeff17a7e490b79dea5a5684bb392ab7fd1494027411df8ba23?s=96&d=mm&r=g","contentUrl":"https:\/\/secure.gravatar.com\/avatar\/46ee021475d60aeff17a7e490b79dea5a5684bb392ab7fd1494027411df8ba23?s=96&d=mm&r=g","caption":"Lea Couderc"}}]}},"_links":{"self":[{"href":"https:\/\/www.iemj.org\/es\/wp-json\/wp\/v2\/posts\/72177","targetHints":{"allow":["GET"]}}],"collection":[{"href":"https:\/\/www.iemj.org\/es\/wp-json\/wp\/v2\/posts"}],"about":[{"href":"https:\/\/www.iemj.org\/es\/wp-json\/wp\/v2\/types\/post"}],"author":[{"embeddable":true,"href":"https:\/\/www.iemj.org\/es\/wp-json\/wp\/v2\/users\/1052"}],"replies":[{"embeddable":true,"href":"https:\/\/www.iemj.org\/es\/wp-json\/wp\/v2\/comments?post=72177"}],"version-history":[{"count":0,"href":"https:\/\/www.iemj.org\/es\/wp-json\/wp\/v2\/posts\/72177\/revisions"}],"wp:featuredmedia":[{"embeddable":true,"href":"https:\/\/www.iemj.org\/es\/wp-json\/wp\/v2\/media\/72178"}],"wp:attachment":[{"href":"https:\/\/www.iemj.org\/es\/wp-json\/wp\/v2\/media?parent=72177"}],"wp:term":[{"taxonomy":"category","embeddable":true,"href":"https:\/\/www.iemj.org\/es\/wp-json\/wp\/v2\/categories?post=72177"},{"taxonomy":"post_tag","embeddable":true,"href":"https:\/\/www.iemj.org\/es\/wp-json\/wp\/v2\/tags?post=72177"},{"taxonomy":"technique","embeddable":true,"href":"https:\/\/www.iemj.org\/es\/wp-json\/wp\/v2\/technique?post=72177"},{"taxonomy":"squelettes","embeddable":true,"href":"https:\/\/www.iemj.org\/es\/wp-json\/wp\/v2\/squelettes?post=72177"},{"taxonomy":"sujet","embeddable":true,"href":"https:\/\/www.iemj.org\/es\/wp-json\/wp\/v2\/sujet?post=72177"},{"taxonomy":"formation","embeddable":true,"href":"https:\/\/www.iemj.org\/es\/wp-json\/wp\/v2\/formation?post=72177"},{"taxonomy":"genre","embeddable":true,"href":"https:\/\/www.iemj.org\/es\/wp-json\/wp\/v2\/genre?post=72177"},{"taxonomy":"fonds","embeddable":true,"href":"https:\/\/www.iemj.org\/es\/wp-json\/wp\/v2\/fonds?post=72177"},{"taxonomy":"tradition","embeddable":true,"href":"https:\/\/www.iemj.org\/es\/wp-json\/wp\/v2\/tradition?post=72177"},{"taxonomy":"type-de-contenu","embeddable":true,"href":"https:\/\/www.iemj.org\/es\/wp-json\/wp\/v2\/type-de-contenu?post=72177"},{"taxonomy":"interprete-compositeur","embeddable":true,"href":"https:\/\/www.iemj.org\/es\/wp-json\/wp\/v2\/interprete-compositeur?post=72177"},{"taxonomy":"frise","embeddable":true,"href":"https:\/\/www.iemj.org\/es\/wp-json\/wp\/v2\/frise?post=72177"},{"taxonomy":"type-devenement","embeddable":true,"href":"https:\/\/www.iemj.org\/es\/wp-json\/wp\/v2\/type-devenement?post=72177"},{"taxonomy":"tableaux-liens-externes","embeddable":true,"href":"https:\/\/www.iemj.org\/es\/wp-json\/wp\/v2\/tableaux-liens-externes?post=72177"}],"curies":[{"name":"wp","href":"https:\/\/api.w.org\/{rel}","templated":true}]}}