{"id":72228,"date":"2020-05-19T15:48:33","date_gmt":"2020-05-19T13:48:33","guid":{"rendered":"https:\/\/www.iemj.org\/le-hassidisme-et-ses-musiques\/"},"modified":"2025-10-23T10:45:39","modified_gmt":"2025-10-23T08:45:39","slug":"le-hassidisme-et-ses-musiques","status":"publish","type":"post","link":"https:\/\/www.iemj.org\/es\/le-hassidisme-et-ses-musiques\/","title":{"rendered":"El jas\u00eddismo y sus m\u00fasicas"},"content":{"rendered":"\n<p>El jas\u00eddismo, corriente m\u00edstico jud\u00edo nacido en Europa del Este en la mitad del siglo XVIII, favoreci\u00f3 la emergencia de numerosas m\u00fasicas teniendo el objetivo trascender las impurezas de este mundo&#8230;<\/p>\n\n\n\n<!--more-->\n\n\n\n<p>En la mitad del siglo XVIII, la miseria y las persecuciones que golpean fuertemente a los Jud\u00edos de Europa del Este han conducido estos \u00faltimos a un profundo repliegue sobre ellos mismos. Despu\u00e9s de la desilusi\u00f3n engendrada por la apostas\u00eda del falso Mes\u00edas Sabbata\u00ef Tsevi, numerosos Jud\u00edos sucumbieron a un misticismo ambiente que conduzco a la emergencia del movimiento jas\u00eddico.<\/p>\n\n\n\n<div style=\"height:15px\" aria-hidden=\"true\" class=\"wp-block-spacer\"><\/div>\n\n\n<div class=\"wp-block-image\">\n<figure class=\"alignleft\"><img decoding=\"async\" width=\"150\" height=\"225\" src=\"https:\/\/www.iemj.org\/wp-content\/uploads\/2020\/05\/ben_eliezer_225_px_vertic.jpg\" alt=\"ben_eliezer_225_px_vertic.jpg\" class=\"wp-image-28691\"\/><\/figure>\n<\/div>\n\n\n<p>El jas\u00eddismo fue fundado en Podolia por <strong>Isra\u00ebl ben Eliezer Baal Chem Tov\u00a0<\/strong>(1700-1760). Percibido al origen como una reacci\u00f3n al intelectualismo austero de los rabis, este movimiento de inspiraci\u00f3n popular preconiza la accesi\u00f3n al divino por la alegr\u00eda (<em>simha<\/em>) y el entusiasmo (<em>hitlavout<\/em>) en la oraci\u00f3n. A esta doctrina, inspirada por el corriente cabal\u00edstico de Safed, se a\u00f1ade el concepto de <em>deveqout<\/em>\u00a0(\u00abapego\u00bb) que marc\u00f3 un estado de adhesi\u00f3n total a Dios en todos los actos cotidianos de la vida. As\u00ed el <em>hasid<\/em> sirve a su creador incluso cuando come o bebe, a la condici\u00f3n hacerlo en un esp\u00edritu de santidad.<\/p>\n\n\n\n<p>Aunque contestado por las instancias oficiales de la comunidad jud\u00eda (los <em>mitnagedim<\/em>), el movimiento jas\u00eddico ha conocido una expansi\u00f3n r\u00e1pida: se estima que posiblemente habia conquistado m\u00e1s de la mitad de la poblaci\u00f3n jud\u00eda oriental al inicio del siglo XIX. A la cabeza de los <em>hasidim<\/em>&nbsp;\u00abreina\u00bb un <em>tsadik<\/em>&nbsp;quien mantiene una verdadera corte. La carga de &nbsp;<em>tsadik<\/em>, primera transmitida del maestro al disc\u00edpulo m\u00e1s prestigioso, se vuelve progresivamente hereditario al punto de engendrar verdaderas linajes din\u00e1sticas. Cada dinast\u00eda &#8211; generalmente llamada por el nombre de la ciudad donde los ancestros hab\u00edan establecidos sus cortes &#8211; ha desarrollado tradiciones originales; sin embargo todas han conservados el uso del yiddish y de algunas practicas comunas. Entre ellas ocupan un lugar destacado el baile y el canto.<\/p>\n\n\n<div class=\"wp-block-image\">\n<figure class=\"alignright\"><img fetchpriority=\"high\" decoding=\"async\" width=\"300\" height=\"195\" src=\"https:\/\/www.iemj.org\/wp-content\/uploads\/2020\/05\/dynastie_hassidique_de_gour_300_px_larg.jpg\" alt=\"dynastie_hassidique_de_gour_300_px_larg.jpg\" class=\"wp-image-28693\"\/><\/figure>\n<\/div>\n\n\n<p>El Baal Chem Tov y sus disc\u00edpulos consideraban la m\u00fasica y el baile como una manera elevar su alma por encima de las impurezas del mundo. Durante las comidas de Sabat, cantaban <em>zemirot&nbsp;<\/em>(c\u00e1nticos domesticas) y no dudaban inventar nuevas melod\u00edas. Poco despu\u00e9s de la muerte del Baal Chem Tov, lz creaci\u00f3n y el canto de estos <em>nigounim<\/em>&nbsp;(melod\u00edas) se volvi\u00f3 uno de los pilares esenciales del misticismo jas\u00eddico. En la concepci\u00f3n jas\u00eddica, el <em>nigoun&nbsp;<\/em>trascenda el lenguaje: es capaz exprimir lo que es inexpresable. Como lo afirma un proverbio jas\u00eddico, \u00abel silencio vale m\u00e1s que la palabra, pero el canto vale m\u00e1s que el silencio\u00bb. Como tal, el <em>nigoun<\/em> exprime la totalidad de las emociones humanas. Meditativo o exaltado, triste o alegre, su canto se acompa\u00f1a de balanceos del cuerpo, del pecho y de los brazos; se a\u00f1aden de eventuales golpes de manos. Estos movimientos corporales, apoyados por una implicaci\u00f3n total del <em>hasid<\/em> en su melod\u00eda, pueden generar en el cantor un verdadero estado de trance.<\/p>\n\n\n<div class=\"wp-block-image\">\n<figure class=\"alignleft\"><img decoding=\"async\" width=\"187\" height=\"250\" src=\"https:\/\/www.iemj.org\/wp-content\/uploads\/2020\/05\/partition_baal_shem_-_ernest_bloch_250px_vertic.jpg\" alt=\"partition_baal_shem_-_ernest_bloch_250px_vertic.jpg\" class=\"wp-image-28697\"\/><\/figure>\n<\/div>\n\n\n<p>La mayor\u00eda de los <em>nigounim<\/em>&nbsp;se canta sin letra. El texto tiene poco importancia; generalmente aplicado apr\u00e8s-coup a la melod\u00eda, se reduce a menudo a una palabra simple o a breves onomatopeyas como&nbsp; \u00abdoy doy doy\u00bb o \u00abYa-ba-bam\u00bb. La esencia del&nbsp;<em>nigoun<\/em> reside en realidad en la <em>kavanah<\/em>&nbsp;(la intenci\u00f3n) que surge del cantor; no importa el material mel\u00f3dica o textual utilizado. Una tal filosof\u00eda explica en parte las numerosas citas a las melod\u00edas rusas, ucranias, polacas, h\u00fangaras, rumanas o turcas que abundan en este cat\u00e1logo. Encontramos tambi\u00e9n melod\u00edas de marchas napole\u00f3nicas, testimonio de la inmensa esperanza suscitado en los Jud\u00edos por la entrada de las tropas francesas en Polonia.<\/p>\n\n\n\n<p>El cat\u00e1logo musical jas\u00eddico se revela as\u00ed extremadamente variopinto del punto de vista estil\u00edstico. Basado en una combinaci\u00f3n de elementos mel\u00f3dicos jud\u00edos y no-jud\u00edos vocales y instrumentales, m\u00e9tricos y de ritmo libre, no presenta aspecto un\u00edvocos. Es particularmente dif\u00edcil a clasificar y a caracterizar. Seg\u00fan Andr\u00e9 Hajdu y Yaakov Mazor (1972, E.J. 7, 1424-1425), los&nbsp;<em>hasidim<\/em>, ellos mismos, denombran tres grandes categor\u00edas de &nbsp;<em>nigounim <\/em>:<\/p>\n\n\n\n<ol class=\"wp-block-list\">\n<li><figure><img loading=\"lazy\" decoding=\"async\" width=\"243\" height=\"220\" align=\"right\" class=\" alignright size-full wp-image-28699\" src=\"https:\/\/www.iemj.org\/wp-content\/uploads\/2020\/05\/cd_143_couv_220_px_vertic.jpg\" alt=\"cd_143_couv_220_px_vertic.jpg\"><\/figure>las melod\u00edas de mesa (<em>tish nigounim<\/em>). Estaban cantados antes en la mesa del\u00a0<em>tsadik<\/em>\u00a0antes o despu\u00e9s las comidas. Son melod\u00edas bastante largos, de car\u00e1cter muy meditativo, con ritmos libres o m\u00e9tricos. La mayor\u00eda de estas no contienen letras; los escasos textos utilizados provienen esencialmente de la liturgia de Sabat,\u00a0 y especialmente de los <em>zemirot<\/em>\u00a0(c\u00e1nticos).<\/li>\n\n\n\n<li>las melod\u00edas de baile. Estas melod\u00edas poseen una estructura generalmente peri\u00f3dica y sim\u00e9trica; a menudo est\u00e1n compuestos por un peque\u00f1o numero de motivos mel\u00f3dicos (generalmente dos o tres) sometidos a variaciones simples. Aproximadamente la mitad de estos <em>nigounim<\/em> contiene un corto vers\u00edculo b\u00edblico o lit\u00fargico pr\u00f3ximo a la melod\u00eda de manera m\u00e1s o menos repetitiva.<\/li>\n\n\n\n<li>La m\u00fasica de tipo instrumental concierna melod\u00edas de valses, de marchas o de melod\u00edas como las interpretadas durante el peregrinaci\u00f3n de Meron en alta Galilea.<\/li>\n<\/ol>\n\n\n<div class=\"wp-block-image\">\n<figure class=\"alignleft\"><img loading=\"lazy\" decoding=\"async\" width=\"300\" height=\"169\" src=\"https:\/\/www.iemj.org\/wp-content\/uploads\/2020\/05\/juifs-hassidiques-dans-le-quartier-de-williamsburg_300_px_larg.jpg\" alt=\"juifs-hassidiques-dans-le-quartier-de-williamsburg_300_px_larg.jpg\" class=\"wp-image-28701\"\/><\/figure>\n<\/div>\n\n\n<p>Durante casi dos siglos, las diferentes dinast\u00edas jas\u00eddicas crearon y transmitieron un gran numero de <em>nigounim<\/em>. Algunas fueron notadas; otras eran el objeto de grabaci\u00f3n al inicio del siglo. Al apogeo del movimiento jas\u00eddico, conjuntos instrumentales, cantores y compositores de <em>nigounim<\/em> fueron relacionados en permanencia con la corte de los <em>tsadikim<\/em>. Jazzanim estaban contratados para ensenar las melod\u00edas creadas recientemente a los peregrinos quien, en periodo de fiesta, ven\u00edan en masa escuchar la ense\u00f1anza de los rabis. La segunda guerra mundial y la masacre de los Jud\u00edos en Europa oriental han puesto fin a este universo.<\/p>\n\n\n\n<p>Hoy, los principales corrientes jas\u00eddicos est\u00e1n establecidos en los Estados Unidos, y en Israel. El cat\u00e1logo musical ha mucho evolucionado: se ha estandardizado y agotado del hecho de su difusi\u00f3n medi\u00e1tica (conciertos, discos, radios, etc.) y de la notaci\u00f3n musical occidental que es por naturaleza normativa.<\/p>\n\n\n\n<p>Fuente : Herv\u00e9 Roten, <a href=\"https:\/\/www.iemj.org\/es\/musiques-liturgiques-juives\/\" target=\"_blank\" rel=\"noopener\">Musiques liturgiques juives \u2013 Parcours et escales<\/a><\/p>\n\n\n\n<p><a href=\"https:\/\/www.iemj.org\/es\/musiques-hassidiques-1\/\" target=\"_blank\" rel=\"noopener\"> Escuchar la lista de reproducci\u00f3n M\u00fasica Jas\u00eddica (1a parte)<\/a><br><a href=\"https:\/\/www.iemj.org\/es\/musiques-hassidiques-2eme-partie\/\" target=\"_blank\" rel=\"noopener\"> Escuchar la lista de reproducci\u00f3n M\u00fasica Jas\u00eddica (2a parte)<\/a><br><a href=\"https:\/\/www.iemj.org\/es\/musiques-hassidiques-3eme-partie\/\" target=\"_blank\" rel=\"noopener\"> Escuchar la lista de reproducci\u00f3n M\u00fasica Jas\u00eddica (3a parte)<\/a><\/p>\n\n\n\n<p><a href=\"https:\/\/www.jewish-music.huji.ac.il\/content\/hasidic-niggun-sung-hasidim\" target=\"_blank\" rel=\"noopener\">Comprar el CD The Hasidic Niggun as Sung by the Hasidim publicado por el JMRC<\/a><\/p>\n\n\n<div class=\"wp-block-image\">\n<figure class=\"aligncenter size-large\"><img loading=\"lazy\" decoding=\"async\" width=\"1024\" height=\"133\" src=\"https:\/\/www.iemj.org\/wp-content\/uploads\/2024\/03\/AUDIO-PLAYER-1024x133.png\" alt=\"\" class=\"wp-image-110610\" srcset=\"https:\/\/www.iemj.org\/wp-content\/uploads\/2024\/03\/AUDIO-PLAYER-1024x133.png 1024w, https:\/\/www.iemj.org\/wp-content\/uploads\/2024\/03\/AUDIO-PLAYER-300x39.png 300w, https:\/\/www.iemj.org\/wp-content\/uploads\/2024\/03\/AUDIO-PLAYER-768x100.png 768w, https:\/\/www.iemj.org\/wp-content\/uploads\/2024\/03\/AUDIO-PLAYER-600x78.png 600w, https:\/\/www.iemj.org\/wp-content\/uploads\/2024\/03\/AUDIO-PLAYER.png 1210w\" sizes=\"(max-width: 1024px) 100vw, 1024px\" \/><\/figure>\n<\/div>\n\n\n<div class=\"wp-block-file\"><a href=\"https:\/\/www.iemj.org\/wp-content\/uploads\/2020\/05\/01_dance_nigun_of_boyan_hasidim_tiferet_yisrael_yeshiva_extrait_.mp3\">Dance Nigun of Boyan Hasidim -Tiferet Yisrael Yeshiva (Extrait)<\/a><\/div>\n\n\n\n<div class=\"wp-block-file\"><a href=\"https:\/\/www.iemj.org\/wp-content\/uploads\/2020\/05\/02_medley_of_meron_tunes_d_bergstein_and_y_d_rubinstein_extrait_.mp3\">Medley of Meron Tunes &#8211; D Bergstein and Y D Rubinstein (Extrait)<\/a><\/div>\n\n\n\n<div class=\"wp-block-file\"><a href=\"https:\/\/www.iemj.org\/wp-content\/uploads\/2020\/05\/03_im_hashem_lo_yivneh_bayis_shira_choir_extrait_.mp3\">Im Hashem lo yivneh bayis &#8211; Shira Choir (Extrait)<\/a><\/div>\n\n\n\n<div class=\"wp-block-file\"><a href=\"https:\/\/www.iemj.org\/wp-content\/uploads\/2020\/05\/04_dance_niggunim_of_the_vizhnitz_hasidim_2_vizhnitz_choir.mp3\">Dance Niggunim of the Vizhnitz Hasidim 2 &#8211; Vizhnitz Choir<\/a><\/div>\n\n\n\n<div class=\"wp-block-file\"><a href=\"https:\/\/www.iemj.org\/wp-content\/uploads\/2020\/05\/05_nigun_1_shapira_meir_extrait_.mp3\">Nigun 1 &#8211; Shapira Meir (Extrait)<\/a><\/div>\n\n\n\n<div class=\"wp-block-file\"><a href=\"https:\/\/www.iemj.org\/wp-content\/uploads\/2020\/05\/06_nigun_chatuna_wedding_danse_.mp3\">Nigun Chatuna (Wedding Danse)<\/a><\/div>\n\n\n\n<div class=\"wp-block-file\"><a href=\"https:\/\/www.iemj.org\/wp-content\/uploads\/2020\/05\/07_yismach_moshe_the_zimel_brothers.mp3\">Yismach Moshe &#8211; The Zimel Brothers<\/a><\/div>\n\n\n\n<div class=\"wp-block-file\"><a href=\"https:\/\/www.iemj.org\/wp-content\/uploads\/2020\/05\/08_nigun_habaal_shem_tov_avraham_fried_extrait_.mp3\">Nigun Habaal Shem Tov &#8211; Avraham Fried (Extrait)<\/a><\/div>\n\n\n\n<div class=\"wp-block-file\"><a href=\"https:\/\/www.iemj.org\/wp-content\/uploads\/2020\/05\/09_tish_nigun_klezmer_plus.mp3\">Tish Nigun &#8211; Klezmer plus<\/a><\/div>\n\n\n\n<div class=\"wp-block-file\"><a href=\"https:\/\/www.iemj.org\/wp-content\/uploads\/2020\/05\/10_bratzlavs_nigun_giora_feidman_extrait_.mp3\">Bratzlavs nigun &#8211; Giora Feidman (Extrait)<\/a><\/div>\n","protected":false},"excerpt":{"rendered":"<p>El jas\u00eddismo, corriente m\u00edstico jud\u00edo nacido en Europa del Este en la mitad del siglo XVIII, favoreci\u00f3 la emergencia de numerosas m\u00fasicas teniendo el objetivo trascender las impurezas de este<\/p>\n","protected":false},"author":5,"featured_media":72229,"comment_status":"closed","ping_status":"closed","sticky":false,"template":"","format":"standard","meta":{"_acf_changed":false,"footnotes":""},"categories":[1408,1411],"tags":[],"technique":[],"squelettes":[],"sujet":[],"formation":[],"genre":[1890,1907],"fonds":[],"tradition":[],"type-de-contenu":[],"interprete-compositeur":[],"frise":[],"type-devenement":[],"tableaux-liens-externes":[],"class_list":["post-72228","post","type-post","status-publish","format-standard","has-post-thumbnail","hentry","category-articulos-de-fondo-es","category-musica-liturgica-es","genre-liturgia-es","genre-musica-jasidica-es"],"acf":[],"yoast_head":"<!-- This site is optimized with the Yoast SEO plugin v27.3 - https:\/\/yoast.com\/product\/yoast-seo-wordpress\/ -->\n<title>El jas\u00eddismo y sus m\u00fasicas - Institut Europ\u00e9en des Musiques Juives<\/title>\n<meta name=\"robots\" content=\"index, follow, max-snippet:-1, max-image-preview:large, max-video-preview:-1\" \/>\n<link rel=\"canonical\" href=\"https:\/\/www.iemj.org\/es\/le-hassidisme-et-ses-musiques\/\" \/>\n<meta property=\"og:locale\" content=\"es_ES\" \/>\n<meta property=\"og:type\" content=\"article\" \/>\n<meta property=\"og:title\" content=\"El jas\u00eddismo y sus m\u00fasicas - Institut Europ\u00e9en des Musiques Juives\" \/>\n<meta property=\"og:description\" content=\"El jas\u00eddismo, corriente m\u00edstico jud\u00edo nacido en Europa del Este en la mitad del siglo XVIII, favoreci\u00f3 la emergencia de numerosas m\u00fasicas teniendo el objetivo trascender las impurezas de este\" \/>\n<meta property=\"og:url\" content=\"https:\/\/www.iemj.org\/es\/le-hassidisme-et-ses-musiques\/\" \/>\n<meta property=\"og:site_name\" content=\"Institut Europ\u00e9en des Musiques Juives\" \/>\n<meta property=\"article:publisher\" content=\"https:\/\/www.facebook.com\/MusiquesJuives\/\" \/>\n<meta property=\"article:published_time\" content=\"2020-05-19T13:48:33+00:00\" \/>\n<meta property=\"article:modified_time\" content=\"2025-10-23T08:45:39+00:00\" \/>\n<meta property=\"og:image\" content=\"https:\/\/www.iemj.org\/wp-content\/uploads\/2020\/05\/arton4759.jpg\" \/>\n\t<meta property=\"og:image:width\" content=\"284\" \/>\n\t<meta property=\"og:image:height\" content=\"259\" \/>\n\t<meta property=\"og:image:type\" content=\"image\/jpeg\" \/>\n<meta name=\"author\" content=\"Jacqueline ROTEN\" \/>\n<meta name=\"twitter:card\" content=\"summary_large_image\" \/>\n<meta name=\"twitter:label1\" content=\"Escrito por\" \/>\n\t<meta name=\"twitter:data1\" content=\"Jacqueline ROTEN\" \/>\n\t<meta name=\"twitter:label2\" content=\"Tiempo de lectura\" \/>\n\t<meta name=\"twitter:data2\" content=\"7 minutos\" \/>\n<script type=\"application\/ld+json\" class=\"yoast-schema-graph\">{\"@context\":\"https:\\\/\\\/schema.org\",\"@graph\":[{\"@type\":\"Article\",\"@id\":\"https:\\\/\\\/www.iemj.org\\\/es\\\/le-hassidisme-et-ses-musiques\\\/#article\",\"isPartOf\":{\"@id\":\"https:\\\/\\\/www.iemj.org\\\/es\\\/le-hassidisme-et-ses-musiques\\\/\"},\"author\":{\"name\":\"Jacqueline ROTEN\",\"@id\":\"https:\\\/\\\/www.iemj.org\\\/es\\\/#\\\/schema\\\/person\\\/358e26c18aca017fcc4cc15437f7279c\"},\"headline\":\"El jas\u00eddismo y sus m\u00fasicas\",\"datePublished\":\"2020-05-19T13:48:33+00:00\",\"dateModified\":\"2025-10-23T08:45:39+00:00\",\"mainEntityOfPage\":{\"@id\":\"https:\\\/\\\/www.iemj.org\\\/es\\\/le-hassidisme-et-ses-musiques\\\/\"},\"wordCount\":1203,\"publisher\":{\"@id\":\"https:\\\/\\\/www.iemj.org\\\/es\\\/#organization\"},\"image\":{\"@id\":\"https:\\\/\\\/www.iemj.org\\\/es\\\/le-hassidisme-et-ses-musiques\\\/#primaryimage\"},\"thumbnailUrl\":\"https:\\\/\\\/www.iemj.org\\\/wp-content\\\/uploads\\\/2020\\\/05\\\/arton4759.jpg\",\"articleSection\":[\"Art\u00edculos de fondo\",\"M\u00fasica lit\u00fargica\"],\"inLanguage\":\"es\"},{\"@type\":\"WebPage\",\"@id\":\"https:\\\/\\\/www.iemj.org\\\/es\\\/le-hassidisme-et-ses-musiques\\\/\",\"url\":\"https:\\\/\\\/www.iemj.org\\\/es\\\/le-hassidisme-et-ses-musiques\\\/\",\"name\":\"El jas\u00eddismo y sus m\u00fasicas - Institut Europ\u00e9en des Musiques Juives\",\"isPartOf\":{\"@id\":\"https:\\\/\\\/www.iemj.org\\\/es\\\/#website\"},\"primaryImageOfPage\":{\"@id\":\"https:\\\/\\\/www.iemj.org\\\/es\\\/le-hassidisme-et-ses-musiques\\\/#primaryimage\"},\"image\":{\"@id\":\"https:\\\/\\\/www.iemj.org\\\/es\\\/le-hassidisme-et-ses-musiques\\\/#primaryimage\"},\"thumbnailUrl\":\"https:\\\/\\\/www.iemj.org\\\/wp-content\\\/uploads\\\/2020\\\/05\\\/arton4759.jpg\",\"datePublished\":\"2020-05-19T13:48:33+00:00\",\"dateModified\":\"2025-10-23T08:45:39+00:00\",\"breadcrumb\":{\"@id\":\"https:\\\/\\\/www.iemj.org\\\/es\\\/le-hassidisme-et-ses-musiques\\\/#breadcrumb\"},\"inLanguage\":\"es\",\"potentialAction\":[{\"@type\":\"ReadAction\",\"target\":[\"https:\\\/\\\/www.iemj.org\\\/es\\\/le-hassidisme-et-ses-musiques\\\/\"]}]},{\"@type\":\"ImageObject\",\"inLanguage\":\"es\",\"@id\":\"https:\\\/\\\/www.iemj.org\\\/es\\\/le-hassidisme-et-ses-musiques\\\/#primaryimage\",\"url\":\"https:\\\/\\\/www.iemj.org\\\/wp-content\\\/uploads\\\/2020\\\/05\\\/arton4759.jpg\",\"contentUrl\":\"https:\\\/\\\/www.iemj.org\\\/wp-content\\\/uploads\\\/2020\\\/05\\\/arton4759.jpg\",\"width\":284,\"height\":259},{\"@type\":\"BreadcrumbList\",\"@id\":\"https:\\\/\\\/www.iemj.org\\\/es\\\/le-hassidisme-et-ses-musiques\\\/#breadcrumb\",\"itemListElement\":[{\"@type\":\"ListItem\",\"position\":1,\"name\":\"Accueil\",\"item\":\"https:\\\/\\\/www.iemj.org\\\/es\\\/\"},{\"@type\":\"ListItem\",\"position\":2,\"name\":\"El jas\u00eddismo y sus m\u00fasicas\"}]},{\"@type\":\"WebSite\",\"@id\":\"https:\\\/\\\/www.iemj.org\\\/es\\\/#website\",\"url\":\"https:\\\/\\\/www.iemj.org\\\/es\\\/\",\"name\":\"Institut Europ\u00e9en des Musiques Juives\",\"description\":\"Des traditions musicales \u00e0 la port\u00e9e de tous\",\"publisher\":{\"@id\":\"https:\\\/\\\/www.iemj.org\\\/es\\\/#organization\"},\"potentialAction\":[{\"@type\":\"SearchAction\",\"target\":{\"@type\":\"EntryPoint\",\"urlTemplate\":\"https:\\\/\\\/www.iemj.org\\\/es\\\/?s={search_term_string}\"},\"query-input\":{\"@type\":\"PropertyValueSpecification\",\"valueRequired\":true,\"valueName\":\"search_term_string\"}}],\"inLanguage\":\"es\"},{\"@type\":\"Organization\",\"@id\":\"https:\\\/\\\/www.iemj.org\\\/es\\\/#organization\",\"name\":\"Institut Europ\u00e9en des Musiques Juives\",\"url\":\"https:\\\/\\\/www.iemj.org\\\/es\\\/\",\"logo\":{\"@type\":\"ImageObject\",\"inLanguage\":\"es\",\"@id\":\"https:\\\/\\\/www.iemj.org\\\/es\\\/#\\\/schema\\\/logo\\\/image\\\/\",\"url\":\"https:\\\/\\\/www.iemj.org\\\/wp-content\\\/uploads\\\/2021\\\/09\\\/Logo-IEMJ-Paypal.jpg\",\"contentUrl\":\"https:\\\/\\\/www.iemj.org\\\/wp-content\\\/uploads\\\/2021\\\/09\\\/Logo-IEMJ-Paypal.jpg\",\"width\":150,\"height\":50,\"caption\":\"Institut Europ\u00e9en des Musiques Juives\"},\"image\":{\"@id\":\"https:\\\/\\\/www.iemj.org\\\/es\\\/#\\\/schema\\\/logo\\\/image\\\/\"},\"sameAs\":[\"https:\\\/\\\/www.facebook.com\\\/MusiquesJuives\\\/\",\"https:\\\/\\\/www.instagram.com\\\/musiquesjuives\\\/\",\"https:\\\/\\\/www.youtube.com\\\/user\\\/musiquesjuives\"]},{\"@type\":\"Person\",\"@id\":\"https:\\\/\\\/www.iemj.org\\\/es\\\/#\\\/schema\\\/person\\\/358e26c18aca017fcc4cc15437f7279c\",\"name\":\"Jacqueline ROTEN\",\"image\":{\"@type\":\"ImageObject\",\"inLanguage\":\"es\",\"@id\":\"https:\\\/\\\/secure.gravatar.com\\\/avatar\\\/5964256d6c6957de3a3505278957e0fb2a35119ac47ea41827a65301213c810b?s=96&d=mm&r=g\",\"url\":\"https:\\\/\\\/secure.gravatar.com\\\/avatar\\\/5964256d6c6957de3a3505278957e0fb2a35119ac47ea41827a65301213c810b?s=96&d=mm&r=g\",\"contentUrl\":\"https:\\\/\\\/secure.gravatar.com\\\/avatar\\\/5964256d6c6957de3a3505278957e0fb2a35119ac47ea41827a65301213c810b?s=96&d=mm&r=g\",\"caption\":\"Jacqueline ROTEN\"}}]}<\/script>\n<!-- \/ Yoast SEO plugin. -->","yoast_head_json":{"title":"El jas\u00eddismo y sus m\u00fasicas - Institut Europ\u00e9en des Musiques Juives","robots":{"index":"index","follow":"follow","max-snippet":"max-snippet:-1","max-image-preview":"max-image-preview:large","max-video-preview":"max-video-preview:-1"},"canonical":"https:\/\/www.iemj.org\/es\/le-hassidisme-et-ses-musiques\/","og_locale":"es_ES","og_type":"article","og_title":"El jas\u00eddismo y sus m\u00fasicas - Institut Europ\u00e9en des Musiques Juives","og_description":"El jas\u00eddismo, corriente m\u00edstico jud\u00edo nacido en Europa del Este en la mitad del siglo XVIII, favoreci\u00f3 la emergencia de numerosas m\u00fasicas teniendo el objetivo trascender las impurezas de este","og_url":"https:\/\/www.iemj.org\/es\/le-hassidisme-et-ses-musiques\/","og_site_name":"Institut Europ\u00e9en des Musiques Juives","article_publisher":"https:\/\/www.facebook.com\/MusiquesJuives\/","article_published_time":"2020-05-19T13:48:33+00:00","article_modified_time":"2025-10-23T08:45:39+00:00","og_image":[{"width":284,"height":259,"url":"https:\/\/www.iemj.org\/wp-content\/uploads\/2020\/05\/arton4759.jpg","type":"image\/jpeg"}],"author":"Jacqueline ROTEN","twitter_card":"summary_large_image","twitter_misc":{"Escrito por":"Jacqueline ROTEN","Tiempo de lectura":"7 minutos"},"schema":{"@context":"https:\/\/schema.org","@graph":[{"@type":"Article","@id":"https:\/\/www.iemj.org\/es\/le-hassidisme-et-ses-musiques\/#article","isPartOf":{"@id":"https:\/\/www.iemj.org\/es\/le-hassidisme-et-ses-musiques\/"},"author":{"name":"Jacqueline ROTEN","@id":"https:\/\/www.iemj.org\/es\/#\/schema\/person\/358e26c18aca017fcc4cc15437f7279c"},"headline":"El jas\u00eddismo y sus m\u00fasicas","datePublished":"2020-05-19T13:48:33+00:00","dateModified":"2025-10-23T08:45:39+00:00","mainEntityOfPage":{"@id":"https:\/\/www.iemj.org\/es\/le-hassidisme-et-ses-musiques\/"},"wordCount":1203,"publisher":{"@id":"https:\/\/www.iemj.org\/es\/#organization"},"image":{"@id":"https:\/\/www.iemj.org\/es\/le-hassidisme-et-ses-musiques\/#primaryimage"},"thumbnailUrl":"https:\/\/www.iemj.org\/wp-content\/uploads\/2020\/05\/arton4759.jpg","articleSection":["Art\u00edculos de fondo","M\u00fasica lit\u00fargica"],"inLanguage":"es"},{"@type":"WebPage","@id":"https:\/\/www.iemj.org\/es\/le-hassidisme-et-ses-musiques\/","url":"https:\/\/www.iemj.org\/es\/le-hassidisme-et-ses-musiques\/","name":"El jas\u00eddismo y sus m\u00fasicas - Institut Europ\u00e9en des Musiques Juives","isPartOf":{"@id":"https:\/\/www.iemj.org\/es\/#website"},"primaryImageOfPage":{"@id":"https:\/\/www.iemj.org\/es\/le-hassidisme-et-ses-musiques\/#primaryimage"},"image":{"@id":"https:\/\/www.iemj.org\/es\/le-hassidisme-et-ses-musiques\/#primaryimage"},"thumbnailUrl":"https:\/\/www.iemj.org\/wp-content\/uploads\/2020\/05\/arton4759.jpg","datePublished":"2020-05-19T13:48:33+00:00","dateModified":"2025-10-23T08:45:39+00:00","breadcrumb":{"@id":"https:\/\/www.iemj.org\/es\/le-hassidisme-et-ses-musiques\/#breadcrumb"},"inLanguage":"es","potentialAction":[{"@type":"ReadAction","target":["https:\/\/www.iemj.org\/es\/le-hassidisme-et-ses-musiques\/"]}]},{"@type":"ImageObject","inLanguage":"es","@id":"https:\/\/www.iemj.org\/es\/le-hassidisme-et-ses-musiques\/#primaryimage","url":"https:\/\/www.iemj.org\/wp-content\/uploads\/2020\/05\/arton4759.jpg","contentUrl":"https:\/\/www.iemj.org\/wp-content\/uploads\/2020\/05\/arton4759.jpg","width":284,"height":259},{"@type":"BreadcrumbList","@id":"https:\/\/www.iemj.org\/es\/le-hassidisme-et-ses-musiques\/#breadcrumb","itemListElement":[{"@type":"ListItem","position":1,"name":"Accueil","item":"https:\/\/www.iemj.org\/es\/"},{"@type":"ListItem","position":2,"name":"El jas\u00eddismo y sus m\u00fasicas"}]},{"@type":"WebSite","@id":"https:\/\/www.iemj.org\/es\/#website","url":"https:\/\/www.iemj.org\/es\/","name":"Institut Europ\u00e9en des Musiques Juives","description":"Des traditions musicales \u00e0 la port\u00e9e de tous","publisher":{"@id":"https:\/\/www.iemj.org\/es\/#organization"},"potentialAction":[{"@type":"SearchAction","target":{"@type":"EntryPoint","urlTemplate":"https:\/\/www.iemj.org\/es\/?s={search_term_string}"},"query-input":{"@type":"PropertyValueSpecification","valueRequired":true,"valueName":"search_term_string"}}],"inLanguage":"es"},{"@type":"Organization","@id":"https:\/\/www.iemj.org\/es\/#organization","name":"Institut Europ\u00e9en des Musiques Juives","url":"https:\/\/www.iemj.org\/es\/","logo":{"@type":"ImageObject","inLanguage":"es","@id":"https:\/\/www.iemj.org\/es\/#\/schema\/logo\/image\/","url":"https:\/\/www.iemj.org\/wp-content\/uploads\/2021\/09\/Logo-IEMJ-Paypal.jpg","contentUrl":"https:\/\/www.iemj.org\/wp-content\/uploads\/2021\/09\/Logo-IEMJ-Paypal.jpg","width":150,"height":50,"caption":"Institut Europ\u00e9en des Musiques Juives"},"image":{"@id":"https:\/\/www.iemj.org\/es\/#\/schema\/logo\/image\/"},"sameAs":["https:\/\/www.facebook.com\/MusiquesJuives\/","https:\/\/www.instagram.com\/musiquesjuives\/","https:\/\/www.youtube.com\/user\/musiquesjuives"]},{"@type":"Person","@id":"https:\/\/www.iemj.org\/es\/#\/schema\/person\/358e26c18aca017fcc4cc15437f7279c","name":"Jacqueline ROTEN","image":{"@type":"ImageObject","inLanguage":"es","@id":"https:\/\/secure.gravatar.com\/avatar\/5964256d6c6957de3a3505278957e0fb2a35119ac47ea41827a65301213c810b?s=96&d=mm&r=g","url":"https:\/\/secure.gravatar.com\/avatar\/5964256d6c6957de3a3505278957e0fb2a35119ac47ea41827a65301213c810b?s=96&d=mm&r=g","contentUrl":"https:\/\/secure.gravatar.com\/avatar\/5964256d6c6957de3a3505278957e0fb2a35119ac47ea41827a65301213c810b?s=96&d=mm&r=g","caption":"Jacqueline ROTEN"}}]}},"_links":{"self":[{"href":"https:\/\/www.iemj.org\/es\/wp-json\/wp\/v2\/posts\/72228","targetHints":{"allow":["GET"]}}],"collection":[{"href":"https:\/\/www.iemj.org\/es\/wp-json\/wp\/v2\/posts"}],"about":[{"href":"https:\/\/www.iemj.org\/es\/wp-json\/wp\/v2\/types\/post"}],"author":[{"embeddable":true,"href":"https:\/\/www.iemj.org\/es\/wp-json\/wp\/v2\/users\/5"}],"replies":[{"embeddable":true,"href":"https:\/\/www.iemj.org\/es\/wp-json\/wp\/v2\/comments?post=72228"}],"version-history":[{"count":2,"href":"https:\/\/www.iemj.org\/es\/wp-json\/wp\/v2\/posts\/72228\/revisions"}],"predecessor-version":[{"id":127785,"href":"https:\/\/www.iemj.org\/es\/wp-json\/wp\/v2\/posts\/72228\/revisions\/127785"}],"wp:featuredmedia":[{"embeddable":true,"href":"https:\/\/www.iemj.org\/es\/wp-json\/wp\/v2\/media\/72229"}],"wp:attachment":[{"href":"https:\/\/www.iemj.org\/es\/wp-json\/wp\/v2\/media?parent=72228"}],"wp:term":[{"taxonomy":"category","embeddable":true,"href":"https:\/\/www.iemj.org\/es\/wp-json\/wp\/v2\/categories?post=72228"},{"taxonomy":"post_tag","embeddable":true,"href":"https:\/\/www.iemj.org\/es\/wp-json\/wp\/v2\/tags?post=72228"},{"taxonomy":"technique","embeddable":true,"href":"https:\/\/www.iemj.org\/es\/wp-json\/wp\/v2\/technique?post=72228"},{"taxonomy":"squelettes","embeddable":true,"href":"https:\/\/www.iemj.org\/es\/wp-json\/wp\/v2\/squelettes?post=72228"},{"taxonomy":"sujet","embeddable":true,"href":"https:\/\/www.iemj.org\/es\/wp-json\/wp\/v2\/sujet?post=72228"},{"taxonomy":"formation","embeddable":true,"href":"https:\/\/www.iemj.org\/es\/wp-json\/wp\/v2\/formation?post=72228"},{"taxonomy":"genre","embeddable":true,"href":"https:\/\/www.iemj.org\/es\/wp-json\/wp\/v2\/genre?post=72228"},{"taxonomy":"fonds","embeddable":true,"href":"https:\/\/www.iemj.org\/es\/wp-json\/wp\/v2\/fonds?post=72228"},{"taxonomy":"tradition","embeddable":true,"href":"https:\/\/www.iemj.org\/es\/wp-json\/wp\/v2\/tradition?post=72228"},{"taxonomy":"type-de-contenu","embeddable":true,"href":"https:\/\/www.iemj.org\/es\/wp-json\/wp\/v2\/type-de-contenu?post=72228"},{"taxonomy":"interprete-compositeur","embeddable":true,"href":"https:\/\/www.iemj.org\/es\/wp-json\/wp\/v2\/interprete-compositeur?post=72228"},{"taxonomy":"frise","embeddable":true,"href":"https:\/\/www.iemj.org\/es\/wp-json\/wp\/v2\/frise?post=72228"},{"taxonomy":"type-devenement","embeddable":true,"href":"https:\/\/www.iemj.org\/es\/wp-json\/wp\/v2\/type-devenement?post=72228"},{"taxonomy":"tableaux-liens-externes","embeddable":true,"href":"https:\/\/www.iemj.org\/es\/wp-json\/wp\/v2\/tableaux-liens-externes?post=72228"}],"curies":[{"name":"wp","href":"https:\/\/api.w.org\/{rel}","templated":true}]}}