{"id":72361,"date":"2017-05-23T15:35:09","date_gmt":"2017-05-23T13:35:09","guid":{"rendered":"https:\/\/www.iemj.org\/chavouot-2eme-partie\/"},"modified":"2026-04-30T12:14:06","modified_gmt":"2026-04-30T10:14:06","slug":"chavouot-2eme-partie","status":"publish","type":"post","link":"https:\/\/www.iemj.org\/es\/chavouot-2eme-partie\/","title":{"rendered":"Shavuot 2"},"content":{"rendered":"<p><strong>Con motivo de la fiesta de Shavuot, le ofrecemos una lista de reproducci\u00f3n a escuchar<\/strong><\/p>\n<p><!--more-->Considerada como una de las principales fiestas del calendario jud\u00edo, junto con Rosh Ha-Shana, Yom Kippur, Sucot o P\u00e9saj, Shavuot es una fiesta especial en el calendario jud\u00edo. En primer lugar, su fecha no se menciona en la Tor\u00e1: simplemente se prescribe en el Lev\u00edtico (XXIII 15) que tiene lugar siete semanas despu\u00e9s del segundo d\u00eda de P\u00e9saj. Por eso es conveniente contar los d\u00edas y las semanas, de ah\u00ed el nombre de Shavuot, que significa \u201csemanas\u201d en hebreo.<br \/>Este recuento de d\u00edas est\u00e1 relacionado con el recuento del Omer, t\u00e9rmino que designa un volumen de grano que se ofrec\u00eda como primicia en el Templo de Jerusal\u00e9n. Como tal, Shavuot es una de las tres fiestas de peregrinaci\u00f3n (P\u00e9saj, Shavuot y Sucot) que ten\u00edan lugar en el antiguo Israel desde el comienzo de la primavera hasta el final de las cosechas en oto\u00f1o.<\/p>\n<p><img fetchpriority=\"high\" decoding=\"async\" class=\" aligncenter size-full wp-image-14226\" src=\"https:\/\/www.iemj.org\/wp-content\/uploads\/2017\/05\/doc_2_chavouot_2_500px.jpg\" alt=\"doc_2_chavouot_2_500px.jpg\" width=\"700\" height=\"212\" align=\"middle\" srcset=\"https:\/\/www.iemj.org\/wp-content\/uploads\/2017\/05\/doc_2_chavouot_2_500px.jpg 700w, https:\/\/www.iemj.org\/wp-content\/uploads\/2017\/05\/doc_2_chavouot_2_500px-300x91.jpg 300w, https:\/\/www.iemj.org\/wp-content\/uploads\/2017\/05\/doc_2_chavouot_2_500px-600x182.jpg 600w\" sizes=\"(max-width: 700px) 100vw, 700px\" \/><\/p>\n<p>Otra caracter\u00edstica especial de la fiesta de Shavuot es la lectura en la sinagoga del relato de la entrega de la Tor\u00e1 en el Monte Sina\u00ed, tal como aparece en los cap\u00edtulos XIX y XX del \u00c9xodo. Este v\u00ednculo que la fiesta establece con la entrega de la Tor\u00e1 da lugar a la realizaci\u00f3n de diversas costumbres, como permanecer despierto toda la noche de la fiesta (Tikun Leil Shavuot), comer alimentos l\u00e1cteos, leer el Libro de Ruth, as\u00ed como el Hazharot (una especie de par\u00e1frasis de los Diez Mandamientos) y el Hakdamot (secciones introductorias de la Mishna escritas por Maim\u00f3nides [1138-1204]).<\/p>\n<p>En los Kibutzim, desde los a\u00f1os 20 hasta despu\u00e9s de la creaci\u00f3n del Estado de Israel, la fiesta de Shavuot, vinculada a la cosecha, dio lugar a celebraciones con un folclore particular y canciones pioneras.<\/p>\n<p><a href=\"https:\/\/www.iemj.org\/chavouot-une-entree-dans-la-huitieme-dimension\/\" target=\"_blank\" rel=\"noopener\">Escuchar la emisi\u00f3n de radio: Chavouot \u2013 une entr\u00e9e dans la huiti\u00e8me dimension [Shavuot \u2013 una entrada en la octava dimensi\u00f3n] presentada por Herv\u00e9 Roten<\/a><\/p>\n<p><a href=\"https:\/\/www.iemj.org\/es\/chavouot\/\" target=\"_blank\" rel=\"noopener\">Escuchar la lista de reproducci\u00f3n: Chavouot 1 [Shavuot 1]<\/a><\/p>\n\n<div class=\"wp-block-image\">\n<figure class=\"aligncenter size-large\"><img decoding=\"async\" width=\"1024\" height=\"133\" src=\"https:\/\/www.iemj.org\/wp-content\/uploads\/2024\/03\/AUDIO-PLAYER-1024x133.png\" alt=\"\" class=\"wp-image-110610\" srcset=\"https:\/\/www.iemj.org\/wp-content\/uploads\/2024\/03\/AUDIO-PLAYER-1024x133.png 1024w, https:\/\/www.iemj.org\/wp-content\/uploads\/2024\/03\/AUDIO-PLAYER-300x39.png 300w, https:\/\/www.iemj.org\/wp-content\/uploads\/2024\/03\/AUDIO-PLAYER-768x100.png 768w, https:\/\/www.iemj.org\/wp-content\/uploads\/2024\/03\/AUDIO-PLAYER-600x78.png 600w, https:\/\/www.iemj.org\/wp-content\/uploads\/2024\/03\/AUDIO-PLAYER.png 1210w\" sizes=\"(max-width: 1024px) 100vw, 1024px\" \/><\/figure>\n<\/div>\n\n\n<div class=\"wp-block-file\"><a id=\"wp-block-file--media-ac10a88c-1623-422e-8f88-2c3641eeb152\" href=\"https:\/\/www.iemj.org\/wp-content\/uploads\/2017\/05\/ad_heina_-_yaakov_motzen_colin_schachat_extrait_.mp3\">Ad heina &#8211; Yaakov Motzen &amp; Colin Schachat (EXTRAIT)<\/a><\/div>\n\n\n\n<div class=\"wp-block-file\"><a id=\"wp-block-file--media-2da882f2-69c5-4abe-973c-b86293c14d39\" href=\"https:\/\/www.iemj.org\/wp-content\/uploads\/2017\/05\/akdumot_-_leibele_waldman_extrait_.mp3\">Akdumot &#8211; Leibele Waldman (EXTRAIT)<\/a><\/div>\n\n\n\n<div class=\"wp-block-file\"><a id=\"wp-block-file--media-bb93df84-a1c1-441b-a02c-897e77bac16a\" href=\"https:\/\/www.iemj.org\/wp-content\/uploads\/2017\/05\/esther_mi_bien_-_keren_esther.mp3\">Esther mi bien &#8211; Keren Esther<\/a><\/div>\n\n\n\n<div class=\"wp-block-file\"><a id=\"wp-block-file--media-b3e0be56-0134-4683-9fa3-13876c6f0cf6\" href=\"https:\/\/www.iemj.org\/wp-content\/uploads\/2017\/05\/hashem_z_charanu_-_yaakov_motzen_extrait_.mp3\">Hashem Z&#8217;charanu &#8211; Yaakov Motzen (EXTRAIT)<\/a><\/div>\n\n\n\n<div class=\"wp-block-file\"><a id=\"wp-block-file--media-cca65184-413c-4375-ab97-309a3544828d\" href=\"https:\/\/www.iemj.org\/wp-content\/uploads\/2017\/05\/hineni_mouchon_umuzumon_-_leible_waldman.mp3\">Hineni mouchon umuzumon &#8211; Leible Waldman<\/a><\/div>\n\n\n\n<div class=\"wp-block-file\"><a id=\"wp-block-file--media-be485016-6e3d-4063-a627-0a3aed110205\" href=\"https:\/\/www.iemj.org\/wp-content\/uploads\/2017\/05\/kevodo_-_yaakov_motzen_extrait_.mp3\">Kevodo &#8211; Yaakov Motzen (EXTRAIT)<\/a><\/div>\n\n\n\n<div class=\"wp-block-file\"><a id=\"wp-block-file--media-56d1c7f9-e8fe-4ab6-80b0-e4bfb2a797b5\" href=\"https:\/\/www.iemj.org\/wp-content\/uploads\/2017\/05\/kiddush_le-shavu_ot_-_isaac_algazi.mp3\">Kiddush le-Shavu\u2019ot &#8211; Isaac Algazi<\/a><\/div>\n\n\n\n<div class=\"wp-block-file\"><a id=\"wp-block-file--media-466e50ab-2377-41c6-9e37-28e62db6cb30\" href=\"https:\/\/www.iemj.org\/wp-content\/uploads\/2017\/05\/min_hametsar_-_jacques-fromental_halevy_extrait_.mp3\">Min Hametsar &#8211; Jacques-Fromental Halevy (EXTRAIT)<\/a><\/div>\n\n\n\n<div class=\"wp-block-file\"><a id=\"wp-block-file--media-6ffff518-5452-4f05-b3cd-6f488d3b4e81\" href=\"https:\/\/www.iemj.org\/wp-content\/uploads\/2017\/05\/mipi_el_-_duo_reim.mp3\">Mipi El &#8211; Duo Reim<\/a><\/div>\n\n\n\n<div class=\"wp-block-file\"><a id=\"wp-block-file--media-4ad61556-8d57-49be-8f59-baa249bb4522\" href=\"https:\/\/www.iemj.org\/wp-content\/uploads\/2017\/05\/mipi_el_-_shoshana_damari.mp3\">Mipi El &#8211; Shoshana Damari<\/a><\/div>\n\n\n\n<div class=\"wp-block-file\"><a id=\"wp-block-file--media-dc6acec8-b51f-4994-b15d-c223fa1bdb16\" href=\"https:\/\/www.iemj.org\/wp-content\/uploads\/2017\/05\/ruth_-_ensemble_vocal_des_scouts_de_france.mp3\">Ruth &#8211; Ensemble vocal des Scouts de France<\/a><\/div>\n\n\n\n<div class=\"wp-block-file\"><a id=\"wp-block-file--media-b8dfc260-2fc2-408a-a468-99ff7601d0b3\" href=\"https:\/\/www.iemj.org\/wp-content\/uploads\/2017\/05\/sefirat_haomer_-_jacob_kousevitsky.mp3\">Sefirat haomer &#8211; Jacob Kousevitsky<\/a><\/div>\n","protected":false},"excerpt":{"rendered":"<p>Con motivo de la fiesta de Shavuot, le ofrecemos una lista de reproducci\u00f3n a escuchar<\/p>\n","protected":false},"author":1052,"featured_media":112569,"comment_status":"closed","ping_status":"closed","sticky":false,"template":"","format":"standard","meta":{"_acf_changed":false,"footnotes":""},"categories":[1535],"tags":[],"technique":[],"squelettes":[],"sujet":[1707],"formation":[],"genre":[],"fonds":[],"tradition":[],"type-de-contenu":[],"interprete-compositeur":[],"frise":[],"type-devenement":[],"tableaux-liens-externes":[],"class_list":["post-72361","post","type-post","status-publish","format-standard","has-post-thumbnail","hentry","category-listas-de-reproduccion-es","sujet-shavuot-es"],"acf":[],"yoast_head":"<!-- This site is optimized with the Yoast SEO plugin v27.3 - https:\/\/yoast.com\/product\/yoast-seo-wordpress\/ -->\n<title>Shavuot 2 - Institut Europ\u00e9en des Musiques Juives<\/title>\n<meta name=\"robots\" content=\"index, follow, max-snippet:-1, max-image-preview:large, max-video-preview:-1\" \/>\n<link rel=\"canonical\" href=\"https:\/\/www.iemj.org\/es\/chavouot-2eme-partie\/\" \/>\n<meta property=\"og:locale\" content=\"es_ES\" \/>\n<meta property=\"og:type\" content=\"article\" \/>\n<meta property=\"og:title\" content=\"Shavuot 2 - Institut Europ\u00e9en des Musiques Juives\" \/>\n<meta property=\"og:description\" content=\"Con motivo de la fiesta de Shavuot, le ofrecemos una lista de reproducci\u00f3n a escuchar\" \/>\n<meta property=\"og:url\" content=\"https:\/\/www.iemj.org\/es\/chavouot-2eme-partie\/\" \/>\n<meta property=\"og:site_name\" content=\"Institut Europ\u00e9en des Musiques Juives\" \/>\n<meta property=\"article:publisher\" content=\"https:\/\/www.facebook.com\/MusiquesJuives\/\" \/>\n<meta property=\"article:published_time\" content=\"2017-05-23T13:35:09+00:00\" \/>\n<meta property=\"article:modified_time\" content=\"2026-04-30T10:14:06+00:00\" \/>\n<meta property=\"og:image\" content=\"https:\/\/www.iemj.org\/wp-content\/uploads\/2017\/05\/Shavuot2.jpg\" \/>\n\t<meta property=\"og:image:width\" content=\"500\" \/>\n\t<meta property=\"og:image:height\" content=\"500\" \/>\n\t<meta property=\"og:image:type\" content=\"image\/jpeg\" \/>\n<meta name=\"author\" content=\"Lea Couderc\" \/>\n<meta name=\"twitter:card\" content=\"summary_large_image\" \/>\n<meta name=\"twitter:label1\" content=\"Escrito por\" \/>\n\t<meta name=\"twitter:data1\" content=\"Lea Couderc\" \/>\n\t<meta name=\"twitter:label2\" content=\"Tiempo de lectura\" \/>\n\t<meta name=\"twitter:data2\" content=\"3 minutos\" \/>\n<script type=\"application\/ld+json\" class=\"yoast-schema-graph\">{\"@context\":\"https:\\\/\\\/schema.org\",\"@graph\":[{\"@type\":\"Article\",\"@id\":\"https:\\\/\\\/www.iemj.org\\\/es\\\/chavouot-2eme-partie\\\/#article\",\"isPartOf\":{\"@id\":\"https:\\\/\\\/www.iemj.org\\\/es\\\/chavouot-2eme-partie\\\/\"},\"author\":{\"name\":\"Lea Couderc\",\"@id\":\"https:\\\/\\\/www.iemj.org\\\/es\\\/#\\\/schema\\\/person\\\/e2ad57f2c4be119c7ed8ab79036807a9\"},\"headline\":\"Shavuot 2\",\"datePublished\":\"2017-05-23T13:35:09+00:00\",\"dateModified\":\"2026-04-30T10:14:06+00:00\",\"mainEntityOfPage\":{\"@id\":\"https:\\\/\\\/www.iemj.org\\\/es\\\/chavouot-2eme-partie\\\/\"},\"wordCount\":428,\"publisher\":{\"@id\":\"https:\\\/\\\/www.iemj.org\\\/es\\\/#organization\"},\"image\":{\"@id\":\"https:\\\/\\\/www.iemj.org\\\/es\\\/chavouot-2eme-partie\\\/#primaryimage\"},\"thumbnailUrl\":\"https:\\\/\\\/www.iemj.org\\\/wp-content\\\/uploads\\\/2017\\\/05\\\/Shavuot2.jpg\",\"articleSection\":[\"Listas de reproducci\u00f3n\"],\"inLanguage\":\"es\"},{\"@type\":\"WebPage\",\"@id\":\"https:\\\/\\\/www.iemj.org\\\/es\\\/chavouot-2eme-partie\\\/\",\"url\":\"https:\\\/\\\/www.iemj.org\\\/es\\\/chavouot-2eme-partie\\\/\",\"name\":\"Shavuot 2 - Institut Europ\u00e9en des Musiques Juives\",\"isPartOf\":{\"@id\":\"https:\\\/\\\/www.iemj.org\\\/es\\\/#website\"},\"primaryImageOfPage\":{\"@id\":\"https:\\\/\\\/www.iemj.org\\\/es\\\/chavouot-2eme-partie\\\/#primaryimage\"},\"image\":{\"@id\":\"https:\\\/\\\/www.iemj.org\\\/es\\\/chavouot-2eme-partie\\\/#primaryimage\"},\"thumbnailUrl\":\"https:\\\/\\\/www.iemj.org\\\/wp-content\\\/uploads\\\/2017\\\/05\\\/Shavuot2.jpg\",\"datePublished\":\"2017-05-23T13:35:09+00:00\",\"dateModified\":\"2026-04-30T10:14:06+00:00\",\"breadcrumb\":{\"@id\":\"https:\\\/\\\/www.iemj.org\\\/es\\\/chavouot-2eme-partie\\\/#breadcrumb\"},\"inLanguage\":\"es\",\"potentialAction\":[{\"@type\":\"ReadAction\",\"target\":[\"https:\\\/\\\/www.iemj.org\\\/es\\\/chavouot-2eme-partie\\\/\"]}]},{\"@type\":\"ImageObject\",\"inLanguage\":\"es\",\"@id\":\"https:\\\/\\\/www.iemj.org\\\/es\\\/chavouot-2eme-partie\\\/#primaryimage\",\"url\":\"https:\\\/\\\/www.iemj.org\\\/wp-content\\\/uploads\\\/2017\\\/05\\\/Shavuot2.jpg\",\"contentUrl\":\"https:\\\/\\\/www.iemj.org\\\/wp-content\\\/uploads\\\/2017\\\/05\\\/Shavuot2.jpg\",\"width\":500,\"height\":500},{\"@type\":\"BreadcrumbList\",\"@id\":\"https:\\\/\\\/www.iemj.org\\\/es\\\/chavouot-2eme-partie\\\/#breadcrumb\",\"itemListElement\":[{\"@type\":\"ListItem\",\"position\":1,\"name\":\"Accueil\",\"item\":\"https:\\\/\\\/www.iemj.org\\\/es\\\/\"},{\"@type\":\"ListItem\",\"position\":2,\"name\":\"Shavuot 2\"}]},{\"@type\":\"WebSite\",\"@id\":\"https:\\\/\\\/www.iemj.org\\\/es\\\/#website\",\"url\":\"https:\\\/\\\/www.iemj.org\\\/es\\\/\",\"name\":\"Institut Europ\u00e9en des Musiques Juives\",\"description\":\"Des traditions musicales \u00e0 la port\u00e9e de tous\",\"publisher\":{\"@id\":\"https:\\\/\\\/www.iemj.org\\\/es\\\/#organization\"},\"potentialAction\":[{\"@type\":\"SearchAction\",\"target\":{\"@type\":\"EntryPoint\",\"urlTemplate\":\"https:\\\/\\\/www.iemj.org\\\/es\\\/?s={search_term_string}\"},\"query-input\":{\"@type\":\"PropertyValueSpecification\",\"valueRequired\":true,\"valueName\":\"search_term_string\"}}],\"inLanguage\":\"es\"},{\"@type\":\"Organization\",\"@id\":\"https:\\\/\\\/www.iemj.org\\\/es\\\/#organization\",\"name\":\"Institut Europ\u00e9en des Musiques Juives\",\"url\":\"https:\\\/\\\/www.iemj.org\\\/es\\\/\",\"logo\":{\"@type\":\"ImageObject\",\"inLanguage\":\"es\",\"@id\":\"https:\\\/\\\/www.iemj.org\\\/es\\\/#\\\/schema\\\/logo\\\/image\\\/\",\"url\":\"https:\\\/\\\/www.iemj.org\\\/wp-content\\\/uploads\\\/2021\\\/09\\\/Logo-IEMJ-Paypal.jpg\",\"contentUrl\":\"https:\\\/\\\/www.iemj.org\\\/wp-content\\\/uploads\\\/2021\\\/09\\\/Logo-IEMJ-Paypal.jpg\",\"width\":150,\"height\":50,\"caption\":\"Institut Europ\u00e9en des Musiques Juives\"},\"image\":{\"@id\":\"https:\\\/\\\/www.iemj.org\\\/es\\\/#\\\/schema\\\/logo\\\/image\\\/\"},\"sameAs\":[\"https:\\\/\\\/www.facebook.com\\\/MusiquesJuives\\\/\",\"https:\\\/\\\/www.instagram.com\\\/musiquesjuives\\\/\",\"https:\\\/\\\/www.youtube.com\\\/user\\\/musiquesjuives\"]},{\"@type\":\"Person\",\"@id\":\"https:\\\/\\\/www.iemj.org\\\/es\\\/#\\\/schema\\\/person\\\/e2ad57f2c4be119c7ed8ab79036807a9\",\"name\":\"Lea Couderc\",\"image\":{\"@type\":\"ImageObject\",\"inLanguage\":\"es\",\"@id\":\"https:\\\/\\\/secure.gravatar.com\\\/avatar\\\/46ee021475d60aeff17a7e490b79dea5a5684bb392ab7fd1494027411df8ba23?s=96&d=mm&r=g\",\"url\":\"https:\\\/\\\/secure.gravatar.com\\\/avatar\\\/46ee021475d60aeff17a7e490b79dea5a5684bb392ab7fd1494027411df8ba23?s=96&d=mm&r=g\",\"contentUrl\":\"https:\\\/\\\/secure.gravatar.com\\\/avatar\\\/46ee021475d60aeff17a7e490b79dea5a5684bb392ab7fd1494027411df8ba23?s=96&d=mm&r=g\",\"caption\":\"Lea Couderc\"}}]}<\/script>\n<!-- \/ Yoast SEO plugin. -->","yoast_head_json":{"title":"Shavuot 2 - Institut Europ\u00e9en des Musiques Juives","robots":{"index":"index","follow":"follow","max-snippet":"max-snippet:-1","max-image-preview":"max-image-preview:large","max-video-preview":"max-video-preview:-1"},"canonical":"https:\/\/www.iemj.org\/es\/chavouot-2eme-partie\/","og_locale":"es_ES","og_type":"article","og_title":"Shavuot 2 - Institut Europ\u00e9en des Musiques Juives","og_description":"Con motivo de la fiesta de Shavuot, le ofrecemos una lista de reproducci\u00f3n a escuchar","og_url":"https:\/\/www.iemj.org\/es\/chavouot-2eme-partie\/","og_site_name":"Institut Europ\u00e9en des Musiques Juives","article_publisher":"https:\/\/www.facebook.com\/MusiquesJuives\/","article_published_time":"2017-05-23T13:35:09+00:00","article_modified_time":"2026-04-30T10:14:06+00:00","og_image":[{"width":500,"height":500,"url":"https:\/\/www.iemj.org\/wp-content\/uploads\/2017\/05\/Shavuot2.jpg","type":"image\/jpeg"}],"author":"Lea Couderc","twitter_card":"summary_large_image","twitter_misc":{"Escrito por":"Lea Couderc","Tiempo de lectura":"3 minutos"},"schema":{"@context":"https:\/\/schema.org","@graph":[{"@type":"Article","@id":"https:\/\/www.iemj.org\/es\/chavouot-2eme-partie\/#article","isPartOf":{"@id":"https:\/\/www.iemj.org\/es\/chavouot-2eme-partie\/"},"author":{"name":"Lea Couderc","@id":"https:\/\/www.iemj.org\/es\/#\/schema\/person\/e2ad57f2c4be119c7ed8ab79036807a9"},"headline":"Shavuot 2","datePublished":"2017-05-23T13:35:09+00:00","dateModified":"2026-04-30T10:14:06+00:00","mainEntityOfPage":{"@id":"https:\/\/www.iemj.org\/es\/chavouot-2eme-partie\/"},"wordCount":428,"publisher":{"@id":"https:\/\/www.iemj.org\/es\/#organization"},"image":{"@id":"https:\/\/www.iemj.org\/es\/chavouot-2eme-partie\/#primaryimage"},"thumbnailUrl":"https:\/\/www.iemj.org\/wp-content\/uploads\/2017\/05\/Shavuot2.jpg","articleSection":["Listas de reproducci\u00f3n"],"inLanguage":"es"},{"@type":"WebPage","@id":"https:\/\/www.iemj.org\/es\/chavouot-2eme-partie\/","url":"https:\/\/www.iemj.org\/es\/chavouot-2eme-partie\/","name":"Shavuot 2 - Institut Europ\u00e9en des Musiques Juives","isPartOf":{"@id":"https:\/\/www.iemj.org\/es\/#website"},"primaryImageOfPage":{"@id":"https:\/\/www.iemj.org\/es\/chavouot-2eme-partie\/#primaryimage"},"image":{"@id":"https:\/\/www.iemj.org\/es\/chavouot-2eme-partie\/#primaryimage"},"thumbnailUrl":"https:\/\/www.iemj.org\/wp-content\/uploads\/2017\/05\/Shavuot2.jpg","datePublished":"2017-05-23T13:35:09+00:00","dateModified":"2026-04-30T10:14:06+00:00","breadcrumb":{"@id":"https:\/\/www.iemj.org\/es\/chavouot-2eme-partie\/#breadcrumb"},"inLanguage":"es","potentialAction":[{"@type":"ReadAction","target":["https:\/\/www.iemj.org\/es\/chavouot-2eme-partie\/"]}]},{"@type":"ImageObject","inLanguage":"es","@id":"https:\/\/www.iemj.org\/es\/chavouot-2eme-partie\/#primaryimage","url":"https:\/\/www.iemj.org\/wp-content\/uploads\/2017\/05\/Shavuot2.jpg","contentUrl":"https:\/\/www.iemj.org\/wp-content\/uploads\/2017\/05\/Shavuot2.jpg","width":500,"height":500},{"@type":"BreadcrumbList","@id":"https:\/\/www.iemj.org\/es\/chavouot-2eme-partie\/#breadcrumb","itemListElement":[{"@type":"ListItem","position":1,"name":"Accueil","item":"https:\/\/www.iemj.org\/es\/"},{"@type":"ListItem","position":2,"name":"Shavuot 2"}]},{"@type":"WebSite","@id":"https:\/\/www.iemj.org\/es\/#website","url":"https:\/\/www.iemj.org\/es\/","name":"Institut Europ\u00e9en des Musiques Juives","description":"Des traditions musicales \u00e0 la port\u00e9e de tous","publisher":{"@id":"https:\/\/www.iemj.org\/es\/#organization"},"potentialAction":[{"@type":"SearchAction","target":{"@type":"EntryPoint","urlTemplate":"https:\/\/www.iemj.org\/es\/?s={search_term_string}"},"query-input":{"@type":"PropertyValueSpecification","valueRequired":true,"valueName":"search_term_string"}}],"inLanguage":"es"},{"@type":"Organization","@id":"https:\/\/www.iemj.org\/es\/#organization","name":"Institut Europ\u00e9en des Musiques Juives","url":"https:\/\/www.iemj.org\/es\/","logo":{"@type":"ImageObject","inLanguage":"es","@id":"https:\/\/www.iemj.org\/es\/#\/schema\/logo\/image\/","url":"https:\/\/www.iemj.org\/wp-content\/uploads\/2021\/09\/Logo-IEMJ-Paypal.jpg","contentUrl":"https:\/\/www.iemj.org\/wp-content\/uploads\/2021\/09\/Logo-IEMJ-Paypal.jpg","width":150,"height":50,"caption":"Institut Europ\u00e9en des Musiques Juives"},"image":{"@id":"https:\/\/www.iemj.org\/es\/#\/schema\/logo\/image\/"},"sameAs":["https:\/\/www.facebook.com\/MusiquesJuives\/","https:\/\/www.instagram.com\/musiquesjuives\/","https:\/\/www.youtube.com\/user\/musiquesjuives"]},{"@type":"Person","@id":"https:\/\/www.iemj.org\/es\/#\/schema\/person\/e2ad57f2c4be119c7ed8ab79036807a9","name":"Lea Couderc","image":{"@type":"ImageObject","inLanguage":"es","@id":"https:\/\/secure.gravatar.com\/avatar\/46ee021475d60aeff17a7e490b79dea5a5684bb392ab7fd1494027411df8ba23?s=96&d=mm&r=g","url":"https:\/\/secure.gravatar.com\/avatar\/46ee021475d60aeff17a7e490b79dea5a5684bb392ab7fd1494027411df8ba23?s=96&d=mm&r=g","contentUrl":"https:\/\/secure.gravatar.com\/avatar\/46ee021475d60aeff17a7e490b79dea5a5684bb392ab7fd1494027411df8ba23?s=96&d=mm&r=g","caption":"Lea Couderc"}}]}},"_links":{"self":[{"href":"https:\/\/www.iemj.org\/es\/wp-json\/wp\/v2\/posts\/72361","targetHints":{"allow":["GET"]}}],"collection":[{"href":"https:\/\/www.iemj.org\/es\/wp-json\/wp\/v2\/posts"}],"about":[{"href":"https:\/\/www.iemj.org\/es\/wp-json\/wp\/v2\/types\/post"}],"author":[{"embeddable":true,"href":"https:\/\/www.iemj.org\/es\/wp-json\/wp\/v2\/users\/1052"}],"replies":[{"embeddable":true,"href":"https:\/\/www.iemj.org\/es\/wp-json\/wp\/v2\/comments?post=72361"}],"version-history":[{"count":1,"href":"https:\/\/www.iemj.org\/es\/wp-json\/wp\/v2\/posts\/72361\/revisions"}],"predecessor-version":[{"id":132110,"href":"https:\/\/www.iemj.org\/es\/wp-json\/wp\/v2\/posts\/72361\/revisions\/132110"}],"wp:featuredmedia":[{"embeddable":true,"href":"https:\/\/www.iemj.org\/es\/wp-json\/wp\/v2\/media\/112569"}],"wp:attachment":[{"href":"https:\/\/www.iemj.org\/es\/wp-json\/wp\/v2\/media?parent=72361"}],"wp:term":[{"taxonomy":"category","embeddable":true,"href":"https:\/\/www.iemj.org\/es\/wp-json\/wp\/v2\/categories?post=72361"},{"taxonomy":"post_tag","embeddable":true,"href":"https:\/\/www.iemj.org\/es\/wp-json\/wp\/v2\/tags?post=72361"},{"taxonomy":"technique","embeddable":true,"href":"https:\/\/www.iemj.org\/es\/wp-json\/wp\/v2\/technique?post=72361"},{"taxonomy":"squelettes","embeddable":true,"href":"https:\/\/www.iemj.org\/es\/wp-json\/wp\/v2\/squelettes?post=72361"},{"taxonomy":"sujet","embeddable":true,"href":"https:\/\/www.iemj.org\/es\/wp-json\/wp\/v2\/sujet?post=72361"},{"taxonomy":"formation","embeddable":true,"href":"https:\/\/www.iemj.org\/es\/wp-json\/wp\/v2\/formation?post=72361"},{"taxonomy":"genre","embeddable":true,"href":"https:\/\/www.iemj.org\/es\/wp-json\/wp\/v2\/genre?post=72361"},{"taxonomy":"fonds","embeddable":true,"href":"https:\/\/www.iemj.org\/es\/wp-json\/wp\/v2\/fonds?post=72361"},{"taxonomy":"tradition","embeddable":true,"href":"https:\/\/www.iemj.org\/es\/wp-json\/wp\/v2\/tradition?post=72361"},{"taxonomy":"type-de-contenu","embeddable":true,"href":"https:\/\/www.iemj.org\/es\/wp-json\/wp\/v2\/type-de-contenu?post=72361"},{"taxonomy":"interprete-compositeur","embeddable":true,"href":"https:\/\/www.iemj.org\/es\/wp-json\/wp\/v2\/interprete-compositeur?post=72361"},{"taxonomy":"frise","embeddable":true,"href":"https:\/\/www.iemj.org\/es\/wp-json\/wp\/v2\/frise?post=72361"},{"taxonomy":"type-devenement","embeddable":true,"href":"https:\/\/www.iemj.org\/es\/wp-json\/wp\/v2\/type-devenement?post=72361"},{"taxonomy":"tableaux-liens-externes","embeddable":true,"href":"https:\/\/www.iemj.org\/es\/wp-json\/wp\/v2\/tableaux-liens-externes?post=72361"}],"curies":[{"name":"wp","href":"https:\/\/api.w.org\/{rel}","templated":true}]}}