{"id":72563,"date":"2014-09-18T14:27:21","date_gmt":"2014-09-18T12:27:21","guid":{"rendered":"https:\/\/www.iemj.org\/les-traditions-musicales-juives-en-france\/"},"modified":"2021-12-09T10:27:46","modified_gmt":"2021-12-09T09:27:46","slug":"les-traditions-musicales-juives-en-france","status":"publish","type":"post","link":"https:\/\/www.iemj.org\/es\/les-traditions-musicales-juives-en-france\/","title":{"rendered":"Las tradiciones musicales jud\u00edas en Francia"},"content":{"rendered":"<p>\u00a1Una historia jud\u00eda nos cuenta que cuando dos jud\u00edos hablan, surgen al menos tres opiniones diferentes! Del mismo modo, cuando hablamos de \u00abtradiciones musicales jud\u00edas\u00bb, es bueno conjugar la f\u00f3rmula en plural, ya que multiplicidad y variedad son las palabras clave de este universo. Existe en el mundo un centenar de tradiciones musicales jud\u00edas.<\/p>\n<p>Solo en Francia, hay casi veinte. Se trata de la obra de las tres principales familias jud\u00edas que viven actualmente en el suelo franc\u00e9s:<\/p>\n<p>Los Sefard\u00edes (que fueron expulsados de la Pen\u00ednsula Ib\u00e9rica en 1492 y 1497)<\/p>\n<p>Los Asquenaz\u00edes (de Europa del Este y de Alsacia-Lorena)<\/p>\n<p>Los Jud\u00edos de \u00c1frica del Norte (los m\u00e1s numerosos). Estos \u00faltimos, a menudo err\u00f3neamente, se autodenominan Sefard\u00edes.<\/p>\n<p>La comunidad francesa representa casi 600.000 personas. Sin embargo, dista mucho de ser homog\u00e9nea; cada uno de estos tres grupos est\u00e1 formado por una multitud de subgrupos de or\u00edgenes diversos, cada uno con su propia tradici\u00f3n musical.<\/p>\n<p>Este mosaico de comunidades ha dado lugar a una pr\u00e1ctica musical que se inscribe al interior de un marco lit\u00fargico o comunitario.<\/p>\n<p>La m\u00fasica lit\u00fargica representa lo esencial de la pr\u00e1ctica musical jud\u00eda. El canto est\u00e1 omnipresente en la sinagoga o en casa, y da el ritmo a la vida de los fieles. Todo jud\u00edo religioso va a la sinagoga dos veces al d\u00eda para recitar las melod\u00edas aprendidas de sus padres seg\u00fan la tradici\u00f3n oral. Las fiestas jud\u00edas dan lugar a un florecimiento musical m\u00e1s o menos pronunciado en funci\u00f3n de su significado y su importancia dentro del calendario lit\u00fargico.<\/p>\n<p>Desde la ca\u00edda del Templo (70 d. C.), los instrumentos musicales, los instrumentos musicales est\u00e1n prohibidos en la sinagoga (excepto el Shofar, un cuerno de carnero que se toca durante las fiesta de A\u00f1o Nuevo y de Yom Kippur). Sin embargo, desde la segunda mitad del siglo XIX, los asquenaz\u00edes utilizan a veces el \u00f3rgano como acompa\u00f1amiento de los c\u00e1nticos, fuera de los periodos de prohibici\u00f3n del Shabat y de las grandes fiestas.<\/p>\n<p>Los actores y portadores de esta tradici\u00f3n musical son: el cantor (jaz\u00e1n), el rabino y los fieles que participan activamente en los servicios, porque el canto afecta frecuentemente una forma responsorial. Entre estos fieles, cabe destacar la importancia del \u00abBa&#8217;ale massore\u00bb (textualmente: poseedor de la tradici\u00f3n). Este erudito, que conoce la tradici\u00f3n de memoria, es el garante de la correcta observancia de los ritos y las melod\u00edas que se cantan en su sinagoga. Tenemos que se\u00f1alar que estas tradiciones, en un principio esencialmente orales, se acompa\u00f1an desde la segunda mitad del siglo XIX de una tradici\u00f3n escrita, consistente en transcripciones de oraciones existentes o en melod\u00edas inventadas para las distintas circunstancias lit\u00fargicas del a\u00f1o jud\u00edo.<\/p>\n<p>Cada sinagoga tiene su propio rito musical. Esto depende de la ubicaci\u00f3n de la sinagoga, de la pr\u00e1ctica de tradiciones ancestrales y del origen\u00a0 de la mayor\u00eda de los fieles. As\u00ed, en una comunidad homog\u00e9nea, compuesta exclusivamente por jud\u00edos tunecinos, las oraciones se cantar\u00e1n seg\u00fan el rito tunecino. En la gran sinagoga de la Victoria de Par\u00eds, el rito es en principio asquenaz\u00ed, pero las melod\u00edas son en su mayor\u00eda del periodo consistorial&#8230; Entonces, muy diferentes de un rito polaco o ruso, por ejemplo. Algunas comunidades &#8211; especialmente en las ciudades donde la poblaci\u00f3n jud\u00eda es num\u00e9ricamente peque\u00f1a &#8211; re\u00fanen a fieles de or\u00edgenes muy diferentes, y se crea una mezcla de melod\u00edas y tradiciones distintas (seg\u00fan el impacto y la fuerza de los grupos implicados), que luego se transmite as\u00ed.<\/p>\n<p>Paralelamente a esta pr\u00e1ctica lit\u00fargica, existe una pr\u00e1ctica musical comunitaria. Esto reivindica la identidad jud\u00eda como base de una conciencia musical. As\u00ed, las m\u00fasicas de Europa del Este (yiddish, jas\u00eddicas), orientales y judeo-espa\u00f1olas &#8211; que anta\u00f1o se cantaban en la vida cotidiana &#8211; est\u00e1n vinculadas a una cultura diasp\u00f3rica muchas veces desaparecida y en proceso de recuperaci\u00f3n. Estas pr\u00e1cticas suelen tener lugar en centros comunitarios, salas de pueblo, salas de conciertos o incluso en el caf\u00e9-teatro. El canto es el elemento predominante, pero el baile, que perpet\u00faa el folclore jas\u00eddico o israel\u00ed, desempe\u00f1a un papel importante. Para acompa\u00f1ar a los cantantes o bailarines, se utilizan frecuentemente instrumentos como el viol\u00edn, el clarinete, el acorde\u00f3n o la guitarra.<\/p>\n<p>Despu\u00e9s de haber participado plenamente en estas tradiciones, el jud\u00edo de hoy es un simple participante, espectador externo a una cultura, un folclore y un imaginario que a menudo s\u00f3lo conoce a trav\u00e9s de estas representaciones y que cultiva como parte integrante de sus ra\u00edces y de su identidad jud\u00eda. As\u00ed, los asquenaz\u00edes reviven las inquietantes melod\u00edas del folclore yiddish. Los jasidim bailan y expresan su alegr\u00eda al son de formaciones orquestales recordando a los antiguos conjuntos instrumentales de Europa del Este (klezmerim). Del mismo modo, los antiguos romances o canciones de cuna judeo-espa\u00f1olas cuentan la historia del reino de Salom\u00f3n con el sonido de la guitarra. Sin embargo, los distintos int\u00e9rpretes de esta m\u00fasica no suelen estar especializados en una \u00fanica tradici\u00f3n. No dudan en reapropiarse de repertorios f\u00e1cilmente intercambiables, enlazando canciones yiddish y m\u00fasicas judeo-espa\u00f1olas. De este modo, recurren a una vasta reserva musical, nacida de las tribulaciones del pueblo jud\u00edo, para crear una especie de folclore m\u00edtico.<\/p>\n<p>En las \u00faltimas d\u00e9cadas, cantos y bailes populares israel\u00edes (como la Hora, un baile originario de Europa del Este) se han incorporado al repertorio de las tradiciones musicales jud\u00edas en Francia. Estas m\u00fasicas, de car\u00e1cter popular, incluyen a todos los participantes y se interpreta generalmente en el seno de los movimientos juveniles o durante las grandes celebraciones familiares, como las bodas, la iniciaci\u00f3n religiosa (Bar mitsvah) o incluso la circuncisi\u00f3n.<\/p>\n<p>Este breve resumen pone en evidencia la diversidad y la vivacidad de las tradiciones musicales jud\u00edas en Francia. Existen dos tipos de pr\u00e1cticas musicales en el seno de la comunidad. El primero es lit\u00fargico y expresa la fe de los fieles hacia Dios. La segunda, de car\u00e1cter comunitario, refuerza los lazos entre los jud\u00edos a trav\u00e9s de un folclore \u00abrecompuesto\u00bb para la ocasi\u00f3n, lugar de encuentro de la diferencia del otro.<\/p>\n<p>Estas dos pr\u00e1cticas son complementarias y no pueden vivir la una sin la otra. Como dos partes de una pareja, se desean, se desgarran y se reconcilian para ir m\u00e1s all\u00e1 en la realizaci\u00f3n de su profunda autenticidad.<\/p>\n","protected":false},"excerpt":{"rendered":"<p>\u00a1Una historia jud\u00eda nos cuenta que cuando dos jud\u00edos hablan, surgen al menos tres opiniones diferentes! Del mismo modo, cuando hablamos de \u00abtradiciones musicales jud\u00edas\u00bb, es bueno conjugar la f\u00f3rmula<\/p>\n","protected":false},"author":1045,"featured_media":72564,"comment_status":"closed","ping_status":"open","sticky":false,"template":"","format":"standard","meta":{"_acf_changed":false,"footnotes":""},"categories":[1408],"tags":[],"technique":[],"squelettes":[],"sujet":[1824],"formation":[],"genre":[],"fonds":[],"tradition":[],"type-de-contenu":[],"interprete-compositeur":[],"frise":[],"type-devenement":[],"tableaux-liens-externes":[],"class_list":["post-72563","post","type-post","status-publish","format-standard","has-post-thumbnail","hentry","category-articulos-de-fondo-es","sujet-francia-es"],"acf":[],"yoast_head":"<!-- This site is optimized with the Yoast SEO plugin v27.3 - https:\/\/yoast.com\/product\/yoast-seo-wordpress\/ -->\n<title>Las tradiciones musicales jud\u00edas en Francia - Institut Europ\u00e9en des Musiques Juives<\/title>\n<meta name=\"robots\" content=\"index, follow, max-snippet:-1, max-image-preview:large, max-video-preview:-1\" \/>\n<link rel=\"canonical\" href=\"https:\/\/www.iemj.org\/es\/les-traditions-musicales-juives-en-france\/\" \/>\n<meta property=\"og:locale\" content=\"es_ES\" \/>\n<meta property=\"og:type\" content=\"article\" \/>\n<meta property=\"og:title\" content=\"Las tradiciones musicales jud\u00edas en Francia - Institut Europ\u00e9en des Musiques Juives\" \/>\n<meta property=\"og:description\" content=\"\u00a1Una historia jud\u00eda nos cuenta que cuando dos jud\u00edos hablan, surgen al menos tres opiniones diferentes! Del mismo modo, cuando hablamos de \u00abtradiciones musicales jud\u00edas\u00bb, es bueno conjugar la f\u00f3rmula\" \/>\n<meta property=\"og:url\" content=\"https:\/\/www.iemj.org\/es\/les-traditions-musicales-juives-en-france\/\" \/>\n<meta property=\"og:site_name\" content=\"Institut Europ\u00e9en des Musiques Juives\" \/>\n<meta property=\"article:publisher\" content=\"https:\/\/www.facebook.com\/MusiquesJuives\/\" \/>\n<meta property=\"article:published_time\" content=\"2014-09-18T12:27:21+00:00\" \/>\n<meta property=\"article:modified_time\" content=\"2021-12-09T09:27:46+00:00\" \/>\n<meta property=\"og:image\" content=\"https:\/\/www.iemj.org\/wp-content\/uploads\/2014\/09\/arton23.jpg\" \/>\n\t<meta property=\"og:image:width\" content=\"231\" \/>\n\t<meta property=\"og:image:height\" content=\"133\" \/>\n\t<meta property=\"og:image:type\" content=\"image\/jpeg\" \/>\n<meta name=\"author\" content=\"Herv\u00e9 Roten\" \/>\n<meta name=\"twitter:card\" content=\"summary_large_image\" \/>\n<meta name=\"twitter:label1\" content=\"Escrito por\" \/>\n\t<meta name=\"twitter:data1\" content=\"Herv\u00e9 Roten\" \/>\n\t<meta name=\"twitter:label2\" content=\"Tiempo de lectura\" \/>\n\t<meta name=\"twitter:data2\" content=\"5 minutos\" \/>\n<script type=\"application\/ld+json\" class=\"yoast-schema-graph\">{\"@context\":\"https:\\\/\\\/schema.org\",\"@graph\":[{\"@type\":\"Article\",\"@id\":\"https:\\\/\\\/www.iemj.org\\\/es\\\/les-traditions-musicales-juives-en-france\\\/#article\",\"isPartOf\":{\"@id\":\"https:\\\/\\\/www.iemj.org\\\/es\\\/les-traditions-musicales-juives-en-france\\\/\"},\"author\":{\"name\":\"Herv\u00e9 Roten\",\"@id\":\"https:\\\/\\\/www.iemj.org\\\/es\\\/#\\\/schema\\\/person\\\/906134402c29d5c76e7b726261dd4bbd\"},\"headline\":\"Las tradiciones musicales jud\u00edas en Francia\",\"datePublished\":\"2014-09-18T12:27:21+00:00\",\"dateModified\":\"2021-12-09T09:27:46+00:00\",\"mainEntityOfPage\":{\"@id\":\"https:\\\/\\\/www.iemj.org\\\/es\\\/les-traditions-musicales-juives-en-france\\\/\"},\"wordCount\":1159,\"publisher\":{\"@id\":\"https:\\\/\\\/www.iemj.org\\\/es\\\/#organization\"},\"image\":{\"@id\":\"https:\\\/\\\/www.iemj.org\\\/es\\\/les-traditions-musicales-juives-en-france\\\/#primaryimage\"},\"thumbnailUrl\":\"https:\\\/\\\/www.iemj.org\\\/wp-content\\\/uploads\\\/2014\\\/09\\\/arton23.jpg\",\"articleSection\":[\"Art\u00edculos de fondo\"],\"inLanguage\":\"es\"},{\"@type\":\"WebPage\",\"@id\":\"https:\\\/\\\/www.iemj.org\\\/es\\\/les-traditions-musicales-juives-en-france\\\/\",\"url\":\"https:\\\/\\\/www.iemj.org\\\/es\\\/les-traditions-musicales-juives-en-france\\\/\",\"name\":\"Las tradiciones musicales jud\u00edas en Francia - Institut Europ\u00e9en des Musiques Juives\",\"isPartOf\":{\"@id\":\"https:\\\/\\\/www.iemj.org\\\/es\\\/#website\"},\"primaryImageOfPage\":{\"@id\":\"https:\\\/\\\/www.iemj.org\\\/es\\\/les-traditions-musicales-juives-en-france\\\/#primaryimage\"},\"image\":{\"@id\":\"https:\\\/\\\/www.iemj.org\\\/es\\\/les-traditions-musicales-juives-en-france\\\/#primaryimage\"},\"thumbnailUrl\":\"https:\\\/\\\/www.iemj.org\\\/wp-content\\\/uploads\\\/2014\\\/09\\\/arton23.jpg\",\"datePublished\":\"2014-09-18T12:27:21+00:00\",\"dateModified\":\"2021-12-09T09:27:46+00:00\",\"breadcrumb\":{\"@id\":\"https:\\\/\\\/www.iemj.org\\\/es\\\/les-traditions-musicales-juives-en-france\\\/#breadcrumb\"},\"inLanguage\":\"es\",\"potentialAction\":[{\"@type\":\"ReadAction\",\"target\":[\"https:\\\/\\\/www.iemj.org\\\/es\\\/les-traditions-musicales-juives-en-france\\\/\"]}]},{\"@type\":\"ImageObject\",\"inLanguage\":\"es\",\"@id\":\"https:\\\/\\\/www.iemj.org\\\/es\\\/les-traditions-musicales-juives-en-france\\\/#primaryimage\",\"url\":\"https:\\\/\\\/www.iemj.org\\\/wp-content\\\/uploads\\\/2014\\\/09\\\/arton23.jpg\",\"contentUrl\":\"https:\\\/\\\/www.iemj.org\\\/wp-content\\\/uploads\\\/2014\\\/09\\\/arton23.jpg\",\"width\":231,\"height\":133},{\"@type\":\"BreadcrumbList\",\"@id\":\"https:\\\/\\\/www.iemj.org\\\/es\\\/les-traditions-musicales-juives-en-france\\\/#breadcrumb\",\"itemListElement\":[{\"@type\":\"ListItem\",\"position\":1,\"name\":\"Accueil\",\"item\":\"https:\\\/\\\/www.iemj.org\\\/es\\\/\"},{\"@type\":\"ListItem\",\"position\":2,\"name\":\"Las tradiciones musicales jud\u00edas en Francia\"}]},{\"@type\":\"WebSite\",\"@id\":\"https:\\\/\\\/www.iemj.org\\\/es\\\/#website\",\"url\":\"https:\\\/\\\/www.iemj.org\\\/es\\\/\",\"name\":\"Institut Europ\u00e9en des Musiques Juives\",\"description\":\"Des traditions musicales \u00e0 la port\u00e9e de tous\",\"publisher\":{\"@id\":\"https:\\\/\\\/www.iemj.org\\\/es\\\/#organization\"},\"potentialAction\":[{\"@type\":\"SearchAction\",\"target\":{\"@type\":\"EntryPoint\",\"urlTemplate\":\"https:\\\/\\\/www.iemj.org\\\/es\\\/?s={search_term_string}\"},\"query-input\":{\"@type\":\"PropertyValueSpecification\",\"valueRequired\":true,\"valueName\":\"search_term_string\"}}],\"inLanguage\":\"es\"},{\"@type\":\"Organization\",\"@id\":\"https:\\\/\\\/www.iemj.org\\\/es\\\/#organization\",\"name\":\"Institut Europ\u00e9en des Musiques Juives\",\"url\":\"https:\\\/\\\/www.iemj.org\\\/es\\\/\",\"logo\":{\"@type\":\"ImageObject\",\"inLanguage\":\"es\",\"@id\":\"https:\\\/\\\/www.iemj.org\\\/es\\\/#\\\/schema\\\/logo\\\/image\\\/\",\"url\":\"https:\\\/\\\/www.iemj.org\\\/wp-content\\\/uploads\\\/2021\\\/09\\\/Logo-IEMJ-Paypal.jpg\",\"contentUrl\":\"https:\\\/\\\/www.iemj.org\\\/wp-content\\\/uploads\\\/2021\\\/09\\\/Logo-IEMJ-Paypal.jpg\",\"width\":150,\"height\":50,\"caption\":\"Institut Europ\u00e9en des Musiques Juives\"},\"image\":{\"@id\":\"https:\\\/\\\/www.iemj.org\\\/es\\\/#\\\/schema\\\/logo\\\/image\\\/\"},\"sameAs\":[\"https:\\\/\\\/www.facebook.com\\\/MusiquesJuives\\\/\",\"https:\\\/\\\/www.instagram.com\\\/musiquesjuives\\\/\",\"https:\\\/\\\/www.youtube.com\\\/user\\\/musiquesjuives\"]},{\"@type\":\"Person\",\"@id\":\"https:\\\/\\\/www.iemj.org\\\/es\\\/#\\\/schema\\\/person\\\/906134402c29d5c76e7b726261dd4bbd\",\"name\":\"Herv\u00e9 Roten\",\"image\":{\"@type\":\"ImageObject\",\"inLanguage\":\"es\",\"@id\":\"https:\\\/\\\/secure.gravatar.com\\\/avatar\\\/f96ad2db538a26481f18384936b5cd0610c92d390c4dc382209216d455f685ff?s=96&d=mm&r=g\",\"url\":\"https:\\\/\\\/secure.gravatar.com\\\/avatar\\\/f96ad2db538a26481f18384936b5cd0610c92d390c4dc382209216d455f685ff?s=96&d=mm&r=g\",\"contentUrl\":\"https:\\\/\\\/secure.gravatar.com\\\/avatar\\\/f96ad2db538a26481f18384936b5cd0610c92d390c4dc382209216d455f685ff?s=96&d=mm&r=g\",\"caption\":\"Herv\u00e9 Roten\"}}]}<\/script>\n<!-- \/ Yoast SEO plugin. -->","yoast_head_json":{"title":"Las tradiciones musicales jud\u00edas en Francia - Institut Europ\u00e9en des Musiques Juives","robots":{"index":"index","follow":"follow","max-snippet":"max-snippet:-1","max-image-preview":"max-image-preview:large","max-video-preview":"max-video-preview:-1"},"canonical":"https:\/\/www.iemj.org\/es\/les-traditions-musicales-juives-en-france\/","og_locale":"es_ES","og_type":"article","og_title":"Las tradiciones musicales jud\u00edas en Francia - Institut Europ\u00e9en des Musiques Juives","og_description":"\u00a1Una historia jud\u00eda nos cuenta que cuando dos jud\u00edos hablan, surgen al menos tres opiniones diferentes! Del mismo modo, cuando hablamos de \u00abtradiciones musicales jud\u00edas\u00bb, es bueno conjugar la f\u00f3rmula","og_url":"https:\/\/www.iemj.org\/es\/les-traditions-musicales-juives-en-france\/","og_site_name":"Institut Europ\u00e9en des Musiques Juives","article_publisher":"https:\/\/www.facebook.com\/MusiquesJuives\/","article_published_time":"2014-09-18T12:27:21+00:00","article_modified_time":"2021-12-09T09:27:46+00:00","og_image":[{"width":231,"height":133,"url":"https:\/\/www.iemj.org\/wp-content\/uploads\/2014\/09\/arton23.jpg","type":"image\/jpeg"}],"author":"Herv\u00e9 Roten","twitter_card":"summary_large_image","twitter_misc":{"Escrito por":"Herv\u00e9 Roten","Tiempo de lectura":"5 minutos"},"schema":{"@context":"https:\/\/schema.org","@graph":[{"@type":"Article","@id":"https:\/\/www.iemj.org\/es\/les-traditions-musicales-juives-en-france\/#article","isPartOf":{"@id":"https:\/\/www.iemj.org\/es\/les-traditions-musicales-juives-en-france\/"},"author":{"name":"Herv\u00e9 Roten","@id":"https:\/\/www.iemj.org\/es\/#\/schema\/person\/906134402c29d5c76e7b726261dd4bbd"},"headline":"Las tradiciones musicales jud\u00edas en Francia","datePublished":"2014-09-18T12:27:21+00:00","dateModified":"2021-12-09T09:27:46+00:00","mainEntityOfPage":{"@id":"https:\/\/www.iemj.org\/es\/les-traditions-musicales-juives-en-france\/"},"wordCount":1159,"publisher":{"@id":"https:\/\/www.iemj.org\/es\/#organization"},"image":{"@id":"https:\/\/www.iemj.org\/es\/les-traditions-musicales-juives-en-france\/#primaryimage"},"thumbnailUrl":"https:\/\/www.iemj.org\/wp-content\/uploads\/2014\/09\/arton23.jpg","articleSection":["Art\u00edculos de fondo"],"inLanguage":"es"},{"@type":"WebPage","@id":"https:\/\/www.iemj.org\/es\/les-traditions-musicales-juives-en-france\/","url":"https:\/\/www.iemj.org\/es\/les-traditions-musicales-juives-en-france\/","name":"Las tradiciones musicales jud\u00edas en Francia - Institut Europ\u00e9en des Musiques Juives","isPartOf":{"@id":"https:\/\/www.iemj.org\/es\/#website"},"primaryImageOfPage":{"@id":"https:\/\/www.iemj.org\/es\/les-traditions-musicales-juives-en-france\/#primaryimage"},"image":{"@id":"https:\/\/www.iemj.org\/es\/les-traditions-musicales-juives-en-france\/#primaryimage"},"thumbnailUrl":"https:\/\/www.iemj.org\/wp-content\/uploads\/2014\/09\/arton23.jpg","datePublished":"2014-09-18T12:27:21+00:00","dateModified":"2021-12-09T09:27:46+00:00","breadcrumb":{"@id":"https:\/\/www.iemj.org\/es\/les-traditions-musicales-juives-en-france\/#breadcrumb"},"inLanguage":"es","potentialAction":[{"@type":"ReadAction","target":["https:\/\/www.iemj.org\/es\/les-traditions-musicales-juives-en-france\/"]}]},{"@type":"ImageObject","inLanguage":"es","@id":"https:\/\/www.iemj.org\/es\/les-traditions-musicales-juives-en-france\/#primaryimage","url":"https:\/\/www.iemj.org\/wp-content\/uploads\/2014\/09\/arton23.jpg","contentUrl":"https:\/\/www.iemj.org\/wp-content\/uploads\/2014\/09\/arton23.jpg","width":231,"height":133},{"@type":"BreadcrumbList","@id":"https:\/\/www.iemj.org\/es\/les-traditions-musicales-juives-en-france\/#breadcrumb","itemListElement":[{"@type":"ListItem","position":1,"name":"Accueil","item":"https:\/\/www.iemj.org\/es\/"},{"@type":"ListItem","position":2,"name":"Las tradiciones musicales jud\u00edas en Francia"}]},{"@type":"WebSite","@id":"https:\/\/www.iemj.org\/es\/#website","url":"https:\/\/www.iemj.org\/es\/","name":"Institut Europ\u00e9en des Musiques Juives","description":"Des traditions musicales \u00e0 la port\u00e9e de tous","publisher":{"@id":"https:\/\/www.iemj.org\/es\/#organization"},"potentialAction":[{"@type":"SearchAction","target":{"@type":"EntryPoint","urlTemplate":"https:\/\/www.iemj.org\/es\/?s={search_term_string}"},"query-input":{"@type":"PropertyValueSpecification","valueRequired":true,"valueName":"search_term_string"}}],"inLanguage":"es"},{"@type":"Organization","@id":"https:\/\/www.iemj.org\/es\/#organization","name":"Institut Europ\u00e9en des Musiques Juives","url":"https:\/\/www.iemj.org\/es\/","logo":{"@type":"ImageObject","inLanguage":"es","@id":"https:\/\/www.iemj.org\/es\/#\/schema\/logo\/image\/","url":"https:\/\/www.iemj.org\/wp-content\/uploads\/2021\/09\/Logo-IEMJ-Paypal.jpg","contentUrl":"https:\/\/www.iemj.org\/wp-content\/uploads\/2021\/09\/Logo-IEMJ-Paypal.jpg","width":150,"height":50,"caption":"Institut Europ\u00e9en des Musiques Juives"},"image":{"@id":"https:\/\/www.iemj.org\/es\/#\/schema\/logo\/image\/"},"sameAs":["https:\/\/www.facebook.com\/MusiquesJuives\/","https:\/\/www.instagram.com\/musiquesjuives\/","https:\/\/www.youtube.com\/user\/musiquesjuives"]},{"@type":"Person","@id":"https:\/\/www.iemj.org\/es\/#\/schema\/person\/906134402c29d5c76e7b726261dd4bbd","name":"Herv\u00e9 Roten","image":{"@type":"ImageObject","inLanguage":"es","@id":"https:\/\/secure.gravatar.com\/avatar\/f96ad2db538a26481f18384936b5cd0610c92d390c4dc382209216d455f685ff?s=96&d=mm&r=g","url":"https:\/\/secure.gravatar.com\/avatar\/f96ad2db538a26481f18384936b5cd0610c92d390c4dc382209216d455f685ff?s=96&d=mm&r=g","contentUrl":"https:\/\/secure.gravatar.com\/avatar\/f96ad2db538a26481f18384936b5cd0610c92d390c4dc382209216d455f685ff?s=96&d=mm&r=g","caption":"Herv\u00e9 Roten"}}]}},"_links":{"self":[{"href":"https:\/\/www.iemj.org\/es\/wp-json\/wp\/v2\/posts\/72563","targetHints":{"allow":["GET"]}}],"collection":[{"href":"https:\/\/www.iemj.org\/es\/wp-json\/wp\/v2\/posts"}],"about":[{"href":"https:\/\/www.iemj.org\/es\/wp-json\/wp\/v2\/types\/post"}],"author":[{"embeddable":true,"href":"https:\/\/www.iemj.org\/es\/wp-json\/wp\/v2\/users\/1045"}],"replies":[{"embeddable":true,"href":"https:\/\/www.iemj.org\/es\/wp-json\/wp\/v2\/comments?post=72563"}],"version-history":[{"count":0,"href":"https:\/\/www.iemj.org\/es\/wp-json\/wp\/v2\/posts\/72563\/revisions"}],"wp:featuredmedia":[{"embeddable":true,"href":"https:\/\/www.iemj.org\/es\/wp-json\/wp\/v2\/media\/72564"}],"wp:attachment":[{"href":"https:\/\/www.iemj.org\/es\/wp-json\/wp\/v2\/media?parent=72563"}],"wp:term":[{"taxonomy":"category","embeddable":true,"href":"https:\/\/www.iemj.org\/es\/wp-json\/wp\/v2\/categories?post=72563"},{"taxonomy":"post_tag","embeddable":true,"href":"https:\/\/www.iemj.org\/es\/wp-json\/wp\/v2\/tags?post=72563"},{"taxonomy":"technique","embeddable":true,"href":"https:\/\/www.iemj.org\/es\/wp-json\/wp\/v2\/technique?post=72563"},{"taxonomy":"squelettes","embeddable":true,"href":"https:\/\/www.iemj.org\/es\/wp-json\/wp\/v2\/squelettes?post=72563"},{"taxonomy":"sujet","embeddable":true,"href":"https:\/\/www.iemj.org\/es\/wp-json\/wp\/v2\/sujet?post=72563"},{"taxonomy":"formation","embeddable":true,"href":"https:\/\/www.iemj.org\/es\/wp-json\/wp\/v2\/formation?post=72563"},{"taxonomy":"genre","embeddable":true,"href":"https:\/\/www.iemj.org\/es\/wp-json\/wp\/v2\/genre?post=72563"},{"taxonomy":"fonds","embeddable":true,"href":"https:\/\/www.iemj.org\/es\/wp-json\/wp\/v2\/fonds?post=72563"},{"taxonomy":"tradition","embeddable":true,"href":"https:\/\/www.iemj.org\/es\/wp-json\/wp\/v2\/tradition?post=72563"},{"taxonomy":"type-de-contenu","embeddable":true,"href":"https:\/\/www.iemj.org\/es\/wp-json\/wp\/v2\/type-de-contenu?post=72563"},{"taxonomy":"interprete-compositeur","embeddable":true,"href":"https:\/\/www.iemj.org\/es\/wp-json\/wp\/v2\/interprete-compositeur?post=72563"},{"taxonomy":"frise","embeddable":true,"href":"https:\/\/www.iemj.org\/es\/wp-json\/wp\/v2\/frise?post=72563"},{"taxonomy":"type-devenement","embeddable":true,"href":"https:\/\/www.iemj.org\/es\/wp-json\/wp\/v2\/type-devenement?post=72563"},{"taxonomy":"tableaux-liens-externes","embeddable":true,"href":"https:\/\/www.iemj.org\/es\/wp-json\/wp\/v2\/tableaux-liens-externes?post=72563"}],"curies":[{"name":"wp","href":"https:\/\/api.w.org\/{rel}","templated":true}]}}